{"id":247823,"date":"2024-05-29T17:23:50","date_gmt":"2024-05-29T20:23:50","guid":{"rendered":"https:\/\/franciscanos.org.br\/noticias\/?p=247823"},"modified":"2024-06-04T16:17:40","modified_gmt":"2024-06-04T19:17:40","slug":"trezena-abre-preparacao-para-festa-de-santo-antonio","status":"publish","type":"post","link":"https:\/\/franciscanos.org.br\/noticias\/trezena-abre-preparacao-para-festa-de-santo-antonio.html","title":{"rendered":"Trezena abre prepara\u00e7\u00e3o para Festa de Santo Ant\u00f4nio"},"content":{"rendered":"<p><img loading=\"lazy\" class=\"wp-image-247824 size-full aligncenter\" src=\"https:\/\/franciscanos.org.br\/noticias\/wp-content\/uploads\/2024\/05\/WhatsApp-Image-2024-05-29-at-17.07.41.jpeg\" alt=\"\" width=\"1280\" height=\"720\" srcset=\"https:\/\/franciscanos.org.br\/noticias\/wp-content\/uploads\/2024\/05\/WhatsApp-Image-2024-05-29-at-17.07.41.jpeg 1280w, https:\/\/franciscanos.org.br\/noticias\/wp-content\/uploads\/2024\/05\/WhatsApp-Image-2024-05-29-at-17.07.41-450x253.jpeg 450w, https:\/\/franciscanos.org.br\/noticias\/wp-content\/uploads\/2024\/05\/WhatsApp-Image-2024-05-29-at-17.07.41-1024x576.jpeg 1024w, https:\/\/franciscanos.org.br\/noticias\/wp-content\/uploads\/2024\/05\/WhatsApp-Image-2024-05-29-at-17.07.41-768x432.jpeg 768w, https:\/\/franciscanos.org.br\/noticias\/wp-content\/uploads\/2024\/05\/WhatsApp-Image-2024-05-29-at-17.07.41-150x84.jpeg 150w\" sizes=\"(max-width: 1280px) 100vw, 1280px\" \/><\/p>\n<p>As festividades do santo mais popular do Brasil come\u00e7am a envolver os devotos, que esperam pelo in\u00edcio da Trezena de Santo Ant\u00f4nio. De norte a sul do Brasil as celebra\u00e7\u00f5es em louvor ao padroeiro dos casamentos mobilizam fi\u00e9is que buscam viver intensamente os momentos de ora\u00e7\u00f5es e reflex\u00f5es.<\/p>\n<p>Dentro da cultura popular, Santo Ant\u00f4nio enche de sabores as quermesses das festas das par\u00f3quias que o tem como padroeiro. Uma das tradi\u00e7\u00f5es nas igrejas \u00e9 a distribui\u00e7\u00e3o dos p\u00e3es, gesto inspirado na a\u00e7\u00e3o do santo que distribu\u00eda e compartilhava os seus bens como forma de manifestar seu amor ao pr\u00f3ximo. Outra tradi\u00e7\u00e3o \u00e9 o bolo do santo, quitute muito aguardado pelos frequentadores das festas.<\/p>\n<p>Replicar os gestos de Santo Ant\u00f4nio e os ensinamentos deixados por esse santo franciscano, tamb\u00e9m mostra a for\u00e7a da f\u00e9 do povo, pois sua caminhada religiosa foi marcada pelo carisma e a espiritualidade franciscana, o que inspira seus devotos.<\/p>\n<p>A Prov\u00edncia Franciscana da Imaculada Concei\u00e7\u00e3o do Brasil concentra grande parte dos festejos dedicados ao santo. S\u00e3o mais de 12 localidades que, nesta sexta-feira (31), dar\u00e3o in\u00edcio \u00e0 Trezena de Santo Ant\u00f4nio. Cidades como S\u00e3o Paulo, Bauru (SP)<strong>, <\/strong>Sorocaba (SP), Rio de Janeiro, Petr\u00f3polis (RJ), Niter\u00f3i (RJ), Vila Velha (ES), Curitiba (PR), Florian\u00f3polis (SC), Xaxim(SC) e Conc\u00f3rdia (SC), j\u00e1 est\u00e3o com a programa\u00e7\u00e3o religiosa e festiva mais que preparadas \u00b4para acolher o povo e cumprir com a miss\u00e3o evangelizadora.<\/p>\n<p>Em alguns lugares, como em Sorocaba, a Par\u00f3quia Santo Ant\u00f4nio deu in\u00edcio aos festejos, que est\u00e3o completando 68 anos, no dia 11 de maio, com a tradicional quermesse.<\/p>\n<p>As Trezenas e Festas de S\u00e3o Santo Ant\u00f4nio representam uma tradi\u00e7\u00e3o antiga na vida dos frades e da Prov\u00edncia. No contexto provincial, a festividade mais antiga \u00e9 a do Convento Santo Ant\u00f4nio do Largo da Carioca, no Rio de Janeiro, que j\u00e1 est\u00e1 em sua 342\u00aa edi\u00e7\u00e3o.<\/p>\n<p><strong>Selo Santo Ant\u00f4nio Solid\u00e1rio<\/strong><\/p>\n<p>Este ano, al\u00e9m da trezena, celebra\u00e7\u00f5es e as quermesses, a Prov\u00edncia da Imaculada tamb\u00e9m est\u00e1 transformando os momentos de louvor ao santo franciscano numa oportunidade de exerc\u00edcio da solidariedade com os pobres, com a inclus\u00e3o do Selo Santo Ant\u00f4nio Solid\u00e1rio, uma iniciativa do Secretariado para a Evangeliza\u00e7\u00e3o.<\/p>\n<p>A proposta, dentro de cada programa\u00e7\u00e3o espec\u00edfica, \u00e9 definir a destina\u00e7\u00e3o de determinado valor ou percentual arrecadado em prol de uma a\u00e7\u00e3o espec\u00edfica de partilha com os necessitados.<\/p>\n<p>De acordo com o Secret\u00e1rio para a Evangeliza\u00e7\u00e3o, Frei Gustavo Medella, a iniciativa tem como objetivo destacar o carinho e a aten\u00e7\u00e3o com os pobres e fragilizados como compromisso fundamental da miss\u00e3o evangelizadora dos frades. \u201cAl\u00e9m de ser um homem de profunda generosidade, Santo Ant\u00f4nio deve continuar nos inspirando neste compromisso com os mais sofridos de nosso tempo. O esp\u00edrito de partilha provocado por esta iniciativa do Selo Santo Ant\u00f4nio Solid\u00e1rio \u00e9 oportunidade valiosa para crescermos na generosidade, despertando o mesmo sentimento nos milhares de fi\u00e9is devotos que v\u00eam celebrar conosco em nossas fraternidades\u201d, destaca o frade<\/p>\n<p>Os valores arrecadados a partir do Selo Santo Ant\u00f4nio Solid\u00e1rio ser\u00e3o destinados localmente pelas pr\u00f3prias fraternidades a uma a\u00e7\u00e3o solid\u00e1ria que seja express\u00e3o do compromisso com a causa da partilha e da promo\u00e7\u00e3o da vida.<\/p>\n<p>&nbsp;<\/p>\n<hr \/>\n<p><em>Adriana Rabelo. Colabora\u00e7\u00e3o: Equipe de Comunica\u00e7\u00e3o- Convento Santo\u00a0Ant\u00f4nio do Largo da Carioca<\/em><\/p>\n<p><strong>Saiba onde est\u00e3o as festas de Santo Ant\u00f4nio na Prov\u00edncia da Imaculada:<\/strong><\/p>\n\n\t\t<style type=\"text\/css\">\n\t\t\t#gallery-1 {\n\t\t\t\tmargin: auto;\n\t\t\t}\n\t\t\t#gallery-1 .gallery-item {\n\t\t\t\tfloat: left;\n\t\t\t\tmargin-top: 10px;\n\t\t\t\ttext-align: center;\n\t\t\t\twidth: 33%;\n\t\t\t}\n\t\t\t#gallery-1 img {\n\t\t\t\tborder: 2px solid #cfcfcf;\n\t\t\t}\n\t\t\t#gallery-1 .gallery-caption {\n\t\t\t\tmargin-left: 0;\n\t\t\t}\n\t\t\t\/* see gallery_shortcode() in wp-includes\/media.php *\/\n\t\t<\/style>\n\t\t<div id='gallery-1' class='gallery galleryid-247823 gallery-columns-3 gallery-size-medium'><dl class='gallery-item'>\n\t\t\t<dt class='gallery-icon portrait'>\n\t\t\t\t<a href='https:\/\/franciscanos.org.br\/noticias\/wp-content\/uploads\/2024\/05\/WhatsApp-Image-2024-05-29-at-16.32.59.jpeg'><img width=\"310\" height=\"450\" src=\"https:\/\/franciscanos.org.br\/noticias\/wp-content\/uploads\/2024\/05\/WhatsApp-Image-2024-05-29-at-16.32.59-310x450.jpeg\" class=\"attachment-medium size-medium\" alt=\"\" loading=\"lazy\" srcset=\"https:\/\/franciscanos.org.br\/noticias\/wp-content\/uploads\/2024\/05\/WhatsApp-Image-2024-05-29-at-16.32.59-310x450.jpeg 310w, https:\/\/franciscanos.org.br\/noticias\/wp-content\/uploads\/2024\/05\/WhatsApp-Image-2024-05-29-at-16.32.59-705x1024.jpeg 705w, https:\/\/franciscanos.org.br\/noticias\/wp-content\/uploads\/2024\/05\/WhatsApp-Image-2024-05-29-at-16.32.59-768x1115.jpeg 768w, https:\/\/franciscanos.org.br\/noticias\/wp-content\/uploads\/2024\/05\/WhatsApp-Image-2024-05-29-at-16.32.59-1058x1536.jpeg 1058w, https:\/\/franciscanos.org.br\/noticias\/wp-content\/uploads\/2024\/05\/WhatsApp-Image-2024-05-29-at-16.32.59-150x218.jpeg 150w, https:\/\/franciscanos.org.br\/noticias\/wp-content\/uploads\/2024\/05\/WhatsApp-Image-2024-05-29-at-16.32.59.jpeg 1102w\" sizes=\"(max-width: 310px) 100vw, 310px\" \/><\/a>\n\t\t\t<\/dt><\/dl><dl class='gallery-item'>\n\t\t\t<dt class='gallery-icon landscape'>\n\t\t\t\t<a href='https:\/\/franciscanos.org.br\/noticias\/wp-content\/uploads\/2024\/05\/trezena-de-Santo-Antonio_-3-1.png'><img width=\"450\" height=\"450\" src=\"https:\/\/franciscanos.org.br\/noticias\/wp-content\/uploads\/2024\/05\/trezena-de-Santo-Antonio_-3-1-450x450.png\" class=\"attachment-medium size-medium\" alt=\"\" loading=\"lazy\" srcset=\"https:\/\/franciscanos.org.br\/noticias\/wp-content\/uploads\/2024\/05\/trezena-de-Santo-Antonio_-3-1-450x450.png 450w, https:\/\/franciscanos.org.br\/noticias\/wp-content\/uploads\/2024\/05\/trezena-de-Santo-Antonio_-3-1-1024x1024.png 1024w, https:\/\/franciscanos.org.br\/noticias\/wp-content\/uploads\/2024\/05\/trezena-de-Santo-Antonio_-3-1-300x300.png 300w, https:\/\/franciscanos.org.br\/noticias\/wp-content\/uploads\/2024\/05\/trezena-de-Santo-Antonio_-3-1-768x768.png 768w, https:\/\/franciscanos.org.br\/noticias\/wp-content\/uploads\/2024\/05\/trezena-de-Santo-Antonio_-3-1-150x150.png 150w, https:\/\/franciscanos.org.br\/noticias\/wp-content\/uploads\/2024\/05\/trezena-de-Santo-Antonio_-3-1-100x100.png 100w, https:\/\/franciscanos.org.br\/noticias\/wp-content\/uploads\/2024\/05\/trezena-de-Santo-Antonio_-3-1.png 1080w\" sizes=\"(max-width: 450px) 100vw, 450px\" \/><\/a>\n\t\t\t<\/dt><\/dl><dl class='gallery-item'>\n\t\t\t<dt class='gallery-icon portrait'>\n\t\t\t\t<a href='https:\/\/franciscanos.org.br\/noticias\/wp-content\/uploads\/2024\/05\/Camiseta-2-1_page-0001-scaled.jpg'><img width=\"318\" height=\"450\" src=\"https:\/\/franciscanos.org.br\/noticias\/wp-content\/uploads\/2024\/05\/Camiseta-2-1_page-0001-318x450.jpg\" class=\"attachment-medium size-medium\" alt=\"\" loading=\"lazy\" srcset=\"https:\/\/franciscanos.org.br\/noticias\/wp-content\/uploads\/2024\/05\/Camiseta-2-1_page-0001-318x450.jpg 318w, https:\/\/franciscanos.org.br\/noticias\/wp-content\/uploads\/2024\/05\/Camiseta-2-1_page-0001-724x1024.jpg 724w, https:\/\/franciscanos.org.br\/noticias\/wp-content\/uploads\/2024\/05\/Camiseta-2-1_page-0001-768x1086.jpg 768w, https:\/\/franciscanos.org.br\/noticias\/wp-content\/uploads\/2024\/05\/Camiseta-2-1_page-0001-1086x1536.jpg 1086w, https:\/\/franciscanos.org.br\/noticias\/wp-content\/uploads\/2024\/05\/Camiseta-2-1_page-0001-1448x2048.jpg 1448w, https:\/\/franciscanos.org.br\/noticias\/wp-content\/uploads\/2024\/05\/Camiseta-2-1_page-0001-150x212.jpg 150w, https:\/\/franciscanos.org.br\/noticias\/wp-content\/uploads\/2024\/05\/Camiseta-2-1_page-0001-scaled.jpg 1357w\" sizes=\"(max-width: 318px) 100vw, 318px\" \/><\/a>\n\t\t\t<\/dt><\/dl><br style=\"clear: both\" \/><dl class='gallery-item'>\n\t\t\t<dt class='gallery-icon portrait'>\n\t\t\t\t<a href='https:\/\/franciscanos.org.br\/noticias\/wp-content\/uploads\/2024\/05\/WhatsApp-Image-2024-05-27-at-13.06.27-1.jpeg'><img width=\"360\" height=\"450\" src=\"https:\/\/franciscanos.org.br\/noticias\/wp-content\/uploads\/2024\/05\/WhatsApp-Image-2024-05-27-at-13.06.27-1-360x450.jpeg\" class=\"attachment-medium size-medium\" alt=\"\" loading=\"lazy\" srcset=\"https:\/\/franciscanos.org.br\/noticias\/wp-content\/uploads\/2024\/05\/WhatsApp-Image-2024-05-27-at-13.06.27-1-360x450.jpeg 360w, https:\/\/franciscanos.org.br\/noticias\/wp-content\/uploads\/2024\/05\/WhatsApp-Image-2024-05-27-at-13.06.27-1-819x1024.jpeg 819w, https:\/\/franciscanos.org.br\/noticias\/wp-content\/uploads\/2024\/05\/WhatsApp-Image-2024-05-27-at-13.06.27-1-768x960.jpeg 768w, https:\/\/franciscanos.org.br\/noticias\/wp-content\/uploads\/2024\/05\/WhatsApp-Image-2024-05-27-at-13.06.27-1-150x188.jpeg 150w, https:\/\/franciscanos.org.br\/noticias\/wp-content\/uploads\/2024\/05\/WhatsApp-Image-2024-05-27-at-13.06.27-1.jpeg 1080w\" sizes=\"(max-width: 360px) 100vw, 360px\" \/><\/a>\n\t\t\t<\/dt><\/dl><dl class='gallery-item'>\n\t\t\t<dt class='gallery-icon landscape'>\n\t\t\t\t<a href='https:\/\/franciscanos.org.br\/noticias\/wp-content\/uploads\/2024\/05\/SantoAntonio2024-1.png'><img width=\"450\" height=\"377\" src=\"https:\/\/franciscanos.org.br\/noticias\/wp-content\/uploads\/2024\/05\/SantoAntonio2024-1-450x377.png\" class=\"attachment-medium size-medium\" alt=\"\" loading=\"lazy\" srcset=\"https:\/\/franciscanos.org.br\/noticias\/wp-content\/uploads\/2024\/05\/SantoAntonio2024-1-450x377.png 450w, https:\/\/franciscanos.org.br\/noticias\/wp-content\/uploads\/2024\/05\/SantoAntonio2024-1-768x644.png 768w, https:\/\/franciscanos.org.br\/noticias\/wp-content\/uploads\/2024\/05\/SantoAntonio2024-1-150x126.png 150w, https:\/\/franciscanos.org.br\/noticias\/wp-content\/uploads\/2024\/05\/SantoAntonio2024-1.png 940w\" sizes=\"(max-width: 450px) 100vw, 450px\" \/><\/a>\n\t\t\t<\/dt><\/dl>\n\t\t\t<br style='clear: both' \/>\n\t\t<\/div>\n\n","protected":false},"excerpt":{"rendered":"<p>Celebra\u00e7\u00f5es Santo Ant\u00f4nio<\/p>\n","protected":false},"author":11,"featured_media":248052,"comment_status":"open","ping_status":"open","sticky":false,"template":"","format":"standard","meta":[],"categories":[1],"tags":[2220],"acf":[],"yoast_head":"<!-- This site is optimized with the Yoast SEO plugin v19.2 - https:\/\/yoast.com\/wordpress\/plugins\/seo\/ -->\n<title>Trezena abre prepara\u00e7\u00e3o para Festa de Santo Ant\u00f4nio - Not\u00edcias - Franciscanos<\/title>\n<meta name=\"robots\" content=\"index, follow, max-snippet:-1, max-image-preview:large, max-video-preview:-1\" \/>\n<link rel=\"canonical\" href=\"https:\/\/franciscanos.org.br\/noticias\/trezena-abre-preparacao-para-festa-de-santo-antonio.html\" \/>\n<meta property=\"og:locale\" content=\"pt_BR\" \/>\n<meta property=\"og:type\" content=\"article\" \/>\n<meta property=\"og:title\" content=\"Trezena abre prepara\u00e7\u00e3o para Festa de Santo Ant\u00f4nio - Not\u00edcias - Franciscanos\" \/>\n<meta property=\"og:description\" content=\"Celebra\u00e7\u00f5es Santo Ant\u00f4nio\" \/>\n<meta property=\"og:url\" content=\"https:\/\/franciscanos.org.br\/noticias\/trezena-abre-preparacao-para-festa-de-santo-antonio.html\" \/>\n<meta property=\"og:site_name\" content=\"Not\u00edcias - Franciscanos\" \/>\n<meta property=\"article:published_time\" content=\"2024-05-29T20:23:50+00:00\" \/>\n<meta property=\"article:modified_time\" content=\"2024-06-04T19:17:40+00:00\" \/>\n<meta property=\"og:image\" content=\"https:\/\/franciscanos.org.br\/noticias\/wp-content\/uploads\/2024\/05\/dentro-do-site-2.jpg\" \/>\n\t<meta property=\"og:image:width\" content=\"1280\" \/>\n\t<meta property=\"og:image:height\" content=\"720\" \/>\n\t<meta property=\"og:image:type\" content=\"image\/jpeg\" \/>\n<meta name=\"author\" content=\"Adriana Rabelo\" \/>\n<meta name=\"twitter:card\" content=\"summary_large_image\" \/>\n<meta name=\"twitter:label1\" content=\"Escrito por\" \/>\n\t<meta name=\"twitter:data1\" content=\"Adriana Rabelo\" \/>\n\t<meta name=\"twitter:label2\" content=\"Est. tempo de leitura\" \/>\n\t<meta name=\"twitter:data2\" content=\"3 minutos\" \/>\n<script type=\"application\/ld+json\" class=\"yoast-schema-graph\">{\"@context\":\"https:\/\/schema.org\",\"@graph\":[{\"@type\":\"WebSite\",\"@id\":\"https:\/\/franciscanos.org.br\/noticias\/#website\",\"url\":\"https:\/\/franciscanos.org.br\/noticias\/\",\"name\":\"Not\u00edcias - Franciscanos\",\"description\":\"Prov\u00edncia Franciscana da Imaculada Concei\u00e7\u00e3o do Brasil - Ordem dos Frades Menores - OFM\",\"potentialAction\":[{\"@type\":\"SearchAction\",\"target\":{\"@type\":\"EntryPoint\",\"urlTemplate\":\"https:\/\/franciscanos.org.br\/noticias\/?s={search_term_string}\"},\"query-input\":\"required name=search_term_string\"}],\"inLanguage\":\"pt-BR\"},{\"@type\":\"ImageObject\",\"inLanguage\":\"pt-BR\",\"@id\":\"https:\/\/franciscanos.org.br\/noticias\/trezena-abre-preparacao-para-festa-de-santo-antonio.html#primaryimage\",\"url\":\"https:\/\/franciscanos.org.br\/noticias\/wp-content\/uploads\/2024\/05\/dentro-do-site-2.jpg\",\"contentUrl\":\"https:\/\/franciscanos.org.br\/noticias\/wp-content\/uploads\/2024\/05\/dentro-do-site-2.jpg\",\"width\":1280,\"height\":720},{\"@type\":\"WebPage\",\"@id\":\"https:\/\/franciscanos.org.br\/noticias\/trezena-abre-preparacao-para-festa-de-santo-antonio.html#webpage\",\"url\":\"https:\/\/franciscanos.org.br\/noticias\/trezena-abre-preparacao-para-festa-de-santo-antonio.html\",\"name\":\"Trezena abre prepara\u00e7\u00e3o para Festa de Santo Ant\u00f4nio - Not\u00edcias - Franciscanos\",\"isPartOf\":{\"@id\":\"https:\/\/franciscanos.org.br\/noticias\/#website\"},\"primaryImageOfPage\":{\"@id\":\"https:\/\/franciscanos.org.br\/noticias\/trezena-abre-preparacao-para-festa-de-santo-antonio.html#primaryimage\"},\"datePublished\":\"2024-05-29T20:23:50+00:00\",\"dateModified\":\"2024-06-04T19:17:40+00:00\",\"author\":{\"@id\":\"https:\/\/franciscanos.org.br\/noticias\/#\/schema\/person\/d9422e83121c3ad3b0f423d195f5bb25\"},\"breadcrumb\":{\"@id\":\"https:\/\/franciscanos.org.br\/noticias\/trezena-abre-preparacao-para-festa-de-santo-antonio.html#breadcrumb\"},\"inLanguage\":\"pt-BR\",\"potentialAction\":[{\"@type\":\"ReadAction\",\"target\":[\"https:\/\/franciscanos.org.br\/noticias\/trezena-abre-preparacao-para-festa-de-santo-antonio.html\"]}]},{\"@type\":\"BreadcrumbList\",\"@id\":\"https:\/\/franciscanos.org.br\/noticias\/trezena-abre-preparacao-para-festa-de-santo-antonio.html#breadcrumb\",\"itemListElement\":[{\"@type\":\"ListItem\",\"position\":1,\"name\":\"Home\",\"item\":\"https:\/\/franciscanos.org.br\/noticias\"},{\"@type\":\"ListItem\",\"position\":2,\"name\":\"Trezena abre prepara\u00e7\u00e3o para Festa de Santo Ant\u00f4nio\"}]},{\"@type\":\"Person\",\"@id\":\"https:\/\/franciscanos.org.br\/noticias\/#\/schema\/person\/d9422e83121c3ad3b0f423d195f5bb25\",\"name\":\"Adriana Rabelo\",\"image\":{\"@type\":\"ImageObject\",\"inLanguage\":\"pt-BR\",\"@id\":\"https:\/\/franciscanos.org.br\/noticias\/#\/schema\/person\/image\/\",\"url\":\"https:\/\/secure.gravatar.com\/avatar\/0a937b7500cd7df77540cfb8bede877d?s=96&d=mm&r=g\",\"contentUrl\":\"https:\/\/secure.gravatar.com\/avatar\/0a937b7500cd7df77540cfb8bede877d?s=96&d=mm&r=g\",\"caption\":\"Adriana Rabelo\"},\"url\":\"https:\/\/franciscanos.org.br\/noticias\/author\/adrianarabelo\"}]}<\/script>\n<!-- \/ Yoast SEO plugin. -->","yoast_head_json":{"title":"Trezena abre prepara\u00e7\u00e3o para Festa de Santo Ant\u00f4nio - Not\u00edcias - Franciscanos","robots":{"index":"index","follow":"follow","max-snippet":"max-snippet:-1","max-image-preview":"max-image-preview:large","max-video-preview":"max-video-preview:-1"},"canonical":"https:\/\/franciscanos.org.br\/noticias\/trezena-abre-preparacao-para-festa-de-santo-antonio.html","og_locale":"pt_BR","og_type":"article","og_title":"Trezena abre prepara\u00e7\u00e3o para Festa de Santo Ant\u00f4nio - Not\u00edcias - Franciscanos","og_description":"Celebra\u00e7\u00f5es Santo Ant\u00f4nio","og_url":"https:\/\/franciscanos.org.br\/noticias\/trezena-abre-preparacao-para-festa-de-santo-antonio.html","og_site_name":"Not\u00edcias - Franciscanos","article_published_time":"2024-05-29T20:23:50+00:00","article_modified_time":"2024-06-04T19:17:40+00:00","og_image":[{"width":1280,"height":720,"url":"https:\/\/franciscanos.org.br\/noticias\/wp-content\/uploads\/2024\/05\/dentro-do-site-2.jpg","type":"image\/jpeg"}],"author":"Adriana Rabelo","twitter_card":"summary_large_image","twitter_misc":{"Escrito por":"Adriana Rabelo","Est. tempo de leitura":"3 minutos"},"schema":{"@context":"https:\/\/schema.org","@graph":[{"@type":"WebSite","@id":"https:\/\/franciscanos.org.br\/noticias\/#website","url":"https:\/\/franciscanos.org.br\/noticias\/","name":"Not\u00edcias - Franciscanos","description":"Prov\u00edncia Franciscana da Imaculada Concei\u00e7\u00e3o do Brasil - Ordem dos Frades Menores - OFM","potentialAction":[{"@type":"SearchAction","target":{"@type":"EntryPoint","urlTemplate":"https:\/\/franciscanos.org.br\/noticias\/?s={search_term_string}"},"query-input":"required name=search_term_string"}],"inLanguage":"pt-BR"},{"@type":"ImageObject","inLanguage":"pt-BR","@id":"https:\/\/franciscanos.org.br\/noticias\/trezena-abre-preparacao-para-festa-de-santo-antonio.html#primaryimage","url":"https:\/\/franciscanos.org.br\/noticias\/wp-content\/uploads\/2024\/05\/dentro-do-site-2.jpg","contentUrl":"https:\/\/franciscanos.org.br\/noticias\/wp-content\/uploads\/2024\/05\/dentro-do-site-2.jpg","width":1280,"height":720},{"@type":"WebPage","@id":"https:\/\/franciscanos.org.br\/noticias\/trezena-abre-preparacao-para-festa-de-santo-antonio.html#webpage","url":"https:\/\/franciscanos.org.br\/noticias\/trezena-abre-preparacao-para-festa-de-santo-antonio.html","name":"Trezena abre prepara\u00e7\u00e3o para Festa de Santo Ant\u00f4nio - Not\u00edcias - Franciscanos","isPartOf":{"@id":"https:\/\/franciscanos.org.br\/noticias\/#website"},"primaryImageOfPage":{"@id":"https:\/\/franciscanos.org.br\/noticias\/trezena-abre-preparacao-para-festa-de-santo-antonio.html#primaryimage"},"datePublished":"2024-05-29T20:23:50+00:00","dateModified":"2024-06-04T19:17:40+00:00","author":{"@id":"https:\/\/franciscanos.org.br\/noticias\/#\/schema\/person\/d9422e83121c3ad3b0f423d195f5bb25"},"breadcrumb":{"@id":"https:\/\/franciscanos.org.br\/noticias\/trezena-abre-preparacao-para-festa-de-santo-antonio.html#breadcrumb"},"inLanguage":"pt-BR","potentialAction":[{"@type":"ReadAction","target":["https:\/\/franciscanos.org.br\/noticias\/trezena-abre-preparacao-para-festa-de-santo-antonio.html"]}]},{"@type":"BreadcrumbList","@id":"https:\/\/franciscanos.org.br\/noticias\/trezena-abre-preparacao-para-festa-de-santo-antonio.html#breadcrumb","itemListElement":[{"@type":"ListItem","position":1,"name":"Home","item":"https:\/\/franciscanos.org.br\/noticias"},{"@type":"ListItem","position":2,"name":"Trezena abre prepara\u00e7\u00e3o para Festa de Santo Ant\u00f4nio"}]},{"@type":"Person","@id":"https:\/\/franciscanos.org.br\/noticias\/#\/schema\/person\/d9422e83121c3ad3b0f423d195f5bb25","name":"Adriana Rabelo","image":{"@type":"ImageObject","inLanguage":"pt-BR","@id":"https:\/\/franciscanos.org.br\/noticias\/#\/schema\/person\/image\/","url":"https:\/\/secure.gravatar.com\/avatar\/0a937b7500cd7df77540cfb8bede877d?s=96&d=mm&r=g","contentUrl":"https:\/\/secure.gravatar.com\/avatar\/0a937b7500cd7df77540cfb8bede877d?s=96&d=mm&r=g","caption":"Adriana Rabelo"},"url":"https:\/\/franciscanos.org.br\/noticias\/author\/adrianarabelo"}]}},"_links":{"self":[{"href":"https:\/\/franciscanos.org.br\/noticias\/wp-json\/wp\/v2\/posts\/247823"}],"collection":[{"href":"https:\/\/franciscanos.org.br\/noticias\/wp-json\/wp\/v2\/posts"}],"about":[{"href":"https:\/\/franciscanos.org.br\/noticias\/wp-json\/wp\/v2\/types\/post"}],"author":[{"embeddable":true,"href":"https:\/\/franciscanos.org.br\/noticias\/wp-json\/wp\/v2\/users\/11"}],"replies":[{"embeddable":true,"href":"https:\/\/franciscanos.org.br\/noticias\/wp-json\/wp\/v2\/comments?post=247823"}],"version-history":[{"count":4,"href":"https:\/\/franciscanos.org.br\/noticias\/wp-json\/wp\/v2\/posts\/247823\/revisions"}],"predecessor-version":[{"id":247921,"href":"https:\/\/franciscanos.org.br\/noticias\/wp-json\/wp\/v2\/posts\/247823\/revisions\/247921"}],"wp:featuredmedia":[{"embeddable":true,"href":"https:\/\/franciscanos.org.br\/noticias\/wp-json\/wp\/v2\/media\/248052"}],"wp:attachment":[{"href":"https:\/\/franciscanos.org.br\/noticias\/wp-json\/wp\/v2\/media?parent=247823"}],"wp:term":[{"taxonomy":"category","embeddable":true,"href":"https:\/\/franciscanos.org.br\/noticias\/wp-json\/wp\/v2\/categories?post=247823"},{"taxonomy":"post_tag","embeddable":true,"href":"https:\/\/franciscanos.org.br\/noticias\/wp-json\/wp\/v2\/tags?post=247823"}],"curies":[{"name":"wp","href":"https:\/\/api.w.org\/{rel}","templated":true}]}}