{"id":247800,"date":"2024-05-29T09:31:08","date_gmt":"2024-05-29T12:31:08","guid":{"rendered":"https:\/\/franciscanos.org.br\/noticias\/?p=247800"},"modified":"2024-06-03T11:43:37","modified_gmt":"2024-06-03T14:43:37","slug":"romaria-do-terco-dos-homens-encerra-homenagens-a-nossa-senhora-da-penha","status":"publish","type":"post","link":"https:\/\/franciscanos.org.br\/noticias\/romaria-do-terco-dos-homens-encerra-homenagens-a-nossa-senhora-da-penha.html","title":{"rendered":"Romaria do Ter\u00e7o dos homens encerra homenagens a Nossa Senhora da Penha"},"content":{"rendered":"<p><img loading=\"lazy\" class=\"alignnone wp-image-247806 size-full\" src=\"https:\/\/franciscanos.org.br\/noticias\/wp-content\/uploads\/2024\/05\/11o-Encontro-Estadual-do-Terco-dos-Homens-ES-117-scaled.jpg\" alt=\"\" width=\"1920\" height=\"1280\" srcset=\"https:\/\/franciscanos.org.br\/noticias\/wp-content\/uploads\/2024\/05\/11o-Encontro-Estadual-do-Terco-dos-Homens-ES-117-scaled.jpg 1920w, https:\/\/franciscanos.org.br\/noticias\/wp-content\/uploads\/2024\/05\/11o-Encontro-Estadual-do-Terco-dos-Homens-ES-117-scaled-450x300.jpg 450w, https:\/\/franciscanos.org.br\/noticias\/wp-content\/uploads\/2024\/05\/11o-Encontro-Estadual-do-Terco-dos-Homens-ES-117-scaled-1024x683.jpg 1024w, https:\/\/franciscanos.org.br\/noticias\/wp-content\/uploads\/2024\/05\/11o-Encontro-Estadual-do-Terco-dos-Homens-ES-117-scaled-768x512.jpg 768w, https:\/\/franciscanos.org.br\/noticias\/wp-content\/uploads\/2024\/05\/11o-Encontro-Estadual-do-Terco-dos-Homens-ES-117-scaled-1536x1024.jpg 1536w, https:\/\/franciscanos.org.br\/noticias\/wp-content\/uploads\/2024\/05\/11o-Encontro-Estadual-do-Terco-dos-Homens-ES-117-scaled-150x100.jpg 150w\" sizes=\"(max-width: 1920px) 100vw, 1920px\" \/><\/p>\n<p>O encontro foi organizado pela coordena\u00e7\u00e3o estadual do movimento que \u00e9 um dos maiores do Regional Leste 3 da CNBB, representado por homens das 3 dioceses (Cachoeiro, Colatina e S\u00e3o Mateus) e a Arquidiocese de Vit\u00f3ria. Todas as etapas, desde as reuni\u00f5es preparat\u00f3rias, a divulga\u00e7\u00e3o, o encontro e depois a avalia\u00e7\u00e3o, tudo \u00e9 realizado por uma equipe grande de coordenadores.<\/p>\n<p>O tema e lema deste ano esteve em conson\u00e2ncia com a Romaria Nacional realizada, em fevereiro, no Santu\u00e1rio Nacional de Nossa Senhora Aparecida (SP): \u201cTer\u00e7o dos Homens: celebrar a Palavra de Deus na Casa da M\u00e3e\u201d- \u201cTua Palavra \u00e9 luz do meu caminho\u201d (Salmos 119)<img loading=\"lazy\" class=\"size-medium wp-image-247805 alignleft\" src=\"https:\/\/franciscanos.org.br\/noticias\/wp-content\/uploads\/2024\/05\/11o-Encontro-Estadual-do-Terco-dos-Homens-ES-111-450x300.jpg\" alt=\"\" width=\"450\" height=\"300\" srcset=\"https:\/\/franciscanos.org.br\/noticias\/wp-content\/uploads\/2024\/05\/11o-Encontro-Estadual-do-Terco-dos-Homens-ES-111-450x300.jpg 450w, https:\/\/franciscanos.org.br\/noticias\/wp-content\/uploads\/2024\/05\/11o-Encontro-Estadual-do-Terco-dos-Homens-ES-111-1024x683.jpg 1024w, https:\/\/franciscanos.org.br\/noticias\/wp-content\/uploads\/2024\/05\/11o-Encontro-Estadual-do-Terco-dos-Homens-ES-111-768x512.jpg 768w, https:\/\/franciscanos.org.br\/noticias\/wp-content\/uploads\/2024\/05\/11o-Encontro-Estadual-do-Terco-dos-Homens-ES-111-1536x1024.jpg 1536w, https:\/\/franciscanos.org.br\/noticias\/wp-content\/uploads\/2024\/05\/11o-Encontro-Estadual-do-Terco-dos-Homens-ES-111-2048x1365.jpg 2048w, https:\/\/franciscanos.org.br\/noticias\/wp-content\/uploads\/2024\/05\/11o-Encontro-Estadual-do-Terco-dos-Homens-ES-111-150x100.jpg 150w, https:\/\/franciscanos.org.br\/noticias\/wp-content\/uploads\/2024\/05\/11o-Encontro-Estadual-do-Terco-dos-Homens-ES-111-scaled.jpg 1920w\" sizes=\"(max-width: 450px) 100vw, 450px\" \/><\/p>\n<p>Os romeiros foram acolhidos pelo Frei Jorge L\u00e1zaro, na entrada do convento, onde tamb\u00e9m foi feita a entrega da guarda provis\u00f3ria da Imagem da Virgem da Penha aos homens do ter\u00e7o, pois o evento tamb\u00e9m marcou o encerramento das atividades em celebra\u00e7\u00e3o \u00e0 santa padroeira do povo capixaba.<\/p>\n<p>De l\u00e1\u00a0 a multid\u00e3o de homens seguiu em prociss\u00e3o at\u00e9 a\u00a0 igreja de Nossa Senhora do Ros\u00e1rio, uma das mais antigas do Brasil, em atividade, para um momento de Adora\u00e7\u00e3o ao Sant\u00edssimo Sacramento. O momento tamb\u00e9m foi parado por ora\u00e7\u00f5es ao povo do Rio Grande do Sul.<\/p>\n<p>O dia de intensas atividades foi encerrado com uma prociss\u00e3o pela ladeira principal do Convento da Penha, com a imagem da santa padroeira envolta pelo ter\u00e7o gigante, que sempre \u00e9 carregado pelos devotos.\u00a0 J\u00e1 no Campinho da Penha, todos acompanharam uma Santa Missa presidida por Dom Lauro S\u00e9rgio Versiani Barbosa, bispo da Diocese de Colatina-ES, e concelebrada por padres da Grande Vit\u00f3ria.<img loading=\"lazy\" class=\"size-medium wp-image-247809 alignright\" src=\"https:\/\/franciscanos.org.br\/noticias\/wp-content\/uploads\/2024\/05\/11o-Encontro-Estadual-do-Terco-dos-Homens-ES-250-450x300.jpg\" alt=\"\" width=\"450\" height=\"300\" srcset=\"https:\/\/franciscanos.org.br\/noticias\/wp-content\/uploads\/2024\/05\/11o-Encontro-Estadual-do-Terco-dos-Homens-ES-250-450x300.jpg 450w, https:\/\/franciscanos.org.br\/noticias\/wp-content\/uploads\/2024\/05\/11o-Encontro-Estadual-do-Terco-dos-Homens-ES-250-1024x683.jpg 1024w, https:\/\/franciscanos.org.br\/noticias\/wp-content\/uploads\/2024\/05\/11o-Encontro-Estadual-do-Terco-dos-Homens-ES-250-768x512.jpg 768w, https:\/\/franciscanos.org.br\/noticias\/wp-content\/uploads\/2024\/05\/11o-Encontro-Estadual-do-Terco-dos-Homens-ES-250-1536x1024.jpg 1536w, https:\/\/franciscanos.org.br\/noticias\/wp-content\/uploads\/2024\/05\/11o-Encontro-Estadual-do-Terco-dos-Homens-ES-250-2048x1365.jpg 2048w, https:\/\/franciscanos.org.br\/noticias\/wp-content\/uploads\/2024\/05\/11o-Encontro-Estadual-do-Terco-dos-Homens-ES-250-150x100.jpg 150w, https:\/\/franciscanos.org.br\/noticias\/wp-content\/uploads\/2024\/05\/11o-Encontro-Estadual-do-Terco-dos-Homens-ES-250-scaled.jpg 1920w\" sizes=\"(max-width: 450px) 100vw, 450px\" \/><\/p>\n<p>\u201cSubimos ao monte para que, na companhia da Virgem Maria, aqui invocada como Senhora da Penha, pud\u00e9ssemos hoje contemplar, meditar o mist\u00e9rio da Sant\u00edssima Trindade. Maria \u00e9 \u00edcone, \u00e9 imagem do mist\u00e9rio. Ela \u00e9 a filha predileta do Pai, ela \u00e9 a M\u00e3e do Filho de Deus, que se fez um de n\u00f3s, o nosso Redentor. Ela \u00e9 o sacr\u00e1rio do Esp\u00edrito Santo, obra prima da cria\u00e7\u00e3o, totalmente preparada para o mist\u00e9rio da nossa reden\u00e7\u00e3o. Inserida no mist\u00e9rio de Cristo e da igreja, hoje na companhia de Maria, n\u00f3s queremos contemplar o Deus amor. Hoje \u00e9 a festa do \u2018Deus Amor\u2019, porque n\u00f3s cremos em um s\u00f3 Deus o Pai, do filho que nos deu o Esp\u00edrito. Nesta solenidade da Sant\u00edssima Trindade, somos chamados com Maria, a nos alegrar com este Deus vitorioso, amoroso, que se revelou a n\u00f3s como Pai, Filho e Esp\u00edrito Santo\u201d, destacou o bispo.<\/p>\n<p>Ao final de sua fala, Dom Lauro afirmou: \u201cn\u00f3s somos embaixadores do amor de Deus. Nada de divis\u00e3o! Nada de inimizade! Nada de polariza\u00e7\u00e3o! Nada de intoler\u00e2ncia! Nada de injusti\u00e7a! Nada de ego\u00edsmo, mas comunh\u00e3o, para ter perd\u00e3o, para alegria. N\u00f3s n\u00e3o podemos perder a esperan\u00e7a, precisamos de comunh\u00e3o, fraternidade, perd\u00e3o, paz, alegria. Portanto, o verdadeiro devoto de Nossa Senhora \u00e9 um embaixador do amor misericordioso de Deus para com todos. Maria \u00e9 aquela que tem compaix\u00e3o no segmento do Cristo e as suas manifesta\u00e7\u00f5es na hist\u00f3ria sempre foram manifesta\u00e7\u00f5es com paci\u00eancia, solidariedade de ajudar as pessoas a se levantar, a entrarem num processo de convers\u00e3o, de mudan\u00e7a de vida\u2026 Que ela interceda por n\u00f3s\u201d, disse Dom Lauro.<\/p>\n<p>Frei Djalmo Fuck, Guardi\u00e3o do Convento, celebrou com alegria a presen\u00e7a de tantos devotos na Casa da M\u00e3e. \u201cEsta celebra\u00e7\u00e3o, este encontro, de alguma forma tamb\u00e9m quer ser uma express\u00e3o de tudo aquilo que n\u00f3s vivemos ao longo deste ano, na Festa da Penha e agora estamos encerrando neste m\u00eas de maio, com esta romaria ao Convento da Penha. Que voc\u00eas levem muita alegria para suas fam\u00edlias, para suas comunidades. Para n\u00f3s \u00e9 uma alegria muito grande receber voc\u00eas todos e nos exercitarmos na ora\u00e7\u00e3o t\u00e3o importante que \u00e9 o santo ter\u00e7o\u201d, agradeceu o Guardi\u00e3o da Penha.<\/p>\n<hr \/>\n<p><em>Cristian Oliveira- Convento da Penha<\/em><\/p>\n\n\t\t<style type=\"text\/css\">\n\t\t\t#gallery-1 {\n\t\t\t\tmargin: auto;\n\t\t\t}\n\t\t\t#gallery-1 .gallery-item {\n\t\t\t\tfloat: left;\n\t\t\t\tmargin-top: 10px;\n\t\t\t\ttext-align: center;\n\t\t\t\twidth: 25%;\n\t\t\t}\n\t\t\t#gallery-1 img {\n\t\t\t\tborder: 2px solid #cfcfcf;\n\t\t\t}\n\t\t\t#gallery-1 .gallery-caption {\n\t\t\t\tmargin-left: 0;\n\t\t\t}\n\t\t\t\/* see gallery_shortcode() in wp-includes\/media.php *\/\n\t\t<\/style>\n\t\t<div id='gallery-1' class='gallery galleryid-247800 gallery-columns-4 gallery-size-full'><dl class='gallery-item'>\n\t\t\t<dt class='gallery-icon landscape'>\n\t\t\t\t<a href='https:\/\/franciscanos.org.br\/noticias\/wp-content\/uploads\/2024\/05\/11o-Encontro-Estadual-do-Terco-dos-Homens-ES-12-scaled.jpg'><img width=\"1920\" height=\"1280\" src=\"https:\/\/franciscanos.org.br\/noticias\/wp-content\/uploads\/2024\/05\/11o-Encontro-Estadual-do-Terco-dos-Homens-ES-12-scaled.jpg\" class=\"attachment-full size-full\" alt=\"\" loading=\"lazy\" srcset=\"https:\/\/franciscanos.org.br\/noticias\/wp-content\/uploads\/2024\/05\/11o-Encontro-Estadual-do-Terco-dos-Homens-ES-12-scaled.jpg 1920w, https:\/\/franciscanos.org.br\/noticias\/wp-content\/uploads\/2024\/05\/11o-Encontro-Estadual-do-Terco-dos-Homens-ES-12-450x300.jpg 450w, https:\/\/franciscanos.org.br\/noticias\/wp-content\/uploads\/2024\/05\/11o-Encontro-Estadual-do-Terco-dos-Homens-ES-12-1024x683.jpg 1024w, https:\/\/franciscanos.org.br\/noticias\/wp-content\/uploads\/2024\/05\/11o-Encontro-Estadual-do-Terco-dos-Homens-ES-12-768x512.jpg 768w, https:\/\/franciscanos.org.br\/noticias\/wp-content\/uploads\/2024\/05\/11o-Encontro-Estadual-do-Terco-dos-Homens-ES-12-1536x1024.jpg 1536w, https:\/\/franciscanos.org.br\/noticias\/wp-content\/uploads\/2024\/05\/11o-Encontro-Estadual-do-Terco-dos-Homens-ES-12-2048x1365.jpg 2048w, https:\/\/franciscanos.org.br\/noticias\/wp-content\/uploads\/2024\/05\/11o-Encontro-Estadual-do-Terco-dos-Homens-ES-12-150x100.jpg 150w\" sizes=\"(max-width: 1920px) 100vw, 1920px\" \/><\/a>\n\t\t\t<\/dt><\/dl><dl class='gallery-item'>\n\t\t\t<dt class='gallery-icon landscape'>\n\t\t\t\t<a href='https:\/\/franciscanos.org.br\/noticias\/wp-content\/uploads\/2024\/05\/11o-Encontro-Estadual-do-Terco-dos-Homens-ES-79-scaled.jpg'><img width=\"1920\" height=\"1280\" src=\"https:\/\/franciscanos.org.br\/noticias\/wp-content\/uploads\/2024\/05\/11o-Encontro-Estadual-do-Terco-dos-Homens-ES-79-scaled.jpg\" class=\"attachment-full size-full\" alt=\"\" loading=\"lazy\" srcset=\"https:\/\/franciscanos.org.br\/noticias\/wp-content\/uploads\/2024\/05\/11o-Encontro-Estadual-do-Terco-dos-Homens-ES-79-scaled.jpg 1920w, https:\/\/franciscanos.org.br\/noticias\/wp-content\/uploads\/2024\/05\/11o-Encontro-Estadual-do-Terco-dos-Homens-ES-79-450x300.jpg 450w, https:\/\/franciscanos.org.br\/noticias\/wp-content\/uploads\/2024\/05\/11o-Encontro-Estadual-do-Terco-dos-Homens-ES-79-1024x683.jpg 1024w, https:\/\/franciscanos.org.br\/noticias\/wp-content\/uploads\/2024\/05\/11o-Encontro-Estadual-do-Terco-dos-Homens-ES-79-768x512.jpg 768w, https:\/\/franciscanos.org.br\/noticias\/wp-content\/uploads\/2024\/05\/11o-Encontro-Estadual-do-Terco-dos-Homens-ES-79-1536x1024.jpg 1536w, https:\/\/franciscanos.org.br\/noticias\/wp-content\/uploads\/2024\/05\/11o-Encontro-Estadual-do-Terco-dos-Homens-ES-79-2048x1365.jpg 2048w, https:\/\/franciscanos.org.br\/noticias\/wp-content\/uploads\/2024\/05\/11o-Encontro-Estadual-do-Terco-dos-Homens-ES-79-150x100.jpg 150w\" sizes=\"(max-width: 1920px) 100vw, 1920px\" \/><\/a>\n\t\t\t<\/dt><\/dl><dl class='gallery-item'>\n\t\t\t<dt class='gallery-icon landscape'>\n\t\t\t\t<a href='https:\/\/franciscanos.org.br\/noticias\/wp-content\/uploads\/2024\/05\/11o-Encontro-Estadual-do-Terco-dos-Homens-ES-96-1536x1024-1.jpg'><img width=\"1536\" height=\"1024\" src=\"https:\/\/franciscanos.org.br\/noticias\/wp-content\/uploads\/2024\/05\/11o-Encontro-Estadual-do-Terco-dos-Homens-ES-96-1536x1024-1.jpg\" class=\"attachment-full size-full\" alt=\"\" loading=\"lazy\" srcset=\"https:\/\/franciscanos.org.br\/noticias\/wp-content\/uploads\/2024\/05\/11o-Encontro-Estadual-do-Terco-dos-Homens-ES-96-1536x1024-1.jpg 1536w, https:\/\/franciscanos.org.br\/noticias\/wp-content\/uploads\/2024\/05\/11o-Encontro-Estadual-do-Terco-dos-Homens-ES-96-1536x1024-1-450x300.jpg 450w, https:\/\/franciscanos.org.br\/noticias\/wp-content\/uploads\/2024\/05\/11o-Encontro-Estadual-do-Terco-dos-Homens-ES-96-1536x1024-1-1024x683.jpg 1024w, https:\/\/franciscanos.org.br\/noticias\/wp-content\/uploads\/2024\/05\/11o-Encontro-Estadual-do-Terco-dos-Homens-ES-96-1536x1024-1-768x512.jpg 768w, https:\/\/franciscanos.org.br\/noticias\/wp-content\/uploads\/2024\/05\/11o-Encontro-Estadual-do-Terco-dos-Homens-ES-96-1536x1024-1-150x100.jpg 150w\" sizes=\"(max-width: 1536px) 100vw, 1536px\" \/><\/a>\n\t\t\t<\/dt><\/dl><dl class='gallery-item'>\n\t\t\t<dt class='gallery-icon landscape'>\n\t\t\t\t<a href='https:\/\/franciscanos.org.br\/noticias\/wp-content\/uploads\/2024\/05\/11o-Encontro-Estadual-do-Terco-dos-Homens-ES-117-scaled.jpg'><img width=\"1920\" height=\"1280\" src=\"https:\/\/franciscanos.org.br\/noticias\/wp-content\/uploads\/2024\/05\/11o-Encontro-Estadual-do-Terco-dos-Homens-ES-117-scaled.jpg\" class=\"attachment-full size-full\" alt=\"\" loading=\"lazy\" srcset=\"https:\/\/franciscanos.org.br\/noticias\/wp-content\/uploads\/2024\/05\/11o-Encontro-Estadual-do-Terco-dos-Homens-ES-117-scaled.jpg 1920w, https:\/\/franciscanos.org.br\/noticias\/wp-content\/uploads\/2024\/05\/11o-Encontro-Estadual-do-Terco-dos-Homens-ES-117-scaled-450x300.jpg 450w, https:\/\/franciscanos.org.br\/noticias\/wp-content\/uploads\/2024\/05\/11o-Encontro-Estadual-do-Terco-dos-Homens-ES-117-scaled-1024x683.jpg 1024w, https:\/\/franciscanos.org.br\/noticias\/wp-content\/uploads\/2024\/05\/11o-Encontro-Estadual-do-Terco-dos-Homens-ES-117-scaled-768x512.jpg 768w, https:\/\/franciscanos.org.br\/noticias\/wp-content\/uploads\/2024\/05\/11o-Encontro-Estadual-do-Terco-dos-Homens-ES-117-scaled-1536x1024.jpg 1536w, https:\/\/franciscanos.org.br\/noticias\/wp-content\/uploads\/2024\/05\/11o-Encontro-Estadual-do-Terco-dos-Homens-ES-117-scaled-150x100.jpg 150w\" sizes=\"(max-width: 1920px) 100vw, 1920px\" \/><\/a>\n\t\t\t<\/dt><\/dl><br style=\"clear: both\" \/><dl class='gallery-item'>\n\t\t\t<dt class='gallery-icon landscape'>\n\t\t\t\t<a href='https:\/\/franciscanos.org.br\/noticias\/wp-content\/uploads\/2024\/05\/11o-Encontro-Estadual-do-Terco-dos-Homens-ES-132-scaled.jpg'><img width=\"1920\" height=\"1280\" src=\"https:\/\/franciscanos.org.br\/noticias\/wp-content\/uploads\/2024\/05\/11o-Encontro-Estadual-do-Terco-dos-Homens-ES-132-scaled.jpg\" class=\"attachment-full size-full\" alt=\"\" loading=\"lazy\" srcset=\"https:\/\/franciscanos.org.br\/noticias\/wp-content\/uploads\/2024\/05\/11o-Encontro-Estadual-do-Terco-dos-Homens-ES-132-scaled.jpg 1920w, https:\/\/franciscanos.org.br\/noticias\/wp-content\/uploads\/2024\/05\/11o-Encontro-Estadual-do-Terco-dos-Homens-ES-132-450x300.jpg 450w, https:\/\/franciscanos.org.br\/noticias\/wp-content\/uploads\/2024\/05\/11o-Encontro-Estadual-do-Terco-dos-Homens-ES-132-1024x683.jpg 1024w, https:\/\/franciscanos.org.br\/noticias\/wp-content\/uploads\/2024\/05\/11o-Encontro-Estadual-do-Terco-dos-Homens-ES-132-768x512.jpg 768w, https:\/\/franciscanos.org.br\/noticias\/wp-content\/uploads\/2024\/05\/11o-Encontro-Estadual-do-Terco-dos-Homens-ES-132-1536x1024.jpg 1536w, https:\/\/franciscanos.org.br\/noticias\/wp-content\/uploads\/2024\/05\/11o-Encontro-Estadual-do-Terco-dos-Homens-ES-132-2048x1365.jpg 2048w, https:\/\/franciscanos.org.br\/noticias\/wp-content\/uploads\/2024\/05\/11o-Encontro-Estadual-do-Terco-dos-Homens-ES-132-150x100.jpg 150w\" sizes=\"(max-width: 1920px) 100vw, 1920px\" \/><\/a>\n\t\t\t<\/dt><\/dl><dl class='gallery-item'>\n\t\t\t<dt class='gallery-icon landscape'>\n\t\t\t\t<a href='https:\/\/franciscanos.org.br\/noticias\/wp-content\/uploads\/2024\/05\/11o-Encontro-Estadual-do-Terco-dos-Homens-ES-242-1536x1024-1.jpg'><img width=\"1536\" height=\"1024\" src=\"https:\/\/franciscanos.org.br\/noticias\/wp-content\/uploads\/2024\/05\/11o-Encontro-Estadual-do-Terco-dos-Homens-ES-242-1536x1024-1.jpg\" class=\"attachment-full size-full\" alt=\"\" loading=\"lazy\" srcset=\"https:\/\/franciscanos.org.br\/noticias\/wp-content\/uploads\/2024\/05\/11o-Encontro-Estadual-do-Terco-dos-Homens-ES-242-1536x1024-1.jpg 1536w, https:\/\/franciscanos.org.br\/noticias\/wp-content\/uploads\/2024\/05\/11o-Encontro-Estadual-do-Terco-dos-Homens-ES-242-1536x1024-1-450x300.jpg 450w, https:\/\/franciscanos.org.br\/noticias\/wp-content\/uploads\/2024\/05\/11o-Encontro-Estadual-do-Terco-dos-Homens-ES-242-1536x1024-1-1024x683.jpg 1024w, https:\/\/franciscanos.org.br\/noticias\/wp-content\/uploads\/2024\/05\/11o-Encontro-Estadual-do-Terco-dos-Homens-ES-242-1536x1024-1-768x512.jpg 768w, https:\/\/franciscanos.org.br\/noticias\/wp-content\/uploads\/2024\/05\/11o-Encontro-Estadual-do-Terco-dos-Homens-ES-242-1536x1024-1-150x100.jpg 150w\" sizes=\"(max-width: 1536px) 100vw, 1536px\" \/><\/a>\n\t\t\t<\/dt><\/dl><dl class='gallery-item'>\n\t\t\t<dt class='gallery-icon landscape'>\n\t\t\t\t<a href='https:\/\/franciscanos.org.br\/noticias\/wp-content\/uploads\/2024\/05\/11o-Encontro-Estadual-do-Terco-dos-Homens-ES-276-scaled.jpg'><img width=\"1920\" height=\"1280\" src=\"https:\/\/franciscanos.org.br\/noticias\/wp-content\/uploads\/2024\/05\/11o-Encontro-Estadual-do-Terco-dos-Homens-ES-276-scaled.jpg\" class=\"attachment-full size-full\" alt=\"\" loading=\"lazy\" srcset=\"https:\/\/franciscanos.org.br\/noticias\/wp-content\/uploads\/2024\/05\/11o-Encontro-Estadual-do-Terco-dos-Homens-ES-276-scaled.jpg 1920w, https:\/\/franciscanos.org.br\/noticias\/wp-content\/uploads\/2024\/05\/11o-Encontro-Estadual-do-Terco-dos-Homens-ES-276-450x300.jpg 450w, https:\/\/franciscanos.org.br\/noticias\/wp-content\/uploads\/2024\/05\/11o-Encontro-Estadual-do-Terco-dos-Homens-ES-276-1024x683.jpg 1024w, https:\/\/franciscanos.org.br\/noticias\/wp-content\/uploads\/2024\/05\/11o-Encontro-Estadual-do-Terco-dos-Homens-ES-276-768x512.jpg 768w, https:\/\/franciscanos.org.br\/noticias\/wp-content\/uploads\/2024\/05\/11o-Encontro-Estadual-do-Terco-dos-Homens-ES-276-1536x1024.jpg 1536w, https:\/\/franciscanos.org.br\/noticias\/wp-content\/uploads\/2024\/05\/11o-Encontro-Estadual-do-Terco-dos-Homens-ES-276-2048x1365.jpg 2048w, https:\/\/franciscanos.org.br\/noticias\/wp-content\/uploads\/2024\/05\/11o-Encontro-Estadual-do-Terco-dos-Homens-ES-276-150x100.jpg 150w\" sizes=\"(max-width: 1920px) 100vw, 1920px\" \/><\/a>\n\t\t\t<\/dt><\/dl><dl class='gallery-item'>\n\t\t\t<dt class='gallery-icon landscape'>\n\t\t\t\t<a href='https:\/\/franciscanos.org.br\/noticias\/wp-content\/uploads\/2024\/05\/11o-Encontro-Estadual-do-Terco-dos-Homens-ES-279-scaled.jpg'><img width=\"1920\" height=\"1280\" src=\"https:\/\/franciscanos.org.br\/noticias\/wp-content\/uploads\/2024\/05\/11o-Encontro-Estadual-do-Terco-dos-Homens-ES-279-scaled.jpg\" class=\"attachment-full size-full\" alt=\"\" loading=\"lazy\" srcset=\"https:\/\/franciscanos.org.br\/noticias\/wp-content\/uploads\/2024\/05\/11o-Encontro-Estadual-do-Terco-dos-Homens-ES-279-scaled.jpg 1920w, https:\/\/franciscanos.org.br\/noticias\/wp-content\/uploads\/2024\/05\/11o-Encontro-Estadual-do-Terco-dos-Homens-ES-279-450x300.jpg 450w, https:\/\/franciscanos.org.br\/noticias\/wp-content\/uploads\/2024\/05\/11o-Encontro-Estadual-do-Terco-dos-Homens-ES-279-1024x683.jpg 1024w, https:\/\/franciscanos.org.br\/noticias\/wp-content\/uploads\/2024\/05\/11o-Encontro-Estadual-do-Terco-dos-Homens-ES-279-768x512.jpg 768w, https:\/\/franciscanos.org.br\/noticias\/wp-content\/uploads\/2024\/05\/11o-Encontro-Estadual-do-Terco-dos-Homens-ES-279-1536x1024.jpg 1536w, https:\/\/franciscanos.org.br\/noticias\/wp-content\/uploads\/2024\/05\/11o-Encontro-Estadual-do-Terco-dos-Homens-ES-279-2048x1365.jpg 2048w, https:\/\/franciscanos.org.br\/noticias\/wp-content\/uploads\/2024\/05\/11o-Encontro-Estadual-do-Terco-dos-Homens-ES-279-150x100.jpg 150w\" sizes=\"(max-width: 1920px) 100vw, 1920px\" \/><\/a>\n\t\t\t<\/dt><\/dl><br style=\"clear: both\" \/><dl class='gallery-item'>\n\t\t\t<dt class='gallery-icon landscape'>\n\t\t\t\t<a href='https:\/\/franciscanos.org.br\/noticias\/wp-content\/uploads\/2024\/05\/11o-Encontro-Estadual-do-Terco-dos-Homens-ES-Foto-de-Marcos-Antoniazi-2-1-scaled.jpg'><img width=\"1920\" height=\"1080\" src=\"https:\/\/franciscanos.org.br\/noticias\/wp-content\/uploads\/2024\/05\/11o-Encontro-Estadual-do-Terco-dos-Homens-ES-Foto-de-Marcos-Antoniazi-2-1-scaled.jpg\" class=\"attachment-full size-full\" alt=\"\" loading=\"lazy\" srcset=\"https:\/\/franciscanos.org.br\/noticias\/wp-content\/uploads\/2024\/05\/11o-Encontro-Estadual-do-Terco-dos-Homens-ES-Foto-de-Marcos-Antoniazi-2-1-scaled.jpg 1920w, https:\/\/franciscanos.org.br\/noticias\/wp-content\/uploads\/2024\/05\/11o-Encontro-Estadual-do-Terco-dos-Homens-ES-Foto-de-Marcos-Antoniazi-2-1-450x253.jpg 450w, https:\/\/franciscanos.org.br\/noticias\/wp-content\/uploads\/2024\/05\/11o-Encontro-Estadual-do-Terco-dos-Homens-ES-Foto-de-Marcos-Antoniazi-2-1-1024x576.jpg 1024w, https:\/\/franciscanos.org.br\/noticias\/wp-content\/uploads\/2024\/05\/11o-Encontro-Estadual-do-Terco-dos-Homens-ES-Foto-de-Marcos-Antoniazi-2-1-768x432.jpg 768w, https:\/\/franciscanos.org.br\/noticias\/wp-content\/uploads\/2024\/05\/11o-Encontro-Estadual-do-Terco-dos-Homens-ES-Foto-de-Marcos-Antoniazi-2-1-1536x864.jpg 1536w, https:\/\/franciscanos.org.br\/noticias\/wp-content\/uploads\/2024\/05\/11o-Encontro-Estadual-do-Terco-dos-Homens-ES-Foto-de-Marcos-Antoniazi-2-1-2048x1152.jpg 2048w, https:\/\/franciscanos.org.br\/noticias\/wp-content\/uploads\/2024\/05\/11o-Encontro-Estadual-do-Terco-dos-Homens-ES-Foto-de-Marcos-Antoniazi-2-1-150x84.jpg 150w\" sizes=\"(max-width: 1920px) 100vw, 1920px\" \/><\/a>\n\t\t\t<\/dt><\/dl>\n\t\t\t<br style='clear: both' \/>\n\t\t<\/div>\n\n","protected":false},"excerpt":{"rendered":"<p>Romaria do ter\u00e7o dos homens<\/p>\n","protected":false},"author":11,"featured_media":0,"comment_status":"open","ping_status":"open","sticky":false,"template":"","format":"standard","meta":[],"categories":[1],"tags":[248],"acf":[],"yoast_head":"<!-- This site is optimized with the Yoast SEO plugin v19.2 - https:\/\/yoast.com\/wordpress\/plugins\/seo\/ -->\n<title>Romaria do Ter\u00e7o dos homens encerra homenagens a Nossa Senhora da Penha - Not\u00edcias - Franciscanos<\/title>\n<meta name=\"robots\" content=\"index, follow, max-snippet:-1, max-image-preview:large, max-video-preview:-1\" \/>\n<link rel=\"canonical\" href=\"https:\/\/franciscanos.org.br\/noticias\/romaria-do-terco-dos-homens-encerra-homenagens-a-nossa-senhora-da-penha.html\" \/>\n<meta property=\"og:locale\" content=\"pt_BR\" \/>\n<meta property=\"og:type\" content=\"article\" \/>\n<meta property=\"og:title\" content=\"Romaria do Ter\u00e7o dos homens encerra homenagens a Nossa Senhora da Penha - Not\u00edcias - Franciscanos\" \/>\n<meta property=\"og:description\" content=\"Romaria do ter\u00e7o dos homens\" \/>\n<meta property=\"og:url\" content=\"https:\/\/franciscanos.org.br\/noticias\/romaria-do-terco-dos-homens-encerra-homenagens-a-nossa-senhora-da-penha.html\" \/>\n<meta property=\"og:site_name\" content=\"Not\u00edcias - Franciscanos\" \/>\n<meta property=\"article:published_time\" content=\"2024-05-29T12:31:08+00:00\" \/>\n<meta property=\"article:modified_time\" content=\"2024-06-03T14:43:37+00:00\" \/>\n<meta property=\"og:image\" content=\"https:\/\/franciscanos.org.br\/noticias\/wp-content\/uploads\/2024\/05\/11o-Encontro-Estadual-do-Terco-dos-Homens-ES-12-scaled.jpg\" \/>\n<meta name=\"author\" content=\"Adriana Rabelo\" \/>\n<meta name=\"twitter:card\" content=\"summary_large_image\" \/>\n<meta name=\"twitter:label1\" content=\"Escrito por\" \/>\n\t<meta name=\"twitter:data1\" content=\"Adriana Rabelo\" \/>\n\t<meta name=\"twitter:label2\" content=\"Est. tempo de leitura\" \/>\n\t<meta name=\"twitter:data2\" content=\"4 minutos\" \/>\n<script type=\"application\/ld+json\" class=\"yoast-schema-graph\">{\"@context\":\"https:\/\/schema.org\",\"@graph\":[{\"@type\":\"WebSite\",\"@id\":\"https:\/\/franciscanos.org.br\/noticias\/#website\",\"url\":\"https:\/\/franciscanos.org.br\/noticias\/\",\"name\":\"Not\u00edcias - Franciscanos\",\"description\":\"Prov\u00edncia Franciscana da Imaculada Concei\u00e7\u00e3o do Brasil - Ordem dos Frades Menores - OFM\",\"potentialAction\":[{\"@type\":\"SearchAction\",\"target\":{\"@type\":\"EntryPoint\",\"urlTemplate\":\"https:\/\/franciscanos.org.br\/noticias\/?s={search_term_string}\"},\"query-input\":\"required name=search_term_string\"}],\"inLanguage\":\"pt-BR\"},{\"@type\":\"ImageObject\",\"inLanguage\":\"pt-BR\",\"@id\":\"https:\/\/franciscanos.org.br\/noticias\/romaria-do-terco-dos-homens-encerra-homenagens-a-nossa-senhora-da-penha.html#primaryimage\",\"url\":\"https:\/\/franciscanos.org.br\/noticias\/wp-content\/uploads\/2024\/05\/11o-Encontro-Estadual-do-Terco-dos-Homens-ES-117-scaled.jpg\",\"contentUrl\":\"https:\/\/franciscanos.org.br\/noticias\/wp-content\/uploads\/2024\/05\/11o-Encontro-Estadual-do-Terco-dos-Homens-ES-117-scaled.jpg\",\"width\":1920,\"height\":1280},{\"@type\":\"WebPage\",\"@id\":\"https:\/\/franciscanos.org.br\/noticias\/romaria-do-terco-dos-homens-encerra-homenagens-a-nossa-senhora-da-penha.html#webpage\",\"url\":\"https:\/\/franciscanos.org.br\/noticias\/romaria-do-terco-dos-homens-encerra-homenagens-a-nossa-senhora-da-penha.html\",\"name\":\"Romaria do Ter\u00e7o dos homens encerra homenagens a Nossa Senhora da Penha - Not\u00edcias - Franciscanos\",\"isPartOf\":{\"@id\":\"https:\/\/franciscanos.org.br\/noticias\/#website\"},\"primaryImageOfPage\":{\"@id\":\"https:\/\/franciscanos.org.br\/noticias\/romaria-do-terco-dos-homens-encerra-homenagens-a-nossa-senhora-da-penha.html#primaryimage\"},\"datePublished\":\"2024-05-29T12:31:08+00:00\",\"dateModified\":\"2024-06-03T14:43:37+00:00\",\"author\":{\"@id\":\"https:\/\/franciscanos.org.br\/noticias\/#\/schema\/person\/d9422e83121c3ad3b0f423d195f5bb25\"},\"breadcrumb\":{\"@id\":\"https:\/\/franciscanos.org.br\/noticias\/romaria-do-terco-dos-homens-encerra-homenagens-a-nossa-senhora-da-penha.html#breadcrumb\"},\"inLanguage\":\"pt-BR\",\"potentialAction\":[{\"@type\":\"ReadAction\",\"target\":[\"https:\/\/franciscanos.org.br\/noticias\/romaria-do-terco-dos-homens-encerra-homenagens-a-nossa-senhora-da-penha.html\"]}]},{\"@type\":\"BreadcrumbList\",\"@id\":\"https:\/\/franciscanos.org.br\/noticias\/romaria-do-terco-dos-homens-encerra-homenagens-a-nossa-senhora-da-penha.html#breadcrumb\",\"itemListElement\":[{\"@type\":\"ListItem\",\"position\":1,\"name\":\"Home\",\"item\":\"https:\/\/franciscanos.org.br\/noticias\"},{\"@type\":\"ListItem\",\"position\":2,\"name\":\"Romaria do Ter\u00e7o dos homens encerra homenagens a Nossa Senhora da Penha\"}]},{\"@type\":\"Person\",\"@id\":\"https:\/\/franciscanos.org.br\/noticias\/#\/schema\/person\/d9422e83121c3ad3b0f423d195f5bb25\",\"name\":\"Adriana Rabelo\",\"image\":{\"@type\":\"ImageObject\",\"inLanguage\":\"pt-BR\",\"@id\":\"https:\/\/franciscanos.org.br\/noticias\/#\/schema\/person\/image\/\",\"url\":\"https:\/\/secure.gravatar.com\/avatar\/0a937b7500cd7df77540cfb8bede877d?s=96&d=mm&r=g\",\"contentUrl\":\"https:\/\/secure.gravatar.com\/avatar\/0a937b7500cd7df77540cfb8bede877d?s=96&d=mm&r=g\",\"caption\":\"Adriana Rabelo\"},\"url\":\"https:\/\/franciscanos.org.br\/noticias\/author\/adrianarabelo\"}]}<\/script>\n<!-- \/ Yoast SEO plugin. -->","yoast_head_json":{"title":"Romaria do Ter\u00e7o dos homens encerra homenagens a Nossa Senhora da Penha - Not\u00edcias - Franciscanos","robots":{"index":"index","follow":"follow","max-snippet":"max-snippet:-1","max-image-preview":"max-image-preview:large","max-video-preview":"max-video-preview:-1"},"canonical":"https:\/\/franciscanos.org.br\/noticias\/romaria-do-terco-dos-homens-encerra-homenagens-a-nossa-senhora-da-penha.html","og_locale":"pt_BR","og_type":"article","og_title":"Romaria do Ter\u00e7o dos homens encerra homenagens a Nossa Senhora da Penha - Not\u00edcias - Franciscanos","og_description":"Romaria do ter\u00e7o dos homens","og_url":"https:\/\/franciscanos.org.br\/noticias\/romaria-do-terco-dos-homens-encerra-homenagens-a-nossa-senhora-da-penha.html","og_site_name":"Not\u00edcias - Franciscanos","article_published_time":"2024-05-29T12:31:08+00:00","article_modified_time":"2024-06-03T14:43:37+00:00","og_image":[{"url":"https:\/\/franciscanos.org.br\/noticias\/wp-content\/uploads\/2024\/05\/11o-Encontro-Estadual-do-Terco-dos-Homens-ES-12-scaled.jpg"}],"author":"Adriana Rabelo","twitter_card":"summary_large_image","twitter_misc":{"Escrito por":"Adriana Rabelo","Est. tempo de leitura":"4 minutos"},"schema":{"@context":"https:\/\/schema.org","@graph":[{"@type":"WebSite","@id":"https:\/\/franciscanos.org.br\/noticias\/#website","url":"https:\/\/franciscanos.org.br\/noticias\/","name":"Not\u00edcias - Franciscanos","description":"Prov\u00edncia Franciscana da Imaculada Concei\u00e7\u00e3o do Brasil - Ordem dos Frades Menores - OFM","potentialAction":[{"@type":"SearchAction","target":{"@type":"EntryPoint","urlTemplate":"https:\/\/franciscanos.org.br\/noticias\/?s={search_term_string}"},"query-input":"required name=search_term_string"}],"inLanguage":"pt-BR"},{"@type":"ImageObject","inLanguage":"pt-BR","@id":"https:\/\/franciscanos.org.br\/noticias\/romaria-do-terco-dos-homens-encerra-homenagens-a-nossa-senhora-da-penha.html#primaryimage","url":"https:\/\/franciscanos.org.br\/noticias\/wp-content\/uploads\/2024\/05\/11o-Encontro-Estadual-do-Terco-dos-Homens-ES-117-scaled.jpg","contentUrl":"https:\/\/franciscanos.org.br\/noticias\/wp-content\/uploads\/2024\/05\/11o-Encontro-Estadual-do-Terco-dos-Homens-ES-117-scaled.jpg","width":1920,"height":1280},{"@type":"WebPage","@id":"https:\/\/franciscanos.org.br\/noticias\/romaria-do-terco-dos-homens-encerra-homenagens-a-nossa-senhora-da-penha.html#webpage","url":"https:\/\/franciscanos.org.br\/noticias\/romaria-do-terco-dos-homens-encerra-homenagens-a-nossa-senhora-da-penha.html","name":"Romaria do Ter\u00e7o dos homens encerra homenagens a Nossa Senhora da Penha - Not\u00edcias - Franciscanos","isPartOf":{"@id":"https:\/\/franciscanos.org.br\/noticias\/#website"},"primaryImageOfPage":{"@id":"https:\/\/franciscanos.org.br\/noticias\/romaria-do-terco-dos-homens-encerra-homenagens-a-nossa-senhora-da-penha.html#primaryimage"},"datePublished":"2024-05-29T12:31:08+00:00","dateModified":"2024-06-03T14:43:37+00:00","author":{"@id":"https:\/\/franciscanos.org.br\/noticias\/#\/schema\/person\/d9422e83121c3ad3b0f423d195f5bb25"},"breadcrumb":{"@id":"https:\/\/franciscanos.org.br\/noticias\/romaria-do-terco-dos-homens-encerra-homenagens-a-nossa-senhora-da-penha.html#breadcrumb"},"inLanguage":"pt-BR","potentialAction":[{"@type":"ReadAction","target":["https:\/\/franciscanos.org.br\/noticias\/romaria-do-terco-dos-homens-encerra-homenagens-a-nossa-senhora-da-penha.html"]}]},{"@type":"BreadcrumbList","@id":"https:\/\/franciscanos.org.br\/noticias\/romaria-do-terco-dos-homens-encerra-homenagens-a-nossa-senhora-da-penha.html#breadcrumb","itemListElement":[{"@type":"ListItem","position":1,"name":"Home","item":"https:\/\/franciscanos.org.br\/noticias"},{"@type":"ListItem","position":2,"name":"Romaria do Ter\u00e7o dos homens encerra homenagens a Nossa Senhora da Penha"}]},{"@type":"Person","@id":"https:\/\/franciscanos.org.br\/noticias\/#\/schema\/person\/d9422e83121c3ad3b0f423d195f5bb25","name":"Adriana Rabelo","image":{"@type":"ImageObject","inLanguage":"pt-BR","@id":"https:\/\/franciscanos.org.br\/noticias\/#\/schema\/person\/image\/","url":"https:\/\/secure.gravatar.com\/avatar\/0a937b7500cd7df77540cfb8bede877d?s=96&d=mm&r=g","contentUrl":"https:\/\/secure.gravatar.com\/avatar\/0a937b7500cd7df77540cfb8bede877d?s=96&d=mm&r=g","caption":"Adriana Rabelo"},"url":"https:\/\/franciscanos.org.br\/noticias\/author\/adrianarabelo"}]}},"_links":{"self":[{"href":"https:\/\/franciscanos.org.br\/noticias\/wp-json\/wp\/v2\/posts\/247800"}],"collection":[{"href":"https:\/\/franciscanos.org.br\/noticias\/wp-json\/wp\/v2\/posts"}],"about":[{"href":"https:\/\/franciscanos.org.br\/noticias\/wp-json\/wp\/v2\/types\/post"}],"author":[{"embeddable":true,"href":"https:\/\/franciscanos.org.br\/noticias\/wp-json\/wp\/v2\/users\/11"}],"replies":[{"embeddable":true,"href":"https:\/\/franciscanos.org.br\/noticias\/wp-json\/wp\/v2\/comments?post=247800"}],"version-history":[{"count":5,"href":"https:\/\/franciscanos.org.br\/noticias\/wp-json\/wp\/v2\/posts\/247800\/revisions"}],"predecessor-version":[{"id":247924,"href":"https:\/\/franciscanos.org.br\/noticias\/wp-json\/wp\/v2\/posts\/247800\/revisions\/247924"}],"wp:attachment":[{"href":"https:\/\/franciscanos.org.br\/noticias\/wp-json\/wp\/v2\/media?parent=247800"}],"wp:term":[{"taxonomy":"category","embeddable":true,"href":"https:\/\/franciscanos.org.br\/noticias\/wp-json\/wp\/v2\/categories?post=247800"},{"taxonomy":"post_tag","embeddable":true,"href":"https:\/\/franciscanos.org.br\/noticias\/wp-json\/wp\/v2\/tags?post=247800"}],"curies":[{"name":"wp","href":"https:\/\/api.w.org\/{rel}","templated":true}]}}