{"id":247796,"date":"2024-05-28T18:01:46","date_gmt":"2024-05-28T21:01:46","guid":{"rendered":"https:\/\/franciscanos.org.br\/noticias\/?p=247796"},"modified":"2024-05-28T18:08:38","modified_gmt":"2024-05-28T21:08:38","slug":"primeiro-retiro-da-juventude-franciscana-acolhe-120-participantes-em-gaspar","status":"publish","type":"post","link":"https:\/\/franciscanos.org.br\/noticias\/primeiro-retiro-da-juventude-franciscana-acolhe-120-participantes-em-gaspar.html","title":{"rendered":"Primeiro retiro da juventude franciscana acolhe 120 participantes em Gaspar"},"content":{"rendered":"<p><img loading=\"lazy\" class=\"aligncenter wp-image-247797 size-full\" src=\"https:\/\/franciscanos.org.br\/noticias\/wp-content\/uploads\/2024\/05\/foto-de-todos-retiro-1-scaled.jpg\" alt=\"\" width=\"1920\" height=\"1280\" srcset=\"https:\/\/franciscanos.org.br\/noticias\/wp-content\/uploads\/2024\/05\/foto-de-todos-retiro-1-scaled.jpg 1620w, https:\/\/franciscanos.org.br\/noticias\/wp-content\/uploads\/2024\/05\/foto-de-todos-retiro-1-450x300.jpg 450w, https:\/\/franciscanos.org.br\/noticias\/wp-content\/uploads\/2024\/05\/foto-de-todos-retiro-1-1024x683.jpg 1024w, https:\/\/franciscanos.org.br\/noticias\/wp-content\/uploads\/2024\/05\/foto-de-todos-retiro-1-768x512.jpg 768w, https:\/\/franciscanos.org.br\/noticias\/wp-content\/uploads\/2024\/05\/foto-de-todos-retiro-1-1536x1024.jpg 1536w, https:\/\/franciscanos.org.br\/noticias\/wp-content\/uploads\/2024\/05\/foto-de-todos-retiro-1-2048x1365.jpg 2048w, https:\/\/franciscanos.org.br\/noticias\/wp-content\/uploads\/2024\/05\/foto-de-todos-retiro-1-150x100.jpg 150w\" sizes=\"(max-width: 1920px) 100vw, 1920px\" \/><\/p>\n<p>Nos dias 17, 18 e 19 de maio, na Solenidade de Pentecostes, foi realizado na Par\u00f3quia S\u00e3o Pedro Ap\u00f3stolo, em Gaspar (SC), o <strong>1\u00ba Retiro Franciscano da Juventude<\/strong>.\u00a0 A partir da frase: \u201cSe eu n\u00e3o amei a Deus na terra o que vou fazer no c\u00e9u?\u201d(Santa Teresa dos Andes), todos tiveram a oportunidade de fazer uma experi\u00eancia de Deus.<\/p>\n<p>Mais de 120 jovens da Par\u00f3quia anfitri\u00e3, da Par\u00f3quia Santa In\u00eas e da Casa S\u00e3o Felipe Neri, ambos do Balne\u00e1rio Cambori\u00fa (SC), foram acolhidos por \u201cfam\u00edlias\u201d e acompanhado por \u201canjos\u201d, como s\u00e3o chamados os respons\u00e1veis pelo grupos, que foram apoio para favorecer a experi\u00eancia de c\u00e9u \u00e0 juventude.<\/p>\n<p>O retiro que teve como tema: \u201cEterno C\u00e9u\u201d, buscou inserir nos cora\u00e7\u00f5es dos jovens o desejo de eternidade. Em um dos momentos, a juventude da Par\u00f3quia Santa In\u00eas apresentou um teatro sobre a vida de S\u00e3o Francisco de Assis. A partir de seus encontros \u2013 do Evangelho, do Leproso e da Cruz de S\u00e3o Dami\u00e3o \u2013 o Santo de Assis foi tocado pelo amor a Deus e o desejo de c\u00e9u.<\/p>\n<p>&#8220;No decorrer do retiro, percebemos uma juventude com um forte desejo de amar e servir a Deus. S\u00e3o Francisco \u00e9 a resposta concreta desse desejo de amar ao Pai. Tamanha foi a entrega e o encontro, que S\u00e3o Francisco desejou o c\u00e9u e, at\u00e9 que esse dia chegasse, serviu a Deus sendo dedicado aos irm\u00e3os. A via franciscana \u00e9 o caminho at\u00e9 Deus, pois ela est\u00e1 no rosto de nossos irm\u00e3os e nas coisas criadas, afinal, todas elas refletem o Criador&#8221; salientou Frei Jhones Lucas Martins, vig\u00e1rio paroquial.<\/p>\n","protected":false},"excerpt":{"rendered":"<p>Par\u00f3quia S\u00e3o Pedro Ap\u00f3stolo<\/p>\n","protected":false},"author":11,"featured_media":247797,"comment_status":"open","ping_status":"open","sticky":false,"template":"","format":"standard","meta":[],"categories":[1],"tags":[1980],"acf":[],"yoast_head":"<!-- This site is optimized with the Yoast SEO plugin v19.2 - https:\/\/yoast.com\/wordpress\/plugins\/seo\/ -->\n<title>Primeiro retiro da juventude franciscana acolhe 120 participantes em Gaspar - Not\u00edcias - Franciscanos<\/title>\n<meta name=\"robots\" content=\"index, follow, max-snippet:-1, max-image-preview:large, max-video-preview:-1\" \/>\n<link rel=\"canonical\" href=\"https:\/\/franciscanos.org.br\/noticias\/primeiro-retiro-da-juventude-franciscana-acolhe-120-participantes-em-gaspar.html\" \/>\n<meta property=\"og:locale\" content=\"pt_BR\" \/>\n<meta property=\"og:type\" content=\"article\" \/>\n<meta property=\"og:title\" content=\"Primeiro retiro da juventude franciscana acolhe 120 participantes em Gaspar - Not\u00edcias - Franciscanos\" \/>\n<meta property=\"og:description\" content=\"Par\u00f3quia S\u00e3o Pedro Ap\u00f3stolo\" \/>\n<meta property=\"og:url\" content=\"https:\/\/franciscanos.org.br\/noticias\/primeiro-retiro-da-juventude-franciscana-acolhe-120-participantes-em-gaspar.html\" \/>\n<meta property=\"og:site_name\" content=\"Not\u00edcias - Franciscanos\" \/>\n<meta property=\"article:published_time\" content=\"2024-05-28T21:01:46+00:00\" \/>\n<meta property=\"article:modified_time\" content=\"2024-05-28T21:08:38+00:00\" \/>\n<meta property=\"og:image\" content=\"https:\/\/franciscanos.org.br\/noticias\/wp-content\/uploads\/2024\/05\/foto-de-todos-retiro-1-scaled.jpg\" \/>\n\t<meta property=\"og:image:width\" content=\"1620\" \/>\n\t<meta property=\"og:image:height\" content=\"1080\" \/>\n\t<meta property=\"og:image:type\" content=\"image\/jpeg\" \/>\n<meta name=\"author\" content=\"Adriana Rabelo\" \/>\n<meta name=\"twitter:card\" content=\"summary_large_image\" \/>\n<meta name=\"twitter:label1\" content=\"Escrito por\" \/>\n\t<meta name=\"twitter:data1\" content=\"Adriana Rabelo\" \/>\n\t<meta name=\"twitter:label2\" content=\"Est. tempo de leitura\" \/>\n\t<meta name=\"twitter:data2\" content=\"1 minuto\" \/>\n<script type=\"application\/ld+json\" class=\"yoast-schema-graph\">{\"@context\":\"https:\/\/schema.org\",\"@graph\":[{\"@type\":\"WebSite\",\"@id\":\"https:\/\/franciscanos.org.br\/noticias\/#website\",\"url\":\"https:\/\/franciscanos.org.br\/noticias\/\",\"name\":\"Not\u00edcias - Franciscanos\",\"description\":\"Prov\u00edncia Franciscana da Imaculada Concei\u00e7\u00e3o do Brasil - Ordem dos Frades Menores - OFM\",\"potentialAction\":[{\"@type\":\"SearchAction\",\"target\":{\"@type\":\"EntryPoint\",\"urlTemplate\":\"https:\/\/franciscanos.org.br\/noticias\/?s={search_term_string}\"},\"query-input\":\"required name=search_term_string\"}],\"inLanguage\":\"pt-BR\"},{\"@type\":\"ImageObject\",\"inLanguage\":\"pt-BR\",\"@id\":\"https:\/\/franciscanos.org.br\/noticias\/primeiro-retiro-da-juventude-franciscana-acolhe-120-participantes-em-gaspar.html#primaryimage\",\"url\":\"https:\/\/franciscanos.org.br\/noticias\/wp-content\/uploads\/2024\/05\/foto-de-todos-retiro-1-scaled.jpg\",\"contentUrl\":\"https:\/\/franciscanos.org.br\/noticias\/wp-content\/uploads\/2024\/05\/foto-de-todos-retiro-1-scaled.jpg\",\"width\":1620,\"height\":1080},{\"@type\":\"WebPage\",\"@id\":\"https:\/\/franciscanos.org.br\/noticias\/primeiro-retiro-da-juventude-franciscana-acolhe-120-participantes-em-gaspar.html#webpage\",\"url\":\"https:\/\/franciscanos.org.br\/noticias\/primeiro-retiro-da-juventude-franciscana-acolhe-120-participantes-em-gaspar.html\",\"name\":\"Primeiro retiro da juventude franciscana acolhe 120 participantes em Gaspar - Not\u00edcias - Franciscanos\",\"isPartOf\":{\"@id\":\"https:\/\/franciscanos.org.br\/noticias\/#website\"},\"primaryImageOfPage\":{\"@id\":\"https:\/\/franciscanos.org.br\/noticias\/primeiro-retiro-da-juventude-franciscana-acolhe-120-participantes-em-gaspar.html#primaryimage\"},\"datePublished\":\"2024-05-28T21:01:46+00:00\",\"dateModified\":\"2024-05-28T21:08:38+00:00\",\"author\":{\"@id\":\"https:\/\/franciscanos.org.br\/noticias\/#\/schema\/person\/d9422e83121c3ad3b0f423d195f5bb25\"},\"breadcrumb\":{\"@id\":\"https:\/\/franciscanos.org.br\/noticias\/primeiro-retiro-da-juventude-franciscana-acolhe-120-participantes-em-gaspar.html#breadcrumb\"},\"inLanguage\":\"pt-BR\",\"potentialAction\":[{\"@type\":\"ReadAction\",\"target\":[\"https:\/\/franciscanos.org.br\/noticias\/primeiro-retiro-da-juventude-franciscana-acolhe-120-participantes-em-gaspar.html\"]}]},{\"@type\":\"BreadcrumbList\",\"@id\":\"https:\/\/franciscanos.org.br\/noticias\/primeiro-retiro-da-juventude-franciscana-acolhe-120-participantes-em-gaspar.html#breadcrumb\",\"itemListElement\":[{\"@type\":\"ListItem\",\"position\":1,\"name\":\"Home\",\"item\":\"https:\/\/franciscanos.org.br\/noticias\"},{\"@type\":\"ListItem\",\"position\":2,\"name\":\"Primeiro retiro da juventude franciscana acolhe 120 participantes em Gaspar\"}]},{\"@type\":\"Person\",\"@id\":\"https:\/\/franciscanos.org.br\/noticias\/#\/schema\/person\/d9422e83121c3ad3b0f423d195f5bb25\",\"name\":\"Adriana Rabelo\",\"image\":{\"@type\":\"ImageObject\",\"inLanguage\":\"pt-BR\",\"@id\":\"https:\/\/franciscanos.org.br\/noticias\/#\/schema\/person\/image\/\",\"url\":\"https:\/\/secure.gravatar.com\/avatar\/0a937b7500cd7df77540cfb8bede877d?s=96&d=mm&r=g\",\"contentUrl\":\"https:\/\/secure.gravatar.com\/avatar\/0a937b7500cd7df77540cfb8bede877d?s=96&d=mm&r=g\",\"caption\":\"Adriana Rabelo\"},\"url\":\"https:\/\/franciscanos.org.br\/noticias\/author\/adrianarabelo\"}]}<\/script>\n<!-- \/ Yoast SEO plugin. -->","yoast_head_json":{"title":"Primeiro retiro da juventude franciscana acolhe 120 participantes em Gaspar - Not\u00edcias - Franciscanos","robots":{"index":"index","follow":"follow","max-snippet":"max-snippet:-1","max-image-preview":"max-image-preview:large","max-video-preview":"max-video-preview:-1"},"canonical":"https:\/\/franciscanos.org.br\/noticias\/primeiro-retiro-da-juventude-franciscana-acolhe-120-participantes-em-gaspar.html","og_locale":"pt_BR","og_type":"article","og_title":"Primeiro retiro da juventude franciscana acolhe 120 participantes em Gaspar - Not\u00edcias - Franciscanos","og_description":"Par\u00f3quia S\u00e3o Pedro Ap\u00f3stolo","og_url":"https:\/\/franciscanos.org.br\/noticias\/primeiro-retiro-da-juventude-franciscana-acolhe-120-participantes-em-gaspar.html","og_site_name":"Not\u00edcias - Franciscanos","article_published_time":"2024-05-28T21:01:46+00:00","article_modified_time":"2024-05-28T21:08:38+00:00","og_image":[{"width":1620,"height":1080,"url":"https:\/\/franciscanos.org.br\/noticias\/wp-content\/uploads\/2024\/05\/foto-de-todos-retiro-1-scaled.jpg","type":"image\/jpeg"}],"author":"Adriana Rabelo","twitter_card":"summary_large_image","twitter_misc":{"Escrito por":"Adriana Rabelo","Est. tempo de leitura":"1 minuto"},"schema":{"@context":"https:\/\/schema.org","@graph":[{"@type":"WebSite","@id":"https:\/\/franciscanos.org.br\/noticias\/#website","url":"https:\/\/franciscanos.org.br\/noticias\/","name":"Not\u00edcias - Franciscanos","description":"Prov\u00edncia Franciscana da Imaculada Concei\u00e7\u00e3o do Brasil - Ordem dos Frades Menores - OFM","potentialAction":[{"@type":"SearchAction","target":{"@type":"EntryPoint","urlTemplate":"https:\/\/franciscanos.org.br\/noticias\/?s={search_term_string}"},"query-input":"required name=search_term_string"}],"inLanguage":"pt-BR"},{"@type":"ImageObject","inLanguage":"pt-BR","@id":"https:\/\/franciscanos.org.br\/noticias\/primeiro-retiro-da-juventude-franciscana-acolhe-120-participantes-em-gaspar.html#primaryimage","url":"https:\/\/franciscanos.org.br\/noticias\/wp-content\/uploads\/2024\/05\/foto-de-todos-retiro-1-scaled.jpg","contentUrl":"https:\/\/franciscanos.org.br\/noticias\/wp-content\/uploads\/2024\/05\/foto-de-todos-retiro-1-scaled.jpg","width":1620,"height":1080},{"@type":"WebPage","@id":"https:\/\/franciscanos.org.br\/noticias\/primeiro-retiro-da-juventude-franciscana-acolhe-120-participantes-em-gaspar.html#webpage","url":"https:\/\/franciscanos.org.br\/noticias\/primeiro-retiro-da-juventude-franciscana-acolhe-120-participantes-em-gaspar.html","name":"Primeiro retiro da juventude franciscana acolhe 120 participantes em Gaspar - Not\u00edcias - Franciscanos","isPartOf":{"@id":"https:\/\/franciscanos.org.br\/noticias\/#website"},"primaryImageOfPage":{"@id":"https:\/\/franciscanos.org.br\/noticias\/primeiro-retiro-da-juventude-franciscana-acolhe-120-participantes-em-gaspar.html#primaryimage"},"datePublished":"2024-05-28T21:01:46+00:00","dateModified":"2024-05-28T21:08:38+00:00","author":{"@id":"https:\/\/franciscanos.org.br\/noticias\/#\/schema\/person\/d9422e83121c3ad3b0f423d195f5bb25"},"breadcrumb":{"@id":"https:\/\/franciscanos.org.br\/noticias\/primeiro-retiro-da-juventude-franciscana-acolhe-120-participantes-em-gaspar.html#breadcrumb"},"inLanguage":"pt-BR","potentialAction":[{"@type":"ReadAction","target":["https:\/\/franciscanos.org.br\/noticias\/primeiro-retiro-da-juventude-franciscana-acolhe-120-participantes-em-gaspar.html"]}]},{"@type":"BreadcrumbList","@id":"https:\/\/franciscanos.org.br\/noticias\/primeiro-retiro-da-juventude-franciscana-acolhe-120-participantes-em-gaspar.html#breadcrumb","itemListElement":[{"@type":"ListItem","position":1,"name":"Home","item":"https:\/\/franciscanos.org.br\/noticias"},{"@type":"ListItem","position":2,"name":"Primeiro retiro da juventude franciscana acolhe 120 participantes em Gaspar"}]},{"@type":"Person","@id":"https:\/\/franciscanos.org.br\/noticias\/#\/schema\/person\/d9422e83121c3ad3b0f423d195f5bb25","name":"Adriana Rabelo","image":{"@type":"ImageObject","inLanguage":"pt-BR","@id":"https:\/\/franciscanos.org.br\/noticias\/#\/schema\/person\/image\/","url":"https:\/\/secure.gravatar.com\/avatar\/0a937b7500cd7df77540cfb8bede877d?s=96&d=mm&r=g","contentUrl":"https:\/\/secure.gravatar.com\/avatar\/0a937b7500cd7df77540cfb8bede877d?s=96&d=mm&r=g","caption":"Adriana Rabelo"},"url":"https:\/\/franciscanos.org.br\/noticias\/author\/adrianarabelo"}]}},"_links":{"self":[{"href":"https:\/\/franciscanos.org.br\/noticias\/wp-json\/wp\/v2\/posts\/247796"}],"collection":[{"href":"https:\/\/franciscanos.org.br\/noticias\/wp-json\/wp\/v2\/posts"}],"about":[{"href":"https:\/\/franciscanos.org.br\/noticias\/wp-json\/wp\/v2\/types\/post"}],"author":[{"embeddable":true,"href":"https:\/\/franciscanos.org.br\/noticias\/wp-json\/wp\/v2\/users\/11"}],"replies":[{"embeddable":true,"href":"https:\/\/franciscanos.org.br\/noticias\/wp-json\/wp\/v2\/comments?post=247796"}],"version-history":[{"count":2,"href":"https:\/\/franciscanos.org.br\/noticias\/wp-json\/wp\/v2\/posts\/247796\/revisions"}],"predecessor-version":[{"id":247799,"href":"https:\/\/franciscanos.org.br\/noticias\/wp-json\/wp\/v2\/posts\/247796\/revisions\/247799"}],"wp:featuredmedia":[{"embeddable":true,"href":"https:\/\/franciscanos.org.br\/noticias\/wp-json\/wp\/v2\/media\/247797"}],"wp:attachment":[{"href":"https:\/\/franciscanos.org.br\/noticias\/wp-json\/wp\/v2\/media?parent=247796"}],"wp:term":[{"taxonomy":"category","embeddable":true,"href":"https:\/\/franciscanos.org.br\/noticias\/wp-json\/wp\/v2\/categories?post=247796"},{"taxonomy":"post_tag","embeddable":true,"href":"https:\/\/franciscanos.org.br\/noticias\/wp-json\/wp\/v2\/tags?post=247796"}],"curies":[{"name":"wp","href":"https:\/\/api.w.org\/{rel}","templated":true}]}}