{"id":247792,"date":"2024-05-27T09:09:40","date_gmt":"2024-05-27T12:09:40","guid":{"rendered":"https:\/\/franciscanos.org.br\/noticias\/?p=247792"},"modified":"2024-05-27T09:10:03","modified_gmt":"2024-05-27T12:10:03","slug":"provincia-cria-selo-solidario-ato-de-amor-durante-festejos-de-santo-antonio","status":"publish","type":"post","link":"https:\/\/franciscanos.org.br\/noticias\/provincia-cria-selo-solidario-ato-de-amor-durante-festejos-de-santo-antonio.html","title":{"rendered":"Prov\u00edncia cria \u201cselo solid\u00e1rio\u201d: ato de amor durante festejos de Santo Ant\u00f4nio"},"content":{"rendered":"<p><img loading=\"lazy\" class=\"aligncenter wp-image-247793 size-full\" src=\"https:\/\/franciscanos.org.br\/noticias\/wp-content\/uploads\/2024\/05\/dentro-do-site.jpg\" alt=\"\" width=\"1280\" height=\"720\" srcset=\"https:\/\/franciscanos.org.br\/noticias\/wp-content\/uploads\/2024\/05\/dentro-do-site.jpg 1280w, https:\/\/franciscanos.org.br\/noticias\/wp-content\/uploads\/2024\/05\/dentro-do-site-450x253.jpg 450w, https:\/\/franciscanos.org.br\/noticias\/wp-content\/uploads\/2024\/05\/dentro-do-site-1024x576.jpg 1024w, https:\/\/franciscanos.org.br\/noticias\/wp-content\/uploads\/2024\/05\/dentro-do-site-768x432.jpg 768w, https:\/\/franciscanos.org.br\/noticias\/wp-content\/uploads\/2024\/05\/dentro-do-site-150x84.jpg 150w\" sizes=\"(max-width: 1280px) 100vw, 1280px\" \/><\/p>\n<p>As trezenas e festas de Santo Ant\u00f4nio, al\u00e9m do apelo religioso e popular que possuem, tamb\u00e9m ser\u00e3o, para a Prov\u00edncia Franciscana da Imaculada Concei\u00e7\u00e3o do Brasil, ocasi\u00e3o privilegiada do exerc\u00edcio da solidariedade com os pobres. Neste ano, como proposta do Secretariado para a Evangeliza\u00e7\u00e3o, as maiores festividades em honra ao Santo mais popular do Brasil v\u00e3o assumir o <strong>Selo Santo Ant\u00f4nio Solid\u00e1rio<\/strong>. A proposta consiste em, dentro de cada programa\u00e7\u00e3o espec\u00edfica, definir a destina\u00e7\u00e3o de determinado valor ou percentual arrecadados em prol de uma a\u00e7\u00e3o espec\u00edfica de partilha com os necessitados.<\/p>\n<p>De acordo com o Secret\u00e1rio para a Evangeliza\u00e7\u00e3o, Frei Gustavo Medella, a iniciativa tem como objetivo destacar o carinho e a aten\u00e7\u00e3o com os pobres e fragilizados como compromisso fundamental da miss\u00e3o evangelizadora dos frades. \u201cAl\u00e9m de ser um homem de profunda generosidade, Santo Ant\u00f4nio deve continuar nos inspirando neste compromisso com os mais sofridos de nosso tempo. O esp\u00edrito de partilha provocado por esta iniciativa do Selo Santo Ant\u00f4nio Solid\u00e1rio \u00e9 oportunidade valiosa para crescermos na generosidade, despertando o mesmo sentimento nos milhares de fi\u00e9is devotos que v\u00eam celebrar conosco em nossas fraternidades\u201d, destaca Frei Gustavo. Quanto ao modo de aplica\u00e7\u00e3o do selo, Frei Gustavo explica que ficar\u00e1 livre de acordo com a criatividade de cada presen\u00e7a. \u201cAs fraternidades poder\u00e3o escolher entre destinar, por exemplo, parte do lucro da venda de um artigo espec\u00edfico, como o bolo de Santo Ant\u00f4nio, destinar um cofre espec\u00edfico para esta coleta ou definir uma porcentagem do que for arrecadado. O mais importante \u00e9 que este v\u00ednculo de solidariedade e partilha seja evidenciado e estimulado\u201d, ressaltou.<\/p>\n<p>Os valores arrecadados a partir do Selo Santo Ant\u00f4nio Solid\u00e1rio ser\u00e3o destinados localmente pelas pr\u00f3prias fraternidade a uma a\u00e7\u00e3o solid\u00e1ria que seja express\u00e3o do compromisso com a causa da partilha e da promo\u00e7\u00e3o da vida. \u201cA orienta\u00e7\u00e3o \u00e9 que cada presen\u00e7a busque a melhor maneira de aplicar estes recursos e depois, a t\u00edtulo de presta\u00e7\u00e3o de contas, procure divulgar a a\u00e7\u00e3o custeada pelo Selo Santo Ant\u00f4nio Solid\u00e1rio\u201d, explicou Frei Gustavo. As Trezenas e Festas de S\u00e3o Santo Ant\u00f4nio representam uma tradi\u00e7\u00e3o antiga na vida dos frades e da Prov\u00edncia. No contexto provincial, a Festividade mais antiga \u00e9 a do Convento Santo Ant\u00f4nio do Largo da Carioca, no Rio de Janeiro, que j\u00e1 est\u00e1 em sua 342\u00aa edi\u00e7\u00e3o.<\/p>\n<hr \/>\n<p>Equipe de comunica\u00e7\u00e3o<\/p>\n","protected":false},"excerpt":{"rendered":"<p>Selo Santo Ant\u00f4nio Solid\u00e1rio<\/p>\n","protected":false},"author":11,"featured_media":247793,"comment_status":"open","ping_status":"open","sticky":false,"template":"","format":"standard","meta":[],"categories":[1],"tags":[280,2219],"acf":[],"yoast_head":"<!-- This site is optimized with the Yoast SEO plugin v19.2 - https:\/\/yoast.com\/wordpress\/plugins\/seo\/ -->\n<title>Prov\u00edncia cria \u201cselo solid\u00e1rio\u201d: ato de amor durante festejos de Santo Ant\u00f4nio - Not\u00edcias - Franciscanos<\/title>\n<meta name=\"robots\" content=\"index, follow, max-snippet:-1, max-image-preview:large, max-video-preview:-1\" \/>\n<link rel=\"canonical\" href=\"https:\/\/franciscanos.org.br\/noticias\/provincia-cria-selo-solidario-ato-de-amor-durante-festejos-de-santo-antonio.html\" \/>\n<meta property=\"og:locale\" content=\"pt_BR\" \/>\n<meta property=\"og:type\" content=\"article\" \/>\n<meta property=\"og:title\" content=\"Prov\u00edncia cria \u201cselo solid\u00e1rio\u201d: ato de amor durante festejos de Santo Ant\u00f4nio - Not\u00edcias - Franciscanos\" \/>\n<meta property=\"og:description\" content=\"Selo Santo Ant\u00f4nio Solid\u00e1rio\" \/>\n<meta property=\"og:url\" content=\"https:\/\/franciscanos.org.br\/noticias\/provincia-cria-selo-solidario-ato-de-amor-durante-festejos-de-santo-antonio.html\" \/>\n<meta property=\"og:site_name\" content=\"Not\u00edcias - Franciscanos\" \/>\n<meta property=\"article:published_time\" content=\"2024-05-27T12:09:40+00:00\" \/>\n<meta property=\"article:modified_time\" content=\"2024-05-27T12:10:03+00:00\" \/>\n<meta property=\"og:image\" content=\"https:\/\/franciscanos.org.br\/noticias\/wp-content\/uploads\/2024\/05\/dentro-do-site.jpg\" \/>\n\t<meta property=\"og:image:width\" content=\"1280\" \/>\n\t<meta property=\"og:image:height\" content=\"720\" \/>\n\t<meta property=\"og:image:type\" content=\"image\/jpeg\" \/>\n<meta name=\"author\" content=\"Adriana Rabelo\" \/>\n<meta name=\"twitter:card\" content=\"summary_large_image\" \/>\n<meta name=\"twitter:label1\" content=\"Escrito por\" \/>\n\t<meta name=\"twitter:data1\" content=\"Adriana Rabelo\" \/>\n\t<meta name=\"twitter:label2\" content=\"Est. tempo de leitura\" \/>\n\t<meta name=\"twitter:data2\" content=\"2 minutos\" \/>\n<script type=\"application\/ld+json\" class=\"yoast-schema-graph\">{\"@context\":\"https:\/\/schema.org\",\"@graph\":[{\"@type\":\"WebSite\",\"@id\":\"https:\/\/franciscanos.org.br\/noticias\/#website\",\"url\":\"https:\/\/franciscanos.org.br\/noticias\/\",\"name\":\"Not\u00edcias - Franciscanos\",\"description\":\"Prov\u00edncia Franciscana da Imaculada Concei\u00e7\u00e3o do Brasil - Ordem dos Frades Menores - OFM\",\"potentialAction\":[{\"@type\":\"SearchAction\",\"target\":{\"@type\":\"EntryPoint\",\"urlTemplate\":\"https:\/\/franciscanos.org.br\/noticias\/?s={search_term_string}\"},\"query-input\":\"required name=search_term_string\"}],\"inLanguage\":\"pt-BR\"},{\"@type\":\"ImageObject\",\"inLanguage\":\"pt-BR\",\"@id\":\"https:\/\/franciscanos.org.br\/noticias\/provincia-cria-selo-solidario-ato-de-amor-durante-festejos-de-santo-antonio.html#primaryimage\",\"url\":\"https:\/\/franciscanos.org.br\/noticias\/wp-content\/uploads\/2024\/05\/dentro-do-site.jpg\",\"contentUrl\":\"https:\/\/franciscanos.org.br\/noticias\/wp-content\/uploads\/2024\/05\/dentro-do-site.jpg\",\"width\":1280,\"height\":720},{\"@type\":\"WebPage\",\"@id\":\"https:\/\/franciscanos.org.br\/noticias\/provincia-cria-selo-solidario-ato-de-amor-durante-festejos-de-santo-antonio.html#webpage\",\"url\":\"https:\/\/franciscanos.org.br\/noticias\/provincia-cria-selo-solidario-ato-de-amor-durante-festejos-de-santo-antonio.html\",\"name\":\"Prov\u00edncia cria \u201cselo solid\u00e1rio\u201d: ato de amor durante festejos de Santo Ant\u00f4nio - Not\u00edcias - Franciscanos\",\"isPartOf\":{\"@id\":\"https:\/\/franciscanos.org.br\/noticias\/#website\"},\"primaryImageOfPage\":{\"@id\":\"https:\/\/franciscanos.org.br\/noticias\/provincia-cria-selo-solidario-ato-de-amor-durante-festejos-de-santo-antonio.html#primaryimage\"},\"datePublished\":\"2024-05-27T12:09:40+00:00\",\"dateModified\":\"2024-05-27T12:10:03+00:00\",\"author\":{\"@id\":\"https:\/\/franciscanos.org.br\/noticias\/#\/schema\/person\/d9422e83121c3ad3b0f423d195f5bb25\"},\"breadcrumb\":{\"@id\":\"https:\/\/franciscanos.org.br\/noticias\/provincia-cria-selo-solidario-ato-de-amor-durante-festejos-de-santo-antonio.html#breadcrumb\"},\"inLanguage\":\"pt-BR\",\"potentialAction\":[{\"@type\":\"ReadAction\",\"target\":[\"https:\/\/franciscanos.org.br\/noticias\/provincia-cria-selo-solidario-ato-de-amor-durante-festejos-de-santo-antonio.html\"]}]},{\"@type\":\"BreadcrumbList\",\"@id\":\"https:\/\/franciscanos.org.br\/noticias\/provincia-cria-selo-solidario-ato-de-amor-durante-festejos-de-santo-antonio.html#breadcrumb\",\"itemListElement\":[{\"@type\":\"ListItem\",\"position\":1,\"name\":\"Home\",\"item\":\"https:\/\/franciscanos.org.br\/noticias\"},{\"@type\":\"ListItem\",\"position\":2,\"name\":\"Prov\u00edncia cria \u201cselo solid\u00e1rio\u201d: ato de amor durante festejos de Santo Ant\u00f4nio\"}]},{\"@type\":\"Person\",\"@id\":\"https:\/\/franciscanos.org.br\/noticias\/#\/schema\/person\/d9422e83121c3ad3b0f423d195f5bb25\",\"name\":\"Adriana Rabelo\",\"image\":{\"@type\":\"ImageObject\",\"inLanguage\":\"pt-BR\",\"@id\":\"https:\/\/franciscanos.org.br\/noticias\/#\/schema\/person\/image\/\",\"url\":\"https:\/\/secure.gravatar.com\/avatar\/0a937b7500cd7df77540cfb8bede877d?s=96&d=mm&r=g\",\"contentUrl\":\"https:\/\/secure.gravatar.com\/avatar\/0a937b7500cd7df77540cfb8bede877d?s=96&d=mm&r=g\",\"caption\":\"Adriana Rabelo\"},\"url\":\"https:\/\/franciscanos.org.br\/noticias\/author\/adrianarabelo\"}]}<\/script>\n<!-- \/ Yoast SEO plugin. -->","yoast_head_json":{"title":"Prov\u00edncia cria \u201cselo solid\u00e1rio\u201d: ato de amor durante festejos de Santo Ant\u00f4nio - Not\u00edcias - Franciscanos","robots":{"index":"index","follow":"follow","max-snippet":"max-snippet:-1","max-image-preview":"max-image-preview:large","max-video-preview":"max-video-preview:-1"},"canonical":"https:\/\/franciscanos.org.br\/noticias\/provincia-cria-selo-solidario-ato-de-amor-durante-festejos-de-santo-antonio.html","og_locale":"pt_BR","og_type":"article","og_title":"Prov\u00edncia cria \u201cselo solid\u00e1rio\u201d: ato de amor durante festejos de Santo Ant\u00f4nio - Not\u00edcias - Franciscanos","og_description":"Selo Santo Ant\u00f4nio Solid\u00e1rio","og_url":"https:\/\/franciscanos.org.br\/noticias\/provincia-cria-selo-solidario-ato-de-amor-durante-festejos-de-santo-antonio.html","og_site_name":"Not\u00edcias - Franciscanos","article_published_time":"2024-05-27T12:09:40+00:00","article_modified_time":"2024-05-27T12:10:03+00:00","og_image":[{"width":1280,"height":720,"url":"https:\/\/franciscanos.org.br\/noticias\/wp-content\/uploads\/2024\/05\/dentro-do-site.jpg","type":"image\/jpeg"}],"author":"Adriana Rabelo","twitter_card":"summary_large_image","twitter_misc":{"Escrito por":"Adriana Rabelo","Est. tempo de leitura":"2 minutos"},"schema":{"@context":"https:\/\/schema.org","@graph":[{"@type":"WebSite","@id":"https:\/\/franciscanos.org.br\/noticias\/#website","url":"https:\/\/franciscanos.org.br\/noticias\/","name":"Not\u00edcias - Franciscanos","description":"Prov\u00edncia Franciscana da Imaculada Concei\u00e7\u00e3o do Brasil - Ordem dos Frades Menores - OFM","potentialAction":[{"@type":"SearchAction","target":{"@type":"EntryPoint","urlTemplate":"https:\/\/franciscanos.org.br\/noticias\/?s={search_term_string}"},"query-input":"required name=search_term_string"}],"inLanguage":"pt-BR"},{"@type":"ImageObject","inLanguage":"pt-BR","@id":"https:\/\/franciscanos.org.br\/noticias\/provincia-cria-selo-solidario-ato-de-amor-durante-festejos-de-santo-antonio.html#primaryimage","url":"https:\/\/franciscanos.org.br\/noticias\/wp-content\/uploads\/2024\/05\/dentro-do-site.jpg","contentUrl":"https:\/\/franciscanos.org.br\/noticias\/wp-content\/uploads\/2024\/05\/dentro-do-site.jpg","width":1280,"height":720},{"@type":"WebPage","@id":"https:\/\/franciscanos.org.br\/noticias\/provincia-cria-selo-solidario-ato-de-amor-durante-festejos-de-santo-antonio.html#webpage","url":"https:\/\/franciscanos.org.br\/noticias\/provincia-cria-selo-solidario-ato-de-amor-durante-festejos-de-santo-antonio.html","name":"Prov\u00edncia cria \u201cselo solid\u00e1rio\u201d: ato de amor durante festejos de Santo Ant\u00f4nio - Not\u00edcias - Franciscanos","isPartOf":{"@id":"https:\/\/franciscanos.org.br\/noticias\/#website"},"primaryImageOfPage":{"@id":"https:\/\/franciscanos.org.br\/noticias\/provincia-cria-selo-solidario-ato-de-amor-durante-festejos-de-santo-antonio.html#primaryimage"},"datePublished":"2024-05-27T12:09:40+00:00","dateModified":"2024-05-27T12:10:03+00:00","author":{"@id":"https:\/\/franciscanos.org.br\/noticias\/#\/schema\/person\/d9422e83121c3ad3b0f423d195f5bb25"},"breadcrumb":{"@id":"https:\/\/franciscanos.org.br\/noticias\/provincia-cria-selo-solidario-ato-de-amor-durante-festejos-de-santo-antonio.html#breadcrumb"},"inLanguage":"pt-BR","potentialAction":[{"@type":"ReadAction","target":["https:\/\/franciscanos.org.br\/noticias\/provincia-cria-selo-solidario-ato-de-amor-durante-festejos-de-santo-antonio.html"]}]},{"@type":"BreadcrumbList","@id":"https:\/\/franciscanos.org.br\/noticias\/provincia-cria-selo-solidario-ato-de-amor-durante-festejos-de-santo-antonio.html#breadcrumb","itemListElement":[{"@type":"ListItem","position":1,"name":"Home","item":"https:\/\/franciscanos.org.br\/noticias"},{"@type":"ListItem","position":2,"name":"Prov\u00edncia cria \u201cselo solid\u00e1rio\u201d: ato de amor durante festejos de Santo Ant\u00f4nio"}]},{"@type":"Person","@id":"https:\/\/franciscanos.org.br\/noticias\/#\/schema\/person\/d9422e83121c3ad3b0f423d195f5bb25","name":"Adriana Rabelo","image":{"@type":"ImageObject","inLanguage":"pt-BR","@id":"https:\/\/franciscanos.org.br\/noticias\/#\/schema\/person\/image\/","url":"https:\/\/secure.gravatar.com\/avatar\/0a937b7500cd7df77540cfb8bede877d?s=96&d=mm&r=g","contentUrl":"https:\/\/secure.gravatar.com\/avatar\/0a937b7500cd7df77540cfb8bede877d?s=96&d=mm&r=g","caption":"Adriana Rabelo"},"url":"https:\/\/franciscanos.org.br\/noticias\/author\/adrianarabelo"}]}},"_links":{"self":[{"href":"https:\/\/franciscanos.org.br\/noticias\/wp-json\/wp\/v2\/posts\/247792"}],"collection":[{"href":"https:\/\/franciscanos.org.br\/noticias\/wp-json\/wp\/v2\/posts"}],"about":[{"href":"https:\/\/franciscanos.org.br\/noticias\/wp-json\/wp\/v2\/types\/post"}],"author":[{"embeddable":true,"href":"https:\/\/franciscanos.org.br\/noticias\/wp-json\/wp\/v2\/users\/11"}],"replies":[{"embeddable":true,"href":"https:\/\/franciscanos.org.br\/noticias\/wp-json\/wp\/v2\/comments?post=247792"}],"version-history":[{"count":2,"href":"https:\/\/franciscanos.org.br\/noticias\/wp-json\/wp\/v2\/posts\/247792\/revisions"}],"predecessor-version":[{"id":247795,"href":"https:\/\/franciscanos.org.br\/noticias\/wp-json\/wp\/v2\/posts\/247792\/revisions\/247795"}],"wp:featuredmedia":[{"embeddable":true,"href":"https:\/\/franciscanos.org.br\/noticias\/wp-json\/wp\/v2\/media\/247793"}],"wp:attachment":[{"href":"https:\/\/franciscanos.org.br\/noticias\/wp-json\/wp\/v2\/media?parent=247792"}],"wp:term":[{"taxonomy":"category","embeddable":true,"href":"https:\/\/franciscanos.org.br\/noticias\/wp-json\/wp\/v2\/categories?post=247792"},{"taxonomy":"post_tag","embeddable":true,"href":"https:\/\/franciscanos.org.br\/noticias\/wp-json\/wp\/v2\/tags?post=247792"}],"curies":[{"name":"wp","href":"https:\/\/api.w.org\/{rel}","templated":true}]}}