{"id":247753,"date":"2024-05-25T17:12:13","date_gmt":"2024-05-25T20:12:13","guid":{"rendered":"https:\/\/franciscanos.org.br\/noticias\/?p=247753"},"modified":"2024-05-26T10:29:09","modified_gmt":"2024-05-26T13:29:09","slug":"assembleia-da-uclaf-reune-representantes-das-provincias-e-custodias-no-mexico","status":"publish","type":"post","link":"https:\/\/franciscanos.org.br\/noticias\/assembleia-da-uclaf-reune-representantes-das-provincias-e-custodias-no-mexico.html","title":{"rendered":"Assembleia da UCLAF re\u00fane representantes das Prov\u00edncias e Cust\u00f3dias no M\u00e9xico"},"content":{"rendered":"<p><img loading=\"lazy\" class=\"aligncenter wp-image-247754 size-full\" src=\"https:\/\/franciscanos.org.br\/noticias\/wp-content\/uploads\/2024\/05\/UCLAF_veracruz_messico-32.jpg\" alt=\"\" width=\"1920\" height=\"1441\" srcset=\"https:\/\/franciscanos.org.br\/noticias\/wp-content\/uploads\/2024\/05\/UCLAF_veracruz_messico-32.jpg 1439w, https:\/\/franciscanos.org.br\/noticias\/wp-content\/uploads\/2024\/05\/UCLAF_veracruz_messico-32-450x338.jpg 450w, https:\/\/franciscanos.org.br\/noticias\/wp-content\/uploads\/2024\/05\/UCLAF_veracruz_messico-32-1024x769.jpg 1024w, https:\/\/franciscanos.org.br\/noticias\/wp-content\/uploads\/2024\/05\/UCLAF_veracruz_messico-32-768x576.jpg 768w, https:\/\/franciscanos.org.br\/noticias\/wp-content\/uploads\/2024\/05\/UCLAF_veracruz_messico-32-1536x1153.jpg 1536w, https:\/\/franciscanos.org.br\/noticias\/wp-content\/uploads\/2024\/05\/UCLAF_veracruz_messico-32-150x113.jpg 150w, https:\/\/franciscanos.org.br\/noticias\/wp-content\/uploads\/2024\/05\/UCLAF_veracruz_messico-32-600x450.jpg 600w\" sizes=\"(max-width: 1920px) 100vw, 1920px\" \/><\/p>\n<p><span style=\"font-weight: 400;\">De 24 a 28 de maio ser\u00e1 realizada, em Veracruz, M\u00e9xico, a\u00a0 Assembleia Celebrativa-Formativa da Uni\u00e3o das\u00a0 Confer\u00eancias Latino-americanas Franciscanas (UCLAF). Frades que representam as Prov\u00edncias e Cust\u00f3dias voltam a se encontrar presencialmente depois do \u00faltimo encontro, em 2023, no Convento S\u00e3o Francisco, em S\u00e3o Paulo (BR).\u00a0 O evento deste ano marca as celebra\u00e7\u00f5es dos<\/span><span style=\"font-weight: 400;\"> 500 anos da presen\u00e7a da Ordem\u00a0 dos Frades Menores (OFM), no pa\u00eds latino-americano.<\/span><\/p>\n<p>Representando o Brasil e o Cone Sul, est\u00e3o no M\u00e9xico: Frei Fernando Aparecido dos Santos, da Cust\u00f3dia Franciscana do Sagrado Cora\u00e7\u00e3o de Jesus (BR); Frei Daniel Alejandro Fleitas, provincial da Prov\u00edncia San Francisco Solano (AR); Frei Carlos\u00a0 Guillermo Paz Guzm\u00e1n, Ministro provincial da Prov\u00edncia de la Sant\u00edsima Trindad (CL) e Frei Em\u00edlio Luis Andrada, Minsitro provincial da Prov\u00edncia de la Assunci\u00f3n de la Sant\u00edsima Virgen Del R\u00edo de la Plata (CL). Eles se unem a outros frades para debater quest\u00f5es relacionadas ao futuro e\u00a0 o caminho sinodal da Igreja, com olhar voltado para o carisma e a espiritualidade franciscana.<\/p>\n<p>A <strong>UCLAF<\/strong> \u00e9 um organismo de anima\u00e7\u00e3o da Ordem dos Frades Menores que nasceu motivada pelo impulso renovador do Conc\u00edlio Vaticano II para promover a unidade e a busca de colabora\u00e7\u00e3o na vida e na miss\u00e3o da Ordem no contexto da Am\u00e9rica Latina. Em todos estes anos, ela tem buscado promover a colabora\u00e7\u00e3o em suas presen\u00e7as evangelizadoras (hist\u00f3ricos santu\u00e1rios, vicariatos, par\u00f3quias, educa\u00e7\u00e3o, comunica\u00e7\u00e3o, trabalho social e iniciativas mission\u00e1rias) e na forma\u00e7\u00e3o a partir do carisma franciscano.<\/p>\n<h3><strong>Reuni\u00e3o do governo geral com a UCLAF<\/strong><\/h3>\n<p>Neste dia 24 de maio, a reuni\u00e3o do Governo Geral com a UCLAF foi realizada em Veracruz, M\u00e9xico. As atividades come\u00e7aram com uma Santa Missa na Catedral de Veracruz, presidida pelo Vig\u00e1rio Geral Fr. Ignacio Ceja. \u201cA celebra\u00e7\u00e3o da dedica\u00e7\u00e3o da Bas\u00edlica de S\u00e3o Francisco \u00e9 uma excelente oportunidade para aprofundar as implica\u00e7\u00f5es para a nossa vida e miss\u00e3o da Igreja,\u00a0 acontecimento que nestes dias celebramos aqui: os 500 anos da chegada dos \u201cdoze ap\u00f3stolos\u201d dos franciscanos. Esses nossos irm\u00e3os, ao se entregarem \u00e0 tarefa de evangelizar os habitantes destas terras, n\u00e3o s\u00f3 lan\u00e7aram os alicerces. da Igreja no M\u00e9xico, mas deram in\u00edcio a um dos empreendimentos evangelizadores mais not\u00e1veis \u200b\u200bda hist\u00f3ria da Igreja e da nossa Ordem\u201d, comentou o Vig\u00e1rio Geral em sua homilia.<\/p>\n\n\t\t<style type=\"text\/css\">\n\t\t\t#gallery-1 {\n\t\t\t\tmargin: auto;\n\t\t\t}\n\t\t\t#gallery-1 .gallery-item {\n\t\t\t\tfloat: left;\n\t\t\t\tmargin-top: 10px;\n\t\t\t\ttext-align: center;\n\t\t\t\twidth: 33%;\n\t\t\t}\n\t\t\t#gallery-1 img {\n\t\t\t\tborder: 2px solid #cfcfcf;\n\t\t\t}\n\t\t\t#gallery-1 .gallery-caption {\n\t\t\t\tmargin-left: 0;\n\t\t\t}\n\t\t\t\/* see gallery_shortcode() in wp-includes\/media.php *\/\n\t\t<\/style>\n\t\t<div id='gallery-1' class='gallery galleryid-247753 gallery-columns-3 gallery-size-thumbnail'><dl class='gallery-item'>\n\t\t\t<dt class='gallery-icon landscape'>\n\t\t\t\t<a href='https:\/\/franciscanos.org.br\/noticias\/wp-content\/uploads\/2024\/05\/UCLAF_veracruz_messico-1.jpg'><img width=\"300\" height=\"300\" src=\"https:\/\/franciscanos.org.br\/noticias\/wp-content\/uploads\/2024\/05\/UCLAF_veracruz_messico-1-300x300.jpg\" class=\"attachment-thumbnail size-thumbnail\" alt=\"\" loading=\"lazy\" srcset=\"https:\/\/franciscanos.org.br\/noticias\/wp-content\/uploads\/2024\/05\/UCLAF_veracruz_messico-1-300x300.jpg 300w, https:\/\/franciscanos.org.br\/noticias\/wp-content\/uploads\/2024\/05\/UCLAF_veracruz_messico-1-100x100.jpg 100w\" sizes=\"(max-width: 300px) 100vw, 300px\" \/><\/a>\n\t\t\t<\/dt><\/dl><dl class='gallery-item'>\n\t\t\t<dt class='gallery-icon landscape'>\n\t\t\t\t<a href='https:\/\/franciscanos.org.br\/noticias\/wp-content\/uploads\/2024\/05\/UCLAF_veracruz_messico-2.jpg'><img width=\"300\" height=\"300\" src=\"https:\/\/franciscanos.org.br\/noticias\/wp-content\/uploads\/2024\/05\/UCLAF_veracruz_messico-2-300x300.jpg\" class=\"attachment-thumbnail size-thumbnail\" alt=\"\" loading=\"lazy\" srcset=\"https:\/\/franciscanos.org.br\/noticias\/wp-content\/uploads\/2024\/05\/UCLAF_veracruz_messico-2-300x300.jpg 300w, https:\/\/franciscanos.org.br\/noticias\/wp-content\/uploads\/2024\/05\/UCLAF_veracruz_messico-2-100x100.jpg 100w\" sizes=\"(max-width: 300px) 100vw, 300px\" \/><\/a>\n\t\t\t<\/dt><\/dl><dl class='gallery-item'>\n\t\t\t<dt class='gallery-icon landscape'>\n\t\t\t\t<a href='https:\/\/franciscanos.org.br\/noticias\/wp-content\/uploads\/2024\/05\/UCLAF_veracruz_messico-3.jpg'><img width=\"300\" height=\"300\" src=\"https:\/\/franciscanos.org.br\/noticias\/wp-content\/uploads\/2024\/05\/UCLAF_veracruz_messico-3-300x300.jpg\" class=\"attachment-thumbnail size-thumbnail\" alt=\"\" loading=\"lazy\" srcset=\"https:\/\/franciscanos.org.br\/noticias\/wp-content\/uploads\/2024\/05\/UCLAF_veracruz_messico-3-300x300.jpg 300w, https:\/\/franciscanos.org.br\/noticias\/wp-content\/uploads\/2024\/05\/UCLAF_veracruz_messico-3-100x100.jpg 100w\" sizes=\"(max-width: 300px) 100vw, 300px\" \/><\/a>\n\t\t\t<\/dt><\/dl><br style=\"clear: both\" \/>\n\t\t<\/div>\n\n<p>O encontro continuou no teatro Clavijero, com a magistral confer\u00eancia de Irm\u00e3 Liliana Franco Echeverry sobre o tema \u201cOs desafios da vida religiosa para a Am\u00e9rica Latina, a partir da sinodalidade&#8221;.\u00a0 A palestrante iniciou sua fala citando as cinco chaves essenciais do esp\u00edrito da sinodalidade: a arte da escuta, o olhar contemplativo e a realidade, emanando formas anti-evang\u00e9licas, a itiner\u00e2ncia existencial e geogr\u00e1fica e, finalmente, a sa\u00edda mission\u00e1ria na intercongrega\u00e7\u00e3o e na interculturalidade.<\/p>\n<p>A irm\u00e3 convidou todos a ver a miss\u00e3o em termos de sinodalidade: \u201cA grande miss\u00e3o \u00e9 ajudar a construir o \u2018n\u00f3s\u2019 que quer a convers\u00e3o. Ela convidou os franciscanos a se fazerem sentir neles Francisco, Clara e o cheiro do Evangelho em vida &#8220;. Continuou dizendo que &#8220;\u00e9 urgente uma convers\u00e3o pastoral em chave mission\u00e1ria para tornar poss\u00edvel o n\u00f3s eclesial, transcendendo a singularidade para viver no dom da pluralidade&#8221;.<\/p>\n\n\t\t<style type=\"text\/css\">\n\t\t\t#gallery-2 {\n\t\t\t\tmargin: auto;\n\t\t\t}\n\t\t\t#gallery-2 .gallery-item {\n\t\t\t\tfloat: left;\n\t\t\t\tmargin-top: 10px;\n\t\t\t\ttext-align: center;\n\t\t\t\twidth: 50%;\n\t\t\t}\n\t\t\t#gallery-2 img {\n\t\t\t\tborder: 2px solid #cfcfcf;\n\t\t\t}\n\t\t\t#gallery-2 .gallery-caption {\n\t\t\t\tmargin-left: 0;\n\t\t\t}\n\t\t\t\/* see gallery_shortcode() in wp-includes\/media.php *\/\n\t\t<\/style>\n\t\t<div id='gallery-2' class='gallery galleryid-247753 gallery-columns-2 gallery-size-large'><dl class='gallery-item'>\n\t\t\t<dt class='gallery-icon landscape'>\n\t\t\t\t<a href='https:\/\/franciscanos.org.br\/noticias\/wp-content\/uploads\/2024\/05\/UCLAF_veracruz_messico-14.jpg'><img width=\"1024\" height=\"769\" src=\"https:\/\/franciscanos.org.br\/noticias\/wp-content\/uploads\/2024\/05\/UCLAF_veracruz_messico-14-1024x769.jpg\" class=\"attachment-large size-large\" alt=\"\" loading=\"lazy\" srcset=\"https:\/\/franciscanos.org.br\/noticias\/wp-content\/uploads\/2024\/05\/UCLAF_veracruz_messico-14-1024x769.jpg 1024w, https:\/\/franciscanos.org.br\/noticias\/wp-content\/uploads\/2024\/05\/UCLAF_veracruz_messico-14-450x338.jpg 450w, https:\/\/franciscanos.org.br\/noticias\/wp-content\/uploads\/2024\/05\/UCLAF_veracruz_messico-14-768x576.jpg 768w, https:\/\/franciscanos.org.br\/noticias\/wp-content\/uploads\/2024\/05\/UCLAF_veracruz_messico-14-1536x1153.jpg 1536w, https:\/\/franciscanos.org.br\/noticias\/wp-content\/uploads\/2024\/05\/UCLAF_veracruz_messico-14-150x113.jpg 150w, https:\/\/franciscanos.org.br\/noticias\/wp-content\/uploads\/2024\/05\/UCLAF_veracruz_messico-14-600x450.jpg 600w, https:\/\/franciscanos.org.br\/noticias\/wp-content\/uploads\/2024\/05\/UCLAF_veracruz_messico-14.jpg 1439w\" sizes=\"(max-width: 1024px) 100vw, 1024px\" \/><\/a>\n\t\t\t<\/dt><\/dl><dl class='gallery-item'>\n\t\t\t<dt class='gallery-icon landscape'>\n\t\t\t\t<a href='https:\/\/franciscanos.org.br\/noticias\/wp-content\/uploads\/2024\/05\/UCLAF_veracruz_messico-19.jpg'><img width=\"1024\" height=\"769\" src=\"https:\/\/franciscanos.org.br\/noticias\/wp-content\/uploads\/2024\/05\/UCLAF_veracruz_messico-19-1024x769.jpg\" class=\"attachment-large size-large\" alt=\"\" loading=\"lazy\" srcset=\"https:\/\/franciscanos.org.br\/noticias\/wp-content\/uploads\/2024\/05\/UCLAF_veracruz_messico-19-1024x769.jpg 1024w, https:\/\/franciscanos.org.br\/noticias\/wp-content\/uploads\/2024\/05\/UCLAF_veracruz_messico-19-450x338.jpg 450w, https:\/\/franciscanos.org.br\/noticias\/wp-content\/uploads\/2024\/05\/UCLAF_veracruz_messico-19-768x576.jpg 768w, https:\/\/franciscanos.org.br\/noticias\/wp-content\/uploads\/2024\/05\/UCLAF_veracruz_messico-19-1536x1153.jpg 1536w, https:\/\/franciscanos.org.br\/noticias\/wp-content\/uploads\/2024\/05\/UCLAF_veracruz_messico-19-150x113.jpg 150w, https:\/\/franciscanos.org.br\/noticias\/wp-content\/uploads\/2024\/05\/UCLAF_veracruz_messico-19-600x450.jpg 600w, https:\/\/franciscanos.org.br\/noticias\/wp-content\/uploads\/2024\/05\/UCLAF_veracruz_messico-19.jpg 1439w\" sizes=\"(max-width: 1024px) 100vw, 1024px\" \/><\/a>\n\t\t\t<\/dt><\/dl><br style=\"clear: both\" \/>\n\t\t<\/div>\n\n<p>O encontro continuou com a mensagem do Frei Massimo Fusarelli, Ministro geral, que recordou que os doze ap\u00f3stolos tiveram um encontro totalmente novo. Eles puderam cumprir a sua miss\u00e3o evangelizadora gra\u00e7as \u00e0 sua s\u00f3lida prepara\u00e7\u00e3o cultural e \u00e0 leitura dos sinais do Evangelho.<br \/>\nPediu aos frades uma renova\u00e7\u00e3o da a\u00e7\u00e3o mission\u00e1ria franciscana a partir de uma rela\u00e7\u00e3o pessoal com Deus, de uma verdadeira vida fraterna, de uma sobriedade de vida sem se afastar dos mais humildes e deixar-se levar pelo Esp\u00edrito: \u201cEstou intimamente certo de que o Esp\u00edrito nos pede outra coisa que \u00e9 urgente: que tenhamos a coragem de nos deixar levar al\u00e9m das nossas certezas, inclusive pastorais, para imaginar e come\u00e7ar a viver uma &#8216;nova&#8217; vida franciscana em modos e caminhos, apoiada por meios adequados de prepara\u00e7\u00e3o para a miss\u00e3o\u201d, salientou.<img loading=\"lazy\" class=\"size-medium wp-image-247769 alignright\" src=\"https:\/\/franciscanos.org.br\/noticias\/wp-content\/uploads\/2024\/05\/UCLAF_veracruz_messico-20-450x338.jpg\" alt=\"\" width=\"450\" height=\"338\" srcset=\"https:\/\/franciscanos.org.br\/noticias\/wp-content\/uploads\/2024\/05\/UCLAF_veracruz_messico-20-450x338.jpg 450w, https:\/\/franciscanos.org.br\/noticias\/wp-content\/uploads\/2024\/05\/UCLAF_veracruz_messico-20-1024x769.jpg 1024w, https:\/\/franciscanos.org.br\/noticias\/wp-content\/uploads\/2024\/05\/UCLAF_veracruz_messico-20-768x576.jpg 768w, https:\/\/franciscanos.org.br\/noticias\/wp-content\/uploads\/2024\/05\/UCLAF_veracruz_messico-20-1536x1153.jpg 1536w, https:\/\/franciscanos.org.br\/noticias\/wp-content\/uploads\/2024\/05\/UCLAF_veracruz_messico-20-150x113.jpg 150w, https:\/\/franciscanos.org.br\/noticias\/wp-content\/uploads\/2024\/05\/UCLAF_veracruz_messico-20-600x450.jpg 600w, https:\/\/franciscanos.org.br\/noticias\/wp-content\/uploads\/2024\/05\/UCLAF_veracruz_messico-20.jpg 1439w\" sizes=\"(max-width: 450px) 100vw, 450px\" \/><\/p>\n<p>Al\u00e9m disso, o Ministro convidou os frades a caminharem numa Igreja sinodal ao lado dos leigos, passando da colabora\u00e7\u00e3o \u00e0 corresponsabilidade com eles na miss\u00e3o. Ele tamb\u00e9m convidou os frades a buscarem novas formas de vida e de evangeliza\u00e7\u00e3o, a retomar as miss\u00f5es da Ordem na Amaz\u00f4nia, Cuba, Haiti, bem como a presen\u00e7a entre os povos ind\u00edgenas e nas periferias das metr\u00f3poles. Concluiu felicitando a celebra\u00e7\u00e3o do 500\u00ba anivers\u00e1rio da chegada dos primeiros frades ao M\u00e9xico.<\/p>\n<p>\u00c0 tarde foi realizada uma confer\u00eancia de mestrado intitulada \u201cUma utopia evangelizadora para o Novo Mundo. O projeto mission\u00e1rio dos primeiros 12 franciscanos\u201d. Frei Guillermo Rodriguez Rico apresentou ao expositor Frei Francisco Morales Valerio sua trajet\u00f3ria dentro da Ordem e seus estudos sobre a evangeliza\u00e7\u00e3o dos franciscanos na Am\u00e9rica.<\/p>\n<p>O Irm\u00e3o Francis falou sobre o ideal de uma igreja indiana, de um novo cristianismo. Para ele, os franciscanos foram uma chave para a evangeliza\u00e7\u00e3o do s\u00e9culo XVI, pois conheceram diretamente a cultura mesoamericana e nela mergulharam. Apresentou como ponto chave o di\u00e1logo intercultural realizado pelos frades, o esfor\u00e7o de se conhecerem, numa realidade dif\u00edcil de encontro de duas culturas totalmente diferentes. Por isso, ao chegar ao M\u00e9xico, os mission\u00e1rios se esfor\u00e7aram para aprender a l\u00edngua e a cultura e depois levaram a mensagem evang\u00e9lica para a l\u00edngua dos povos ind\u00edgenas.<\/p>\n\n\t\t<style type=\"text\/css\">\n\t\t\t#gallery-3 {\n\t\t\t\tmargin: auto;\n\t\t\t}\n\t\t\t#gallery-3 .gallery-item {\n\t\t\t\tfloat: left;\n\t\t\t\tmargin-top: 10px;\n\t\t\t\ttext-align: center;\n\t\t\t\twidth: 25%;\n\t\t\t}\n\t\t\t#gallery-3 img {\n\t\t\t\tborder: 2px solid #cfcfcf;\n\t\t\t}\n\t\t\t#gallery-3 .gallery-caption {\n\t\t\t\tmargin-left: 0;\n\t\t\t}\n\t\t\t\/* see gallery_shortcode() in wp-includes\/media.php *\/\n\t\t<\/style>\n\t\t<div id='gallery-3' class='gallery galleryid-247753 gallery-columns-4 gallery-size-thumbnail'><dl class='gallery-item'>\n\t\t\t<dt class='gallery-icon landscape'>\n\t\t\t\t<a href='https:\/\/franciscanos.org.br\/noticias\/wp-content\/uploads\/2024\/05\/UCLAF_veracruz_messico-22.jpg'><img width=\"300\" height=\"300\" src=\"https:\/\/franciscanos.org.br\/noticias\/wp-content\/uploads\/2024\/05\/UCLAF_veracruz_messico-22-300x300.jpg\" class=\"attachment-thumbnail size-thumbnail\" alt=\"\" loading=\"lazy\" srcset=\"https:\/\/franciscanos.org.br\/noticias\/wp-content\/uploads\/2024\/05\/UCLAF_veracruz_messico-22-300x300.jpg 300w, https:\/\/franciscanos.org.br\/noticias\/wp-content\/uploads\/2024\/05\/UCLAF_veracruz_messico-22-100x100.jpg 100w\" sizes=\"(max-width: 300px) 100vw, 300px\" \/><\/a>\n\t\t\t<\/dt><\/dl><dl class='gallery-item'>\n\t\t\t<dt class='gallery-icon landscape'>\n\t\t\t\t<a href='https:\/\/franciscanos.org.br\/noticias\/wp-content\/uploads\/2024\/05\/UCLAF_veracruz_messico-23.jpg'><img width=\"300\" height=\"300\" src=\"https:\/\/franciscanos.org.br\/noticias\/wp-content\/uploads\/2024\/05\/UCLAF_veracruz_messico-23-300x300.jpg\" class=\"attachment-thumbnail size-thumbnail\" alt=\"\" loading=\"lazy\" srcset=\"https:\/\/franciscanos.org.br\/noticias\/wp-content\/uploads\/2024\/05\/UCLAF_veracruz_messico-23-300x300.jpg 300w, https:\/\/franciscanos.org.br\/noticias\/wp-content\/uploads\/2024\/05\/UCLAF_veracruz_messico-23-100x100.jpg 100w\" sizes=\"(max-width: 300px) 100vw, 300px\" \/><\/a>\n\t\t\t<\/dt><\/dl><dl class='gallery-item'>\n\t\t\t<dt class='gallery-icon landscape'>\n\t\t\t\t<a href='https:\/\/franciscanos.org.br\/noticias\/wp-content\/uploads\/2024\/05\/UCLAF_veracruz_messico-24.jpg'><img width=\"300\" height=\"300\" src=\"https:\/\/franciscanos.org.br\/noticias\/wp-content\/uploads\/2024\/05\/UCLAF_veracruz_messico-24-300x300.jpg\" class=\"attachment-thumbnail size-thumbnail\" alt=\"\" loading=\"lazy\" srcset=\"https:\/\/franciscanos.org.br\/noticias\/wp-content\/uploads\/2024\/05\/UCLAF_veracruz_messico-24-300x300.jpg 300w, https:\/\/franciscanos.org.br\/noticias\/wp-content\/uploads\/2024\/05\/UCLAF_veracruz_messico-24-100x100.jpg 100w\" sizes=\"(max-width: 300px) 100vw, 300px\" \/><\/a>\n\t\t\t<\/dt><\/dl><dl class='gallery-item'>\n\t\t\t<dt class='gallery-icon landscape'>\n\t\t\t\t<a href='https:\/\/franciscanos.org.br\/noticias\/wp-content\/uploads\/2024\/05\/UCLAF_veracruz_messico-25.jpg'><img width=\"300\" height=\"300\" src=\"https:\/\/franciscanos.org.br\/noticias\/wp-content\/uploads\/2024\/05\/UCLAF_veracruz_messico-25-300x300.jpg\" class=\"attachment-thumbnail size-thumbnail\" alt=\"\" loading=\"lazy\" srcset=\"https:\/\/franciscanos.org.br\/noticias\/wp-content\/uploads\/2024\/05\/UCLAF_veracruz_messico-25-300x300.jpg 300w, https:\/\/franciscanos.org.br\/noticias\/wp-content\/uploads\/2024\/05\/UCLAF_veracruz_messico-25-100x100.jpg 100w\" sizes=\"(max-width: 300px) 100vw, 300px\" \/><\/a>\n\t\t\t<\/dt><\/dl><br style=\"clear: both\" \/>\n\t\t<\/div>\n\n<p>O encontro terminou \u00e0 noite com a apresenta\u00e7\u00e3o da pe\u00e7a \u201cConhec\u00ea-los-\u00e1s pelas suas obras\u201d.<\/p>\n\n\t\t<style type=\"text\/css\">\n\t\t\t#gallery-4 {\n\t\t\t\tmargin: auto;\n\t\t\t}\n\t\t\t#gallery-4 .gallery-item {\n\t\t\t\tfloat: left;\n\t\t\t\tmargin-top: 10px;\n\t\t\t\ttext-align: center;\n\t\t\t\twidth: 25%;\n\t\t\t}\n\t\t\t#gallery-4 img {\n\t\t\t\tborder: 2px solid #cfcfcf;\n\t\t\t}\n\t\t\t#gallery-4 .gallery-caption {\n\t\t\t\tmargin-left: 0;\n\t\t\t}\n\t\t\t\/* see gallery_shortcode() in wp-includes\/media.php *\/\n\t\t<\/style>\n\t\t<div id='gallery-4' class='gallery galleryid-247753 gallery-columns-4 gallery-size-thumbnail'><dl class='gallery-item'>\n\t\t\t<dt class='gallery-icon landscape'>\n\t\t\t\t<a href='https:\/\/franciscanos.org.br\/noticias\/wp-content\/uploads\/2024\/05\/UCLAF_veracruz_messico-27.jpg'><img width=\"300\" height=\"300\" src=\"https:\/\/franciscanos.org.br\/noticias\/wp-content\/uploads\/2024\/05\/UCLAF_veracruz_messico-27-300x300.jpg\" class=\"attachment-thumbnail size-thumbnail\" alt=\"\" loading=\"lazy\" srcset=\"https:\/\/franciscanos.org.br\/noticias\/wp-content\/uploads\/2024\/05\/UCLAF_veracruz_messico-27-300x300.jpg 300w, https:\/\/franciscanos.org.br\/noticias\/wp-content\/uploads\/2024\/05\/UCLAF_veracruz_messico-27-100x100.jpg 100w\" sizes=\"(max-width: 300px) 100vw, 300px\" \/><\/a>\n\t\t\t<\/dt><\/dl><dl class='gallery-item'>\n\t\t\t<dt class='gallery-icon landscape'>\n\t\t\t\t<a href='https:\/\/franciscanos.org.br\/noticias\/wp-content\/uploads\/2024\/05\/UCLAF_veracruz_messico-36.jpg'><img width=\"300\" height=\"300\" src=\"https:\/\/franciscanos.org.br\/noticias\/wp-content\/uploads\/2024\/05\/UCLAF_veracruz_messico-36-300x300.jpg\" class=\"attachment-thumbnail size-thumbnail\" alt=\"\" loading=\"lazy\" srcset=\"https:\/\/franciscanos.org.br\/noticias\/wp-content\/uploads\/2024\/05\/UCLAF_veracruz_messico-36-300x300.jpg 300w, https:\/\/franciscanos.org.br\/noticias\/wp-content\/uploads\/2024\/05\/UCLAF_veracruz_messico-36-100x100.jpg 100w\" sizes=\"(max-width: 300px) 100vw, 300px\" \/><\/a>\n\t\t\t<\/dt><\/dl><dl class='gallery-item'>\n\t\t\t<dt class='gallery-icon landscape'>\n\t\t\t\t<a href='https:\/\/franciscanos.org.br\/noticias\/wp-content\/uploads\/2024\/05\/UCLAF_veracruz_messico-37.jpg'><img width=\"300\" height=\"300\" src=\"https:\/\/franciscanos.org.br\/noticias\/wp-content\/uploads\/2024\/05\/UCLAF_veracruz_messico-37-300x300.jpg\" class=\"attachment-thumbnail size-thumbnail\" alt=\"\" loading=\"lazy\" srcset=\"https:\/\/franciscanos.org.br\/noticias\/wp-content\/uploads\/2024\/05\/UCLAF_veracruz_messico-37-300x300.jpg 300w, https:\/\/franciscanos.org.br\/noticias\/wp-content\/uploads\/2024\/05\/UCLAF_veracruz_messico-37-100x100.jpg 100w\" sizes=\"(max-width: 300px) 100vw, 300px\" \/><\/a>\n\t\t\t<\/dt><\/dl><dl class='gallery-item'>\n\t\t\t<dt class='gallery-icon landscape'>\n\t\t\t\t<a href='https:\/\/franciscanos.org.br\/noticias\/wp-content\/uploads\/2024\/05\/UCLAF_veracruz_messico-38.jpg'><img width=\"300\" height=\"300\" src=\"https:\/\/franciscanos.org.br\/noticias\/wp-content\/uploads\/2024\/05\/UCLAF_veracruz_messico-38-300x300.jpg\" class=\"attachment-thumbnail size-thumbnail\" alt=\"\" loading=\"lazy\" srcset=\"https:\/\/franciscanos.org.br\/noticias\/wp-content\/uploads\/2024\/05\/UCLAF_veracruz_messico-38-300x300.jpg 300w, https:\/\/franciscanos.org.br\/noticias\/wp-content\/uploads\/2024\/05\/UCLAF_veracruz_messico-38-100x100.jpg 100w\" sizes=\"(max-width: 300px) 100vw, 300px\" \/><\/a>\n\t\t\t<\/dt><\/dl><br style=\"clear: both\" \/>\n\t\t<\/div>\n\n<hr \/>\n<p>Adriana Rabelo<\/p>\n<p>Fonte: <a href=\"https:\/\/www.ofm.org\/incontro-del-governo-generale-con-l-uclaf.html\">https:\/\/www.ofm.org\/incontro-del-governo-generale-con-l-uclaf.html<\/a><\/p>\n<p>&nbsp;<\/p>\n","protected":false},"excerpt":{"rendered":"<p>Assembleia UCLAF no M\u00e9xico<\/p>\n","protected":false},"author":11,"featured_media":247754,"comment_status":"open","ping_status":"open","sticky":false,"template":"","format":"standard","meta":[],"categories":[1],"tags":[2218],"acf":[],"yoast_head":"<!-- This site is optimized with the Yoast SEO plugin v19.2 - https:\/\/yoast.com\/wordpress\/plugins\/seo\/ -->\n<title>Assembleia da UCLAF re\u00fane representantes das Prov\u00edncias e Cust\u00f3dias no M\u00e9xico - Not\u00edcias - Franciscanos<\/title>\n<meta name=\"robots\" content=\"index, follow, max-snippet:-1, max-image-preview:large, max-video-preview:-1\" \/>\n<link rel=\"canonical\" href=\"https:\/\/franciscanos.org.br\/noticias\/assembleia-da-uclaf-reune-representantes-das-provincias-e-custodias-no-mexico.html\" \/>\n<meta property=\"og:locale\" content=\"pt_BR\" \/>\n<meta property=\"og:type\" content=\"article\" \/>\n<meta property=\"og:title\" content=\"Assembleia da UCLAF re\u00fane representantes das Prov\u00edncias e Cust\u00f3dias no M\u00e9xico - Not\u00edcias - Franciscanos\" \/>\n<meta property=\"og:description\" content=\"Assembleia UCLAF no M\u00e9xico\" \/>\n<meta property=\"og:url\" content=\"https:\/\/franciscanos.org.br\/noticias\/assembleia-da-uclaf-reune-representantes-das-provincias-e-custodias-no-mexico.html\" \/>\n<meta property=\"og:site_name\" content=\"Not\u00edcias - Franciscanos\" \/>\n<meta property=\"article:published_time\" content=\"2024-05-25T20:12:13+00:00\" \/>\n<meta property=\"article:modified_time\" content=\"2024-05-26T13:29:09+00:00\" \/>\n<meta property=\"og:image\" content=\"https:\/\/franciscanos.org.br\/noticias\/wp-content\/uploads\/2024\/05\/UCLAF_veracruz_messico-32.jpg\" \/>\n\t<meta property=\"og:image:width\" content=\"1439\" \/>\n\t<meta property=\"og:image:height\" content=\"1080\" \/>\n\t<meta property=\"og:image:type\" content=\"image\/jpeg\" \/>\n<meta name=\"author\" content=\"Adriana Rabelo\" \/>\n<meta name=\"twitter:card\" content=\"summary_large_image\" \/>\n<meta name=\"twitter:label1\" content=\"Escrito por\" \/>\n\t<meta name=\"twitter:data1\" content=\"Adriana Rabelo\" \/>\n\t<meta name=\"twitter:label2\" content=\"Est. tempo de leitura\" \/>\n\t<meta name=\"twitter:data2\" content=\"5 minutos\" \/>\n<script type=\"application\/ld+json\" class=\"yoast-schema-graph\">{\"@context\":\"https:\/\/schema.org\",\"@graph\":[{\"@type\":\"WebSite\",\"@id\":\"https:\/\/franciscanos.org.br\/noticias\/#website\",\"url\":\"https:\/\/franciscanos.org.br\/noticias\/\",\"name\":\"Not\u00edcias - Franciscanos\",\"description\":\"Prov\u00edncia Franciscana da Imaculada Concei\u00e7\u00e3o do Brasil - Ordem dos Frades Menores - OFM\",\"potentialAction\":[{\"@type\":\"SearchAction\",\"target\":{\"@type\":\"EntryPoint\",\"urlTemplate\":\"https:\/\/franciscanos.org.br\/noticias\/?s={search_term_string}\"},\"query-input\":\"required name=search_term_string\"}],\"inLanguage\":\"pt-BR\"},{\"@type\":\"ImageObject\",\"inLanguage\":\"pt-BR\",\"@id\":\"https:\/\/franciscanos.org.br\/noticias\/assembleia-da-uclaf-reune-representantes-das-provincias-e-custodias-no-mexico.html#primaryimage\",\"url\":\"https:\/\/franciscanos.org.br\/noticias\/wp-content\/uploads\/2024\/05\/UCLAF_veracruz_messico-32.jpg\",\"contentUrl\":\"https:\/\/franciscanos.org.br\/noticias\/wp-content\/uploads\/2024\/05\/UCLAF_veracruz_messico-32.jpg\",\"width\":1439,\"height\":1080},{\"@type\":\"WebPage\",\"@id\":\"https:\/\/franciscanos.org.br\/noticias\/assembleia-da-uclaf-reune-representantes-das-provincias-e-custodias-no-mexico.html#webpage\",\"url\":\"https:\/\/franciscanos.org.br\/noticias\/assembleia-da-uclaf-reune-representantes-das-provincias-e-custodias-no-mexico.html\",\"name\":\"Assembleia da UCLAF re\u00fane representantes das Prov\u00edncias e Cust\u00f3dias no M\u00e9xico - Not\u00edcias - Franciscanos\",\"isPartOf\":{\"@id\":\"https:\/\/franciscanos.org.br\/noticias\/#website\"},\"primaryImageOfPage\":{\"@id\":\"https:\/\/franciscanos.org.br\/noticias\/assembleia-da-uclaf-reune-representantes-das-provincias-e-custodias-no-mexico.html#primaryimage\"},\"datePublished\":\"2024-05-25T20:12:13+00:00\",\"dateModified\":\"2024-05-26T13:29:09+00:00\",\"author\":{\"@id\":\"https:\/\/franciscanos.org.br\/noticias\/#\/schema\/person\/d9422e83121c3ad3b0f423d195f5bb25\"},\"breadcrumb\":{\"@id\":\"https:\/\/franciscanos.org.br\/noticias\/assembleia-da-uclaf-reune-representantes-das-provincias-e-custodias-no-mexico.html#breadcrumb\"},\"inLanguage\":\"pt-BR\",\"potentialAction\":[{\"@type\":\"ReadAction\",\"target\":[\"https:\/\/franciscanos.org.br\/noticias\/assembleia-da-uclaf-reune-representantes-das-provincias-e-custodias-no-mexico.html\"]}]},{\"@type\":\"BreadcrumbList\",\"@id\":\"https:\/\/franciscanos.org.br\/noticias\/assembleia-da-uclaf-reune-representantes-das-provincias-e-custodias-no-mexico.html#breadcrumb\",\"itemListElement\":[{\"@type\":\"ListItem\",\"position\":1,\"name\":\"Home\",\"item\":\"https:\/\/franciscanos.org.br\/noticias\"},{\"@type\":\"ListItem\",\"position\":2,\"name\":\"Assembleia da UCLAF re\u00fane representantes das Prov\u00edncias e Cust\u00f3dias no M\u00e9xico\"}]},{\"@type\":\"Person\",\"@id\":\"https:\/\/franciscanos.org.br\/noticias\/#\/schema\/person\/d9422e83121c3ad3b0f423d195f5bb25\",\"name\":\"Adriana Rabelo\",\"image\":{\"@type\":\"ImageObject\",\"inLanguage\":\"pt-BR\",\"@id\":\"https:\/\/franciscanos.org.br\/noticias\/#\/schema\/person\/image\/\",\"url\":\"https:\/\/secure.gravatar.com\/avatar\/0a937b7500cd7df77540cfb8bede877d?s=96&d=mm&r=g\",\"contentUrl\":\"https:\/\/secure.gravatar.com\/avatar\/0a937b7500cd7df77540cfb8bede877d?s=96&d=mm&r=g\",\"caption\":\"Adriana Rabelo\"},\"url\":\"https:\/\/franciscanos.org.br\/noticias\/author\/adrianarabelo\"}]}<\/script>\n<!-- \/ Yoast SEO plugin. -->","yoast_head_json":{"title":"Assembleia da UCLAF re\u00fane representantes das Prov\u00edncias e Cust\u00f3dias no M\u00e9xico - Not\u00edcias - Franciscanos","robots":{"index":"index","follow":"follow","max-snippet":"max-snippet:-1","max-image-preview":"max-image-preview:large","max-video-preview":"max-video-preview:-1"},"canonical":"https:\/\/franciscanos.org.br\/noticias\/assembleia-da-uclaf-reune-representantes-das-provincias-e-custodias-no-mexico.html","og_locale":"pt_BR","og_type":"article","og_title":"Assembleia da UCLAF re\u00fane representantes das Prov\u00edncias e Cust\u00f3dias no M\u00e9xico - Not\u00edcias - Franciscanos","og_description":"Assembleia UCLAF no M\u00e9xico","og_url":"https:\/\/franciscanos.org.br\/noticias\/assembleia-da-uclaf-reune-representantes-das-provincias-e-custodias-no-mexico.html","og_site_name":"Not\u00edcias - Franciscanos","article_published_time":"2024-05-25T20:12:13+00:00","article_modified_time":"2024-05-26T13:29:09+00:00","og_image":[{"width":1439,"height":1080,"url":"https:\/\/franciscanos.org.br\/noticias\/wp-content\/uploads\/2024\/05\/UCLAF_veracruz_messico-32.jpg","type":"image\/jpeg"}],"author":"Adriana Rabelo","twitter_card":"summary_large_image","twitter_misc":{"Escrito por":"Adriana Rabelo","Est. tempo de leitura":"5 minutos"},"schema":{"@context":"https:\/\/schema.org","@graph":[{"@type":"WebSite","@id":"https:\/\/franciscanos.org.br\/noticias\/#website","url":"https:\/\/franciscanos.org.br\/noticias\/","name":"Not\u00edcias - Franciscanos","description":"Prov\u00edncia Franciscana da Imaculada Concei\u00e7\u00e3o do Brasil - Ordem dos Frades Menores - OFM","potentialAction":[{"@type":"SearchAction","target":{"@type":"EntryPoint","urlTemplate":"https:\/\/franciscanos.org.br\/noticias\/?s={search_term_string}"},"query-input":"required name=search_term_string"}],"inLanguage":"pt-BR"},{"@type":"ImageObject","inLanguage":"pt-BR","@id":"https:\/\/franciscanos.org.br\/noticias\/assembleia-da-uclaf-reune-representantes-das-provincias-e-custodias-no-mexico.html#primaryimage","url":"https:\/\/franciscanos.org.br\/noticias\/wp-content\/uploads\/2024\/05\/UCLAF_veracruz_messico-32.jpg","contentUrl":"https:\/\/franciscanos.org.br\/noticias\/wp-content\/uploads\/2024\/05\/UCLAF_veracruz_messico-32.jpg","width":1439,"height":1080},{"@type":"WebPage","@id":"https:\/\/franciscanos.org.br\/noticias\/assembleia-da-uclaf-reune-representantes-das-provincias-e-custodias-no-mexico.html#webpage","url":"https:\/\/franciscanos.org.br\/noticias\/assembleia-da-uclaf-reune-representantes-das-provincias-e-custodias-no-mexico.html","name":"Assembleia da UCLAF re\u00fane representantes das Prov\u00edncias e Cust\u00f3dias no M\u00e9xico - Not\u00edcias - Franciscanos","isPartOf":{"@id":"https:\/\/franciscanos.org.br\/noticias\/#website"},"primaryImageOfPage":{"@id":"https:\/\/franciscanos.org.br\/noticias\/assembleia-da-uclaf-reune-representantes-das-provincias-e-custodias-no-mexico.html#primaryimage"},"datePublished":"2024-05-25T20:12:13+00:00","dateModified":"2024-05-26T13:29:09+00:00","author":{"@id":"https:\/\/franciscanos.org.br\/noticias\/#\/schema\/person\/d9422e83121c3ad3b0f423d195f5bb25"},"breadcrumb":{"@id":"https:\/\/franciscanos.org.br\/noticias\/assembleia-da-uclaf-reune-representantes-das-provincias-e-custodias-no-mexico.html#breadcrumb"},"inLanguage":"pt-BR","potentialAction":[{"@type":"ReadAction","target":["https:\/\/franciscanos.org.br\/noticias\/assembleia-da-uclaf-reune-representantes-das-provincias-e-custodias-no-mexico.html"]}]},{"@type":"BreadcrumbList","@id":"https:\/\/franciscanos.org.br\/noticias\/assembleia-da-uclaf-reune-representantes-das-provincias-e-custodias-no-mexico.html#breadcrumb","itemListElement":[{"@type":"ListItem","position":1,"name":"Home","item":"https:\/\/franciscanos.org.br\/noticias"},{"@type":"ListItem","position":2,"name":"Assembleia da UCLAF re\u00fane representantes das Prov\u00edncias e Cust\u00f3dias no M\u00e9xico"}]},{"@type":"Person","@id":"https:\/\/franciscanos.org.br\/noticias\/#\/schema\/person\/d9422e83121c3ad3b0f423d195f5bb25","name":"Adriana Rabelo","image":{"@type":"ImageObject","inLanguage":"pt-BR","@id":"https:\/\/franciscanos.org.br\/noticias\/#\/schema\/person\/image\/","url":"https:\/\/secure.gravatar.com\/avatar\/0a937b7500cd7df77540cfb8bede877d?s=96&d=mm&r=g","contentUrl":"https:\/\/secure.gravatar.com\/avatar\/0a937b7500cd7df77540cfb8bede877d?s=96&d=mm&r=g","caption":"Adriana Rabelo"},"url":"https:\/\/franciscanos.org.br\/noticias\/author\/adrianarabelo"}]}},"_links":{"self":[{"href":"https:\/\/franciscanos.org.br\/noticias\/wp-json\/wp\/v2\/posts\/247753"}],"collection":[{"href":"https:\/\/franciscanos.org.br\/noticias\/wp-json\/wp\/v2\/posts"}],"about":[{"href":"https:\/\/franciscanos.org.br\/noticias\/wp-json\/wp\/v2\/types\/post"}],"author":[{"embeddable":true,"href":"https:\/\/franciscanos.org.br\/noticias\/wp-json\/wp\/v2\/users\/11"}],"replies":[{"embeddable":true,"href":"https:\/\/franciscanos.org.br\/noticias\/wp-json\/wp\/v2\/comments?post=247753"}],"version-history":[{"count":4,"href":"https:\/\/franciscanos.org.br\/noticias\/wp-json\/wp\/v2\/posts\/247753\/revisions"}],"predecessor-version":[{"id":247791,"href":"https:\/\/franciscanos.org.br\/noticias\/wp-json\/wp\/v2\/posts\/247753\/revisions\/247791"}],"wp:featuredmedia":[{"embeddable":true,"href":"https:\/\/franciscanos.org.br\/noticias\/wp-json\/wp\/v2\/media\/247754"}],"wp:attachment":[{"href":"https:\/\/franciscanos.org.br\/noticias\/wp-json\/wp\/v2\/media?parent=247753"}],"wp:term":[{"taxonomy":"category","embeddable":true,"href":"https:\/\/franciscanos.org.br\/noticias\/wp-json\/wp\/v2\/categories?post=247753"},{"taxonomy":"post_tag","embeddable":true,"href":"https:\/\/franciscanos.org.br\/noticias\/wp-json\/wp\/v2\/tags?post=247753"}],"curies":[{"name":"wp","href":"https:\/\/api.w.org\/{rel}","templated":true}]}}