{"id":24773,"date":"2012-09-25T08:27:35","date_gmt":"2012-09-25T11:27:35","guid":{"rendered":"http:\/\/new.franciscanos.org.br\/?p=24773"},"modified":"2019-11-01T11:33:35","modified_gmt":"2019-11-01T14:33:35","slug":"mais-um-bem-aventurado-na-ordem-franciscana","status":"publish","type":"post","link":"https:\/\/franciscanos.org.br\/noticias\/mais-um-bem-aventurado-na-ordem-franciscana.html","title":{"rendered":"Mais um bem-aventurado na Ordem Franciscana"},"content":{"rendered":"<div id=\"attachment_24774\" style=\"width: 251px\" class=\"wp-caption alignright\"><img aria-describedby=\"caption-attachment-24774\" loading=\"lazy\" class=\"size-full wp-image-24774\" title=\"3469_250912\" src=\"http:\/\/franciscanos.org.br\/wp-content\/uploads\/2012\/09\/3469_250912.jpg\" alt=\"\" width=\"241\" height=\"300\" \/><p id=\"caption-attachment-24774\" class=\"wp-caption-text\">Gabriele Maria Allegra<\/p><\/div>\n<p>A esperada beatifica\u00e7\u00e3o do vener\u00e1vel Servo de Deus Gabriele Maria Allegra se celebrar\u00e1 no s\u00e1bado dia 29 de setembro deste ano, festa dos Santos Arcanjos, na Bas\u00edlica Catedral de Acireale, na Sic\u00edlia. O rito ser\u00e1 presidido por sua Emin\u00eancia o Cardeal Angelo Amato, SDB, Prefeito da Congrega\u00e7\u00e3o das Causas dos Santos, na qualidade de representante do Santo Padre.<\/p>\n<p>A Ordem dos Frades Menores d\u00e1 gra\u00e7as a Deus e ao Santo Padre Bento XVI pelo dom das duas pr\u00f3ximas beatifica\u00e7\u00f5es: no s\u00e1bado, dia 29, a do Padre Allegra e, no s\u00e1bado dia 13 de outubro, a dos M\u00e1rtires de Praga, o que mostra o florescimento da santidade que atrav\u00e9s dos s\u00e9culos acompanham a hist\u00f3ria.<\/p>\n<p>Isto acontece no in\u00edcio do &#8220;Ano da F\u00e9&#8221;, que convida cada fiel a uma revis\u00e3o e a uma ades\u00e3o mais profunda de seus compromissos batismais.<\/p>\n<p>Em particular, na Carta Convocat\u00f3ria para o ano, &#8220;Porta Fidei&#8221;, o Santo Padre recorda aos consagrados: &#8220;pela f\u00e9, homens e mulheres t\u00eam consagrado sua vida a Cristo, deixando tudo para viver na simplicidade evang\u00e9lica, na obedi\u00eancia, na pobreza e na castidade. Pela f\u00e9, homens e mulheres de todas as idades, cujos nomes est\u00e3o escritos nos livro da vida (cf. Ap 7, 9; 13, 8), confessaram ao longo dos s\u00e9culos a beleza de seguir ao Senhor Jesus&#8230; Tamb\u00e9m n\u00f3s vivemos pela f\u00e9: para o reconhecimento vivo do Senhor Jesus, presente em nossas vidas e na hist\u00f3ria (PF).<\/p>\n<p>A vida do Padre Gabrielle Maria Allegra \u00e9 um testemunho eloquente da primazia do amor de Cristo e do fiel servi\u00e7o \u00e0 Igreja, seguindo o exemplo de S\u00e3o Francisco.<\/p>\n<p>Figura aut\u00eantica de irm\u00e3o menor, humilde disc\u00edpulo da sabedoria, um zeloso ap\u00f3stolo da Palavra de Deus na terra do Oriente. O novo bem-aventurado indica de maneira eloquentemente, atrav\u00e9s de seu testemunho heroico de vida, as &#8220;grandes gra\u00e7as que s\u00e3o como as notas caracter\u00edsticas com as quais o Senhor tem querido marcar a Fam\u00edlia Franciscana: a santidade, o apostolado, a sabedoria, o mart\u00edrio, ou seja, o amor pela Igreja&#8221; (Mem\u00f3rias, caderno V, cap XI).<\/p>\n<p>Em louvor de Cristo e do Poverello Francisco!<\/p>\n","protected":false},"excerpt":{"rendered":"<p>OFM<\/p>\n","protected":false},"author":1,"featured_media":213336,"comment_status":"closed","ping_status":"open","sticky":false,"template":"","format":"standard","meta":[],"categories":[1],"tags":[654,128],"acf":[],"yoast_head":"<!-- This site is optimized with the Yoast SEO plugin v19.2 - https:\/\/yoast.com\/wordpress\/plugins\/seo\/ -->\n<title>Mais um bem-aventurado na Ordem Franciscana - Not\u00edcias - Franciscanos<\/title>\n<meta name=\"robots\" content=\"index, follow, max-snippet:-1, max-image-preview:large, max-video-preview:-1\" \/>\n<link rel=\"canonical\" href=\"https:\/\/franciscanos.org.br\/noticias\/mais-um-bem-aventurado-na-ordem-franciscana.html\" \/>\n<meta property=\"og:locale\" content=\"pt_BR\" \/>\n<meta property=\"og:type\" content=\"article\" \/>\n<meta property=\"og:title\" content=\"Mais um bem-aventurado na Ordem Franciscana - Not\u00edcias - Franciscanos\" \/>\n<meta property=\"og:description\" content=\"OFM\" \/>\n<meta property=\"og:url\" content=\"https:\/\/franciscanos.org.br\/noticias\/mais-um-bem-aventurado-na-ordem-franciscana.html\" \/>\n<meta property=\"og:site_name\" content=\"Not\u00edcias - Franciscanos\" \/>\n<meta property=\"article:published_time\" content=\"2012-09-25T11:27:35+00:00\" \/>\n<meta property=\"article:modified_time\" content=\"2019-11-01T14:33:35+00:00\" \/>\n<meta property=\"og:image\" content=\"https:\/\/franciscanos.org.br\/noticias\/wp-content\/uploads\/2012\/09\/3469_250912.jpg\" \/>\n\t<meta property=\"og:image:width\" content=\"273\" \/>\n\t<meta property=\"og:image:height\" content=\"181\" \/>\n\t<meta property=\"og:image:type\" content=\"image\/jpeg\" \/>\n<meta name=\"author\" content=\"admin\" \/>\n<meta name=\"twitter:card\" content=\"summary_large_image\" \/>\n<meta name=\"twitter:label1\" content=\"Escrito por\" \/>\n\t<meta name=\"twitter:data1\" content=\"admin\" \/>\n\t<meta name=\"twitter:label2\" content=\"Est. tempo de leitura\" \/>\n\t<meta name=\"twitter:data2\" content=\"2 minutos\" \/>\n<script type=\"application\/ld+json\" class=\"yoast-schema-graph\">{\"@context\":\"https:\/\/schema.org\",\"@graph\":[{\"@type\":\"WebSite\",\"@id\":\"https:\/\/franciscanos.org.br\/noticias\/#website\",\"url\":\"https:\/\/franciscanos.org.br\/noticias\/\",\"name\":\"Not\u00edcias - Franciscanos\",\"description\":\"Prov\u00edncia Franciscana da Imaculada Concei\u00e7\u00e3o do Brasil - Ordem dos Frades Menores - OFM\",\"potentialAction\":[{\"@type\":\"SearchAction\",\"target\":{\"@type\":\"EntryPoint\",\"urlTemplate\":\"https:\/\/franciscanos.org.br\/noticias\/?s={search_term_string}\"},\"query-input\":\"required name=search_term_string\"}],\"inLanguage\":\"pt-BR\"},{\"@type\":\"ImageObject\",\"inLanguage\":\"pt-BR\",\"@id\":\"https:\/\/franciscanos.org.br\/noticias\/mais-um-bem-aventurado-na-ordem-franciscana.html#primaryimage\",\"url\":\"https:\/\/franciscanos.org.br\/noticias\/wp-content\/uploads\/2012\/09\/3469_250912.jpg\",\"contentUrl\":\"https:\/\/franciscanos.org.br\/noticias\/wp-content\/uploads\/2012\/09\/3469_250912.jpg\",\"width\":273,\"height\":181},{\"@type\":\"WebPage\",\"@id\":\"https:\/\/franciscanos.org.br\/noticias\/mais-um-bem-aventurado-na-ordem-franciscana.html#webpage\",\"url\":\"https:\/\/franciscanos.org.br\/noticias\/mais-um-bem-aventurado-na-ordem-franciscana.html\",\"name\":\"Mais um bem-aventurado na Ordem Franciscana - Not\u00edcias - Franciscanos\",\"isPartOf\":{\"@id\":\"https:\/\/franciscanos.org.br\/noticias\/#website\"},\"primaryImageOfPage\":{\"@id\":\"https:\/\/franciscanos.org.br\/noticias\/mais-um-bem-aventurado-na-ordem-franciscana.html#primaryimage\"},\"datePublished\":\"2012-09-25T11:27:35+00:00\",\"dateModified\":\"2019-11-01T14:33:35+00:00\",\"author\":{\"@id\":\"https:\/\/franciscanos.org.br\/noticias\/#\/schema\/person\/b38fbf43118f02820bd932f2e4b14ad3\"},\"breadcrumb\":{\"@id\":\"https:\/\/franciscanos.org.br\/noticias\/mais-um-bem-aventurado-na-ordem-franciscana.html#breadcrumb\"},\"inLanguage\":\"pt-BR\",\"potentialAction\":[{\"@type\":\"ReadAction\",\"target\":[\"https:\/\/franciscanos.org.br\/noticias\/mais-um-bem-aventurado-na-ordem-franciscana.html\"]}]},{\"@type\":\"BreadcrumbList\",\"@id\":\"https:\/\/franciscanos.org.br\/noticias\/mais-um-bem-aventurado-na-ordem-franciscana.html#breadcrumb\",\"itemListElement\":[{\"@type\":\"ListItem\",\"position\":1,\"name\":\"Home\",\"item\":\"https:\/\/franciscanos.org.br\/noticias\"},{\"@type\":\"ListItem\",\"position\":2,\"name\":\"Mais um bem-aventurado na Ordem Franciscana\"}]},{\"@type\":\"Person\",\"@id\":\"https:\/\/franciscanos.org.br\/noticias\/#\/schema\/person\/b38fbf43118f02820bd932f2e4b14ad3\",\"name\":\"admin\",\"image\":{\"@type\":\"ImageObject\",\"inLanguage\":\"pt-BR\",\"@id\":\"https:\/\/franciscanos.org.br\/noticias\/#\/schema\/person\/image\/\",\"url\":\"https:\/\/secure.gravatar.com\/avatar\/e8495742d34d0ba6448ea1c628263b3e?s=96&d=mm&r=g\",\"contentUrl\":\"https:\/\/secure.gravatar.com\/avatar\/e8495742d34d0ba6448ea1c628263b3e?s=96&d=mm&r=g\",\"caption\":\"admin\"},\"url\":\"https:\/\/franciscanos.org.br\/noticias\/author\/admin\"}]}<\/script>\n<!-- \/ Yoast SEO plugin. -->","yoast_head_json":{"title":"Mais um bem-aventurado na Ordem Franciscana - Not\u00edcias - Franciscanos","robots":{"index":"index","follow":"follow","max-snippet":"max-snippet:-1","max-image-preview":"max-image-preview:large","max-video-preview":"max-video-preview:-1"},"canonical":"https:\/\/franciscanos.org.br\/noticias\/mais-um-bem-aventurado-na-ordem-franciscana.html","og_locale":"pt_BR","og_type":"article","og_title":"Mais um bem-aventurado na Ordem Franciscana - Not\u00edcias - Franciscanos","og_description":"OFM","og_url":"https:\/\/franciscanos.org.br\/noticias\/mais-um-bem-aventurado-na-ordem-franciscana.html","og_site_name":"Not\u00edcias - Franciscanos","article_published_time":"2012-09-25T11:27:35+00:00","article_modified_time":"2019-11-01T14:33:35+00:00","og_image":[{"width":273,"height":181,"url":"https:\/\/franciscanos.org.br\/noticias\/wp-content\/uploads\/2012\/09\/3469_250912.jpg","type":"image\/jpeg"}],"author":"admin","twitter_card":"summary_large_image","twitter_misc":{"Escrito por":"admin","Est. tempo de leitura":"2 minutos"},"schema":{"@context":"https:\/\/schema.org","@graph":[{"@type":"WebSite","@id":"https:\/\/franciscanos.org.br\/noticias\/#website","url":"https:\/\/franciscanos.org.br\/noticias\/","name":"Not\u00edcias - Franciscanos","description":"Prov\u00edncia Franciscana da Imaculada Concei\u00e7\u00e3o do Brasil - Ordem dos Frades Menores - OFM","potentialAction":[{"@type":"SearchAction","target":{"@type":"EntryPoint","urlTemplate":"https:\/\/franciscanos.org.br\/noticias\/?s={search_term_string}"},"query-input":"required name=search_term_string"}],"inLanguage":"pt-BR"},{"@type":"ImageObject","inLanguage":"pt-BR","@id":"https:\/\/franciscanos.org.br\/noticias\/mais-um-bem-aventurado-na-ordem-franciscana.html#primaryimage","url":"https:\/\/franciscanos.org.br\/noticias\/wp-content\/uploads\/2012\/09\/3469_250912.jpg","contentUrl":"https:\/\/franciscanos.org.br\/noticias\/wp-content\/uploads\/2012\/09\/3469_250912.jpg","width":273,"height":181},{"@type":"WebPage","@id":"https:\/\/franciscanos.org.br\/noticias\/mais-um-bem-aventurado-na-ordem-franciscana.html#webpage","url":"https:\/\/franciscanos.org.br\/noticias\/mais-um-bem-aventurado-na-ordem-franciscana.html","name":"Mais um bem-aventurado na Ordem Franciscana - Not\u00edcias - Franciscanos","isPartOf":{"@id":"https:\/\/franciscanos.org.br\/noticias\/#website"},"primaryImageOfPage":{"@id":"https:\/\/franciscanos.org.br\/noticias\/mais-um-bem-aventurado-na-ordem-franciscana.html#primaryimage"},"datePublished":"2012-09-25T11:27:35+00:00","dateModified":"2019-11-01T14:33:35+00:00","author":{"@id":"https:\/\/franciscanos.org.br\/noticias\/#\/schema\/person\/b38fbf43118f02820bd932f2e4b14ad3"},"breadcrumb":{"@id":"https:\/\/franciscanos.org.br\/noticias\/mais-um-bem-aventurado-na-ordem-franciscana.html#breadcrumb"},"inLanguage":"pt-BR","potentialAction":[{"@type":"ReadAction","target":["https:\/\/franciscanos.org.br\/noticias\/mais-um-bem-aventurado-na-ordem-franciscana.html"]}]},{"@type":"BreadcrumbList","@id":"https:\/\/franciscanos.org.br\/noticias\/mais-um-bem-aventurado-na-ordem-franciscana.html#breadcrumb","itemListElement":[{"@type":"ListItem","position":1,"name":"Home","item":"https:\/\/franciscanos.org.br\/noticias"},{"@type":"ListItem","position":2,"name":"Mais um bem-aventurado na Ordem Franciscana"}]},{"@type":"Person","@id":"https:\/\/franciscanos.org.br\/noticias\/#\/schema\/person\/b38fbf43118f02820bd932f2e4b14ad3","name":"admin","image":{"@type":"ImageObject","inLanguage":"pt-BR","@id":"https:\/\/franciscanos.org.br\/noticias\/#\/schema\/person\/image\/","url":"https:\/\/secure.gravatar.com\/avatar\/e8495742d34d0ba6448ea1c628263b3e?s=96&d=mm&r=g","contentUrl":"https:\/\/secure.gravatar.com\/avatar\/e8495742d34d0ba6448ea1c628263b3e?s=96&d=mm&r=g","caption":"admin"},"url":"https:\/\/franciscanos.org.br\/noticias\/author\/admin"}]}},"_links":{"self":[{"href":"https:\/\/franciscanos.org.br\/noticias\/wp-json\/wp\/v2\/posts\/24773"}],"collection":[{"href":"https:\/\/franciscanos.org.br\/noticias\/wp-json\/wp\/v2\/posts"}],"about":[{"href":"https:\/\/franciscanos.org.br\/noticias\/wp-json\/wp\/v2\/types\/post"}],"author":[{"embeddable":true,"href":"https:\/\/franciscanos.org.br\/noticias\/wp-json\/wp\/v2\/users\/1"}],"replies":[{"embeddable":true,"href":"https:\/\/franciscanos.org.br\/noticias\/wp-json\/wp\/v2\/comments?post=24773"}],"version-history":[{"count":0,"href":"https:\/\/franciscanos.org.br\/noticias\/wp-json\/wp\/v2\/posts\/24773\/revisions"}],"wp:featuredmedia":[{"embeddable":true,"href":"https:\/\/franciscanos.org.br\/noticias\/wp-json\/wp\/v2\/media\/213336"}],"wp:attachment":[{"href":"https:\/\/franciscanos.org.br\/noticias\/wp-json\/wp\/v2\/media?parent=24773"}],"wp:term":[{"taxonomy":"category","embeddable":true,"href":"https:\/\/franciscanos.org.br\/noticias\/wp-json\/wp\/v2\/categories?post=24773"},{"taxonomy":"post_tag","embeddable":true,"href":"https:\/\/franciscanos.org.br\/noticias\/wp-json\/wp\/v2\/tags?post=24773"}],"curies":[{"name":"wp","href":"https:\/\/api.w.org\/{rel}","templated":true}]}}