{"id":247702,"date":"2024-05-23T11:16:44","date_gmt":"2024-05-23T14:16:44","guid":{"rendered":"https:\/\/franciscanos.org.br\/noticias\/?p=247702"},"modified":"2024-05-23T11:50:20","modified_gmt":"2024-05-23T14:50:20","slug":"sefras-realiza-ato-contra-abuso-e-exploracao-de-infantil","status":"publish","type":"post","link":"https:\/\/franciscanos.org.br\/noticias\/sefras-realiza-ato-contra-abuso-e-exploracao-de-infantil.html","title":{"rendered":"Sefras realiza ato contra abuso e explora\u00e7\u00e3o infantil"},"content":{"rendered":"<p>&nbsp;<\/p>\n<p><img loading=\"lazy\" class=\"aligncenter wp-image-247708 size-full\" src=\"https:\/\/franciscanos.org.br\/noticias\/wp-content\/uploads\/2024\/05\/IMG_5391-scaled.jpg\" alt=\"\" width=\"1920\" height=\"1440\" srcset=\"https:\/\/franciscanos.org.br\/noticias\/wp-content\/uploads\/2024\/05\/IMG_5391-scaled.jpg 1440w, https:\/\/franciscanos.org.br\/noticias\/wp-content\/uploads\/2024\/05\/IMG_5391-450x338.jpg 450w, https:\/\/franciscanos.org.br\/noticias\/wp-content\/uploads\/2024\/05\/IMG_5391-1024x768.jpg 1024w, https:\/\/franciscanos.org.br\/noticias\/wp-content\/uploads\/2024\/05\/IMG_5391-768x576.jpg 768w, https:\/\/franciscanos.org.br\/noticias\/wp-content\/uploads\/2024\/05\/IMG_5391-1536x1152.jpg 1536w, https:\/\/franciscanos.org.br\/noticias\/wp-content\/uploads\/2024\/05\/IMG_5391-2048x1536.jpg 2048w, https:\/\/franciscanos.org.br\/noticias\/wp-content\/uploads\/2024\/05\/IMG_5391-150x113.jpg 150w, https:\/\/franciscanos.org.br\/noticias\/wp-content\/uploads\/2024\/05\/IMG_5391-600x450.jpg 600w\" sizes=\"(max-width: 1920px) 100vw, 1920px\" \/><\/p>\n<p><i><span style=\"font-weight: 400;\">Ato realizado pelo Sefras &#8211; A\u00e7\u00e3o Social Franciscana re\u00fane centenas de crian\u00e7as e adolescentes em luta contra o abuso e explora\u00e7\u00e3o infantil.\u00a0 <\/span><\/i><i><span style=\"font-weight: 400;\"><br \/>\n<\/span><\/i><span style=\"font-weight: 400;\"><br \/>\n<\/span><span style=\"font-weight: 400;\">O Jardim Peri Alto, localizado na periferia da zona norte de S\u00e3o Paulo, se cobriu de cores e atitude quando centenas de crian\u00e7as e adolescentes se uniram em um ato de conscientiza\u00e7\u00e3o pelo Dia Nacional de Combate ao Abuso e \u00e0 Explora\u00e7\u00e3o Sexual de Crian\u00e7as e Adolescentes, celebrado no dia 18 de maio.\u00a0\u00a0<\/span><\/p>\n<p><span style=\"font-weight: 400;\">Promovido pelo Sefras\u00a0 &#8211; A\u00e7\u00e3o Social Franciscana, por meio de seu Centro de Conviv\u00eancia para Crian\u00e7as e Adolescentes, o Perfeita Alegria &#8211; Peri, o ato faz parte da miss\u00e3o do Sefras de tornar cada um deles protagonistas em uma luta pelos seus direitos. Por isso, o dia destacou a responsabilidade tanto do poder p\u00fablico quanto da sociedade na implementa\u00e7\u00e3o do Plano Nacional de Enfrentamento \u00e0 Viol\u00eancia Sexual contra Crian\u00e7as e Adolescentes.<\/span><\/p>\n<p><span style=\"font-weight: 400;\">E o Sefras n\u00e3o esteve sozinho. Juntaram-se \u00e0 caminhada diversos Centros para Crian\u00e7as e Adolescentes da regi\u00e3o (CCAs), incluindo: Thom\u00e1s Gouveia, Caminhando para o Futuro, CCA Lace, S\u00e3o Francisco das Chagas, CCA Peri, S\u00e3o Jos\u00e9, Nossa Senhora Aparecida, e Eucaliptos, que contaram com a participa\u00e7\u00e3o de educadores, crian\u00e7as e adolescentes. O Conselho Tutelar tamb\u00e9m esteve presente, todos empenhados em chamar a aten\u00e7\u00e3o para essa quest\u00e3o urgente.\u00a0<\/span><\/p>\n<p><span style=\"font-weight: 400;\">O Frei Marx Rodrigues, diretor secret\u00e1rio do Sefras, disse que o ato pode oferecer uma perspectiva franciscana sobre o cuidado com as crian\u00e7as: \u201cFrancisco ensinou que quando conseguirmos nutrir as esperan\u00e7as das nossas crian\u00e7as e proporcionar dignidade plena a elas, livrando-as de toda e qualquer exclus\u00e3o e explora\u00e7\u00e3o, seja de seus corpos, de seus sonhos ou de seu futuro.\u201d<\/span><\/p>\n<p><span style=\"font-weight: 400;\">Angela Assis, coordenadora do Sefras Perfeita Alegria &#8211; Peri, compartilhou sua vis\u00e3o sobre essa manifesta\u00e7\u00e3o: \u201c\u00c9 muito mais do que um simples evento; \u00e9 uma voz coletiva que ecoa em nossa comunidade, reafirmando nosso compromisso inabal\u00e1vel em proteger nossas crian\u00e7as e adolescentes contra o abuso e a explora\u00e7\u00e3o sexual. \u00c9 um momento de uni\u00e3o, conscientiza\u00e7\u00e3o e empoderamento, onde cada passo dado representa uma mensagem de esperan\u00e7a e luta por um futuro mais seguro e digno para todos os nossos pequenos.&#8221;<\/span><\/p>\n<p><span style=\"font-weight: 400;\">J\u00e1 para Ana Clara, uma participante do programa Perfeita Alegria desde os seis anos e hoje com dez anos, teve um papel importante no ato como cerimonialista. \u201cEstou me sentindo importante. Essa data \u00e9 sempre trabalhada dentro do Sefras. Eu vou subir no palanque e representar tudo que eu aprendi\u201d, compartilhou Ana, emocionada.<\/span><\/p>\n<p><b>Lembrando Araceli: Um marco na luta contra a viol\u00eancia<\/b><\/p>\n<p><span style=\"font-weight: 400;\">O dia 18 de maio \u00e9 dedicado \u00e0 mem\u00f3ria de Araceli Crespo, uma menina de oito anos cujo caso de viol\u00eancia sexual chocou o pa\u00eds em 1973. Desaparecida e encontrada morta com sinais de abuso no Esp\u00edrito Santo, Araceli se tornou s\u00edmbolo da luta contra a explora\u00e7\u00e3o sexual infantil. A lei institu\u00edda no ano 2000 transformou essa data em um marco anual de conscientiza\u00e7\u00e3o e combate \u00e0 viol\u00eancia contra crian\u00e7as e adolescentes.<\/span><\/p>\n<p><span style=\"font-weight: 400;\">Em 2024, completam-se 51 anos desse tr\u00e1gico epis\u00f3dio, o que refor\u00e7a a necessidade de seguir no combate a todos os tipos de viol\u00eancia contra crian\u00e7as e adolescentes, pois segundo o Minist\u00e9rio dos Direitos Humanos e da Cidadania, dados de viol\u00eancia sexual contra crian\u00e7as e adolescentes no Brasil s\u00e3o alarmantes.\u00a0<\/span><\/p>\n<p><span style=\"font-weight: 400;\">Para ampliar o engajamento p\u00fablico para a causa, o governo e movimentos sociais organizam todos os anos a campanha nacional \u201cFa\u00e7a Bonito &#8211; Proteja Nossas Crian\u00e7as e Adolescentes\u201d. Mais do que um dia, a campanha, cujo \u00edcone \u00e9 uma flor, estabelece o \u201cmaio laranja\u201d, promovendo mais discuss\u00e3o sobre necessidade de cuidado e prote\u00e7\u00e3o que as crian\u00e7as merecem.\u00a0<\/span><\/p>\n<p><span style=\"font-weight: 400;\">E precisa. S\u00f3 no \u00faltimo ano, o Disque registrou mais de 60,7 mil viola\u00e7\u00f5es sexuais contra crian\u00e7as e adolescentes por meio de 31,2 mil den\u00fancias. O indicativo mostra que, a cada 24 horas, mais de 166 viola\u00e7\u00f5es ocorrem; sete viola\u00e7\u00f5es a cada hora; uma viola\u00e7\u00e3o a cada oito minutos.<\/span><span style=\"font-weight: 400;\"><br \/>\n<\/span><span style=\"font-weight: 400;\"><br \/>\n<\/span><b>Uma d\u00e9cada de servi\u00e7o e dedica\u00e7\u00e3o<\/b><b><br \/>\n<\/b><span style=\"font-weight: 400;\">Este ano, a Casa Perfeita Alegria celebra uma d\u00e9cada de atua\u00e7\u00e3o no Jardim Peri Alto, no extremo norte de S\u00e3o Paulo, atendendo 123 crian\u00e7as e adolescentes. Conveniado com a Secretaria Municipal de Assist\u00eancia e Desenvolvimento Social, este centro comunit\u00e1rio oferece atividades educativas e culturais no contraturno escolar, buscando transformar a realidade local.<\/span><\/p>\n<p><span style=\"font-weight: 400;\">\u201cEssa d\u00e9cada de servi\u00e7o dedicado foi marcada por momentos desafiadores, mas tamb\u00e9m por in\u00fameros momentos de alegria, supera\u00e7\u00e3o e realiza\u00e7\u00e3o. \u00c9 incr\u00edvel olhar para tr\u00e1s e ver quantas crian\u00e7as e adolescentes foram impactados positivamente pelo nosso trabalho, quantas fam\u00edlias foram fortalecidas e quantas comunidades foram unidas em torno de uma causa comum.\u201d, comenta Angela.<\/span><\/p>\n<p><span style=\"font-weight: 400;\">As atividades proporcionadas \u00e0s crian\u00e7as e adolescentes incluem oficinas, rodas de conversa, passeios culturais e atividades participativas abordando temas como pol\u00edtica, sociedade, cidadania, cultura e esporte.<\/span><\/p>\n\n\t\t<style type=\"text\/css\">\n\t\t\t#gallery-1 {\n\t\t\t\tmargin: auto;\n\t\t\t}\n\t\t\t#gallery-1 .gallery-item {\n\t\t\t\tfloat: left;\n\t\t\t\tmargin-top: 10px;\n\t\t\t\ttext-align: center;\n\t\t\t\twidth: 50%;\n\t\t\t}\n\t\t\t#gallery-1 img {\n\t\t\t\tborder: 2px solid #cfcfcf;\n\t\t\t}\n\t\t\t#gallery-1 .gallery-caption {\n\t\t\t\tmargin-left: 0;\n\t\t\t}\n\t\t\t\/* see gallery_shortcode() in wp-includes\/media.php *\/\n\t\t<\/style>\n\t\t<div id='gallery-1' class='gallery galleryid-247702 gallery-columns-2 gallery-size-large'><dl class='gallery-item'>\n\t\t\t<dt class='gallery-icon landscape'>\n\t\t\t\t<a href='https:\/\/franciscanos.org.br\/noticias\/wp-content\/uploads\/2024\/05\/IMG_5404-scaled.jpg'><img width=\"1024\" height=\"768\" src=\"https:\/\/franciscanos.org.br\/noticias\/wp-content\/uploads\/2024\/05\/IMG_5404-1024x768.jpg\" class=\"attachment-large size-large\" alt=\"\" loading=\"lazy\" srcset=\"https:\/\/franciscanos.org.br\/noticias\/wp-content\/uploads\/2024\/05\/IMG_5404-1024x768.jpg 1024w, https:\/\/franciscanos.org.br\/noticias\/wp-content\/uploads\/2024\/05\/IMG_5404-450x338.jpg 450w, https:\/\/franciscanos.org.br\/noticias\/wp-content\/uploads\/2024\/05\/IMG_5404-768x576.jpg 768w, https:\/\/franciscanos.org.br\/noticias\/wp-content\/uploads\/2024\/05\/IMG_5404-1536x1152.jpg 1536w, https:\/\/franciscanos.org.br\/noticias\/wp-content\/uploads\/2024\/05\/IMG_5404-2048x1536.jpg 2048w, https:\/\/franciscanos.org.br\/noticias\/wp-content\/uploads\/2024\/05\/IMG_5404-150x113.jpg 150w, https:\/\/franciscanos.org.br\/noticias\/wp-content\/uploads\/2024\/05\/IMG_5404-600x450.jpg 600w, https:\/\/franciscanos.org.br\/noticias\/wp-content\/uploads\/2024\/05\/IMG_5404-scaled.jpg 1440w\" sizes=\"(max-width: 1024px) 100vw, 1024px\" \/><\/a>\n\t\t\t<\/dt><\/dl><dl class='gallery-item'>\n\t\t\t<dt class='gallery-icon landscape'>\n\t\t\t\t<a href='https:\/\/franciscanos.org.br\/noticias\/wp-content\/uploads\/2024\/05\/IMG_5400-scaled.jpg'><img width=\"1024\" height=\"768\" src=\"https:\/\/franciscanos.org.br\/noticias\/wp-content\/uploads\/2024\/05\/IMG_5400-1024x768.jpg\" class=\"attachment-large size-large\" alt=\"\" loading=\"lazy\" srcset=\"https:\/\/franciscanos.org.br\/noticias\/wp-content\/uploads\/2024\/05\/IMG_5400-1024x768.jpg 1024w, https:\/\/franciscanos.org.br\/noticias\/wp-content\/uploads\/2024\/05\/IMG_5400-450x338.jpg 450w, https:\/\/franciscanos.org.br\/noticias\/wp-content\/uploads\/2024\/05\/IMG_5400-768x576.jpg 768w, https:\/\/franciscanos.org.br\/noticias\/wp-content\/uploads\/2024\/05\/IMG_5400-1536x1152.jpg 1536w, https:\/\/franciscanos.org.br\/noticias\/wp-content\/uploads\/2024\/05\/IMG_5400-2048x1536.jpg 2048w, https:\/\/franciscanos.org.br\/noticias\/wp-content\/uploads\/2024\/05\/IMG_5400-150x113.jpg 150w, https:\/\/franciscanos.org.br\/noticias\/wp-content\/uploads\/2024\/05\/IMG_5400-600x450.jpg 600w, https:\/\/franciscanos.org.br\/noticias\/wp-content\/uploads\/2024\/05\/IMG_5400-scaled.jpg 1440w\" sizes=\"(max-width: 1024px) 100vw, 1024px\" \/><\/a>\n\t\t\t<\/dt><\/dl><br style=\"clear: both\" \/>\n\t\t<\/div>\n\n<p><strong>A realidade do Jardim Peri Alto<\/strong><\/p>\n<p><span style=\"font-weight: 400;\">O distrito da Cachoeirinha, onde a Casa Perfeita Alegria est\u00e1 localizada, enfrenta desafios significativos. Segundo o \u00cdndice de Vulnerabilidade Social da Funda\u00e7\u00e3o Seade, 9,9% dos habitantes vivem em situa\u00e7\u00e3o de alta vulnerabilidade. A renda per capita m\u00e9dia em 2010 era de R$ 874,21, e 38% da popula\u00e7\u00e3o vivia com at\u00e9 dois sal\u00e1rios m\u00ednimos. Em termos de escolaridade, apenas 9% conclu\u00edram o Ensino Superior, enquanto 48% completaram o Ensino Fundamental e 43% o Ensino M\u00e9dio.<img loading=\"lazy\" class=\"alignright wp-image-247710 size-medium\" src=\"https:\/\/franciscanos.org.br\/noticias\/wp-content\/uploads\/2024\/05\/IMG_5387-338x450.jpg\" alt=\"\" width=\"338\" height=\"450\" srcset=\"https:\/\/franciscanos.org.br\/noticias\/wp-content\/uploads\/2024\/05\/IMG_5387-338x450.jpg 338w, https:\/\/franciscanos.org.br\/noticias\/wp-content\/uploads\/2024\/05\/IMG_5387-768x1024.jpg 768w, https:\/\/franciscanos.org.br\/noticias\/wp-content\/uploads\/2024\/05\/IMG_5387-1152x1536.jpg 1152w, https:\/\/franciscanos.org.br\/noticias\/wp-content\/uploads\/2024\/05\/IMG_5387-1536x2048.jpg 1536w, https:\/\/franciscanos.org.br\/noticias\/wp-content\/uploads\/2024\/05\/IMG_5387-150x200.jpg 150w, https:\/\/franciscanos.org.br\/noticias\/wp-content\/uploads\/2024\/05\/IMG_5387-scaled.jpg 810w\" sizes=\"(max-width: 338px) 100vw, 338px\" \/><\/span><\/p>\n<p><span style=\"font-weight: 400;\">Frente a esses desafios, o Sefras oferece atividades que promovem forma\u00e7\u00e3o pol\u00edtica, cidadania, cultura e esporte. As oficinas, rodas de conversa, passeios culturais e atividades participativas s\u00e3o fundamentais para o desenvolvimento integral das crian\u00e7as e adolescentes atendidos. Al\u00e9m disso, atrav\u00e9s do nosso servi\u00e7o \u00e9 poss\u00edvel fortalecer v\u00ednculos familiares e comunit\u00e1rios, promovendo espa\u00e7os de discuss\u00e3o e delibera\u00e7\u00e3o para pais, familiares e respons\u00e1veis, contribuindo para a constru\u00e7\u00e3o do F\u00f3rum Regional de Defesa dos Direitos Humanos da Crian\u00e7a e do Adolescente.<\/span><\/p>\n<p><strong>Um olhar franciscano para o fututo<\/strong><\/p>\n<p><span style=\"font-weight: 400;\">De acordo com o Frei Marx Rodrigues: \u201c<\/span><span style=\"font-weight: 400;\">A constru\u00e7\u00e3o de espa\u00e7os de prote\u00e7\u00e3o como a Casa Perfeita Alegria, \u00e9 essencial para mudar essa mentalidade. Muitas vezes, nas periferias, as crian\u00e7as s\u00e3o privadas de direitos b\u00e1sicos, como lazer, conviv\u00eancia, estudo e habilidades l\u00fadicas e educacionais. Isso faz com que o \u00fanico espa\u00e7o de ref\u00fagio para elas seja em lugares onde sua sexualidade est\u00e1 em risco.\u201d<\/span><\/p>\n<p><span style=\"font-weight: 400;\">O Perfeita Alegria \u2013 Peri, exemplifica como a a\u00e7\u00e3o comunit\u00e1ria e a dedica\u00e7\u00e3o podem transformar realidades. Ao celebrar dez anos de servi\u00e7o, a A\u00e7\u00e3o Social Franciscana continua a impactar positivamente a vida de crian\u00e7as e adolescentes no Jardim Peri Alto.<\/span><\/p>\n<p><span style=\"font-weight: 400;\">\u00a0Com um olhar franciscano, focado na dignidade humana e na justi\u00e7a social, o Sefras segue comprometido com a constru\u00e7\u00e3o de um futuro melhor para todos. As campanhas de conscientiza\u00e7\u00e3o, os esfor\u00e7os para fortalecer a rede de prote\u00e7\u00e3o e a inclus\u00e3o da comunidade s\u00e3o passos essenciais para erradicar a viol\u00eancia e promover um ambiente seguro e acolhedor para as pr\u00f3ximas gera\u00e7\u00f5es.<\/span><\/p>\n<hr \/>\n<p><em><span style=\"font-weight: 400;\">Melissa Galdino- Sefras<\/span><\/em><span style=\"font-weight: 400;\"><br \/>\n<\/span><\/p>\n","protected":false},"excerpt":{"rendered":"<p>Crian\u00e7as unidas por seus direitos<\/p>\n","protected":false},"author":11,"featured_media":247704,"comment_status":"open","ping_status":"open","sticky":false,"template":"","format":"standard","meta":[],"categories":[1],"tags":[228],"acf":[],"yoast_head":"<!-- This site is optimized with the Yoast SEO plugin v19.2 - https:\/\/yoast.com\/wordpress\/plugins\/seo\/ -->\n<title>Sefras realiza ato contra abuso e explora\u00e7\u00e3o infantil - Not\u00edcias - Franciscanos<\/title>\n<meta name=\"robots\" content=\"index, follow, max-snippet:-1, max-image-preview:large, max-video-preview:-1\" \/>\n<link rel=\"canonical\" href=\"https:\/\/franciscanos.org.br\/noticias\/sefras-realiza-ato-contra-abuso-e-exploracao-de-infantil.html\" \/>\n<meta property=\"og:locale\" content=\"pt_BR\" \/>\n<meta property=\"og:type\" content=\"article\" \/>\n<meta property=\"og:title\" content=\"Sefras realiza ato contra abuso e explora\u00e7\u00e3o infantil - Not\u00edcias - Franciscanos\" \/>\n<meta property=\"og:description\" content=\"Crian\u00e7as unidas por seus direitos\" \/>\n<meta property=\"og:url\" content=\"https:\/\/franciscanos.org.br\/noticias\/sefras-realiza-ato-contra-abuso-e-exploracao-de-infantil.html\" \/>\n<meta property=\"og:site_name\" content=\"Not\u00edcias - Franciscanos\" \/>\n<meta property=\"article:published_time\" content=\"2024-05-23T14:16:44+00:00\" \/>\n<meta property=\"article:modified_time\" content=\"2024-05-23T14:50:20+00:00\" \/>\n<meta property=\"og:image\" content=\"https:\/\/franciscanos.org.br\/noticias\/wp-content\/uploads\/2024\/05\/IMG_5384-scaled.jpg\" \/>\n\t<meta property=\"og:image:width\" content=\"810\" \/>\n\t<meta property=\"og:image:height\" content=\"1080\" \/>\n\t<meta property=\"og:image:type\" content=\"image\/jpeg\" \/>\n<meta name=\"author\" content=\"Adriana Rabelo\" \/>\n<meta name=\"twitter:card\" content=\"summary_large_image\" \/>\n<meta name=\"twitter:label1\" content=\"Escrito por\" \/>\n\t<meta name=\"twitter:data1\" content=\"Adriana Rabelo\" \/>\n\t<meta name=\"twitter:label2\" content=\"Est. tempo de leitura\" \/>\n\t<meta name=\"twitter:data2\" content=\"6 minutos\" \/>\n<script type=\"application\/ld+json\" class=\"yoast-schema-graph\">{\"@context\":\"https:\/\/schema.org\",\"@graph\":[{\"@type\":\"WebSite\",\"@id\":\"https:\/\/franciscanos.org.br\/noticias\/#website\",\"url\":\"https:\/\/franciscanos.org.br\/noticias\/\",\"name\":\"Not\u00edcias - Franciscanos\",\"description\":\"Prov\u00edncia Franciscana da Imaculada Concei\u00e7\u00e3o do Brasil - Ordem dos Frades Menores - OFM\",\"potentialAction\":[{\"@type\":\"SearchAction\",\"target\":{\"@type\":\"EntryPoint\",\"urlTemplate\":\"https:\/\/franciscanos.org.br\/noticias\/?s={search_term_string}\"},\"query-input\":\"required name=search_term_string\"}],\"inLanguage\":\"pt-BR\"},{\"@type\":\"ImageObject\",\"inLanguage\":\"pt-BR\",\"@id\":\"https:\/\/franciscanos.org.br\/noticias\/sefras-realiza-ato-contra-abuso-e-exploracao-de-infantil.html#primaryimage\",\"url\":\"https:\/\/franciscanos.org.br\/noticias\/wp-content\/uploads\/2024\/05\/IMG_5384-scaled.jpg\",\"contentUrl\":\"https:\/\/franciscanos.org.br\/noticias\/wp-content\/uploads\/2024\/05\/IMG_5384-scaled.jpg\",\"width\":810,\"height\":1080},{\"@type\":\"WebPage\",\"@id\":\"https:\/\/franciscanos.org.br\/noticias\/sefras-realiza-ato-contra-abuso-e-exploracao-de-infantil.html#webpage\",\"url\":\"https:\/\/franciscanos.org.br\/noticias\/sefras-realiza-ato-contra-abuso-e-exploracao-de-infantil.html\",\"name\":\"Sefras realiza ato contra abuso e explora\u00e7\u00e3o infantil - Not\u00edcias - Franciscanos\",\"isPartOf\":{\"@id\":\"https:\/\/franciscanos.org.br\/noticias\/#website\"},\"primaryImageOfPage\":{\"@id\":\"https:\/\/franciscanos.org.br\/noticias\/sefras-realiza-ato-contra-abuso-e-exploracao-de-infantil.html#primaryimage\"},\"datePublished\":\"2024-05-23T14:16:44+00:00\",\"dateModified\":\"2024-05-23T14:50:20+00:00\",\"author\":{\"@id\":\"https:\/\/franciscanos.org.br\/noticias\/#\/schema\/person\/d9422e83121c3ad3b0f423d195f5bb25\"},\"breadcrumb\":{\"@id\":\"https:\/\/franciscanos.org.br\/noticias\/sefras-realiza-ato-contra-abuso-e-exploracao-de-infantil.html#breadcrumb\"},\"inLanguage\":\"pt-BR\",\"potentialAction\":[{\"@type\":\"ReadAction\",\"target\":[\"https:\/\/franciscanos.org.br\/noticias\/sefras-realiza-ato-contra-abuso-e-exploracao-de-infantil.html\"]}]},{\"@type\":\"BreadcrumbList\",\"@id\":\"https:\/\/franciscanos.org.br\/noticias\/sefras-realiza-ato-contra-abuso-e-exploracao-de-infantil.html#breadcrumb\",\"itemListElement\":[{\"@type\":\"ListItem\",\"position\":1,\"name\":\"Home\",\"item\":\"https:\/\/franciscanos.org.br\/noticias\"},{\"@type\":\"ListItem\",\"position\":2,\"name\":\"Sefras realiza ato contra abuso e explora\u00e7\u00e3o infantil\"}]},{\"@type\":\"Person\",\"@id\":\"https:\/\/franciscanos.org.br\/noticias\/#\/schema\/person\/d9422e83121c3ad3b0f423d195f5bb25\",\"name\":\"Adriana Rabelo\",\"image\":{\"@type\":\"ImageObject\",\"inLanguage\":\"pt-BR\",\"@id\":\"https:\/\/franciscanos.org.br\/noticias\/#\/schema\/person\/image\/\",\"url\":\"https:\/\/secure.gravatar.com\/avatar\/0a937b7500cd7df77540cfb8bede877d?s=96&d=mm&r=g\",\"contentUrl\":\"https:\/\/secure.gravatar.com\/avatar\/0a937b7500cd7df77540cfb8bede877d?s=96&d=mm&r=g\",\"caption\":\"Adriana Rabelo\"},\"url\":\"https:\/\/franciscanos.org.br\/noticias\/author\/adrianarabelo\"}]}<\/script>\n<!-- \/ Yoast SEO plugin. -->","yoast_head_json":{"title":"Sefras realiza ato contra abuso e explora\u00e7\u00e3o infantil - Not\u00edcias - Franciscanos","robots":{"index":"index","follow":"follow","max-snippet":"max-snippet:-1","max-image-preview":"max-image-preview:large","max-video-preview":"max-video-preview:-1"},"canonical":"https:\/\/franciscanos.org.br\/noticias\/sefras-realiza-ato-contra-abuso-e-exploracao-de-infantil.html","og_locale":"pt_BR","og_type":"article","og_title":"Sefras realiza ato contra abuso e explora\u00e7\u00e3o infantil - Not\u00edcias - Franciscanos","og_description":"Crian\u00e7as unidas por seus direitos","og_url":"https:\/\/franciscanos.org.br\/noticias\/sefras-realiza-ato-contra-abuso-e-exploracao-de-infantil.html","og_site_name":"Not\u00edcias - Franciscanos","article_published_time":"2024-05-23T14:16:44+00:00","article_modified_time":"2024-05-23T14:50:20+00:00","og_image":[{"width":810,"height":1080,"url":"https:\/\/franciscanos.org.br\/noticias\/wp-content\/uploads\/2024\/05\/IMG_5384-scaled.jpg","type":"image\/jpeg"}],"author":"Adriana Rabelo","twitter_card":"summary_large_image","twitter_misc":{"Escrito por":"Adriana Rabelo","Est. tempo de leitura":"6 minutos"},"schema":{"@context":"https:\/\/schema.org","@graph":[{"@type":"WebSite","@id":"https:\/\/franciscanos.org.br\/noticias\/#website","url":"https:\/\/franciscanos.org.br\/noticias\/","name":"Not\u00edcias - Franciscanos","description":"Prov\u00edncia Franciscana da Imaculada Concei\u00e7\u00e3o do Brasil - Ordem dos Frades Menores - OFM","potentialAction":[{"@type":"SearchAction","target":{"@type":"EntryPoint","urlTemplate":"https:\/\/franciscanos.org.br\/noticias\/?s={search_term_string}"},"query-input":"required name=search_term_string"}],"inLanguage":"pt-BR"},{"@type":"ImageObject","inLanguage":"pt-BR","@id":"https:\/\/franciscanos.org.br\/noticias\/sefras-realiza-ato-contra-abuso-e-exploracao-de-infantil.html#primaryimage","url":"https:\/\/franciscanos.org.br\/noticias\/wp-content\/uploads\/2024\/05\/IMG_5384-scaled.jpg","contentUrl":"https:\/\/franciscanos.org.br\/noticias\/wp-content\/uploads\/2024\/05\/IMG_5384-scaled.jpg","width":810,"height":1080},{"@type":"WebPage","@id":"https:\/\/franciscanos.org.br\/noticias\/sefras-realiza-ato-contra-abuso-e-exploracao-de-infantil.html#webpage","url":"https:\/\/franciscanos.org.br\/noticias\/sefras-realiza-ato-contra-abuso-e-exploracao-de-infantil.html","name":"Sefras realiza ato contra abuso e explora\u00e7\u00e3o infantil - Not\u00edcias - Franciscanos","isPartOf":{"@id":"https:\/\/franciscanos.org.br\/noticias\/#website"},"primaryImageOfPage":{"@id":"https:\/\/franciscanos.org.br\/noticias\/sefras-realiza-ato-contra-abuso-e-exploracao-de-infantil.html#primaryimage"},"datePublished":"2024-05-23T14:16:44+00:00","dateModified":"2024-05-23T14:50:20+00:00","author":{"@id":"https:\/\/franciscanos.org.br\/noticias\/#\/schema\/person\/d9422e83121c3ad3b0f423d195f5bb25"},"breadcrumb":{"@id":"https:\/\/franciscanos.org.br\/noticias\/sefras-realiza-ato-contra-abuso-e-exploracao-de-infantil.html#breadcrumb"},"inLanguage":"pt-BR","potentialAction":[{"@type":"ReadAction","target":["https:\/\/franciscanos.org.br\/noticias\/sefras-realiza-ato-contra-abuso-e-exploracao-de-infantil.html"]}]},{"@type":"BreadcrumbList","@id":"https:\/\/franciscanos.org.br\/noticias\/sefras-realiza-ato-contra-abuso-e-exploracao-de-infantil.html#breadcrumb","itemListElement":[{"@type":"ListItem","position":1,"name":"Home","item":"https:\/\/franciscanos.org.br\/noticias"},{"@type":"ListItem","position":2,"name":"Sefras realiza ato contra abuso e explora\u00e7\u00e3o infantil"}]},{"@type":"Person","@id":"https:\/\/franciscanos.org.br\/noticias\/#\/schema\/person\/d9422e83121c3ad3b0f423d195f5bb25","name":"Adriana Rabelo","image":{"@type":"ImageObject","inLanguage":"pt-BR","@id":"https:\/\/franciscanos.org.br\/noticias\/#\/schema\/person\/image\/","url":"https:\/\/secure.gravatar.com\/avatar\/0a937b7500cd7df77540cfb8bede877d?s=96&d=mm&r=g","contentUrl":"https:\/\/secure.gravatar.com\/avatar\/0a937b7500cd7df77540cfb8bede877d?s=96&d=mm&r=g","caption":"Adriana Rabelo"},"url":"https:\/\/franciscanos.org.br\/noticias\/author\/adrianarabelo"}]}},"_links":{"self":[{"href":"https:\/\/franciscanos.org.br\/noticias\/wp-json\/wp\/v2\/posts\/247702"}],"collection":[{"href":"https:\/\/franciscanos.org.br\/noticias\/wp-json\/wp\/v2\/posts"}],"about":[{"href":"https:\/\/franciscanos.org.br\/noticias\/wp-json\/wp\/v2\/types\/post"}],"author":[{"embeddable":true,"href":"https:\/\/franciscanos.org.br\/noticias\/wp-json\/wp\/v2\/users\/11"}],"replies":[{"embeddable":true,"href":"https:\/\/franciscanos.org.br\/noticias\/wp-json\/wp\/v2\/comments?post=247702"}],"version-history":[{"count":5,"href":"https:\/\/franciscanos.org.br\/noticias\/wp-json\/wp\/v2\/posts\/247702\/revisions"}],"predecessor-version":[{"id":247714,"href":"https:\/\/franciscanos.org.br\/noticias\/wp-json\/wp\/v2\/posts\/247702\/revisions\/247714"}],"wp:featuredmedia":[{"embeddable":true,"href":"https:\/\/franciscanos.org.br\/noticias\/wp-json\/wp\/v2\/media\/247704"}],"wp:attachment":[{"href":"https:\/\/franciscanos.org.br\/noticias\/wp-json\/wp\/v2\/media?parent=247702"}],"wp:term":[{"taxonomy":"category","embeddable":true,"href":"https:\/\/franciscanos.org.br\/noticias\/wp-json\/wp\/v2\/categories?post=247702"},{"taxonomy":"post_tag","embeddable":true,"href":"https:\/\/franciscanos.org.br\/noticias\/wp-json\/wp\/v2\/tags?post=247702"}],"curies":[{"name":"wp","href":"https:\/\/api.w.org\/{rel}","templated":true}]}}