{"id":247689,"date":"2024-05-23T10:37:38","date_gmt":"2024-05-23T13:37:38","guid":{"rendered":"https:\/\/franciscanos.org.br\/noticias\/?p=247689"},"modified":"2024-05-23T10:37:38","modified_gmt":"2024-05-23T13:37:38","slug":"coral-das-meninas-dos-canarinhos-e-destaque-em-concerto-espiritual-mariano","status":"publish","type":"post","link":"https:\/\/franciscanos.org.br\/noticias\/coral-das-meninas-dos-canarinhos-e-destaque-em-concerto-espiritual-mariano.html","title":{"rendered":"Coral das Meninas dos Canarinhos \u00e9 destaque em Concerto Espiritual Mariano"},"content":{"rendered":"<p><img loading=\"lazy\" class=\"aligncenter wp-image-247690 size-full\" src=\"https:\/\/franciscanos.org.br\/noticias\/wp-content\/uploads\/2024\/05\/IMG_4634-scaled.jpg\" alt=\"\" width=\"1783\" height=\"1080\" srcset=\"https:\/\/franciscanos.org.br\/noticias\/wp-content\/uploads\/2024\/05\/IMG_4634-scaled.jpg 1783w, https:\/\/franciscanos.org.br\/noticias\/wp-content\/uploads\/2024\/05\/IMG_4634-450x273.jpg 450w, https:\/\/franciscanos.org.br\/noticias\/wp-content\/uploads\/2024\/05\/IMG_4634-1024x620.jpg 1024w, https:\/\/franciscanos.org.br\/noticias\/wp-content\/uploads\/2024\/05\/IMG_4634-768x465.jpg 768w, https:\/\/franciscanos.org.br\/noticias\/wp-content\/uploads\/2024\/05\/IMG_4634-1536x930.jpg 1536w, https:\/\/franciscanos.org.br\/noticias\/wp-content\/uploads\/2024\/05\/IMG_4634-2048x1241.jpg 2048w, https:\/\/franciscanos.org.br\/noticias\/wp-content\/uploads\/2024\/05\/IMG_4634-150x91.jpg 150w\" sizes=\"(max-width: 1783px) 100vw, 1783px\" \/><\/p>\n<p><span style=\"font-weight: 400;\">Em celebra\u00e7\u00e3o a devo\u00e7\u00e3o a Virgem Maria, M\u00e3e de Deus, no \u00faltimo dia 18, o Coral das Meninas dos Canarinhos foi destaque no Concerto Espiritual Mariano de 2024, do Instituto dos Meninos Cantores de Petr\u00f3polis (IMCP), na Igreja do Sagrado Cora\u00e7\u00e3o de Jesus, em Petr\u00f3polis. Regidas pelo seu Maestro Marcelo Vizani e acompanhadas no piano pelo Maestro do Coral dos Meninos, Marco Aur\u00e9lio Lischt, as Meninas dos Canarinhos fizeram deste Concerto um momento profundo de contempla\u00e7\u00e3o da m\u00fasica que se faz ora\u00e7\u00e3o.<\/span><\/p>\n<p><span style=\"font-weight: 400;\"> <img loading=\"lazy\" class=\"size-medium wp-image-247691 alignright\" src=\"https:\/\/franciscanos.org.br\/noticias\/wp-content\/uploads\/2024\/05\/IMG_4741-450x300.jpg\" alt=\"\" width=\"450\" height=\"300\" srcset=\"https:\/\/franciscanos.org.br\/noticias\/wp-content\/uploads\/2024\/05\/IMG_4741-450x300.jpg 450w, https:\/\/franciscanos.org.br\/noticias\/wp-content\/uploads\/2024\/05\/IMG_4741-1024x683.jpg 1024w, https:\/\/franciscanos.org.br\/noticias\/wp-content\/uploads\/2024\/05\/IMG_4741-768x512.jpg 768w, https:\/\/franciscanos.org.br\/noticias\/wp-content\/uploads\/2024\/05\/IMG_4741-1536x1024.jpg 1536w, https:\/\/franciscanos.org.br\/noticias\/wp-content\/uploads\/2024\/05\/IMG_4741-2048x1365.jpg 2048w, https:\/\/franciscanos.org.br\/noticias\/wp-content\/uploads\/2024\/05\/IMG_4741-150x100.jpg 150w, https:\/\/franciscanos.org.br\/noticias\/wp-content\/uploads\/2024\/05\/IMG_4741-scaled.jpg 1620w\" sizes=\"(max-width: 450px) 100vw, 450px\" \/> <\/span><\/p>\n<p><span style=\"font-weight: 400;\">Os Concertos Espirituais promovidos pelo IMCP, em parceria com a Par\u00f3quia do Sagrado, s\u00e3o momentos de arte e ora\u00e7\u00e3o favorecidos pela m\u00fasica juntamente com a medita\u00e7\u00e3o de um tema forte da Espiritualidade Crist\u00e3. A tem\u00e1tica mariana desta apresenta\u00e7\u00e3o decorre do fato de estarmos no m\u00eas de maio, m\u00eas que lembramos, com muito carinho, de Nossa Senhora, a M\u00e3e do Senhor. O Presidente do IMCP, Frei Marcos Antonio de Andrade, conduziu a reflex\u00e3o deste Concerto Espiritual com trechos dos Evangelhos de Lucas e de Jo\u00e3o que tratam desta tem\u00e1tica. Em sua fala inicial, acolhendo a todos, disse o frade: \u201cA s\u00e9rie dos \u2018Concertos Espirituais\u2019 quer unir a m\u00fasica coral como um momento de reflex\u00e3o e ora\u00e7\u00e3o. N\u00e3o \u00e9 somente um concerto musical, mas a m\u00fasica sacra cumprindo o seu papel t\u00e3o importante de nos levar ao encontro com Deus e com os irm\u00e3os e irm\u00e3s\u201d.<\/span><\/p>\n<p>O Coral das Meninas iniciou o Concerto entrando em prociss\u00e3o pelo corredor central da Igreja com a can\u00e7\u00e3o da Ave Maria na melodia tradicional gregoriana. Ao longo do Concerto, as reflex\u00f5es dos trechos dos evangelhos eram complementadas pelas can\u00e7\u00f5es marianas que ajudavam a interiorizar sobre o sentido daquilo que havia sido lido. Temas como a Anuncia\u00e7\u00e3o, a Visita\u00e7\u00e3o, o Magnificat e a Crucifica\u00e7\u00e3o de Jesus foram alguns dos trechos dos evangelhos meditados com a uni\u00e3o entre o texto sagrado e a m\u00fasica sacra. No repert\u00f3rio, o Coral cantou can\u00e7\u00f5es cl\u00e1ssicas desta espiritualidade como o Ave Maria de Caccini, Regina Coeli de Ramiro Real, Ave Maris Stella de Francisco Alcantar, Ave Maria do Morro de Herivelto Martins, entre outras.<\/p>\n<p><span style=\"font-weight: 400;\">No final da apresenta\u00e7\u00e3o, Frei Marcos convidou todos os presentes para unirem-se ao Coral e juntos cantarem a tradicional prece mariana <\/span><i><span style=\"font-weight: 400;\">\u201cSalve Regina\u201d, <\/span><\/i><span style=\"font-weight: 400;\">can\u00e7\u00e3o em melodia gregoriana t\u00e3o querida pelos franciscanos e todo o povo de Deus. Em un\u00edssono, o grande Coral encerrou esse Concerto cantando os louvores da M\u00e3e do Senhor e rogando a ela sua intercess\u00e3o por todos os seus filhos e filhas nestes tempos de guerras e trag\u00e9dias.<\/span><\/p>\n<p><span style=\"font-weight: 400;\">\u00a0<\/span><span style=\"font-weight: 400;\">Frei Marcos agradeceu ao Coral das Meninas por este belo e emocionante Concerto. Estendeu seus agradecimentos ao Maestro Marcelo Vizani e a toda a equipe do Instituto dos Meninos Cantores de Petr\u00f3polis pela organiza\u00e7\u00e3o deste Concerto e a todos os presentes, por prestigiarem nossas meninas nesta noite.\u00a0<\/span><\/p>\n<p><span style=\"font-weight: 400;\">Neste Concerto, n\u00e3o houve venda de ingressos, mas os presentes puderam, de forma espont\u00e2nea, fazer uma doa\u00e7\u00e3o ao IMCP. Os valores arrecadados ser\u00e3o revertidos para a alimenta\u00e7\u00e3o dos coralistas do Instituto dos Meninos Cantores de Petr\u00f3polis em suas atividades de forma\u00e7\u00e3o musical.\u00a0\u00a0<\/span><\/p>\n\n\t\t<style type=\"text\/css\">\n\t\t\t#gallery-1 {\n\t\t\t\tmargin: auto;\n\t\t\t}\n\t\t\t#gallery-1 .gallery-item {\n\t\t\t\tfloat: left;\n\t\t\t\tmargin-top: 10px;\n\t\t\t\ttext-align: center;\n\t\t\t\twidth: 33%;\n\t\t\t}\n\t\t\t#gallery-1 img {\n\t\t\t\tborder: 2px solid #cfcfcf;\n\t\t\t}\n\t\t\t#gallery-1 .gallery-caption {\n\t\t\t\tmargin-left: 0;\n\t\t\t}\n\t\t\t\/* see gallery_shortcode() in wp-includes\/media.php *\/\n\t\t<\/style>\n\t\t<div id='gallery-1' class='gallery galleryid-247689 gallery-columns-3 gallery-size-medium'><dl class='gallery-item'>\n\t\t\t<dt class='gallery-icon landscape'>\n\t\t\t\t<a href='https:\/\/franciscanos.org.br\/noticias\/wp-content\/uploads\/2024\/05\/IMG_4749-scaled.jpg'><img width=\"450\" height=\"300\" src=\"https:\/\/franciscanos.org.br\/noticias\/wp-content\/uploads\/2024\/05\/IMG_4749-450x300.jpg\" class=\"attachment-medium size-medium\" alt=\"\" loading=\"lazy\" srcset=\"https:\/\/franciscanos.org.br\/noticias\/wp-content\/uploads\/2024\/05\/IMG_4749-450x300.jpg 450w, https:\/\/franciscanos.org.br\/noticias\/wp-content\/uploads\/2024\/05\/IMG_4749-1024x683.jpg 1024w, https:\/\/franciscanos.org.br\/noticias\/wp-content\/uploads\/2024\/05\/IMG_4749-768x512.jpg 768w, https:\/\/franciscanos.org.br\/noticias\/wp-content\/uploads\/2024\/05\/IMG_4749-1536x1024.jpg 1536w, https:\/\/franciscanos.org.br\/noticias\/wp-content\/uploads\/2024\/05\/IMG_4749-2048x1365.jpg 2048w, https:\/\/franciscanos.org.br\/noticias\/wp-content\/uploads\/2024\/05\/IMG_4749-150x100.jpg 150w, https:\/\/franciscanos.org.br\/noticias\/wp-content\/uploads\/2024\/05\/IMG_4749-scaled.jpg 1620w\" sizes=\"(max-width: 450px) 100vw, 450px\" \/><\/a>\n\t\t\t<\/dt><\/dl><dl class='gallery-item'>\n\t\t\t<dt class='gallery-icon landscape'>\n\t\t\t\t<a href='https:\/\/franciscanos.org.br\/noticias\/wp-content\/uploads\/2024\/05\/IMG_4797-scaled.jpg'><img width=\"450\" height=\"300\" src=\"https:\/\/franciscanos.org.br\/noticias\/wp-content\/uploads\/2024\/05\/IMG_4797-450x300.jpg\" class=\"attachment-medium size-medium\" alt=\"\" loading=\"lazy\" srcset=\"https:\/\/franciscanos.org.br\/noticias\/wp-content\/uploads\/2024\/05\/IMG_4797-450x300.jpg 450w, https:\/\/franciscanos.org.br\/noticias\/wp-content\/uploads\/2024\/05\/IMG_4797-1024x683.jpg 1024w, https:\/\/franciscanos.org.br\/noticias\/wp-content\/uploads\/2024\/05\/IMG_4797-768x512.jpg 768w, https:\/\/franciscanos.org.br\/noticias\/wp-content\/uploads\/2024\/05\/IMG_4797-1536x1024.jpg 1536w, https:\/\/franciscanos.org.br\/noticias\/wp-content\/uploads\/2024\/05\/IMG_4797-2048x1365.jpg 2048w, https:\/\/franciscanos.org.br\/noticias\/wp-content\/uploads\/2024\/05\/IMG_4797-150x100.jpg 150w, https:\/\/franciscanos.org.br\/noticias\/wp-content\/uploads\/2024\/05\/IMG_4797-scaled.jpg 1620w\" sizes=\"(max-width: 450px) 100vw, 450px\" \/><\/a>\n\t\t\t<\/dt><\/dl><dl class='gallery-item'>\n\t\t\t<dt class='gallery-icon landscape'>\n\t\t\t\t<a href='https:\/\/franciscanos.org.br\/noticias\/wp-content\/uploads\/2024\/05\/IMG_4729-scaled.jpg'><img width=\"450\" height=\"300\" src=\"https:\/\/franciscanos.org.br\/noticias\/wp-content\/uploads\/2024\/05\/IMG_4729-450x300.jpg\" class=\"attachment-medium size-medium\" alt=\"\" loading=\"lazy\" srcset=\"https:\/\/franciscanos.org.br\/noticias\/wp-content\/uploads\/2024\/05\/IMG_4729-450x300.jpg 450w, https:\/\/franciscanos.org.br\/noticias\/wp-content\/uploads\/2024\/05\/IMG_4729-1024x683.jpg 1024w, https:\/\/franciscanos.org.br\/noticias\/wp-content\/uploads\/2024\/05\/IMG_4729-768x512.jpg 768w, https:\/\/franciscanos.org.br\/noticias\/wp-content\/uploads\/2024\/05\/IMG_4729-1536x1024.jpg 1536w, https:\/\/franciscanos.org.br\/noticias\/wp-content\/uploads\/2024\/05\/IMG_4729-2048x1365.jpg 2048w, https:\/\/franciscanos.org.br\/noticias\/wp-content\/uploads\/2024\/05\/IMG_4729-150x100.jpg 150w, https:\/\/franciscanos.org.br\/noticias\/wp-content\/uploads\/2024\/05\/IMG_4729-scaled.jpg 1620w\" sizes=\"(max-width: 450px) 100vw, 450px\" \/><\/a>\n\t\t\t<\/dt><\/dl><br style=\"clear: both\" \/>\n\t\t<\/div>\n\n<hr \/>\n<p><i><span style=\"font-weight: 400;\">Frei Jo\u00e3o Zechinatto<\/span><\/i><\/p>\n","protected":false},"excerpt":{"rendered":"<p>Coral das Meninas dos Canarinhos de Petr\u00f3polis<\/p>\n","protected":false},"author":11,"featured_media":247693,"comment_status":"open","ping_status":"open","sticky":false,"template":"","format":"standard","meta":[],"categories":[1],"tags":[1531],"acf":[],"yoast_head":"<!-- This site is optimized with the Yoast SEO plugin v19.2 - https:\/\/yoast.com\/wordpress\/plugins\/seo\/ -->\n<title>Coral das Meninas dos Canarinhos \u00e9 destaque em Concerto Espiritual Mariano - Not\u00edcias - Franciscanos<\/title>\n<meta name=\"robots\" content=\"index, follow, max-snippet:-1, max-image-preview:large, max-video-preview:-1\" \/>\n<link rel=\"canonical\" href=\"https:\/\/franciscanos.org.br\/noticias\/coral-das-meninas-dos-canarinhos-e-destaque-em-concerto-espiritual-mariano.html\" \/>\n<meta property=\"og:locale\" content=\"pt_BR\" \/>\n<meta property=\"og:type\" content=\"article\" \/>\n<meta property=\"og:title\" content=\"Coral das Meninas dos Canarinhos \u00e9 destaque em Concerto Espiritual Mariano - Not\u00edcias - Franciscanos\" \/>\n<meta property=\"og:description\" content=\"Coral das Meninas dos Canarinhos de Petr\u00f3polis\" \/>\n<meta property=\"og:url\" content=\"https:\/\/franciscanos.org.br\/noticias\/coral-das-meninas-dos-canarinhos-e-destaque-em-concerto-espiritual-mariano.html\" \/>\n<meta property=\"og:site_name\" content=\"Not\u00edcias - Franciscanos\" \/>\n<meta property=\"article:published_time\" content=\"2024-05-23T13:37:38+00:00\" \/>\n<meta property=\"og:image\" content=\"https:\/\/franciscanos.org.br\/noticias\/wp-content\/uploads\/2024\/05\/IMG_4797-scaled.jpg\" \/>\n\t<meta property=\"og:image:width\" content=\"1620\" \/>\n\t<meta property=\"og:image:height\" content=\"1080\" \/>\n\t<meta property=\"og:image:type\" content=\"image\/jpeg\" \/>\n<meta name=\"author\" content=\"Adriana Rabelo\" \/>\n<meta name=\"twitter:card\" content=\"summary_large_image\" \/>\n<meta name=\"twitter:label1\" content=\"Escrito por\" \/>\n\t<meta name=\"twitter:data1\" content=\"Adriana Rabelo\" \/>\n\t<meta name=\"twitter:label2\" content=\"Est. tempo de leitura\" \/>\n\t<meta name=\"twitter:data2\" content=\"3 minutos\" \/>\n<script type=\"application\/ld+json\" class=\"yoast-schema-graph\">{\"@context\":\"https:\/\/schema.org\",\"@graph\":[{\"@type\":\"WebSite\",\"@id\":\"https:\/\/franciscanos.org.br\/noticias\/#website\",\"url\":\"https:\/\/franciscanos.org.br\/noticias\/\",\"name\":\"Not\u00edcias - Franciscanos\",\"description\":\"Prov\u00edncia Franciscana da Imaculada Concei\u00e7\u00e3o do Brasil - Ordem dos Frades Menores - OFM\",\"potentialAction\":[{\"@type\":\"SearchAction\",\"target\":{\"@type\":\"EntryPoint\",\"urlTemplate\":\"https:\/\/franciscanos.org.br\/noticias\/?s={search_term_string}\"},\"query-input\":\"required name=search_term_string\"}],\"inLanguage\":\"pt-BR\"},{\"@type\":\"ImageObject\",\"inLanguage\":\"pt-BR\",\"@id\":\"https:\/\/franciscanos.org.br\/noticias\/coral-das-meninas-dos-canarinhos-e-destaque-em-concerto-espiritual-mariano.html#primaryimage\",\"url\":\"https:\/\/franciscanos.org.br\/noticias\/wp-content\/uploads\/2024\/05\/IMG_4797-scaled.jpg\",\"contentUrl\":\"https:\/\/franciscanos.org.br\/noticias\/wp-content\/uploads\/2024\/05\/IMG_4797-scaled.jpg\",\"width\":1620,\"height\":1080},{\"@type\":\"WebPage\",\"@id\":\"https:\/\/franciscanos.org.br\/noticias\/coral-das-meninas-dos-canarinhos-e-destaque-em-concerto-espiritual-mariano.html#webpage\",\"url\":\"https:\/\/franciscanos.org.br\/noticias\/coral-das-meninas-dos-canarinhos-e-destaque-em-concerto-espiritual-mariano.html\",\"name\":\"Coral das Meninas dos Canarinhos \u00e9 destaque em Concerto Espiritual Mariano - Not\u00edcias - Franciscanos\",\"isPartOf\":{\"@id\":\"https:\/\/franciscanos.org.br\/noticias\/#website\"},\"primaryImageOfPage\":{\"@id\":\"https:\/\/franciscanos.org.br\/noticias\/coral-das-meninas-dos-canarinhos-e-destaque-em-concerto-espiritual-mariano.html#primaryimage\"},\"datePublished\":\"2024-05-23T13:37:38+00:00\",\"dateModified\":\"2024-05-23T13:37:38+00:00\",\"author\":{\"@id\":\"https:\/\/franciscanos.org.br\/noticias\/#\/schema\/person\/d9422e83121c3ad3b0f423d195f5bb25\"},\"breadcrumb\":{\"@id\":\"https:\/\/franciscanos.org.br\/noticias\/coral-das-meninas-dos-canarinhos-e-destaque-em-concerto-espiritual-mariano.html#breadcrumb\"},\"inLanguage\":\"pt-BR\",\"potentialAction\":[{\"@type\":\"ReadAction\",\"target\":[\"https:\/\/franciscanos.org.br\/noticias\/coral-das-meninas-dos-canarinhos-e-destaque-em-concerto-espiritual-mariano.html\"]}]},{\"@type\":\"BreadcrumbList\",\"@id\":\"https:\/\/franciscanos.org.br\/noticias\/coral-das-meninas-dos-canarinhos-e-destaque-em-concerto-espiritual-mariano.html#breadcrumb\",\"itemListElement\":[{\"@type\":\"ListItem\",\"position\":1,\"name\":\"Home\",\"item\":\"https:\/\/franciscanos.org.br\/noticias\"},{\"@type\":\"ListItem\",\"position\":2,\"name\":\"Coral das Meninas dos Canarinhos \u00e9 destaque em Concerto Espiritual Mariano\"}]},{\"@type\":\"Person\",\"@id\":\"https:\/\/franciscanos.org.br\/noticias\/#\/schema\/person\/d9422e83121c3ad3b0f423d195f5bb25\",\"name\":\"Adriana Rabelo\",\"image\":{\"@type\":\"ImageObject\",\"inLanguage\":\"pt-BR\",\"@id\":\"https:\/\/franciscanos.org.br\/noticias\/#\/schema\/person\/image\/\",\"url\":\"https:\/\/secure.gravatar.com\/avatar\/0a937b7500cd7df77540cfb8bede877d?s=96&d=mm&r=g\",\"contentUrl\":\"https:\/\/secure.gravatar.com\/avatar\/0a937b7500cd7df77540cfb8bede877d?s=96&d=mm&r=g\",\"caption\":\"Adriana Rabelo\"},\"url\":\"https:\/\/franciscanos.org.br\/noticias\/author\/adrianarabelo\"}]}<\/script>\n<!-- \/ Yoast SEO plugin. -->","yoast_head_json":{"title":"Coral das Meninas dos Canarinhos \u00e9 destaque em Concerto Espiritual Mariano - Not\u00edcias - Franciscanos","robots":{"index":"index","follow":"follow","max-snippet":"max-snippet:-1","max-image-preview":"max-image-preview:large","max-video-preview":"max-video-preview:-1"},"canonical":"https:\/\/franciscanos.org.br\/noticias\/coral-das-meninas-dos-canarinhos-e-destaque-em-concerto-espiritual-mariano.html","og_locale":"pt_BR","og_type":"article","og_title":"Coral das Meninas dos Canarinhos \u00e9 destaque em Concerto Espiritual Mariano - Not\u00edcias - Franciscanos","og_description":"Coral das Meninas dos Canarinhos de Petr\u00f3polis","og_url":"https:\/\/franciscanos.org.br\/noticias\/coral-das-meninas-dos-canarinhos-e-destaque-em-concerto-espiritual-mariano.html","og_site_name":"Not\u00edcias - Franciscanos","article_published_time":"2024-05-23T13:37:38+00:00","og_image":[{"width":1620,"height":1080,"url":"https:\/\/franciscanos.org.br\/noticias\/wp-content\/uploads\/2024\/05\/IMG_4797-scaled.jpg","type":"image\/jpeg"}],"author":"Adriana Rabelo","twitter_card":"summary_large_image","twitter_misc":{"Escrito por":"Adriana Rabelo","Est. tempo de leitura":"3 minutos"},"schema":{"@context":"https:\/\/schema.org","@graph":[{"@type":"WebSite","@id":"https:\/\/franciscanos.org.br\/noticias\/#website","url":"https:\/\/franciscanos.org.br\/noticias\/","name":"Not\u00edcias - Franciscanos","description":"Prov\u00edncia Franciscana da Imaculada Concei\u00e7\u00e3o do Brasil - Ordem dos Frades Menores - OFM","potentialAction":[{"@type":"SearchAction","target":{"@type":"EntryPoint","urlTemplate":"https:\/\/franciscanos.org.br\/noticias\/?s={search_term_string}"},"query-input":"required name=search_term_string"}],"inLanguage":"pt-BR"},{"@type":"ImageObject","inLanguage":"pt-BR","@id":"https:\/\/franciscanos.org.br\/noticias\/coral-das-meninas-dos-canarinhos-e-destaque-em-concerto-espiritual-mariano.html#primaryimage","url":"https:\/\/franciscanos.org.br\/noticias\/wp-content\/uploads\/2024\/05\/IMG_4797-scaled.jpg","contentUrl":"https:\/\/franciscanos.org.br\/noticias\/wp-content\/uploads\/2024\/05\/IMG_4797-scaled.jpg","width":1620,"height":1080},{"@type":"WebPage","@id":"https:\/\/franciscanos.org.br\/noticias\/coral-das-meninas-dos-canarinhos-e-destaque-em-concerto-espiritual-mariano.html#webpage","url":"https:\/\/franciscanos.org.br\/noticias\/coral-das-meninas-dos-canarinhos-e-destaque-em-concerto-espiritual-mariano.html","name":"Coral das Meninas dos Canarinhos \u00e9 destaque em Concerto Espiritual Mariano - Not\u00edcias - Franciscanos","isPartOf":{"@id":"https:\/\/franciscanos.org.br\/noticias\/#website"},"primaryImageOfPage":{"@id":"https:\/\/franciscanos.org.br\/noticias\/coral-das-meninas-dos-canarinhos-e-destaque-em-concerto-espiritual-mariano.html#primaryimage"},"datePublished":"2024-05-23T13:37:38+00:00","dateModified":"2024-05-23T13:37:38+00:00","author":{"@id":"https:\/\/franciscanos.org.br\/noticias\/#\/schema\/person\/d9422e83121c3ad3b0f423d195f5bb25"},"breadcrumb":{"@id":"https:\/\/franciscanos.org.br\/noticias\/coral-das-meninas-dos-canarinhos-e-destaque-em-concerto-espiritual-mariano.html#breadcrumb"},"inLanguage":"pt-BR","potentialAction":[{"@type":"ReadAction","target":["https:\/\/franciscanos.org.br\/noticias\/coral-das-meninas-dos-canarinhos-e-destaque-em-concerto-espiritual-mariano.html"]}]},{"@type":"BreadcrumbList","@id":"https:\/\/franciscanos.org.br\/noticias\/coral-das-meninas-dos-canarinhos-e-destaque-em-concerto-espiritual-mariano.html#breadcrumb","itemListElement":[{"@type":"ListItem","position":1,"name":"Home","item":"https:\/\/franciscanos.org.br\/noticias"},{"@type":"ListItem","position":2,"name":"Coral das Meninas dos Canarinhos \u00e9 destaque em Concerto Espiritual Mariano"}]},{"@type":"Person","@id":"https:\/\/franciscanos.org.br\/noticias\/#\/schema\/person\/d9422e83121c3ad3b0f423d195f5bb25","name":"Adriana Rabelo","image":{"@type":"ImageObject","inLanguage":"pt-BR","@id":"https:\/\/franciscanos.org.br\/noticias\/#\/schema\/person\/image\/","url":"https:\/\/secure.gravatar.com\/avatar\/0a937b7500cd7df77540cfb8bede877d?s=96&d=mm&r=g","contentUrl":"https:\/\/secure.gravatar.com\/avatar\/0a937b7500cd7df77540cfb8bede877d?s=96&d=mm&r=g","caption":"Adriana Rabelo"},"url":"https:\/\/franciscanos.org.br\/noticias\/author\/adrianarabelo"}]}},"_links":{"self":[{"href":"https:\/\/franciscanos.org.br\/noticias\/wp-json\/wp\/v2\/posts\/247689"}],"collection":[{"href":"https:\/\/franciscanos.org.br\/noticias\/wp-json\/wp\/v2\/posts"}],"about":[{"href":"https:\/\/franciscanos.org.br\/noticias\/wp-json\/wp\/v2\/types\/post"}],"author":[{"embeddable":true,"href":"https:\/\/franciscanos.org.br\/noticias\/wp-json\/wp\/v2\/users\/11"}],"replies":[{"embeddable":true,"href":"https:\/\/franciscanos.org.br\/noticias\/wp-json\/wp\/v2\/comments?post=247689"}],"version-history":[{"count":4,"href":"https:\/\/franciscanos.org.br\/noticias\/wp-json\/wp\/v2\/posts\/247689\/revisions"}],"predecessor-version":[{"id":247699,"href":"https:\/\/franciscanos.org.br\/noticias\/wp-json\/wp\/v2\/posts\/247689\/revisions\/247699"}],"wp:featuredmedia":[{"embeddable":true,"href":"https:\/\/franciscanos.org.br\/noticias\/wp-json\/wp\/v2\/media\/247693"}],"wp:attachment":[{"href":"https:\/\/franciscanos.org.br\/noticias\/wp-json\/wp\/v2\/media?parent=247689"}],"wp:term":[{"taxonomy":"category","embeddable":true,"href":"https:\/\/franciscanos.org.br\/noticias\/wp-json\/wp\/v2\/categories?post=247689"},{"taxonomy":"post_tag","embeddable":true,"href":"https:\/\/franciscanos.org.br\/noticias\/wp-json\/wp\/v2\/tags?post=247689"}],"curies":[{"name":"wp","href":"https:\/\/api.w.org\/{rel}","templated":true}]}}