{"id":247685,"date":"2024-05-22T08:49:15","date_gmt":"2024-05-22T11:49:15","guid":{"rendered":"https:\/\/franciscanos.org.br\/noticias\/?p=247685"},"modified":"2024-05-22T08:49:15","modified_gmt":"2024-05-22T11:49:15","slug":"a-humildade-e-tudo-a-virtude-que-nos-salva-do-mal","status":"publish","type":"post","link":"https:\/\/franciscanos.org.br\/noticias\/a-humildade-e-tudo-a-virtude-que-nos-salva-do-mal.html","title":{"rendered":"A humildade \u00e9 tudo, a virtude que nos salva do mal"},"content":{"rendered":"<p><img loading=\"lazy\" class=\"aligncenter wp-image-247686 size-full\" src=\"https:\/\/franciscanos.org.br\/noticias\/wp-content\/uploads\/2024\/05\/22-05-AUDIENCIA-GERAL.jpeg\" alt=\"\" width=\"750\" height=\"422\" srcset=\"https:\/\/franciscanos.org.br\/noticias\/wp-content\/uploads\/2024\/05\/22-05-AUDIENCIA-GERAL.jpeg 750w, https:\/\/franciscanos.org.br\/noticias\/wp-content\/uploads\/2024\/05\/22-05-AUDIENCIA-GERAL-450x253.jpeg 450w, https:\/\/franciscanos.org.br\/noticias\/wp-content\/uploads\/2024\/05\/22-05-AUDIENCIA-GERAL-150x84.jpeg 150w\" sizes=\"(max-width: 750px) 100vw, 750px\" \/><\/p>\n<p><span style=\"color: #808080;\">Na conclus\u00e3o do ciclo de catequeses sobre os v\u00edcios e as virtudes, Francisco dedicou sua reflex\u00e3o \u00e0 humildade. Aos fi\u00e9is e peregrinos reunidos na Pra\u00e7a S\u00e3o Pedro para a Audi\u00eancia Geral desta quarta-feira (22\/05), o Pont\u00edfice enfatizou: \u201conde n\u00e3o h\u00e1 humildade, h\u00e1 guerras, disc\u00f3rdias e divis\u00f5es\u201d.<\/span><\/p>\n<p>A reflex\u00e3o do Papa Francisco nesta quarta-feira, 22 de maio, foi dedicada \u00e0 humildade. Esta foi a vig\u00e9sima e \u00faltima catequese do ciclo sobre os v\u00edcios e as virtudes, iniciado na Audi\u00eancia Geral de 27 de dezembro de 2023. O Santo Padre disse que &#8220;a humildade n\u00e3o faz parte das sete virtudes cardeais e teologais, mas est\u00e1 na base da vida crist\u00e3\u201d, e enfatizou:<\/p>\n<p><i>\u201cEsta virtude \u00e9 a grande antagonista do mais mortal dos v\u00edcios, a soberba. Enquanto o orgulho e a soberba incham o cora\u00e7\u00e3o humano, fazendo-nos parecer mais do que somos, a humildade traz tudo de volta \u00e0 dimens\u00e3o certa: somos criaturas maravilhosas, mas limitadas, com pontos fortes e fracos.\u201d<\/i><\/p>\n<p><strong>Bem-aventurados os humildes<\/strong><\/p>\n<p>Ao recordar das palavras de Jesus, presentes no serm\u00e3o das bem-aventuran\u00e7as, o Papa sublinhou: \u201cbem-aventuradas as pessoas que guardam no cora\u00e7\u00e3o esta percep\u00e7\u00e3o da pr\u00f3pria pequenez, elas s\u00e3o preservadas de um v\u00edcio muito feio, a arrog\u00e2ncia\u201d.<\/p>\n<p><i>\u201cBem-aventurados os que t\u00eam um cora\u00e7\u00e3o pobre, porque deles \u00e9 o Reino dos c\u00e9us! Esta \u00e9 a primeira bem-aventuran\u00e7a apresentada por Jesus, porque \u00e9 a base das seguintes: de fato, a mansid\u00e3o, a miseric\u00f3rdia e a pureza de cora\u00e7\u00e3o surgem daquele sentimento interno de pequenez. A humildade \u00e9 a porta de entrada para todas as virtudes.\u201d<\/i><\/p>\n<p><strong>Maria: exemplo de humildade<\/strong><\/p>\n<p>Francisco tamb\u00e9m faz men\u00e7\u00e3o \u00e0s primeiras p\u00e1ginas dos Evangelhos, onde \u201ca humildade e a pobreza de esp\u00edrito s\u00e3o a fonte de tudo\u201d. E ao recordar o an\u00fancio do Anjo a Maria, o Santo Padre enfatiza que \u00e9 precisamente de uma jovem pobre e desconhecida que o mundo renasce:<\/p>\n<p>\u201cDeus \u00e9 atra\u00eddo pela pequenez de Maria, a qual \u00e9 antes de tudo uma pequenez interior, e Ele tamb\u00e9m \u00e9 atra\u00eddo pela nossa pequenez, quando a aceitamos.\u201d<\/p>\n<p>De agora em diante, Maria tomar\u00e1 cuidado para n\u00e3o subir ao palco, continua o Papa. \u201cSua primeira decis\u00e3o depois do an\u00fancio evang\u00e9lico \u00e9 ajudar sua prima. As pessoas humildes n\u00e3o querem sair jamais do seu escondimento.\u201d<\/p>\n<p><strong>Uma virtude s\u00f3lida<\/strong><\/p>\n<p>Segundo o Santo Padre, podemos imaginar que tamb\u00e9m Maria tenha vivido momentos dif\u00edceis, dias em que a sua f\u00e9 avan\u00e7ava na escurid\u00e3o, &#8220;mas isso n\u00e3o fez vacilar a sua humildade, que era uma virtude gran\u00edtica&#8221;, e destacou:<\/p>\n<p>&#8220;Quero sublinhar isso, a humildade \u00e9 uma virtude resistente. A pequenez nos leva \u00e0 humildade, e tamb\u00e9m pensamos em Maria, em sua for\u00e7a invenc\u00edvel: \u00e9 ela quem permanece aos p\u00e9s da cruz, enquanto se desfaz a ilus\u00e3o de um Messias triunfante.&#8221;<\/p>\n<p><strong>Fonte de paz no mundo e na Igreja<\/strong><\/p>\n<p>Na conclus\u00e3o da catequese, o Papa refor\u00e7ou: a humildade \u00e9 tudo. \u00c9 o que nos salva do Maligno e do perigo de nos tornarmos seus c\u00famplices. E a humildade \u00e9 a fonte da paz no mundo e na Igreja.<\/p>\n<p><i>&#8220;<\/i>Onde n\u00e3o h\u00e1 humildade, h\u00e1 guerra, h\u00e1 disc\u00f3rdia, h\u00e1 divis\u00e3o. Deus nos deu um exemplo disso em Jesus e Maria, porque eles s\u00e3o a nossa salva\u00e7\u00e3o e felicidade. E a humildade \u00e9 exatamente a via, o caminho para a salva\u00e7\u00e3o.&#8221;<\/p>\n<p><strong>Preciso de paz neste tempo de guerra mundial<\/strong><\/p>\n<p>O Santo Padre fez um apelo a rezar pela paz neste mundo &#8220;em guerra&#8221;. O Pont\u00edfice exortou mais uma vez a n\u00e3o esquecer a Ucr\u00e2nia, a Palestina, Israel, Mianmar e todos os pa\u00edses que sofrem por causa de conflitos.<\/p>\n<p>No final da Audi\u00eancia Geral, desta quarta-feira (22\/05), realizada na Pra\u00e7a S\u00e3o Pedro, o Papa Francisco convidou mais uma vez a rezar pela paz.<\/p>\n<p>O Pont\u00edfice recordou os conflitos em andamento na Ucr\u00e2nia, onde continuam os ataques de drones russos; no Oriente M\u00e9dio, onde n\u00e3o para a conta do n\u00famero de mortos em bombardeios; em Mianmar, com a crise interna e o drama dos Rohingyas.<\/p>\n<p><i>Rezemos pela paz. Precisamos de paz. O mundo est\u00e1 em guerra. N\u00e3o nos esque\u00e7amos da martirizada Ucr\u00e2nia que est\u00e1 sofrendo muito. N\u00e3o nos esque\u00e7amos da Palestina, de Israel: que essa guerra termine. N\u00e3o nos esque\u00e7amos de Mianmar e n\u00e3o nos esque\u00e7amos dos muitos pa\u00edses em guerra. Irm\u00e3os e irm\u00e3s, precisamos rezar pela paz neste tempo de guerra mundial. <\/i><\/p>\n<p><strong>Convite \u00e0s crian\u00e7as<\/strong><\/p>\n<p>Uma paz que cada um, com sua contribui\u00e7\u00e3o, pode construir. Inclusive as crian\u00e7as. Na sauda\u00e7\u00e3o feita pouco antes aos peregrinos poloneses, Francisco dirigiu-se a todas as crian\u00e7as que, nestes dias, est\u00e3o fazendo a Primeira Comunh\u00e3o, &#8220;importante encontro com Jesus&#8221;, encorajando-as &#8220;neste momento de alegria a saber ver tamb\u00e9m as necessidades de seus coet\u00e2neos que sofrem, v\u00edtimas da guerra, da fome e da pobreza&#8221;.<\/p>\n<p>Que Maria nos ensine o servi\u00e7o humilde, que \u00e9 a fonte de paz no mundo e na Igreja.<\/p>\n<p><strong>A escassez de voca\u00e7\u00f5es na It\u00e1lia<\/strong><\/p>\n<p>Na sauda\u00e7\u00e3o aos fi\u00e9is de l\u00edngua italiana, o Papa saudou as novi\u00e7as que participam do curso promovido pela Uni\u00e3o dos Superiores Maiores da It\u00e1lia, desejando que &#8220;este encontro desperte em cada uma delas o desejo de aderir cada vez mais a Cristo e de servir o pr\u00f3ximo na caridade&#8221;. A seguir, disse que &#8220;h\u00e1 uma escassez de voca\u00e7\u00f5es na It\u00e1lia&#8221; e convidou a pensar e a rezar pelas &#8220;voca\u00e7\u00f5es para a vida consagrada&#8221;.<\/p>\n<hr \/>\n<p><em>Thulio Fonseca- Vatican News<\/em><\/p>\n","protected":false},"excerpt":{"rendered":"<p>Audi\u00eancia Geral- Papa Francisco<\/p>\n","protected":false},"author":11,"featured_media":247686,"comment_status":"open","ping_status":"open","sticky":false,"template":"","format":"standard","meta":[],"categories":[1,1428],"tags":[487,55],"acf":[],"yoast_head":"<!-- This site is optimized with the Yoast SEO plugin v19.2 - https:\/\/yoast.com\/wordpress\/plugins\/seo\/ -->\n<title>A humildade \u00e9 tudo, a virtude que nos salva do mal - Not\u00edcias - Franciscanos<\/title>\n<meta name=\"robots\" content=\"index, follow, max-snippet:-1, max-image-preview:large, max-video-preview:-1\" \/>\n<link rel=\"canonical\" href=\"https:\/\/franciscanos.org.br\/noticias\/a-humildade-e-tudo-a-virtude-que-nos-salva-do-mal.html\" \/>\n<meta property=\"og:locale\" content=\"pt_BR\" \/>\n<meta property=\"og:type\" content=\"article\" \/>\n<meta property=\"og:title\" content=\"A humildade \u00e9 tudo, a virtude que nos salva do mal - Not\u00edcias - Franciscanos\" \/>\n<meta property=\"og:description\" content=\"Audi\u00eancia Geral- Papa Francisco\" \/>\n<meta property=\"og:url\" content=\"https:\/\/franciscanos.org.br\/noticias\/a-humildade-e-tudo-a-virtude-que-nos-salva-do-mal.html\" \/>\n<meta property=\"og:site_name\" content=\"Not\u00edcias - Franciscanos\" \/>\n<meta property=\"article:published_time\" content=\"2024-05-22T11:49:15+00:00\" \/>\n<meta property=\"og:image\" content=\"https:\/\/franciscanos.org.br\/noticias\/wp-content\/uploads\/2024\/05\/22-05-AUDIENCIA-GERAL.jpeg\" \/>\n\t<meta property=\"og:image:width\" content=\"750\" \/>\n\t<meta property=\"og:image:height\" content=\"422\" \/>\n\t<meta property=\"og:image:type\" content=\"image\/jpeg\" \/>\n<meta name=\"author\" content=\"Adriana Rabelo\" \/>\n<meta name=\"twitter:card\" content=\"summary_large_image\" \/>\n<meta name=\"twitter:label1\" content=\"Escrito por\" \/>\n\t<meta name=\"twitter:data1\" content=\"Adriana Rabelo\" \/>\n\t<meta name=\"twitter:label2\" content=\"Est. tempo de leitura\" \/>\n\t<meta name=\"twitter:data2\" content=\"5 minutos\" \/>\n<script type=\"application\/ld+json\" class=\"yoast-schema-graph\">{\"@context\":\"https:\/\/schema.org\",\"@graph\":[{\"@type\":\"WebSite\",\"@id\":\"https:\/\/franciscanos.org.br\/noticias\/#website\",\"url\":\"https:\/\/franciscanos.org.br\/noticias\/\",\"name\":\"Not\u00edcias - Franciscanos\",\"description\":\"Prov\u00edncia Franciscana da Imaculada Concei\u00e7\u00e3o do Brasil - Ordem dos Frades Menores - OFM\",\"potentialAction\":[{\"@type\":\"SearchAction\",\"target\":{\"@type\":\"EntryPoint\",\"urlTemplate\":\"https:\/\/franciscanos.org.br\/noticias\/?s={search_term_string}\"},\"query-input\":\"required name=search_term_string\"}],\"inLanguage\":\"pt-BR\"},{\"@type\":\"ImageObject\",\"inLanguage\":\"pt-BR\",\"@id\":\"https:\/\/franciscanos.org.br\/noticias\/a-humildade-e-tudo-a-virtude-que-nos-salva-do-mal.html#primaryimage\",\"url\":\"https:\/\/franciscanos.org.br\/noticias\/wp-content\/uploads\/2024\/05\/22-05-AUDIENCIA-GERAL.jpeg\",\"contentUrl\":\"https:\/\/franciscanos.org.br\/noticias\/wp-content\/uploads\/2024\/05\/22-05-AUDIENCIA-GERAL.jpeg\",\"width\":750,\"height\":422},{\"@type\":\"WebPage\",\"@id\":\"https:\/\/franciscanos.org.br\/noticias\/a-humildade-e-tudo-a-virtude-que-nos-salva-do-mal.html#webpage\",\"url\":\"https:\/\/franciscanos.org.br\/noticias\/a-humildade-e-tudo-a-virtude-que-nos-salva-do-mal.html\",\"name\":\"A humildade \u00e9 tudo, a virtude que nos salva do mal - Not\u00edcias - Franciscanos\",\"isPartOf\":{\"@id\":\"https:\/\/franciscanos.org.br\/noticias\/#website\"},\"primaryImageOfPage\":{\"@id\":\"https:\/\/franciscanos.org.br\/noticias\/a-humildade-e-tudo-a-virtude-que-nos-salva-do-mal.html#primaryimage\"},\"datePublished\":\"2024-05-22T11:49:15+00:00\",\"dateModified\":\"2024-05-22T11:49:15+00:00\",\"author\":{\"@id\":\"https:\/\/franciscanos.org.br\/noticias\/#\/schema\/person\/d9422e83121c3ad3b0f423d195f5bb25\"},\"breadcrumb\":{\"@id\":\"https:\/\/franciscanos.org.br\/noticias\/a-humildade-e-tudo-a-virtude-que-nos-salva-do-mal.html#breadcrumb\"},\"inLanguage\":\"pt-BR\",\"potentialAction\":[{\"@type\":\"ReadAction\",\"target\":[\"https:\/\/franciscanos.org.br\/noticias\/a-humildade-e-tudo-a-virtude-que-nos-salva-do-mal.html\"]}]},{\"@type\":\"BreadcrumbList\",\"@id\":\"https:\/\/franciscanos.org.br\/noticias\/a-humildade-e-tudo-a-virtude-que-nos-salva-do-mal.html#breadcrumb\",\"itemListElement\":[{\"@type\":\"ListItem\",\"position\":1,\"name\":\"Home\",\"item\":\"https:\/\/franciscanos.org.br\/noticias\"},{\"@type\":\"ListItem\",\"position\":2,\"name\":\"A humildade \u00e9 tudo, a virtude que nos salva do mal\"}]},{\"@type\":\"Person\",\"@id\":\"https:\/\/franciscanos.org.br\/noticias\/#\/schema\/person\/d9422e83121c3ad3b0f423d195f5bb25\",\"name\":\"Adriana Rabelo\",\"image\":{\"@type\":\"ImageObject\",\"inLanguage\":\"pt-BR\",\"@id\":\"https:\/\/franciscanos.org.br\/noticias\/#\/schema\/person\/image\/\",\"url\":\"https:\/\/secure.gravatar.com\/avatar\/0a937b7500cd7df77540cfb8bede877d?s=96&d=mm&r=g\",\"contentUrl\":\"https:\/\/secure.gravatar.com\/avatar\/0a937b7500cd7df77540cfb8bede877d?s=96&d=mm&r=g\",\"caption\":\"Adriana Rabelo\"},\"url\":\"https:\/\/franciscanos.org.br\/noticias\/author\/adrianarabelo\"}]}<\/script>\n<!-- \/ Yoast SEO plugin. -->","yoast_head_json":{"title":"A humildade \u00e9 tudo, a virtude que nos salva do mal - Not\u00edcias - Franciscanos","robots":{"index":"index","follow":"follow","max-snippet":"max-snippet:-1","max-image-preview":"max-image-preview:large","max-video-preview":"max-video-preview:-1"},"canonical":"https:\/\/franciscanos.org.br\/noticias\/a-humildade-e-tudo-a-virtude-que-nos-salva-do-mal.html","og_locale":"pt_BR","og_type":"article","og_title":"A humildade \u00e9 tudo, a virtude que nos salva do mal - Not\u00edcias - Franciscanos","og_description":"Audi\u00eancia Geral- Papa Francisco","og_url":"https:\/\/franciscanos.org.br\/noticias\/a-humildade-e-tudo-a-virtude-que-nos-salva-do-mal.html","og_site_name":"Not\u00edcias - Franciscanos","article_published_time":"2024-05-22T11:49:15+00:00","og_image":[{"width":750,"height":422,"url":"https:\/\/franciscanos.org.br\/noticias\/wp-content\/uploads\/2024\/05\/22-05-AUDIENCIA-GERAL.jpeg","type":"image\/jpeg"}],"author":"Adriana Rabelo","twitter_card":"summary_large_image","twitter_misc":{"Escrito por":"Adriana Rabelo","Est. tempo de leitura":"5 minutos"},"schema":{"@context":"https:\/\/schema.org","@graph":[{"@type":"WebSite","@id":"https:\/\/franciscanos.org.br\/noticias\/#website","url":"https:\/\/franciscanos.org.br\/noticias\/","name":"Not\u00edcias - Franciscanos","description":"Prov\u00edncia Franciscana da Imaculada Concei\u00e7\u00e3o do Brasil - Ordem dos Frades Menores - OFM","potentialAction":[{"@type":"SearchAction","target":{"@type":"EntryPoint","urlTemplate":"https:\/\/franciscanos.org.br\/noticias\/?s={search_term_string}"},"query-input":"required name=search_term_string"}],"inLanguage":"pt-BR"},{"@type":"ImageObject","inLanguage":"pt-BR","@id":"https:\/\/franciscanos.org.br\/noticias\/a-humildade-e-tudo-a-virtude-que-nos-salva-do-mal.html#primaryimage","url":"https:\/\/franciscanos.org.br\/noticias\/wp-content\/uploads\/2024\/05\/22-05-AUDIENCIA-GERAL.jpeg","contentUrl":"https:\/\/franciscanos.org.br\/noticias\/wp-content\/uploads\/2024\/05\/22-05-AUDIENCIA-GERAL.jpeg","width":750,"height":422},{"@type":"WebPage","@id":"https:\/\/franciscanos.org.br\/noticias\/a-humildade-e-tudo-a-virtude-que-nos-salva-do-mal.html#webpage","url":"https:\/\/franciscanos.org.br\/noticias\/a-humildade-e-tudo-a-virtude-que-nos-salva-do-mal.html","name":"A humildade \u00e9 tudo, a virtude que nos salva do mal - Not\u00edcias - Franciscanos","isPartOf":{"@id":"https:\/\/franciscanos.org.br\/noticias\/#website"},"primaryImageOfPage":{"@id":"https:\/\/franciscanos.org.br\/noticias\/a-humildade-e-tudo-a-virtude-que-nos-salva-do-mal.html#primaryimage"},"datePublished":"2024-05-22T11:49:15+00:00","dateModified":"2024-05-22T11:49:15+00:00","author":{"@id":"https:\/\/franciscanos.org.br\/noticias\/#\/schema\/person\/d9422e83121c3ad3b0f423d195f5bb25"},"breadcrumb":{"@id":"https:\/\/franciscanos.org.br\/noticias\/a-humildade-e-tudo-a-virtude-que-nos-salva-do-mal.html#breadcrumb"},"inLanguage":"pt-BR","potentialAction":[{"@type":"ReadAction","target":["https:\/\/franciscanos.org.br\/noticias\/a-humildade-e-tudo-a-virtude-que-nos-salva-do-mal.html"]}]},{"@type":"BreadcrumbList","@id":"https:\/\/franciscanos.org.br\/noticias\/a-humildade-e-tudo-a-virtude-que-nos-salva-do-mal.html#breadcrumb","itemListElement":[{"@type":"ListItem","position":1,"name":"Home","item":"https:\/\/franciscanos.org.br\/noticias"},{"@type":"ListItem","position":2,"name":"A humildade \u00e9 tudo, a virtude que nos salva do mal"}]},{"@type":"Person","@id":"https:\/\/franciscanos.org.br\/noticias\/#\/schema\/person\/d9422e83121c3ad3b0f423d195f5bb25","name":"Adriana Rabelo","image":{"@type":"ImageObject","inLanguage":"pt-BR","@id":"https:\/\/franciscanos.org.br\/noticias\/#\/schema\/person\/image\/","url":"https:\/\/secure.gravatar.com\/avatar\/0a937b7500cd7df77540cfb8bede877d?s=96&d=mm&r=g","contentUrl":"https:\/\/secure.gravatar.com\/avatar\/0a937b7500cd7df77540cfb8bede877d?s=96&d=mm&r=g","caption":"Adriana Rabelo"},"url":"https:\/\/franciscanos.org.br\/noticias\/author\/adrianarabelo"}]}},"_links":{"self":[{"href":"https:\/\/franciscanos.org.br\/noticias\/wp-json\/wp\/v2\/posts\/247685"}],"collection":[{"href":"https:\/\/franciscanos.org.br\/noticias\/wp-json\/wp\/v2\/posts"}],"about":[{"href":"https:\/\/franciscanos.org.br\/noticias\/wp-json\/wp\/v2\/types\/post"}],"author":[{"embeddable":true,"href":"https:\/\/franciscanos.org.br\/noticias\/wp-json\/wp\/v2\/users\/11"}],"replies":[{"embeddable":true,"href":"https:\/\/franciscanos.org.br\/noticias\/wp-json\/wp\/v2\/comments?post=247685"}],"version-history":[{"count":1,"href":"https:\/\/franciscanos.org.br\/noticias\/wp-json\/wp\/v2\/posts\/247685\/revisions"}],"predecessor-version":[{"id":247687,"href":"https:\/\/franciscanos.org.br\/noticias\/wp-json\/wp\/v2\/posts\/247685\/revisions\/247687"}],"wp:featuredmedia":[{"embeddable":true,"href":"https:\/\/franciscanos.org.br\/noticias\/wp-json\/wp\/v2\/media\/247686"}],"wp:attachment":[{"href":"https:\/\/franciscanos.org.br\/noticias\/wp-json\/wp\/v2\/media?parent=247685"}],"wp:term":[{"taxonomy":"category","embeddable":true,"href":"https:\/\/franciscanos.org.br\/noticias\/wp-json\/wp\/v2\/categories?post=247685"},{"taxonomy":"post_tag","embeddable":true,"href":"https:\/\/franciscanos.org.br\/noticias\/wp-json\/wp\/v2\/tags?post=247685"}],"curies":[{"name":"wp","href":"https:\/\/api.w.org\/{rel}","templated":true}]}}