{"id":247659,"date":"2024-05-20T17:01:54","date_gmt":"2024-05-20T20:01:54","guid":{"rendered":"https:\/\/franciscanos.org.br\/noticias\/?p=247659"},"modified":"2024-05-20T17:01:54","modified_gmt":"2024-05-20T20:01:54","slug":"rede-de-solidariedade-franciscana-para-o-povo-do-rio-grande-do-sul","status":"publish","type":"post","link":"https:\/\/franciscanos.org.br\/noticias\/rede-de-solidariedade-franciscana-para-o-povo-do-rio-grande-do-sul.html","title":{"rendered":"Rede de solidariedade franciscana para o povo do Rio Grande do Sul"},"content":{"rendered":"<p><img loading=\"lazy\" class=\"wp-image-247663 size-full aligncenter\" src=\"https:\/\/franciscanos.org.br\/noticias\/wp-content\/uploads\/2024\/05\/WhatsApp-Image-2024-05-20-at-16.04.17.jpeg\" alt=\"\" width=\"1280\" height=\"720\" srcset=\"https:\/\/franciscanos.org.br\/noticias\/wp-content\/uploads\/2024\/05\/WhatsApp-Image-2024-05-20-at-16.04.17.jpeg 1280w, https:\/\/franciscanos.org.br\/noticias\/wp-content\/uploads\/2024\/05\/WhatsApp-Image-2024-05-20-at-16.04.17-450x253.jpeg 450w, https:\/\/franciscanos.org.br\/noticias\/wp-content\/uploads\/2024\/05\/WhatsApp-Image-2024-05-20-at-16.04.17-1024x576.jpeg 1024w, https:\/\/franciscanos.org.br\/noticias\/wp-content\/uploads\/2024\/05\/WhatsApp-Image-2024-05-20-at-16.04.17-768x432.jpeg 768w, https:\/\/franciscanos.org.br\/noticias\/wp-content\/uploads\/2024\/05\/WhatsApp-Image-2024-05-20-at-16.04.17-150x84.jpeg 150w\" sizes=\"(max-width: 1280px) 100vw, 1280px\" \/><\/p>\n<p>Par\u00f3quias e institui\u00e7\u00f5es de ensino de diferentes localidades da Prov\u00edncia Franciscana da Imaculada Concei\u00e7\u00e3o do Brasil continuam empenhadas na promo\u00e7\u00e3o de a\u00e7\u00f5es de solidariedade \u00e0 popula\u00e7\u00e3o do Rio Grande do Sul que, desde o dia 29 de abril, sofre com os reflexos das fortes chuvas que devastaram grande parte do Estado.<\/p>\n<p>De acordo com balan\u00e7o da Defesa Civil, do dia 19 de maio, dos 497 munic\u00edpios ga\u00fachos, 463 foram afetados pelas enchentes, prejudicando mais de 2 milh\u00f5es e 300 mil pessoas. Atualmente, 76.955 moradores est\u00e3o em abrigos, desses 540.633 est\u00e3o desabrigados.<\/p>\n<p>Quando olhamos para os n\u00fameros oficiais, percebemos o quanto filhos e filhas de Deus foram impactados pela maior cat\u00e1strofe ambiental da hist\u00f3ria do Rio Grande do Sul.<\/p>\n<p>Por outro lado, essa grave situa\u00e7\u00e3o mobilizou no Brasil uma in\u00e9dita \u201crede de apoio\u201d, composta por milhares de volunt\u00e1rios que se dividiram em diferentes frentes para ajudar o povo que sofre com as enchentes. Outros milhares de brasileiros uniram for\u00e7as para doar dinheiro, roupas, produtos de limpeza, higiene e alimentos, na tentativa de diminuir a dor de irm\u00e3os e irm\u00e3s que perderam tudo o que tinham, inclusive parentes e amigos v\u00edtimas da trag\u00e9dia.<\/p>\n<p><strong>F\u00e9, esperan\u00e7a e caridade<\/strong><\/p>\n<p>Na Par\u00f3quia Santa In\u00eas, localizada no Balne\u00e1rio Cambori\u00fa, em Santa Catarina, a comunidade participou do SOS Rio Grande do Sul, uma campanha de solidariedade do governo ga\u00facho.<\/p>\n<p>Neste m\u00eas de maio, nos dias 7 e 10 deste m\u00eas, dois caminh\u00f5es com mantimentos foram enviados para Canoas (RS), uma das cidades mais atingidas pelas enchentes. O primeiro carregamento foi de alimentos, e a segunda foi de \u00e1gua. \u201cNa sexta-feira (18), uma terceira remessa foi enviada. Desta vez foram doados agasalhos e cobertores, pois, o frio j\u00e1 chegou na regi\u00e3o afetada\u201d, informou Frei Lindolfo Jasper, vig\u00e1rio paroquial.<\/p>\n<p>\u201cAqui n\u00e3o fazemos muita \u2018propaganda\u2019 das nossas a\u00e7\u00f5es, pois nossa maior inten\u00e7\u00e3o \u00e9 ajudar os mais pobres, o povo sofrido afetado por essa trag\u00e9dia\u201d, salientou o frade.<\/p>\n<p>A Universidade S\u00e3o Francisco (USF), vinculada \u00e0 Frente de Evangeliza\u00e7\u00e3o da Educa\u00e7\u00e3o, promoveu nos C\u00e2mpus de Bragan\u00e7a Paulista, Campinas e Itatiba, neste m\u00eas de maio, uma Campanha Emergencial para ajudar as fam\u00edlias afetadas pelas enchentes no Sul.<\/p>\n<p>Foram arrecadados mantimentos, itens de higiene, ra\u00e7\u00e3o para animais, roupas e cal\u00e7ados. As doa\u00e7\u00f5es foram transportadas pela Sakata Brasil, empresa produtora de hortali\u00e7as, parceira institucional da USF.<\/p>\n<p>A\u00e7\u00f5es como essa v\u00e3o ao encontro da miss\u00e3o franciscana da Universidade de atuar junto \u00e0s comunidades em que est\u00e1 inserida de maneira fraternal e solid\u00e1ria, al\u00e9m de estarem alinhadas aos Objetivos de Desenvolvimento Sustent\u00e1vel do Pacto Global da ONU.<\/p>\n<p><strong>Fraternidade de Solidariedade<\/strong><\/p>\n<p><strong>\u00a0<\/strong>A Prov\u00edncia Franciscana da Imaculada, por meio do envio de recursos financeiros destinados do Fundo para Caridade Fraterna, tamb\u00e9m auxiliou os habitantes do Rio Grande do Sul. A a\u00e7\u00e3o de solidariedade envolveu as demais entidades da Confer\u00eancia Franciscana do Brasil e Cone Sul (Argentina, Chile e Paraguai), num movimento da Ordem dos Frades Menores, com o objetivo de promover a caridade fraterna e a assist\u00eancia aos atingidos pelos eventos clim\u00e1ticos, especialmente os mais necessitados. Os valores foram destinados \u00e0 Prov\u00edncia da regi\u00e3o Sul do pa\u00eds, que est\u00e1 socorrendo a popula\u00e7\u00e3o afetada pelas enchentes em nome da Ordem.<\/p>\n<p>As doa\u00e7\u00f5es para a Prov\u00edncia Franciscana S\u00e3o Francisco de Assis, ainda podem ser realizadas da seguinte forma:<\/p>\n<p>PIX: icsfaprov@gmail.com<\/p>\n<p>Prov\u00edncia S\u00e3o Francisco de Assis no Brasil<\/p>\n<p>Banco do Brasil<\/p>\n<p>Ag\u00eancia:5882-3<\/p>\n<p>Conta corrente: 10.292X<\/p>\n<p>CNPJ: 35.332.968\/0001-08<\/p>\n<hr \/>\n<p><em>Adriana Rabelo<\/em><\/p>\n\n\t\t<style type=\"text\/css\">\n\t\t\t#gallery-1 {\n\t\t\t\tmargin: auto;\n\t\t\t}\n\t\t\t#gallery-1 .gallery-item {\n\t\t\t\tfloat: left;\n\t\t\t\tmargin-top: 10px;\n\t\t\t\ttext-align: center;\n\t\t\t\twidth: 33%;\n\t\t\t}\n\t\t\t#gallery-1 img {\n\t\t\t\tborder: 2px solid #cfcfcf;\n\t\t\t}\n\t\t\t#gallery-1 .gallery-caption {\n\t\t\t\tmargin-left: 0;\n\t\t\t}\n\t\t\t\/* see gallery_shortcode() in wp-includes\/media.php *\/\n\t\t<\/style>\n\t\t<div id='gallery-1' class='gallery galleryid-247659 gallery-columns-3 gallery-size-large'><dl class='gallery-item'>\n\t\t\t<dt class='gallery-icon portrait'>\n\t\t\t\t<a href='https:\/\/franciscanos.org.br\/noticias\/wp-content\/uploads\/2024\/05\/IMG-20240510-WA0007-1.jpg'><img width=\"768\" height=\"1024\" src=\"https:\/\/franciscanos.org.br\/noticias\/wp-content\/uploads\/2024\/05\/IMG-20240510-WA0007-1-768x1024.jpg\" class=\"attachment-large size-large\" alt=\"\" loading=\"lazy\" srcset=\"https:\/\/franciscanos.org.br\/noticias\/wp-content\/uploads\/2024\/05\/IMG-20240510-WA0007-1-768x1024.jpg 768w, https:\/\/franciscanos.org.br\/noticias\/wp-content\/uploads\/2024\/05\/IMG-20240510-WA0007-1-338x450.jpg 338w, https:\/\/franciscanos.org.br\/noticias\/wp-content\/uploads\/2024\/05\/IMG-20240510-WA0007-1-1152x1536.jpg 1152w, https:\/\/franciscanos.org.br\/noticias\/wp-content\/uploads\/2024\/05\/IMG-20240510-WA0007-1-150x200.jpg 150w, https:\/\/franciscanos.org.br\/noticias\/wp-content\/uploads\/2024\/05\/IMG-20240510-WA0007-1.jpg 810w\" sizes=\"(max-width: 768px) 100vw, 768px\" \/><\/a>\n\t\t\t<\/dt><\/dl><dl class='gallery-item'>\n\t\t\t<dt class='gallery-icon portrait'>\n\t\t\t\t<a href='https:\/\/franciscanos.org.br\/noticias\/wp-content\/uploads\/2024\/05\/IMG-20240510-WA0016.jpg'><img width=\"768\" height=\"1024\" src=\"https:\/\/franciscanos.org.br\/noticias\/wp-content\/uploads\/2024\/05\/IMG-20240510-WA0016-768x1024.jpg\" class=\"attachment-large size-large\" alt=\"\" loading=\"lazy\" srcset=\"https:\/\/franciscanos.org.br\/noticias\/wp-content\/uploads\/2024\/05\/IMG-20240510-WA0016-768x1024.jpg 768w, https:\/\/franciscanos.org.br\/noticias\/wp-content\/uploads\/2024\/05\/IMG-20240510-WA0016-338x450.jpg 338w, https:\/\/franciscanos.org.br\/noticias\/wp-content\/uploads\/2024\/05\/IMG-20240510-WA0016-1152x1536.jpg 1152w, https:\/\/franciscanos.org.br\/noticias\/wp-content\/uploads\/2024\/05\/IMG-20240510-WA0016-150x200.jpg 150w, https:\/\/franciscanos.org.br\/noticias\/wp-content\/uploads\/2024\/05\/IMG-20240510-WA0016.jpg 810w\" sizes=\"(max-width: 768px) 100vw, 768px\" \/><\/a>\n\t\t\t<\/dt><\/dl><dl class='gallery-item'>\n\t\t\t<dt class='gallery-icon portrait'>\n\t\t\t\t<a href='https:\/\/franciscanos.org.br\/noticias\/wp-content\/uploads\/2024\/05\/IMG-20240510-WA0020.jpg'><img width=\"768\" height=\"1024\" src=\"https:\/\/franciscanos.org.br\/noticias\/wp-content\/uploads\/2024\/05\/IMG-20240510-WA0020-768x1024.jpg\" class=\"attachment-large size-large\" alt=\"\" loading=\"lazy\" srcset=\"https:\/\/franciscanos.org.br\/noticias\/wp-content\/uploads\/2024\/05\/IMG-20240510-WA0020-768x1024.jpg 768w, https:\/\/franciscanos.org.br\/noticias\/wp-content\/uploads\/2024\/05\/IMG-20240510-WA0020-338x450.jpg 338w, https:\/\/franciscanos.org.br\/noticias\/wp-content\/uploads\/2024\/05\/IMG-20240510-WA0020-1152x1536.jpg 1152w, https:\/\/franciscanos.org.br\/noticias\/wp-content\/uploads\/2024\/05\/IMG-20240510-WA0020-150x200.jpg 150w, https:\/\/franciscanos.org.br\/noticias\/wp-content\/uploads\/2024\/05\/IMG-20240510-WA0020.jpg 810w\" sizes=\"(max-width: 768px) 100vw, 768px\" \/><\/a>\n\t\t\t<\/dt><\/dl><br style=\"clear: both\" \/>\n\t\t<\/div>\n\n","protected":false},"excerpt":{"rendered":"<p>Rede solidariedade franciscana<\/p>\n","protected":false},"author":11,"featured_media":247662,"comment_status":"open","ping_status":"open","sticky":false,"template":"","format":"standard","meta":[],"categories":[1],"tags":[2214],"acf":[],"yoast_head":"<!-- This site is optimized with the Yoast SEO plugin v19.2 - https:\/\/yoast.com\/wordpress\/plugins\/seo\/ -->\n<title>Rede de solidariedade franciscana para o povo do Rio Grande do Sul - Not\u00edcias - Franciscanos<\/title>\n<meta name=\"robots\" content=\"index, follow, max-snippet:-1, max-image-preview:large, max-video-preview:-1\" \/>\n<link rel=\"canonical\" href=\"https:\/\/franciscanos.org.br\/noticias\/rede-de-solidariedade-franciscana-para-o-povo-do-rio-grande-do-sul.html\" \/>\n<meta property=\"og:locale\" content=\"pt_BR\" \/>\n<meta property=\"og:type\" content=\"article\" \/>\n<meta property=\"og:title\" content=\"Rede de solidariedade franciscana para o povo do Rio Grande do Sul - Not\u00edcias - Franciscanos\" \/>\n<meta property=\"og:description\" content=\"Rede solidariedade franciscana\" \/>\n<meta property=\"og:url\" content=\"https:\/\/franciscanos.org.br\/noticias\/rede-de-solidariedade-franciscana-para-o-povo-do-rio-grande-do-sul.html\" \/>\n<meta property=\"og:site_name\" content=\"Not\u00edcias - Franciscanos\" \/>\n<meta property=\"article:published_time\" content=\"2024-05-20T20:01:54+00:00\" \/>\n<meta property=\"og:image\" content=\"https:\/\/franciscanos.org.br\/noticias\/wp-content\/uploads\/2024\/05\/WhatsApp-Image-2024-05-10-at-16.16.37-1.jpeg\" \/>\n\t<meta property=\"og:image:width\" content=\"810\" \/>\n\t<meta property=\"og:image:height\" content=\"1080\" \/>\n\t<meta property=\"og:image:type\" content=\"image\/jpeg\" \/>\n<meta name=\"author\" content=\"Adriana Rabelo\" \/>\n<meta name=\"twitter:card\" content=\"summary_large_image\" \/>\n<meta name=\"twitter:label1\" content=\"Escrito por\" \/>\n\t<meta name=\"twitter:data1\" content=\"Adriana Rabelo\" \/>\n\t<meta name=\"twitter:label2\" content=\"Est. tempo de leitura\" \/>\n\t<meta name=\"twitter:data2\" content=\"3 minutos\" \/>\n<script type=\"application\/ld+json\" class=\"yoast-schema-graph\">{\"@context\":\"https:\/\/schema.org\",\"@graph\":[{\"@type\":\"WebSite\",\"@id\":\"https:\/\/franciscanos.org.br\/noticias\/#website\",\"url\":\"https:\/\/franciscanos.org.br\/noticias\/\",\"name\":\"Not\u00edcias - Franciscanos\",\"description\":\"Prov\u00edncia Franciscana da Imaculada Concei\u00e7\u00e3o do Brasil - Ordem dos Frades Menores - OFM\",\"potentialAction\":[{\"@type\":\"SearchAction\",\"target\":{\"@type\":\"EntryPoint\",\"urlTemplate\":\"https:\/\/franciscanos.org.br\/noticias\/?s={search_term_string}\"},\"query-input\":\"required name=search_term_string\"}],\"inLanguage\":\"pt-BR\"},{\"@type\":\"ImageObject\",\"inLanguage\":\"pt-BR\",\"@id\":\"https:\/\/franciscanos.org.br\/noticias\/rede-de-solidariedade-franciscana-para-o-povo-do-rio-grande-do-sul.html#primaryimage\",\"url\":\"https:\/\/franciscanos.org.br\/noticias\/wp-content\/uploads\/2024\/05\/WhatsApp-Image-2024-05-10-at-16.16.37-1.jpeg\",\"contentUrl\":\"https:\/\/franciscanos.org.br\/noticias\/wp-content\/uploads\/2024\/05\/WhatsApp-Image-2024-05-10-at-16.16.37-1.jpeg\",\"width\":810,\"height\":1080},{\"@type\":\"WebPage\",\"@id\":\"https:\/\/franciscanos.org.br\/noticias\/rede-de-solidariedade-franciscana-para-o-povo-do-rio-grande-do-sul.html#webpage\",\"url\":\"https:\/\/franciscanos.org.br\/noticias\/rede-de-solidariedade-franciscana-para-o-povo-do-rio-grande-do-sul.html\",\"name\":\"Rede de solidariedade franciscana para o povo do Rio Grande do Sul - Not\u00edcias - Franciscanos\",\"isPartOf\":{\"@id\":\"https:\/\/franciscanos.org.br\/noticias\/#website\"},\"primaryImageOfPage\":{\"@id\":\"https:\/\/franciscanos.org.br\/noticias\/rede-de-solidariedade-franciscana-para-o-povo-do-rio-grande-do-sul.html#primaryimage\"},\"datePublished\":\"2024-05-20T20:01:54+00:00\",\"dateModified\":\"2024-05-20T20:01:54+00:00\",\"author\":{\"@id\":\"https:\/\/franciscanos.org.br\/noticias\/#\/schema\/person\/d9422e83121c3ad3b0f423d195f5bb25\"},\"breadcrumb\":{\"@id\":\"https:\/\/franciscanos.org.br\/noticias\/rede-de-solidariedade-franciscana-para-o-povo-do-rio-grande-do-sul.html#breadcrumb\"},\"inLanguage\":\"pt-BR\",\"potentialAction\":[{\"@type\":\"ReadAction\",\"target\":[\"https:\/\/franciscanos.org.br\/noticias\/rede-de-solidariedade-franciscana-para-o-povo-do-rio-grande-do-sul.html\"]}]},{\"@type\":\"BreadcrumbList\",\"@id\":\"https:\/\/franciscanos.org.br\/noticias\/rede-de-solidariedade-franciscana-para-o-povo-do-rio-grande-do-sul.html#breadcrumb\",\"itemListElement\":[{\"@type\":\"ListItem\",\"position\":1,\"name\":\"Home\",\"item\":\"https:\/\/franciscanos.org.br\/noticias\"},{\"@type\":\"ListItem\",\"position\":2,\"name\":\"Rede de solidariedade franciscana para o povo do Rio Grande do Sul\"}]},{\"@type\":\"Person\",\"@id\":\"https:\/\/franciscanos.org.br\/noticias\/#\/schema\/person\/d9422e83121c3ad3b0f423d195f5bb25\",\"name\":\"Adriana Rabelo\",\"image\":{\"@type\":\"ImageObject\",\"inLanguage\":\"pt-BR\",\"@id\":\"https:\/\/franciscanos.org.br\/noticias\/#\/schema\/person\/image\/\",\"url\":\"https:\/\/secure.gravatar.com\/avatar\/0a937b7500cd7df77540cfb8bede877d?s=96&d=mm&r=g\",\"contentUrl\":\"https:\/\/secure.gravatar.com\/avatar\/0a937b7500cd7df77540cfb8bede877d?s=96&d=mm&r=g\",\"caption\":\"Adriana Rabelo\"},\"url\":\"https:\/\/franciscanos.org.br\/noticias\/author\/adrianarabelo\"}]}<\/script>\n<!-- \/ Yoast SEO plugin. -->","yoast_head_json":{"title":"Rede de solidariedade franciscana para o povo do Rio Grande do Sul - Not\u00edcias - Franciscanos","robots":{"index":"index","follow":"follow","max-snippet":"max-snippet:-1","max-image-preview":"max-image-preview:large","max-video-preview":"max-video-preview:-1"},"canonical":"https:\/\/franciscanos.org.br\/noticias\/rede-de-solidariedade-franciscana-para-o-povo-do-rio-grande-do-sul.html","og_locale":"pt_BR","og_type":"article","og_title":"Rede de solidariedade franciscana para o povo do Rio Grande do Sul - Not\u00edcias - Franciscanos","og_description":"Rede solidariedade franciscana","og_url":"https:\/\/franciscanos.org.br\/noticias\/rede-de-solidariedade-franciscana-para-o-povo-do-rio-grande-do-sul.html","og_site_name":"Not\u00edcias - Franciscanos","article_published_time":"2024-05-20T20:01:54+00:00","og_image":[{"width":810,"height":1080,"url":"https:\/\/franciscanos.org.br\/noticias\/wp-content\/uploads\/2024\/05\/WhatsApp-Image-2024-05-10-at-16.16.37-1.jpeg","type":"image\/jpeg"}],"author":"Adriana Rabelo","twitter_card":"summary_large_image","twitter_misc":{"Escrito por":"Adriana Rabelo","Est. tempo de leitura":"3 minutos"},"schema":{"@context":"https:\/\/schema.org","@graph":[{"@type":"WebSite","@id":"https:\/\/franciscanos.org.br\/noticias\/#website","url":"https:\/\/franciscanos.org.br\/noticias\/","name":"Not\u00edcias - Franciscanos","description":"Prov\u00edncia Franciscana da Imaculada Concei\u00e7\u00e3o do Brasil - Ordem dos Frades Menores - OFM","potentialAction":[{"@type":"SearchAction","target":{"@type":"EntryPoint","urlTemplate":"https:\/\/franciscanos.org.br\/noticias\/?s={search_term_string}"},"query-input":"required name=search_term_string"}],"inLanguage":"pt-BR"},{"@type":"ImageObject","inLanguage":"pt-BR","@id":"https:\/\/franciscanos.org.br\/noticias\/rede-de-solidariedade-franciscana-para-o-povo-do-rio-grande-do-sul.html#primaryimage","url":"https:\/\/franciscanos.org.br\/noticias\/wp-content\/uploads\/2024\/05\/WhatsApp-Image-2024-05-10-at-16.16.37-1.jpeg","contentUrl":"https:\/\/franciscanos.org.br\/noticias\/wp-content\/uploads\/2024\/05\/WhatsApp-Image-2024-05-10-at-16.16.37-1.jpeg","width":810,"height":1080},{"@type":"WebPage","@id":"https:\/\/franciscanos.org.br\/noticias\/rede-de-solidariedade-franciscana-para-o-povo-do-rio-grande-do-sul.html#webpage","url":"https:\/\/franciscanos.org.br\/noticias\/rede-de-solidariedade-franciscana-para-o-povo-do-rio-grande-do-sul.html","name":"Rede de solidariedade franciscana para o povo do Rio Grande do Sul - Not\u00edcias - Franciscanos","isPartOf":{"@id":"https:\/\/franciscanos.org.br\/noticias\/#website"},"primaryImageOfPage":{"@id":"https:\/\/franciscanos.org.br\/noticias\/rede-de-solidariedade-franciscana-para-o-povo-do-rio-grande-do-sul.html#primaryimage"},"datePublished":"2024-05-20T20:01:54+00:00","dateModified":"2024-05-20T20:01:54+00:00","author":{"@id":"https:\/\/franciscanos.org.br\/noticias\/#\/schema\/person\/d9422e83121c3ad3b0f423d195f5bb25"},"breadcrumb":{"@id":"https:\/\/franciscanos.org.br\/noticias\/rede-de-solidariedade-franciscana-para-o-povo-do-rio-grande-do-sul.html#breadcrumb"},"inLanguage":"pt-BR","potentialAction":[{"@type":"ReadAction","target":["https:\/\/franciscanos.org.br\/noticias\/rede-de-solidariedade-franciscana-para-o-povo-do-rio-grande-do-sul.html"]}]},{"@type":"BreadcrumbList","@id":"https:\/\/franciscanos.org.br\/noticias\/rede-de-solidariedade-franciscana-para-o-povo-do-rio-grande-do-sul.html#breadcrumb","itemListElement":[{"@type":"ListItem","position":1,"name":"Home","item":"https:\/\/franciscanos.org.br\/noticias"},{"@type":"ListItem","position":2,"name":"Rede de solidariedade franciscana para o povo do Rio Grande do Sul"}]},{"@type":"Person","@id":"https:\/\/franciscanos.org.br\/noticias\/#\/schema\/person\/d9422e83121c3ad3b0f423d195f5bb25","name":"Adriana Rabelo","image":{"@type":"ImageObject","inLanguage":"pt-BR","@id":"https:\/\/franciscanos.org.br\/noticias\/#\/schema\/person\/image\/","url":"https:\/\/secure.gravatar.com\/avatar\/0a937b7500cd7df77540cfb8bede877d?s=96&d=mm&r=g","contentUrl":"https:\/\/secure.gravatar.com\/avatar\/0a937b7500cd7df77540cfb8bede877d?s=96&d=mm&r=g","caption":"Adriana Rabelo"},"url":"https:\/\/franciscanos.org.br\/noticias\/author\/adrianarabelo"}]}},"_links":{"self":[{"href":"https:\/\/franciscanos.org.br\/noticias\/wp-json\/wp\/v2\/posts\/247659"}],"collection":[{"href":"https:\/\/franciscanos.org.br\/noticias\/wp-json\/wp\/v2\/posts"}],"about":[{"href":"https:\/\/franciscanos.org.br\/noticias\/wp-json\/wp\/v2\/types\/post"}],"author":[{"embeddable":true,"href":"https:\/\/franciscanos.org.br\/noticias\/wp-json\/wp\/v2\/users\/11"}],"replies":[{"embeddable":true,"href":"https:\/\/franciscanos.org.br\/noticias\/wp-json\/wp\/v2\/comments?post=247659"}],"version-history":[{"count":2,"href":"https:\/\/franciscanos.org.br\/noticias\/wp-json\/wp\/v2\/posts\/247659\/revisions"}],"predecessor-version":[{"id":247672,"href":"https:\/\/franciscanos.org.br\/noticias\/wp-json\/wp\/v2\/posts\/247659\/revisions\/247672"}],"wp:featuredmedia":[{"embeddable":true,"href":"https:\/\/franciscanos.org.br\/noticias\/wp-json\/wp\/v2\/media\/247662"}],"wp:attachment":[{"href":"https:\/\/franciscanos.org.br\/noticias\/wp-json\/wp\/v2\/media?parent=247659"}],"wp:term":[{"taxonomy":"category","embeddable":true,"href":"https:\/\/franciscanos.org.br\/noticias\/wp-json\/wp\/v2\/categories?post=247659"},{"taxonomy":"post_tag","embeddable":true,"href":"https:\/\/franciscanos.org.br\/noticias\/wp-json\/wp\/v2\/tags?post=247659"}],"curies":[{"name":"wp","href":"https:\/\/api.w.org\/{rel}","templated":true}]}}