{"id":247642,"date":"2024-05-20T16:08:40","date_gmt":"2024-05-20T19:08:40","guid":{"rendered":"https:\/\/franciscanos.org.br\/noticias\/?p=247642"},"modified":"2024-05-20T16:10:06","modified_gmt":"2024-05-20T19:10:06","slug":"luau-reune-cerca-de-400-jovens-no-santuario-frei-galvao","status":"publish","type":"post","link":"https:\/\/franciscanos.org.br\/noticias\/luau-reune-cerca-de-400-jovens-no-santuario-frei-galvao.html","title":{"rendered":"Luau re\u00fane cerca de 400 jovens no Santu\u00e1rio Frei Galv\u00e3o"},"content":{"rendered":"<div><\/div>\n<div><img loading=\"lazy\" class=\"aligncenter wp-image-247644 size-full\" src=\"https:\/\/franciscanos.org.br\/noticias\/wp-content\/uploads\/2024\/05\/WhatsApp-Image-2024-05-20-at-14.25.03.jpeg\" alt=\"\" width=\"900\" height=\"556\" srcset=\"https:\/\/franciscanos.org.br\/noticias\/wp-content\/uploads\/2024\/05\/WhatsApp-Image-2024-05-20-at-14.25.03.jpeg 900w, https:\/\/franciscanos.org.br\/noticias\/wp-content\/uploads\/2024\/05\/WhatsApp-Image-2024-05-20-at-14.25.03-450x278.jpeg 450w, https:\/\/franciscanos.org.br\/noticias\/wp-content\/uploads\/2024\/05\/WhatsApp-Image-2024-05-20-at-14.25.03-768x474.jpeg 768w, https:\/\/franciscanos.org.br\/noticias\/wp-content\/uploads\/2024\/05\/WhatsApp-Image-2024-05-20-at-14.25.03-150x93.jpeg 150w\" sizes=\"(max-width: 900px) 100vw, 900px\" \/><\/div>\n<div><\/div>\n<div>No primeiro evento voltado para a juventude, o Santu\u00e1rio Frei Galv\u00e3o, em Guaratinguet\u00e1 (SP), reuniu cerca de 400 jovens da Arquidiocese de Aparecida. Com o tema: \u201cMarcados pelo amor\u201d, todos foram convidados para uma experi\u00eancia de f\u00e9, a partir da proposta do carisma franciscano que celebra os 800 anos das chagas de S\u00e3o Francisco de Assis.<\/div>\n<div><\/div>\n<div>O Luau teve in\u00edcio na Alameda Frei Galv\u00e3o. Aos p\u00e9s da grande imagem do primeiro santo brasileiro que fica pr\u00f3xima da igreja. O espa\u00e7o \u00e9 um dos atrativos tur\u00edsticos de visita\u00e7\u00e3o.<\/div>\n<div><\/div>\n<div>Nas v\u00e9speras de Pentecostes, dia 18, o Santu\u00e1rio acolheu 400 jovens no seu Primeiro Luau. Esse foi o primeiro evento voltado para os jovens, promovido no Santu\u00e1rio desde a chegada dos franciscanos. Com tudo que puderam organizar: enfeites, estrutura de som, ilumina\u00e7\u00e3o, fogueira entre outras coisas, nada superou a lua radiante que presidia a noite.<\/div>\n<div><\/div>\n<div>Os jovens que organizaram essa atividade definem-se como \u201cjovens franciscanos\u201d. Esse identidade \u00e9 algo j\u00e1 amadurecido entre eles, dado a participa\u00e7\u00e3o e envolvimento no Santu\u00e1rio Frei Galv\u00e3o, a comunidade que eles admitem pertencerem e atuarem pastoralmente. Como tema, escolheram uma frase inspirada no jubileu dos 800 anos da impress\u00e3o das chagas em S\u00e3o Francisco: \u201cMarcados pelo amor\u201d.<\/div>\n<div><\/div>\n<div>No ano de 1224,\u00a0no monte Alverne (Assis, It\u00e1lia), S\u00e3o Francisco de Assis recebeu os sinais da Paix\u00e3o de Jesus Cristo. P\u00e9s, m\u00e3os e lado, portaram as marcas dos cravos e da lan\u00e7a feitos no Filho de Deus. Tanto desejou que o Senhor lhe concedeu.<\/div>\n<div>\n\n\t\t<style type=\"text\/css\">\n\t\t\t#gallery-1 {\n\t\t\t\tmargin: auto;\n\t\t\t}\n\t\t\t#gallery-1 .gallery-item {\n\t\t\t\tfloat: left;\n\t\t\t\tmargin-top: 10px;\n\t\t\t\ttext-align: center;\n\t\t\t\twidth: 33%;\n\t\t\t}\n\t\t\t#gallery-1 img {\n\t\t\t\tborder: 2px solid #cfcfcf;\n\t\t\t}\n\t\t\t#gallery-1 .gallery-caption {\n\t\t\t\tmargin-left: 0;\n\t\t\t}\n\t\t\t\/* see gallery_shortcode() in wp-includes\/media.php *\/\n\t\t<\/style>\n\t\t<div id='gallery-1' class='gallery galleryid-247642 gallery-columns-3 gallery-size-thumbnail'><dl class='gallery-item'>\n\t\t\t<dt class='gallery-icon portrait'>\n\t\t\t\t<a href='https:\/\/franciscanos.org.br\/noticias\/wp-content\/uploads\/2024\/05\/WhatsApp-Image-2024-05-20-at-14.25.10.jpeg'><img width=\"300\" height=\"300\" src=\"https:\/\/franciscanos.org.br\/noticias\/wp-content\/uploads\/2024\/05\/WhatsApp-Image-2024-05-20-at-14.25.10-300x300.jpeg\" class=\"attachment-thumbnail size-thumbnail\" alt=\"\" loading=\"lazy\" srcset=\"https:\/\/franciscanos.org.br\/noticias\/wp-content\/uploads\/2024\/05\/WhatsApp-Image-2024-05-20-at-14.25.10-300x300.jpeg 300w, https:\/\/franciscanos.org.br\/noticias\/wp-content\/uploads\/2024\/05\/WhatsApp-Image-2024-05-20-at-14.25.10-100x100.jpeg 100w\" sizes=\"(max-width: 300px) 100vw, 300px\" \/><\/a>\n\t\t\t<\/dt><\/dl><dl class='gallery-item'>\n\t\t\t<dt class='gallery-icon landscape'>\n\t\t\t\t<a href='https:\/\/franciscanos.org.br\/noticias\/wp-content\/uploads\/2024\/05\/WhatsApp-Image-2024-05-20-at-14.25.09-2.jpeg'><img width=\"300\" height=\"300\" src=\"https:\/\/franciscanos.org.br\/noticias\/wp-content\/uploads\/2024\/05\/WhatsApp-Image-2024-05-20-at-14.25.09-2-300x300.jpeg\" class=\"attachment-thumbnail size-thumbnail\" alt=\"\" loading=\"lazy\" srcset=\"https:\/\/franciscanos.org.br\/noticias\/wp-content\/uploads\/2024\/05\/WhatsApp-Image-2024-05-20-at-14.25.09-2-300x300.jpeg 300w, https:\/\/franciscanos.org.br\/noticias\/wp-content\/uploads\/2024\/05\/WhatsApp-Image-2024-05-20-at-14.25.09-2-100x100.jpeg 100w\" sizes=\"(max-width: 300px) 100vw, 300px\" \/><\/a>\n\t\t\t<\/dt><\/dl><dl class='gallery-item'>\n\t\t\t<dt class='gallery-icon landscape'>\n\t\t\t\t<a href='https:\/\/franciscanos.org.br\/noticias\/wp-content\/uploads\/2024\/05\/WhatsApp-Image-2024-05-20-at-14.25.05.jpeg'><img width=\"300\" height=\"300\" src=\"https:\/\/franciscanos.org.br\/noticias\/wp-content\/uploads\/2024\/05\/WhatsApp-Image-2024-05-20-at-14.25.05-300x300.jpeg\" class=\"attachment-thumbnail size-thumbnail\" alt=\"\" loading=\"lazy\" srcset=\"https:\/\/franciscanos.org.br\/noticias\/wp-content\/uploads\/2024\/05\/WhatsApp-Image-2024-05-20-at-14.25.05-300x300.jpeg 300w, https:\/\/franciscanos.org.br\/noticias\/wp-content\/uploads\/2024\/05\/WhatsApp-Image-2024-05-20-at-14.25.05-100x100.jpeg 100w\" sizes=\"(max-width: 300px) 100vw, 300px\" \/><\/a>\n\t\t\t<\/dt><\/dl><br style=\"clear: both\" \/>\n\t\t<\/div>\n\n<\/div>\n<div>Segundo Jos\u00e9 Augusto Rangel, um dos organizadores, o in\u00edcio do projeto tinha como meta atingir cerca de 80 a 100 jovens. Mas ao longo das inscri\u00e7\u00f5es o n\u00famero passou de forma surpreendente. No dia 15 de maio, ao serem encerradas as inscri\u00e7\u00f5es pela internet, o n\u00famero foi superadom mais do que foi esperado. Fizeram suas inscri\u00e7\u00f5es 350 jovens, entre 15 e 40 anos. Mesmo assim, conscientes que n\u00e3o se poderia fechar as portas, \u00e0s 19h a Alameda acolhia mais algumas dezenas de jovens que se juntariam aos 350 previamente inscritos. Por fim, 400 jovens viveram uma noite incr\u00edvel.<\/div>\n<div><\/div>\n<div>Os jovens, Karen Castro, Rhayany Reis e Cleiton Ramos, idealizaram o evento baseados nas experi\u00eancias que eles pr\u00f3prios experimentaram em alguns territ\u00f3rios da Prov\u00edncia Franciscana. No ano de 2023 estes e outros jovens participaram de duas atividades promovidas pelo Servi\u00e7o de Anima\u00e7\u00e3o Vocacional da prov\u00edncia. A primeira atividade foi a Caminhada Franciscana da Juventude, em Vila Velha (ES). A segunda, as Miss\u00f5es Franciscanas da Juventude, na cidade de Pato Branco (PR).<\/div>\n<div><\/div>\n<div>Tendo experimentado, e satisfeitos por tamanha viv\u00eancia, eles resolveram partilharam com os jovens presentes no luau essa experi\u00eancia. A partilha aconteceu mediante um \u201cFranciscano Cast\u201d. Um bate papo onde eles mesmos confessaram a grandeza deste envolvimento com o carisma do santo de Assis, voltado para os jovens.<\/div>\n<div><\/div>\n<div>A noite foi marcada por reflex\u00f5es, cantos, louvores, ora\u00e7\u00f5es, adora\u00e7\u00e3o eucar\u00edstica e conv\u00edvio. O maior acento nas reflex\u00f5es foi \u201co caminhar junto de Jesus Cristo e viver suas marcas\u201d. As marcas que o Amor a Jesus Cristo causou em Francisco. Como foi o trajeto de S\u00e3o Francisco e Frei Galv\u00e3o, homens marcados pelo Amor. Tudo isso para convergir num \u00fanico ponto: o que marca a vida do jovem lan\u00e7ado neste mundo cheio de dilemas pr\u00f3prios da sua vida e caminhada de f\u00e9. Para a ilustra\u00e7\u00e3o da caminhada dos jovens em nossos dias, foi realizada a \u201cVia Sacra da vida dos jovens\u201d. Nesse caminho foram encenados momentos poss\u00edveis da vida deles. Tais como: Desuni\u00e3o e dist\u00e2ncia. Indiferen\u00e7a familiar. Descren\u00e7a religiosa. V\u00edcios. Auto mutila\u00e7\u00e3o. Julgamento. E no final dessa \u201cvia sacra dos jovens\u201d, a paix\u00e3o de Jesus e sua m\u00e3e.<\/div>\n<div><\/div>\n<div>O momento final do luau foi a adora\u00e7\u00e3o ao Sant\u00edssimo Sacramento. Tocados por tudo aquilo que refletiram, prestaram o louvor e adora\u00e7\u00e3o a Jesus Cristo Sacramentado. O momento foi tomado por um encontro pessoal emocionante e tocante.<\/div>\n<div><\/div>\n<div>J\u00e1 no final de tudo, Frei Diego (reitor), ainda fez o convite para os eventos que a Prov\u00edncia promove para os jovens. Ou seja, fazer com que mais e mais jovens descubram a partir da espiritualidade franciscana, uma forma de viver na Igreja.<\/div>\n<div><\/div>\n<div>O objetivo do luau foi apresentar um o carisma franciscano como resposta \u00e0 vida crist\u00e3 dos jovens. O caminho feito por S\u00e3o Francisco, homem chagado por Jesus Cristo e Frei Galv\u00e3o, santo moldado pelo caminho do an\u00fancio da miseric\u00f3rdia, da paz e da caridade, s\u00e3o eloquentes e dizem muito para os jovens em nossos dias.<\/div>\n<div>\n\n\t\t<style type=\"text\/css\">\n\t\t\t#gallery-2 {\n\t\t\t\tmargin: auto;\n\t\t\t}\n\t\t\t#gallery-2 .gallery-item {\n\t\t\t\tfloat: left;\n\t\t\t\tmargin-top: 10px;\n\t\t\t\ttext-align: center;\n\t\t\t\twidth: 20%;\n\t\t\t}\n\t\t\t#gallery-2 img {\n\t\t\t\tborder: 2px solid #cfcfcf;\n\t\t\t}\n\t\t\t#gallery-2 .gallery-caption {\n\t\t\t\tmargin-left: 0;\n\t\t\t}\n\t\t\t\/* see gallery_shortcode() in wp-includes\/media.php *\/\n\t\t<\/style>\n\t\t<div id='gallery-2' class='gallery galleryid-247642 gallery-columns-5 gallery-size-thumbnail'><dl class='gallery-item'>\n\t\t\t<dt class='gallery-icon landscape'>\n\t\t\t\t<a href='https:\/\/franciscanos.org.br\/noticias\/wp-content\/uploads\/2024\/05\/WhatsApp-Image-2024-05-20-at-14.25.05-1-1.jpeg'><img width=\"300\" height=\"300\" src=\"https:\/\/franciscanos.org.br\/noticias\/wp-content\/uploads\/2024\/05\/WhatsApp-Image-2024-05-20-at-14.25.05-1-1-300x300.jpeg\" class=\"attachment-thumbnail size-thumbnail\" alt=\"\" loading=\"lazy\" srcset=\"https:\/\/franciscanos.org.br\/noticias\/wp-content\/uploads\/2024\/05\/WhatsApp-Image-2024-05-20-at-14.25.05-1-1-300x300.jpeg 300w, https:\/\/franciscanos.org.br\/noticias\/wp-content\/uploads\/2024\/05\/WhatsApp-Image-2024-05-20-at-14.25.05-1-1-100x100.jpeg 100w\" sizes=\"(max-width: 300px) 100vw, 300px\" \/><\/a>\n\t\t\t<\/dt><\/dl><dl class='gallery-item'>\n\t\t\t<dt class='gallery-icon portrait'>\n\t\t\t\t<a href='https:\/\/franciscanos.org.br\/noticias\/wp-content\/uploads\/2024\/05\/WhatsApp-Image-2024-05-20-at-14.25.07-1.jpeg'><img width=\"300\" height=\"300\" src=\"https:\/\/franciscanos.org.br\/noticias\/wp-content\/uploads\/2024\/05\/WhatsApp-Image-2024-05-20-at-14.25.07-1-300x300.jpeg\" class=\"attachment-thumbnail size-thumbnail\" alt=\"\" loading=\"lazy\" srcset=\"https:\/\/franciscanos.org.br\/noticias\/wp-content\/uploads\/2024\/05\/WhatsApp-Image-2024-05-20-at-14.25.07-1-300x300.jpeg 300w, https:\/\/franciscanos.org.br\/noticias\/wp-content\/uploads\/2024\/05\/WhatsApp-Image-2024-05-20-at-14.25.07-1-100x100.jpeg 100w\" sizes=\"(max-width: 300px) 100vw, 300px\" \/><\/a>\n\t\t\t<\/dt><\/dl><dl class='gallery-item'>\n\t\t\t<dt class='gallery-icon portrait'>\n\t\t\t\t<a href='https:\/\/franciscanos.org.br\/noticias\/wp-content\/uploads\/2024\/05\/WhatsApp-Image-2024-05-20-at-14.25.06.jpeg'><img width=\"300\" height=\"300\" src=\"https:\/\/franciscanos.org.br\/noticias\/wp-content\/uploads\/2024\/05\/WhatsApp-Image-2024-05-20-at-14.25.06-300x300.jpeg\" class=\"attachment-thumbnail size-thumbnail\" alt=\"\" loading=\"lazy\" srcset=\"https:\/\/franciscanos.org.br\/noticias\/wp-content\/uploads\/2024\/05\/WhatsApp-Image-2024-05-20-at-14.25.06-300x300.jpeg 300w, https:\/\/franciscanos.org.br\/noticias\/wp-content\/uploads\/2024\/05\/WhatsApp-Image-2024-05-20-at-14.25.06-100x100.jpeg 100w\" sizes=\"(max-width: 300px) 100vw, 300px\" \/><\/a>\n\t\t\t<\/dt><\/dl><dl class='gallery-item'>\n\t\t\t<dt class='gallery-icon landscape'>\n\t\t\t\t<a href='https:\/\/franciscanos.org.br\/noticias\/wp-content\/uploads\/2024\/05\/WhatsApp-Image-2024-05-20-at-14.25.05-1.jpeg'><img width=\"300\" height=\"300\" src=\"https:\/\/franciscanos.org.br\/noticias\/wp-content\/uploads\/2024\/05\/WhatsApp-Image-2024-05-20-at-14.25.05-1-300x300.jpeg\" class=\"attachment-thumbnail size-thumbnail\" alt=\"\" loading=\"lazy\" srcset=\"https:\/\/franciscanos.org.br\/noticias\/wp-content\/uploads\/2024\/05\/WhatsApp-Image-2024-05-20-at-14.25.05-1-300x300.jpeg 300w, https:\/\/franciscanos.org.br\/noticias\/wp-content\/uploads\/2024\/05\/WhatsApp-Image-2024-05-20-at-14.25.05-1-100x100.jpeg 100w\" sizes=\"(max-width: 300px) 100vw, 300px\" \/><\/a>\n\t\t\t<\/dt><\/dl><dl class='gallery-item'>\n\t\t\t<dt class='gallery-icon landscape'>\n\t\t\t\t<a href='https:\/\/franciscanos.org.br\/noticias\/wp-content\/uploads\/2024\/05\/WhatsApp-Image-2024-05-20-at-14.25.09-1.jpeg'><img width=\"300\" height=\"300\" src=\"https:\/\/franciscanos.org.br\/noticias\/wp-content\/uploads\/2024\/05\/WhatsApp-Image-2024-05-20-at-14.25.09-1-300x300.jpeg\" class=\"attachment-thumbnail size-thumbnail\" alt=\"\" loading=\"lazy\" srcset=\"https:\/\/franciscanos.org.br\/noticias\/wp-content\/uploads\/2024\/05\/WhatsApp-Image-2024-05-20-at-14.25.09-1-300x300.jpeg 300w, https:\/\/franciscanos.org.br\/noticias\/wp-content\/uploads\/2024\/05\/WhatsApp-Image-2024-05-20-at-14.25.09-1-100x100.jpeg 100w\" sizes=\"(max-width: 300px) 100vw, 300px\" \/><\/a>\n\t\t\t<\/dt><\/dl><br style=\"clear: both\" \/>\n\t\t<\/div>\n\n<\/div>\n<div>\n<hr \/>\n<p>Texto: Frei Leandro Costa Santos<\/p>\n<\/div>\n","protected":false},"excerpt":{"rendered":"<p>Luau da juventude franciscana<\/p>\n","protected":false},"author":11,"featured_media":247652,"comment_status":"open","ping_status":"open","sticky":false,"template":"","format":"standard","meta":[],"categories":[1],"tags":[198,1821],"acf":[],"yoast_head":"<!-- This site is optimized with the Yoast SEO plugin v19.2 - https:\/\/yoast.com\/wordpress\/plugins\/seo\/ -->\n<title>Luau re\u00fane cerca de 400 jovens no Santu\u00e1rio Frei Galv\u00e3o - Not\u00edcias - Franciscanos<\/title>\n<meta name=\"robots\" content=\"index, follow, max-snippet:-1, max-image-preview:large, max-video-preview:-1\" \/>\n<link rel=\"canonical\" href=\"https:\/\/franciscanos.org.br\/noticias\/luau-reune-cerca-de-400-jovens-no-santuario-frei-galvao.html\" \/>\n<meta property=\"og:locale\" content=\"pt_BR\" \/>\n<meta property=\"og:type\" content=\"article\" \/>\n<meta property=\"og:title\" content=\"Luau re\u00fane cerca de 400 jovens no Santu\u00e1rio Frei Galv\u00e3o - Not\u00edcias - Franciscanos\" \/>\n<meta property=\"og:description\" content=\"Luau da juventude franciscana\" \/>\n<meta property=\"og:url\" content=\"https:\/\/franciscanos.org.br\/noticias\/luau-reune-cerca-de-400-jovens-no-santuario-frei-galvao.html\" \/>\n<meta property=\"og:site_name\" content=\"Not\u00edcias - Franciscanos\" \/>\n<meta property=\"article:published_time\" content=\"2024-05-20T19:08:40+00:00\" \/>\n<meta property=\"article:modified_time\" content=\"2024-05-20T19:10:06+00:00\" \/>\n<meta property=\"og:image\" content=\"https:\/\/franciscanos.org.br\/noticias\/wp-content\/uploads\/2024\/05\/WhatsApp-Image-2024-05-20-at-14.25.10.jpeg\" \/>\n\t<meta property=\"og:image:width\" content=\"810\" \/>\n\t<meta property=\"og:image:height\" content=\"1080\" \/>\n\t<meta property=\"og:image:type\" content=\"image\/jpeg\" \/>\n<meta name=\"author\" content=\"Adriana Rabelo\" \/>\n<meta name=\"twitter:card\" content=\"summary_large_image\" \/>\n<meta name=\"twitter:label1\" content=\"Escrito por\" \/>\n\t<meta name=\"twitter:data1\" content=\"Adriana Rabelo\" \/>\n\t<meta name=\"twitter:label2\" content=\"Est. tempo de leitura\" \/>\n\t<meta name=\"twitter:data2\" content=\"4 minutos\" \/>\n<script type=\"application\/ld+json\" class=\"yoast-schema-graph\">{\"@context\":\"https:\/\/schema.org\",\"@graph\":[{\"@type\":\"WebSite\",\"@id\":\"https:\/\/franciscanos.org.br\/noticias\/#website\",\"url\":\"https:\/\/franciscanos.org.br\/noticias\/\",\"name\":\"Not\u00edcias - Franciscanos\",\"description\":\"Prov\u00edncia Franciscana da Imaculada Concei\u00e7\u00e3o do Brasil - Ordem dos Frades Menores - OFM\",\"potentialAction\":[{\"@type\":\"SearchAction\",\"target\":{\"@type\":\"EntryPoint\",\"urlTemplate\":\"https:\/\/franciscanos.org.br\/noticias\/?s={search_term_string}\"},\"query-input\":\"required name=search_term_string\"}],\"inLanguage\":\"pt-BR\"},{\"@type\":\"ImageObject\",\"inLanguage\":\"pt-BR\",\"@id\":\"https:\/\/franciscanos.org.br\/noticias\/luau-reune-cerca-de-400-jovens-no-santuario-frei-galvao.html#primaryimage\",\"url\":\"https:\/\/franciscanos.org.br\/noticias\/wp-content\/uploads\/2024\/05\/WhatsApp-Image-2024-05-20-at-14.25.10.jpeg\",\"contentUrl\":\"https:\/\/franciscanos.org.br\/noticias\/wp-content\/uploads\/2024\/05\/WhatsApp-Image-2024-05-20-at-14.25.10.jpeg\",\"width\":810,\"height\":1080},{\"@type\":\"WebPage\",\"@id\":\"https:\/\/franciscanos.org.br\/noticias\/luau-reune-cerca-de-400-jovens-no-santuario-frei-galvao.html#webpage\",\"url\":\"https:\/\/franciscanos.org.br\/noticias\/luau-reune-cerca-de-400-jovens-no-santuario-frei-galvao.html\",\"name\":\"Luau re\u00fane cerca de 400 jovens no Santu\u00e1rio Frei Galv\u00e3o - Not\u00edcias - Franciscanos\",\"isPartOf\":{\"@id\":\"https:\/\/franciscanos.org.br\/noticias\/#website\"},\"primaryImageOfPage\":{\"@id\":\"https:\/\/franciscanos.org.br\/noticias\/luau-reune-cerca-de-400-jovens-no-santuario-frei-galvao.html#primaryimage\"},\"datePublished\":\"2024-05-20T19:08:40+00:00\",\"dateModified\":\"2024-05-20T19:10:06+00:00\",\"author\":{\"@id\":\"https:\/\/franciscanos.org.br\/noticias\/#\/schema\/person\/d9422e83121c3ad3b0f423d195f5bb25\"},\"breadcrumb\":{\"@id\":\"https:\/\/franciscanos.org.br\/noticias\/luau-reune-cerca-de-400-jovens-no-santuario-frei-galvao.html#breadcrumb\"},\"inLanguage\":\"pt-BR\",\"potentialAction\":[{\"@type\":\"ReadAction\",\"target\":[\"https:\/\/franciscanos.org.br\/noticias\/luau-reune-cerca-de-400-jovens-no-santuario-frei-galvao.html\"]}]},{\"@type\":\"BreadcrumbList\",\"@id\":\"https:\/\/franciscanos.org.br\/noticias\/luau-reune-cerca-de-400-jovens-no-santuario-frei-galvao.html#breadcrumb\",\"itemListElement\":[{\"@type\":\"ListItem\",\"position\":1,\"name\":\"Home\",\"item\":\"https:\/\/franciscanos.org.br\/noticias\"},{\"@type\":\"ListItem\",\"position\":2,\"name\":\"Luau re\u00fane cerca de 400 jovens no Santu\u00e1rio Frei Galv\u00e3o\"}]},{\"@type\":\"Person\",\"@id\":\"https:\/\/franciscanos.org.br\/noticias\/#\/schema\/person\/d9422e83121c3ad3b0f423d195f5bb25\",\"name\":\"Adriana Rabelo\",\"image\":{\"@type\":\"ImageObject\",\"inLanguage\":\"pt-BR\",\"@id\":\"https:\/\/franciscanos.org.br\/noticias\/#\/schema\/person\/image\/\",\"url\":\"https:\/\/secure.gravatar.com\/avatar\/0a937b7500cd7df77540cfb8bede877d?s=96&d=mm&r=g\",\"contentUrl\":\"https:\/\/secure.gravatar.com\/avatar\/0a937b7500cd7df77540cfb8bede877d?s=96&d=mm&r=g\",\"caption\":\"Adriana Rabelo\"},\"url\":\"https:\/\/franciscanos.org.br\/noticias\/author\/adrianarabelo\"}]}<\/script>\n<!-- \/ Yoast SEO plugin. -->","yoast_head_json":{"title":"Luau re\u00fane cerca de 400 jovens no Santu\u00e1rio Frei Galv\u00e3o - Not\u00edcias - Franciscanos","robots":{"index":"index","follow":"follow","max-snippet":"max-snippet:-1","max-image-preview":"max-image-preview:large","max-video-preview":"max-video-preview:-1"},"canonical":"https:\/\/franciscanos.org.br\/noticias\/luau-reune-cerca-de-400-jovens-no-santuario-frei-galvao.html","og_locale":"pt_BR","og_type":"article","og_title":"Luau re\u00fane cerca de 400 jovens no Santu\u00e1rio Frei Galv\u00e3o - Not\u00edcias - Franciscanos","og_description":"Luau da juventude franciscana","og_url":"https:\/\/franciscanos.org.br\/noticias\/luau-reune-cerca-de-400-jovens-no-santuario-frei-galvao.html","og_site_name":"Not\u00edcias - Franciscanos","article_published_time":"2024-05-20T19:08:40+00:00","article_modified_time":"2024-05-20T19:10:06+00:00","og_image":[{"width":810,"height":1080,"url":"https:\/\/franciscanos.org.br\/noticias\/wp-content\/uploads\/2024\/05\/WhatsApp-Image-2024-05-20-at-14.25.10.jpeg","type":"image\/jpeg"}],"author":"Adriana Rabelo","twitter_card":"summary_large_image","twitter_misc":{"Escrito por":"Adriana Rabelo","Est. tempo de leitura":"4 minutos"},"schema":{"@context":"https:\/\/schema.org","@graph":[{"@type":"WebSite","@id":"https:\/\/franciscanos.org.br\/noticias\/#website","url":"https:\/\/franciscanos.org.br\/noticias\/","name":"Not\u00edcias - Franciscanos","description":"Prov\u00edncia Franciscana da Imaculada Concei\u00e7\u00e3o do Brasil - Ordem dos Frades Menores - OFM","potentialAction":[{"@type":"SearchAction","target":{"@type":"EntryPoint","urlTemplate":"https:\/\/franciscanos.org.br\/noticias\/?s={search_term_string}"},"query-input":"required name=search_term_string"}],"inLanguage":"pt-BR"},{"@type":"ImageObject","inLanguage":"pt-BR","@id":"https:\/\/franciscanos.org.br\/noticias\/luau-reune-cerca-de-400-jovens-no-santuario-frei-galvao.html#primaryimage","url":"https:\/\/franciscanos.org.br\/noticias\/wp-content\/uploads\/2024\/05\/WhatsApp-Image-2024-05-20-at-14.25.10.jpeg","contentUrl":"https:\/\/franciscanos.org.br\/noticias\/wp-content\/uploads\/2024\/05\/WhatsApp-Image-2024-05-20-at-14.25.10.jpeg","width":810,"height":1080},{"@type":"WebPage","@id":"https:\/\/franciscanos.org.br\/noticias\/luau-reune-cerca-de-400-jovens-no-santuario-frei-galvao.html#webpage","url":"https:\/\/franciscanos.org.br\/noticias\/luau-reune-cerca-de-400-jovens-no-santuario-frei-galvao.html","name":"Luau re\u00fane cerca de 400 jovens no Santu\u00e1rio Frei Galv\u00e3o - Not\u00edcias - Franciscanos","isPartOf":{"@id":"https:\/\/franciscanos.org.br\/noticias\/#website"},"primaryImageOfPage":{"@id":"https:\/\/franciscanos.org.br\/noticias\/luau-reune-cerca-de-400-jovens-no-santuario-frei-galvao.html#primaryimage"},"datePublished":"2024-05-20T19:08:40+00:00","dateModified":"2024-05-20T19:10:06+00:00","author":{"@id":"https:\/\/franciscanos.org.br\/noticias\/#\/schema\/person\/d9422e83121c3ad3b0f423d195f5bb25"},"breadcrumb":{"@id":"https:\/\/franciscanos.org.br\/noticias\/luau-reune-cerca-de-400-jovens-no-santuario-frei-galvao.html#breadcrumb"},"inLanguage":"pt-BR","potentialAction":[{"@type":"ReadAction","target":["https:\/\/franciscanos.org.br\/noticias\/luau-reune-cerca-de-400-jovens-no-santuario-frei-galvao.html"]}]},{"@type":"BreadcrumbList","@id":"https:\/\/franciscanos.org.br\/noticias\/luau-reune-cerca-de-400-jovens-no-santuario-frei-galvao.html#breadcrumb","itemListElement":[{"@type":"ListItem","position":1,"name":"Home","item":"https:\/\/franciscanos.org.br\/noticias"},{"@type":"ListItem","position":2,"name":"Luau re\u00fane cerca de 400 jovens no Santu\u00e1rio Frei Galv\u00e3o"}]},{"@type":"Person","@id":"https:\/\/franciscanos.org.br\/noticias\/#\/schema\/person\/d9422e83121c3ad3b0f423d195f5bb25","name":"Adriana Rabelo","image":{"@type":"ImageObject","inLanguage":"pt-BR","@id":"https:\/\/franciscanos.org.br\/noticias\/#\/schema\/person\/image\/","url":"https:\/\/secure.gravatar.com\/avatar\/0a937b7500cd7df77540cfb8bede877d?s=96&d=mm&r=g","contentUrl":"https:\/\/secure.gravatar.com\/avatar\/0a937b7500cd7df77540cfb8bede877d?s=96&d=mm&r=g","caption":"Adriana Rabelo"},"url":"https:\/\/franciscanos.org.br\/noticias\/author\/adrianarabelo"}]}},"_links":{"self":[{"href":"https:\/\/franciscanos.org.br\/noticias\/wp-json\/wp\/v2\/posts\/247642"}],"collection":[{"href":"https:\/\/franciscanos.org.br\/noticias\/wp-json\/wp\/v2\/posts"}],"about":[{"href":"https:\/\/franciscanos.org.br\/noticias\/wp-json\/wp\/v2\/types\/post"}],"author":[{"embeddable":true,"href":"https:\/\/franciscanos.org.br\/noticias\/wp-json\/wp\/v2\/users\/11"}],"replies":[{"embeddable":true,"href":"https:\/\/franciscanos.org.br\/noticias\/wp-json\/wp\/v2\/comments?post=247642"}],"version-history":[{"count":5,"href":"https:\/\/franciscanos.org.br\/noticias\/wp-json\/wp\/v2\/posts\/247642\/revisions"}],"predecessor-version":[{"id":247658,"href":"https:\/\/franciscanos.org.br\/noticias\/wp-json\/wp\/v2\/posts\/247642\/revisions\/247658"}],"wp:featuredmedia":[{"embeddable":true,"href":"https:\/\/franciscanos.org.br\/noticias\/wp-json\/wp\/v2\/media\/247652"}],"wp:attachment":[{"href":"https:\/\/franciscanos.org.br\/noticias\/wp-json\/wp\/v2\/media?parent=247642"}],"wp:term":[{"taxonomy":"category","embeddable":true,"href":"https:\/\/franciscanos.org.br\/noticias\/wp-json\/wp\/v2\/categories?post=247642"},{"taxonomy":"post_tag","embeddable":true,"href":"https:\/\/franciscanos.org.br\/noticias\/wp-json\/wp\/v2\/tags?post=247642"}],"curies":[{"name":"wp","href":"https:\/\/api.w.org\/{rel}","templated":true}]}}