{"id":247624,"date":"2024-05-14T15:16:53","date_gmt":"2024-05-14T18:16:53","guid":{"rendered":"https:\/\/franciscanos.org.br\/noticias\/?p=247624"},"modified":"2024-05-14T15:18:07","modified_gmt":"2024-05-14T18:18:07","slug":"usf-realiza-evento-de-pesquisa-academica-inspirada-no-tema-da-cf-2024","status":"publish","type":"post","link":"https:\/\/franciscanos.org.br\/noticias\/usf-realiza-evento-de-pesquisa-academica-inspirada-no-tema-da-cf-2024.html","title":{"rendered":"USF realiza evento de Pesquisa Acad\u00eamica inspirada no tema da CF 2024"},"content":{"rendered":"<p><img loading=\"lazy\" class=\"aligncenter wp-image-247625 size-full\" src=\"https:\/\/franciscanos.org.br\/noticias\/wp-content\/uploads\/2024\/05\/ic-2.jpg\" alt=\"\" width=\"1480\" height=\"975\" srcset=\"https:\/\/franciscanos.org.br\/noticias\/wp-content\/uploads\/2024\/05\/ic-2.jpg 1480w, https:\/\/franciscanos.org.br\/noticias\/wp-content\/uploads\/2024\/05\/ic-2-450x296.jpg 450w, https:\/\/franciscanos.org.br\/noticias\/wp-content\/uploads\/2024\/05\/ic-2-1024x675.jpg 1024w, https:\/\/franciscanos.org.br\/noticias\/wp-content\/uploads\/2024\/05\/ic-2-768x506.jpg 768w, https:\/\/franciscanos.org.br\/noticias\/wp-content\/uploads\/2024\/05\/ic-2-150x99.jpg 150w\" sizes=\"(max-width: 1480px) 100vw, 1480px\" \/><\/p>\n<p>A Universidade S\u00e3o Francisco (USF) realizou no dia 9 de maio a abertura oficial do evento institucional de Pesquisa Acad\u00eamica, no C\u00e2mpus Itatiba, que teve como tem\u00e1tica \u201cVida, Intelig\u00eancia e Gera\u00e7\u00f5es Futuras\u201d, inspirada a partir do tema da Campanha da Fraternidade 2024: \u201cFraternidade e Amizade Social\u201d.\u00a0 A atividade tamb\u00e9m reuniu cinco importantes encontros que acontecem tradicionalmente, sendo eles, 29\u00b0 Encontro de Inicia\u00e7\u00e3o Cient\u00edfica, 22\u00b0 Encontro de P\u00f3s-Gradua\u00e7\u00e3o <em>Stricto Sensu<\/em>, 18\u00b0 Encontro de Extens\u00e3o Universit\u00e1ria, 16\u00b0 Semin\u00e1rio de Estudos do Ser Humano Contempor\u00e2neo, e o 3\u00b0 Semin\u00e1rio dos Programas de P\u00f3s-Gradua\u00e7\u00e3o <em>Stricto Sensu <\/em>da USF, no C\u00e2mpus Itatiba.<\/p>\n<p>A tem\u00e1tica \u201cVida, Intelig\u00eancia e Gera\u00e7\u00f5es Futuras\u201d est\u00e1 alinhada com as \u00e1reas estrat\u00e9gicas para pesquisa na universidade, as quais foram definidas levando em considera\u00e7\u00e3o os desafios globais, os Objetivos de Desenvolvimento Sustent\u00e1vel do Pacto Global da ONU, as compet\u00eancias internas, o planejamento e a miss\u00e3o institucional: Educar para a paz e o bem, com excel\u00eancia acad\u00eamica, pluralismo, inova\u00e7\u00e3o e sustentabilidade. O evento teve como objetivo central fomentar espa\u00e7os para discuss\u00e3o de tem\u00e1ticas emergentes nas diferentes \u00e1reas do conhecimento, tendo em vista o princ\u00edpio da interdisciplinaridade.<\/p>\n<p><img loading=\"lazy\" class=\"aligncenter wp-image-247627 size-large\" src=\"https:\/\/franciscanos.org.br\/noticias\/wp-content\/uploads\/2024\/05\/WhatsApp-Image-2024-05-13-at-08.47.49-1024x768.jpeg\" alt=\"\" width=\"1024\" height=\"768\" srcset=\"https:\/\/franciscanos.org.br\/noticias\/wp-content\/uploads\/2024\/05\/WhatsApp-Image-2024-05-13-at-08.47.49-1024x768.jpeg 1024w, https:\/\/franciscanos.org.br\/noticias\/wp-content\/uploads\/2024\/05\/WhatsApp-Image-2024-05-13-at-08.47.49-450x338.jpeg 450w, https:\/\/franciscanos.org.br\/noticias\/wp-content\/uploads\/2024\/05\/WhatsApp-Image-2024-05-13-at-08.47.49-768x576.jpeg 768w, https:\/\/franciscanos.org.br\/noticias\/wp-content\/uploads\/2024\/05\/WhatsApp-Image-2024-05-13-at-08.47.49-1536x1152.jpeg 1536w, https:\/\/franciscanos.org.br\/noticias\/wp-content\/uploads\/2024\/05\/WhatsApp-Image-2024-05-13-at-08.47.49-150x113.jpeg 150w, https:\/\/franciscanos.org.br\/noticias\/wp-content\/uploads\/2024\/05\/WhatsApp-Image-2024-05-13-at-08.47.49-600x450.jpeg 600w, https:\/\/franciscanos.org.br\/noticias\/wp-content\/uploads\/2024\/05\/WhatsApp-Image-2024-05-13-at-08.47.49.jpeg 1440w\" sizes=\"(max-width: 1024px) 100vw, 1024px\" \/><\/p>\n<p>O diretor-presidente da Casa de Nossa Senhora da Paz &#8211; A\u00e7\u00e3o Social Franciscana (CNSP &#8211; ASF), Frei Daniel Dellandrea, estava presente no evento. Durante a abertura, o frade destacou o fato de ser seu primeiro evento oficial na Universidade e a alegria de poder caminhar junto e vivenciar momentos t\u00e3o bonitos com a USF e entidades da CNSP que promovem estudos em vista da cidadania e o bem da humanidade. \u201cDiante do atual contexto hist\u00f3rico caracterizado pela pluralidade cultural, \u00e9tnica, pol\u00edtica, econ\u00f4mica e at\u00e9 mesmo religiosa, somos chamados, conforme alguns objetivos indicados pela Campanha da Fraternidade de 2024, a analisar as diversas formas da mentalidade de indiferen\u00e7a, divis\u00e3o e confronto em nossos dias e suas consequ\u00eancias para toda a humanidade, como tamb\u00e9m aprofundar a compreens\u00e3o de que somos todos irm\u00e3os interligados entre si. E conscientizar, a partir da nossa miss\u00e3o como educadores, sobre a necessidade de construir a unidade em meio \u00e0 pluralidade, superando divis\u00f5es que impedem a edifica\u00e7\u00e3o da Fraternidade\u201d destacou Frei Daniel.<\/p>\n<p>Participaram tamb\u00e9m do encontro o diretor-vice-presidente da CNSP, Frei Alvaci Mendes da Luz, o Vice-Reitor da USF, Frei Thiago Alexandre Hayakawa, o pr\u00f3-reitor de Ensino, Pesquisa e Extens\u00e3o, professor Dilnei Lorenzi e o pr\u00f3-reitor de Administra\u00e7\u00e3o e Planejamento, Adriel de Moura Cabral. Al\u00e9m de docentes da Universidade, docentes externos e estudantes do ensino, da pesquisa e da extens\u00e3o.<\/p>\n<hr \/>\n<p><em>Ana Paula Moreira- assessoria USF<\/em><\/p>\n","protected":false},"excerpt":{"rendered":"<p>Encontros de Pesquisa e Extens\u00e3o<\/p>\n","protected":false},"author":11,"featured_media":247626,"comment_status":"open","ping_status":"open","sticky":false,"template":"","format":"standard","meta":[],"categories":[1],"tags":[354],"acf":[],"yoast_head":"<!-- This site is optimized with the Yoast SEO plugin v19.2 - https:\/\/yoast.com\/wordpress\/plugins\/seo\/ -->\n<title>USF realiza evento de Pesquisa Acad\u00eamica inspirada no tema da CF 2024 - Not\u00edcias - Franciscanos<\/title>\n<meta name=\"robots\" content=\"index, follow, max-snippet:-1, max-image-preview:large, max-video-preview:-1\" \/>\n<link rel=\"canonical\" href=\"https:\/\/franciscanos.org.br\/noticias\/usf-realiza-evento-de-pesquisa-academica-inspirada-no-tema-da-cf-2024.html\" \/>\n<meta property=\"og:locale\" content=\"pt_BR\" \/>\n<meta property=\"og:type\" content=\"article\" \/>\n<meta property=\"og:title\" content=\"USF realiza evento de Pesquisa Acad\u00eamica inspirada no tema da CF 2024 - Not\u00edcias - Franciscanos\" \/>\n<meta property=\"og:description\" content=\"Encontros de Pesquisa e Extens\u00e3o\" \/>\n<meta property=\"og:url\" content=\"https:\/\/franciscanos.org.br\/noticias\/usf-realiza-evento-de-pesquisa-academica-inspirada-no-tema-da-cf-2024.html\" \/>\n<meta property=\"og:site_name\" content=\"Not\u00edcias - Franciscanos\" \/>\n<meta property=\"article:published_time\" content=\"2024-05-14T18:16:53+00:00\" \/>\n<meta property=\"article:modified_time\" content=\"2024-05-14T18:18:07+00:00\" \/>\n<meta property=\"og:image\" content=\"https:\/\/franciscanos.org.br\/noticias\/wp-content\/uploads\/2024\/05\/ic-3.jpg\" \/>\n\t<meta property=\"og:image:width\" content=\"1006\" \/>\n\t<meta property=\"og:image:height\" content=\"855\" \/>\n\t<meta property=\"og:image:type\" content=\"image\/jpeg\" \/>\n<meta name=\"author\" content=\"Adriana Rabelo\" \/>\n<meta name=\"twitter:card\" content=\"summary_large_image\" \/>\n<meta name=\"twitter:label1\" content=\"Escrito por\" \/>\n\t<meta name=\"twitter:data1\" content=\"Adriana Rabelo\" \/>\n\t<meta name=\"twitter:label2\" content=\"Est. tempo de leitura\" \/>\n\t<meta name=\"twitter:data2\" content=\"2 minutos\" \/>\n<script type=\"application\/ld+json\" class=\"yoast-schema-graph\">{\"@context\":\"https:\/\/schema.org\",\"@graph\":[{\"@type\":\"WebSite\",\"@id\":\"https:\/\/franciscanos.org.br\/noticias\/#website\",\"url\":\"https:\/\/franciscanos.org.br\/noticias\/\",\"name\":\"Not\u00edcias - Franciscanos\",\"description\":\"Prov\u00edncia Franciscana da Imaculada Concei\u00e7\u00e3o do Brasil - Ordem dos Frades Menores - OFM\",\"potentialAction\":[{\"@type\":\"SearchAction\",\"target\":{\"@type\":\"EntryPoint\",\"urlTemplate\":\"https:\/\/franciscanos.org.br\/noticias\/?s={search_term_string}\"},\"query-input\":\"required name=search_term_string\"}],\"inLanguage\":\"pt-BR\"},{\"@type\":\"ImageObject\",\"inLanguage\":\"pt-BR\",\"@id\":\"https:\/\/franciscanos.org.br\/noticias\/usf-realiza-evento-de-pesquisa-academica-inspirada-no-tema-da-cf-2024.html#primaryimage\",\"url\":\"https:\/\/franciscanos.org.br\/noticias\/wp-content\/uploads\/2024\/05\/ic-3.jpg\",\"contentUrl\":\"https:\/\/franciscanos.org.br\/noticias\/wp-content\/uploads\/2024\/05\/ic-3.jpg\",\"width\":1006,\"height\":855},{\"@type\":\"WebPage\",\"@id\":\"https:\/\/franciscanos.org.br\/noticias\/usf-realiza-evento-de-pesquisa-academica-inspirada-no-tema-da-cf-2024.html#webpage\",\"url\":\"https:\/\/franciscanos.org.br\/noticias\/usf-realiza-evento-de-pesquisa-academica-inspirada-no-tema-da-cf-2024.html\",\"name\":\"USF realiza evento de Pesquisa Acad\u00eamica inspirada no tema da CF 2024 - Not\u00edcias - Franciscanos\",\"isPartOf\":{\"@id\":\"https:\/\/franciscanos.org.br\/noticias\/#website\"},\"primaryImageOfPage\":{\"@id\":\"https:\/\/franciscanos.org.br\/noticias\/usf-realiza-evento-de-pesquisa-academica-inspirada-no-tema-da-cf-2024.html#primaryimage\"},\"datePublished\":\"2024-05-14T18:16:53+00:00\",\"dateModified\":\"2024-05-14T18:18:07+00:00\",\"author\":{\"@id\":\"https:\/\/franciscanos.org.br\/noticias\/#\/schema\/person\/d9422e83121c3ad3b0f423d195f5bb25\"},\"breadcrumb\":{\"@id\":\"https:\/\/franciscanos.org.br\/noticias\/usf-realiza-evento-de-pesquisa-academica-inspirada-no-tema-da-cf-2024.html#breadcrumb\"},\"inLanguage\":\"pt-BR\",\"potentialAction\":[{\"@type\":\"ReadAction\",\"target\":[\"https:\/\/franciscanos.org.br\/noticias\/usf-realiza-evento-de-pesquisa-academica-inspirada-no-tema-da-cf-2024.html\"]}]},{\"@type\":\"BreadcrumbList\",\"@id\":\"https:\/\/franciscanos.org.br\/noticias\/usf-realiza-evento-de-pesquisa-academica-inspirada-no-tema-da-cf-2024.html#breadcrumb\",\"itemListElement\":[{\"@type\":\"ListItem\",\"position\":1,\"name\":\"Home\",\"item\":\"https:\/\/franciscanos.org.br\/noticias\"},{\"@type\":\"ListItem\",\"position\":2,\"name\":\"USF realiza evento de Pesquisa Acad\u00eamica inspirada no tema da CF 2024\"}]},{\"@type\":\"Person\",\"@id\":\"https:\/\/franciscanos.org.br\/noticias\/#\/schema\/person\/d9422e83121c3ad3b0f423d195f5bb25\",\"name\":\"Adriana Rabelo\",\"image\":{\"@type\":\"ImageObject\",\"inLanguage\":\"pt-BR\",\"@id\":\"https:\/\/franciscanos.org.br\/noticias\/#\/schema\/person\/image\/\",\"url\":\"https:\/\/secure.gravatar.com\/avatar\/0a937b7500cd7df77540cfb8bede877d?s=96&d=mm&r=g\",\"contentUrl\":\"https:\/\/secure.gravatar.com\/avatar\/0a937b7500cd7df77540cfb8bede877d?s=96&d=mm&r=g\",\"caption\":\"Adriana Rabelo\"},\"url\":\"https:\/\/franciscanos.org.br\/noticias\/author\/adrianarabelo\"}]}<\/script>\n<!-- \/ Yoast SEO plugin. -->","yoast_head_json":{"title":"USF realiza evento de Pesquisa Acad\u00eamica inspirada no tema da CF 2024 - Not\u00edcias - Franciscanos","robots":{"index":"index","follow":"follow","max-snippet":"max-snippet:-1","max-image-preview":"max-image-preview:large","max-video-preview":"max-video-preview:-1"},"canonical":"https:\/\/franciscanos.org.br\/noticias\/usf-realiza-evento-de-pesquisa-academica-inspirada-no-tema-da-cf-2024.html","og_locale":"pt_BR","og_type":"article","og_title":"USF realiza evento de Pesquisa Acad\u00eamica inspirada no tema da CF 2024 - Not\u00edcias - Franciscanos","og_description":"Encontros de Pesquisa e Extens\u00e3o","og_url":"https:\/\/franciscanos.org.br\/noticias\/usf-realiza-evento-de-pesquisa-academica-inspirada-no-tema-da-cf-2024.html","og_site_name":"Not\u00edcias - Franciscanos","article_published_time":"2024-05-14T18:16:53+00:00","article_modified_time":"2024-05-14T18:18:07+00:00","og_image":[{"width":1006,"height":855,"url":"https:\/\/franciscanos.org.br\/noticias\/wp-content\/uploads\/2024\/05\/ic-3.jpg","type":"image\/jpeg"}],"author":"Adriana Rabelo","twitter_card":"summary_large_image","twitter_misc":{"Escrito por":"Adriana Rabelo","Est. tempo de leitura":"2 minutos"},"schema":{"@context":"https:\/\/schema.org","@graph":[{"@type":"WebSite","@id":"https:\/\/franciscanos.org.br\/noticias\/#website","url":"https:\/\/franciscanos.org.br\/noticias\/","name":"Not\u00edcias - Franciscanos","description":"Prov\u00edncia Franciscana da Imaculada Concei\u00e7\u00e3o do Brasil - Ordem dos Frades Menores - OFM","potentialAction":[{"@type":"SearchAction","target":{"@type":"EntryPoint","urlTemplate":"https:\/\/franciscanos.org.br\/noticias\/?s={search_term_string}"},"query-input":"required name=search_term_string"}],"inLanguage":"pt-BR"},{"@type":"ImageObject","inLanguage":"pt-BR","@id":"https:\/\/franciscanos.org.br\/noticias\/usf-realiza-evento-de-pesquisa-academica-inspirada-no-tema-da-cf-2024.html#primaryimage","url":"https:\/\/franciscanos.org.br\/noticias\/wp-content\/uploads\/2024\/05\/ic-3.jpg","contentUrl":"https:\/\/franciscanos.org.br\/noticias\/wp-content\/uploads\/2024\/05\/ic-3.jpg","width":1006,"height":855},{"@type":"WebPage","@id":"https:\/\/franciscanos.org.br\/noticias\/usf-realiza-evento-de-pesquisa-academica-inspirada-no-tema-da-cf-2024.html#webpage","url":"https:\/\/franciscanos.org.br\/noticias\/usf-realiza-evento-de-pesquisa-academica-inspirada-no-tema-da-cf-2024.html","name":"USF realiza evento de Pesquisa Acad\u00eamica inspirada no tema da CF 2024 - Not\u00edcias - Franciscanos","isPartOf":{"@id":"https:\/\/franciscanos.org.br\/noticias\/#website"},"primaryImageOfPage":{"@id":"https:\/\/franciscanos.org.br\/noticias\/usf-realiza-evento-de-pesquisa-academica-inspirada-no-tema-da-cf-2024.html#primaryimage"},"datePublished":"2024-05-14T18:16:53+00:00","dateModified":"2024-05-14T18:18:07+00:00","author":{"@id":"https:\/\/franciscanos.org.br\/noticias\/#\/schema\/person\/d9422e83121c3ad3b0f423d195f5bb25"},"breadcrumb":{"@id":"https:\/\/franciscanos.org.br\/noticias\/usf-realiza-evento-de-pesquisa-academica-inspirada-no-tema-da-cf-2024.html#breadcrumb"},"inLanguage":"pt-BR","potentialAction":[{"@type":"ReadAction","target":["https:\/\/franciscanos.org.br\/noticias\/usf-realiza-evento-de-pesquisa-academica-inspirada-no-tema-da-cf-2024.html"]}]},{"@type":"BreadcrumbList","@id":"https:\/\/franciscanos.org.br\/noticias\/usf-realiza-evento-de-pesquisa-academica-inspirada-no-tema-da-cf-2024.html#breadcrumb","itemListElement":[{"@type":"ListItem","position":1,"name":"Home","item":"https:\/\/franciscanos.org.br\/noticias"},{"@type":"ListItem","position":2,"name":"USF realiza evento de Pesquisa Acad\u00eamica inspirada no tema da CF 2024"}]},{"@type":"Person","@id":"https:\/\/franciscanos.org.br\/noticias\/#\/schema\/person\/d9422e83121c3ad3b0f423d195f5bb25","name":"Adriana Rabelo","image":{"@type":"ImageObject","inLanguage":"pt-BR","@id":"https:\/\/franciscanos.org.br\/noticias\/#\/schema\/person\/image\/","url":"https:\/\/secure.gravatar.com\/avatar\/0a937b7500cd7df77540cfb8bede877d?s=96&d=mm&r=g","contentUrl":"https:\/\/secure.gravatar.com\/avatar\/0a937b7500cd7df77540cfb8bede877d?s=96&d=mm&r=g","caption":"Adriana Rabelo"},"url":"https:\/\/franciscanos.org.br\/noticias\/author\/adrianarabelo"}]}},"_links":{"self":[{"href":"https:\/\/franciscanos.org.br\/noticias\/wp-json\/wp\/v2\/posts\/247624"}],"collection":[{"href":"https:\/\/franciscanos.org.br\/noticias\/wp-json\/wp\/v2\/posts"}],"about":[{"href":"https:\/\/franciscanos.org.br\/noticias\/wp-json\/wp\/v2\/types\/post"}],"author":[{"embeddable":true,"href":"https:\/\/franciscanos.org.br\/noticias\/wp-json\/wp\/v2\/users\/11"}],"replies":[{"embeddable":true,"href":"https:\/\/franciscanos.org.br\/noticias\/wp-json\/wp\/v2\/comments?post=247624"}],"version-history":[{"count":6,"href":"https:\/\/franciscanos.org.br\/noticias\/wp-json\/wp\/v2\/posts\/247624\/revisions"}],"predecessor-version":[{"id":247633,"href":"https:\/\/franciscanos.org.br\/noticias\/wp-json\/wp\/v2\/posts\/247624\/revisions\/247633"}],"wp:featuredmedia":[{"embeddable":true,"href":"https:\/\/franciscanos.org.br\/noticias\/wp-json\/wp\/v2\/media\/247626"}],"wp:attachment":[{"href":"https:\/\/franciscanos.org.br\/noticias\/wp-json\/wp\/v2\/media?parent=247624"}],"wp:term":[{"taxonomy":"category","embeddable":true,"href":"https:\/\/franciscanos.org.br\/noticias\/wp-json\/wp\/v2\/categories?post=247624"},{"taxonomy":"post_tag","embeddable":true,"href":"https:\/\/franciscanos.org.br\/noticias\/wp-json\/wp\/v2\/tags?post=247624"}],"curies":[{"name":"wp","href":"https:\/\/api.w.org\/{rel}","templated":true}]}}