{"id":247607,"date":"2024-05-14T10:58:26","date_gmt":"2024-05-14T13:58:26","guid":{"rendered":"https:\/\/franciscanos.org.br\/noticias\/?p=247607"},"modified":"2024-05-22T15:22:13","modified_gmt":"2024-05-22T18:22:13","slug":"franciscanos-celebram-a-semana-de-oracao-pela-unidade-crista","status":"publish","type":"post","link":"https:\/\/franciscanos.org.br\/noticias\/franciscanos-celebram-a-semana-de-oracao-pela-unidade-crista.html","title":{"rendered":"Franciscanos celebram \u201cSemana de Ora\u00e7\u00e3o pela Unidade Crist\u00e3\u201d"},"content":{"rendered":"<p><img loading=\"lazy\" class=\"aligncenter wp-image-247611 size-full\" src=\"https:\/\/franciscanos.org.br\/noticias\/wp-content\/uploads\/2024\/05\/2149548010-scaled.jpg\" alt=\"\" width=\"1920\" height=\"1278\" srcset=\"https:\/\/franciscanos.org.br\/noticias\/wp-content\/uploads\/2024\/05\/2149548010-scaled.jpg 1623w, https:\/\/franciscanos.org.br\/noticias\/wp-content\/uploads\/2024\/05\/2149548010-scaled-450x299.jpg 450w, https:\/\/franciscanos.org.br\/noticias\/wp-content\/uploads\/2024\/05\/2149548010-scaled-1024x681.jpg 1024w, https:\/\/franciscanos.org.br\/noticias\/wp-content\/uploads\/2024\/05\/2149548010-scaled-768x511.jpg 768w, https:\/\/franciscanos.org.br\/noticias\/wp-content\/uploads\/2024\/05\/2149548010-scaled-1536x1022.jpg 1536w, https:\/\/franciscanos.org.br\/noticias\/wp-content\/uploads\/2024\/05\/2149548010-scaled-150x100.jpg 150w\" sizes=\"(max-width: 1920px) 100vw, 1920px\" \/><\/p>\n<p>Pa\u00edses do hemisf\u00e9rio Sul, como Brasil, Chile e Argentina, est\u00e3o celebrando desde o \u00faltimo domingo (12), dia da Ascens\u00e3o do Senhor, a Semana de Ora\u00e7\u00e3o pela Unidade Crist\u00e3 (SOUC), com o tema: \u201cAmar\u00e1s a Deus e ao pr\u00f3ximo como a ti mesmo\u201d (cf Lc 10,27).<\/p>\n<p>Promovida mundialmente pelo Dicast\u00e9rio para a Promo\u00e7\u00e3o da Unidade dos Crist\u00e3os e pelo Conselho Mundial de Igrejas, a SOUC \u00e9 realizada em per\u00edodos diferentes nos hemisf\u00e9rios Norte e Sul.<\/p>\n<p>No hemisf\u00e9rio Norte, o per\u00edodo tradicional para a Semana de Ora\u00e7\u00e3o pela Unidade Crist\u00e3 foi de 18 a 25 de janeiro. Esses momentos foram propostos em 1908, por Paul Wattson, padre episcopal americano convertido ao catolicismo em 1909.\u00a0Ele foi uma figura importante do ecumenismo, fundador dos Franciscanos da Expia\u00e7\u00e3o. Ele prop\u00f4s esse momento de ora\u00e7\u00e3o durante as festas de S\u00e3o Pedro e S\u00e3o Paulo, em virtude do significado simb\u00f3lico.<\/p>\n<p>No Brasil e outros pa\u00edses latino-americanos, a Semana de Ora\u00e7\u00e3o pela Unidade Crist\u00e3 \u00e9 celebrada no per\u00edodo entre as solenidades da Ascen\u00e7\u00e3o e de Pentecostes, conforme sugerido pelo movimento F\u00e9 e Ordem, em 1926, tamb\u00e9m considerado um momento simb\u00f3lico para a unidade da Igreja. O Conselho Nacional de Igrejas Crist\u00e3s (CONIC), do qual tamb\u00e9m faz parte a Igreja Cat\u00f3lica Apost\u00f3lica Romana, lidera e coordena as iniciativas para a celebra\u00e7\u00e3o da Semana em diversos Estados brasileiros. Considerando a flexibilidade das datas, ao longo do ano os crist\u00e3os s\u00e3o estimulados a expressarem a comunh\u00e3o entre as Igrejas e a orar juntos por uma unidade cada vez mais plena, desejo do pr\u00f3prio Cristo (Jo 17,21).<\/p>\n<p>A Semana de Ora\u00e7\u00e3o pela Unidade dos Crist\u00e3os ser\u00e1 encerrada no pr\u00f3ximo dia 19 de maio, quando \u00e9 celebrado o Domingo de Pentecostes.<\/p>\n<p>Na Prov\u00edncia Franciscana da Imaculada Concei\u00e7\u00e3o do Brasil, o Secretariado para a Evangeliza\u00e7\u00e3o e Vig\u00e1rio provincial, Frei Gustavo Wayand Medella, sugerem que as fraternidades e Frentes de Evangeliza\u00e7\u00e3o tomem parte nesta iniciativa profundamente ligada aos valores do carisma franciscano. Segundo ele, um momento de prece nesta inten\u00e7\u00e3o pode, por exemplo, ser integrado \u00e0s ora\u00e7\u00f5es cotidianas das fraternidades e com<\/p>\n<p><span style=\"font-weight: 400;\">a comunidade, durante as celebra\u00e7\u00f5es eucar\u00edsticas.<\/span><\/p>\n<p><strong>Ora\u00e7\u00e3o da Semana de Ora\u00e7\u00e3o pela Unidade Crist\u00e3<img loading=\"lazy\" class=\"alignright wp-image-247618 size-medium\" src=\"https:\/\/franciscanos.org.br\/noticias\/wp-content\/uploads\/2024\/05\/Cartaz_final_SOUC_2024-1-318x450.jpg\" alt=\"\" width=\"318\" height=\"450\" srcset=\"https:\/\/franciscanos.org.br\/noticias\/wp-content\/uploads\/2024\/05\/Cartaz_final_SOUC_2024-1-318x450.jpg 318w, https:\/\/franciscanos.org.br\/noticias\/wp-content\/uploads\/2024\/05\/Cartaz_final_SOUC_2024-1-724x1024.jpg 724w, https:\/\/franciscanos.org.br\/noticias\/wp-content\/uploads\/2024\/05\/Cartaz_final_SOUC_2024-1-768x1086.jpg 768w, https:\/\/franciscanos.org.br\/noticias\/wp-content\/uploads\/2024\/05\/Cartaz_final_SOUC_2024-1-1086x1536.jpg 1086w, https:\/\/franciscanos.org.br\/noticias\/wp-content\/uploads\/2024\/05\/Cartaz_final_SOUC_2024-1-1448x2048.jpg 1448w, https:\/\/franciscanos.org.br\/noticias\/wp-content\/uploads\/2024\/05\/Cartaz_final_SOUC_2024-1-150x212.jpg 150w, https:\/\/franciscanos.org.br\/noticias\/wp-content\/uploads\/2024\/05\/Cartaz_final_SOUC_2024-1-scaled.jpg 763w\" sizes=\"(max-width: 318px) 100vw, 318px\" \/><\/strong><\/p>\n<p><em>Tu, Cristo, vens depositar em n\u00f3s tua luz de paz. E entendemos que viver em comunh\u00e3o contigo \u00e9 descobrir um caminho iluminado pelo teu Esp\u00edrito Santo.<\/em><\/p>\n<p><em>Nesse caminho, nos chamas a caminhar juntos, com um cora\u00e7\u00e3o simples, que busca entender mais do que ser entendido.<\/em><\/p>\n<p><em>Tu nos tornas atentos aos dons que podemos receber uns dos outros, na tua Igreja. Tu reanimas em n\u00f3s o amor da tua Palavra e nos enches da confian\u00e7a no teu amor oferecido a cada ser humano sem condi\u00e7\u00f5es.<\/em><\/p>\n<p><em>Queres que seu amor indiviso tenha rostos, nossos rostos, iluminando outros rostos, para que do fogo do teu amor nas\u00e7a uma nova humanidade de irm\u00e3s e irm\u00e3os.<\/em><\/p>\n<p><em>Desperte em n\u00f3s a paix\u00e3o pela unidade vis\u00edvel de todos os crist\u00e3os.<\/em><\/p>\n<p><em>Tu nos chamas a nos tornar juntos testemunhas de reconcilia\u00e7\u00e3o, de escuta e de justi\u00e7a. <\/em><\/p>\n<p><em>Aben\u00e7oa-nos, Cristo, mantenha-nos no esp\u00edrito das bem-aventuran\u00e7as: alegria, simplicidade, miseric\u00f3rdia.<\/em><\/p>\n<p><em>Am\u00e9m.<\/em><\/p>\n<p><a href=\"https:\/\/franciscanos.org.br\/banca\/wp-content\/uploads\/2024\/05\/ebook_souc_2024_a-2.pdf\"><strong>Clique aqui e acesse o caderno de\u00a0 celebra\u00e7\u00f5es<\/strong><\/a><\/p>\n<hr \/>\n<p><em>Adriana Rabelo<\/em><\/p>\n<p><em>Fonte: <a href=\"https:\/\/www.conic.org.br\/portal\/conic\/noticias\/conheca-a-oracao-da-souc-2024\">https:\/\/www.conic.org.br\/portal\/conic\/noticias\/conheca-a-oracao-da-souc-2024<\/a><\/em><\/p>\n","protected":false},"excerpt":{"rendered":"<p>Semana de Ora\u00e7\u00e3o pela Unidade Crist\u00e3<\/p>\n","protected":false},"author":11,"featured_media":0,"comment_status":"open","ping_status":"open","sticky":false,"template":"","format":"standard","meta":[],"categories":[1],"tags":[1208],"acf":[],"yoast_head":"<!-- This site is optimized with the Yoast SEO plugin v19.2 - https:\/\/yoast.com\/wordpress\/plugins\/seo\/ -->\n<title>Franciscanos celebram \u201cSemana de Ora\u00e7\u00e3o pela Unidade Crist\u00e3\u201d - Not\u00edcias - Franciscanos<\/title>\n<meta name=\"robots\" content=\"index, follow, max-snippet:-1, max-image-preview:large, max-video-preview:-1\" \/>\n<link rel=\"canonical\" href=\"https:\/\/franciscanos.org.br\/noticias\/franciscanos-celebram-a-semana-de-oracao-pela-unidade-crista.html\" \/>\n<meta property=\"og:locale\" content=\"pt_BR\" \/>\n<meta property=\"og:type\" content=\"article\" \/>\n<meta property=\"og:title\" content=\"Franciscanos celebram \u201cSemana de Ora\u00e7\u00e3o pela Unidade Crist\u00e3\u201d - Not\u00edcias - Franciscanos\" \/>\n<meta property=\"og:description\" content=\"Semana de Ora\u00e7\u00e3o pela Unidade Crist\u00e3\" \/>\n<meta property=\"og:url\" content=\"https:\/\/franciscanos.org.br\/noticias\/franciscanos-celebram-a-semana-de-oracao-pela-unidade-crista.html\" \/>\n<meta property=\"og:site_name\" content=\"Not\u00edcias - Franciscanos\" \/>\n<meta property=\"article:published_time\" content=\"2024-05-14T13:58:26+00:00\" \/>\n<meta property=\"article:modified_time\" content=\"2024-05-22T18:22:13+00:00\" \/>\n<meta property=\"og:image\" content=\"https:\/\/franciscanos.org.br\/noticias\/wp-content\/uploads\/2024\/05\/2149548010-scaled.jpg\" \/>\n<meta name=\"author\" content=\"Adriana Rabelo\" \/>\n<meta name=\"twitter:card\" content=\"summary_large_image\" \/>\n<meta name=\"twitter:label1\" content=\"Escrito por\" \/>\n\t<meta name=\"twitter:data1\" content=\"Adriana Rabelo\" \/>\n\t<meta name=\"twitter:label2\" content=\"Est. tempo de leitura\" \/>\n\t<meta name=\"twitter:data2\" content=\"3 minutos\" \/>\n<script type=\"application\/ld+json\" class=\"yoast-schema-graph\">{\"@context\":\"https:\/\/schema.org\",\"@graph\":[{\"@type\":\"WebSite\",\"@id\":\"https:\/\/franciscanos.org.br\/noticias\/#website\",\"url\":\"https:\/\/franciscanos.org.br\/noticias\/\",\"name\":\"Not\u00edcias - Franciscanos\",\"description\":\"Prov\u00edncia Franciscana da Imaculada Concei\u00e7\u00e3o do Brasil - Ordem dos Frades Menores - OFM\",\"potentialAction\":[{\"@type\":\"SearchAction\",\"target\":{\"@type\":\"EntryPoint\",\"urlTemplate\":\"https:\/\/franciscanos.org.br\/noticias\/?s={search_term_string}\"},\"query-input\":\"required name=search_term_string\"}],\"inLanguage\":\"pt-BR\"},{\"@type\":\"ImageObject\",\"inLanguage\":\"pt-BR\",\"@id\":\"https:\/\/franciscanos.org.br\/noticias\/franciscanos-celebram-a-semana-de-oracao-pela-unidade-crista.html#primaryimage\",\"url\":\"https:\/\/franciscanos.org.br\/noticias\/wp-content\/uploads\/2024\/05\/2149548010-scaled.jpg\",\"contentUrl\":\"https:\/\/franciscanos.org.br\/noticias\/wp-content\/uploads\/2024\/05\/2149548010-scaled.jpg\",\"width\":1623,\"height\":1080},{\"@type\":\"WebPage\",\"@id\":\"https:\/\/franciscanos.org.br\/noticias\/franciscanos-celebram-a-semana-de-oracao-pela-unidade-crista.html#webpage\",\"url\":\"https:\/\/franciscanos.org.br\/noticias\/franciscanos-celebram-a-semana-de-oracao-pela-unidade-crista.html\",\"name\":\"Franciscanos celebram \u201cSemana de Ora\u00e7\u00e3o pela Unidade Crist\u00e3\u201d - Not\u00edcias - Franciscanos\",\"isPartOf\":{\"@id\":\"https:\/\/franciscanos.org.br\/noticias\/#website\"},\"primaryImageOfPage\":{\"@id\":\"https:\/\/franciscanos.org.br\/noticias\/franciscanos-celebram-a-semana-de-oracao-pela-unidade-crista.html#primaryimage\"},\"datePublished\":\"2024-05-14T13:58:26+00:00\",\"dateModified\":\"2024-05-22T18:22:13+00:00\",\"author\":{\"@id\":\"https:\/\/franciscanos.org.br\/noticias\/#\/schema\/person\/d9422e83121c3ad3b0f423d195f5bb25\"},\"breadcrumb\":{\"@id\":\"https:\/\/franciscanos.org.br\/noticias\/franciscanos-celebram-a-semana-de-oracao-pela-unidade-crista.html#breadcrumb\"},\"inLanguage\":\"pt-BR\",\"potentialAction\":[{\"@type\":\"ReadAction\",\"target\":[\"https:\/\/franciscanos.org.br\/noticias\/franciscanos-celebram-a-semana-de-oracao-pela-unidade-crista.html\"]}]},{\"@type\":\"BreadcrumbList\",\"@id\":\"https:\/\/franciscanos.org.br\/noticias\/franciscanos-celebram-a-semana-de-oracao-pela-unidade-crista.html#breadcrumb\",\"itemListElement\":[{\"@type\":\"ListItem\",\"position\":1,\"name\":\"Home\",\"item\":\"https:\/\/franciscanos.org.br\/noticias\"},{\"@type\":\"ListItem\",\"position\":2,\"name\":\"Franciscanos celebram \u201cSemana de Ora\u00e7\u00e3o pela Unidade Crist\u00e3\u201d\"}]},{\"@type\":\"Person\",\"@id\":\"https:\/\/franciscanos.org.br\/noticias\/#\/schema\/person\/d9422e83121c3ad3b0f423d195f5bb25\",\"name\":\"Adriana Rabelo\",\"image\":{\"@type\":\"ImageObject\",\"inLanguage\":\"pt-BR\",\"@id\":\"https:\/\/franciscanos.org.br\/noticias\/#\/schema\/person\/image\/\",\"url\":\"https:\/\/secure.gravatar.com\/avatar\/0a937b7500cd7df77540cfb8bede877d?s=96&d=mm&r=g\",\"contentUrl\":\"https:\/\/secure.gravatar.com\/avatar\/0a937b7500cd7df77540cfb8bede877d?s=96&d=mm&r=g\",\"caption\":\"Adriana Rabelo\"},\"url\":\"https:\/\/franciscanos.org.br\/noticias\/author\/adrianarabelo\"}]}<\/script>\n<!-- \/ Yoast SEO plugin. -->","yoast_head_json":{"title":"Franciscanos celebram \u201cSemana de Ora\u00e7\u00e3o pela Unidade Crist\u00e3\u201d - Not\u00edcias - Franciscanos","robots":{"index":"index","follow":"follow","max-snippet":"max-snippet:-1","max-image-preview":"max-image-preview:large","max-video-preview":"max-video-preview:-1"},"canonical":"https:\/\/franciscanos.org.br\/noticias\/franciscanos-celebram-a-semana-de-oracao-pela-unidade-crista.html","og_locale":"pt_BR","og_type":"article","og_title":"Franciscanos celebram \u201cSemana de Ora\u00e7\u00e3o pela Unidade Crist\u00e3\u201d - Not\u00edcias - Franciscanos","og_description":"Semana de Ora\u00e7\u00e3o pela Unidade Crist\u00e3","og_url":"https:\/\/franciscanos.org.br\/noticias\/franciscanos-celebram-a-semana-de-oracao-pela-unidade-crista.html","og_site_name":"Not\u00edcias - Franciscanos","article_published_time":"2024-05-14T13:58:26+00:00","article_modified_time":"2024-05-22T18:22:13+00:00","og_image":[{"url":"https:\/\/franciscanos.org.br\/noticias\/wp-content\/uploads\/2024\/05\/2149548010-scaled.jpg"}],"author":"Adriana Rabelo","twitter_card":"summary_large_image","twitter_misc":{"Escrito por":"Adriana Rabelo","Est. tempo de leitura":"3 minutos"},"schema":{"@context":"https:\/\/schema.org","@graph":[{"@type":"WebSite","@id":"https:\/\/franciscanos.org.br\/noticias\/#website","url":"https:\/\/franciscanos.org.br\/noticias\/","name":"Not\u00edcias - Franciscanos","description":"Prov\u00edncia Franciscana da Imaculada Concei\u00e7\u00e3o do Brasil - Ordem dos Frades Menores - OFM","potentialAction":[{"@type":"SearchAction","target":{"@type":"EntryPoint","urlTemplate":"https:\/\/franciscanos.org.br\/noticias\/?s={search_term_string}"},"query-input":"required name=search_term_string"}],"inLanguage":"pt-BR"},{"@type":"ImageObject","inLanguage":"pt-BR","@id":"https:\/\/franciscanos.org.br\/noticias\/franciscanos-celebram-a-semana-de-oracao-pela-unidade-crista.html#primaryimage","url":"https:\/\/franciscanos.org.br\/noticias\/wp-content\/uploads\/2024\/05\/2149548010-scaled.jpg","contentUrl":"https:\/\/franciscanos.org.br\/noticias\/wp-content\/uploads\/2024\/05\/2149548010-scaled.jpg","width":1623,"height":1080},{"@type":"WebPage","@id":"https:\/\/franciscanos.org.br\/noticias\/franciscanos-celebram-a-semana-de-oracao-pela-unidade-crista.html#webpage","url":"https:\/\/franciscanos.org.br\/noticias\/franciscanos-celebram-a-semana-de-oracao-pela-unidade-crista.html","name":"Franciscanos celebram \u201cSemana de Ora\u00e7\u00e3o pela Unidade Crist\u00e3\u201d - Not\u00edcias - Franciscanos","isPartOf":{"@id":"https:\/\/franciscanos.org.br\/noticias\/#website"},"primaryImageOfPage":{"@id":"https:\/\/franciscanos.org.br\/noticias\/franciscanos-celebram-a-semana-de-oracao-pela-unidade-crista.html#primaryimage"},"datePublished":"2024-05-14T13:58:26+00:00","dateModified":"2024-05-22T18:22:13+00:00","author":{"@id":"https:\/\/franciscanos.org.br\/noticias\/#\/schema\/person\/d9422e83121c3ad3b0f423d195f5bb25"},"breadcrumb":{"@id":"https:\/\/franciscanos.org.br\/noticias\/franciscanos-celebram-a-semana-de-oracao-pela-unidade-crista.html#breadcrumb"},"inLanguage":"pt-BR","potentialAction":[{"@type":"ReadAction","target":["https:\/\/franciscanos.org.br\/noticias\/franciscanos-celebram-a-semana-de-oracao-pela-unidade-crista.html"]}]},{"@type":"BreadcrumbList","@id":"https:\/\/franciscanos.org.br\/noticias\/franciscanos-celebram-a-semana-de-oracao-pela-unidade-crista.html#breadcrumb","itemListElement":[{"@type":"ListItem","position":1,"name":"Home","item":"https:\/\/franciscanos.org.br\/noticias"},{"@type":"ListItem","position":2,"name":"Franciscanos celebram \u201cSemana de Ora\u00e7\u00e3o pela Unidade Crist\u00e3\u201d"}]},{"@type":"Person","@id":"https:\/\/franciscanos.org.br\/noticias\/#\/schema\/person\/d9422e83121c3ad3b0f423d195f5bb25","name":"Adriana Rabelo","image":{"@type":"ImageObject","inLanguage":"pt-BR","@id":"https:\/\/franciscanos.org.br\/noticias\/#\/schema\/person\/image\/","url":"https:\/\/secure.gravatar.com\/avatar\/0a937b7500cd7df77540cfb8bede877d?s=96&d=mm&r=g","contentUrl":"https:\/\/secure.gravatar.com\/avatar\/0a937b7500cd7df77540cfb8bede877d?s=96&d=mm&r=g","caption":"Adriana Rabelo"},"url":"https:\/\/franciscanos.org.br\/noticias\/author\/adrianarabelo"}]}},"_links":{"self":[{"href":"https:\/\/franciscanos.org.br\/noticias\/wp-json\/wp\/v2\/posts\/247607"}],"collection":[{"href":"https:\/\/franciscanos.org.br\/noticias\/wp-json\/wp\/v2\/posts"}],"about":[{"href":"https:\/\/franciscanos.org.br\/noticias\/wp-json\/wp\/v2\/types\/post"}],"author":[{"embeddable":true,"href":"https:\/\/franciscanos.org.br\/noticias\/wp-json\/wp\/v2\/users\/11"}],"replies":[{"embeddable":true,"href":"https:\/\/franciscanos.org.br\/noticias\/wp-json\/wp\/v2\/comments?post=247607"}],"version-history":[{"count":14,"href":"https:\/\/franciscanos.org.br\/noticias\/wp-json\/wp\/v2\/posts\/247607\/revisions"}],"predecessor-version":[{"id":247688,"href":"https:\/\/franciscanos.org.br\/noticias\/wp-json\/wp\/v2\/posts\/247607\/revisions\/247688"}],"wp:attachment":[{"href":"https:\/\/franciscanos.org.br\/noticias\/wp-json\/wp\/v2\/media?parent=247607"}],"wp:term":[{"taxonomy":"category","embeddable":true,"href":"https:\/\/franciscanos.org.br\/noticias\/wp-json\/wp\/v2\/categories?post=247607"},{"taxonomy":"post_tag","embeddable":true,"href":"https:\/\/franciscanos.org.br\/noticias\/wp-json\/wp\/v2\/tags?post=247607"}],"curies":[{"name":"wp","href":"https:\/\/api.w.org\/{rel}","templated":true}]}}