{"id":247596,"date":"2024-05-13T10:38:00","date_gmt":"2024-05-13T13:38:00","guid":{"rendered":"https:\/\/franciscanos.org.br\/noticias\/?p=247596"},"modified":"2024-05-13T15:12:54","modified_gmt":"2024-05-13T18:12:54","slug":"emergencia-no-brasil-arrecadacao-de-fundos-para-ajudar-as-populacoes-afetadas-pelas-inundacoes","status":"publish","type":"post","link":"https:\/\/franciscanos.org.br\/noticias\/emergencia-no-brasil-arrecadacao-de-fundos-para-ajudar-as-populacoes-afetadas-pelas-inundacoes.html","title":{"rendered":"Emerg\u00eancia no Brasil &#8211; Arrecada\u00e7\u00e3o de fundos para ajudar as popula\u00e7\u00f5es afetadas pelas inunda\u00e7\u00f5es"},"content":{"rendered":"<p><img loading=\"lazy\" class=\"aligncenter wp-image-247597 size-full\" src=\"https:\/\/franciscanos.org.br\/noticias\/wp-content\/uploads\/2024\/05\/Emergenza_brasile-5.jpg\" alt=\"\" width=\"1920\" height=\"1440\" srcset=\"https:\/\/franciscanos.org.br\/noticias\/wp-content\/uploads\/2024\/05\/Emergenza_brasile-5.jpg 1440w, https:\/\/franciscanos.org.br\/noticias\/wp-content\/uploads\/2024\/05\/Emergenza_brasile-5-450x338.jpg 450w, https:\/\/franciscanos.org.br\/noticias\/wp-content\/uploads\/2024\/05\/Emergenza_brasile-5-1024x768.jpg 1024w, https:\/\/franciscanos.org.br\/noticias\/wp-content\/uploads\/2024\/05\/Emergenza_brasile-5-768x576.jpg 768w, https:\/\/franciscanos.org.br\/noticias\/wp-content\/uploads\/2024\/05\/Emergenza_brasile-5-1536x1152.jpg 1536w, https:\/\/franciscanos.org.br\/noticias\/wp-content\/uploads\/2024\/05\/Emergenza_brasile-5-150x113.jpg 150w, https:\/\/franciscanos.org.br\/noticias\/wp-content\/uploads\/2024\/05\/Emergenza_brasile-5-600x450.jpg 600w\" sizes=\"(max-width: 1920px) 100vw, 1920px\" \/><\/p>\n<p><em>Os Frades Menores est\u00e3o ao lado das popula\u00e7\u00f5es do Rio Grande do Sul, no Brasil, v\u00edtimas de quatro violentas inunda\u00e7\u00f5es que assolaram a regi\u00e3o em menos de um ano.\u00a0<\/em><\/p>\n<p>A \u00faltima, nos primeiros dias de maio, foi a mais devastadora e deixou em ru\u00ednas as j\u00e1 prec\u00e1rias condi\u00e7\u00f5es de vida dos habitantes, duramente atingidos por esses tr\u00e1gicos fen\u00f4menos clim\u00e1ticos agora incontrol\u00e1veis. A Funda\u00e7\u00e3o OFM Fraternitas lan\u00e7ou uma campanha extraordin\u00e1ria de arrecada\u00e7\u00e3o de fundos para ajudar essas popula\u00e7\u00f5es. A C\u00faria geral da Ordem dos Frades Menores, na pessoa do Definidor geral da regi\u00e3o, Frei C\u00e9sar K\u00fclkamp, est\u00e1 em contato pr\u00f3ximo com Frei Marino Rhoden, Ministro da Prov\u00edncia de S\u00e3o Francisco de Assis, que abrange o Estado do Rio Grande do Sul. Frei C\u00e9sar lan\u00e7ou um apelo para ajudar o Brasil.<\/p>\n<p>&nbsp;<\/p>\n<p style=\"text-align: left;\"><iframe loading=\"lazy\" title=\"YouTube video player\" src=\"https:\/\/www.youtube.com\/embed\/YuwTRtnZQTs?si=y-tYB_wHX6qOsp2g\" width=\"560\" height=\"315\" frameborder=\"0\" allowfullscreen=\"allowfullscreen\"><\/iframe><\/p>\n<p>Casas foram arrastadas pela for\u00e7a da \u00e1gua e deslizamentos de terra, produtos agr\u00edcolas e animais foram atingidos, assim como estradas e estruturas.<\/p>\n<p>O governo est\u00e1 trabalhando para resgatar as pessoas e lev\u00e1-las para um local seguro. Mais de 120.000 pessoas est\u00e3o desabrigadas, principalmente os mais pobres. As igrejas paroquiais abriram suas portas para receber as pessoas, mas muitas foram afetadas pelas \u00e1guas. Nossos frades no Rio Grande do Sul tamb\u00e9m abriram suas casas, igrejas e espa\u00e7os para acolher as pessoas, oferecendo o que podem, mas a situa\u00e7\u00e3o \u00e9 de necessidade generalizada.<\/p>\n<p>Falta comida, roupas, produtos de higiene, medicamentos para crian\u00e7as e idosos, \u00e1gua pot\u00e1vel; os frades tentam oferecer ajuda espiritual e solidariedade \u00e0s fam\u00edlias que sofrem com a perda de entes queridos, de suas casas e meios de subsist\u00eancia.<\/p>\n<p>O Ministro geral da Ordem, Frei Massimo Fusarelli, tamb\u00e9m lan\u00e7ou um apelo para ajudar o Brasil.<\/p>\n<p><iframe loading=\"lazy\" title=\"YouTube video player\" src=\"https:\/\/www.youtube.com\/embed\/8ZP4V1mVNfw?si=wQtvL-wefZOuNpmJ\" width=\"560\" height=\"315\" frameborder=\"0\" allowfullscreen=\"allowfullscreen\"><\/iframe><\/p>\n<p>Solidariedade espiritual e material foi expressa por todo o mundo cat\u00f3lico: o Papa Francisco manifestou pesar e apoio em sua Ora\u00e7\u00e3o do <em>Regina Coeli <\/em>de domingo, 5 de maio; Dom Alo\u00edsio Alberto Dilli OFM, bispo da diocese de Santa Cruz do Sul, gravou uma mensagem em v\u00eddeo de esperan\u00e7a e coragem para as popula\u00e7\u00f5es; tamb\u00e9m a Confer\u00eancia da Fam\u00edlia Franciscana do Brasil est\u00e1 ao lado das v\u00edtimas.<\/p>\n<p>Dom Jaime Spengler OFM, Arcebispo de Porto Alegre (capital do Estado do Rio Grande do Sul), em uma entrevista para a R\u00e1dio Vaticano do Brasil, enfatizou a import\u00e2ncia de acolher e apoiar aqueles que perderam tudo e precisam de comida, \u00e1gua, roupas e um teto sob o qual se abrigar.<\/p>\n<p><strong>Clique abaixo e ajude os irm\u00e3os e irm\u00e3s do Sul do Brasil.<\/strong><\/p>\n<blockquote class=\"wp-embedded-content\" data-secret=\"nl1DjqTtFh\"><p><a href=\"https:\/\/www.ofmfraternitas.org\/es\/donaciones-para-la-emergencia-de-las-inundaciones-en-brasil\/\">Donaciones para la emergencia de las inundaciones en Brasil<\/a><\/p><\/blockquote>\n<p><iframe class=\"wp-embedded-content\" sandbox=\"allow-scripts\" security=\"restricted\" style=\"position: absolute; clip: rect(1px, 1px, 1px, 1px);\" title=\"\u00abDonaciones para la emergencia de las inundaciones en Brasil\u00bb \u2014 Fondazione OFM Fraternitas\" src=\"https:\/\/www.ofmfraternitas.org\/es\/donaciones-para-la-emergencia-de-las-inundaciones-en-brasil\/embed\/#?secret=u0opnopmHG#?secret=nl1DjqTtFh\" data-secret=\"nl1DjqTtFh\" width=\"500\" height=\"282\" frameborder=\"0\" marginwidth=\"0\" marginheight=\"0\" scrolling=\"no\"><\/iframe><\/p>\n<hr \/>\n<p style=\"text-align: left;\"><em>Texto original retirado de: <a href=\"https:\/\/www.ofm.org\/emergenza-brasile.html\">https:\/\/www.ofm.org\/emergenza-brasile.html<\/a><\/em><\/p>\n","protected":false},"excerpt":{"rendered":"<p>Solidariedade ao Rio Grande do Sul<\/p>\n","protected":false},"author":10,"featured_media":247597,"comment_status":"open","ping_status":"open","sticky":false,"template":"","format":"standard","meta":[],"categories":[1],"tags":[128,2214],"acf":[],"yoast_head":"<!-- This site is optimized with the Yoast SEO plugin v19.2 - https:\/\/yoast.com\/wordpress\/plugins\/seo\/ -->\n<title>Emerg\u00eancia no Brasil - Arrecada\u00e7\u00e3o de fundos para ajudar as popula\u00e7\u00f5es afetadas pelas inunda\u00e7\u00f5es - Not\u00edcias - Franciscanos<\/title>\n<meta name=\"robots\" content=\"index, follow, max-snippet:-1, max-image-preview:large, max-video-preview:-1\" \/>\n<link rel=\"canonical\" href=\"https:\/\/franciscanos.org.br\/noticias\/emergencia-no-brasil-arrecadacao-de-fundos-para-ajudar-as-populacoes-afetadas-pelas-inundacoes.html\" \/>\n<meta property=\"og:locale\" content=\"pt_BR\" \/>\n<meta property=\"og:type\" content=\"article\" \/>\n<meta property=\"og:title\" content=\"Emerg\u00eancia no Brasil - Arrecada\u00e7\u00e3o de fundos para ajudar as popula\u00e7\u00f5es afetadas pelas inunda\u00e7\u00f5es - Not\u00edcias - Franciscanos\" \/>\n<meta property=\"og:description\" content=\"Solidariedade ao Rio Grande do Sul\" \/>\n<meta property=\"og:url\" content=\"https:\/\/franciscanos.org.br\/noticias\/emergencia-no-brasil-arrecadacao-de-fundos-para-ajudar-as-populacoes-afetadas-pelas-inundacoes.html\" \/>\n<meta property=\"og:site_name\" content=\"Not\u00edcias - Franciscanos\" \/>\n<meta property=\"article:published_time\" content=\"2024-05-13T13:38:00+00:00\" \/>\n<meta property=\"article:modified_time\" content=\"2024-05-13T18:12:54+00:00\" \/>\n<meta property=\"og:image\" content=\"https:\/\/franciscanos.org.br\/noticias\/wp-content\/uploads\/2024\/05\/Emergenza_brasile-5.jpg\" \/>\n\t<meta property=\"og:image:width\" content=\"1440\" \/>\n\t<meta property=\"og:image:height\" content=\"1080\" \/>\n\t<meta property=\"og:image:type\" content=\"image\/jpeg\" \/>\n<meta name=\"author\" content=\"Jo\u00e3o Vitor\" \/>\n<meta name=\"twitter:card\" content=\"summary_large_image\" \/>\n<meta name=\"twitter:label1\" content=\"Escrito por\" \/>\n\t<meta name=\"twitter:data1\" content=\"Jo\u00e3o Vitor\" \/>\n\t<meta name=\"twitter:label2\" content=\"Est. tempo de leitura\" \/>\n\t<meta name=\"twitter:data2\" content=\"2 minutos\" \/>\n<script type=\"application\/ld+json\" class=\"yoast-schema-graph\">{\"@context\":\"https:\/\/schema.org\",\"@graph\":[{\"@type\":\"WebSite\",\"@id\":\"https:\/\/franciscanos.org.br\/noticias\/#website\",\"url\":\"https:\/\/franciscanos.org.br\/noticias\/\",\"name\":\"Not\u00edcias - Franciscanos\",\"description\":\"Prov\u00edncia Franciscana da Imaculada Concei\u00e7\u00e3o do Brasil - Ordem dos Frades Menores - OFM\",\"potentialAction\":[{\"@type\":\"SearchAction\",\"target\":{\"@type\":\"EntryPoint\",\"urlTemplate\":\"https:\/\/franciscanos.org.br\/noticias\/?s={search_term_string}\"},\"query-input\":\"required name=search_term_string\"}],\"inLanguage\":\"pt-BR\"},{\"@type\":\"ImageObject\",\"inLanguage\":\"pt-BR\",\"@id\":\"https:\/\/franciscanos.org.br\/noticias\/emergencia-no-brasil-arrecadacao-de-fundos-para-ajudar-as-populacoes-afetadas-pelas-inundacoes.html#primaryimage\",\"url\":\"https:\/\/franciscanos.org.br\/noticias\/wp-content\/uploads\/2024\/05\/Emergenza_brasile-5.jpg\",\"contentUrl\":\"https:\/\/franciscanos.org.br\/noticias\/wp-content\/uploads\/2024\/05\/Emergenza_brasile-5.jpg\",\"width\":1440,\"height\":1080},{\"@type\":\"WebPage\",\"@id\":\"https:\/\/franciscanos.org.br\/noticias\/emergencia-no-brasil-arrecadacao-de-fundos-para-ajudar-as-populacoes-afetadas-pelas-inundacoes.html#webpage\",\"url\":\"https:\/\/franciscanos.org.br\/noticias\/emergencia-no-brasil-arrecadacao-de-fundos-para-ajudar-as-populacoes-afetadas-pelas-inundacoes.html\",\"name\":\"Emerg\u00eancia no Brasil - Arrecada\u00e7\u00e3o de fundos para ajudar as popula\u00e7\u00f5es afetadas pelas inunda\u00e7\u00f5es - Not\u00edcias - Franciscanos\",\"isPartOf\":{\"@id\":\"https:\/\/franciscanos.org.br\/noticias\/#website\"},\"primaryImageOfPage\":{\"@id\":\"https:\/\/franciscanos.org.br\/noticias\/emergencia-no-brasil-arrecadacao-de-fundos-para-ajudar-as-populacoes-afetadas-pelas-inundacoes.html#primaryimage\"},\"datePublished\":\"2024-05-13T13:38:00+00:00\",\"dateModified\":\"2024-05-13T18:12:54+00:00\",\"author\":{\"@id\":\"https:\/\/franciscanos.org.br\/noticias\/#\/schema\/person\/8c11f06a466b856a11dd48d20600055f\"},\"breadcrumb\":{\"@id\":\"https:\/\/franciscanos.org.br\/noticias\/emergencia-no-brasil-arrecadacao-de-fundos-para-ajudar-as-populacoes-afetadas-pelas-inundacoes.html#breadcrumb\"},\"inLanguage\":\"pt-BR\",\"potentialAction\":[{\"@type\":\"ReadAction\",\"target\":[\"https:\/\/franciscanos.org.br\/noticias\/emergencia-no-brasil-arrecadacao-de-fundos-para-ajudar-as-populacoes-afetadas-pelas-inundacoes.html\"]}]},{\"@type\":\"BreadcrumbList\",\"@id\":\"https:\/\/franciscanos.org.br\/noticias\/emergencia-no-brasil-arrecadacao-de-fundos-para-ajudar-as-populacoes-afetadas-pelas-inundacoes.html#breadcrumb\",\"itemListElement\":[{\"@type\":\"ListItem\",\"position\":1,\"name\":\"Home\",\"item\":\"https:\/\/franciscanos.org.br\/noticias\"},{\"@type\":\"ListItem\",\"position\":2,\"name\":\"Emerg\u00eancia no Brasil &#8211; Arrecada\u00e7\u00e3o de fundos para ajudar as popula\u00e7\u00f5es afetadas pelas inunda\u00e7\u00f5es\"}]},{\"@type\":\"Person\",\"@id\":\"https:\/\/franciscanos.org.br\/noticias\/#\/schema\/person\/8c11f06a466b856a11dd48d20600055f\",\"name\":\"Jo\u00e3o Vitor\",\"image\":{\"@type\":\"ImageObject\",\"inLanguage\":\"pt-BR\",\"@id\":\"https:\/\/franciscanos.org.br\/noticias\/#\/schema\/person\/image\/\",\"url\":\"https:\/\/secure.gravatar.com\/avatar\/10ba5c9713e0c323617b4309a19e3a46?s=96&d=mm&r=g\",\"contentUrl\":\"https:\/\/secure.gravatar.com\/avatar\/10ba5c9713e0c323617b4309a19e3a46?s=96&d=mm&r=g\",\"caption\":\"Jo\u00e3o Vitor\"},\"url\":\"https:\/\/franciscanos.org.br\/noticias\/author\/joaovitor\"}]}<\/script>\n<!-- \/ Yoast SEO plugin. -->","yoast_head_json":{"title":"Emerg\u00eancia no Brasil - Arrecada\u00e7\u00e3o de fundos para ajudar as popula\u00e7\u00f5es afetadas pelas inunda\u00e7\u00f5es - Not\u00edcias - Franciscanos","robots":{"index":"index","follow":"follow","max-snippet":"max-snippet:-1","max-image-preview":"max-image-preview:large","max-video-preview":"max-video-preview:-1"},"canonical":"https:\/\/franciscanos.org.br\/noticias\/emergencia-no-brasil-arrecadacao-de-fundos-para-ajudar-as-populacoes-afetadas-pelas-inundacoes.html","og_locale":"pt_BR","og_type":"article","og_title":"Emerg\u00eancia no Brasil - Arrecada\u00e7\u00e3o de fundos para ajudar as popula\u00e7\u00f5es afetadas pelas inunda\u00e7\u00f5es - Not\u00edcias - Franciscanos","og_description":"Solidariedade ao Rio Grande do Sul","og_url":"https:\/\/franciscanos.org.br\/noticias\/emergencia-no-brasil-arrecadacao-de-fundos-para-ajudar-as-populacoes-afetadas-pelas-inundacoes.html","og_site_name":"Not\u00edcias - Franciscanos","article_published_time":"2024-05-13T13:38:00+00:00","article_modified_time":"2024-05-13T18:12:54+00:00","og_image":[{"width":1440,"height":1080,"url":"https:\/\/franciscanos.org.br\/noticias\/wp-content\/uploads\/2024\/05\/Emergenza_brasile-5.jpg","type":"image\/jpeg"}],"author":"Jo\u00e3o Vitor","twitter_card":"summary_large_image","twitter_misc":{"Escrito por":"Jo\u00e3o Vitor","Est. tempo de leitura":"2 minutos"},"schema":{"@context":"https:\/\/schema.org","@graph":[{"@type":"WebSite","@id":"https:\/\/franciscanos.org.br\/noticias\/#website","url":"https:\/\/franciscanos.org.br\/noticias\/","name":"Not\u00edcias - Franciscanos","description":"Prov\u00edncia Franciscana da Imaculada Concei\u00e7\u00e3o do Brasil - Ordem dos Frades Menores - OFM","potentialAction":[{"@type":"SearchAction","target":{"@type":"EntryPoint","urlTemplate":"https:\/\/franciscanos.org.br\/noticias\/?s={search_term_string}"},"query-input":"required name=search_term_string"}],"inLanguage":"pt-BR"},{"@type":"ImageObject","inLanguage":"pt-BR","@id":"https:\/\/franciscanos.org.br\/noticias\/emergencia-no-brasil-arrecadacao-de-fundos-para-ajudar-as-populacoes-afetadas-pelas-inundacoes.html#primaryimage","url":"https:\/\/franciscanos.org.br\/noticias\/wp-content\/uploads\/2024\/05\/Emergenza_brasile-5.jpg","contentUrl":"https:\/\/franciscanos.org.br\/noticias\/wp-content\/uploads\/2024\/05\/Emergenza_brasile-5.jpg","width":1440,"height":1080},{"@type":"WebPage","@id":"https:\/\/franciscanos.org.br\/noticias\/emergencia-no-brasil-arrecadacao-de-fundos-para-ajudar-as-populacoes-afetadas-pelas-inundacoes.html#webpage","url":"https:\/\/franciscanos.org.br\/noticias\/emergencia-no-brasil-arrecadacao-de-fundos-para-ajudar-as-populacoes-afetadas-pelas-inundacoes.html","name":"Emerg\u00eancia no Brasil - Arrecada\u00e7\u00e3o de fundos para ajudar as popula\u00e7\u00f5es afetadas pelas inunda\u00e7\u00f5es - Not\u00edcias - Franciscanos","isPartOf":{"@id":"https:\/\/franciscanos.org.br\/noticias\/#website"},"primaryImageOfPage":{"@id":"https:\/\/franciscanos.org.br\/noticias\/emergencia-no-brasil-arrecadacao-de-fundos-para-ajudar-as-populacoes-afetadas-pelas-inundacoes.html#primaryimage"},"datePublished":"2024-05-13T13:38:00+00:00","dateModified":"2024-05-13T18:12:54+00:00","author":{"@id":"https:\/\/franciscanos.org.br\/noticias\/#\/schema\/person\/8c11f06a466b856a11dd48d20600055f"},"breadcrumb":{"@id":"https:\/\/franciscanos.org.br\/noticias\/emergencia-no-brasil-arrecadacao-de-fundos-para-ajudar-as-populacoes-afetadas-pelas-inundacoes.html#breadcrumb"},"inLanguage":"pt-BR","potentialAction":[{"@type":"ReadAction","target":["https:\/\/franciscanos.org.br\/noticias\/emergencia-no-brasil-arrecadacao-de-fundos-para-ajudar-as-populacoes-afetadas-pelas-inundacoes.html"]}]},{"@type":"BreadcrumbList","@id":"https:\/\/franciscanos.org.br\/noticias\/emergencia-no-brasil-arrecadacao-de-fundos-para-ajudar-as-populacoes-afetadas-pelas-inundacoes.html#breadcrumb","itemListElement":[{"@type":"ListItem","position":1,"name":"Home","item":"https:\/\/franciscanos.org.br\/noticias"},{"@type":"ListItem","position":2,"name":"Emerg\u00eancia no Brasil &#8211; Arrecada\u00e7\u00e3o de fundos para ajudar as popula\u00e7\u00f5es afetadas pelas inunda\u00e7\u00f5es"}]},{"@type":"Person","@id":"https:\/\/franciscanos.org.br\/noticias\/#\/schema\/person\/8c11f06a466b856a11dd48d20600055f","name":"Jo\u00e3o Vitor","image":{"@type":"ImageObject","inLanguage":"pt-BR","@id":"https:\/\/franciscanos.org.br\/noticias\/#\/schema\/person\/image\/","url":"https:\/\/secure.gravatar.com\/avatar\/10ba5c9713e0c323617b4309a19e3a46?s=96&d=mm&r=g","contentUrl":"https:\/\/secure.gravatar.com\/avatar\/10ba5c9713e0c323617b4309a19e3a46?s=96&d=mm&r=g","caption":"Jo\u00e3o Vitor"},"url":"https:\/\/franciscanos.org.br\/noticias\/author\/joaovitor"}]}},"_links":{"self":[{"href":"https:\/\/franciscanos.org.br\/noticias\/wp-json\/wp\/v2\/posts\/247596"}],"collection":[{"href":"https:\/\/franciscanos.org.br\/noticias\/wp-json\/wp\/v2\/posts"}],"about":[{"href":"https:\/\/franciscanos.org.br\/noticias\/wp-json\/wp\/v2\/types\/post"}],"author":[{"embeddable":true,"href":"https:\/\/franciscanos.org.br\/noticias\/wp-json\/wp\/v2\/users\/10"}],"replies":[{"embeddable":true,"href":"https:\/\/franciscanos.org.br\/noticias\/wp-json\/wp\/v2\/comments?post=247596"}],"version-history":[{"count":7,"href":"https:\/\/franciscanos.org.br\/noticias\/wp-json\/wp\/v2\/posts\/247596\/revisions"}],"predecessor-version":[{"id":247606,"href":"https:\/\/franciscanos.org.br\/noticias\/wp-json\/wp\/v2\/posts\/247596\/revisions\/247606"}],"wp:featuredmedia":[{"embeddable":true,"href":"https:\/\/franciscanos.org.br\/noticias\/wp-json\/wp\/v2\/media\/247597"}],"wp:attachment":[{"href":"https:\/\/franciscanos.org.br\/noticias\/wp-json\/wp\/v2\/media?parent=247596"}],"wp:term":[{"taxonomy":"category","embeddable":true,"href":"https:\/\/franciscanos.org.br\/noticias\/wp-json\/wp\/v2\/categories?post=247596"},{"taxonomy":"post_tag","embeddable":true,"href":"https:\/\/franciscanos.org.br\/noticias\/wp-json\/wp\/v2\/tags?post=247596"}],"curies":[{"name":"wp","href":"https:\/\/api.w.org\/{rel}","templated":true}]}}