{"id":247588,"date":"2024-05-13T08:28:21","date_gmt":"2024-05-13T11:28:21","guid":{"rendered":"https:\/\/franciscanos.org.br\/noticias\/?p=247588"},"modified":"2024-05-13T08:28:21","modified_gmt":"2024-05-13T11:28:21","slug":"fieis-lotam-convento-da-penha-na-68a-romaria-das-maes","status":"publish","type":"post","link":"https:\/\/franciscanos.org.br\/noticias\/fieis-lotam-convento-da-penha-na-68a-romaria-das-maes.html","title":{"rendered":"Fi\u00e9is lotam Convento da Penha na 68\u00aa Romaria das M\u00e3es"},"content":{"rendered":"<p>&nbsp;<\/p>\n<p><img loading=\"lazy\" class=\"aligncenter wp-image-247591 size-full\" src=\"https:\/\/franciscanos.org.br\/noticias\/wp-content\/uploads\/2024\/05\/Romaria-das-Maes-ao-Convento-2024-69-1024x683-1.jpg\" alt=\"\" width=\"1024\" height=\"683\" srcset=\"https:\/\/franciscanos.org.br\/noticias\/wp-content\/uploads\/2024\/05\/Romaria-das-Maes-ao-Convento-2024-69-1024x683-1.jpg 1024w, https:\/\/franciscanos.org.br\/noticias\/wp-content\/uploads\/2024\/05\/Romaria-das-Maes-ao-Convento-2024-69-1024x683-1-450x300.jpg 450w, https:\/\/franciscanos.org.br\/noticias\/wp-content\/uploads\/2024\/05\/Romaria-das-Maes-ao-Convento-2024-69-1024x683-1-768x512.jpg 768w, https:\/\/franciscanos.org.br\/noticias\/wp-content\/uploads\/2024\/05\/Romaria-das-Maes-ao-Convento-2024-69-1024x683-1-150x100.jpg 150w\" sizes=\"(max-width: 1024px) 100vw, 1024px\" \/><\/p>\n<p>Com o cora\u00e7\u00e3o transbordando de alegria e com muita f\u00e9, milhares de fi\u00e9is participaram da 68\u00aa edi\u00e7\u00e3o da Romaria das M\u00e3es, uma celebra\u00e7\u00e3o orante, devocional, especial e emocionante. Sentimentos t\u00e3o majestosos quanto os motivos que levaram mais de cinco mil pessoas ao Campinho do Convento na tarde de s\u00e1bado, v\u00e9spera do Dia das M\u00e3es.<\/p>\n<p>Um encontro de mulheres: a mulher mais importante da hist\u00f3ria da humanidade com as mulheres que t\u00eam o privil\u00e9gio de gerar vida. Um encontro de m\u00e3es. M\u00e3es chorosas, sorridentes, alegres, emotivas, outras mais silenciosas, umas mais agitadas\u2026 Cada uma do seu jeitinho, com seu costume, com sua prece, no seu jeito de rezar, na sua forma de expressar, no seu modo de louvar. Foi assim, inspirados pelo exemplo da M\u00e3e das Alegrias, que as m\u00e3es encheram o Convento com o perfume das flores, espalhando gratid\u00e3o por todos os espa\u00e7os.<img loading=\"lazy\" class=\"size-medium wp-image-247592 alignright\" src=\"https:\/\/franciscanos.org.br\/noticias\/wp-content\/uploads\/2024\/05\/Romaria-das-Maes-ao-Convento-2024-10-450x300.jpg\" alt=\"\" width=\"450\" height=\"300\" srcset=\"https:\/\/franciscanos.org.br\/noticias\/wp-content\/uploads\/2024\/05\/Romaria-das-Maes-ao-Convento-2024-10-450x300.jpg 450w, https:\/\/franciscanos.org.br\/noticias\/wp-content\/uploads\/2024\/05\/Romaria-das-Maes-ao-Convento-2024-10-1024x683.jpg 1024w, https:\/\/franciscanos.org.br\/noticias\/wp-content\/uploads\/2024\/05\/Romaria-das-Maes-ao-Convento-2024-10-768x512.jpg 768w, https:\/\/franciscanos.org.br\/noticias\/wp-content\/uploads\/2024\/05\/Romaria-das-Maes-ao-Convento-2024-10-1536x1024.jpg 1536w, https:\/\/franciscanos.org.br\/noticias\/wp-content\/uploads\/2024\/05\/Romaria-das-Maes-ao-Convento-2024-10-2048x1365.jpg 2048w, https:\/\/franciscanos.org.br\/noticias\/wp-content\/uploads\/2024\/05\/Romaria-das-Maes-ao-Convento-2024-10-150x100.jpg 150w, https:\/\/franciscanos.org.br\/noticias\/wp-content\/uploads\/2024\/05\/Romaria-das-Maes-ao-Convento-2024-10-scaled.jpg 1620w\" sizes=\"(max-width: 450px) 100vw, 450px\" \/><\/p>\n<p>Antes da Missa, a volunt\u00e1ria Maria Jos\u00e9 Quintaes ficou respons\u00e1vel por acolher as mulheres, anunciar os estandartes e faixas com os nomes das par\u00f3quias e comunidades, assim como contar a hist\u00f3ria da Romaria e ainda rezar. Maria Jos\u00e9 animou e fez a acolhida, fazendo inclusive preces a Deus, pela intercess\u00e3o de Nossa Senhora, rezando especialmente pelas mulheres que t\u00eam o sonho da maternidade. As m\u00e3es falecidas tamb\u00e9m foram lembradas, quando muitas mulheres se emocionaram ao lembrar de suas m\u00e3es.<\/p>\n<p>A Missa foi presidida pelo Frei Djalmo Fuck, Guardi\u00e3o e Reitor do Santu\u00e1rio e contou com a participa\u00e7\u00e3o dos Freis Pedro Engel e Jorge L\u00e1zaro; de m\u00e3es e filhos volunt\u00e1rios que atuam nos diversos servi\u00e7os e minist\u00e9rios no Convento. Eles entraram com a Imagem da Padroeira do povo capixaba, iniciando a Celebra\u00e7\u00e3o da Eucaristia.<\/p>\n<p>Na homilia, ao refletir o Evangelho (Jo 19,25-27) de celebra\u00e7\u00e3o votiva \u00e0 Nossa Senhora, Frei Djalmo destacou que Maria sempre se manteve de p\u00e9, at\u00e9 mesmo no momento de dor, ao ver seu Filho pregado na Cruz. \u201cSabemos que se a fam\u00edlia est\u00e1 na Igreja, se os filhos est\u00e3o bem encaminhados na vida, na sociedade, devemos aos pais, mas sobretudo \u00e0s m\u00e3es, elas s\u00e3o as grandes incentivadoras dos seus filhos e tamb\u00e9m das nossas comunidades de f\u00e9, onde a maioria das lideran\u00e7as s\u00e3o m\u00e3es, que ajudam a conduzir as fam\u00edlias e comunidades. O que me chama aten\u00e7\u00e3o no Evangelho \u00e9 \u2018perto da Cruz de Jesus, estavam de p\u00e9 a sua m\u00e3e, a irm\u00e3 de sua m\u00e3e, Maria de Cl\u00e9ofas, e Maria Madalena\u2019. Aos p\u00e9s da Cruz, Maria estava de p\u00e9. O que significa isso? Significa que uma m\u00e3e jamais se entrega, haja o que houver. \u00c9 um filho doente, \u00e9 o esposo acamado, \u00e9 um filho preso, um filho morto v\u00edtima da viol\u00eancia\u2026 As dores que uma fam\u00edlia passa, uma m\u00e3e jamais se entrega, est\u00e1 sempre de p\u00e9 junto \u00e0 cruz. Uma m\u00e3e que jamais se entrega, uma m\u00e3e que permanece firme em todas as adversidades da vida, assim como foi Maria ao p\u00e9 da cruz. Ela estava de p\u00e9, permanece firme. A m\u00e3e permanece sempre de p\u00e9\u201d, afirmou.<\/p>\n<p>Para Frei Djalmo, a romaria das m\u00e3es faz parte das comemora\u00e7\u00f5es da Festa da Penha, uma vez que acontece no m\u00eas de Maria e come\u00e7ou justamente porque as mulheres do interior n\u00e3o conseguiam participar do Oitav\u00e1rio, por isso, o evento se transformou em uma esp\u00e9cie de extens\u00e3o da Festa. \u201cQuando celebr\u00e1vamos os 454 anos de Festa da Penha, j\u00e1 record\u00e1vamos que em maio aconteceria essa romaria, deixamos, propositalmente, o Ter\u00e7o Gigante entre as palmeiras para marcar essa celebra\u00e7\u00e3o e n\u00e3o fosse separada\u201d, disse.<img loading=\"lazy\" class=\"aligncenter wp-image-247593 size-full\" src=\"https:\/\/franciscanos.org.br\/noticias\/wp-content\/uploads\/2024\/05\/Romaria-das-Maes-ao-Convento-2024-33-1536x1024-1.jpg\" alt=\"\" width=\"1536\" height=\"1024\" srcset=\"https:\/\/franciscanos.org.br\/noticias\/wp-content\/uploads\/2024\/05\/Romaria-das-Maes-ao-Convento-2024-33-1536x1024-1.jpg 1536w, https:\/\/franciscanos.org.br\/noticias\/wp-content\/uploads\/2024\/05\/Romaria-das-Maes-ao-Convento-2024-33-1536x1024-1-450x300.jpg 450w, https:\/\/franciscanos.org.br\/noticias\/wp-content\/uploads\/2024\/05\/Romaria-das-Maes-ao-Convento-2024-33-1536x1024-1-1024x683.jpg 1024w, https:\/\/franciscanos.org.br\/noticias\/wp-content\/uploads\/2024\/05\/Romaria-das-Maes-ao-Convento-2024-33-1536x1024-1-768x512.jpg 768w, https:\/\/franciscanos.org.br\/noticias\/wp-content\/uploads\/2024\/05\/Romaria-das-Maes-ao-Convento-2024-33-1536x1024-1-150x100.jpg 150w\" sizes=\"(max-width: 1536px) 100vw, 1536px\" \/><\/p>\n<p>\u201c\u00c9 complicado falar de m\u00e3e porque n\u00f3s homens n\u00e3o temos a gra\u00e7a de gerar no ventre um filho, como voc\u00eas t\u00eam. Por mais que n\u00f3s tenhamos palavras bonitas para falar para as m\u00e3es, s\u00f3 voc\u00eas sabem o que \u00e9 ser m\u00e3e. Quando descobrem, de repente, de surpresa, outras vezes esperando com alegria, a gravidez, a segunda gravidez, cada gravidez \u00e9 um momento m\u00e1gico, divino, na hist\u00f3ria de uma mulher. A barriga crescendo, depois nasce o filho\u2026 A gente v\u00ea uma m\u00e3e amamentando seu filho, \u00e9 um momento de b\u00ean\u00e7\u00e3o e de gra\u00e7a. \u00c9 um momento sagrado!\u201d, em seguida, Frei Djalmo parafraseou S\u00e3o Francisco de Assis, dizendo que \u201cDeus quis depender de seios humanos para vir ao mundo. Jesus tamb\u00e9m se alimentou no seio de uma mulher chamada Maria. Foi Maria que amamentou Jesus, ensinou a Ele os primeiros passos, as primeiras palavras, transmitiu a f\u00e9 judaica\u2026 Aquilo que voc\u00eas, mulheres, tamb\u00e9m fazem no seu dia a dia\u201d, comentou Frei Djalmo.<img loading=\"lazy\" class=\"size-medium wp-image-247594 alignright\" src=\"https:\/\/franciscanos.org.br\/noticias\/wp-content\/uploads\/2024\/05\/Romaria-das-Maes-ao-Convento-2024-28-1-450x300.jpg\" alt=\"\" width=\"450\" height=\"300\" srcset=\"https:\/\/franciscanos.org.br\/noticias\/wp-content\/uploads\/2024\/05\/Romaria-das-Maes-ao-Convento-2024-28-1-450x300.jpg 450w, https:\/\/franciscanos.org.br\/noticias\/wp-content\/uploads\/2024\/05\/Romaria-das-Maes-ao-Convento-2024-28-1-1024x683.jpg 1024w, https:\/\/franciscanos.org.br\/noticias\/wp-content\/uploads\/2024\/05\/Romaria-das-Maes-ao-Convento-2024-28-1-768x512.jpg 768w, https:\/\/franciscanos.org.br\/noticias\/wp-content\/uploads\/2024\/05\/Romaria-das-Maes-ao-Convento-2024-28-1-1536x1024.jpg 1536w, https:\/\/franciscanos.org.br\/noticias\/wp-content\/uploads\/2024\/05\/Romaria-das-Maes-ao-Convento-2024-28-1-2048x1365.jpg 2048w, https:\/\/franciscanos.org.br\/noticias\/wp-content\/uploads\/2024\/05\/Romaria-das-Maes-ao-Convento-2024-28-1-150x100.jpg 150w, https:\/\/franciscanos.org.br\/noticias\/wp-content\/uploads\/2024\/05\/Romaria-das-Maes-ao-Convento-2024-28-1-scaled.jpg 1620w\" sizes=\"(max-width: 450px) 100vw, 450px\" \/><\/p>\n<p>Um dos momentos mais emocionantes foi quando Frei Djalmo contou seu pr\u00f3prio testemunho com sua m\u00e3e. \u201cL\u00e1 em casa, h\u00e1 dez anos, meu pai ficou doente, um c\u00e2ncer terr\u00edvel, sem perspectiva de vida. O pai internado, dois meses depois veio a falecer. Minha m\u00e3e, eu sabia que chorava por dentro, ela se consumia por dentro, era a dor de uma m\u00e3e, de uma esposa. E eu olhava para a m\u00e3e, ela sempre de p\u00e9. Minha m\u00e3e ia ao hospital fazer visita ao pai, \u00e0s vezes inconsciente, levando uma flor, ela n\u00e3o dormia durante a noite por preocupa\u00e7\u00e3o com o pai, com os filhos\u2026 Eu via a m\u00e3e em dois lugares: na cozinha, fazendo comida, porque m\u00e3e n\u00e3o para, \u00e0s vezes chorando. E em um outro local, junto a um hospital \u2013 que era cat\u00f3lico -, havia uma gruta de Nossa Senhora de Lourdes. L\u00e1, muitas e muitas vezes, eu via ela de p\u00e9 rezando junto \u00e0 imagem de Nossa Senhora de Lourdes. Essa experi\u00eancia eu vivi e voc\u00eas tamb\u00e9m vivem. Uma m\u00e3e que jamais se entrega, uma m\u00e3e que permanece firme\u201d, testemunhou.<\/p>\n<hr \/>\n<p><em>Texto e fotos: Cristian Oliveira<\/em><\/p>\n","protected":false},"excerpt":{"rendered":"<p>Convento Nossa Senhora da Penha<\/p>\n","protected":false},"author":11,"featured_media":247589,"comment_status":"open","ping_status":"open","sticky":false,"template":"","format":"standard","meta":[],"categories":[1],"tags":[248,2217],"acf":[],"yoast_head":"<!-- This site is optimized with the Yoast SEO plugin v19.2 - https:\/\/yoast.com\/wordpress\/plugins\/seo\/ -->\n<title>Fi\u00e9is lotam Convento da Penha na 68\u00aa Romaria das M\u00e3es - Not\u00edcias - Franciscanos<\/title>\n<meta name=\"robots\" content=\"index, follow, max-snippet:-1, max-image-preview:large, max-video-preview:-1\" \/>\n<link rel=\"canonical\" href=\"https:\/\/franciscanos.org.br\/noticias\/fieis-lotam-convento-da-penha-na-68a-romaria-das-maes.html\" \/>\n<meta property=\"og:locale\" content=\"pt_BR\" \/>\n<meta property=\"og:type\" content=\"article\" \/>\n<meta property=\"og:title\" content=\"Fi\u00e9is lotam Convento da Penha na 68\u00aa Romaria das M\u00e3es - Not\u00edcias - Franciscanos\" \/>\n<meta property=\"og:description\" content=\"Convento Nossa Senhora da Penha\" \/>\n<meta property=\"og:url\" content=\"https:\/\/franciscanos.org.br\/noticias\/fieis-lotam-convento-da-penha-na-68a-romaria-das-maes.html\" \/>\n<meta property=\"og:site_name\" content=\"Not\u00edcias - Franciscanos\" \/>\n<meta property=\"article:published_time\" content=\"2024-05-13T11:28:21+00:00\" \/>\n<meta property=\"og:image\" content=\"https:\/\/franciscanos.org.br\/noticias\/wp-content\/uploads\/2024\/05\/Romaria-das-Maes-ao-Convento-2024-36-scaled.jpg\" \/>\n\t<meta property=\"og:image:width\" content=\"1920\" \/>\n\t<meta property=\"og:image:height\" content=\"1280\" \/>\n\t<meta property=\"og:image:type\" content=\"image\/jpeg\" \/>\n<meta name=\"author\" content=\"Adriana Rabelo\" \/>\n<meta name=\"twitter:card\" content=\"summary_large_image\" \/>\n<meta name=\"twitter:label1\" content=\"Escrito por\" \/>\n\t<meta name=\"twitter:data1\" content=\"Adriana Rabelo\" \/>\n\t<meta name=\"twitter:label2\" content=\"Est. tempo de leitura\" \/>\n\t<meta name=\"twitter:data2\" content=\"5 minutos\" \/>\n<script type=\"application\/ld+json\" class=\"yoast-schema-graph\">{\"@context\":\"https:\/\/schema.org\",\"@graph\":[{\"@type\":\"WebSite\",\"@id\":\"https:\/\/franciscanos.org.br\/noticias\/#website\",\"url\":\"https:\/\/franciscanos.org.br\/noticias\/\",\"name\":\"Not\u00edcias - Franciscanos\",\"description\":\"Prov\u00edncia Franciscana da Imaculada Concei\u00e7\u00e3o do Brasil - Ordem dos Frades Menores - OFM\",\"potentialAction\":[{\"@type\":\"SearchAction\",\"target\":{\"@type\":\"EntryPoint\",\"urlTemplate\":\"https:\/\/franciscanos.org.br\/noticias\/?s={search_term_string}\"},\"query-input\":\"required name=search_term_string\"}],\"inLanguage\":\"pt-BR\"},{\"@type\":\"ImageObject\",\"inLanguage\":\"pt-BR\",\"@id\":\"https:\/\/franciscanos.org.br\/noticias\/fieis-lotam-convento-da-penha-na-68a-romaria-das-maes.html#primaryimage\",\"url\":\"https:\/\/franciscanos.org.br\/noticias\/wp-content\/uploads\/2024\/05\/Romaria-das-Maes-ao-Convento-2024-36-scaled.jpg\",\"contentUrl\":\"https:\/\/franciscanos.org.br\/noticias\/wp-content\/uploads\/2024\/05\/Romaria-das-Maes-ao-Convento-2024-36-scaled.jpg\",\"width\":1920,\"height\":1280},{\"@type\":\"WebPage\",\"@id\":\"https:\/\/franciscanos.org.br\/noticias\/fieis-lotam-convento-da-penha-na-68a-romaria-das-maes.html#webpage\",\"url\":\"https:\/\/franciscanos.org.br\/noticias\/fieis-lotam-convento-da-penha-na-68a-romaria-das-maes.html\",\"name\":\"Fi\u00e9is lotam Convento da Penha na 68\u00aa Romaria das M\u00e3es - Not\u00edcias - Franciscanos\",\"isPartOf\":{\"@id\":\"https:\/\/franciscanos.org.br\/noticias\/#website\"},\"primaryImageOfPage\":{\"@id\":\"https:\/\/franciscanos.org.br\/noticias\/fieis-lotam-convento-da-penha-na-68a-romaria-das-maes.html#primaryimage\"},\"datePublished\":\"2024-05-13T11:28:21+00:00\",\"dateModified\":\"2024-05-13T11:28:21+00:00\",\"author\":{\"@id\":\"https:\/\/franciscanos.org.br\/noticias\/#\/schema\/person\/d9422e83121c3ad3b0f423d195f5bb25\"},\"breadcrumb\":{\"@id\":\"https:\/\/franciscanos.org.br\/noticias\/fieis-lotam-convento-da-penha-na-68a-romaria-das-maes.html#breadcrumb\"},\"inLanguage\":\"pt-BR\",\"potentialAction\":[{\"@type\":\"ReadAction\",\"target\":[\"https:\/\/franciscanos.org.br\/noticias\/fieis-lotam-convento-da-penha-na-68a-romaria-das-maes.html\"]}]},{\"@type\":\"BreadcrumbList\",\"@id\":\"https:\/\/franciscanos.org.br\/noticias\/fieis-lotam-convento-da-penha-na-68a-romaria-das-maes.html#breadcrumb\",\"itemListElement\":[{\"@type\":\"ListItem\",\"position\":1,\"name\":\"Home\",\"item\":\"https:\/\/franciscanos.org.br\/noticias\"},{\"@type\":\"ListItem\",\"position\":2,\"name\":\"Fi\u00e9is lotam Convento da Penha na 68\u00aa Romaria das M\u00e3es\"}]},{\"@type\":\"Person\",\"@id\":\"https:\/\/franciscanos.org.br\/noticias\/#\/schema\/person\/d9422e83121c3ad3b0f423d195f5bb25\",\"name\":\"Adriana Rabelo\",\"image\":{\"@type\":\"ImageObject\",\"inLanguage\":\"pt-BR\",\"@id\":\"https:\/\/franciscanos.org.br\/noticias\/#\/schema\/person\/image\/\",\"url\":\"https:\/\/secure.gravatar.com\/avatar\/0a937b7500cd7df77540cfb8bede877d?s=96&d=mm&r=g\",\"contentUrl\":\"https:\/\/secure.gravatar.com\/avatar\/0a937b7500cd7df77540cfb8bede877d?s=96&d=mm&r=g\",\"caption\":\"Adriana Rabelo\"},\"url\":\"https:\/\/franciscanos.org.br\/noticias\/author\/adrianarabelo\"}]}<\/script>\n<!-- \/ Yoast SEO plugin. -->","yoast_head_json":{"title":"Fi\u00e9is lotam Convento da Penha na 68\u00aa Romaria das M\u00e3es - Not\u00edcias - Franciscanos","robots":{"index":"index","follow":"follow","max-snippet":"max-snippet:-1","max-image-preview":"max-image-preview:large","max-video-preview":"max-video-preview:-1"},"canonical":"https:\/\/franciscanos.org.br\/noticias\/fieis-lotam-convento-da-penha-na-68a-romaria-das-maes.html","og_locale":"pt_BR","og_type":"article","og_title":"Fi\u00e9is lotam Convento da Penha na 68\u00aa Romaria das M\u00e3es - Not\u00edcias - Franciscanos","og_description":"Convento Nossa Senhora da Penha","og_url":"https:\/\/franciscanos.org.br\/noticias\/fieis-lotam-convento-da-penha-na-68a-romaria-das-maes.html","og_site_name":"Not\u00edcias - Franciscanos","article_published_time":"2024-05-13T11:28:21+00:00","og_image":[{"width":1920,"height":1280,"url":"https:\/\/franciscanos.org.br\/noticias\/wp-content\/uploads\/2024\/05\/Romaria-das-Maes-ao-Convento-2024-36-scaled.jpg","type":"image\/jpeg"}],"author":"Adriana Rabelo","twitter_card":"summary_large_image","twitter_misc":{"Escrito por":"Adriana Rabelo","Est. tempo de leitura":"5 minutos"},"schema":{"@context":"https:\/\/schema.org","@graph":[{"@type":"WebSite","@id":"https:\/\/franciscanos.org.br\/noticias\/#website","url":"https:\/\/franciscanos.org.br\/noticias\/","name":"Not\u00edcias - Franciscanos","description":"Prov\u00edncia Franciscana da Imaculada Concei\u00e7\u00e3o do Brasil - Ordem dos Frades Menores - OFM","potentialAction":[{"@type":"SearchAction","target":{"@type":"EntryPoint","urlTemplate":"https:\/\/franciscanos.org.br\/noticias\/?s={search_term_string}"},"query-input":"required name=search_term_string"}],"inLanguage":"pt-BR"},{"@type":"ImageObject","inLanguage":"pt-BR","@id":"https:\/\/franciscanos.org.br\/noticias\/fieis-lotam-convento-da-penha-na-68a-romaria-das-maes.html#primaryimage","url":"https:\/\/franciscanos.org.br\/noticias\/wp-content\/uploads\/2024\/05\/Romaria-das-Maes-ao-Convento-2024-36-scaled.jpg","contentUrl":"https:\/\/franciscanos.org.br\/noticias\/wp-content\/uploads\/2024\/05\/Romaria-das-Maes-ao-Convento-2024-36-scaled.jpg","width":1920,"height":1280},{"@type":"WebPage","@id":"https:\/\/franciscanos.org.br\/noticias\/fieis-lotam-convento-da-penha-na-68a-romaria-das-maes.html#webpage","url":"https:\/\/franciscanos.org.br\/noticias\/fieis-lotam-convento-da-penha-na-68a-romaria-das-maes.html","name":"Fi\u00e9is lotam Convento da Penha na 68\u00aa Romaria das M\u00e3es - Not\u00edcias - Franciscanos","isPartOf":{"@id":"https:\/\/franciscanos.org.br\/noticias\/#website"},"primaryImageOfPage":{"@id":"https:\/\/franciscanos.org.br\/noticias\/fieis-lotam-convento-da-penha-na-68a-romaria-das-maes.html#primaryimage"},"datePublished":"2024-05-13T11:28:21+00:00","dateModified":"2024-05-13T11:28:21+00:00","author":{"@id":"https:\/\/franciscanos.org.br\/noticias\/#\/schema\/person\/d9422e83121c3ad3b0f423d195f5bb25"},"breadcrumb":{"@id":"https:\/\/franciscanos.org.br\/noticias\/fieis-lotam-convento-da-penha-na-68a-romaria-das-maes.html#breadcrumb"},"inLanguage":"pt-BR","potentialAction":[{"@type":"ReadAction","target":["https:\/\/franciscanos.org.br\/noticias\/fieis-lotam-convento-da-penha-na-68a-romaria-das-maes.html"]}]},{"@type":"BreadcrumbList","@id":"https:\/\/franciscanos.org.br\/noticias\/fieis-lotam-convento-da-penha-na-68a-romaria-das-maes.html#breadcrumb","itemListElement":[{"@type":"ListItem","position":1,"name":"Home","item":"https:\/\/franciscanos.org.br\/noticias"},{"@type":"ListItem","position":2,"name":"Fi\u00e9is lotam Convento da Penha na 68\u00aa Romaria das M\u00e3es"}]},{"@type":"Person","@id":"https:\/\/franciscanos.org.br\/noticias\/#\/schema\/person\/d9422e83121c3ad3b0f423d195f5bb25","name":"Adriana Rabelo","image":{"@type":"ImageObject","inLanguage":"pt-BR","@id":"https:\/\/franciscanos.org.br\/noticias\/#\/schema\/person\/image\/","url":"https:\/\/secure.gravatar.com\/avatar\/0a937b7500cd7df77540cfb8bede877d?s=96&d=mm&r=g","contentUrl":"https:\/\/secure.gravatar.com\/avatar\/0a937b7500cd7df77540cfb8bede877d?s=96&d=mm&r=g","caption":"Adriana Rabelo"},"url":"https:\/\/franciscanos.org.br\/noticias\/author\/adrianarabelo"}]}},"_links":{"self":[{"href":"https:\/\/franciscanos.org.br\/noticias\/wp-json\/wp\/v2\/posts\/247588"}],"collection":[{"href":"https:\/\/franciscanos.org.br\/noticias\/wp-json\/wp\/v2\/posts"}],"about":[{"href":"https:\/\/franciscanos.org.br\/noticias\/wp-json\/wp\/v2\/types\/post"}],"author":[{"embeddable":true,"href":"https:\/\/franciscanos.org.br\/noticias\/wp-json\/wp\/v2\/users\/11"}],"replies":[{"embeddable":true,"href":"https:\/\/franciscanos.org.br\/noticias\/wp-json\/wp\/v2\/comments?post=247588"}],"version-history":[{"count":1,"href":"https:\/\/franciscanos.org.br\/noticias\/wp-json\/wp\/v2\/posts\/247588\/revisions"}],"predecessor-version":[{"id":247595,"href":"https:\/\/franciscanos.org.br\/noticias\/wp-json\/wp\/v2\/posts\/247588\/revisions\/247595"}],"wp:featuredmedia":[{"embeddable":true,"href":"https:\/\/franciscanos.org.br\/noticias\/wp-json\/wp\/v2\/media\/247589"}],"wp:attachment":[{"href":"https:\/\/franciscanos.org.br\/noticias\/wp-json\/wp\/v2\/media?parent=247588"}],"wp:term":[{"taxonomy":"category","embeddable":true,"href":"https:\/\/franciscanos.org.br\/noticias\/wp-json\/wp\/v2\/categories?post=247588"},{"taxonomy":"post_tag","embeddable":true,"href":"https:\/\/franciscanos.org.br\/noticias\/wp-json\/wp\/v2\/tags?post=247588"}],"curies":[{"name":"wp","href":"https:\/\/api.w.org\/{rel}","templated":true}]}}