{"id":247520,"date":"2024-05-08T09:38:32","date_gmt":"2024-05-08T12:38:32","guid":{"rendered":"https:\/\/franciscanos.org.br\/noticias\/?p=247520"},"modified":"2024-05-09T11:17:01","modified_gmt":"2024-05-09T14:17:01","slug":"o-mundo-necessita-de-esperanca-a-morte-jamais-sera-vitoriosa","status":"publish","type":"post","link":"https:\/\/franciscanos.org.br\/noticias\/o-mundo-necessita-de-esperanca-a-morte-jamais-sera-vitoriosa.html","title":{"rendered":"O mundo necessita de esperan\u00e7a! A morte jamais ser\u00e1 vitoriosa"},"content":{"rendered":"<p><img loading=\"lazy\" class=\"aligncenter wp-image-247521 size-full\" src=\"https:\/\/franciscanos.org.br\/noticias\/wp-content\/uploads\/2024\/05\/AUDIENCIA-PLENARIA-08.05.jpeg\" alt=\"\" width=\"750\" height=\"422\" srcset=\"https:\/\/franciscanos.org.br\/noticias\/wp-content\/uploads\/2024\/05\/AUDIENCIA-PLENARIA-08.05.jpeg 750w, https:\/\/franciscanos.org.br\/noticias\/wp-content\/uploads\/2024\/05\/AUDIENCIA-PLENARIA-08.05-450x253.jpeg 450w, https:\/\/franciscanos.org.br\/noticias\/wp-content\/uploads\/2024\/05\/AUDIENCIA-PLENARIA-08.05-150x84.jpeg 150w\" sizes=\"(max-width: 750px) 100vw, 750px\" \/><\/p>\n<p><em>Dando prosseguimento ao ciclo de catequeses sobre v\u00edcios e virtudes, Francisco falou sobre a esperan\u00e7a, virtude que n\u00e3o emana de n\u00f3s, mas \u00e9 um dom que vem diretamente de Deus.<\/em><\/p>\n<p>A esperan\u00e7a foi o tema da catequese do Papa Francisco na Audi\u00eancia Geral desta quarta-feira (08\/05), realizada na Pra\u00e7a S\u00e3o Pedro.<\/p>\n<p>Esta virtude teologal \u00e9 a resposta \u00e0s perguntas sobre o sentido \u00faltimo do homem. Se o caminho da vida n\u00e3o tem sentido, se no in\u00edcio e no fim h\u00e1 nada, ent\u00e3o nos perguntamos por que dever\u00edamos caminhar: \u00e9 aqui que surge o desespero do homem, o sentimento da inutilidade de tudo, explicou o Pont\u00edfice. Se faltar esperan\u00e7a, todas as outras virtudes correm o risco de desmoronar e acabar em cinzas.<\/p>\n<p>J\u00e1 o crist\u00e3o tem esperan\u00e7a n\u00e3o por m\u00e9rito pr\u00f3prio. Se ele acredita no futuro \u00e9 porque Cristo morreu e ressuscitou e nos deu o seu Esp\u00edrito. Neste sentido, se diz que a esperan\u00e7a \u00e9 uma virtude teologal, pois n\u00e3o emana de n\u00f3s, mas \u00e9 um dom que vem diretamente de Deus.<\/p>\n<p>\u201cSe acreditamos na ressurrei\u00e7\u00e3o de Cristo, ent\u00e3o sabemos com certeza que nenhuma derrota e nenhuma morte duram para sempre.\u201d<\/p>\n<p>Todavia, a esperan\u00e7a \u00e9 uma virtude contra a qual muitas vezes se peca, quando, por exemplo, se desanima diante dos pr\u00f3prios pecados, esquecendo que Deus \u00e9 misericordioso e maior que o nosso cora\u00e7\u00e3o. \u201cDeus perdoa tudo e sempre, recordou Francisco\u201d. \u201cPeca-se contra a esperan\u00e7a quando o outono apaga a primavera dentro de n\u00f3s.\u201d<\/p>\n<p><strong>O mundo necessita de esperan\u00e7a<\/strong><\/p>\n<p>Para Francisco, o mundo de hoje tem grande necessidade desta virtude crist\u00e3: &#8220;O mundo necessita de esperan\u00e7a&#8221;. Tanto quanto precisa de paci\u00eancia, virtude que caminha em estreito contato com a esperan\u00e7a. \u201cOs homens pacientes s\u00e3o tecel\u00f5es do bem\u201d, afirmou. Desejam obstinadamente a paz e, mesmo que alguns tenham pressa e queiram tudo imediatamente, a paci\u00eancia tem a capacidade da espera.<\/p>\n<p>E ainda, a esperan\u00e7a \u00e9 a virtude de quem tem o cora\u00e7\u00e3o jovem; e a idade n\u00e3o importa aqui. Porque tamb\u00e9m h\u00e1 idosos com os olhos cheios de luz, que vivem uma tens\u00e3o permanente em rela\u00e7\u00e3o ao futuro. O Pont\u00edfice ent\u00e3o concluiu:<\/p>\n<div>\n<div class=\"article__embed article__embed--border embed_style\">\n<blockquote><p>\u201cIrm\u00e3os e irm\u00e3s, vamos em frente e pe\u00e7amos a gra\u00e7a de ter esperan\u00e7a, a esperan\u00e7a com a paci\u00eancia. Sempre olhar para aquele encontro definitivo; sempre olhar para o Senhor, que sempre est\u00e1 pr\u00f3ximo de n\u00f3s. E que jamais, jamais a morte ser\u00e1 vitoriosa. Vamos em frente e pe\u00e7amos ao Senhor que nos d\u00ea esta grande virtude da esperan\u00e7a, acompanhada da paci\u00eancia.\u201d<\/p>\n<p><strong>Invoquemos a intercess\u00e3o de Maria pela paz no mundo<\/strong><\/p>\n<p><em>No final da Audi\u00eancia Geral, o Papa recordou a S\u00faplica a Nossa Senhora de Pompeia, que a Igreja eleva hoje (08\/05). O Pont\u00edfice tamb\u00e9m refor\u00e7ou seu apelo de paz pelos pa\u00edses que sofrem com as guerras: &#8220;Convido todos a invocar a intercess\u00e3o de Maria, para que o Senhor conceda paz ao mundo inteiro, especialmente \u00e0 querida e martirizada Ucr\u00e2nia, Palestina, Israel e Mianmar&#8221;.\u00a0<\/em><\/p>\n<p>O Papa Francisco, em suas sauda\u00e7\u00f5es aos peregrinos, no final da Audi\u00eancia Geral desta quarta-feira (08\/05), exortou todos a valorizarem a ora\u00e7\u00e3o do Santo Ros\u00e1rio neste m\u00eas de maio, e recordou aos fi\u00e9is, em diversos idiomas, a import\u00e2ncia de invocar a intercess\u00e3o de Nossa Senhora:<\/p>\n<p><i>&#8220;Animo-vos a procurar sempre o olhar de Nossa Senhora que conforta todos aqueles que est\u00e3o na prova\u00e7\u00e3o e mant\u00e9m aberto o horizonte da esperan\u00e7a.&#8221;<br \/>\n<\/i><\/p>\n<p><img loading=\"lazy\" class=\"size-medium wp-image-247525 alignright\" src=\"https:\/\/franciscanos.org.br\/noticias\/wp-content\/uploads\/2024\/05\/AUDIENCIA-PLENARIA2-08.05-450x253.jpeg\" alt=\"\" width=\"450\" height=\"253\" srcset=\"https:\/\/franciscanos.org.br\/noticias\/wp-content\/uploads\/2024\/05\/AUDIENCIA-PLENARIA2-08.05-450x253.jpeg 450w, https:\/\/franciscanos.org.br\/noticias\/wp-content\/uploads\/2024\/05\/AUDIENCIA-PLENARIA2-08.05-150x84.jpeg 150w, https:\/\/franciscanos.org.br\/noticias\/wp-content\/uploads\/2024\/05\/AUDIENCIA-PLENARIA2-08.05.jpeg 750w\" sizes=\"(max-width: 450px) 100vw, 450px\" \/><\/p>\n<p><strong>Paz para o mundo inteiro<\/strong><\/p>\n<p>Ao recordar que a Igreja hoje, 8 de maio, eleva a Nossa Senhora de Pompeia, a chamada &#8220;S\u00faplica&#8221; \u00e0 Virgem do Ros\u00e1rio, Francisco convidou &#8220;todos a invocar a intercess\u00e3o de Maria, para que o Senhor conceda paz ao mundo inteiro&#8221;, e voltou, especialmente, seu pensamento &#8220;para a querida e martirizada Ucr\u00e2nia, para a Palestina, Israel e Mianmar&#8221;. Em seu apelo, o Santo Padre refor\u00e7ou o pedido de paz para os territ\u00f3rios dilacerados pela morte, viol\u00eancia e persegui\u00e7\u00e3o.<\/p>\n<p>Na Ucr\u00e2nia, os ataques russos continuam incessantemente, os \u00faltimos atingiram usinas de produ\u00e7\u00e3o e distribui\u00e7\u00e3o de energia em seis regi\u00f5es. No Oriente M\u00e9dio, as mortes continuam a aumentar em Gaza e Rafah. J\u00e1 em Mianmar, o pa\u00eds enfrenta uma prolongada crise pol\u00edtica, com confrontos e viol\u00eancia entre as tropas do governo militar e grupos \u00e9tnicos armados, com milh\u00f5es de pessoas deslocadas e enormes danos causados por desastres naturais, aos quais se soma a dram\u00e1tica situa\u00e7\u00e3o dos Rohingya.<\/p>\n<p><strong>Uma ora\u00e7\u00e3o pela Argentina<\/strong><\/p>\n<p>A presen\u00e7a de uma imagem de Nossa Senhora de Luj\u00e1n, padroeira da Argentina, estava presente na Pra\u00e7a S\u00e3o Pedro. O Papa rezou diante da imagem que recorda sua p\u00e1tria, e sublinhou:<\/p>\n<p><i>&#8220;Hoje, em minha terra natal, a Argentina, celebramos a solenidade de Nossa Senhora de Luj\u00e1n, cuja imagem est\u00e1 aqui. Rezemos pela Argentina para que o Senhor a ajude em seu caminho&#8221;.<\/i><\/p>\n<p><strong>Paz para a Europa<\/strong><\/p>\n<p>Ao fi\u00e9is poloneses, o Santo Padre recordou de Santo Estanislau, bispo, m\u00e1rtir e patrono da Pol\u00f4nia, cuja solenidade tamb\u00e9m \u00e9 celebrada hoje. Em sua sauda\u00e7\u00e3o, Francisco lembrou que &#8220;S\u00e3o Jo\u00e3o Paulo II escreveu sobre ele que, do alto do c\u00e9u, participou dos sofrimentos e das esperan\u00e7as da vossa Na\u00e7\u00e3o, sustentando a sobreviv\u00eancia, especialmente durante a Segunda Guerra Mundial&#8221;.<\/p>\n<p><i>&#8220;Que a intercess\u00e3o de Santo Estanislau obtenha tamb\u00e9m hoje o dom da paz na Europa e em todo o mundo, especialmente na Ucr\u00e2nia e no Oriente M\u00e9dio.&#8221;<\/i><\/p>\n<hr \/>\n<p><b>Thulio Fonseca &#8211; Vatican News<\/b><\/p><\/blockquote>\n<\/div>\n<\/div>\n","protected":false},"excerpt":{"rendered":"<p>Audi\u00eancia Geral &#8211; Papa Francisco<\/p>\n","protected":false},"author":11,"featured_media":247521,"comment_status":"open","ping_status":"open","sticky":false,"template":"","format":"standard","meta":[],"categories":[1,1428],"tags":[2196,487,55],"acf":[],"yoast_head":"<!-- This site is optimized with the Yoast SEO plugin v19.2 - https:\/\/yoast.com\/wordpress\/plugins\/seo\/ -->\n<title>O mundo necessita de esperan\u00e7a! A morte jamais ser\u00e1 vitoriosa - Not\u00edcias - Franciscanos<\/title>\n<meta name=\"robots\" content=\"index, follow, max-snippet:-1, max-image-preview:large, max-video-preview:-1\" \/>\n<link rel=\"canonical\" href=\"https:\/\/franciscanos.org.br\/noticias\/o-mundo-necessita-de-esperanca-a-morte-jamais-sera-vitoriosa.html\" \/>\n<meta property=\"og:locale\" content=\"pt_BR\" \/>\n<meta property=\"og:type\" content=\"article\" \/>\n<meta property=\"og:title\" content=\"O mundo necessita de esperan\u00e7a! A morte jamais ser\u00e1 vitoriosa - Not\u00edcias - Franciscanos\" \/>\n<meta property=\"og:description\" content=\"Audi\u00eancia Geral - Papa Francisco\" \/>\n<meta property=\"og:url\" content=\"https:\/\/franciscanos.org.br\/noticias\/o-mundo-necessita-de-esperanca-a-morte-jamais-sera-vitoriosa.html\" \/>\n<meta property=\"og:site_name\" content=\"Not\u00edcias - Franciscanos\" \/>\n<meta property=\"article:published_time\" content=\"2024-05-08T12:38:32+00:00\" \/>\n<meta property=\"article:modified_time\" content=\"2024-05-09T14:17:01+00:00\" \/>\n<meta property=\"og:image\" content=\"https:\/\/franciscanos.org.br\/noticias\/wp-content\/uploads\/2024\/05\/AUDIENCIA-PLENARIA-08.05.jpeg\" \/>\n\t<meta property=\"og:image:width\" content=\"750\" \/>\n\t<meta property=\"og:image:height\" content=\"422\" \/>\n\t<meta property=\"og:image:type\" content=\"image\/jpeg\" \/>\n<meta name=\"author\" content=\"Adriana Rabelo\" \/>\n<meta name=\"twitter:card\" content=\"summary_large_image\" \/>\n<meta name=\"twitter:label1\" content=\"Escrito por\" \/>\n\t<meta name=\"twitter:data1\" content=\"Adriana Rabelo\" \/>\n\t<meta name=\"twitter:label2\" content=\"Est. tempo de leitura\" \/>\n\t<meta name=\"twitter:data2\" content=\"5 minutos\" \/>\n<script type=\"application\/ld+json\" class=\"yoast-schema-graph\">{\"@context\":\"https:\/\/schema.org\",\"@graph\":[{\"@type\":\"WebSite\",\"@id\":\"https:\/\/franciscanos.org.br\/noticias\/#website\",\"url\":\"https:\/\/franciscanos.org.br\/noticias\/\",\"name\":\"Not\u00edcias - Franciscanos\",\"description\":\"Prov\u00edncia Franciscana da Imaculada Concei\u00e7\u00e3o do Brasil - Ordem dos Frades Menores - OFM\",\"potentialAction\":[{\"@type\":\"SearchAction\",\"target\":{\"@type\":\"EntryPoint\",\"urlTemplate\":\"https:\/\/franciscanos.org.br\/noticias\/?s={search_term_string}\"},\"query-input\":\"required name=search_term_string\"}],\"inLanguage\":\"pt-BR\"},{\"@type\":\"ImageObject\",\"inLanguage\":\"pt-BR\",\"@id\":\"https:\/\/franciscanos.org.br\/noticias\/o-mundo-necessita-de-esperanca-a-morte-jamais-sera-vitoriosa.html#primaryimage\",\"url\":\"https:\/\/franciscanos.org.br\/noticias\/wp-content\/uploads\/2024\/05\/AUDIENCIA-PLENARIA-08.05.jpeg\",\"contentUrl\":\"https:\/\/franciscanos.org.br\/noticias\/wp-content\/uploads\/2024\/05\/AUDIENCIA-PLENARIA-08.05.jpeg\",\"width\":750,\"height\":422},{\"@type\":\"WebPage\",\"@id\":\"https:\/\/franciscanos.org.br\/noticias\/o-mundo-necessita-de-esperanca-a-morte-jamais-sera-vitoriosa.html#webpage\",\"url\":\"https:\/\/franciscanos.org.br\/noticias\/o-mundo-necessita-de-esperanca-a-morte-jamais-sera-vitoriosa.html\",\"name\":\"O mundo necessita de esperan\u00e7a! A morte jamais ser\u00e1 vitoriosa - Not\u00edcias - Franciscanos\",\"isPartOf\":{\"@id\":\"https:\/\/franciscanos.org.br\/noticias\/#website\"},\"primaryImageOfPage\":{\"@id\":\"https:\/\/franciscanos.org.br\/noticias\/o-mundo-necessita-de-esperanca-a-morte-jamais-sera-vitoriosa.html#primaryimage\"},\"datePublished\":\"2024-05-08T12:38:32+00:00\",\"dateModified\":\"2024-05-09T14:17:01+00:00\",\"author\":{\"@id\":\"https:\/\/franciscanos.org.br\/noticias\/#\/schema\/person\/d9422e83121c3ad3b0f423d195f5bb25\"},\"breadcrumb\":{\"@id\":\"https:\/\/franciscanos.org.br\/noticias\/o-mundo-necessita-de-esperanca-a-morte-jamais-sera-vitoriosa.html#breadcrumb\"},\"inLanguage\":\"pt-BR\",\"potentialAction\":[{\"@type\":\"ReadAction\",\"target\":[\"https:\/\/franciscanos.org.br\/noticias\/o-mundo-necessita-de-esperanca-a-morte-jamais-sera-vitoriosa.html\"]}]},{\"@type\":\"BreadcrumbList\",\"@id\":\"https:\/\/franciscanos.org.br\/noticias\/o-mundo-necessita-de-esperanca-a-morte-jamais-sera-vitoriosa.html#breadcrumb\",\"itemListElement\":[{\"@type\":\"ListItem\",\"position\":1,\"name\":\"Home\",\"item\":\"https:\/\/franciscanos.org.br\/noticias\"},{\"@type\":\"ListItem\",\"position\":2,\"name\":\"O mundo necessita de esperan\u00e7a! A morte jamais ser\u00e1 vitoriosa\"}]},{\"@type\":\"Person\",\"@id\":\"https:\/\/franciscanos.org.br\/noticias\/#\/schema\/person\/d9422e83121c3ad3b0f423d195f5bb25\",\"name\":\"Adriana Rabelo\",\"image\":{\"@type\":\"ImageObject\",\"inLanguage\":\"pt-BR\",\"@id\":\"https:\/\/franciscanos.org.br\/noticias\/#\/schema\/person\/image\/\",\"url\":\"https:\/\/secure.gravatar.com\/avatar\/0a937b7500cd7df77540cfb8bede877d?s=96&d=mm&r=g\",\"contentUrl\":\"https:\/\/secure.gravatar.com\/avatar\/0a937b7500cd7df77540cfb8bede877d?s=96&d=mm&r=g\",\"caption\":\"Adriana Rabelo\"},\"url\":\"https:\/\/franciscanos.org.br\/noticias\/author\/adrianarabelo\"}]}<\/script>\n<!-- \/ Yoast SEO plugin. -->","yoast_head_json":{"title":"O mundo necessita de esperan\u00e7a! A morte jamais ser\u00e1 vitoriosa - Not\u00edcias - Franciscanos","robots":{"index":"index","follow":"follow","max-snippet":"max-snippet:-1","max-image-preview":"max-image-preview:large","max-video-preview":"max-video-preview:-1"},"canonical":"https:\/\/franciscanos.org.br\/noticias\/o-mundo-necessita-de-esperanca-a-morte-jamais-sera-vitoriosa.html","og_locale":"pt_BR","og_type":"article","og_title":"O mundo necessita de esperan\u00e7a! A morte jamais ser\u00e1 vitoriosa - Not\u00edcias - Franciscanos","og_description":"Audi\u00eancia Geral - Papa Francisco","og_url":"https:\/\/franciscanos.org.br\/noticias\/o-mundo-necessita-de-esperanca-a-morte-jamais-sera-vitoriosa.html","og_site_name":"Not\u00edcias - Franciscanos","article_published_time":"2024-05-08T12:38:32+00:00","article_modified_time":"2024-05-09T14:17:01+00:00","og_image":[{"width":750,"height":422,"url":"https:\/\/franciscanos.org.br\/noticias\/wp-content\/uploads\/2024\/05\/AUDIENCIA-PLENARIA-08.05.jpeg","type":"image\/jpeg"}],"author":"Adriana Rabelo","twitter_card":"summary_large_image","twitter_misc":{"Escrito por":"Adriana Rabelo","Est. tempo de leitura":"5 minutos"},"schema":{"@context":"https:\/\/schema.org","@graph":[{"@type":"WebSite","@id":"https:\/\/franciscanos.org.br\/noticias\/#website","url":"https:\/\/franciscanos.org.br\/noticias\/","name":"Not\u00edcias - Franciscanos","description":"Prov\u00edncia Franciscana da Imaculada Concei\u00e7\u00e3o do Brasil - Ordem dos Frades Menores - OFM","potentialAction":[{"@type":"SearchAction","target":{"@type":"EntryPoint","urlTemplate":"https:\/\/franciscanos.org.br\/noticias\/?s={search_term_string}"},"query-input":"required name=search_term_string"}],"inLanguage":"pt-BR"},{"@type":"ImageObject","inLanguage":"pt-BR","@id":"https:\/\/franciscanos.org.br\/noticias\/o-mundo-necessita-de-esperanca-a-morte-jamais-sera-vitoriosa.html#primaryimage","url":"https:\/\/franciscanos.org.br\/noticias\/wp-content\/uploads\/2024\/05\/AUDIENCIA-PLENARIA-08.05.jpeg","contentUrl":"https:\/\/franciscanos.org.br\/noticias\/wp-content\/uploads\/2024\/05\/AUDIENCIA-PLENARIA-08.05.jpeg","width":750,"height":422},{"@type":"WebPage","@id":"https:\/\/franciscanos.org.br\/noticias\/o-mundo-necessita-de-esperanca-a-morte-jamais-sera-vitoriosa.html#webpage","url":"https:\/\/franciscanos.org.br\/noticias\/o-mundo-necessita-de-esperanca-a-morte-jamais-sera-vitoriosa.html","name":"O mundo necessita de esperan\u00e7a! A morte jamais ser\u00e1 vitoriosa - Not\u00edcias - Franciscanos","isPartOf":{"@id":"https:\/\/franciscanos.org.br\/noticias\/#website"},"primaryImageOfPage":{"@id":"https:\/\/franciscanos.org.br\/noticias\/o-mundo-necessita-de-esperanca-a-morte-jamais-sera-vitoriosa.html#primaryimage"},"datePublished":"2024-05-08T12:38:32+00:00","dateModified":"2024-05-09T14:17:01+00:00","author":{"@id":"https:\/\/franciscanos.org.br\/noticias\/#\/schema\/person\/d9422e83121c3ad3b0f423d195f5bb25"},"breadcrumb":{"@id":"https:\/\/franciscanos.org.br\/noticias\/o-mundo-necessita-de-esperanca-a-morte-jamais-sera-vitoriosa.html#breadcrumb"},"inLanguage":"pt-BR","potentialAction":[{"@type":"ReadAction","target":["https:\/\/franciscanos.org.br\/noticias\/o-mundo-necessita-de-esperanca-a-morte-jamais-sera-vitoriosa.html"]}]},{"@type":"BreadcrumbList","@id":"https:\/\/franciscanos.org.br\/noticias\/o-mundo-necessita-de-esperanca-a-morte-jamais-sera-vitoriosa.html#breadcrumb","itemListElement":[{"@type":"ListItem","position":1,"name":"Home","item":"https:\/\/franciscanos.org.br\/noticias"},{"@type":"ListItem","position":2,"name":"O mundo necessita de esperan\u00e7a! A morte jamais ser\u00e1 vitoriosa"}]},{"@type":"Person","@id":"https:\/\/franciscanos.org.br\/noticias\/#\/schema\/person\/d9422e83121c3ad3b0f423d195f5bb25","name":"Adriana Rabelo","image":{"@type":"ImageObject","inLanguage":"pt-BR","@id":"https:\/\/franciscanos.org.br\/noticias\/#\/schema\/person\/image\/","url":"https:\/\/secure.gravatar.com\/avatar\/0a937b7500cd7df77540cfb8bede877d?s=96&d=mm&r=g","contentUrl":"https:\/\/secure.gravatar.com\/avatar\/0a937b7500cd7df77540cfb8bede877d?s=96&d=mm&r=g","caption":"Adriana Rabelo"},"url":"https:\/\/franciscanos.org.br\/noticias\/author\/adrianarabelo"}]}},"_links":{"self":[{"href":"https:\/\/franciscanos.org.br\/noticias\/wp-json\/wp\/v2\/posts\/247520"}],"collection":[{"href":"https:\/\/franciscanos.org.br\/noticias\/wp-json\/wp\/v2\/posts"}],"about":[{"href":"https:\/\/franciscanos.org.br\/noticias\/wp-json\/wp\/v2\/types\/post"}],"author":[{"embeddable":true,"href":"https:\/\/franciscanos.org.br\/noticias\/wp-json\/wp\/v2\/users\/11"}],"replies":[{"embeddable":true,"href":"https:\/\/franciscanos.org.br\/noticias\/wp-json\/wp\/v2\/comments?post=247520"}],"version-history":[{"count":6,"href":"https:\/\/franciscanos.org.br\/noticias\/wp-json\/wp\/v2\/posts\/247520\/revisions"}],"predecessor-version":[{"id":247537,"href":"https:\/\/franciscanos.org.br\/noticias\/wp-json\/wp\/v2\/posts\/247520\/revisions\/247537"}],"wp:featuredmedia":[{"embeddable":true,"href":"https:\/\/franciscanos.org.br\/noticias\/wp-json\/wp\/v2\/media\/247521"}],"wp:attachment":[{"href":"https:\/\/franciscanos.org.br\/noticias\/wp-json\/wp\/v2\/media?parent=247520"}],"wp:term":[{"taxonomy":"category","embeddable":true,"href":"https:\/\/franciscanos.org.br\/noticias\/wp-json\/wp\/v2\/categories?post=247520"},{"taxonomy":"post_tag","embeddable":true,"href":"https:\/\/franciscanos.org.br\/noticias\/wp-json\/wp\/v2\/tags?post=247520"}],"curies":[{"name":"wp","href":"https:\/\/api.w.org\/{rel}","templated":true}]}}