{"id":247512,"date":"2024-05-07T17:53:58","date_gmt":"2024-05-07T20:53:58","guid":{"rendered":"https:\/\/franciscanos.org.br\/noticias\/?p=247512"},"modified":"2024-05-08T15:48:06","modified_gmt":"2024-05-08T18:48:06","slug":"solidariedade-franciscana-chega-ao-rio-grande-do-sul","status":"publish","type":"post","link":"https:\/\/franciscanos.org.br\/noticias\/solidariedade-franciscana-chega-ao-rio-grande-do-sul.html","title":{"rendered":"Solidariedade franciscana chega ao Rio Grande do Sul"},"content":{"rendered":"<p><em>&#8220;[O Senhor] volva para ti o seu olhar e te d\u00ea a paz&#8221; (S\u00e3o Francisco de Assis, conforme Nm 6,26).<\/em><\/p>\n<p><img loading=\"lazy\" class=\"aligncenter wp-image-247513 size-full\" src=\"https:\/\/franciscanos.org.br\/noticias\/wp-content\/uploads\/2024\/05\/53706033244_1761b27929_o.webp\" alt=\"\" width=\"1170\" height=\"700\" srcset=\"https:\/\/franciscanos.org.br\/noticias\/wp-content\/uploads\/2024\/05\/53706033244_1761b27929_o.webp 1170w, https:\/\/franciscanos.org.br\/noticias\/wp-content\/uploads\/2024\/05\/53706033244_1761b27929_o-450x269.webp 450w, https:\/\/franciscanos.org.br\/noticias\/wp-content\/uploads\/2024\/05\/53706033244_1761b27929_o-1024x613.webp 1024w, https:\/\/franciscanos.org.br\/noticias\/wp-content\/uploads\/2024\/05\/53706033244_1761b27929_o-768x459.webp 768w, https:\/\/franciscanos.org.br\/noticias\/wp-content\/uploads\/2024\/05\/53706033244_1761b27929_o-150x90.webp 150w\" sizes=\"(max-width: 1170px) 100vw, 1170px\" \/><\/p>\n<p>As enchentes que assolam o Rio Grande do Sul j\u00e1 provocaram muita destrui\u00e7\u00e3o e morte de mais de 90 pessoas, de acordo com informa\u00e7\u00f5es da Ag\u00eancia Brasil do Governo Federal.<\/p>\n<p>Desde o \u00faltimo dia 29 de abril, as fortes chuvas pegaram de surpresa moradores de cidades que ainda n\u00e3o haviam sentido o drama desse tipo de cat\u00e1strofe, afetando 397 dos 497 munic\u00edpios ga\u00fachos. O n\u00famero de desaparecidos chega a 132 e mais de 360 pessoas est\u00e3o feridas.<\/p>\n<p>J\u00e1 s\u00e3o mais de 1,36 milh\u00e3o de pessoas afetadas, o que representa 12,55% dos habitantes do Estado que, de acordo com o \u00faltimo senso de 2022 do Instituto Brasileiro de Geografia e Estat\u00edstica (IBGE), somam 10,88 milh\u00f5es de habitantes.<\/p>\n<p>Ainda segundo informa\u00e7\u00f5es da Ag\u00eancia Brasil, o governo contabiliza 155.741 pessoas desalojadas, e 48.147 pessoas acolhidas temporariamente em abrigos. Foram 110 hospitais afetados pelas chuvas.<\/p>\n<p>\u201cEstamos com mais de 61 rodovias bloqueadas e a \u00e1gua est\u00e1 demorando a baixar, pois tudo depende dos ventos e das mar\u00e9s. O que nos preocupa ainda mais \u00e9 a chegada de uma frente fria e mais chuvas previstas para os pr\u00f3ximos dias\u201d, disse preocupado Dom Jaime Spengler, OFM, Arcebispo de Porto Alegre e presidente da Confer\u00eancia Nacional dos Bispos do Brasil (CNBB).<\/p>\n<p>Segundo ele, as \u00e1guas do Gua\u00edba, que des\u00e1guam na Lagoa dos Patos, est\u00e1 sendo um grande transtorno para a popula\u00e7\u00e3o da regi\u00e3o metropolitana de Porto Alegre.\u00a0 Para que fique mais claro, as bacias dos rios Taquari, Ca\u00ed, Pardo, Jacu\u00ed, Gravata\u00ed, Sinos des\u00e1guam no Gua\u00edba, na Capital, formando uma esp\u00e9cie de funil que ret\u00e9m as enchentes e atrapalha a sa\u00edda para o mar.<\/p>\n<p><strong>Uni\u00e3o e solidariedade<\/strong><\/p>\n<p>Diante desse triste cen\u00e1rio, a solidariedade de irm\u00e3os e irm\u00e3s brota de diferentes regi\u00f5es do pa\u00eds para levar um pouco de alento para aqueles que sofrem diante desta cat\u00e1strofe.<\/p>\n<p>De acordo com o arcebispo, os atos de solidariedade e amor ao pr\u00f3ximo chegam de v\u00e1rias localidades e diferente maneiras, como por meio do transporte de jet skis, canoas, doa\u00e7\u00f5es de alimentos, roupas, produtos de higiene pessoal e de limpeza, al\u00e9m de \u00e1gua port\u00e1vel que j\u00e1 est\u00e1 rara em muitas cidades. Mas, ele afirma que tudo ainda \u00e9 insuficiente diante da magnitude da situa\u00e7\u00e3o e do olhar para um futuro pr\u00f3ximo.<\/p>\n<p>\u201cNesse momento de convoca\u00e7\u00e3o do povo a resposta \u00e9 positiva e contundente. Mas, vamos precisar de mais ajuda, pois as cidades precisar\u00e3o de muito apoio para se reerguerem\u201d, salienta Dom Jaime.<\/p>\n<p>Quando perguntado sobre os alertas feitos por pesquisadores nos \u00faltimos anos dos risco de uma cat\u00e1strofe na regi\u00e3o Sul, Dom Jaime falou sobre as observa\u00e7\u00f5es que dever\u00e3o ser feitas no futuro. \u201c Em primeiro lugar est\u00e1 o povo e a necessidade de ajuda. A avalia\u00e7\u00e3o cr\u00edtica dever\u00e1 ser feita no futuro, pois tamb\u00e9m \u00e9 necess\u00e1ria\u201d, afirmou.<\/p>\n<p>\u201cTudo o que est\u00e1 acontecendo \u00e9 um grito da Casa Comum. A m\u00e3e Terra pede socorro, pois esses fen\u00f4menos est\u00e3o crescendo em todo o mundo. Homens e mulheres j\u00e1 debatem h\u00e1 anos e trazem dados que precisam ser considerados, dando a devida aten\u00e7\u00e3o\u201d, salientou o arcebispo.<\/p>\n<p><strong>Presen\u00e7a Franciscana<\/strong><\/p>\n<p>A Prov\u00edncia Franciscana da Imaculada Concei\u00e7\u00e3o do Brasil, por meio do envio de recursos financeiros destinados do Fundo para Caridade Fraterna, est\u00e1 auxiliando a Prov\u00edncia Franciscana de S\u00e3o Francisco de Assis<span style=\"text-decoration: line-through;\">,<\/span> no socorro aos habitantes do Rio Grande do Sul. A a\u00e7\u00e3o de solidariedade tamb\u00e9m envolve as demais entidades da Confer\u00eancia Franciscana do Brasil e Cone Sul (Argentina, Chile e Paraguai), num movimento da Ordem dos Frades Menores, com o objetivo de promover a caridade fraterna\u00a0 e assist\u00eancia aos atingidos pelos eventos clim\u00e1ticos, especialmente os mais necessitados. Os valores est\u00e3o sendo destinados \u00e0 Prov\u00edncia da regi\u00e3o Sul do pa\u00eds, que far\u00e1 o socorro \u00e0 popula\u00e7\u00e3o afetada pelas enchentes em nome da Ordem.<\/p>\n<p>Al\u00e9m dessa importante a\u00e7\u00e3o do Fundo para Caridade Fraterna, as fraternidades da Prov\u00edncia Franciscana da Imaculada Concei\u00e7\u00e3o do Brasil em Santa Catarina tamb\u00e9m est\u00e3o se mobilizando. Em Ituporanga, a Fraternidade Franciscana Santo Estev\u00e3o est\u00e1 coletando \u00e1gua, roupa, mantimentos e outros produtos. V\u00e1rias remessas j\u00e1 foram enviadas. A mesma a\u00e7\u00e3o est\u00e1 sendo realizada em Conc\u00f3rdia, na Fraternidade Franciscana Nossa Senhora do Ros\u00e1rio, assim como em outras fraternidades. Em Curitibanos, a R\u00e1dio Movimento e R\u00e1dio Coroado, est\u00e3o sendo espa\u00e7o de divulga\u00e7\u00e3o das campanhas de arrecada\u00e7\u00e3o de doa\u00e7\u00f5es.<\/p>\n<p>O envio de ajuda ao povo do Rio Grande do Sul, por meio da Prov\u00edncia Franciscana S\u00e3o Francisco de Assis, pode ser feito da seguinte forma:<\/p>\n<p>PIX:\u00a0<a href=\"mailto:icsfaprov@gmail.com\">icsfaprov@gmail.com<\/a><\/p>\n<p>Prov\u00edncia S\u00e3o Francisco de Assis no Brasil<\/p>\n<p><strong>Banco do Brasil<\/strong><\/p>\n<p>Ag\u00eancia:5882-3<\/p>\n<p>Conta corrente: 10.292X<\/p>\n<p>CNPJ: 35.332.968\/0001-08<\/p>\n<hr \/>\n<p>Texto: Adriana Rabelo<\/p>\n<p>Foto:Gustavo Mansur- Pal\u00e1cio Paratini<\/p>\n","protected":false},"excerpt":{"rendered":"<p>Enchentes no Rio Grande do Sul<\/p>\n","protected":false},"author":11,"featured_media":247513,"comment_status":"open","ping_status":"open","sticky":false,"template":"","format":"standard","meta":[],"categories":[1],"tags":[2146,2215,2214],"acf":[],"yoast_head":"<!-- This site is optimized with the Yoast SEO plugin v19.2 - https:\/\/yoast.com\/wordpress\/plugins\/seo\/ -->\n<title>Solidariedade franciscana chega ao Rio Grande do Sul - Not\u00edcias - Franciscanos<\/title>\n<meta name=\"robots\" content=\"index, follow, max-snippet:-1, max-image-preview:large, max-video-preview:-1\" \/>\n<link rel=\"canonical\" href=\"https:\/\/franciscanos.org.br\/noticias\/solidariedade-franciscana-chega-ao-rio-grande-do-sul.html\" \/>\n<meta property=\"og:locale\" content=\"pt_BR\" \/>\n<meta property=\"og:type\" content=\"article\" \/>\n<meta property=\"og:title\" content=\"Solidariedade franciscana chega ao Rio Grande do Sul - Not\u00edcias - Franciscanos\" \/>\n<meta property=\"og:description\" content=\"Enchentes no Rio Grande do Sul\" \/>\n<meta property=\"og:url\" content=\"https:\/\/franciscanos.org.br\/noticias\/solidariedade-franciscana-chega-ao-rio-grande-do-sul.html\" \/>\n<meta property=\"og:site_name\" content=\"Not\u00edcias - Franciscanos\" \/>\n<meta property=\"article:published_time\" content=\"2024-05-07T20:53:58+00:00\" \/>\n<meta property=\"article:modified_time\" content=\"2024-05-08T18:48:06+00:00\" \/>\n<meta property=\"og:image\" content=\"https:\/\/franciscanos.org.br\/noticias\/wp-content\/uploads\/2024\/05\/53706033244_1761b27929_o.webp\" \/>\n\t<meta property=\"og:image:width\" content=\"1170\" \/>\n\t<meta property=\"og:image:height\" content=\"700\" \/>\n\t<meta property=\"og:image:type\" content=\"image\/webp\" \/>\n<meta name=\"author\" content=\"Adriana Rabelo\" \/>\n<meta name=\"twitter:card\" content=\"summary_large_image\" \/>\n<meta name=\"twitter:label1\" content=\"Escrito por\" \/>\n\t<meta name=\"twitter:data1\" content=\"Adriana Rabelo\" \/>\n\t<meta name=\"twitter:label2\" content=\"Est. tempo de leitura\" \/>\n\t<meta name=\"twitter:data2\" content=\"4 minutos\" \/>\n<script type=\"application\/ld+json\" class=\"yoast-schema-graph\">{\"@context\":\"https:\/\/schema.org\",\"@graph\":[{\"@type\":\"WebSite\",\"@id\":\"https:\/\/franciscanos.org.br\/noticias\/#website\",\"url\":\"https:\/\/franciscanos.org.br\/noticias\/\",\"name\":\"Not\u00edcias - Franciscanos\",\"description\":\"Prov\u00edncia Franciscana da Imaculada Concei\u00e7\u00e3o do Brasil - Ordem dos Frades Menores - OFM\",\"potentialAction\":[{\"@type\":\"SearchAction\",\"target\":{\"@type\":\"EntryPoint\",\"urlTemplate\":\"https:\/\/franciscanos.org.br\/noticias\/?s={search_term_string}\"},\"query-input\":\"required name=search_term_string\"}],\"inLanguage\":\"pt-BR\"},{\"@type\":\"ImageObject\",\"inLanguage\":\"pt-BR\",\"@id\":\"https:\/\/franciscanos.org.br\/noticias\/solidariedade-franciscana-chega-ao-rio-grande-do-sul.html#primaryimage\",\"url\":\"https:\/\/franciscanos.org.br\/noticias\/wp-content\/uploads\/2024\/05\/53706033244_1761b27929_o.webp\",\"contentUrl\":\"https:\/\/franciscanos.org.br\/noticias\/wp-content\/uploads\/2024\/05\/53706033244_1761b27929_o.webp\",\"width\":1170,\"height\":700},{\"@type\":\"WebPage\",\"@id\":\"https:\/\/franciscanos.org.br\/noticias\/solidariedade-franciscana-chega-ao-rio-grande-do-sul.html#webpage\",\"url\":\"https:\/\/franciscanos.org.br\/noticias\/solidariedade-franciscana-chega-ao-rio-grande-do-sul.html\",\"name\":\"Solidariedade franciscana chega ao Rio Grande do Sul - Not\u00edcias - Franciscanos\",\"isPartOf\":{\"@id\":\"https:\/\/franciscanos.org.br\/noticias\/#website\"},\"primaryImageOfPage\":{\"@id\":\"https:\/\/franciscanos.org.br\/noticias\/solidariedade-franciscana-chega-ao-rio-grande-do-sul.html#primaryimage\"},\"datePublished\":\"2024-05-07T20:53:58+00:00\",\"dateModified\":\"2024-05-08T18:48:06+00:00\",\"author\":{\"@id\":\"https:\/\/franciscanos.org.br\/noticias\/#\/schema\/person\/d9422e83121c3ad3b0f423d195f5bb25\"},\"breadcrumb\":{\"@id\":\"https:\/\/franciscanos.org.br\/noticias\/solidariedade-franciscana-chega-ao-rio-grande-do-sul.html#breadcrumb\"},\"inLanguage\":\"pt-BR\",\"potentialAction\":[{\"@type\":\"ReadAction\",\"target\":[\"https:\/\/franciscanos.org.br\/noticias\/solidariedade-franciscana-chega-ao-rio-grande-do-sul.html\"]}]},{\"@type\":\"BreadcrumbList\",\"@id\":\"https:\/\/franciscanos.org.br\/noticias\/solidariedade-franciscana-chega-ao-rio-grande-do-sul.html#breadcrumb\",\"itemListElement\":[{\"@type\":\"ListItem\",\"position\":1,\"name\":\"Home\",\"item\":\"https:\/\/franciscanos.org.br\/noticias\"},{\"@type\":\"ListItem\",\"position\":2,\"name\":\"Solidariedade franciscana chega ao Rio Grande do Sul\"}]},{\"@type\":\"Person\",\"@id\":\"https:\/\/franciscanos.org.br\/noticias\/#\/schema\/person\/d9422e83121c3ad3b0f423d195f5bb25\",\"name\":\"Adriana Rabelo\",\"image\":{\"@type\":\"ImageObject\",\"inLanguage\":\"pt-BR\",\"@id\":\"https:\/\/franciscanos.org.br\/noticias\/#\/schema\/person\/image\/\",\"url\":\"https:\/\/secure.gravatar.com\/avatar\/0a937b7500cd7df77540cfb8bede877d?s=96&d=mm&r=g\",\"contentUrl\":\"https:\/\/secure.gravatar.com\/avatar\/0a937b7500cd7df77540cfb8bede877d?s=96&d=mm&r=g\",\"caption\":\"Adriana Rabelo\"},\"url\":\"https:\/\/franciscanos.org.br\/noticias\/author\/adrianarabelo\"}]}<\/script>\n<!-- \/ Yoast SEO plugin. -->","yoast_head_json":{"title":"Solidariedade franciscana chega ao Rio Grande do Sul - Not\u00edcias - Franciscanos","robots":{"index":"index","follow":"follow","max-snippet":"max-snippet:-1","max-image-preview":"max-image-preview:large","max-video-preview":"max-video-preview:-1"},"canonical":"https:\/\/franciscanos.org.br\/noticias\/solidariedade-franciscana-chega-ao-rio-grande-do-sul.html","og_locale":"pt_BR","og_type":"article","og_title":"Solidariedade franciscana chega ao Rio Grande do Sul - Not\u00edcias - Franciscanos","og_description":"Enchentes no Rio Grande do Sul","og_url":"https:\/\/franciscanos.org.br\/noticias\/solidariedade-franciscana-chega-ao-rio-grande-do-sul.html","og_site_name":"Not\u00edcias - Franciscanos","article_published_time":"2024-05-07T20:53:58+00:00","article_modified_time":"2024-05-08T18:48:06+00:00","og_image":[{"width":1170,"height":700,"url":"https:\/\/franciscanos.org.br\/noticias\/wp-content\/uploads\/2024\/05\/53706033244_1761b27929_o.webp","type":"image\/webp"}],"author":"Adriana Rabelo","twitter_card":"summary_large_image","twitter_misc":{"Escrito por":"Adriana Rabelo","Est. tempo de leitura":"4 minutos"},"schema":{"@context":"https:\/\/schema.org","@graph":[{"@type":"WebSite","@id":"https:\/\/franciscanos.org.br\/noticias\/#website","url":"https:\/\/franciscanos.org.br\/noticias\/","name":"Not\u00edcias - Franciscanos","description":"Prov\u00edncia Franciscana da Imaculada Concei\u00e7\u00e3o do Brasil - Ordem dos Frades Menores - OFM","potentialAction":[{"@type":"SearchAction","target":{"@type":"EntryPoint","urlTemplate":"https:\/\/franciscanos.org.br\/noticias\/?s={search_term_string}"},"query-input":"required name=search_term_string"}],"inLanguage":"pt-BR"},{"@type":"ImageObject","inLanguage":"pt-BR","@id":"https:\/\/franciscanos.org.br\/noticias\/solidariedade-franciscana-chega-ao-rio-grande-do-sul.html#primaryimage","url":"https:\/\/franciscanos.org.br\/noticias\/wp-content\/uploads\/2024\/05\/53706033244_1761b27929_o.webp","contentUrl":"https:\/\/franciscanos.org.br\/noticias\/wp-content\/uploads\/2024\/05\/53706033244_1761b27929_o.webp","width":1170,"height":700},{"@type":"WebPage","@id":"https:\/\/franciscanos.org.br\/noticias\/solidariedade-franciscana-chega-ao-rio-grande-do-sul.html#webpage","url":"https:\/\/franciscanos.org.br\/noticias\/solidariedade-franciscana-chega-ao-rio-grande-do-sul.html","name":"Solidariedade franciscana chega ao Rio Grande do Sul - Not\u00edcias - Franciscanos","isPartOf":{"@id":"https:\/\/franciscanos.org.br\/noticias\/#website"},"primaryImageOfPage":{"@id":"https:\/\/franciscanos.org.br\/noticias\/solidariedade-franciscana-chega-ao-rio-grande-do-sul.html#primaryimage"},"datePublished":"2024-05-07T20:53:58+00:00","dateModified":"2024-05-08T18:48:06+00:00","author":{"@id":"https:\/\/franciscanos.org.br\/noticias\/#\/schema\/person\/d9422e83121c3ad3b0f423d195f5bb25"},"breadcrumb":{"@id":"https:\/\/franciscanos.org.br\/noticias\/solidariedade-franciscana-chega-ao-rio-grande-do-sul.html#breadcrumb"},"inLanguage":"pt-BR","potentialAction":[{"@type":"ReadAction","target":["https:\/\/franciscanos.org.br\/noticias\/solidariedade-franciscana-chega-ao-rio-grande-do-sul.html"]}]},{"@type":"BreadcrumbList","@id":"https:\/\/franciscanos.org.br\/noticias\/solidariedade-franciscana-chega-ao-rio-grande-do-sul.html#breadcrumb","itemListElement":[{"@type":"ListItem","position":1,"name":"Home","item":"https:\/\/franciscanos.org.br\/noticias"},{"@type":"ListItem","position":2,"name":"Solidariedade franciscana chega ao Rio Grande do Sul"}]},{"@type":"Person","@id":"https:\/\/franciscanos.org.br\/noticias\/#\/schema\/person\/d9422e83121c3ad3b0f423d195f5bb25","name":"Adriana Rabelo","image":{"@type":"ImageObject","inLanguage":"pt-BR","@id":"https:\/\/franciscanos.org.br\/noticias\/#\/schema\/person\/image\/","url":"https:\/\/secure.gravatar.com\/avatar\/0a937b7500cd7df77540cfb8bede877d?s=96&d=mm&r=g","contentUrl":"https:\/\/secure.gravatar.com\/avatar\/0a937b7500cd7df77540cfb8bede877d?s=96&d=mm&r=g","caption":"Adriana Rabelo"},"url":"https:\/\/franciscanos.org.br\/noticias\/author\/adrianarabelo"}]}},"_links":{"self":[{"href":"https:\/\/franciscanos.org.br\/noticias\/wp-json\/wp\/v2\/posts\/247512"}],"collection":[{"href":"https:\/\/franciscanos.org.br\/noticias\/wp-json\/wp\/v2\/posts"}],"about":[{"href":"https:\/\/franciscanos.org.br\/noticias\/wp-json\/wp\/v2\/types\/post"}],"author":[{"embeddable":true,"href":"https:\/\/franciscanos.org.br\/noticias\/wp-json\/wp\/v2\/users\/11"}],"replies":[{"embeddable":true,"href":"https:\/\/franciscanos.org.br\/noticias\/wp-json\/wp\/v2\/comments?post=247512"}],"version-history":[{"count":10,"href":"https:\/\/franciscanos.org.br\/noticias\/wp-json\/wp\/v2\/posts\/247512\/revisions"}],"predecessor-version":[{"id":247530,"href":"https:\/\/franciscanos.org.br\/noticias\/wp-json\/wp\/v2\/posts\/247512\/revisions\/247530"}],"wp:featuredmedia":[{"embeddable":true,"href":"https:\/\/franciscanos.org.br\/noticias\/wp-json\/wp\/v2\/media\/247513"}],"wp:attachment":[{"href":"https:\/\/franciscanos.org.br\/noticias\/wp-json\/wp\/v2\/media?parent=247512"}],"wp:term":[{"taxonomy":"category","embeddable":true,"href":"https:\/\/franciscanos.org.br\/noticias\/wp-json\/wp\/v2\/categories?post=247512"},{"taxonomy":"post_tag","embeddable":true,"href":"https:\/\/franciscanos.org.br\/noticias\/wp-json\/wp\/v2\/tags?post=247512"}],"curies":[{"name":"wp","href":"https:\/\/api.w.org\/{rel}","templated":true}]}}