{"id":247481,"date":"2024-05-06T18:51:53","date_gmt":"2024-05-06T21:51:53","guid":{"rendered":"https:\/\/franciscanos.org.br\/noticias\/?p=247481"},"modified":"2024-05-09T05:22:09","modified_gmt":"2024-05-09T08:22:09","slug":"capitulo-geral-das-esteiras-marco-historico-para-provincia-franciscana-da-imaculada","status":"publish","type":"post","link":"https:\/\/franciscanos.org.br\/noticias\/capitulo-geral-das-esteiras-marco-historico-para-provincia-franciscana-da-imaculada.html","title":{"rendered":"Cap\u00edtulo Geral das Esteiras \u00e9 marco hist\u00f3rico para Prov\u00edncia Franciscana da Imaculada"},"content":{"rendered":"<p><img loading=\"lazy\" class=\"alignnone wp-image-247482 size-full\" src=\"https:\/\/franciscanos.org.br\/noticias\/wp-content\/uploads\/2024\/05\/CAPITULO-DAS-ESTEIRAS-OFICIAIS-1-scaled.jpg\" alt=\"\" width=\"1920\" height=\"1280\" srcset=\"https:\/\/franciscanos.org.br\/noticias\/wp-content\/uploads\/2024\/05\/CAPITULO-DAS-ESTEIRAS-OFICIAIS-1-scaled.jpg 1620w, https:\/\/franciscanos.org.br\/noticias\/wp-content\/uploads\/2024\/05\/CAPITULO-DAS-ESTEIRAS-OFICIAIS-1-450x300.jpg 450w, https:\/\/franciscanos.org.br\/noticias\/wp-content\/uploads\/2024\/05\/CAPITULO-DAS-ESTEIRAS-OFICIAIS-1-1024x683.jpg 1024w, https:\/\/franciscanos.org.br\/noticias\/wp-content\/uploads\/2024\/05\/CAPITULO-DAS-ESTEIRAS-OFICIAIS-1-768x512.jpg 768w, https:\/\/franciscanos.org.br\/noticias\/wp-content\/uploads\/2024\/05\/CAPITULO-DAS-ESTEIRAS-OFICIAIS-1-1536x1024.jpg 1536w, https:\/\/franciscanos.org.br\/noticias\/wp-content\/uploads\/2024\/05\/CAPITULO-DAS-ESTEIRAS-OFICIAIS-1-2048x1365.jpg 2048w, https:\/\/franciscanos.org.br\/noticias\/wp-content\/uploads\/2024\/05\/CAPITULO-DAS-ESTEIRAS-OFICIAIS-1-150x100.jpg 150w\" sizes=\"(max-width: 1920px) 100vw, 1920px\" \/><\/p>\n<p>Crescer em comunh\u00e3o a partir da troca de viv\u00eancias que convergem no despertar da capacidade de estabelecer conex\u00f5es para um projeto comum de voca\u00e7\u00e3o, miss\u00e3o e partilha. Com esse prop\u00f3sito foi realizado de 29 abril a 3 de maio, no Semin\u00e1rio Santo Ant\u00f4nio, na cidade de Agudos (SP), a etapa provincial do Cap\u00edtulo Geral das Esteiras.<\/p>\n<p>Durante 5 dias, 120 membros da Fam\u00edlia Franciscana, entre frades da Prov\u00edncia Franciscana da Imaculada Concei\u00e7\u00e3o do Brasil, religiosas, leigos da Ordem Franciscana Secular (OFS) e de outras frentes de evangeliza\u00e7\u00e3o, participaram de momentos profundos de reflex\u00e3o e debates sobre o fortalecimento da espiritualidade e o carisma franciscano.<\/p>\n<p>Neste momento hist\u00f3rico quest\u00f5es que envolvem a realidade das frentes de evangeliza\u00e7\u00e3o, assim como a forma\u00e7\u00e3o dos frades e a forma\u00e7\u00e3o cont\u00ednua; as condi\u00e7\u00f5es dos frades idosos e a presen\u00e7a dos jovens. Em todas as abordagens o foco estava no presente e nas expectativas para o futuro.<\/p>\n<p>A programa\u00e7\u00e3o teve como principal objetivo promover a sinodalidade, conforme orienta\u00e7\u00e3o do Ministro geral, Frei Massimo Fusarelli, que evidenciou a necessidade de um revigoramento da \u201ccapacidade efetiva de escutar, aprender e transformar, na itiner\u00e2ncia, a vontade, o cora\u00e7\u00e3o, a intelig\u00eancia e os p\u00e9s\u201d, ou seja o caminhar a partir da viv\u00eancia franciscana.<\/p>\n<p>Os mesmos aspectos foram refor\u00e7ados em um documento elaborado pela Comiss\u00e3o dos Centen\u00e1rios Franciscanos, que salienta \u201ca escuta rec\u00edproca, atenta, simp\u00e1tica, cultivada como uma verdadeira e pr\u00f3pria disciplina do esp\u00edrito, \u00e9 o estilo e a chave para o caminho sinodal que se abre diante de n\u00f3s\u201d. O Cap\u00edtulo proporcionou um espa\u00e7o de voz aos frades, \u00e0s religiosas e aos leigos. Da mesma forma a escuta tamb\u00e9m foi colocada em pr\u00e1tica. E isso foi verdadeiramente vivenciado por todos.<\/p>\n<p>\u201cParticipar dessa etapa do Cap\u00edtulo Geral das Esteiras foi um privil\u00e9gio porque fomos convidados para, junto com os frades, ouvir a voz do Esp\u00edrito, discernir e responder como franciscanos os clamores do mundo de hoje. Este convite nos deu oportunidade tamb\u00e9m de ajudar os franciscanos e a n\u00f3s mesmas a avaliar nossa pr\u00f3pria vida e miss\u00e3o com a Ordem Franciscana. Qual resposta e presen\u00e7a estamos sendo hoje, como mulheres consagradas?\u201d, questionou Irm\u00e3 Matilde Zonta, da Congrega\u00e7\u00e3o das Irm\u00e3s Catequistas Franciscanas.<\/p>\n<p>J\u00e1 Irm\u00e3 Vanessa Garrido, da Congrega\u00e7\u00e3o das Im\u00e3s Franciscanas da Imaculada Concei\u00e7\u00e3o, acredita que este \u00e9 um momento de revis\u00e3o da vida dos frades. \u201cParticipar desse momento que considero muito forte, deixou-me muito feliz, porque eles nos trouxeram para dentro da realidade do Cap\u00edtulo, que \u00e9 um momento de uni\u00e3o e de fortalecimento. Quando vemos que eles est\u00e3o fortalecidos, tamb\u00e9m nos sentimos fortalecidas na voca\u00e7\u00e3o e na miss\u00e3o, porque convivemos muito com os frades, mas falar da miss\u00e3o de uma\u00a0forma t\u00e3o transparente, como foi no Cap\u00edtulo, me deixa muito feliz\u201d, afirma.<\/p>\n<p><img loading=\"lazy\" class=\"aligncenter wp-image-247483 size-full\" src=\"https:\/\/franciscanos.org.br\/noticias\/wp-content\/uploads\/2024\/05\/CAPITULO-DAS-ESTEIRAS-OFICIAIS-3-scaled.jpg\" alt=\"\" width=\"1920\" height=\"1280\" srcset=\"https:\/\/franciscanos.org.br\/noticias\/wp-content\/uploads\/2024\/05\/CAPITULO-DAS-ESTEIRAS-OFICIAIS-3-scaled.jpg 1620w, https:\/\/franciscanos.org.br\/noticias\/wp-content\/uploads\/2024\/05\/CAPITULO-DAS-ESTEIRAS-OFICIAIS-3-450x300.jpg 450w, https:\/\/franciscanos.org.br\/noticias\/wp-content\/uploads\/2024\/05\/CAPITULO-DAS-ESTEIRAS-OFICIAIS-3-1024x683.jpg 1024w, https:\/\/franciscanos.org.br\/noticias\/wp-content\/uploads\/2024\/05\/CAPITULO-DAS-ESTEIRAS-OFICIAIS-3-768x512.jpg 768w, https:\/\/franciscanos.org.br\/noticias\/wp-content\/uploads\/2024\/05\/CAPITULO-DAS-ESTEIRAS-OFICIAIS-3-1536x1024.jpg 1536w, https:\/\/franciscanos.org.br\/noticias\/wp-content\/uploads\/2024\/05\/CAPITULO-DAS-ESTEIRAS-OFICIAIS-3-2048x1365.jpg 2048w, https:\/\/franciscanos.org.br\/noticias\/wp-content\/uploads\/2024\/05\/CAPITULO-DAS-ESTEIRAS-OFICIAIS-3-150x100.jpg 150w\" sizes=\"(max-width: 1920px) 100vw, 1920px\" \/><\/p>\n<p>\u201cPara mim foi uma oportunidade privilegiada porque vivemos um momento hist\u00f3rico de caminhada em conjunto. Quando a Primeira Ordem, Segunda Ordem e Terceira Ordem se disp\u00f5em a pensar juntos. Isso de fato \u00e9 a viv\u00eancia do carisma, pois \u00e9 viver a fraternidade. Pude experimentar a viv\u00eancia de que somos todos irm\u00e3os, pois n\u00e3o teve distin\u00e7\u00e3o, e tratamos uns aos outros como iguais com um se interessando pelo outro. Isso foi muito vivo e presente. A ideia de sinodalidade \u00e9 essa, o caminho de todos, ou seja, integralmente viver a espiritualidade franciscana\u201d, explicou George Luiz Cardoso, da OFS.<\/p>\n<p><img loading=\"lazy\" class=\"alignnone wp-image-247484 size-full\" src=\"https:\/\/franciscanos.org.br\/noticias\/wp-content\/uploads\/2024\/05\/CAPITULO-DAS-ESTEIRAS-OFICIAIS-4-scaled.jpg\" alt=\"\" width=\"1920\" height=\"1280\" srcset=\"https:\/\/franciscanos.org.br\/noticias\/wp-content\/uploads\/2024\/05\/CAPITULO-DAS-ESTEIRAS-OFICIAIS-4-scaled.jpg 1620w, https:\/\/franciscanos.org.br\/noticias\/wp-content\/uploads\/2024\/05\/CAPITULO-DAS-ESTEIRAS-OFICIAIS-4-450x300.jpg 450w, https:\/\/franciscanos.org.br\/noticias\/wp-content\/uploads\/2024\/05\/CAPITULO-DAS-ESTEIRAS-OFICIAIS-4-1024x683.jpg 1024w, https:\/\/franciscanos.org.br\/noticias\/wp-content\/uploads\/2024\/05\/CAPITULO-DAS-ESTEIRAS-OFICIAIS-4-768x512.jpg 768w, https:\/\/franciscanos.org.br\/noticias\/wp-content\/uploads\/2024\/05\/CAPITULO-DAS-ESTEIRAS-OFICIAIS-4-1536x1024.jpg 1536w, https:\/\/franciscanos.org.br\/noticias\/wp-content\/uploads\/2024\/05\/CAPITULO-DAS-ESTEIRAS-OFICIAIS-4-2048x1365.jpg 2048w, https:\/\/franciscanos.org.br\/noticias\/wp-content\/uploads\/2024\/05\/CAPITULO-DAS-ESTEIRAS-OFICIAIS-4-150x100.jpg 150w\" sizes=\"(max-width: 1920px) 100vw, 1920px\" \/><\/p>\n<p>No decorrer da etapa provincial do Cap\u00edtulo Geral das Esteiras foi poss\u00edvel constatar o fortalecimento de n\u00facleos que ajudaram a aprofundar na forma como os frades da Prov\u00edncia Franciscana da Imaculada Concei\u00e7\u00e3o veem suas a\u00e7\u00f5es e como observam os irm\u00e3os e irm\u00e3s que tamb\u00e9m fazem parte da Fam\u00edlia Franciscana. A estrutura da programa\u00e7\u00e3o foi liderada pelo Vig\u00e1rio provincial, Frei Gustavo Wayand Medella, Frei Diego Atalino de Melo e Frei Gabriel Dellandrea, com ajuda de outros frades.<\/p>\n<p>De acordo com Frei Diego, \u201co grande saldo positivo do Cap\u00edtulo Geral das Esteiras foi o da fraternidade. Poder se encontrar com irm\u00e3os e irm\u00e3s que comungam do mesmo carisma, da mesma proposta de vida, \u00e9, sem d\u00favida, algo que n\u00f3s esper\u00e1vamos ao preparar este momento. Agora percebemos que foi poss\u00edvel \u00e0 fraternidade a intera\u00e7\u00e3o, a troca de experi\u00eancias, a complementaridade\u201d, salientou.<\/p>\n<p><img loading=\"lazy\" class=\"alignright wp-image-247486 size-medium\" src=\"https:\/\/franciscanos.org.br\/noticias\/wp-content\/uploads\/2024\/05\/CAPITULO-DAS-ESTEIRAS-FREI-GUSTAVO-GABRIEL-E-DIEGO-4-300x450.jpg\" alt=\"\" width=\"300\" height=\"450\" srcset=\"https:\/\/franciscanos.org.br\/noticias\/wp-content\/uploads\/2024\/05\/CAPITULO-DAS-ESTEIRAS-FREI-GUSTAVO-GABRIEL-E-DIEGO-4-300x450.jpg 300w, https:\/\/franciscanos.org.br\/noticias\/wp-content\/uploads\/2024\/05\/CAPITULO-DAS-ESTEIRAS-FREI-GUSTAVO-GABRIEL-E-DIEGO-4-683x1024.jpg 683w, https:\/\/franciscanos.org.br\/noticias\/wp-content\/uploads\/2024\/05\/CAPITULO-DAS-ESTEIRAS-FREI-GUSTAVO-GABRIEL-E-DIEGO-4-768x1152.jpg 768w, https:\/\/franciscanos.org.br\/noticias\/wp-content\/uploads\/2024\/05\/CAPITULO-DAS-ESTEIRAS-FREI-GUSTAVO-GABRIEL-E-DIEGO-4-1024x1536.jpg 1024w, https:\/\/franciscanos.org.br\/noticias\/wp-content\/uploads\/2024\/05\/CAPITULO-DAS-ESTEIRAS-FREI-GUSTAVO-GABRIEL-E-DIEGO-4-1365x2048.jpg 1365w, https:\/\/franciscanos.org.br\/noticias\/wp-content\/uploads\/2024\/05\/CAPITULO-DAS-ESTEIRAS-FREI-GUSTAVO-GABRIEL-E-DIEGO-4-150x225.jpg 150w, https:\/\/franciscanos.org.br\/noticias\/wp-content\/uploads\/2024\/05\/CAPITULO-DAS-ESTEIRAS-FREI-GUSTAVO-GABRIEL-E-DIEGO-4-scaled.jpg 720w\" sizes=\"(max-width: 300px) 100vw, 300px\" \/><\/p>\n<p>O frade destacou ainda a alegria, a satisfa\u00e7\u00e3o dos leigos e leigas, das irm\u00e3s religiosas de vida ativa ou vida contemplativa ao se sentirem envolvidas no processo. \u201cN\u00e3o foi somente uma presen\u00e7a passiva, mas foi envolvente, pois todos puderam de fato opinar, deixar suas considera\u00e7\u00f5es, suas avalia\u00e7\u00f5es e as suas propostas. De tal modo conclu\u00edmos essa etapa Cap\u00edtulo Geral das Esteiras com o nosso cora\u00e7\u00e3o repleto de alegria e gratid\u00e3o a Deus, por suscitar no cora\u00e7\u00e3o de tantos irm\u00e3os e irm\u00e3s o desejo de serem tamb\u00e9m peregrinos da esperan\u00e7a. Que todos n\u00f3s, marcados por esse amor Ser\u00e1fico de S\u00e3o Francisco de Assis, possamos voltar \u00e0s nossas casas, cheios do desejo de continuar levando o carisma de S\u00e3o Francisco e Santa Clara\u201d, afirmou..<\/p>\n<p>Para o bom desempenho das a\u00e7\u00f5es propostas, foram desenvolvidas metodologias para que, a partir delas, fosse poss\u00edvel o levantamento de a\u00e7\u00f5es concretas que ser\u00e3o partilhadas no Cap\u00edtulo Geral das Esteiras, programado para 2025.<\/p>\n<p>\u201cPara um encontro como esse \u00e9 necess\u00e1ria uma metodologia, e a Ordem dos Frades Menores desenvolveu uma estrutura pr\u00f3pria para esse momento, que contou com partilhas de grupos, consultas \u00e0s fraternidades e reda\u00e7\u00e3o de documento final. Tudo isso foi poss\u00edvel gra\u00e7as tamb\u00e9m ao envolvimento de todos os participantes. Nos encontros em grupos todos levaram muito a s\u00e9rio a proposta, de modo que a partilha foi muito fecunda e o documento final agradou a todos, pois estavam empenhados num desejo de colaborar e crescer em comunh\u00e3o. Foi poss\u00edvel tamb\u00e9m estabelecer linhas de horizontes que n\u00f3s poderemos contemplar nos\u00a0 planos de evangeliza\u00e7\u00e3o, nas discuss\u00f5es da Ordem\u201d, ressaltou Frei Gabriel Dellandrea.<\/p>\n<p><img loading=\"lazy\" class=\"alignnone wp-image-247487 size-full\" src=\"https:\/\/franciscanos.org.br\/noticias\/wp-content\/uploads\/2024\/05\/CAPITULO-DAS-ESTEIRAS-FREI-GUSTAVO-GABRIEL-E-DIEGO-2-scaled.jpg\" alt=\"\" width=\"1920\" height=\"1280\" srcset=\"https:\/\/franciscanos.org.br\/noticias\/wp-content\/uploads\/2024\/05\/CAPITULO-DAS-ESTEIRAS-FREI-GUSTAVO-GABRIEL-E-DIEGO-2-scaled.jpg 1620w, https:\/\/franciscanos.org.br\/noticias\/wp-content\/uploads\/2024\/05\/CAPITULO-DAS-ESTEIRAS-FREI-GUSTAVO-GABRIEL-E-DIEGO-2-450x300.jpg 450w, https:\/\/franciscanos.org.br\/noticias\/wp-content\/uploads\/2024\/05\/CAPITULO-DAS-ESTEIRAS-FREI-GUSTAVO-GABRIEL-E-DIEGO-2-1024x683.jpg 1024w, https:\/\/franciscanos.org.br\/noticias\/wp-content\/uploads\/2024\/05\/CAPITULO-DAS-ESTEIRAS-FREI-GUSTAVO-GABRIEL-E-DIEGO-2-768x512.jpg 768w, https:\/\/franciscanos.org.br\/noticias\/wp-content\/uploads\/2024\/05\/CAPITULO-DAS-ESTEIRAS-FREI-GUSTAVO-GABRIEL-E-DIEGO-2-1536x1024.jpg 1536w, https:\/\/franciscanos.org.br\/noticias\/wp-content\/uploads\/2024\/05\/CAPITULO-DAS-ESTEIRAS-FREI-GUSTAVO-GABRIEL-E-DIEGO-2-2048x1365.jpg 2048w, https:\/\/franciscanos.org.br\/noticias\/wp-content\/uploads\/2024\/05\/CAPITULO-DAS-ESTEIRAS-FREI-GUSTAVO-GABRIEL-E-DIEGO-2-150x100.jpg 150w\" sizes=\"(max-width: 1920px) 100vw, 1920px\" \/><\/p>\n<p>O frade falou sobre o grande desejo de proporcionar ainda mais momentos de encontros com a Fam\u00edlia Franciscana. Projetos em comum como os de evangeliza\u00e7\u00e3o, pensados numa pastoral de conjunto, num encontro ainda mais fraterno. \u201cPapa Francisco pode ficar tranquilo com os nossos resultados, pois nesta etapa provincial do Cap\u00edtulo das Esteiras a sinodalidade tomou forma. N\u00e3o somos perfeitos, mas certamente estamos incentivados por esse grande pastor que temos\u201d.<\/p>\n<p>Caminhando para o encerramento das atividades, eram n\u00edtidas a satisfa\u00e7\u00e3o e a alegria dos participantes. E aquela sensa\u00e7\u00e3o de miss\u00e3o cumprida estava ainda mais viva nas palavras dos frades envolvidos com a organiza\u00e7\u00e3o. \u201cTenho o cora\u00e7\u00e3o cheio de alegria e gratid\u00e3o, tanto a n\u00edvel pessoal como religioso franciscano. Sinto-me revigorado, animado em perceber que h\u00e1 tantos irm\u00e3os e irm\u00e3s vibrando na mesma sintonia, buscando o mesmo ideal como filho, como parte da Prov\u00edncia Franciscana da Imaculada Concei\u00e7\u00e3o do Brasil. Sinto tamb\u00e9m uma alegria muito grande de perceber estes passos hist\u00f3rico da nossa Prov\u00edncia, em abrir se para acolher, ouvir e aprender com as vozes diversas e ricas da nossa fam\u00edlia franciscana as irm\u00e3s religiosas de vida ativa e contemplativa, os irm\u00e3os e irm\u00e3s da Ordem Franciscana Secular e as lideran\u00e7as de nossas presen\u00e7as evangelizadoras. Temos muito a aprender com todos eles e queremos continuar aprendendo\u201d, enfatizou Frei Gustavo.<\/p>\n<p>O Vig\u00e1rio provincial salientou sua felicidade em perceber o quanto a proposta de<br \/>\nS\u00e3o Francisco de Assis segue apaixonante e mobilizadora. \u201cSaio com o cora\u00e7\u00e3o apaixonado, convicto de que S\u00e3o Francisco de Assis vive e continua sendo importante luz para guiar os nossos passos no seguimento de Nosso Senhor Jesus Cristo. O que fica, ent\u00e3o, \u00e9 a satisfa\u00e7\u00e3o, a alegria, o contentamento e a gratid\u00e3o por estes dias vividos aqui em Agudos, em nossa etapa provincial do Cap\u00edtulo das Esteiras\u201d, finalizou.<\/p>\n<p><img loading=\"lazy\" class=\"wp-image-247505 size-medium alignright\" src=\"https:\/\/franciscanos.org.br\/noticias\/wp-content\/uploads\/2024\/05\/FREI-PAULO-1-300x450.jpg\" alt=\"\" width=\"300\" height=\"450\" srcset=\"https:\/\/franciscanos.org.br\/noticias\/wp-content\/uploads\/2024\/05\/FREI-PAULO-1-300x450.jpg 300w, https:\/\/franciscanos.org.br\/noticias\/wp-content\/uploads\/2024\/05\/FREI-PAULO-1-683x1024.jpg 683w, https:\/\/franciscanos.org.br\/noticias\/wp-content\/uploads\/2024\/05\/FREI-PAULO-1-768x1152.jpg 768w, https:\/\/franciscanos.org.br\/noticias\/wp-content\/uploads\/2024\/05\/FREI-PAULO-1-1024x1536.jpg 1024w, https:\/\/franciscanos.org.br\/noticias\/wp-content\/uploads\/2024\/05\/FREI-PAULO-1-1365x2048.jpg 1365w, https:\/\/franciscanos.org.br\/noticias\/wp-content\/uploads\/2024\/05\/FREI-PAULO-1-150x225.jpg 150w, https:\/\/franciscanos.org.br\/noticias\/wp-content\/uploads\/2024\/05\/FREI-PAULO-1-scaled.jpg 720w\" sizes=\"(max-width: 300px) 100vw, 300px\" \/><\/p>\n<p>As conclus\u00f5es das propostas concretas de atividades, de acordo com \u00e1reas tem\u00e1ticas, foram acompanhadas pelos diferentes facilitadores das Ordens, e os resultados foram apresentados no \u00faltimo dia do Cap\u00edtulo, nos per\u00edodos da manh\u00e3 e tarde. O momento foi marcado pela fala dos participantes e das lideran\u00e7as dos grupos, que abordaram e apresentaram as reflex\u00f5es, a partir dos seguintes t\u00f3picos: anima\u00e7\u00e3o vocacional e forma\u00e7\u00e3o inicial e permanente; vida de f\u00e9 dos frades; identidade carism\u00e1tica, a partir da Regra Bulada; papel dos frades na Igreja e no mundo; frades e a ecologia integral; estruturas de organiza\u00e7\u00e3o; economia e uso dos bens; experi\u00eancia sinodal; rela\u00e7\u00e3o com a CFFB (Confer\u00eancia da Fam\u00edlia Franciscana do Brasil); novas formas de evangeliza\u00e7\u00e3o (Igreja em sa\u00edda e convers\u00e3o mission\u00e1ria).<\/p>\n<p>No \u00faltimo momento de ora\u00e7\u00e3o do per\u00edodo da noite, o Ministro provincial, Frei Paulo Roberto Pereira, referiu-se \u00e0s religiosas e aos demais leigos presentes como um \u201cJardim de Deus\u201d, e solicitou que uma representante de cada congrega\u00e7\u00e3o e de entidades presente fosse \u00e0 frente do altar, para que todos pudessem conhecer a diversidade dos participantes.<\/p>\n<p>Estavam as irm\u00e3s Clarissas, as Concepcionistas, uma irm\u00e3 da Sagrada Fam\u00edlia de Maria, as Catequistas Franciscanas, as Franciscanas da Imaculada Concei\u00e7\u00e3o, uma Franciscana de Siessen, uma Franciscana do Cora\u00e7\u00e3o de Maria, uma Franciscana de S\u00e3o Jos\u00e9, uma Franciscana da Beata Angelina, uma Franciscana de Santa Maria dos Anjos, uma Franciscana do Amparo, as Franciscanas de Ingolstadt e uma irm\u00e3 da Pequena Fam\u00edlia Franciscana.<\/p>\n<p>Durante o evento, al\u00e9m das irm\u00e3s cerca de 30 membros da Ordem Franciscana Secular (OFS), entre homens e mulheres, compuseram o grande grupo representante das par\u00f3quias confiadas \u00e0 Prov\u00edncia e das institui\u00e7\u00f5es de ensino e cultura como o Instituto Teol\u00f3gico Franciscano (ITF), a Universidade S\u00e3o Francisco (USF), a Associa\u00e7\u00e3o Bom Jesus e tamb\u00e9m da Editora Vozes.<\/p>\n<p>Segundo o Provincial, \u201cessas pessoas trazem S\u00e3o Francisco na alma, no cora\u00e7\u00e3o\u201d. Ele ainda agradeceu a Frei Ademir Sanquetti, guardi\u00e3o do Semin\u00e1rio Santo Ant\u00f4nio pela acolhida e participa\u00e7\u00e3o no encontro e aos demais frades da fraternidade.<\/p>\n<p>\u201cNum jardim de Deus bem florido, com pessoas dispostas a transformar o mundo, transmitir valores e deixar a Terra melhor depois da nossa passagem por aqui, depois de tudo que vivemos nos \u00faltimos dias, nossa miss\u00e3o \u00e9 encher o mundo de paz e bem. J\u00e1 foram vistos outros encontros em Agudos, mas n\u00e3o com uma diversidade t\u00e3o grande como essa\u201d, salientou o Frei Paulo, que concedeu ent\u00e3o a palavra a Frei Ademir. \u201cEm nome da nossa fraternidade, agrade\u00e7o a todos que est\u00e3o aqui, pois voc\u00eas ajudaram essa casa que j\u00e1 \u00e9 um jardim de Deus se tornar um para\u00edso\u201d, disse o guardi\u00e3o.<\/p>\n<p><img loading=\"lazy\" class=\"alignnone wp-image-247495 size-full\" src=\"https:\/\/franciscanos.org.br\/noticias\/wp-content\/uploads\/2024\/05\/WhatsApp-Image-2024-05-01-at-01.27.24-2.jpeg\" alt=\"\" width=\"1156\" height=\"650\" srcset=\"https:\/\/franciscanos.org.br\/noticias\/wp-content\/uploads\/2024\/05\/WhatsApp-Image-2024-05-01-at-01.27.24-2.jpeg 1156w, https:\/\/franciscanos.org.br\/noticias\/wp-content\/uploads\/2024\/05\/WhatsApp-Image-2024-05-01-at-01.27.24-2-450x253.jpeg 450w, https:\/\/franciscanos.org.br\/noticias\/wp-content\/uploads\/2024\/05\/WhatsApp-Image-2024-05-01-at-01.27.24-2-1024x576.jpeg 1024w, https:\/\/franciscanos.org.br\/noticias\/wp-content\/uploads\/2024\/05\/WhatsApp-Image-2024-05-01-at-01.27.24-2-768x432.jpeg 768w, https:\/\/franciscanos.org.br\/noticias\/wp-content\/uploads\/2024\/05\/WhatsApp-Image-2024-05-01-at-01.27.24-2-150x84.jpeg 150w\" sizes=\"(max-width: 1156px) 100vw, 1156px\" \/><\/p>\n<p>No encerramento, Ministro provincial convidou todos \u00e0 ora\u00e7\u00e3o final e ressaltou o quanto \u00e9 importante o encontro especial com Deus. Ele pediu a todos que estendessem as m\u00e3os uns sobre os outros, e disse: \u201cA Fam\u00edlia Franciscana, em \u00edntima comunh\u00e3o, recordou o grande dom que \u00e9 a nossa voca\u00e7\u00e3o, dom que dividimos com as pessoas com as quais convivemos. Vamos rezar uns pelos outros, lembrando das nossas fraternidades, das nossas fam\u00edlias, da nossa miss\u00e3o. E onde quer que estejamos, sejamos sinais do Evangelho de Nosso Senhor Jesus Cristo. Sejamos sinais do amor privilegiado por servir todas as criaturas em especial os pobres.<\/p>\n<p>O Provincial ainda pediu aos participantes do encontro que, \u201cao encerrarem as atividades dessa etapa local do Cap\u00edtulo Geral das Esteiras, todos fossem instrumentos da b\u00ean\u00e7\u00e3o do Senhor onde Ele nos levar, e os aben\u00e7oou: \u201cPor intercess\u00e3o de S\u00e3o Francisco, Santa Clara, Santa Beatriz e Santo Ant\u00f4nio, al\u00e9m de todos os companheiros e companheiras franciscanas que passaram por essa Terra fazendo o bem e do c\u00e9u intercedem por n\u00f3s, o Senhor nos aben\u00e7oe e nos guarde. Que Ele nos mostre a sua face e tenha miseric\u00f3rdia de n\u00f3s. Que volte para n\u00f3s o seu olhar e nos d\u00ea a sua gra\u00e7a e a sua b\u00ean\u00e7\u00e3o. Am\u00e9m!\u201d, concluiu.<\/p>\n<p><img loading=\"lazy\" class=\"aligncenter wp-image-247506 size-full\" src=\"https:\/\/franciscanos.org.br\/noticias\/wp-content\/uploads\/2024\/05\/FREI-PAULO-2-scaled.jpg\" alt=\"\" width=\"1920\" height=\"1280\" srcset=\"https:\/\/franciscanos.org.br\/noticias\/wp-content\/uploads\/2024\/05\/FREI-PAULO-2-scaled.jpg 1620w, https:\/\/franciscanos.org.br\/noticias\/wp-content\/uploads\/2024\/05\/FREI-PAULO-2-450x300.jpg 450w, https:\/\/franciscanos.org.br\/noticias\/wp-content\/uploads\/2024\/05\/FREI-PAULO-2-1024x683.jpg 1024w, https:\/\/franciscanos.org.br\/noticias\/wp-content\/uploads\/2024\/05\/FREI-PAULO-2-768x512.jpg 768w, https:\/\/franciscanos.org.br\/noticias\/wp-content\/uploads\/2024\/05\/FREI-PAULO-2-1536x1024.jpg 1536w, https:\/\/franciscanos.org.br\/noticias\/wp-content\/uploads\/2024\/05\/FREI-PAULO-2-2048x1365.jpg 2048w, https:\/\/franciscanos.org.br\/noticias\/wp-content\/uploads\/2024\/05\/FREI-PAULO-2-150x100.jpg 150w\" sizes=\"(max-width: 1920px) 100vw, 1920px\" \/><\/p>\n<hr \/>\n<p><em>Adriana Rabelo<\/em><\/p>\n\n\t\t<style type=\"text\/css\">\n\t\t\t#gallery-1 {\n\t\t\t\tmargin: auto;\n\t\t\t}\n\t\t\t#gallery-1 .gallery-item {\n\t\t\t\tfloat: left;\n\t\t\t\tmargin-top: 10px;\n\t\t\t\ttext-align: center;\n\t\t\t\twidth: 25%;\n\t\t\t}\n\t\t\t#gallery-1 img {\n\t\t\t\tborder: 2px solid #cfcfcf;\n\t\t\t}\n\t\t\t#gallery-1 .gallery-caption {\n\t\t\t\tmargin-left: 0;\n\t\t\t}\n\t\t\t\/* see gallery_shortcode() in wp-includes\/media.php *\/\n\t\t<\/style>\n\t\t<div id='gallery-1' class='gallery galleryid-247481 gallery-columns-4 gallery-size-thumbnail'><dl class='gallery-item'>\n\t\t\t<dt class='gallery-icon portrait'>\n\t\t\t\t<a href='https:\/\/franciscanos.org.br\/noticias\/wp-content\/uploads\/2024\/05\/WhatsApp-Image-2024-05-01-at-01.27.27-3.jpeg'><img width=\"300\" height=\"300\" src=\"https:\/\/franciscanos.org.br\/noticias\/wp-content\/uploads\/2024\/05\/WhatsApp-Image-2024-05-01-at-01.27.27-3-300x300.jpeg\" class=\"attachment-thumbnail size-thumbnail\" alt=\"\" loading=\"lazy\" srcset=\"https:\/\/franciscanos.org.br\/noticias\/wp-content\/uploads\/2024\/05\/WhatsApp-Image-2024-05-01-at-01.27.27-3-300x300.jpeg 300w, https:\/\/franciscanos.org.br\/noticias\/wp-content\/uploads\/2024\/05\/WhatsApp-Image-2024-05-01-at-01.27.27-3-100x100.jpeg 100w\" sizes=\"(max-width: 300px) 100vw, 300px\" \/><\/a>\n\t\t\t<\/dt><\/dl><dl class='gallery-item'>\n\t\t\t<dt class='gallery-icon landscape'>\n\t\t\t\t<a href='https:\/\/franciscanos.org.br\/noticias\/wp-content\/uploads\/2024\/05\/WhatsApp-Image-2024-05-03-at-05.18.29-4-1.jpeg'><img width=\"300\" height=\"300\" src=\"https:\/\/franciscanos.org.br\/noticias\/wp-content\/uploads\/2024\/05\/WhatsApp-Image-2024-05-03-at-05.18.29-4-1-300x300.jpeg\" class=\"attachment-thumbnail size-thumbnail\" alt=\"\" loading=\"lazy\" srcset=\"https:\/\/franciscanos.org.br\/noticias\/wp-content\/uploads\/2024\/05\/WhatsApp-Image-2024-05-03-at-05.18.29-4-1-300x300.jpeg 300w, https:\/\/franciscanos.org.br\/noticias\/wp-content\/uploads\/2024\/05\/WhatsApp-Image-2024-05-03-at-05.18.29-4-1-100x100.jpeg 100w\" sizes=\"(max-width: 300px) 100vw, 300px\" \/><\/a>\n\t\t\t<\/dt><\/dl><dl class='gallery-item'>\n\t\t\t<dt class='gallery-icon portrait'>\n\t\t\t\t<a href='https:\/\/franciscanos.org.br\/noticias\/wp-content\/uploads\/2024\/05\/IMG_20240430_084945-scaled.jpg'><img width=\"300\" height=\"300\" src=\"https:\/\/franciscanos.org.br\/noticias\/wp-content\/uploads\/2024\/05\/IMG_20240430_084945-300x300.jpg\" class=\"attachment-thumbnail size-thumbnail\" alt=\"\" loading=\"lazy\" srcset=\"https:\/\/franciscanos.org.br\/noticias\/wp-content\/uploads\/2024\/05\/IMG_20240430_084945-300x300.jpg 300w, https:\/\/franciscanos.org.br\/noticias\/wp-content\/uploads\/2024\/05\/IMG_20240430_084945-100x100.jpg 100w\" sizes=\"(max-width: 300px) 100vw, 300px\" \/><\/a>\n\t\t\t<\/dt><\/dl><dl class='gallery-item'>\n\t\t\t<dt class='gallery-icon landscape'>\n\t\t\t\t<a href='https:\/\/franciscanos.org.br\/noticias\/wp-content\/uploads\/2024\/05\/IMG_20240430_084657-scaled.jpg'><img width=\"300\" height=\"300\" src=\"https:\/\/franciscanos.org.br\/noticias\/wp-content\/uploads\/2024\/05\/IMG_20240430_084657-300x300.jpg\" class=\"attachment-thumbnail size-thumbnail\" alt=\"\" loading=\"lazy\" srcset=\"https:\/\/franciscanos.org.br\/noticias\/wp-content\/uploads\/2024\/05\/IMG_20240430_084657-300x300.jpg 300w, https:\/\/franciscanos.org.br\/noticias\/wp-content\/uploads\/2024\/05\/IMG_20240430_084657-100x100.jpg 100w\" sizes=\"(max-width: 300px) 100vw, 300px\" \/><\/a>\n\t\t\t<\/dt><\/dl><br style=\"clear: both\" \/>\n\t\t<\/div>\n\n","protected":false},"excerpt":{"rendered":"<p>Etapa provincial Cap\u00edtulo das Esteiras<\/p>\n","protected":false},"author":11,"featured_media":247488,"comment_status":"open","ping_status":"open","sticky":false,"template":"","format":"standard","meta":[],"categories":[1],"tags":[1265],"acf":[],"yoast_head":"<!-- This site is optimized with the Yoast SEO plugin v19.2 - https:\/\/yoast.com\/wordpress\/plugins\/seo\/ -->\n<title>Cap\u00edtulo Geral das Esteiras \u00e9 marco hist\u00f3rico para Prov\u00edncia Franciscana da Imaculada - Not\u00edcias - Franciscanos<\/title>\n<meta name=\"robots\" content=\"index, follow, max-snippet:-1, max-image-preview:large, max-video-preview:-1\" \/>\n<link rel=\"canonical\" href=\"https:\/\/franciscanos.org.br\/noticias\/capitulo-geral-das-esteiras-marco-historico-para-provincia-franciscana-da-imaculada.html\" \/>\n<meta property=\"og:locale\" content=\"pt_BR\" \/>\n<meta property=\"og:type\" content=\"article\" \/>\n<meta property=\"og:title\" content=\"Cap\u00edtulo Geral das Esteiras \u00e9 marco hist\u00f3rico para Prov\u00edncia Franciscana da Imaculada - Not\u00edcias - Franciscanos\" \/>\n<meta property=\"og:description\" content=\"Etapa provincial Cap\u00edtulo das Esteiras\" \/>\n<meta property=\"og:url\" content=\"https:\/\/franciscanos.org.br\/noticias\/capitulo-geral-das-esteiras-marco-historico-para-provincia-franciscana-da-imaculada.html\" \/>\n<meta property=\"og:site_name\" content=\"Not\u00edcias - Franciscanos\" \/>\n<meta property=\"article:published_time\" content=\"2024-05-06T21:51:53+00:00\" \/>\n<meta property=\"article:modified_time\" content=\"2024-05-09T08:22:09+00:00\" \/>\n<meta property=\"og:image\" content=\"https:\/\/franciscanos.org.br\/noticias\/wp-content\/uploads\/2024\/05\/CAPITULO-DAS-ESTEIRAS-OFICIAIS-1-1-scaled.jpg\" \/>\n\t<meta property=\"og:image:width\" content=\"1620\" \/>\n\t<meta property=\"og:image:height\" content=\"1080\" \/>\n\t<meta property=\"og:image:type\" content=\"image\/jpeg\" \/>\n<meta name=\"author\" content=\"Adriana Rabelo\" \/>\n<meta name=\"twitter:card\" content=\"summary_large_image\" \/>\n<meta name=\"twitter:label1\" content=\"Escrito por\" \/>\n\t<meta name=\"twitter:data1\" content=\"Adriana Rabelo\" \/>\n\t<meta name=\"twitter:label2\" content=\"Est. tempo de leitura\" \/>\n\t<meta name=\"twitter:data2\" content=\"11 minutos\" \/>\n<script type=\"application\/ld+json\" class=\"yoast-schema-graph\">{\"@context\":\"https:\/\/schema.org\",\"@graph\":[{\"@type\":\"WebSite\",\"@id\":\"https:\/\/franciscanos.org.br\/noticias\/#website\",\"url\":\"https:\/\/franciscanos.org.br\/noticias\/\",\"name\":\"Not\u00edcias - Franciscanos\",\"description\":\"Prov\u00edncia Franciscana da Imaculada Concei\u00e7\u00e3o do Brasil - Ordem dos Frades Menores - OFM\",\"potentialAction\":[{\"@type\":\"SearchAction\",\"target\":{\"@type\":\"EntryPoint\",\"urlTemplate\":\"https:\/\/franciscanos.org.br\/noticias\/?s={search_term_string}\"},\"query-input\":\"required name=search_term_string\"}],\"inLanguage\":\"pt-BR\"},{\"@type\":\"ImageObject\",\"inLanguage\":\"pt-BR\",\"@id\":\"https:\/\/franciscanos.org.br\/noticias\/capitulo-geral-das-esteiras-marco-historico-para-provincia-franciscana-da-imaculada.html#primaryimage\",\"url\":\"https:\/\/franciscanos.org.br\/noticias\/wp-content\/uploads\/2024\/05\/CAPITULO-DAS-ESTEIRAS-OFICIAIS-1-1-scaled.jpg\",\"contentUrl\":\"https:\/\/franciscanos.org.br\/noticias\/wp-content\/uploads\/2024\/05\/CAPITULO-DAS-ESTEIRAS-OFICIAIS-1-1-scaled.jpg\",\"width\":1620,\"height\":1080},{\"@type\":\"WebPage\",\"@id\":\"https:\/\/franciscanos.org.br\/noticias\/capitulo-geral-das-esteiras-marco-historico-para-provincia-franciscana-da-imaculada.html#webpage\",\"url\":\"https:\/\/franciscanos.org.br\/noticias\/capitulo-geral-das-esteiras-marco-historico-para-provincia-franciscana-da-imaculada.html\",\"name\":\"Cap\u00edtulo Geral das Esteiras \u00e9 marco hist\u00f3rico para Prov\u00edncia Franciscana da Imaculada - Not\u00edcias - Franciscanos\",\"isPartOf\":{\"@id\":\"https:\/\/franciscanos.org.br\/noticias\/#website\"},\"primaryImageOfPage\":{\"@id\":\"https:\/\/franciscanos.org.br\/noticias\/capitulo-geral-das-esteiras-marco-historico-para-provincia-franciscana-da-imaculada.html#primaryimage\"},\"datePublished\":\"2024-05-06T21:51:53+00:00\",\"dateModified\":\"2024-05-09T08:22:09+00:00\",\"author\":{\"@id\":\"https:\/\/franciscanos.org.br\/noticias\/#\/schema\/person\/d9422e83121c3ad3b0f423d195f5bb25\"},\"breadcrumb\":{\"@id\":\"https:\/\/franciscanos.org.br\/noticias\/capitulo-geral-das-esteiras-marco-historico-para-provincia-franciscana-da-imaculada.html#breadcrumb\"},\"inLanguage\":\"pt-BR\",\"potentialAction\":[{\"@type\":\"ReadAction\",\"target\":[\"https:\/\/franciscanos.org.br\/noticias\/capitulo-geral-das-esteiras-marco-historico-para-provincia-franciscana-da-imaculada.html\"]}]},{\"@type\":\"BreadcrumbList\",\"@id\":\"https:\/\/franciscanos.org.br\/noticias\/capitulo-geral-das-esteiras-marco-historico-para-provincia-franciscana-da-imaculada.html#breadcrumb\",\"itemListElement\":[{\"@type\":\"ListItem\",\"position\":1,\"name\":\"Home\",\"item\":\"https:\/\/franciscanos.org.br\/noticias\"},{\"@type\":\"ListItem\",\"position\":2,\"name\":\"Cap\u00edtulo Geral das Esteiras \u00e9 marco hist\u00f3rico para Prov\u00edncia Franciscana da Imaculada\"}]},{\"@type\":\"Person\",\"@id\":\"https:\/\/franciscanos.org.br\/noticias\/#\/schema\/person\/d9422e83121c3ad3b0f423d195f5bb25\",\"name\":\"Adriana Rabelo\",\"image\":{\"@type\":\"ImageObject\",\"inLanguage\":\"pt-BR\",\"@id\":\"https:\/\/franciscanos.org.br\/noticias\/#\/schema\/person\/image\/\",\"url\":\"https:\/\/secure.gravatar.com\/avatar\/0a937b7500cd7df77540cfb8bede877d?s=96&d=mm&r=g\",\"contentUrl\":\"https:\/\/secure.gravatar.com\/avatar\/0a937b7500cd7df77540cfb8bede877d?s=96&d=mm&r=g\",\"caption\":\"Adriana Rabelo\"},\"url\":\"https:\/\/franciscanos.org.br\/noticias\/author\/adrianarabelo\"}]}<\/script>\n<!-- \/ Yoast SEO plugin. -->","yoast_head_json":{"title":"Cap\u00edtulo Geral das Esteiras \u00e9 marco hist\u00f3rico para Prov\u00edncia Franciscana da Imaculada - Not\u00edcias - Franciscanos","robots":{"index":"index","follow":"follow","max-snippet":"max-snippet:-1","max-image-preview":"max-image-preview:large","max-video-preview":"max-video-preview:-1"},"canonical":"https:\/\/franciscanos.org.br\/noticias\/capitulo-geral-das-esteiras-marco-historico-para-provincia-franciscana-da-imaculada.html","og_locale":"pt_BR","og_type":"article","og_title":"Cap\u00edtulo Geral das Esteiras \u00e9 marco hist\u00f3rico para Prov\u00edncia Franciscana da Imaculada - Not\u00edcias - Franciscanos","og_description":"Etapa provincial Cap\u00edtulo das Esteiras","og_url":"https:\/\/franciscanos.org.br\/noticias\/capitulo-geral-das-esteiras-marco-historico-para-provincia-franciscana-da-imaculada.html","og_site_name":"Not\u00edcias - Franciscanos","article_published_time":"2024-05-06T21:51:53+00:00","article_modified_time":"2024-05-09T08:22:09+00:00","og_image":[{"width":1620,"height":1080,"url":"https:\/\/franciscanos.org.br\/noticias\/wp-content\/uploads\/2024\/05\/CAPITULO-DAS-ESTEIRAS-OFICIAIS-1-1-scaled.jpg","type":"image\/jpeg"}],"author":"Adriana Rabelo","twitter_card":"summary_large_image","twitter_misc":{"Escrito por":"Adriana Rabelo","Est. tempo de leitura":"11 minutos"},"schema":{"@context":"https:\/\/schema.org","@graph":[{"@type":"WebSite","@id":"https:\/\/franciscanos.org.br\/noticias\/#website","url":"https:\/\/franciscanos.org.br\/noticias\/","name":"Not\u00edcias - Franciscanos","description":"Prov\u00edncia Franciscana da Imaculada Concei\u00e7\u00e3o do Brasil - Ordem dos Frades Menores - OFM","potentialAction":[{"@type":"SearchAction","target":{"@type":"EntryPoint","urlTemplate":"https:\/\/franciscanos.org.br\/noticias\/?s={search_term_string}"},"query-input":"required name=search_term_string"}],"inLanguage":"pt-BR"},{"@type":"ImageObject","inLanguage":"pt-BR","@id":"https:\/\/franciscanos.org.br\/noticias\/capitulo-geral-das-esteiras-marco-historico-para-provincia-franciscana-da-imaculada.html#primaryimage","url":"https:\/\/franciscanos.org.br\/noticias\/wp-content\/uploads\/2024\/05\/CAPITULO-DAS-ESTEIRAS-OFICIAIS-1-1-scaled.jpg","contentUrl":"https:\/\/franciscanos.org.br\/noticias\/wp-content\/uploads\/2024\/05\/CAPITULO-DAS-ESTEIRAS-OFICIAIS-1-1-scaled.jpg","width":1620,"height":1080},{"@type":"WebPage","@id":"https:\/\/franciscanos.org.br\/noticias\/capitulo-geral-das-esteiras-marco-historico-para-provincia-franciscana-da-imaculada.html#webpage","url":"https:\/\/franciscanos.org.br\/noticias\/capitulo-geral-das-esteiras-marco-historico-para-provincia-franciscana-da-imaculada.html","name":"Cap\u00edtulo Geral das Esteiras \u00e9 marco hist\u00f3rico para Prov\u00edncia Franciscana da Imaculada - Not\u00edcias - Franciscanos","isPartOf":{"@id":"https:\/\/franciscanos.org.br\/noticias\/#website"},"primaryImageOfPage":{"@id":"https:\/\/franciscanos.org.br\/noticias\/capitulo-geral-das-esteiras-marco-historico-para-provincia-franciscana-da-imaculada.html#primaryimage"},"datePublished":"2024-05-06T21:51:53+00:00","dateModified":"2024-05-09T08:22:09+00:00","author":{"@id":"https:\/\/franciscanos.org.br\/noticias\/#\/schema\/person\/d9422e83121c3ad3b0f423d195f5bb25"},"breadcrumb":{"@id":"https:\/\/franciscanos.org.br\/noticias\/capitulo-geral-das-esteiras-marco-historico-para-provincia-franciscana-da-imaculada.html#breadcrumb"},"inLanguage":"pt-BR","potentialAction":[{"@type":"ReadAction","target":["https:\/\/franciscanos.org.br\/noticias\/capitulo-geral-das-esteiras-marco-historico-para-provincia-franciscana-da-imaculada.html"]}]},{"@type":"BreadcrumbList","@id":"https:\/\/franciscanos.org.br\/noticias\/capitulo-geral-das-esteiras-marco-historico-para-provincia-franciscana-da-imaculada.html#breadcrumb","itemListElement":[{"@type":"ListItem","position":1,"name":"Home","item":"https:\/\/franciscanos.org.br\/noticias"},{"@type":"ListItem","position":2,"name":"Cap\u00edtulo Geral das Esteiras \u00e9 marco hist\u00f3rico para Prov\u00edncia Franciscana da Imaculada"}]},{"@type":"Person","@id":"https:\/\/franciscanos.org.br\/noticias\/#\/schema\/person\/d9422e83121c3ad3b0f423d195f5bb25","name":"Adriana Rabelo","image":{"@type":"ImageObject","inLanguage":"pt-BR","@id":"https:\/\/franciscanos.org.br\/noticias\/#\/schema\/person\/image\/","url":"https:\/\/secure.gravatar.com\/avatar\/0a937b7500cd7df77540cfb8bede877d?s=96&d=mm&r=g","contentUrl":"https:\/\/secure.gravatar.com\/avatar\/0a937b7500cd7df77540cfb8bede877d?s=96&d=mm&r=g","caption":"Adriana Rabelo"},"url":"https:\/\/franciscanos.org.br\/noticias\/author\/adrianarabelo"}]}},"_links":{"self":[{"href":"https:\/\/franciscanos.org.br\/noticias\/wp-json\/wp\/v2\/posts\/247481"}],"collection":[{"href":"https:\/\/franciscanos.org.br\/noticias\/wp-json\/wp\/v2\/posts"}],"about":[{"href":"https:\/\/franciscanos.org.br\/noticias\/wp-json\/wp\/v2\/types\/post"}],"author":[{"embeddable":true,"href":"https:\/\/franciscanos.org.br\/noticias\/wp-json\/wp\/v2\/users\/11"}],"replies":[{"embeddable":true,"href":"https:\/\/franciscanos.org.br\/noticias\/wp-json\/wp\/v2\/comments?post=247481"}],"version-history":[{"count":13,"href":"https:\/\/franciscanos.org.br\/noticias\/wp-json\/wp\/v2\/posts\/247481\/revisions"}],"predecessor-version":[{"id":247535,"href":"https:\/\/franciscanos.org.br\/noticias\/wp-json\/wp\/v2\/posts\/247481\/revisions\/247535"}],"wp:featuredmedia":[{"embeddable":true,"href":"https:\/\/franciscanos.org.br\/noticias\/wp-json\/wp\/v2\/media\/247488"}],"wp:attachment":[{"href":"https:\/\/franciscanos.org.br\/noticias\/wp-json\/wp\/v2\/media?parent=247481"}],"wp:term":[{"taxonomy":"category","embeddable":true,"href":"https:\/\/franciscanos.org.br\/noticias\/wp-json\/wp\/v2\/categories?post=247481"},{"taxonomy":"post_tag","embeddable":true,"href":"https:\/\/franciscanos.org.br\/noticias\/wp-json\/wp\/v2\/tags?post=247481"}],"curies":[{"name":"wp","href":"https:\/\/api.w.org\/{rel}","templated":true}]}}