{"id":247471,"date":"2024-05-02T22:20:30","date_gmt":"2024-05-03T01:20:30","guid":{"rendered":"https:\/\/franciscanos.org.br\/noticias\/?p=247471"},"modified":"2024-05-03T11:41:07","modified_gmt":"2024-05-03T14:41:07","slug":"capitulo-geral-da-esteiras-e-o-movimento-sinodal-com-foco-no-presente-e-no-futuro-franciscano","status":"publish","type":"post","link":"https:\/\/franciscanos.org.br\/noticias\/capitulo-geral-da-esteiras-e-o-movimento-sinodal-com-foco-no-presente-e-no-futuro-franciscano.html","title":{"rendered":"Cap\u00edtulo Geral das Esteiras e o movimento sinodal com foco no presente e no futuro franciscano"},"content":{"rendered":"<p><img loading=\"lazy\" class=\"aligncenter wp-image-247472 size-full\" src=\"https:\/\/franciscanos.org.br\/noticias\/wp-content\/uploads\/2024\/05\/WhatsApp-Image-2024-05-03-at-05.18.29-4.jpeg\" alt=\"\" width=\"1156\" height=\"650\" srcset=\"https:\/\/franciscanos.org.br\/noticias\/wp-content\/uploads\/2024\/05\/WhatsApp-Image-2024-05-03-at-05.18.29-4.jpeg 1156w, https:\/\/franciscanos.org.br\/noticias\/wp-content\/uploads\/2024\/05\/WhatsApp-Image-2024-05-03-at-05.18.29-4-450x253.jpeg 450w, https:\/\/franciscanos.org.br\/noticias\/wp-content\/uploads\/2024\/05\/WhatsApp-Image-2024-05-03-at-05.18.29-4-1024x576.jpeg 1024w, https:\/\/franciscanos.org.br\/noticias\/wp-content\/uploads\/2024\/05\/WhatsApp-Image-2024-05-03-at-05.18.29-4-768x432.jpeg 768w, https:\/\/franciscanos.org.br\/noticias\/wp-content\/uploads\/2024\/05\/WhatsApp-Image-2024-05-03-at-05.18.29-4-150x84.jpeg 150w\" sizes=\"(max-width: 1156px) 100vw, 1156px\" \/><\/p>\n<p>No dia de S\u00e3o Jos\u00e9 Oper\u00e1rio, 1\u00ba de maio, a messe era grande na etapa provincial do Cap\u00edtulo Geral das Esteiras, e os \u201coper\u00e1rios\u201d, representados pelos frades, leigos, leigas e religiosas estavam dispostos a viver intensamente o carisma e a espiritualidade franciscana.<\/p>\n<p>Logo pela manh\u00e3, todos acompanharam a Santa Missa que, na ocasi\u00e3o, foi celebrada pelo Frei Olivo Marafon, da Fraternidade Franciscana S\u00e3o Francisco, localizada em Chopinzinho (PR).<\/p>\n<p>\u201cEntre o povo de Deus, S\u00e3o Jos\u00e9 tem um espa\u00e7o muito grande, pois \u00e9 um importante exemplo para n\u00f3s. Ele \u00e9 o patrono da boa vida e da boa morte. Boa vida porque conviveu com o Senhor do c\u00e9u da Terra, cuidou e educou o filho de Deus. E foi patrono da boa morte porque faleceu na companhia de nossa m\u00e3e Maria Sant\u00edssima e seu filho Jesus, Nosso Senhor Jesus Cristo\u201d.<\/p>\n<p>O frade explicou que pelo fato de S\u00e3o Jos\u00e9 ter sido fiel aos des\u00edgnios do Pai, ele \u00e9 t\u00e3o invocado pelo povo. \u201cO grande ensinamento de S\u00e3o Jos\u00e9 foi que, al\u00e9m de educador do Menino Jesus, serviu a Deus. Hoje, dia do trabalhador, vemos tantas realidades que ainda nos incomodam e mostram que o trabalho \u00e9 um instrumento que vai al\u00e9m da possibilidade de adquirir bens, pois \u00e9 um instrumento de gra\u00e7a, por isso S\u00e3o Jos\u00e9 \u00e9 nosso protetor, pois temos esse servo de Deus em nossa vida\u201d, salientou.<\/p>\n<p>Inspirados em S\u00e3o Jos\u00e9, os 120 participantes do Cap\u00edtulo Geral das Esteiras, tiveram um dia intenso. Logo ap\u00f3s a celebra\u00e7\u00e3o todos foram para uma das salas usadas para o evento, onde receberam orienta\u00e7\u00f5es do Frei Gabriel Dellandrea para uma din\u00e2mica de troca de experi\u00eancias entre todos. A proposta foi abordar diferentes aspectos que envolvem a realidade das fraternidades, como forma\u00e7\u00e3o, anima\u00e7\u00e3o vocacional, atividades com os jovens franciscanos, cuidados com os frades idosos, com o objetivo de apontar sugest\u00f5es e gerar reflex\u00f5es para a elabora\u00e7\u00e3o de um documento que ser\u00e1 enviado para o Cap\u00edtulo Geral das Esteiras 2025, como colabora\u00e7\u00e3o da Prov\u00edncia Franciscana da Imaculada Concei\u00e7\u00e3o do Brasil.<img loading=\"lazy\" class=\"size-medium wp-image-247473 alignright\" src=\"https:\/\/franciscanos.org.br\/noticias\/wp-content\/uploads\/2024\/05\/WhatsApp-Image-2024-05-03-at-05.18.28-2-253x450.jpeg\" alt=\"\" width=\"253\" height=\"450\" srcset=\"https:\/\/franciscanos.org.br\/noticias\/wp-content\/uploads\/2024\/05\/WhatsApp-Image-2024-05-03-at-05.18.28-2-253x450.jpeg 253w, https:\/\/franciscanos.org.br\/noticias\/wp-content\/uploads\/2024\/05\/WhatsApp-Image-2024-05-03-at-05.18.28-2-576x1024.jpeg 576w, https:\/\/franciscanos.org.br\/noticias\/wp-content\/uploads\/2024\/05\/WhatsApp-Image-2024-05-03-at-05.18.28-2-150x267.jpeg 150w, https:\/\/franciscanos.org.br\/noticias\/wp-content\/uploads\/2024\/05\/WhatsApp-Image-2024-05-03-at-05.18.28-2.jpeg 650w\" sizes=\"(max-width: 253px) 100vw, 253px\" \/><\/p>\n<p>Durante a atividade as religiosas, frades e leigos foram estimulados a circular entre os grupos conduzidos por um facilitador, que ficaram espalhados em diferentes salas do semin\u00e1rio. Os 13 grupos criados tinham como l\u00edderes representantes das tr\u00eas Ordens Franciscana envolvidas (I, II e III Ordens) e demais leigos presentes.\u00a0 Como numa dan\u00e7a na qual o mais importante era promover a troca de conhecimentos e a valoriza\u00e7\u00e3o da presen\u00e7a de todos, os grupos apontaram importantes contribui\u00e7\u00f5es para o futuro da presen\u00e7a franciscana e da Prov\u00edncia.<\/p>\n<p>A quarta-feira tamb\u00e9m foi marcada pela primeira reuni\u00e3o dos guardi\u00e3es durante o Cap\u00edtulo. Enquanto os grupos tiveram parte do per\u00edodo da tarde livre uma visita pelo Semin\u00e1rio Santo Ant\u00f4nio, as lideran\u00e7as das fraternidades vinculadas \u00e0 Prov\u00edncia debateram sobre como: \u201cRecordar e reavivar nossa identidade de irm\u00e3os menores, que se encarna na capacidade efetiva de escutar, aprender e transformar, na itiner\u00e2ncia da vontade, o cora\u00e7\u00e3o, a intelig\u00eancia e os p\u00e9s\u201d, conforme orienta\u00e7\u00e3o do Ministro geral, Frei Massimo Fusarelli e o Ministro provincial, Frei Paulo Roberto Pereira.<\/p>\n<p>Os guardi\u00e3es e coordenadores das fraternidades puderam refletir sobre quest\u00f5es importantes que envolvem a renova\u00e7\u00e3o da vis\u00e3o para os tempos atuais e futuros da identidade franciscana, o caminhar segundo um estilo, al\u00e9m dos melhores meios para olhar para o presente e abra\u00e7ar o futuro da Prov\u00edncia.<\/p>\n<p>Enquanto os guardi\u00e3es estavam reunidos, os demais participantes do evento visitaram os espa\u00e7os hist\u00f3ricos do semin\u00e1rio, como os museus, o cemit\u00e9rio e a \u00e1rea de lazer acompanhados pelo Frei Lad\u00ed Antoniazzi. O dia foi encerrado por um momento de ora\u00e7\u00e3o e o jantar.<\/p>\n<p><img loading=\"lazy\" class=\"aligncenter wp-image-247476 size-full\" src=\"https:\/\/franciscanos.org.br\/noticias\/wp-content\/uploads\/2024\/05\/WhatsApp-Image-2024-05-03-at-05.18.27-1.jpeg\" alt=\"\" width=\"1280\" height=\"718\" srcset=\"https:\/\/franciscanos.org.br\/noticias\/wp-content\/uploads\/2024\/05\/WhatsApp-Image-2024-05-03-at-05.18.27-1.jpeg 1280w, https:\/\/franciscanos.org.br\/noticias\/wp-content\/uploads\/2024\/05\/WhatsApp-Image-2024-05-03-at-05.18.27-1-450x252.jpeg 450w, https:\/\/franciscanos.org.br\/noticias\/wp-content\/uploads\/2024\/05\/WhatsApp-Image-2024-05-03-at-05.18.27-1-1024x574.jpeg 1024w, https:\/\/franciscanos.org.br\/noticias\/wp-content\/uploads\/2024\/05\/WhatsApp-Image-2024-05-03-at-05.18.27-1-768x431.jpeg 768w, https:\/\/franciscanos.org.br\/noticias\/wp-content\/uploads\/2024\/05\/WhatsApp-Image-2024-05-03-at-05.18.27-1-150x84.jpeg 150w\" sizes=\"(max-width: 1280px) 100vw, 1280px\" \/><\/p>\n<hr \/>\n<p><em>Adriana Rabelo<\/em><\/p>\n<p>&nbsp;<\/p>\n","protected":false},"excerpt":{"rendered":"<p>Cap\u00edtulo Geral das Esteiras- Etapa Provincial<\/p>\n","protected":false},"author":11,"featured_media":247474,"comment_status":"open","ping_status":"open","sticky":false,"template":"","format":"standard","meta":[],"categories":[1],"tags":[483,1265],"acf":[],"yoast_head":"<!-- This site is optimized with the Yoast SEO plugin v19.2 - https:\/\/yoast.com\/wordpress\/plugins\/seo\/ -->\n<title>Cap\u00edtulo Geral das Esteiras e o movimento sinodal com foco no presente e no futuro franciscano - Not\u00edcias - Franciscanos<\/title>\n<meta name=\"robots\" content=\"index, follow, max-snippet:-1, max-image-preview:large, max-video-preview:-1\" \/>\n<link rel=\"canonical\" href=\"https:\/\/franciscanos.org.br\/noticias\/capitulo-geral-da-esteiras-e-o-movimento-sinodal-com-foco-no-presente-e-no-futuro-franciscano.html\" \/>\n<meta property=\"og:locale\" content=\"pt_BR\" \/>\n<meta property=\"og:type\" content=\"article\" \/>\n<meta property=\"og:title\" content=\"Cap\u00edtulo Geral das Esteiras e o movimento sinodal com foco no presente e no futuro franciscano - Not\u00edcias - Franciscanos\" \/>\n<meta property=\"og:description\" content=\"Cap\u00edtulo Geral das Esteiras- Etapa Provincial\" \/>\n<meta property=\"og:url\" content=\"https:\/\/franciscanos.org.br\/noticias\/capitulo-geral-da-esteiras-e-o-movimento-sinodal-com-foco-no-presente-e-no-futuro-franciscano.html\" \/>\n<meta property=\"og:site_name\" content=\"Not\u00edcias - Franciscanos\" \/>\n<meta property=\"article:published_time\" content=\"2024-05-03T01:20:30+00:00\" \/>\n<meta property=\"article:modified_time\" content=\"2024-05-03T14:41:07+00:00\" \/>\n<meta property=\"og:image\" content=\"https:\/\/franciscanos.org.br\/noticias\/wp-content\/uploads\/2024\/05\/WhatsApp-Image-2024-05-03-at-05.18.29.jpeg\" \/>\n\t<meta property=\"og:image:width\" content=\"1156\" \/>\n\t<meta property=\"og:image:height\" content=\"650\" \/>\n\t<meta property=\"og:image:type\" content=\"image\/jpeg\" \/>\n<meta name=\"author\" content=\"Adriana Rabelo\" \/>\n<meta name=\"twitter:card\" content=\"summary_large_image\" \/>\n<meta name=\"twitter:label1\" content=\"Escrito por\" \/>\n\t<meta name=\"twitter:data1\" content=\"Adriana Rabelo\" \/>\n\t<meta name=\"twitter:label2\" content=\"Est. tempo de leitura\" \/>\n\t<meta name=\"twitter:data2\" content=\"3 minutos\" \/>\n<script type=\"application\/ld+json\" class=\"yoast-schema-graph\">{\"@context\":\"https:\/\/schema.org\",\"@graph\":[{\"@type\":\"WebSite\",\"@id\":\"https:\/\/franciscanos.org.br\/noticias\/#website\",\"url\":\"https:\/\/franciscanos.org.br\/noticias\/\",\"name\":\"Not\u00edcias - Franciscanos\",\"description\":\"Prov\u00edncia Franciscana da Imaculada Concei\u00e7\u00e3o do Brasil - Ordem dos Frades Menores - OFM\",\"potentialAction\":[{\"@type\":\"SearchAction\",\"target\":{\"@type\":\"EntryPoint\",\"urlTemplate\":\"https:\/\/franciscanos.org.br\/noticias\/?s={search_term_string}\"},\"query-input\":\"required name=search_term_string\"}],\"inLanguage\":\"pt-BR\"},{\"@type\":\"ImageObject\",\"inLanguage\":\"pt-BR\",\"@id\":\"https:\/\/franciscanos.org.br\/noticias\/capitulo-geral-da-esteiras-e-o-movimento-sinodal-com-foco-no-presente-e-no-futuro-franciscano.html#primaryimage\",\"url\":\"https:\/\/franciscanos.org.br\/noticias\/wp-content\/uploads\/2024\/05\/WhatsApp-Image-2024-05-03-at-05.18.29.jpeg\",\"contentUrl\":\"https:\/\/franciscanos.org.br\/noticias\/wp-content\/uploads\/2024\/05\/WhatsApp-Image-2024-05-03-at-05.18.29.jpeg\",\"width\":1156,\"height\":650},{\"@type\":\"WebPage\",\"@id\":\"https:\/\/franciscanos.org.br\/noticias\/capitulo-geral-da-esteiras-e-o-movimento-sinodal-com-foco-no-presente-e-no-futuro-franciscano.html#webpage\",\"url\":\"https:\/\/franciscanos.org.br\/noticias\/capitulo-geral-da-esteiras-e-o-movimento-sinodal-com-foco-no-presente-e-no-futuro-franciscano.html\",\"name\":\"Cap\u00edtulo Geral das Esteiras e o movimento sinodal com foco no presente e no futuro franciscano - Not\u00edcias - Franciscanos\",\"isPartOf\":{\"@id\":\"https:\/\/franciscanos.org.br\/noticias\/#website\"},\"primaryImageOfPage\":{\"@id\":\"https:\/\/franciscanos.org.br\/noticias\/capitulo-geral-da-esteiras-e-o-movimento-sinodal-com-foco-no-presente-e-no-futuro-franciscano.html#primaryimage\"},\"datePublished\":\"2024-05-03T01:20:30+00:00\",\"dateModified\":\"2024-05-03T14:41:07+00:00\",\"author\":{\"@id\":\"https:\/\/franciscanos.org.br\/noticias\/#\/schema\/person\/d9422e83121c3ad3b0f423d195f5bb25\"},\"breadcrumb\":{\"@id\":\"https:\/\/franciscanos.org.br\/noticias\/capitulo-geral-da-esteiras-e-o-movimento-sinodal-com-foco-no-presente-e-no-futuro-franciscano.html#breadcrumb\"},\"inLanguage\":\"pt-BR\",\"potentialAction\":[{\"@type\":\"ReadAction\",\"target\":[\"https:\/\/franciscanos.org.br\/noticias\/capitulo-geral-da-esteiras-e-o-movimento-sinodal-com-foco-no-presente-e-no-futuro-franciscano.html\"]}]},{\"@type\":\"BreadcrumbList\",\"@id\":\"https:\/\/franciscanos.org.br\/noticias\/capitulo-geral-da-esteiras-e-o-movimento-sinodal-com-foco-no-presente-e-no-futuro-franciscano.html#breadcrumb\",\"itemListElement\":[{\"@type\":\"ListItem\",\"position\":1,\"name\":\"Home\",\"item\":\"https:\/\/franciscanos.org.br\/noticias\"},{\"@type\":\"ListItem\",\"position\":2,\"name\":\"Cap\u00edtulo Geral das Esteiras e o movimento sinodal com foco no presente e no futuro franciscano\"}]},{\"@type\":\"Person\",\"@id\":\"https:\/\/franciscanos.org.br\/noticias\/#\/schema\/person\/d9422e83121c3ad3b0f423d195f5bb25\",\"name\":\"Adriana Rabelo\",\"image\":{\"@type\":\"ImageObject\",\"inLanguage\":\"pt-BR\",\"@id\":\"https:\/\/franciscanos.org.br\/noticias\/#\/schema\/person\/image\/\",\"url\":\"https:\/\/secure.gravatar.com\/avatar\/0a937b7500cd7df77540cfb8bede877d?s=96&d=mm&r=g\",\"contentUrl\":\"https:\/\/secure.gravatar.com\/avatar\/0a937b7500cd7df77540cfb8bede877d?s=96&d=mm&r=g\",\"caption\":\"Adriana Rabelo\"},\"url\":\"https:\/\/franciscanos.org.br\/noticias\/author\/adrianarabelo\"}]}<\/script>\n<!-- \/ Yoast SEO plugin. -->","yoast_head_json":{"title":"Cap\u00edtulo Geral das Esteiras e o movimento sinodal com foco no presente e no futuro franciscano - Not\u00edcias - Franciscanos","robots":{"index":"index","follow":"follow","max-snippet":"max-snippet:-1","max-image-preview":"max-image-preview:large","max-video-preview":"max-video-preview:-1"},"canonical":"https:\/\/franciscanos.org.br\/noticias\/capitulo-geral-da-esteiras-e-o-movimento-sinodal-com-foco-no-presente-e-no-futuro-franciscano.html","og_locale":"pt_BR","og_type":"article","og_title":"Cap\u00edtulo Geral das Esteiras e o movimento sinodal com foco no presente e no futuro franciscano - Not\u00edcias - Franciscanos","og_description":"Cap\u00edtulo Geral das Esteiras- Etapa Provincial","og_url":"https:\/\/franciscanos.org.br\/noticias\/capitulo-geral-da-esteiras-e-o-movimento-sinodal-com-foco-no-presente-e-no-futuro-franciscano.html","og_site_name":"Not\u00edcias - Franciscanos","article_published_time":"2024-05-03T01:20:30+00:00","article_modified_time":"2024-05-03T14:41:07+00:00","og_image":[{"width":1156,"height":650,"url":"https:\/\/franciscanos.org.br\/noticias\/wp-content\/uploads\/2024\/05\/WhatsApp-Image-2024-05-03-at-05.18.29.jpeg","type":"image\/jpeg"}],"author":"Adriana Rabelo","twitter_card":"summary_large_image","twitter_misc":{"Escrito por":"Adriana Rabelo","Est. tempo de leitura":"3 minutos"},"schema":{"@context":"https:\/\/schema.org","@graph":[{"@type":"WebSite","@id":"https:\/\/franciscanos.org.br\/noticias\/#website","url":"https:\/\/franciscanos.org.br\/noticias\/","name":"Not\u00edcias - Franciscanos","description":"Prov\u00edncia Franciscana da Imaculada Concei\u00e7\u00e3o do Brasil - Ordem dos Frades Menores - OFM","potentialAction":[{"@type":"SearchAction","target":{"@type":"EntryPoint","urlTemplate":"https:\/\/franciscanos.org.br\/noticias\/?s={search_term_string}"},"query-input":"required name=search_term_string"}],"inLanguage":"pt-BR"},{"@type":"ImageObject","inLanguage":"pt-BR","@id":"https:\/\/franciscanos.org.br\/noticias\/capitulo-geral-da-esteiras-e-o-movimento-sinodal-com-foco-no-presente-e-no-futuro-franciscano.html#primaryimage","url":"https:\/\/franciscanos.org.br\/noticias\/wp-content\/uploads\/2024\/05\/WhatsApp-Image-2024-05-03-at-05.18.29.jpeg","contentUrl":"https:\/\/franciscanos.org.br\/noticias\/wp-content\/uploads\/2024\/05\/WhatsApp-Image-2024-05-03-at-05.18.29.jpeg","width":1156,"height":650},{"@type":"WebPage","@id":"https:\/\/franciscanos.org.br\/noticias\/capitulo-geral-da-esteiras-e-o-movimento-sinodal-com-foco-no-presente-e-no-futuro-franciscano.html#webpage","url":"https:\/\/franciscanos.org.br\/noticias\/capitulo-geral-da-esteiras-e-o-movimento-sinodal-com-foco-no-presente-e-no-futuro-franciscano.html","name":"Cap\u00edtulo Geral das Esteiras e o movimento sinodal com foco no presente e no futuro franciscano - Not\u00edcias - Franciscanos","isPartOf":{"@id":"https:\/\/franciscanos.org.br\/noticias\/#website"},"primaryImageOfPage":{"@id":"https:\/\/franciscanos.org.br\/noticias\/capitulo-geral-da-esteiras-e-o-movimento-sinodal-com-foco-no-presente-e-no-futuro-franciscano.html#primaryimage"},"datePublished":"2024-05-03T01:20:30+00:00","dateModified":"2024-05-03T14:41:07+00:00","author":{"@id":"https:\/\/franciscanos.org.br\/noticias\/#\/schema\/person\/d9422e83121c3ad3b0f423d195f5bb25"},"breadcrumb":{"@id":"https:\/\/franciscanos.org.br\/noticias\/capitulo-geral-da-esteiras-e-o-movimento-sinodal-com-foco-no-presente-e-no-futuro-franciscano.html#breadcrumb"},"inLanguage":"pt-BR","potentialAction":[{"@type":"ReadAction","target":["https:\/\/franciscanos.org.br\/noticias\/capitulo-geral-da-esteiras-e-o-movimento-sinodal-com-foco-no-presente-e-no-futuro-franciscano.html"]}]},{"@type":"BreadcrumbList","@id":"https:\/\/franciscanos.org.br\/noticias\/capitulo-geral-da-esteiras-e-o-movimento-sinodal-com-foco-no-presente-e-no-futuro-franciscano.html#breadcrumb","itemListElement":[{"@type":"ListItem","position":1,"name":"Home","item":"https:\/\/franciscanos.org.br\/noticias"},{"@type":"ListItem","position":2,"name":"Cap\u00edtulo Geral das Esteiras e o movimento sinodal com foco no presente e no futuro franciscano"}]},{"@type":"Person","@id":"https:\/\/franciscanos.org.br\/noticias\/#\/schema\/person\/d9422e83121c3ad3b0f423d195f5bb25","name":"Adriana Rabelo","image":{"@type":"ImageObject","inLanguage":"pt-BR","@id":"https:\/\/franciscanos.org.br\/noticias\/#\/schema\/person\/image\/","url":"https:\/\/secure.gravatar.com\/avatar\/0a937b7500cd7df77540cfb8bede877d?s=96&d=mm&r=g","contentUrl":"https:\/\/secure.gravatar.com\/avatar\/0a937b7500cd7df77540cfb8bede877d?s=96&d=mm&r=g","caption":"Adriana Rabelo"},"url":"https:\/\/franciscanos.org.br\/noticias\/author\/adrianarabelo"}]}},"_links":{"self":[{"href":"https:\/\/franciscanos.org.br\/noticias\/wp-json\/wp\/v2\/posts\/247471"}],"collection":[{"href":"https:\/\/franciscanos.org.br\/noticias\/wp-json\/wp\/v2\/posts"}],"about":[{"href":"https:\/\/franciscanos.org.br\/noticias\/wp-json\/wp\/v2\/types\/post"}],"author":[{"embeddable":true,"href":"https:\/\/franciscanos.org.br\/noticias\/wp-json\/wp\/v2\/users\/11"}],"replies":[{"embeddable":true,"href":"https:\/\/franciscanos.org.br\/noticias\/wp-json\/wp\/v2\/comments?post=247471"}],"version-history":[{"count":5,"href":"https:\/\/franciscanos.org.br\/noticias\/wp-json\/wp\/v2\/posts\/247471\/revisions"}],"predecessor-version":[{"id":247480,"href":"https:\/\/franciscanos.org.br\/noticias\/wp-json\/wp\/v2\/posts\/247471\/revisions\/247480"}],"wp:featuredmedia":[{"embeddable":true,"href":"https:\/\/franciscanos.org.br\/noticias\/wp-json\/wp\/v2\/media\/247474"}],"wp:attachment":[{"href":"https:\/\/franciscanos.org.br\/noticias\/wp-json\/wp\/v2\/media?parent=247471"}],"wp:term":[{"taxonomy":"category","embeddable":true,"href":"https:\/\/franciscanos.org.br\/noticias\/wp-json\/wp\/v2\/categories?post=247471"},{"taxonomy":"post_tag","embeddable":true,"href":"https:\/\/franciscanos.org.br\/noticias\/wp-json\/wp\/v2\/tags?post=247471"}],"curies":[{"name":"wp","href":"https:\/\/api.w.org\/{rel}","templated":true}]}}