{"id":247453,"date":"2024-05-02T04:00:55","date_gmt":"2024-05-02T07:00:55","guid":{"rendered":"https:\/\/franciscanos.org.br\/noticias\/?p=247453"},"modified":"2024-05-02T13:55:52","modified_gmt":"2024-05-02T16:55:52","slug":"carisma-comunhao-e-missao-caminhos-para-a-conversao-missionaria","status":"publish","type":"post","link":"https:\/\/franciscanos.org.br\/noticias\/carisma-comunhao-e-missao-caminhos-para-a-conversao-missionaria.html","title":{"rendered":"Carisma, comunh\u00e3o e miss\u00e3o:  caminhos para a convers\u00e3o mission\u00e1ria"},"content":{"rendered":"<p><img loading=\"lazy\" class=\"aligncenter wp-image-247454 size-full\" src=\"https:\/\/franciscanos.org.br\/noticias\/wp-content\/uploads\/2024\/05\/IMG_20240430_093818-scaled.jpg\" alt=\"\" width=\"1920\" height=\"1080\" srcset=\"https:\/\/franciscanos.org.br\/noticias\/wp-content\/uploads\/2024\/05\/IMG_20240430_093818-scaled.jpg 1920w, https:\/\/franciscanos.org.br\/noticias\/wp-content\/uploads\/2024\/05\/IMG_20240430_093818-450x253.jpg 450w, https:\/\/franciscanos.org.br\/noticias\/wp-content\/uploads\/2024\/05\/IMG_20240430_093818-1024x576.jpg 1024w, https:\/\/franciscanos.org.br\/noticias\/wp-content\/uploads\/2024\/05\/IMG_20240430_093818-768x432.jpg 768w, https:\/\/franciscanos.org.br\/noticias\/wp-content\/uploads\/2024\/05\/IMG_20240430_093818-1536x864.jpg 1536w, https:\/\/franciscanos.org.br\/noticias\/wp-content\/uploads\/2024\/05\/IMG_20240430_093818-2048x1152.jpg 2048w, https:\/\/franciscanos.org.br\/noticias\/wp-content\/uploads\/2024\/05\/IMG_20240430_093818-150x84.jpg 150w\" sizes=\"(max-width: 1920px) 100vw, 1920px\" \/><\/p>\n<p>Temas como carisma, futuro e caminho sinodal estavam entre os pontos abordados na palestra da manh\u00e3 e no primeiro momento formativo (29\/04) da etapa provincial do Cap\u00edtulo Geral das Esteiras, que est\u00e1 sendo realizado em Agudos (SP).<\/p>\n<p>Ap\u00f3s a Santa Missa abertura das atividades os frades, religiosas e leigos foram para um dos sal\u00f5es do Semin\u00e1rio Santo Ant\u00f4nio, onde foram acolhidos pelo Vig\u00e1rio provincial, Frei Gustavo Wayand Medella e acompanharam um v\u00eddeo de sauda\u00e7\u00e3o enviado pelo Definidor geral Frei C\u00e9sar K\u00fclkamp.<\/p>\n<p>Em sua mensagem, ele explicou que o Cap\u00edtulo Geral das Esteiras est\u00e1 sendo realizado pelo mundo inteiro como um pedido que vem da pr\u00f3pria Igreja e do Cap\u00edtulo Geral 2021, para que todos possam viver os anos jubilares que est\u00e3o sendo celebrados por toda a Fam\u00edlia Franciscana desde o ano passado, com o centen\u00e1rio da aprova\u00e7\u00e3o da Regra e da cria\u00e7\u00e3o do Pres\u00e9pio; este ano, da impress\u00e3o dos Estigmas; no ano que vem, da composi\u00e7\u00e3o do C\u00e2ntico das Criaturas; e, por fim, com o feliz tr\u00e2nsito de nosso Pai Francisco em 2026.<\/p>\n<p>\u201cSomos agradecidos por esta preciosa heran\u00e7a, mas n\u00e3o podemos celebrar tudo isso apenas como realidade do passado. A mem\u00f3ria agradecida nos leva a uma real e profunda revis\u00e3o do nosso caminho hoje, no tempo, no mundo e na hist\u00f3ria. Deve apontar para um futuro renovado para toda a Ordem e a Fam\u00edlia Franciscana\u201d, salientou.<\/p>\n<p>Frei C\u00e9sar tamb\u00e9m destacou em sua mensagem a import\u00e2ncia do caminho sinodal, grande inspira\u00e7\u00e3o na celebra\u00e7\u00e3o do Cap\u00edtulo Geral das Esteiras em tr\u00eas eixos ou chaves. Ele elencou tr\u00eas aspectos relevantes para esse momento: o Carisma e seu significado hoje e a renova\u00e7\u00e3o de nossa vis\u00e3o (reafirmar a sua for\u00e7a e atualidade); a Comunh\u00e3o como convite a caminhar segundo um estilo pr\u00f3prio (fraternidade e minoridade); e a Miss\u00e3o como an\u00fancio e testemunho.<\/p>\n<p>O definidor ainda destacou a atitude importante de n\u00e3o ter receio de olhar para sombras e contratestemunhos nas fraternidades e presen\u00e7as evangelizadoras que precisam de convers\u00e3o. Ele deixou duas perguntas:\u00a0\u201cNeste mundo de tantas tend\u00eancias, dire\u00e7\u00f5es e f\u00f3rmulas, percebemos o nosso carisma, com todas as provoca\u00e7\u00f5es que ele traz, como refer\u00eancia direta para a nossa vida e a nossa miss\u00e3o? Ou seja, buscamos a vida segundo o Evangelho, como irm\u00e3os e menores, contemplativos e em miss\u00e3o?\u201d.<\/p>\n<p>No decorrer de sua fala o Definidor geral tamb\u00e9m mencionou a pluralidade do carisma franciscano num pensamento mais globalizado, considerando as fraternidades localizadas em outras partes do mundo. Assim como tamb\u00e9m falou do compromisso com a mudan\u00e7a das estruturas da Ordem. A Ordem passa hoje por uma revis\u00e3o de sua estrutura, dividida em Prov\u00edncias, Cust\u00f3dias e Confer\u00eancias. Vemos a necessidade de maior interconex\u00e3o nas nossas estruturas e na nossa anima\u00e7\u00e3o fraterna, para superar as tend\u00eancias de autoconserva\u00e7\u00e3o institucional.<\/p>\n<p>Como sinal de futuro, destacou a presen\u00e7a dos leigos e das mulheres,\u00a0mais atuantes nas comunidades. \u201cPor isso, a Igreja e a Ordem falam de uma necessidade de convers\u00e3o mission\u00e1ria\u201d.<\/p>\n<p>\u201cPor isso, o Cap\u00edtulo das Esteiras, celebrado agora nas Prov\u00edncias e Confer\u00eancias e, no pr\u00f3ximo ano, com toda a Ordem, quer contar com esta participa\u00e7\u00e3o dos irm\u00e3os e irm\u00e3s, daqueles que compartilham a nossa vida e a nossa miss\u00e3o. Juntos queremos rever nossas Prov\u00edncias e a nossa Ordem\u201d, afirmou.<\/p>\n<p>Ainda no per\u00edodo da manh\u00e3, os participantes do Cap\u00edtulo acompanharam uma palestra com Frei Vitorio Mazzuco Filho, da Fraternidade Franciscana Frei Le\u00e3o, de Itatiba (SP).\u00a0 O frade abordou o tema: \u201cOs jubileus franciscanos como oportunidade de qualifica\u00e7\u00e3o de nosso testemunho hoje\u201d.<\/p>\n<p><img loading=\"lazy\" class=\"wp-image-247455 size-medium alignright\" src=\"https:\/\/franciscanos.org.br\/noticias\/wp-content\/uploads\/2024\/05\/IMG_20240430_094348-253x450.jpg\" alt=\"\" width=\"253\" height=\"450\" srcset=\"https:\/\/franciscanos.org.br\/noticias\/wp-content\/uploads\/2024\/05\/IMG_20240430_094348-253x450.jpg 253w, https:\/\/franciscanos.org.br\/noticias\/wp-content\/uploads\/2024\/05\/IMG_20240430_094348-576x1024.jpg 576w, https:\/\/franciscanos.org.br\/noticias\/wp-content\/uploads\/2024\/05\/IMG_20240430_094348-768x1366.jpg 768w, https:\/\/franciscanos.org.br\/noticias\/wp-content\/uploads\/2024\/05\/IMG_20240430_094348-864x1536.jpg 864w, https:\/\/franciscanos.org.br\/noticias\/wp-content\/uploads\/2024\/05\/IMG_20240430_094348-1152x2048.jpg 1152w, https:\/\/franciscanos.org.br\/noticias\/wp-content\/uploads\/2024\/05\/IMG_20240430_094348-150x267.jpg 150w, https:\/\/franciscanos.org.br\/noticias\/wp-content\/uploads\/2024\/05\/IMG_20240430_094348-scaled.jpg 608w\" sizes=\"(max-width: 253px) 100vw, 253px\" \/><\/p>\n<p>Frei Vitorio iniciou a palestra com uma provoca\u00e7\u00e3o \u00e0 Fam\u00edlia Franciscana e a sua identidade. \u201cN\u00e3o podemos usar S\u00e3o Francisco dentro de um sistema autorit\u00e1rio, nem dentro de um estere\u00f3tipo. Se n\u00f3s estamos aqui, temos que brilhar com o brilho do nosso carisma\u201d.<\/p>\n<p>Segundo ele, S\u00e3o Francisco n\u00e3o \u00e9 um santo do passado, pois nos impulsiona para frente. \u201cSua fala ainda continua muito viva nos seus escritos. Cada um que est\u00e1 aqui tem sua hist\u00f3ria comprometida com a dimens\u00e3o franciscana\u201d.<\/p>\n<p>A partir de sete pontos de reflex\u00e3o, o frade abordou elementos de refer\u00eancia que marcam a hist\u00f3ria e as caracter\u00edsticas de S\u00e3o Francisco, bem como sua entrega a Deus de tamanha grandeza que marcou seu corpo com os estigmas.<\/p>\n<p>\u201cA grande import\u00e2ncia da viv\u00eancia da Fam\u00edlia Franciscana aqui nas Esteiras, \u00e9 que n\u00f3s temos um esp\u00edrito comum. O que une as pessoas, une os povos \u00e9 ter um espirito comum. O conflito que estamos assistindo entre judeus e \u00e1rabes n\u00e3o existiria se eles vivessem a ancestralidade de uma consanguinidade espiritual que eles t\u00eam. Eles t\u00eam um esp\u00edrito comum, mas nunca sentaram \u00e0 mesa para falar sobre isso\u201d, salientou.<\/p>\n<p>De acordo com ele, a grande expressividade da Fam\u00edlia Franciscana dialoga no esp\u00edrito comum, porque tem uma forma de vida comum, uma Regra Bulada, que foi aprovada em 1223, que gerou uma grande n\u00famero de regras, institui\u00e7\u00f5es, estatutos, regimentos internos, pois a regra garante carisma. \u201cPor isso que quando a Fam\u00edlia Franciscana e Clariana se juntam, se entendem\u201d, afirmou.<\/p>\n<p>O frade explicou que, dentro da forma de vida franciscana tamb\u00e9m est\u00e1 a forma\u00e7\u00e3o. \u201cEsses momentos s\u00e3o importantes para lembrar as nossas origens, conforme solicitado pelo Capitulo Geral 2021. Temos que falar daquilo que \u00e9 pr\u00f3prio nosso\u201d.<\/p>\n<p><img loading=\"lazy\" class=\"alignnone wp-image-247456 size-full\" src=\"https:\/\/franciscanos.org.br\/noticias\/wp-content\/uploads\/2024\/05\/SEGUNDO_DIA-90-scaled.jpg\" alt=\"\" width=\"1620\" height=\"1080\" srcset=\"https:\/\/franciscanos.org.br\/noticias\/wp-content\/uploads\/2024\/05\/SEGUNDO_DIA-90-scaled.jpg 1620w, https:\/\/franciscanos.org.br\/noticias\/wp-content\/uploads\/2024\/05\/SEGUNDO_DIA-90-450x300.jpg 450w, https:\/\/franciscanos.org.br\/noticias\/wp-content\/uploads\/2024\/05\/SEGUNDO_DIA-90-1024x683.jpg 1024w, https:\/\/franciscanos.org.br\/noticias\/wp-content\/uploads\/2024\/05\/SEGUNDO_DIA-90-768x512.jpg 768w, https:\/\/franciscanos.org.br\/noticias\/wp-content\/uploads\/2024\/05\/SEGUNDO_DIA-90-1536x1024.jpg 1536w, https:\/\/franciscanos.org.br\/noticias\/wp-content\/uploads\/2024\/05\/SEGUNDO_DIA-90-2048x1366.jpg 2048w, https:\/\/franciscanos.org.br\/noticias\/wp-content\/uploads\/2024\/05\/SEGUNDO_DIA-90-150x100.jpg 150w\" sizes=\"(max-width: 1620px) 100vw, 1620px\" \/><\/p>\n<p><strong>Trabalho em grupo<\/strong><\/p>\n<p>Embasados pela fala do Frei Vit\u00f3rio e Frei C\u00e9sar, os participantes do Capitulo das Esteiras participaram de uma atividade em grupo no per\u00edodo da tarde. Frei Gustavo Wayand Medella contextualizou a proposta do evento e, em seguida, foram formadas 13 equipes, cada uma com suas lideran\u00e7as para debaterem sobre tem\u00e1ticas que ser\u00e3o abordadas no documento que posteriormente ser\u00e1 gerado para o Cap\u00edtulo Geral das Esteiras, em 2025.<\/p>\n<hr \/>\n<p><em>Adriana Rabelo<\/em><\/p>\n\n\t\t<style type=\"text\/css\">\n\t\t\t#gallery-1 {\n\t\t\t\tmargin: auto;\n\t\t\t}\n\t\t\t#gallery-1 .gallery-item {\n\t\t\t\tfloat: left;\n\t\t\t\tmargin-top: 10px;\n\t\t\t\ttext-align: center;\n\t\t\t\twidth: 33%;\n\t\t\t}\n\t\t\t#gallery-1 img {\n\t\t\t\tborder: 2px solid #cfcfcf;\n\t\t\t}\n\t\t\t#gallery-1 .gallery-caption {\n\t\t\t\tmargin-left: 0;\n\t\t\t}\n\t\t\t\/* see gallery_shortcode() in wp-includes\/media.php *\/\n\t\t<\/style>\n\t\t<div id='gallery-1' class='gallery galleryid-247453 gallery-columns-3 gallery-size-thumbnail'><dl class='gallery-item'>\n\t\t\t<dt class='gallery-icon landscape'>\n\t\t\t\t<a href='https:\/\/franciscanos.org.br\/noticias\/wp-content\/uploads\/2024\/05\/IMG_20240430_150232-scaled.jpg'><img width=\"300\" height=\"300\" src=\"https:\/\/franciscanos.org.br\/noticias\/wp-content\/uploads\/2024\/05\/IMG_20240430_150232-300x300.jpg\" class=\"attachment-thumbnail size-thumbnail\" alt=\"\" loading=\"lazy\" srcset=\"https:\/\/franciscanos.org.br\/noticias\/wp-content\/uploads\/2024\/05\/IMG_20240430_150232-300x300.jpg 300w, https:\/\/franciscanos.org.br\/noticias\/wp-content\/uploads\/2024\/05\/IMG_20240430_150232-100x100.jpg 100w\" sizes=\"(max-width: 300px) 100vw, 300px\" \/><\/a>\n\t\t\t<\/dt><\/dl><dl class='gallery-item'>\n\t\t\t<dt class='gallery-icon landscape'>\n\t\t\t\t<a href='https:\/\/franciscanos.org.br\/noticias\/wp-content\/uploads\/2024\/05\/IMG_20240430_150426-scaled.jpg'><img width=\"300\" height=\"300\" src=\"https:\/\/franciscanos.org.br\/noticias\/wp-content\/uploads\/2024\/05\/IMG_20240430_150426-300x300.jpg\" class=\"attachment-thumbnail size-thumbnail\" alt=\"\" loading=\"lazy\" srcset=\"https:\/\/franciscanos.org.br\/noticias\/wp-content\/uploads\/2024\/05\/IMG_20240430_150426-300x300.jpg 300w, https:\/\/franciscanos.org.br\/noticias\/wp-content\/uploads\/2024\/05\/IMG_20240430_150426-100x100.jpg 100w\" sizes=\"(max-width: 300px) 100vw, 300px\" \/><\/a>\n\t\t\t<\/dt><\/dl><dl class='gallery-item'>\n\t\t\t<dt class='gallery-icon landscape'>\n\t\t\t\t<a href='https:\/\/franciscanos.org.br\/noticias\/wp-content\/uploads\/2024\/05\/IMG_20240430_151155-scaled.jpg'><img width=\"300\" height=\"300\" src=\"https:\/\/franciscanos.org.br\/noticias\/wp-content\/uploads\/2024\/05\/IMG_20240430_151155-300x300.jpg\" class=\"attachment-thumbnail size-thumbnail\" alt=\"\" loading=\"lazy\" srcset=\"https:\/\/franciscanos.org.br\/noticias\/wp-content\/uploads\/2024\/05\/IMG_20240430_151155-300x300.jpg 300w, https:\/\/franciscanos.org.br\/noticias\/wp-content\/uploads\/2024\/05\/IMG_20240430_151155-100x100.jpg 100w\" sizes=\"(max-width: 300px) 100vw, 300px\" \/><\/a>\n\t\t\t<\/dt><\/dl><br style=\"clear: both\" \/><dl class='gallery-item'>\n\t\t\t<dt class='gallery-icon landscape'>\n\t\t\t\t<a href='https:\/\/franciscanos.org.br\/noticias\/wp-content\/uploads\/2024\/05\/WhatsApp-Image-2024-05-01-at-09.44.11-scaled.jpeg'><img width=\"300\" height=\"300\" src=\"https:\/\/franciscanos.org.br\/noticias\/wp-content\/uploads\/2024\/05\/WhatsApp-Image-2024-05-01-at-09.44.11-300x300.jpeg\" class=\"attachment-thumbnail size-thumbnail\" alt=\"\" loading=\"lazy\" srcset=\"https:\/\/franciscanos.org.br\/noticias\/wp-content\/uploads\/2024\/05\/WhatsApp-Image-2024-05-01-at-09.44.11-300x300.jpeg 300w, https:\/\/franciscanos.org.br\/noticias\/wp-content\/uploads\/2024\/05\/WhatsApp-Image-2024-05-01-at-09.44.11-100x100.jpeg 100w\" sizes=\"(max-width: 300px) 100vw, 300px\" \/><\/a>\n\t\t\t<\/dt><\/dl><dl class='gallery-item'>\n\t\t\t<dt class='gallery-icon landscape'>\n\t\t\t\t<a href='https:\/\/franciscanos.org.br\/noticias\/wp-content\/uploads\/2024\/05\/IMG_20240430_151530-scaled.jpg'><img width=\"300\" height=\"300\" src=\"https:\/\/franciscanos.org.br\/noticias\/wp-content\/uploads\/2024\/05\/IMG_20240430_151530-300x300.jpg\" class=\"attachment-thumbnail size-thumbnail\" alt=\"\" loading=\"lazy\" srcset=\"https:\/\/franciscanos.org.br\/noticias\/wp-content\/uploads\/2024\/05\/IMG_20240430_151530-300x300.jpg 300w, https:\/\/franciscanos.org.br\/noticias\/wp-content\/uploads\/2024\/05\/IMG_20240430_151530-100x100.jpg 100w\" sizes=\"(max-width: 300px) 100vw, 300px\" \/><\/a>\n\t\t\t<\/dt><\/dl><dl class='gallery-item'>\n\t\t\t<dt class='gallery-icon landscape'>\n\t\t\t\t<a href='https:\/\/franciscanos.org.br\/noticias\/wp-content\/uploads\/2024\/05\/WhatsApp-Image-2024-05-01-at-09.44.10-scaled.jpeg'><img width=\"300\" height=\"300\" src=\"https:\/\/franciscanos.org.br\/noticias\/wp-content\/uploads\/2024\/05\/WhatsApp-Image-2024-05-01-at-09.44.10-300x300.jpeg\" class=\"attachment-thumbnail size-thumbnail\" alt=\"\" loading=\"lazy\" srcset=\"https:\/\/franciscanos.org.br\/noticias\/wp-content\/uploads\/2024\/05\/WhatsApp-Image-2024-05-01-at-09.44.10-300x300.jpeg 300w, https:\/\/franciscanos.org.br\/noticias\/wp-content\/uploads\/2024\/05\/WhatsApp-Image-2024-05-01-at-09.44.10-100x100.jpeg 100w\" sizes=\"(max-width: 300px) 100vw, 300px\" \/><\/a>\n\t\t\t<\/dt><\/dl><br style=\"clear: both\" \/>\n\t\t<\/div>\n\n","protected":false},"excerpt":{"rendered":"<p>Etapa provincial Cap\u00edtulo Geral das Esteiras<\/p>\n","protected":false},"author":11,"featured_media":247456,"comment_status":"open","ping_status":"open","sticky":false,"template":"","format":"standard","meta":[],"categories":[1],"tags":[1265],"acf":[],"yoast_head":"<!-- This site is optimized with the Yoast SEO plugin v19.2 - https:\/\/yoast.com\/wordpress\/plugins\/seo\/ -->\n<title>Carisma, comunh\u00e3o e miss\u00e3o: caminhos para a convers\u00e3o mission\u00e1ria - Not\u00edcias - Franciscanos<\/title>\n<meta name=\"robots\" content=\"index, follow, max-snippet:-1, max-image-preview:large, max-video-preview:-1\" \/>\n<link rel=\"canonical\" href=\"https:\/\/franciscanos.org.br\/noticias\/carisma-comunhao-e-missao-caminhos-para-a-conversao-missionaria.html\" \/>\n<meta property=\"og:locale\" content=\"pt_BR\" \/>\n<meta property=\"og:type\" content=\"article\" \/>\n<meta property=\"og:title\" content=\"Carisma, comunh\u00e3o e miss\u00e3o: caminhos para a convers\u00e3o mission\u00e1ria - Not\u00edcias - Franciscanos\" \/>\n<meta property=\"og:description\" content=\"Etapa provincial Cap\u00edtulo Geral das Esteiras\" \/>\n<meta property=\"og:url\" content=\"https:\/\/franciscanos.org.br\/noticias\/carisma-comunhao-e-missao-caminhos-para-a-conversao-missionaria.html\" \/>\n<meta property=\"og:site_name\" content=\"Not\u00edcias - Franciscanos\" \/>\n<meta property=\"article:published_time\" content=\"2024-05-02T07:00:55+00:00\" \/>\n<meta property=\"article:modified_time\" content=\"2024-05-02T16:55:52+00:00\" \/>\n<meta property=\"og:image\" content=\"https:\/\/franciscanos.org.br\/noticias\/wp-content\/uploads\/2024\/05\/SEGUNDO_DIA-90-scaled.jpg\" \/>\n\t<meta property=\"og:image:width\" content=\"1620\" \/>\n\t<meta property=\"og:image:height\" content=\"1080\" \/>\n\t<meta property=\"og:image:type\" content=\"image\/jpeg\" \/>\n<meta name=\"author\" content=\"Adriana Rabelo\" \/>\n<meta name=\"twitter:card\" content=\"summary_large_image\" \/>\n<meta name=\"twitter:label1\" content=\"Escrito por\" \/>\n\t<meta name=\"twitter:data1\" content=\"Adriana Rabelo\" \/>\n\t<meta name=\"twitter:label2\" content=\"Est. tempo de leitura\" \/>\n\t<meta name=\"twitter:data2\" content=\"5 minutos\" \/>\n<script type=\"application\/ld+json\" class=\"yoast-schema-graph\">{\"@context\":\"https:\/\/schema.org\",\"@graph\":[{\"@type\":\"WebSite\",\"@id\":\"https:\/\/franciscanos.org.br\/noticias\/#website\",\"url\":\"https:\/\/franciscanos.org.br\/noticias\/\",\"name\":\"Not\u00edcias - Franciscanos\",\"description\":\"Prov\u00edncia Franciscana da Imaculada Concei\u00e7\u00e3o do Brasil - Ordem dos Frades Menores - OFM\",\"potentialAction\":[{\"@type\":\"SearchAction\",\"target\":{\"@type\":\"EntryPoint\",\"urlTemplate\":\"https:\/\/franciscanos.org.br\/noticias\/?s={search_term_string}\"},\"query-input\":\"required name=search_term_string\"}],\"inLanguage\":\"pt-BR\"},{\"@type\":\"ImageObject\",\"inLanguage\":\"pt-BR\",\"@id\":\"https:\/\/franciscanos.org.br\/noticias\/carisma-comunhao-e-missao-caminhos-para-a-conversao-missionaria.html#primaryimage\",\"url\":\"https:\/\/franciscanos.org.br\/noticias\/wp-content\/uploads\/2024\/05\/SEGUNDO_DIA-90-scaled.jpg\",\"contentUrl\":\"https:\/\/franciscanos.org.br\/noticias\/wp-content\/uploads\/2024\/05\/SEGUNDO_DIA-90-scaled.jpg\",\"width\":1620,\"height\":1080},{\"@type\":\"WebPage\",\"@id\":\"https:\/\/franciscanos.org.br\/noticias\/carisma-comunhao-e-missao-caminhos-para-a-conversao-missionaria.html#webpage\",\"url\":\"https:\/\/franciscanos.org.br\/noticias\/carisma-comunhao-e-missao-caminhos-para-a-conversao-missionaria.html\",\"name\":\"Carisma, comunh\u00e3o e miss\u00e3o: caminhos para a convers\u00e3o mission\u00e1ria - Not\u00edcias - Franciscanos\",\"isPartOf\":{\"@id\":\"https:\/\/franciscanos.org.br\/noticias\/#website\"},\"primaryImageOfPage\":{\"@id\":\"https:\/\/franciscanos.org.br\/noticias\/carisma-comunhao-e-missao-caminhos-para-a-conversao-missionaria.html#primaryimage\"},\"datePublished\":\"2024-05-02T07:00:55+00:00\",\"dateModified\":\"2024-05-02T16:55:52+00:00\",\"author\":{\"@id\":\"https:\/\/franciscanos.org.br\/noticias\/#\/schema\/person\/d9422e83121c3ad3b0f423d195f5bb25\"},\"breadcrumb\":{\"@id\":\"https:\/\/franciscanos.org.br\/noticias\/carisma-comunhao-e-missao-caminhos-para-a-conversao-missionaria.html#breadcrumb\"},\"inLanguage\":\"pt-BR\",\"potentialAction\":[{\"@type\":\"ReadAction\",\"target\":[\"https:\/\/franciscanos.org.br\/noticias\/carisma-comunhao-e-missao-caminhos-para-a-conversao-missionaria.html\"]}]},{\"@type\":\"BreadcrumbList\",\"@id\":\"https:\/\/franciscanos.org.br\/noticias\/carisma-comunhao-e-missao-caminhos-para-a-conversao-missionaria.html#breadcrumb\",\"itemListElement\":[{\"@type\":\"ListItem\",\"position\":1,\"name\":\"Home\",\"item\":\"https:\/\/franciscanos.org.br\/noticias\"},{\"@type\":\"ListItem\",\"position\":2,\"name\":\"Carisma, comunh\u00e3o e miss\u00e3o: caminhos para a convers\u00e3o mission\u00e1ria\"}]},{\"@type\":\"Person\",\"@id\":\"https:\/\/franciscanos.org.br\/noticias\/#\/schema\/person\/d9422e83121c3ad3b0f423d195f5bb25\",\"name\":\"Adriana Rabelo\",\"image\":{\"@type\":\"ImageObject\",\"inLanguage\":\"pt-BR\",\"@id\":\"https:\/\/franciscanos.org.br\/noticias\/#\/schema\/person\/image\/\",\"url\":\"https:\/\/secure.gravatar.com\/avatar\/0a937b7500cd7df77540cfb8bede877d?s=96&d=mm&r=g\",\"contentUrl\":\"https:\/\/secure.gravatar.com\/avatar\/0a937b7500cd7df77540cfb8bede877d?s=96&d=mm&r=g\",\"caption\":\"Adriana Rabelo\"},\"url\":\"https:\/\/franciscanos.org.br\/noticias\/author\/adrianarabelo\"}]}<\/script>\n<!-- \/ Yoast SEO plugin. -->","yoast_head_json":{"title":"Carisma, comunh\u00e3o e miss\u00e3o: caminhos para a convers\u00e3o mission\u00e1ria - Not\u00edcias - Franciscanos","robots":{"index":"index","follow":"follow","max-snippet":"max-snippet:-1","max-image-preview":"max-image-preview:large","max-video-preview":"max-video-preview:-1"},"canonical":"https:\/\/franciscanos.org.br\/noticias\/carisma-comunhao-e-missao-caminhos-para-a-conversao-missionaria.html","og_locale":"pt_BR","og_type":"article","og_title":"Carisma, comunh\u00e3o e miss\u00e3o: caminhos para a convers\u00e3o mission\u00e1ria - Not\u00edcias - Franciscanos","og_description":"Etapa provincial Cap\u00edtulo Geral das Esteiras","og_url":"https:\/\/franciscanos.org.br\/noticias\/carisma-comunhao-e-missao-caminhos-para-a-conversao-missionaria.html","og_site_name":"Not\u00edcias - Franciscanos","article_published_time":"2024-05-02T07:00:55+00:00","article_modified_time":"2024-05-02T16:55:52+00:00","og_image":[{"width":1620,"height":1080,"url":"https:\/\/franciscanos.org.br\/noticias\/wp-content\/uploads\/2024\/05\/SEGUNDO_DIA-90-scaled.jpg","type":"image\/jpeg"}],"author":"Adriana Rabelo","twitter_card":"summary_large_image","twitter_misc":{"Escrito por":"Adriana Rabelo","Est. tempo de leitura":"5 minutos"},"schema":{"@context":"https:\/\/schema.org","@graph":[{"@type":"WebSite","@id":"https:\/\/franciscanos.org.br\/noticias\/#website","url":"https:\/\/franciscanos.org.br\/noticias\/","name":"Not\u00edcias - Franciscanos","description":"Prov\u00edncia Franciscana da Imaculada Concei\u00e7\u00e3o do Brasil - Ordem dos Frades Menores - OFM","potentialAction":[{"@type":"SearchAction","target":{"@type":"EntryPoint","urlTemplate":"https:\/\/franciscanos.org.br\/noticias\/?s={search_term_string}"},"query-input":"required name=search_term_string"}],"inLanguage":"pt-BR"},{"@type":"ImageObject","inLanguage":"pt-BR","@id":"https:\/\/franciscanos.org.br\/noticias\/carisma-comunhao-e-missao-caminhos-para-a-conversao-missionaria.html#primaryimage","url":"https:\/\/franciscanos.org.br\/noticias\/wp-content\/uploads\/2024\/05\/SEGUNDO_DIA-90-scaled.jpg","contentUrl":"https:\/\/franciscanos.org.br\/noticias\/wp-content\/uploads\/2024\/05\/SEGUNDO_DIA-90-scaled.jpg","width":1620,"height":1080},{"@type":"WebPage","@id":"https:\/\/franciscanos.org.br\/noticias\/carisma-comunhao-e-missao-caminhos-para-a-conversao-missionaria.html#webpage","url":"https:\/\/franciscanos.org.br\/noticias\/carisma-comunhao-e-missao-caminhos-para-a-conversao-missionaria.html","name":"Carisma, comunh\u00e3o e miss\u00e3o: caminhos para a convers\u00e3o mission\u00e1ria - Not\u00edcias - Franciscanos","isPartOf":{"@id":"https:\/\/franciscanos.org.br\/noticias\/#website"},"primaryImageOfPage":{"@id":"https:\/\/franciscanos.org.br\/noticias\/carisma-comunhao-e-missao-caminhos-para-a-conversao-missionaria.html#primaryimage"},"datePublished":"2024-05-02T07:00:55+00:00","dateModified":"2024-05-02T16:55:52+00:00","author":{"@id":"https:\/\/franciscanos.org.br\/noticias\/#\/schema\/person\/d9422e83121c3ad3b0f423d195f5bb25"},"breadcrumb":{"@id":"https:\/\/franciscanos.org.br\/noticias\/carisma-comunhao-e-missao-caminhos-para-a-conversao-missionaria.html#breadcrumb"},"inLanguage":"pt-BR","potentialAction":[{"@type":"ReadAction","target":["https:\/\/franciscanos.org.br\/noticias\/carisma-comunhao-e-missao-caminhos-para-a-conversao-missionaria.html"]}]},{"@type":"BreadcrumbList","@id":"https:\/\/franciscanos.org.br\/noticias\/carisma-comunhao-e-missao-caminhos-para-a-conversao-missionaria.html#breadcrumb","itemListElement":[{"@type":"ListItem","position":1,"name":"Home","item":"https:\/\/franciscanos.org.br\/noticias"},{"@type":"ListItem","position":2,"name":"Carisma, comunh\u00e3o e miss\u00e3o: caminhos para a convers\u00e3o mission\u00e1ria"}]},{"@type":"Person","@id":"https:\/\/franciscanos.org.br\/noticias\/#\/schema\/person\/d9422e83121c3ad3b0f423d195f5bb25","name":"Adriana Rabelo","image":{"@type":"ImageObject","inLanguage":"pt-BR","@id":"https:\/\/franciscanos.org.br\/noticias\/#\/schema\/person\/image\/","url":"https:\/\/secure.gravatar.com\/avatar\/0a937b7500cd7df77540cfb8bede877d?s=96&d=mm&r=g","contentUrl":"https:\/\/secure.gravatar.com\/avatar\/0a937b7500cd7df77540cfb8bede877d?s=96&d=mm&r=g","caption":"Adriana Rabelo"},"url":"https:\/\/franciscanos.org.br\/noticias\/author\/adrianarabelo"}]}},"_links":{"self":[{"href":"https:\/\/franciscanos.org.br\/noticias\/wp-json\/wp\/v2\/posts\/247453"}],"collection":[{"href":"https:\/\/franciscanos.org.br\/noticias\/wp-json\/wp\/v2\/posts"}],"about":[{"href":"https:\/\/franciscanos.org.br\/noticias\/wp-json\/wp\/v2\/types\/post"}],"author":[{"embeddable":true,"href":"https:\/\/franciscanos.org.br\/noticias\/wp-json\/wp\/v2\/users\/11"}],"replies":[{"embeddable":true,"href":"https:\/\/franciscanos.org.br\/noticias\/wp-json\/wp\/v2\/comments?post=247453"}],"version-history":[{"count":6,"href":"https:\/\/franciscanos.org.br\/noticias\/wp-json\/wp\/v2\/posts\/247453\/revisions"}],"predecessor-version":[{"id":247470,"href":"https:\/\/franciscanos.org.br\/noticias\/wp-json\/wp\/v2\/posts\/247453\/revisions\/247470"}],"wp:featuredmedia":[{"embeddable":true,"href":"https:\/\/franciscanos.org.br\/noticias\/wp-json\/wp\/v2\/media\/247456"}],"wp:attachment":[{"href":"https:\/\/franciscanos.org.br\/noticias\/wp-json\/wp\/v2\/media?parent=247453"}],"wp:term":[{"taxonomy":"category","embeddable":true,"href":"https:\/\/franciscanos.org.br\/noticias\/wp-json\/wp\/v2\/categories?post=247453"},{"taxonomy":"post_tag","embeddable":true,"href":"https:\/\/franciscanos.org.br\/noticias\/wp-json\/wp\/v2\/tags?post=247453"}],"curies":[{"name":"wp","href":"https:\/\/api.w.org\/{rel}","templated":true}]}}