{"id":247435,"date":"2024-05-01T20:22:28","date_gmt":"2024-05-01T23:22:28","guid":{"rendered":"https:\/\/franciscanos.org.br\/noticias\/?p=247435"},"modified":"2024-05-02T13:49:05","modified_gmt":"2024-05-02T16:49:05","slug":"capitulo-das-esteiras-momento-para-encontro-e-escuta","status":"publish","type":"post","link":"https:\/\/franciscanos.org.br\/noticias\/capitulo-das-esteiras-momento-para-encontro-e-escuta.html","title":{"rendered":"Cap\u00edtulo das Esteiras: momento para encontro e escuta"},"content":{"rendered":"<p>&nbsp;<\/p>\n<p>&nbsp;<\/p>\n<p><img loading=\"lazy\" class=\"aligncenter wp-image-247451 size-full\" src=\"https:\/\/franciscanos.org.br\/noticias\/wp-content\/uploads\/2024\/05\/IMG_20240430_084414-scaled.jpg\" alt=\"\" width=\"1920\" height=\"1080\" srcset=\"https:\/\/franciscanos.org.br\/noticias\/wp-content\/uploads\/2024\/05\/IMG_20240430_084414-scaled.jpg 1920w, https:\/\/franciscanos.org.br\/noticias\/wp-content\/uploads\/2024\/05\/IMG_20240430_084414-450x253.jpg 450w, https:\/\/franciscanos.org.br\/noticias\/wp-content\/uploads\/2024\/05\/IMG_20240430_084414-1024x576.jpg 1024w, https:\/\/franciscanos.org.br\/noticias\/wp-content\/uploads\/2024\/05\/IMG_20240430_084414-768x432.jpg 768w, https:\/\/franciscanos.org.br\/noticias\/wp-content\/uploads\/2024\/05\/IMG_20240430_084414-1536x864.jpg 1536w, https:\/\/franciscanos.org.br\/noticias\/wp-content\/uploads\/2024\/05\/IMG_20240430_084414-2048x1152.jpg 2048w, https:\/\/franciscanos.org.br\/noticias\/wp-content\/uploads\/2024\/05\/IMG_20240430_084414-150x84.jpg 150w\" sizes=\"(max-width: 1920px) 100vw, 1920px\" \/><\/p>\n<p>O segundo dia da etapa provincial do Cap\u00edtulo Geral das Esteiras come\u00e7ou com uma Santa Missa, no per\u00edodo da manh\u00e3, presidida pelo Ministro provincial, Frei Paulo Roberto Pereira, que acolheu os participantes leigos, frades e religiosas como membros de uma \u00fanica fam\u00edlia.<\/p>\n<p>\u201c Somos irm\u00e3os dos nossos consangu\u00edneos sem fazer for\u00e7a. Mas, quando nos propomos a viver em fraternidade, superamos as quest\u00f5es relacionadas ao sangue e vivemos o afeto, a afei\u00e7\u00e3o e a integra\u00e7\u00e3o pelos mesmos objetivos. \u00c9 muito bom termos uns aos outros e podermos sentir a rela\u00e7\u00e3o entre irm\u00e3os e irm\u00e3s\u201d. \u00a0Ap\u00f3s essa fala o provincial sugeriu que todos os presentes se cumprimentassem.<\/p>\n<p>\u201c Desde que chegamos aqui no Semin\u00e1rio Santo Ant\u00f4nio passamos a experimentar aquilo que nos propusemos a viver. Nesse Cap\u00edtulo Geral das Esteiras, na etapa provincial, estamos fazendo hist\u00f3ria, e esse n\u00e3o \u00e9 um movimento linear, pois para fazer hist\u00f3ria \u00e9 preciso conhec\u00ea-la e ressignific\u00e1-la, por isso convido a olharmos um pouco para tr\u00e1s\u201d, salientou.<\/p>\n<p>&nbsp;<\/p>\n\n\t\t<style type=\"text\/css\">\n\t\t\t#gallery-1 {\n\t\t\t\tmargin: auto;\n\t\t\t}\n\t\t\t#gallery-1 .gallery-item {\n\t\t\t\tfloat: left;\n\t\t\t\tmargin-top: 10px;\n\t\t\t\ttext-align: center;\n\t\t\t\twidth: 50%;\n\t\t\t}\n\t\t\t#gallery-1 img {\n\t\t\t\tborder: 2px solid #cfcfcf;\n\t\t\t}\n\t\t\t#gallery-1 .gallery-caption {\n\t\t\t\tmargin-left: 0;\n\t\t\t}\n\t\t\t\/* see gallery_shortcode() in wp-includes\/media.php *\/\n\t\t<\/style>\n\t\t<div id='gallery-1' class='gallery galleryid-247435 gallery-columns-2 gallery-size-thumbnail'><dl class='gallery-item'>\n\t\t\t<dt class='gallery-icon portrait'>\n\t\t\t\t<a href='https:\/\/franciscanos.org.br\/noticias\/capitulo-das-esteiras-momento-para-encontro-e-escuta.html\/img_20240430_082637'><img width=\"300\" height=\"300\" src=\"https:\/\/franciscanos.org.br\/noticias\/wp-content\/uploads\/2024\/05\/IMG_20240430_082637-300x300.jpg\" class=\"attachment-thumbnail size-thumbnail\" alt=\"\" loading=\"lazy\" srcset=\"https:\/\/franciscanos.org.br\/noticias\/wp-content\/uploads\/2024\/05\/IMG_20240430_082637-300x300.jpg 300w, https:\/\/franciscanos.org.br\/noticias\/wp-content\/uploads\/2024\/05\/IMG_20240430_082637-100x100.jpg 100w\" sizes=\"(max-width: 300px) 100vw, 300px\" \/><\/a>\n\t\t\t<\/dt><\/dl><dl class='gallery-item'>\n\t\t\t<dt class='gallery-icon landscape'>\n\t\t\t\t<a href='https:\/\/franciscanos.org.br\/noticias\/capitulo-das-esteiras-momento-para-encontro-e-escuta.html\/img_20240430_083942'><img width=\"300\" height=\"300\" src=\"https:\/\/franciscanos.org.br\/noticias\/wp-content\/uploads\/2024\/05\/IMG_20240430_083942-300x300.jpg\" class=\"attachment-thumbnail size-thumbnail\" alt=\"\" loading=\"lazy\" srcset=\"https:\/\/franciscanos.org.br\/noticias\/wp-content\/uploads\/2024\/05\/IMG_20240430_083942-300x300.jpg 300w, https:\/\/franciscanos.org.br\/noticias\/wp-content\/uploads\/2024\/05\/IMG_20240430_083942-100x100.jpg 100w\" sizes=\"(max-width: 300px) 100vw, 300px\" \/><\/a>\n\t\t\t<\/dt><\/dl><br style=\"clear: both\" \/>\n\t\t<\/div>\n\n<p>Ele explicou que h\u00e1 800 anos o movimento franciscano se reunia em cap\u00edtulos, com objetivos semelhantes ao Capitulo Geral das Esteiras, em Agudos (SP), que d\u00e1 sentido, motiva\u00e7\u00e3o a tudo o que est\u00e1 sendo proposto vivenciar. A partir dessa contextualiza\u00e7\u00e3o, Frei Paulo retomou \u00e0s origens dos Cap\u00edtulos Franciscanos e os impactos da presen\u00e7a de S\u00e3o Francisco no fortalecimento da unidade e da partilha presentes na vida fraterna daqueles que confiavam no Pai Ser\u00e1fico e no seu prop\u00f3sito de comunh\u00e3o com Deus e com os irm\u00e3os.<\/p>\n<p>\u201cA Fam\u00edlia Franciscana n\u00e3o criou a viv\u00eancia radical da pobreza, mas S\u00e3o Francisco de Assis e seus irm\u00e3os deram ao movimento um grande rigor criativo e transformador. Mesmo assim, n\u00e3o conseguiu aceita\u00e7\u00e3o imediata da sociedade. Eram mais de cinco mil homens ocupados em falar de Deus. Diante disso, a sociedade queria saber o que era o Cap\u00edtulo das Esteiras. Assim como no passado, o cap\u00edtulo tem a miss\u00e3o de congregar pessoas dispostas a rezar, a estar na presen\u00e7a do Senhor, a guardar o sil\u00eancio criativo e escutar o que Deus tem a nos dizer. Por isso, \u00e9 preciso que fiquemos atentos, pois S\u00e3o Francisco prop\u00f5e um seguimento livre e libertador de Jesus\u201d.<\/p>\n<p>O Provincial falou sobre a determina\u00e7\u00e3o de S\u00e3o Francisco em n\u00e3o se render ao tempo e \u00e0s imposi\u00e7\u00f5es de lideran\u00e7as religiosas de sua \u00e9poca, que desejavam mudar a forma como ele conduzia o Capitulo, com base no despojamento, com f\u00e9 em Deus e na provid\u00eancia. \u201cVamos nos ocupar em fazer bem a nossa miss\u00e3o, pois Deus prover\u00e1 o nosso sustento\u201d.<\/p>\n<p>A passagem pela hist\u00f3ria dos Cap\u00edtulos feita pelo presidente da celebra\u00e7\u00e3o, mostrou a import\u00e2ncia da for\u00e7a e da espiritualidade franciscana, bem como sua resist\u00eancia diante das implica\u00e7\u00f5es dos tempos, bem como a fidelidade em manter viva a for\u00e7a do movimento sustentado por S\u00e3o Francisco de Assis. Como no passado, quando os momentos eram marcados pelo encontro e pela partilha, nessa etapa provincial do Cap\u00edtulo das Esteiras, a s\u00edntese, a compreens\u00e3o e o entendimento se fazem presentes para que seja poss\u00edvel viver a sinodalidade.<\/p>\n<p>\u201c O Cap\u00edtulo das Esteiras da Ordem, que ser\u00e1 realizado em 2025, quer buscar a fidelidade e clareza da nossa identidade. O caminho que o esp\u00edrito com vigor, com luz nos aponta a radicalidade evang\u00e9lica. Por isso, para n\u00f3s \u00e9 importante olhar para a fidelidade original que devemos ter diante dos prop\u00f3sitos de S\u00e3o Francisco. Se \u00e9 para ir com Jesus, nem que seja na contram\u00e3o de tudo aquilo que a sociedade nos imp\u00f5e\u201d, afirmou o Ministro.<\/p>\n<p><img loading=\"lazy\" class=\"aligncenter wp-image-247441 size-large\" src=\"https:\/\/franciscanos.org.br\/noticias\/wp-content\/uploads\/2024\/05\/IMG_20240430_082616-1024x576.jpg\" alt=\"\" width=\"1024\" height=\"576\" srcset=\"https:\/\/franciscanos.org.br\/noticias\/wp-content\/uploads\/2024\/05\/IMG_20240430_082616-1024x576.jpg 1024w, https:\/\/franciscanos.org.br\/noticias\/wp-content\/uploads\/2024\/05\/IMG_20240430_082616-450x253.jpg 450w, https:\/\/franciscanos.org.br\/noticias\/wp-content\/uploads\/2024\/05\/IMG_20240430_082616-768x432.jpg 768w, https:\/\/franciscanos.org.br\/noticias\/wp-content\/uploads\/2024\/05\/IMG_20240430_082616-1536x864.jpg 1536w, https:\/\/franciscanos.org.br\/noticias\/wp-content\/uploads\/2024\/05\/IMG_20240430_082616-2048x1152.jpg 2048w, https:\/\/franciscanos.org.br\/noticias\/wp-content\/uploads\/2024\/05\/IMG_20240430_082616-150x84.jpg 150w, https:\/\/franciscanos.org.br\/noticias\/wp-content\/uploads\/2024\/05\/IMG_20240430_082616-scaled.jpg 1920w\" sizes=\"(max-width: 1024px) 100vw, 1024px\" \/><\/p>\n<p>Segundo ele, o Cap\u00edtulo Geral das Esteiras sugere andar num movimento imposto pela sociedade, indo ao encontro da sinodalidade, que j\u00e1 est\u00e1 presente na vida franciscana , e citou Santa Clara como refer\u00eancia. Frei Paulo ainda afirmou que a Fam\u00edlia Franciscana tem como caracter\u00edstica o encontro com o outro. Ele encerrou mencionando o prop\u00f3sito dos participantes deste Cap\u00edtulo, que chegaram dispostos a escutar, encontrar e ajudar a discernir.<\/p>\n<hr \/>\n<p><em>Adriana Rabelo<\/em><\/p>\n","protected":false},"excerpt":{"rendered":"<p>Cap\u00edtulo Geral das Esteiras- Etapa Provincial<\/p>\n","protected":false},"author":11,"featured_media":247442,"comment_status":"open","ping_status":"open","sticky":false,"template":"","format":"standard","meta":[],"categories":[1],"tags":[1265],"acf":[],"yoast_head":"<!-- This site is optimized with the Yoast SEO plugin v19.2 - https:\/\/yoast.com\/wordpress\/plugins\/seo\/ -->\n<title>Cap\u00edtulo das Esteiras: momento para encontro e escuta - Not\u00edcias - Franciscanos<\/title>\n<meta name=\"robots\" content=\"index, follow, max-snippet:-1, max-image-preview:large, max-video-preview:-1\" \/>\n<link rel=\"canonical\" href=\"https:\/\/franciscanos.org.br\/noticias\/capitulo-das-esteiras-momento-para-encontro-e-escuta.html\" \/>\n<meta property=\"og:locale\" content=\"pt_BR\" \/>\n<meta property=\"og:type\" content=\"article\" \/>\n<meta property=\"og:title\" content=\"Cap\u00edtulo das Esteiras: momento para encontro e escuta - Not\u00edcias - Franciscanos\" \/>\n<meta property=\"og:description\" content=\"Cap\u00edtulo Geral das Esteiras- Etapa Provincial\" \/>\n<meta property=\"og:url\" content=\"https:\/\/franciscanos.org.br\/noticias\/capitulo-das-esteiras-momento-para-encontro-e-escuta.html\" \/>\n<meta property=\"og:site_name\" content=\"Not\u00edcias - Franciscanos\" \/>\n<meta property=\"article:published_time\" content=\"2024-05-01T23:22:28+00:00\" \/>\n<meta property=\"article:modified_time\" content=\"2024-05-02T16:49:05+00:00\" \/>\n<meta property=\"og:image\" content=\"https:\/\/franciscanos.org.br\/noticias\/wp-content\/uploads\/2024\/05\/IMG_20240430_082738-scaled.jpg\" \/>\n\t<meta property=\"og:image:width\" content=\"1920\" \/>\n\t<meta property=\"og:image:height\" content=\"1080\" \/>\n\t<meta property=\"og:image:type\" content=\"image\/jpeg\" \/>\n<meta name=\"author\" content=\"Adriana Rabelo\" \/>\n<meta name=\"twitter:card\" content=\"summary_large_image\" \/>\n<meta name=\"twitter:label1\" content=\"Escrito por\" \/>\n\t<meta name=\"twitter:data1\" content=\"Adriana Rabelo\" \/>\n\t<meta name=\"twitter:label2\" content=\"Est. tempo de leitura\" \/>\n\t<meta name=\"twitter:data2\" content=\"4 minutos\" \/>\n<script type=\"application\/ld+json\" class=\"yoast-schema-graph\">{\"@context\":\"https:\/\/schema.org\",\"@graph\":[{\"@type\":\"WebSite\",\"@id\":\"https:\/\/franciscanos.org.br\/noticias\/#website\",\"url\":\"https:\/\/franciscanos.org.br\/noticias\/\",\"name\":\"Not\u00edcias - Franciscanos\",\"description\":\"Prov\u00edncia Franciscana da Imaculada Concei\u00e7\u00e3o do Brasil - Ordem dos Frades Menores - OFM\",\"potentialAction\":[{\"@type\":\"SearchAction\",\"target\":{\"@type\":\"EntryPoint\",\"urlTemplate\":\"https:\/\/franciscanos.org.br\/noticias\/?s={search_term_string}\"},\"query-input\":\"required name=search_term_string\"}],\"inLanguage\":\"pt-BR\"},{\"@type\":\"ImageObject\",\"inLanguage\":\"pt-BR\",\"@id\":\"https:\/\/franciscanos.org.br\/noticias\/capitulo-das-esteiras-momento-para-encontro-e-escuta.html#primaryimage\",\"url\":\"https:\/\/franciscanos.org.br\/noticias\/wp-content\/uploads\/2024\/05\/IMG_20240430_082738-scaled.jpg\",\"contentUrl\":\"https:\/\/franciscanos.org.br\/noticias\/wp-content\/uploads\/2024\/05\/IMG_20240430_082738-scaled.jpg\",\"width\":1920,\"height\":1080},{\"@type\":\"WebPage\",\"@id\":\"https:\/\/franciscanos.org.br\/noticias\/capitulo-das-esteiras-momento-para-encontro-e-escuta.html#webpage\",\"url\":\"https:\/\/franciscanos.org.br\/noticias\/capitulo-das-esteiras-momento-para-encontro-e-escuta.html\",\"name\":\"Cap\u00edtulo das Esteiras: momento para encontro e escuta - Not\u00edcias - Franciscanos\",\"isPartOf\":{\"@id\":\"https:\/\/franciscanos.org.br\/noticias\/#website\"},\"primaryImageOfPage\":{\"@id\":\"https:\/\/franciscanos.org.br\/noticias\/capitulo-das-esteiras-momento-para-encontro-e-escuta.html#primaryimage\"},\"datePublished\":\"2024-05-01T23:22:28+00:00\",\"dateModified\":\"2024-05-02T16:49:05+00:00\",\"author\":{\"@id\":\"https:\/\/franciscanos.org.br\/noticias\/#\/schema\/person\/d9422e83121c3ad3b0f423d195f5bb25\"},\"breadcrumb\":{\"@id\":\"https:\/\/franciscanos.org.br\/noticias\/capitulo-das-esteiras-momento-para-encontro-e-escuta.html#breadcrumb\"},\"inLanguage\":\"pt-BR\",\"potentialAction\":[{\"@type\":\"ReadAction\",\"target\":[\"https:\/\/franciscanos.org.br\/noticias\/capitulo-das-esteiras-momento-para-encontro-e-escuta.html\"]}]},{\"@type\":\"BreadcrumbList\",\"@id\":\"https:\/\/franciscanos.org.br\/noticias\/capitulo-das-esteiras-momento-para-encontro-e-escuta.html#breadcrumb\",\"itemListElement\":[{\"@type\":\"ListItem\",\"position\":1,\"name\":\"Home\",\"item\":\"https:\/\/franciscanos.org.br\/noticias\"},{\"@type\":\"ListItem\",\"position\":2,\"name\":\"Cap\u00edtulo das Esteiras: momento para encontro e escuta\"}]},{\"@type\":\"Person\",\"@id\":\"https:\/\/franciscanos.org.br\/noticias\/#\/schema\/person\/d9422e83121c3ad3b0f423d195f5bb25\",\"name\":\"Adriana Rabelo\",\"image\":{\"@type\":\"ImageObject\",\"inLanguage\":\"pt-BR\",\"@id\":\"https:\/\/franciscanos.org.br\/noticias\/#\/schema\/person\/image\/\",\"url\":\"https:\/\/secure.gravatar.com\/avatar\/0a937b7500cd7df77540cfb8bede877d?s=96&d=mm&r=g\",\"contentUrl\":\"https:\/\/secure.gravatar.com\/avatar\/0a937b7500cd7df77540cfb8bede877d?s=96&d=mm&r=g\",\"caption\":\"Adriana Rabelo\"},\"url\":\"https:\/\/franciscanos.org.br\/noticias\/author\/adrianarabelo\"}]}<\/script>\n<!-- \/ Yoast SEO plugin. -->","yoast_head_json":{"title":"Cap\u00edtulo das Esteiras: momento para encontro e escuta - Not\u00edcias - Franciscanos","robots":{"index":"index","follow":"follow","max-snippet":"max-snippet:-1","max-image-preview":"max-image-preview:large","max-video-preview":"max-video-preview:-1"},"canonical":"https:\/\/franciscanos.org.br\/noticias\/capitulo-das-esteiras-momento-para-encontro-e-escuta.html","og_locale":"pt_BR","og_type":"article","og_title":"Cap\u00edtulo das Esteiras: momento para encontro e escuta - Not\u00edcias - Franciscanos","og_description":"Cap\u00edtulo Geral das Esteiras- Etapa Provincial","og_url":"https:\/\/franciscanos.org.br\/noticias\/capitulo-das-esteiras-momento-para-encontro-e-escuta.html","og_site_name":"Not\u00edcias - Franciscanos","article_published_time":"2024-05-01T23:22:28+00:00","article_modified_time":"2024-05-02T16:49:05+00:00","og_image":[{"width":1920,"height":1080,"url":"https:\/\/franciscanos.org.br\/noticias\/wp-content\/uploads\/2024\/05\/IMG_20240430_082738-scaled.jpg","type":"image\/jpeg"}],"author":"Adriana Rabelo","twitter_card":"summary_large_image","twitter_misc":{"Escrito por":"Adriana Rabelo","Est. tempo de leitura":"4 minutos"},"schema":{"@context":"https:\/\/schema.org","@graph":[{"@type":"WebSite","@id":"https:\/\/franciscanos.org.br\/noticias\/#website","url":"https:\/\/franciscanos.org.br\/noticias\/","name":"Not\u00edcias - Franciscanos","description":"Prov\u00edncia Franciscana da Imaculada Concei\u00e7\u00e3o do Brasil - Ordem dos Frades Menores - OFM","potentialAction":[{"@type":"SearchAction","target":{"@type":"EntryPoint","urlTemplate":"https:\/\/franciscanos.org.br\/noticias\/?s={search_term_string}"},"query-input":"required name=search_term_string"}],"inLanguage":"pt-BR"},{"@type":"ImageObject","inLanguage":"pt-BR","@id":"https:\/\/franciscanos.org.br\/noticias\/capitulo-das-esteiras-momento-para-encontro-e-escuta.html#primaryimage","url":"https:\/\/franciscanos.org.br\/noticias\/wp-content\/uploads\/2024\/05\/IMG_20240430_082738-scaled.jpg","contentUrl":"https:\/\/franciscanos.org.br\/noticias\/wp-content\/uploads\/2024\/05\/IMG_20240430_082738-scaled.jpg","width":1920,"height":1080},{"@type":"WebPage","@id":"https:\/\/franciscanos.org.br\/noticias\/capitulo-das-esteiras-momento-para-encontro-e-escuta.html#webpage","url":"https:\/\/franciscanos.org.br\/noticias\/capitulo-das-esteiras-momento-para-encontro-e-escuta.html","name":"Cap\u00edtulo das Esteiras: momento para encontro e escuta - Not\u00edcias - Franciscanos","isPartOf":{"@id":"https:\/\/franciscanos.org.br\/noticias\/#website"},"primaryImageOfPage":{"@id":"https:\/\/franciscanos.org.br\/noticias\/capitulo-das-esteiras-momento-para-encontro-e-escuta.html#primaryimage"},"datePublished":"2024-05-01T23:22:28+00:00","dateModified":"2024-05-02T16:49:05+00:00","author":{"@id":"https:\/\/franciscanos.org.br\/noticias\/#\/schema\/person\/d9422e83121c3ad3b0f423d195f5bb25"},"breadcrumb":{"@id":"https:\/\/franciscanos.org.br\/noticias\/capitulo-das-esteiras-momento-para-encontro-e-escuta.html#breadcrumb"},"inLanguage":"pt-BR","potentialAction":[{"@type":"ReadAction","target":["https:\/\/franciscanos.org.br\/noticias\/capitulo-das-esteiras-momento-para-encontro-e-escuta.html"]}]},{"@type":"BreadcrumbList","@id":"https:\/\/franciscanos.org.br\/noticias\/capitulo-das-esteiras-momento-para-encontro-e-escuta.html#breadcrumb","itemListElement":[{"@type":"ListItem","position":1,"name":"Home","item":"https:\/\/franciscanos.org.br\/noticias"},{"@type":"ListItem","position":2,"name":"Cap\u00edtulo das Esteiras: momento para encontro e escuta"}]},{"@type":"Person","@id":"https:\/\/franciscanos.org.br\/noticias\/#\/schema\/person\/d9422e83121c3ad3b0f423d195f5bb25","name":"Adriana Rabelo","image":{"@type":"ImageObject","inLanguage":"pt-BR","@id":"https:\/\/franciscanos.org.br\/noticias\/#\/schema\/person\/image\/","url":"https:\/\/secure.gravatar.com\/avatar\/0a937b7500cd7df77540cfb8bede877d?s=96&d=mm&r=g","contentUrl":"https:\/\/secure.gravatar.com\/avatar\/0a937b7500cd7df77540cfb8bede877d?s=96&d=mm&r=g","caption":"Adriana Rabelo"},"url":"https:\/\/franciscanos.org.br\/noticias\/author\/adrianarabelo"}]}},"_links":{"self":[{"href":"https:\/\/franciscanos.org.br\/noticias\/wp-json\/wp\/v2\/posts\/247435"}],"collection":[{"href":"https:\/\/franciscanos.org.br\/noticias\/wp-json\/wp\/v2\/posts"}],"about":[{"href":"https:\/\/franciscanos.org.br\/noticias\/wp-json\/wp\/v2\/types\/post"}],"author":[{"embeddable":true,"href":"https:\/\/franciscanos.org.br\/noticias\/wp-json\/wp\/v2\/users\/11"}],"replies":[{"embeddable":true,"href":"https:\/\/franciscanos.org.br\/noticias\/wp-json\/wp\/v2\/comments?post=247435"}],"version-history":[{"count":5,"href":"https:\/\/franciscanos.org.br\/noticias\/wp-json\/wp\/v2\/posts\/247435\/revisions"}],"predecessor-version":[{"id":247469,"href":"https:\/\/franciscanos.org.br\/noticias\/wp-json\/wp\/v2\/posts\/247435\/revisions\/247469"}],"wp:featuredmedia":[{"embeddable":true,"href":"https:\/\/franciscanos.org.br\/noticias\/wp-json\/wp\/v2\/media\/247442"}],"wp:attachment":[{"href":"https:\/\/franciscanos.org.br\/noticias\/wp-json\/wp\/v2\/media?parent=247435"}],"wp:term":[{"taxonomy":"category","embeddable":true,"href":"https:\/\/franciscanos.org.br\/noticias\/wp-json\/wp\/v2\/categories?post=247435"},{"taxonomy":"post_tag","embeddable":true,"href":"https:\/\/franciscanos.org.br\/noticias\/wp-json\/wp\/v2\/tags?post=247435"}],"curies":[{"name":"wp","href":"https:\/\/api.w.org\/{rel}","templated":true}]}}