{"id":247431,"date":"2024-05-01T07:00:20","date_gmt":"2024-05-01T10:00:20","guid":{"rendered":"https:\/\/franciscanos.org.br\/noticias\/?p=247431"},"modified":"2024-05-01T14:30:36","modified_gmt":"2024-05-01T17:30:36","slug":"1o-de-maio-cnbb-publica-mensagem-dirigida-aos-trabalhadores-do-campo-e-a-cidade","status":"publish","type":"post","link":"https:\/\/franciscanos.org.br\/noticias\/1o-de-maio-cnbb-publica-mensagem-dirigida-aos-trabalhadores-do-campo-e-a-cidade.html","title":{"rendered":"1\u00ba de maio: CNBB publica mensagem dirigida aos trabalhadores do Campo e a Cidade"},"content":{"rendered":"<p><img loading=\"lazy\" class=\"aligncenter wp-image-247432 size-full\" src=\"https:\/\/franciscanos.org.br\/noticias\/wp-content\/uploads\/2024\/05\/Arte-para-o-1o-de-maio.jpg\" alt=\"\" width=\"1100\" height=\"580\" srcset=\"https:\/\/franciscanos.org.br\/noticias\/wp-content\/uploads\/2024\/05\/Arte-para-o-1o-de-maio.jpg 1100w, https:\/\/franciscanos.org.br\/noticias\/wp-content\/uploads\/2024\/05\/Arte-para-o-1o-de-maio-450x237.jpg 450w, https:\/\/franciscanos.org.br\/noticias\/wp-content\/uploads\/2024\/05\/Arte-para-o-1o-de-maio-1024x540.jpg 1024w, https:\/\/franciscanos.org.br\/noticias\/wp-content\/uploads\/2024\/05\/Arte-para-o-1o-de-maio-768x405.jpg 768w, https:\/\/franciscanos.org.br\/noticias\/wp-content\/uploads\/2024\/05\/Arte-para-o-1o-de-maio-150x79.jpg 150w\" sizes=\"(max-width: 1100px) 100vw, 1100px\" \/><\/p>\n<p>A Confer\u00eancia Nacional dos Bispos do Brasil (CNBB) publicou nesta ter\u00e7a-feira, 30 de abril, a Mensagem por Ocasi\u00e3o ao 1\u00ba de Maio,\u00a0 dirigida aos trabalhadores do campo e da cidade do pa\u00eds. O documento inspira-se na figura de S\u00e3o Jos\u00e9 Oper\u00e1rio, na Palavra de Deus e na Doutrina Social da Igreja.<\/p>\n<p><em>A mensagem lembra que a reflex\u00e3o da Doutrina Social da Igreja Cat\u00f3lica nasce do encontro dos crist\u00e3os cat\u00f3licos\u00a0 com as realidades desafiadoras do mundo do trabalho e com a Palavra de Deus e destaca trecho da Enc\u00edclica Laborem Exercens, do Papa S\u00e3o Jo\u00e3o Paulo II, sobre o trabalho: \u201co trabalho humano \u00e9 uma chave, provavelmente a chave essencial de toda a quest\u00e3o social\u201d.<\/em><\/p>\n<p><strong>Deus: oleiro e agricultor<\/strong><\/p>\n<p>O texto refor\u00e7a ainda a ideia expressa figurativamente, j\u00e1 na primeira p\u00e1gina da B\u00edblia, de um Deus que trabalha como oleiro e agricultor e destaca o discurso do Papa Francisco sobre o trabalho em visita pastoral a G\u00eanova, 27 de maio de 2017, no qual o Santo Padre afirmou que: \u201co trabalho \u00e9 fundamental para a dignidade da pessoa humana, \u201cprioridade crist\u00e3 a partir de Jesus trabalhador. Onde houver um trabalhador ali estar\u00e3o o interesse e o olhar de amor do Senhor e da Igreja\u201d.<\/p>\n<p><em>Em tempos de desemprego e de precariza\u00e7\u00e3o das rela\u00e7\u00f5es de trabalho, a CNBB refor\u00e7a o desejo do Papa Francisco que convoca a todos a \u201cum novo pacto social humano, um novo pacto social para o trabalho\u201d (Discurso aos delegados da Confedera\u00e7\u00e3o Italiana Sindical dos Trabalhadores, 28 de junho de 2017).<\/em><\/p>\n<p>A Mensagem da CNBB aos trabalhadores afirma ainda que as \u201ccondi\u00e7\u00f5es dignas de vida e de trabalho, a gera\u00e7\u00e3o de emprego e renda, principalmente para os jovens, e o respeito aos direitos dos trabalhadores e trabalhadoras, a supera\u00e7\u00e3o da escravid\u00e3o e de toda forma de explora\u00e7\u00e3o s\u00e3o motivos de celebra\u00e7\u00e3o e de cont\u00ednuo cuidado\u201d.<\/p>\n<hr \/>\n<p><em>CNBB<\/em><\/p>\n<p><a href=\"https:\/\/franciscanos.org.br\/banca\/wp-content\/uploads\/2024\/05\/Mensagem-para-o-dia-1o-de-Maio-Dia-do-Trabalhador.pdf\"><strong>Confira a mensagem\u00a0 aos trabalhadores na \u00edntegra<\/strong><\/a><\/p>\n","protected":false},"excerpt":{"rendered":"<p>Mensagem CNBB<\/p>\n","protected":false},"author":11,"featured_media":0,"comment_status":"open","ping_status":"open","sticky":false,"template":"","format":"standard","meta":[],"categories":[1],"tags":[2213,1796],"acf":[],"yoast_head":"<!-- This site is optimized with the Yoast SEO plugin v19.2 - https:\/\/yoast.com\/wordpress\/plugins\/seo\/ -->\n<title>1\u00ba de maio: CNBB publica mensagem dirigida aos trabalhadores do Campo e a Cidade - Not\u00edcias - Franciscanos<\/title>\n<meta name=\"robots\" content=\"index, follow, max-snippet:-1, max-image-preview:large, max-video-preview:-1\" \/>\n<link rel=\"canonical\" href=\"https:\/\/franciscanos.org.br\/noticias\/1o-de-maio-cnbb-publica-mensagem-dirigida-aos-trabalhadores-do-campo-e-a-cidade.html\" \/>\n<meta property=\"og:locale\" content=\"pt_BR\" \/>\n<meta property=\"og:type\" content=\"article\" \/>\n<meta property=\"og:title\" content=\"1\u00ba de maio: CNBB publica mensagem dirigida aos trabalhadores do Campo e a Cidade - Not\u00edcias - Franciscanos\" \/>\n<meta property=\"og:description\" content=\"Mensagem CNBB\" \/>\n<meta property=\"og:url\" content=\"https:\/\/franciscanos.org.br\/noticias\/1o-de-maio-cnbb-publica-mensagem-dirigida-aos-trabalhadores-do-campo-e-a-cidade.html\" \/>\n<meta property=\"og:site_name\" content=\"Not\u00edcias - Franciscanos\" \/>\n<meta property=\"article:published_time\" content=\"2024-05-01T10:00:20+00:00\" \/>\n<meta property=\"article:modified_time\" content=\"2024-05-01T17:30:36+00:00\" \/>\n<meta property=\"og:image\" content=\"https:\/\/franciscanos.org.br\/noticias\/wp-content\/uploads\/2024\/05\/Arte-para-o-1o-de-maio.jpg\" \/>\n<meta name=\"author\" content=\"Adriana Rabelo\" \/>\n<meta name=\"twitter:card\" content=\"summary_large_image\" \/>\n<meta name=\"twitter:label1\" content=\"Escrito por\" \/>\n\t<meta name=\"twitter:data1\" content=\"Adriana Rabelo\" \/>\n\t<meta name=\"twitter:label2\" content=\"Est. tempo de leitura\" \/>\n\t<meta name=\"twitter:data2\" content=\"2 minutos\" \/>\n<script type=\"application\/ld+json\" class=\"yoast-schema-graph\">{\"@context\":\"https:\/\/schema.org\",\"@graph\":[{\"@type\":\"WebSite\",\"@id\":\"https:\/\/franciscanos.org.br\/noticias\/#website\",\"url\":\"https:\/\/franciscanos.org.br\/noticias\/\",\"name\":\"Not\u00edcias - Franciscanos\",\"description\":\"Prov\u00edncia Franciscana da Imaculada Concei\u00e7\u00e3o do Brasil - Ordem dos Frades Menores - OFM\",\"potentialAction\":[{\"@type\":\"SearchAction\",\"target\":{\"@type\":\"EntryPoint\",\"urlTemplate\":\"https:\/\/franciscanos.org.br\/noticias\/?s={search_term_string}\"},\"query-input\":\"required name=search_term_string\"}],\"inLanguage\":\"pt-BR\"},{\"@type\":\"ImageObject\",\"inLanguage\":\"pt-BR\",\"@id\":\"https:\/\/franciscanos.org.br\/noticias\/1o-de-maio-cnbb-publica-mensagem-dirigida-aos-trabalhadores-do-campo-e-a-cidade.html#primaryimage\",\"url\":\"https:\/\/franciscanos.org.br\/noticias\/wp-content\/uploads\/2024\/05\/Arte-para-o-1o-de-maio.jpg\",\"contentUrl\":\"https:\/\/franciscanos.org.br\/noticias\/wp-content\/uploads\/2024\/05\/Arte-para-o-1o-de-maio.jpg\",\"width\":1100,\"height\":580},{\"@type\":\"WebPage\",\"@id\":\"https:\/\/franciscanos.org.br\/noticias\/1o-de-maio-cnbb-publica-mensagem-dirigida-aos-trabalhadores-do-campo-e-a-cidade.html#webpage\",\"url\":\"https:\/\/franciscanos.org.br\/noticias\/1o-de-maio-cnbb-publica-mensagem-dirigida-aos-trabalhadores-do-campo-e-a-cidade.html\",\"name\":\"1\u00ba de maio: CNBB publica mensagem dirigida aos trabalhadores do Campo e a Cidade - Not\u00edcias - Franciscanos\",\"isPartOf\":{\"@id\":\"https:\/\/franciscanos.org.br\/noticias\/#website\"},\"primaryImageOfPage\":{\"@id\":\"https:\/\/franciscanos.org.br\/noticias\/1o-de-maio-cnbb-publica-mensagem-dirigida-aos-trabalhadores-do-campo-e-a-cidade.html#primaryimage\"},\"datePublished\":\"2024-05-01T10:00:20+00:00\",\"dateModified\":\"2024-05-01T17:30:36+00:00\",\"author\":{\"@id\":\"https:\/\/franciscanos.org.br\/noticias\/#\/schema\/person\/d9422e83121c3ad3b0f423d195f5bb25\"},\"breadcrumb\":{\"@id\":\"https:\/\/franciscanos.org.br\/noticias\/1o-de-maio-cnbb-publica-mensagem-dirigida-aos-trabalhadores-do-campo-e-a-cidade.html#breadcrumb\"},\"inLanguage\":\"pt-BR\",\"potentialAction\":[{\"@type\":\"ReadAction\",\"target\":[\"https:\/\/franciscanos.org.br\/noticias\/1o-de-maio-cnbb-publica-mensagem-dirigida-aos-trabalhadores-do-campo-e-a-cidade.html\"]}]},{\"@type\":\"BreadcrumbList\",\"@id\":\"https:\/\/franciscanos.org.br\/noticias\/1o-de-maio-cnbb-publica-mensagem-dirigida-aos-trabalhadores-do-campo-e-a-cidade.html#breadcrumb\",\"itemListElement\":[{\"@type\":\"ListItem\",\"position\":1,\"name\":\"Home\",\"item\":\"https:\/\/franciscanos.org.br\/noticias\"},{\"@type\":\"ListItem\",\"position\":2,\"name\":\"1\u00ba de maio: CNBB publica mensagem dirigida aos trabalhadores do Campo e a Cidade\"}]},{\"@type\":\"Person\",\"@id\":\"https:\/\/franciscanos.org.br\/noticias\/#\/schema\/person\/d9422e83121c3ad3b0f423d195f5bb25\",\"name\":\"Adriana Rabelo\",\"image\":{\"@type\":\"ImageObject\",\"inLanguage\":\"pt-BR\",\"@id\":\"https:\/\/franciscanos.org.br\/noticias\/#\/schema\/person\/image\/\",\"url\":\"https:\/\/secure.gravatar.com\/avatar\/0a937b7500cd7df77540cfb8bede877d?s=96&d=mm&r=g\",\"contentUrl\":\"https:\/\/secure.gravatar.com\/avatar\/0a937b7500cd7df77540cfb8bede877d?s=96&d=mm&r=g\",\"caption\":\"Adriana Rabelo\"},\"url\":\"https:\/\/franciscanos.org.br\/noticias\/author\/adrianarabelo\"}]}<\/script>\n<!-- \/ Yoast SEO plugin. -->","yoast_head_json":{"title":"1\u00ba de maio: CNBB publica mensagem dirigida aos trabalhadores do Campo e a Cidade - Not\u00edcias - Franciscanos","robots":{"index":"index","follow":"follow","max-snippet":"max-snippet:-1","max-image-preview":"max-image-preview:large","max-video-preview":"max-video-preview:-1"},"canonical":"https:\/\/franciscanos.org.br\/noticias\/1o-de-maio-cnbb-publica-mensagem-dirigida-aos-trabalhadores-do-campo-e-a-cidade.html","og_locale":"pt_BR","og_type":"article","og_title":"1\u00ba de maio: CNBB publica mensagem dirigida aos trabalhadores do Campo e a Cidade - Not\u00edcias - Franciscanos","og_description":"Mensagem CNBB","og_url":"https:\/\/franciscanos.org.br\/noticias\/1o-de-maio-cnbb-publica-mensagem-dirigida-aos-trabalhadores-do-campo-e-a-cidade.html","og_site_name":"Not\u00edcias - Franciscanos","article_published_time":"2024-05-01T10:00:20+00:00","article_modified_time":"2024-05-01T17:30:36+00:00","og_image":[{"url":"https:\/\/franciscanos.org.br\/noticias\/wp-content\/uploads\/2024\/05\/Arte-para-o-1o-de-maio.jpg"}],"author":"Adriana Rabelo","twitter_card":"summary_large_image","twitter_misc":{"Escrito por":"Adriana Rabelo","Est. tempo de leitura":"2 minutos"},"schema":{"@context":"https:\/\/schema.org","@graph":[{"@type":"WebSite","@id":"https:\/\/franciscanos.org.br\/noticias\/#website","url":"https:\/\/franciscanos.org.br\/noticias\/","name":"Not\u00edcias - Franciscanos","description":"Prov\u00edncia Franciscana da Imaculada Concei\u00e7\u00e3o do Brasil - Ordem dos Frades Menores - OFM","potentialAction":[{"@type":"SearchAction","target":{"@type":"EntryPoint","urlTemplate":"https:\/\/franciscanos.org.br\/noticias\/?s={search_term_string}"},"query-input":"required name=search_term_string"}],"inLanguage":"pt-BR"},{"@type":"ImageObject","inLanguage":"pt-BR","@id":"https:\/\/franciscanos.org.br\/noticias\/1o-de-maio-cnbb-publica-mensagem-dirigida-aos-trabalhadores-do-campo-e-a-cidade.html#primaryimage","url":"https:\/\/franciscanos.org.br\/noticias\/wp-content\/uploads\/2024\/05\/Arte-para-o-1o-de-maio.jpg","contentUrl":"https:\/\/franciscanos.org.br\/noticias\/wp-content\/uploads\/2024\/05\/Arte-para-o-1o-de-maio.jpg","width":1100,"height":580},{"@type":"WebPage","@id":"https:\/\/franciscanos.org.br\/noticias\/1o-de-maio-cnbb-publica-mensagem-dirigida-aos-trabalhadores-do-campo-e-a-cidade.html#webpage","url":"https:\/\/franciscanos.org.br\/noticias\/1o-de-maio-cnbb-publica-mensagem-dirigida-aos-trabalhadores-do-campo-e-a-cidade.html","name":"1\u00ba de maio: CNBB publica mensagem dirigida aos trabalhadores do Campo e a Cidade - Not\u00edcias - Franciscanos","isPartOf":{"@id":"https:\/\/franciscanos.org.br\/noticias\/#website"},"primaryImageOfPage":{"@id":"https:\/\/franciscanos.org.br\/noticias\/1o-de-maio-cnbb-publica-mensagem-dirigida-aos-trabalhadores-do-campo-e-a-cidade.html#primaryimage"},"datePublished":"2024-05-01T10:00:20+00:00","dateModified":"2024-05-01T17:30:36+00:00","author":{"@id":"https:\/\/franciscanos.org.br\/noticias\/#\/schema\/person\/d9422e83121c3ad3b0f423d195f5bb25"},"breadcrumb":{"@id":"https:\/\/franciscanos.org.br\/noticias\/1o-de-maio-cnbb-publica-mensagem-dirigida-aos-trabalhadores-do-campo-e-a-cidade.html#breadcrumb"},"inLanguage":"pt-BR","potentialAction":[{"@type":"ReadAction","target":["https:\/\/franciscanos.org.br\/noticias\/1o-de-maio-cnbb-publica-mensagem-dirigida-aos-trabalhadores-do-campo-e-a-cidade.html"]}]},{"@type":"BreadcrumbList","@id":"https:\/\/franciscanos.org.br\/noticias\/1o-de-maio-cnbb-publica-mensagem-dirigida-aos-trabalhadores-do-campo-e-a-cidade.html#breadcrumb","itemListElement":[{"@type":"ListItem","position":1,"name":"Home","item":"https:\/\/franciscanos.org.br\/noticias"},{"@type":"ListItem","position":2,"name":"1\u00ba de maio: CNBB publica mensagem dirigida aos trabalhadores do Campo e a Cidade"}]},{"@type":"Person","@id":"https:\/\/franciscanos.org.br\/noticias\/#\/schema\/person\/d9422e83121c3ad3b0f423d195f5bb25","name":"Adriana Rabelo","image":{"@type":"ImageObject","inLanguage":"pt-BR","@id":"https:\/\/franciscanos.org.br\/noticias\/#\/schema\/person\/image\/","url":"https:\/\/secure.gravatar.com\/avatar\/0a937b7500cd7df77540cfb8bede877d?s=96&d=mm&r=g","contentUrl":"https:\/\/secure.gravatar.com\/avatar\/0a937b7500cd7df77540cfb8bede877d?s=96&d=mm&r=g","caption":"Adriana Rabelo"},"url":"https:\/\/franciscanos.org.br\/noticias\/author\/adrianarabelo"}]}},"_links":{"self":[{"href":"https:\/\/franciscanos.org.br\/noticias\/wp-json\/wp\/v2\/posts\/247431"}],"collection":[{"href":"https:\/\/franciscanos.org.br\/noticias\/wp-json\/wp\/v2\/posts"}],"about":[{"href":"https:\/\/franciscanos.org.br\/noticias\/wp-json\/wp\/v2\/types\/post"}],"author":[{"embeddable":true,"href":"https:\/\/franciscanos.org.br\/noticias\/wp-json\/wp\/v2\/users\/11"}],"replies":[{"embeddable":true,"href":"https:\/\/franciscanos.org.br\/noticias\/wp-json\/wp\/v2\/comments?post=247431"}],"version-history":[{"count":2,"href":"https:\/\/franciscanos.org.br\/noticias\/wp-json\/wp\/v2\/posts\/247431\/revisions"}],"predecessor-version":[{"id":247434,"href":"https:\/\/franciscanos.org.br\/noticias\/wp-json\/wp\/v2\/posts\/247431\/revisions\/247434"}],"wp:attachment":[{"href":"https:\/\/franciscanos.org.br\/noticias\/wp-json\/wp\/v2\/media?parent=247431"}],"wp:term":[{"taxonomy":"category","embeddable":true,"href":"https:\/\/franciscanos.org.br\/noticias\/wp-json\/wp\/v2\/categories?post=247431"},{"taxonomy":"post_tag","embeddable":true,"href":"https:\/\/franciscanos.org.br\/noticias\/wp-json\/wp\/v2\/tags?post=247431"}],"curies":[{"name":"wp","href":"https:\/\/api.w.org\/{rel}","templated":true}]}}