{"id":247425,"date":"2024-05-01T14:00:01","date_gmt":"2024-05-01T17:00:01","guid":{"rendered":"https:\/\/franciscanos.org.br\/noticias\/?p=247425"},"modified":"2024-05-01T14:00:01","modified_gmt":"2024-05-01T17:00:01","slug":"papa-em-apelo-pela-paz-recorda-que-ganhar-com-a-morte-e-terrivel","status":"publish","type":"post","link":"https:\/\/franciscanos.org.br\/noticias\/papa-em-apelo-pela-paz-recorda-que-ganhar-com-a-morte-e-terrivel.html","title":{"rendered":"Papa em apelo pela paz recorda que ganhar com a morte \u00e9 terr\u00edvel"},"content":{"rendered":"<div>\n<div class=\"article__embed article__embed--border embed_style\">\n<blockquote><p><img loading=\"lazy\" class=\"aligncenter wp-image-247426 size-full\" src=\"https:\/\/franciscanos.org.br\/noticias\/wp-content\/uploads\/2024\/05\/AUDIENCIA-GERAL-01-05.jpeg\" alt=\"\" width=\"750\" height=\"422\" srcset=\"https:\/\/franciscanos.org.br\/noticias\/wp-content\/uploads\/2024\/05\/AUDIENCIA-GERAL-01-05.jpeg 750w, https:\/\/franciscanos.org.br\/noticias\/wp-content\/uploads\/2024\/05\/AUDIENCIA-GERAL-01-05-450x253.jpeg 450w, https:\/\/franciscanos.org.br\/noticias\/wp-content\/uploads\/2024\/05\/AUDIENCIA-GERAL-01-05-150x84.jpeg 150w\" sizes=\"(max-width: 750px) 100vw, 750px\" \/><\/p>\n<p>Na catequese da Audi\u00eancia Geral desta quarta-feira (1\u00b0\/05), realizada na Sala Paulo VI, o Papa Francisco falou sobre a virtude da f\u00e9 que junto com a caridade e a esperan\u00e7a formam as virtudes teologais.<\/p>\n<div>\n<div class=\"article__embed article__embed--border embed_style\">\n<blockquote><p>\u201cAs tr\u00eas virtudes teologais s\u00e3o os grandes dons que Deus d\u00e1 \u00e0 nossa capacidade moral.\u201d<\/p><\/blockquote>\n<\/div>\n<\/div>\n<p><i>Sem elas poder\u00edamos ser prudentes, justos, fortes e temperantes, mas n\u00e3o ter\u00edamos olhos que veem mesmo no escuro, n\u00e3o ter\u00edamos um cora\u00e7\u00e3o que ama mesmo quando n\u00e3o \u00e9 amado, n\u00e3o ter\u00edamos uma esperan\u00e7a que ousa contra toda esperan\u00e7a.<\/i><\/p>\n<p><strong>Ser crist\u00e3o \u00e9 preservar o v\u00ednculo com Deus<\/strong><\/p>\n<p>Segundo o Catecismo da Igreja Cat\u00f3lica, &#8220;a f\u00e9 \u00e9 o ato com o qual o homem entrega-se total e livremente a Deus&#8221;. &#8220;Nesta f\u00e9, Abra\u00e3o foi o grande pai. Quando concordou em deixar a terra dos seus antepassados \u200b\u200bpara ir em dire\u00e7\u00e3o \u00e0 terra que Deus lhe teria mostrado. Nesta f\u00e9, Abra\u00e3o se torna pai de uma longa linhagem de filhos. A f\u00e9 o tornou fecundo&#8221;, disse ainda o Papa, citando como exemplos tamb\u00e9m Mois\u00e9s, que permaneceu firme, confiante no Senhor, e defendeu &#8220;o povo que muitas vezes n\u00e3o tinha f\u00e9&#8221;, e a Virgem Maria, que &#8220;com o cora\u00e7\u00e3o cheio de f\u00e9, com o cora\u00e7\u00e3o cheio de confian\u00e7a em Deus, inicia um caminho cujo percurso e perigos ela n\u00e3o conhece&#8221;.<\/p>\n<div>\n<div class=\"article__embed article__embed--border embed_style\">\n<blockquote><p>\u201cA f\u00e9 \u00e9 a virtude que faz o crist\u00e3o. Porque ser crist\u00e3o n\u00e3o \u00e9 antes de tudo aceitar uma cultura, com os valores que a acompanham, mas acolher e preservar um v\u00ednculo, um v\u00ednculo com Deus: eu e Deus; a minha pessoa e o rosto am\u00e1vel de Jesus. Este v\u00ednculo \u00e9 o que nos torna crist\u00e3os.\u201d<\/p><\/blockquote>\n<\/div>\n<\/div>\n<p><strong>O Grande inimigo da f\u00e9 \u00e9 o medo<\/strong><\/p>\n<p>Segundo o Papa, o grande inimigo da f\u00e9 n\u00e3o \u00e9 a intelig\u00eancia, n\u00e3o \u00e9 a raz\u00e3o, &#8220;<b>mas o grande inimigo da f\u00e9 \u00e9 o medo<\/b>&#8220;. &#8220;Por isso, a f\u00e9 \u00e9 o primeiro dom a ser acolhido na vida crist\u00e3: um dom que deve ser acolhido e pedido diariamente, para que se renove em n\u00f3s. Aparentemente \u00e9 um dom pequeno, mas \u00e9 o essencial. Quando nos levaram \u00e0 pia batismal, os nossos pais, depois de anunciarem o nome que haviam escolhido para n\u00f3s, foram questionados pelo sacerdote: \u201cO que voc\u00eas pedem \u00e0 Igreja de Deus?\u201d. E eles responderam: \u201cA f\u00e9, o batismo!\u201d&#8221;, disse ainda Francisco.<\/p>\n<p>&#8220;Para um progenitor crist\u00e3o, consciente da gra\u00e7a que lhe foi dada, esse \u00e9 o dom que deve pedir tamb\u00e9m para o seu filho: a f\u00e9. Com ela, um progenitor sabe que, mesmo no meio das prova\u00e7\u00f5es da vida, o seu filho n\u00e3o se afogar\u00e1 no medo. O inimigo \u00e9 o medo.Ele tamb\u00e9m sabe que quando deixar de ter um progenitor nesta terra, continuar\u00e1 tendo um Deus Pai no c\u00e9u, que nunca o abandonar\u00e1. O nosso amor \u00e9 fr\u00e1gil, s\u00f3 o amor de Deus vence a morte&#8221;.<\/p><\/blockquote>\n<p><strong>\u00a0 \u00a0 \u00a0 \u00a0 \u00a0 F\u00e9, virtude que podemos invejar<\/strong><\/p>\n<blockquote><p>Francisco disse ainda que &#8220;nem todos t\u00eam f\u00e9&#8221;, &#8220;e mesmo n\u00f3s, que cremos, muitas vezes percebemos que temos apenas uma pequena quantidade dela. Muitas vezes Jesus pode censurar-nos, como fez com os seus disc\u00edpulos, por sermos &#8216;homens de pouca f\u00e9&#8217;\u201d.<\/p>\n<div>\n<div class=\"article__embed article__embed--border embed_style\">\n<blockquote><p>\u201cMas \u00e9 o dom mais feliz, a \u00fanica virtude que podemos invejar. Porque quem tem f\u00e9 \u00e9 habitado por uma for\u00e7a que n\u00e3o \u00e9 s\u00f3 humana; de fato, a f\u00e9 \u201cdesencadeia\u201d em n\u00f3s a gra\u00e7a e abre a mente ao mist\u00e9rio de Deus.\u201d<\/p><\/blockquote>\n<\/div>\n<\/div>\n<p>O Papa convidou todos os presentes na Sala S\u00e3o Paulo VI a pedirem: Senhor, aumentai a nossa f\u00e9! Esta &#8220;\u00e9 uma ora\u00e7\u00e3o bonita&#8221;, concluiu.<\/p>\n<p>Ap\u00f3s a catequese sobre a virtude teologal da f\u00e9, nas sauda\u00e7\u00f5es finais aos peregrinos provenientes de diversos pa\u00edses, Francisco tamb\u00e9m se dirigiu aqueles de l\u00edngua italiana, ao exortar ora\u00e7\u00f5es pela paz diante das guerras e de situa\u00e7\u00f5es de sofrimento que assolam o mundo:<\/p>\n<div>\n<div class=\"article__embed article__embed--border embed_style\">\n<blockquote><p>\u201cE, ent\u00e3o, n\u00e3o esque\u00e7amos de rezar pela paz: rezemos pelos povos que s\u00e3o v\u00edtimas da guerra. A guerra \u00e9 sempre uma derrota, sempre. Pensemos \u00e0 martirizada Ucr\u00e2nia, que sofre tanto. Pensemos nos habitantes da Palestina e de Israel, que est\u00e3o em guerra. Pensemos nos Rohingya, em Mianmar, e pe\u00e7amos a paz, pe\u00e7amos a verdadeira paz para esses povos e para o mundo inteiro. Infelizmente, hoje, os investimentos que mais geram renda s\u00e3o as f\u00e1bricas de armas: terr\u00edvel, ganhar com a morte! Pe\u00e7amos a paz, que avance, a paz.\u201d<\/p>\n<hr \/>\n<p><em>Mariangela Jaguraba &#8211; Vatican News<\/em><\/p><\/blockquote>\n<\/div>\n<\/div>\n<\/blockquote>\n<\/div>\n<\/div>\n","protected":false},"excerpt":{"rendered":"<p>Audi\u00eancia Geral- Papa Francisco<\/p>\n","protected":false},"author":11,"featured_media":247426,"comment_status":"open","ping_status":"open","sticky":false,"template":"","format":"standard","meta":[],"categories":[1,1428],"tags":[487,55],"acf":[],"yoast_head":"<!-- This site is optimized with the Yoast SEO plugin v19.2 - https:\/\/yoast.com\/wordpress\/plugins\/seo\/ -->\n<title>Papa em apelo pela paz recorda que ganhar com a morte \u00e9 terr\u00edvel - Not\u00edcias - Franciscanos<\/title>\n<meta name=\"robots\" content=\"index, follow, max-snippet:-1, max-image-preview:large, max-video-preview:-1\" \/>\n<link rel=\"canonical\" href=\"https:\/\/franciscanos.org.br\/noticias\/papa-em-apelo-pela-paz-recorda-que-ganhar-com-a-morte-e-terrivel.html\" \/>\n<meta property=\"og:locale\" content=\"pt_BR\" \/>\n<meta property=\"og:type\" content=\"article\" \/>\n<meta property=\"og:title\" content=\"Papa em apelo pela paz recorda que ganhar com a morte \u00e9 terr\u00edvel - Not\u00edcias - Franciscanos\" \/>\n<meta property=\"og:description\" content=\"Audi\u00eancia Geral- Papa Francisco\" \/>\n<meta property=\"og:url\" content=\"https:\/\/franciscanos.org.br\/noticias\/papa-em-apelo-pela-paz-recorda-que-ganhar-com-a-morte-e-terrivel.html\" \/>\n<meta property=\"og:site_name\" content=\"Not\u00edcias - Franciscanos\" \/>\n<meta property=\"article:published_time\" content=\"2024-05-01T17:00:01+00:00\" \/>\n<meta property=\"og:image\" content=\"https:\/\/franciscanos.org.br\/noticias\/wp-content\/uploads\/2024\/05\/AUDIENCIA-GERAL-01-05.jpeg\" \/>\n\t<meta property=\"og:image:width\" content=\"750\" \/>\n\t<meta property=\"og:image:height\" content=\"422\" \/>\n\t<meta property=\"og:image:type\" content=\"image\/jpeg\" \/>\n<meta name=\"author\" content=\"Adriana Rabelo\" \/>\n<meta name=\"twitter:card\" content=\"summary_large_image\" \/>\n<meta name=\"twitter:label1\" content=\"Escrito por\" \/>\n\t<meta name=\"twitter:data1\" content=\"Adriana Rabelo\" \/>\n\t<meta name=\"twitter:label2\" content=\"Est. tempo de leitura\" \/>\n\t<meta name=\"twitter:data2\" content=\"4 minutos\" \/>\n<script type=\"application\/ld+json\" class=\"yoast-schema-graph\">{\"@context\":\"https:\/\/schema.org\",\"@graph\":[{\"@type\":\"WebSite\",\"@id\":\"https:\/\/franciscanos.org.br\/noticias\/#website\",\"url\":\"https:\/\/franciscanos.org.br\/noticias\/\",\"name\":\"Not\u00edcias - Franciscanos\",\"description\":\"Prov\u00edncia Franciscana da Imaculada Concei\u00e7\u00e3o do Brasil - Ordem dos Frades Menores - OFM\",\"potentialAction\":[{\"@type\":\"SearchAction\",\"target\":{\"@type\":\"EntryPoint\",\"urlTemplate\":\"https:\/\/franciscanos.org.br\/noticias\/?s={search_term_string}\"},\"query-input\":\"required name=search_term_string\"}],\"inLanguage\":\"pt-BR\"},{\"@type\":\"ImageObject\",\"inLanguage\":\"pt-BR\",\"@id\":\"https:\/\/franciscanos.org.br\/noticias\/papa-em-apelo-pela-paz-recorda-que-ganhar-com-a-morte-e-terrivel.html#primaryimage\",\"url\":\"https:\/\/franciscanos.org.br\/noticias\/wp-content\/uploads\/2024\/05\/AUDIENCIA-GERAL-01-05.jpeg\",\"contentUrl\":\"https:\/\/franciscanos.org.br\/noticias\/wp-content\/uploads\/2024\/05\/AUDIENCIA-GERAL-01-05.jpeg\",\"width\":750,\"height\":422},{\"@type\":\"WebPage\",\"@id\":\"https:\/\/franciscanos.org.br\/noticias\/papa-em-apelo-pela-paz-recorda-que-ganhar-com-a-morte-e-terrivel.html#webpage\",\"url\":\"https:\/\/franciscanos.org.br\/noticias\/papa-em-apelo-pela-paz-recorda-que-ganhar-com-a-morte-e-terrivel.html\",\"name\":\"Papa em apelo pela paz recorda que ganhar com a morte \u00e9 terr\u00edvel - Not\u00edcias - Franciscanos\",\"isPartOf\":{\"@id\":\"https:\/\/franciscanos.org.br\/noticias\/#website\"},\"primaryImageOfPage\":{\"@id\":\"https:\/\/franciscanos.org.br\/noticias\/papa-em-apelo-pela-paz-recorda-que-ganhar-com-a-morte-e-terrivel.html#primaryimage\"},\"datePublished\":\"2024-05-01T17:00:01+00:00\",\"dateModified\":\"2024-05-01T17:00:01+00:00\",\"author\":{\"@id\":\"https:\/\/franciscanos.org.br\/noticias\/#\/schema\/person\/d9422e83121c3ad3b0f423d195f5bb25\"},\"breadcrumb\":{\"@id\":\"https:\/\/franciscanos.org.br\/noticias\/papa-em-apelo-pela-paz-recorda-que-ganhar-com-a-morte-e-terrivel.html#breadcrumb\"},\"inLanguage\":\"pt-BR\",\"potentialAction\":[{\"@type\":\"ReadAction\",\"target\":[\"https:\/\/franciscanos.org.br\/noticias\/papa-em-apelo-pela-paz-recorda-que-ganhar-com-a-morte-e-terrivel.html\"]}]},{\"@type\":\"BreadcrumbList\",\"@id\":\"https:\/\/franciscanos.org.br\/noticias\/papa-em-apelo-pela-paz-recorda-que-ganhar-com-a-morte-e-terrivel.html#breadcrumb\",\"itemListElement\":[{\"@type\":\"ListItem\",\"position\":1,\"name\":\"Home\",\"item\":\"https:\/\/franciscanos.org.br\/noticias\"},{\"@type\":\"ListItem\",\"position\":2,\"name\":\"Papa em apelo pela paz recorda que ganhar com a morte \u00e9 terr\u00edvel\"}]},{\"@type\":\"Person\",\"@id\":\"https:\/\/franciscanos.org.br\/noticias\/#\/schema\/person\/d9422e83121c3ad3b0f423d195f5bb25\",\"name\":\"Adriana Rabelo\",\"image\":{\"@type\":\"ImageObject\",\"inLanguage\":\"pt-BR\",\"@id\":\"https:\/\/franciscanos.org.br\/noticias\/#\/schema\/person\/image\/\",\"url\":\"https:\/\/secure.gravatar.com\/avatar\/0a937b7500cd7df77540cfb8bede877d?s=96&d=mm&r=g\",\"contentUrl\":\"https:\/\/secure.gravatar.com\/avatar\/0a937b7500cd7df77540cfb8bede877d?s=96&d=mm&r=g\",\"caption\":\"Adriana Rabelo\"},\"url\":\"https:\/\/franciscanos.org.br\/noticias\/author\/adrianarabelo\"}]}<\/script>\n<!-- \/ Yoast SEO plugin. -->","yoast_head_json":{"title":"Papa em apelo pela paz recorda que ganhar com a morte \u00e9 terr\u00edvel - Not\u00edcias - Franciscanos","robots":{"index":"index","follow":"follow","max-snippet":"max-snippet:-1","max-image-preview":"max-image-preview:large","max-video-preview":"max-video-preview:-1"},"canonical":"https:\/\/franciscanos.org.br\/noticias\/papa-em-apelo-pela-paz-recorda-que-ganhar-com-a-morte-e-terrivel.html","og_locale":"pt_BR","og_type":"article","og_title":"Papa em apelo pela paz recorda que ganhar com a morte \u00e9 terr\u00edvel - Not\u00edcias - Franciscanos","og_description":"Audi\u00eancia Geral- Papa Francisco","og_url":"https:\/\/franciscanos.org.br\/noticias\/papa-em-apelo-pela-paz-recorda-que-ganhar-com-a-morte-e-terrivel.html","og_site_name":"Not\u00edcias - Franciscanos","article_published_time":"2024-05-01T17:00:01+00:00","og_image":[{"width":750,"height":422,"url":"https:\/\/franciscanos.org.br\/noticias\/wp-content\/uploads\/2024\/05\/AUDIENCIA-GERAL-01-05.jpeg","type":"image\/jpeg"}],"author":"Adriana Rabelo","twitter_card":"summary_large_image","twitter_misc":{"Escrito por":"Adriana Rabelo","Est. tempo de leitura":"4 minutos"},"schema":{"@context":"https:\/\/schema.org","@graph":[{"@type":"WebSite","@id":"https:\/\/franciscanos.org.br\/noticias\/#website","url":"https:\/\/franciscanos.org.br\/noticias\/","name":"Not\u00edcias - Franciscanos","description":"Prov\u00edncia Franciscana da Imaculada Concei\u00e7\u00e3o do Brasil - Ordem dos Frades Menores - OFM","potentialAction":[{"@type":"SearchAction","target":{"@type":"EntryPoint","urlTemplate":"https:\/\/franciscanos.org.br\/noticias\/?s={search_term_string}"},"query-input":"required name=search_term_string"}],"inLanguage":"pt-BR"},{"@type":"ImageObject","inLanguage":"pt-BR","@id":"https:\/\/franciscanos.org.br\/noticias\/papa-em-apelo-pela-paz-recorda-que-ganhar-com-a-morte-e-terrivel.html#primaryimage","url":"https:\/\/franciscanos.org.br\/noticias\/wp-content\/uploads\/2024\/05\/AUDIENCIA-GERAL-01-05.jpeg","contentUrl":"https:\/\/franciscanos.org.br\/noticias\/wp-content\/uploads\/2024\/05\/AUDIENCIA-GERAL-01-05.jpeg","width":750,"height":422},{"@type":"WebPage","@id":"https:\/\/franciscanos.org.br\/noticias\/papa-em-apelo-pela-paz-recorda-que-ganhar-com-a-morte-e-terrivel.html#webpage","url":"https:\/\/franciscanos.org.br\/noticias\/papa-em-apelo-pela-paz-recorda-que-ganhar-com-a-morte-e-terrivel.html","name":"Papa em apelo pela paz recorda que ganhar com a morte \u00e9 terr\u00edvel - Not\u00edcias - Franciscanos","isPartOf":{"@id":"https:\/\/franciscanos.org.br\/noticias\/#website"},"primaryImageOfPage":{"@id":"https:\/\/franciscanos.org.br\/noticias\/papa-em-apelo-pela-paz-recorda-que-ganhar-com-a-morte-e-terrivel.html#primaryimage"},"datePublished":"2024-05-01T17:00:01+00:00","dateModified":"2024-05-01T17:00:01+00:00","author":{"@id":"https:\/\/franciscanos.org.br\/noticias\/#\/schema\/person\/d9422e83121c3ad3b0f423d195f5bb25"},"breadcrumb":{"@id":"https:\/\/franciscanos.org.br\/noticias\/papa-em-apelo-pela-paz-recorda-que-ganhar-com-a-morte-e-terrivel.html#breadcrumb"},"inLanguage":"pt-BR","potentialAction":[{"@type":"ReadAction","target":["https:\/\/franciscanos.org.br\/noticias\/papa-em-apelo-pela-paz-recorda-que-ganhar-com-a-morte-e-terrivel.html"]}]},{"@type":"BreadcrumbList","@id":"https:\/\/franciscanos.org.br\/noticias\/papa-em-apelo-pela-paz-recorda-que-ganhar-com-a-morte-e-terrivel.html#breadcrumb","itemListElement":[{"@type":"ListItem","position":1,"name":"Home","item":"https:\/\/franciscanos.org.br\/noticias"},{"@type":"ListItem","position":2,"name":"Papa em apelo pela paz recorda que ganhar com a morte \u00e9 terr\u00edvel"}]},{"@type":"Person","@id":"https:\/\/franciscanos.org.br\/noticias\/#\/schema\/person\/d9422e83121c3ad3b0f423d195f5bb25","name":"Adriana Rabelo","image":{"@type":"ImageObject","inLanguage":"pt-BR","@id":"https:\/\/franciscanos.org.br\/noticias\/#\/schema\/person\/image\/","url":"https:\/\/secure.gravatar.com\/avatar\/0a937b7500cd7df77540cfb8bede877d?s=96&d=mm&r=g","contentUrl":"https:\/\/secure.gravatar.com\/avatar\/0a937b7500cd7df77540cfb8bede877d?s=96&d=mm&r=g","caption":"Adriana Rabelo"},"url":"https:\/\/franciscanos.org.br\/noticias\/author\/adrianarabelo"}]}},"_links":{"self":[{"href":"https:\/\/franciscanos.org.br\/noticias\/wp-json\/wp\/v2\/posts\/247425"}],"collection":[{"href":"https:\/\/franciscanos.org.br\/noticias\/wp-json\/wp\/v2\/posts"}],"about":[{"href":"https:\/\/franciscanos.org.br\/noticias\/wp-json\/wp\/v2\/types\/post"}],"author":[{"embeddable":true,"href":"https:\/\/franciscanos.org.br\/noticias\/wp-json\/wp\/v2\/users\/11"}],"replies":[{"embeddable":true,"href":"https:\/\/franciscanos.org.br\/noticias\/wp-json\/wp\/v2\/comments?post=247425"}],"version-history":[{"count":1,"href":"https:\/\/franciscanos.org.br\/noticias\/wp-json\/wp\/v2\/posts\/247425\/revisions"}],"predecessor-version":[{"id":247427,"href":"https:\/\/franciscanos.org.br\/noticias\/wp-json\/wp\/v2\/posts\/247425\/revisions\/247427"}],"wp:featuredmedia":[{"embeddable":true,"href":"https:\/\/franciscanos.org.br\/noticias\/wp-json\/wp\/v2\/media\/247426"}],"wp:attachment":[{"href":"https:\/\/franciscanos.org.br\/noticias\/wp-json\/wp\/v2\/media?parent=247425"}],"wp:term":[{"taxonomy":"category","embeddable":true,"href":"https:\/\/franciscanos.org.br\/noticias\/wp-json\/wp\/v2\/categories?post=247425"},{"taxonomy":"post_tag","embeddable":true,"href":"https:\/\/franciscanos.org.br\/noticias\/wp-json\/wp\/v2\/tags?post=247425"}],"curies":[{"name":"wp","href":"https:\/\/api.w.org\/{rel}","templated":true}]}}