{"id":247360,"date":"2024-04-26T14:53:09","date_gmt":"2024-04-26T17:53:09","guid":{"rendered":"https:\/\/franciscanos.org.br\/noticias\/?p=247360"},"modified":"2024-04-26T14:53:09","modified_gmt":"2024-04-26T17:53:09","slug":"convento-da-penha-acolhe-projeto-de-preservacao-e-conservacao-de-vestes-sacras","status":"publish","type":"post","link":"https:\/\/franciscanos.org.br\/noticias\/convento-da-penha-acolhe-projeto-de-preservacao-e-conservacao-de-vestes-sacras.html","title":{"rendered":"Convento da Penha acolhe projeto de preserva\u00e7\u00e3o e conserva\u00e7\u00e3o de vestes sacras"},"content":{"rendered":"<p><img loading=\"lazy\" class=\"aligncenter wp-image-247362 size-full\" src=\"https:\/\/franciscanos.org.br\/noticias\/wp-content\/uploads\/2024\/04\/editada-penha.jpg\" alt=\"\" width=\"1890\" height=\"1417\" srcset=\"https:\/\/franciscanos.org.br\/noticias\/wp-content\/uploads\/2024\/04\/editada-penha.jpg 1441w, https:\/\/franciscanos.org.br\/noticias\/wp-content\/uploads\/2024\/04\/editada-penha-450x337.jpg 450w, https:\/\/franciscanos.org.br\/noticias\/wp-content\/uploads\/2024\/04\/editada-penha-1024x768.jpg 1024w, https:\/\/franciscanos.org.br\/noticias\/wp-content\/uploads\/2024\/04\/editada-penha-768x576.jpg 768w, https:\/\/franciscanos.org.br\/noticias\/wp-content\/uploads\/2024\/04\/editada-penha-1536x1152.jpg 1536w, https:\/\/franciscanos.org.br\/noticias\/wp-content\/uploads\/2024\/04\/editada-penha-150x112.jpg 150w, https:\/\/franciscanos.org.br\/noticias\/wp-content\/uploads\/2024\/04\/editada-penha-600x450.jpg 600w\" sizes=\"(max-width: 1890px) 100vw, 1890px\" \/><\/p>\n<p>Foi lan\u00e7ado na tarde da \u00faltima quinta-feira (25) o projeto de preserva\u00e7\u00e3o e conserva\u00e7\u00e3o de vestes sacras do acervo do Convento da Penha, em Vila Velha-ES. O evento foi na \u201cCasa Verde\u201d, aos p\u00e9s do Santu\u00e1rio de Nossa Senhora da Penha e contou com a presen\u00e7a de autoridades p\u00fablicas, como Joel Rangel que representou o prefeito Arnaldinho Borgo e da muse\u00f3loga da secretaria de estado da cultura Paula Nunes Costa.<\/p>\n<p>O Guardi\u00e3o do Convento, Frei Djalmo Fuck; o presidente do Instituto Hist\u00f3rico e Geogr\u00e1fico de Vila Velha, Luiz Paulo Rangel; as conservadoras Fuviane Galdino Moreira, Anne Teixeira Barcellos e Carolina Morgado; tamb\u00e9m estiveram no evento de lan\u00e7amento e apresentaram como foram os trabalhos de identifica\u00e7\u00e3o, recupera\u00e7\u00e3o, conserva\u00e7\u00e3o e acondicionamento das pe\u00e7as na chamada \u201creserva t\u00e9cnica\u201d no Convento.<\/p>\n<p>O objetivo\u00a0 dos profissionais envolvidos no projeto \u00e9 arquivar, proteger e valorizar vestimentas usadas nas imagens de Nossa Senhora e demais imagens sacras do Convento da Penha. O projeto \u00e9 in\u00e9dito no Esp\u00edrito Santo e contemplou cerca de 200 pe\u00e7as t\u00eaxteis do acervo de esculturas do Santu\u00e1rio que \u00e9 um dos mais antigos do Brasil. Entre os objetos, constam mantos, t\u00fanicas, an\u00e1guas, sobrevestes, vestidos camisolas e la\u00e7os, al\u00e9m de outros objetos que est\u00e3o sendo nomeados e catalogados. As vestes foram feitas em tecidos de veludo, cetim, tafet\u00e1, cambraia, com rendas e bordados realizados \u00e0 m\u00e3o e \u00e0 m\u00e1quina.<img loading=\"lazy\" class=\"size-medium wp-image-247363 alignright\" src=\"https:\/\/franciscanos.org.br\/noticias\/wp-content\/uploads\/2024\/04\/As-Conservadoras-Carolina-e-Fuviane-realizando-a-medicao-e-a-avaliacao-diagnostica-de-uma-tunica-do-Menino-Jesus.-450x338.jpg\" alt=\"\" width=\"450\" height=\"338\" srcset=\"https:\/\/franciscanos.org.br\/noticias\/wp-content\/uploads\/2024\/04\/As-Conservadoras-Carolina-e-Fuviane-realizando-a-medicao-e-a-avaliacao-diagnostica-de-uma-tunica-do-Menino-Jesus.-450x338.jpg 450w, https:\/\/franciscanos.org.br\/noticias\/wp-content\/uploads\/2024\/04\/As-Conservadoras-Carolina-e-Fuviane-realizando-a-medicao-e-a-avaliacao-diagnostica-de-uma-tunica-do-Menino-Jesus.-1024x768.jpg 1024w, https:\/\/franciscanos.org.br\/noticias\/wp-content\/uploads\/2024\/04\/As-Conservadoras-Carolina-e-Fuviane-realizando-a-medicao-e-a-avaliacao-diagnostica-de-uma-tunica-do-Menino-Jesus.-768x576.jpg 768w, https:\/\/franciscanos.org.br\/noticias\/wp-content\/uploads\/2024\/04\/As-Conservadoras-Carolina-e-Fuviane-realizando-a-medicao-e-a-avaliacao-diagnostica-de-uma-tunica-do-Menino-Jesus.-1536x1152.jpg 1536w, https:\/\/franciscanos.org.br\/noticias\/wp-content\/uploads\/2024\/04\/As-Conservadoras-Carolina-e-Fuviane-realizando-a-medicao-e-a-avaliacao-diagnostica-de-uma-tunica-do-Menino-Jesus.-150x113.jpg 150w, https:\/\/franciscanos.org.br\/noticias\/wp-content\/uploads\/2024\/04\/As-Conservadoras-Carolina-e-Fuviane-realizando-a-medicao-e-a-avaliacao-diagnostica-de-uma-tunica-do-Menino-Jesus.-600x450.jpg 600w, https:\/\/franciscanos.org.br\/noticias\/wp-content\/uploads\/2024\/04\/As-Conservadoras-Carolina-e-Fuviane-realizando-a-medicao-e-a-avaliacao-diagnostica-de-uma-tunica-do-Menino-Jesus..jpg 1440w\" sizes=\"(max-width: 450px) 100vw, 450px\" \/><\/p>\n<p>\u201cTudo come\u00e7ou durante minha tese de doutorado que foi sobre os mantos de Nossa Senhora Aparecida, quando identifiquei uma lacuna em rela\u00e7\u00e3o \u00e0 conserva\u00e7\u00e3o e inventaria\u00e7\u00e3o de vestes sacras, nesse sentido, quando fiz um levantamento das padroeiras do Brasil, identifiquei que a padroeira do meu estado \u2013 sou capixaba \u2013 de quem sou devota, possu\u00eda guarda-roupas e mapotecacom vestes preciosas da imagem de Nossa Senhora da Penha, a partir da\u00ed, comecei e escrever um projeto com a pesquisadora Carolina Morgado Pereira de inventaria\u00e7\u00e3o e conserva\u00e7\u00e3o desse acervo. Tamb\u00e9m estamos entregando \u00e0 comunidade capixaba, um cat\u00e1logo com alguns exemplares dessas vestes e ainda, buscamos com esse trabalho, incitar, fortalecer aos capixabas esse sentimento de pertencimento, de conhecimento em rela\u00e7\u00e3o \u00e0 sua hist\u00f3ria religiosa e cultural. Esse trabalho contribui com a preserva\u00e7\u00e3o da mem\u00f3ria da nossa hist\u00f3ria\u201d, destacou Fuviane Galdino.<\/p>\n<p>A especialista em conserva\u00e7\u00e3o preventiva de t\u00eaxteis e vestu\u00e1rio, e coautora do projeto, Carolina Morgado, explicou como ocorreu todo o trabalho de conserva\u00e7\u00e3o. \u201cO meu trabalho, junto com a Fuviane, foi voltado para toda a log\u00edstica da conserva\u00e7\u00e3o preventiva, avaliando o estado de conserva\u00e7\u00e3o das pe\u00e7as, como elas estavam. Fazemos uma an\u00e1lise de todas as pe\u00e7as que temos no acervo e a partir da\u00ed vamos pensando nos suportes que v\u00e3o guardar essas pe\u00e7as, mas para isso \u00e9 necess\u00e1rio utilizar o material adequado para garantir a conserva\u00e7\u00e3o delas. Materiais de pH neutro, materiais que v\u00e3o gerar barreiras contra pragas, sujeiras, umidade. Usamos o tnt, a polionda e a manta acr\u00edlica, como materiais, nos v\u00e1rios suportes que foram escolhidas dentro desse processo de guarda e acondicionamento\u201d, detalhou.<\/p>\n<p>Carolina ainda esplanou como se deu o processo de acondicionamento das pe\u00e7as. \u201cO nosso trabalho ficou dividido em dois tipos de acondicionamentos: o vertical, feito nos cabides e capas, cabides feitos de manta acr\u00edlica e tnt e as capas que s\u00e3o feitas de tnt com prote\u00e7\u00e3o, cobertura para que n\u00e3o tenha entrada de sujeiras. O outro tipo de acondicionamento \u00e9 o horizontal. Esse foi feito em caixas de polionda nas gavetas, onde foram guardadas as vestes do Menino Jesus, as menores, mais fragilizadas e deterioradas. Tamb\u00e9m temos as pe\u00e7as que s\u00e3o enroladas, esse tipo de acondicionamento \u00e9 feito para pe\u00e7as muito longas. Ent\u00e3o a gente enrola essas pe\u00e7as com camadas de tnt e capas com etiquetas de identifica\u00e7\u00e3o. Todas as pe\u00e7as est\u00e3o guardadas em capas, nas gavetas de poliondas ou nos rolos. Esse tipo de escolha \u00e9 feito a partir da pe\u00e7a e do estado de conserva\u00e7\u00e3o dela. Quanto mais fragilizada ela estiver, ser\u00e1 direcionada para a guarda horizontal. \u00c9 feita uma an\u00e1lise pe\u00e7a por pe\u00e7a\u201d, esclareceu.<img loading=\"lazy\" class=\"aligncenter wp-image-247364 size-full\" src=\"https:\/\/franciscanos.org.br\/noticias\/wp-content\/uploads\/2024\/04\/Lancamento-do-projeto-de-conservacao-das-vestes-texteis-de-Nossa-Senhora-2024-35-scaled.jpg\" alt=\"\" width=\"1920\" height=\"1280\" srcset=\"https:\/\/franciscanos.org.br\/noticias\/wp-content\/uploads\/2024\/04\/Lancamento-do-projeto-de-conservacao-das-vestes-texteis-de-Nossa-Senhora-2024-35-scaled.jpg 1620w, https:\/\/franciscanos.org.br\/noticias\/wp-content\/uploads\/2024\/04\/Lancamento-do-projeto-de-conservacao-das-vestes-texteis-de-Nossa-Senhora-2024-35-450x300.jpg 450w, https:\/\/franciscanos.org.br\/noticias\/wp-content\/uploads\/2024\/04\/Lancamento-do-projeto-de-conservacao-das-vestes-texteis-de-Nossa-Senhora-2024-35-1024x683.jpg 1024w, https:\/\/franciscanos.org.br\/noticias\/wp-content\/uploads\/2024\/04\/Lancamento-do-projeto-de-conservacao-das-vestes-texteis-de-Nossa-Senhora-2024-35-768x512.jpg 768w, https:\/\/franciscanos.org.br\/noticias\/wp-content\/uploads\/2024\/04\/Lancamento-do-projeto-de-conservacao-das-vestes-texteis-de-Nossa-Senhora-2024-35-1536x1024.jpg 1536w, https:\/\/franciscanos.org.br\/noticias\/wp-content\/uploads\/2024\/04\/Lancamento-do-projeto-de-conservacao-das-vestes-texteis-de-Nossa-Senhora-2024-35-2048x1365.jpg 2048w, https:\/\/franciscanos.org.br\/noticias\/wp-content\/uploads\/2024\/04\/Lancamento-do-projeto-de-conservacao-das-vestes-texteis-de-Nossa-Senhora-2024-35-150x100.jpg 150w\" sizes=\"(max-width: 1920px) 100vw, 1920px\" \/><\/p>\n<p>As fichas de invent\u00e1rio e de conserva\u00e7\u00e3o foram preenchidas pelas assistentes de museologia e conserva\u00e7\u00e3o t\u00eaxtil, Carolina Lima \u00c1vila e Fl\u00e1via Zanardini Alves Rosa, sob a orienta\u00e7\u00e3o da muse\u00f3loga Anne Teixeira Barcellos. Anne tamb\u00e9m \u00e9 respons\u00e1vel pelo arrolamento desses bens e enfatiza que a cataloga\u00e7\u00e3o desse acervo sacro t\u00eaxtil contribui para a sua valoriza\u00e7\u00e3o e legitima\u00e7\u00e3o como patrim\u00f4nio da sociedade capixaba. \u201cO meu trabalho consistiu na inventaria\u00e7\u00e3o e organiza\u00e7\u00e3o da reserva t\u00e9cnica. A inventaria\u00e7\u00e3o, focamos muito na parte de tentar coletar o m\u00e1ximo poss\u00edvel de informa\u00e7\u00e3o dos objetos para fazermos um grande arquivo. Isso envolve n\u00e3o s\u00f3 a parte de material, de descri\u00e7\u00e3o da pe\u00e7a, data\u00e7\u00e3o e hist\u00f3rico da pe\u00e7a, mas tamb\u00e9m em rela\u00e7\u00e3o ao estado de conserva\u00e7\u00e3o dela. Al\u00e9m da parte iconogr\u00e1fica, os s\u00edmbolos que existem por tr\u00e1s do que a gente v\u00ea. J\u00e1 a parte de organiza\u00e7\u00e3o da reserva t\u00e9cnica e do acondicionamento adequado dessas pe\u00e7as, focamos muito na preserva\u00e7\u00e3o da mem\u00f3ria, n\u00e3o s\u00f3 do Convento, mas da comunidade capixaba. Agora, com o cat\u00e1logo a gente tenta trazer todo esse processo de volta para a sociedade e tudo que fizemos\u201d, disse.<\/p>\n<p>\u201cOs objetos, ainda que pe\u00e7as de museu, s\u00e3o objetos vivos. Eles t\u00eam essa simbologia, essa f\u00e9 das pessoas. Que as pessoas continuem colocando a sua cren\u00e7a e por que n\u00e3o trazer uma exposi\u00e7\u00e3o para os devotos?!\u201d, sugeriu Anne. E ainda sobre a exposi\u00e7\u00e3o, Frei Djalmo garantiu que h\u00e1 interesse na realiza\u00e7\u00e3o de uma exposi\u00e7\u00e3o, ainda a ser organizada.<\/p>\n<p>Aprovado pelo edital 06\/2022 da Secretaria de Estado da Cultura (Secult\u2013ES), este projeto tem como proponente o Instituto Hist\u00f3rico e Geogr\u00e1fico de Vila Velha, sob a presid\u00eancia de Luiz Paulo Siqueira Rangel, que afirma que a preserva\u00e7\u00e3o e a conserva\u00e7\u00e3o da hist\u00f3ria e da cultura de Vila Velha s\u00e3o uns dos principais objetivos do IHGVV.<\/p>\n<p>Ap\u00f3s a conclus\u00e3o dos trabalhos, as pe\u00e7as poder\u00e3o ser conferidas pelo p\u00fablico em geral por meio de um cat\u00e1logo em forma de e-book que ainda ser\u00e1 disponibilizado.<\/p>\n<p><strong>Sobre o cat\u00e1logo<\/strong><\/p>\n<p>O cat\u00e1logo intitulado \u201c<b><i>Vestir o sagrado: artefatos t\u00eaxteis de Nossa Senhora da Penha, padroeira do Esp\u00edrito Santo<\/i><\/b>\u201d refor\u00e7a o sentimento de perten\u00e7a e de valoriza\u00e7\u00e3o da cultura capixaba, contribuindo para que as pr\u00e1ticas religiosas e art\u00edsticas do Convento da Penha sejam rememoradas. Ao expor de forma digital esse cat\u00e1logo, possibilitaremos que o conjunto t\u00eaxtil do Convento da Penha seja conhecido em todo o territ\u00f3rio estadual, nacional e internacional. As organizadoras s\u00e3o Anne Barcellos, Carolina Morgado, Fuviane Galdino, e as fotografias s\u00e3o de\u00a0Maria Zanete Dadalto.<\/p>\n<hr \/>\n<p>Cristian Oliveira- Assessoria Convento da Penha<\/p>\n\n\t\t<style type=\"text\/css\">\n\t\t\t#gallery-1 {\n\t\t\t\tmargin: auto;\n\t\t\t}\n\t\t\t#gallery-1 .gallery-item {\n\t\t\t\tfloat: left;\n\t\t\t\tmargin-top: 10px;\n\t\t\t\ttext-align: center;\n\t\t\t\twidth: 33%;\n\t\t\t}\n\t\t\t#gallery-1 img {\n\t\t\t\tborder: 2px solid #cfcfcf;\n\t\t\t}\n\t\t\t#gallery-1 .gallery-caption {\n\t\t\t\tmargin-left: 0;\n\t\t\t}\n\t\t\t\/* see gallery_shortcode() in wp-includes\/media.php *\/\n\t\t<\/style>\n\t\t<div id='gallery-1' class='gallery galleryid-247360 gallery-columns-3 gallery-size-thumbnail'><dl class='gallery-item'>\n\t\t\t<dt class='gallery-icon landscape'>\n\t\t\t\t<a href='https:\/\/franciscanos.org.br\/noticias\/wp-content\/uploads\/2024\/04\/editada-penha.jpg'><img width=\"300\" height=\"300\" src=\"https:\/\/franciscanos.org.br\/noticias\/wp-content\/uploads\/2024\/04\/editada-penha-300x300.jpg\" class=\"attachment-thumbnail size-thumbnail\" alt=\"\" loading=\"lazy\" srcset=\"https:\/\/franciscanos.org.br\/noticias\/wp-content\/uploads\/2024\/04\/editada-penha-300x300.jpg 300w, https:\/\/franciscanos.org.br\/noticias\/wp-content\/uploads\/2024\/04\/editada-penha-100x100.jpg 100w\" sizes=\"(max-width: 300px) 100vw, 300px\" \/><\/a>\n\t\t\t<\/dt><\/dl><dl class='gallery-item'>\n\t\t\t<dt class='gallery-icon portrait'>\n\t\t\t\t<a href='https:\/\/franciscanos.org.br\/noticias\/wp-content\/uploads\/2024\/04\/A-Conservadora-de-texteis-e-vestuarios-Carolina-Morgado-realizando-a-medicao-de-uma-tunica-do-menino-Jesus..jpg'><img width=\"300\" height=\"300\" src=\"https:\/\/franciscanos.org.br\/noticias\/wp-content\/uploads\/2024\/04\/A-Conservadora-de-texteis-e-vestuarios-Carolina-Morgado-realizando-a-medicao-de-uma-tunica-do-menino-Jesus.-300x300.jpg\" class=\"attachment-thumbnail size-thumbnail\" alt=\"\" loading=\"lazy\" srcset=\"https:\/\/franciscanos.org.br\/noticias\/wp-content\/uploads\/2024\/04\/A-Conservadora-de-texteis-e-vestuarios-Carolina-Morgado-realizando-a-medicao-de-uma-tunica-do-menino-Jesus.-300x300.jpg 300w, https:\/\/franciscanos.org.br\/noticias\/wp-content\/uploads\/2024\/04\/A-Conservadora-de-texteis-e-vestuarios-Carolina-Morgado-realizando-a-medicao-de-uma-tunica-do-menino-Jesus.-100x100.jpg 100w\" sizes=\"(max-width: 300px) 100vw, 300px\" \/><\/a>\n\t\t\t<\/dt><\/dl><dl class='gallery-item'>\n\t\t\t<dt class='gallery-icon portrait'>\n\t\t\t\t<a href='https:\/\/franciscanos.org.br\/noticias\/wp-content\/uploads\/2024\/04\/A-Museologa-Anne-Barcellos-orientando-as-Assistentes-de-Museologia-e-Conservacao-Carolina-Avila-e-Flavia-Zanardini..jpg'><img width=\"300\" height=\"300\" src=\"https:\/\/franciscanos.org.br\/noticias\/wp-content\/uploads\/2024\/04\/A-Museologa-Anne-Barcellos-orientando-as-Assistentes-de-Museologia-e-Conservacao-Carolina-Avila-e-Flavia-Zanardini.-300x300.jpg\" class=\"attachment-thumbnail size-thumbnail\" alt=\"\" loading=\"lazy\" srcset=\"https:\/\/franciscanos.org.br\/noticias\/wp-content\/uploads\/2024\/04\/A-Museologa-Anne-Barcellos-orientando-as-Assistentes-de-Museologia-e-Conservacao-Carolina-Avila-e-Flavia-Zanardini.-300x300.jpg 300w, https:\/\/franciscanos.org.br\/noticias\/wp-content\/uploads\/2024\/04\/A-Museologa-Anne-Barcellos-orientando-as-Assistentes-de-Museologia-e-Conservacao-Carolina-Avila-e-Flavia-Zanardini.-100x100.jpg 100w\" sizes=\"(max-width: 300px) 100vw, 300px\" \/><\/a>\n\t\t\t<\/dt><\/dl><br style=\"clear: both\" \/>\n\t\t<\/div>\n\n","protected":false},"excerpt":{"rendered":"<p>Foi lan\u00e7ado na tarde da \u00faltima quinta-feira (25) o projeto de preserva\u00e7\u00e3o e conserva\u00e7\u00e3o de vestes sacras do acervo do Convento da Penha, em Vila Velha-ES. O evento foi na \u201cCasa Verde\u201d, aos p\u00e9s do Santu\u00e1rio de Nossa Senhora da Penha e contou com a presen\u00e7a de autoridades p\u00fablicas, como Joel Rangel que representou o [&hellip;]<\/p>\n","protected":false},"author":11,"featured_media":247363,"comment_status":"open","ping_status":"open","sticky":false,"template":"","format":"standard","meta":[],"categories":[1],"tags":[248],"acf":[],"yoast_head":"<!-- This site is optimized with the Yoast SEO plugin v19.2 - https:\/\/yoast.com\/wordpress\/plugins\/seo\/ -->\n<title>Convento da Penha acolhe projeto de preserva\u00e7\u00e3o e conserva\u00e7\u00e3o de vestes sacras - Not\u00edcias - Franciscanos<\/title>\n<meta name=\"robots\" content=\"index, follow, max-snippet:-1, max-image-preview:large, max-video-preview:-1\" \/>\n<link rel=\"canonical\" href=\"https:\/\/franciscanos.org.br\/noticias\/convento-da-penha-acolhe-projeto-de-preservacao-e-conservacao-de-vestes-sacras.html\" \/>\n<meta property=\"og:locale\" content=\"pt_BR\" \/>\n<meta property=\"og:type\" content=\"article\" \/>\n<meta property=\"og:title\" content=\"Convento da Penha acolhe projeto de preserva\u00e7\u00e3o e conserva\u00e7\u00e3o de vestes sacras - Not\u00edcias - Franciscanos\" \/>\n<meta property=\"og:description\" content=\"Foi lan\u00e7ado na tarde da \u00faltima quinta-feira (25) o projeto de preserva\u00e7\u00e3o e conserva\u00e7\u00e3o de vestes sacras do acervo do Convento da Penha, em Vila Velha-ES. O evento foi na \u201cCasa Verde\u201d, aos p\u00e9s do Santu\u00e1rio de Nossa Senhora da Penha e contou com a presen\u00e7a de autoridades p\u00fablicas, como Joel Rangel que representou o [&hellip;]\" \/>\n<meta property=\"og:url\" content=\"https:\/\/franciscanos.org.br\/noticias\/convento-da-penha-acolhe-projeto-de-preservacao-e-conservacao-de-vestes-sacras.html\" \/>\n<meta property=\"og:site_name\" content=\"Not\u00edcias - Franciscanos\" \/>\n<meta property=\"article:published_time\" content=\"2024-04-26T17:53:09+00:00\" \/>\n<meta property=\"og:image\" content=\"https:\/\/franciscanos.org.br\/noticias\/wp-content\/uploads\/2024\/04\/As-Conservadoras-Carolina-e-Fuviane-realizando-a-medicao-e-a-avaliacao-diagnostica-de-uma-tunica-do-Menino-Jesus..jpg\" \/>\n\t<meta property=\"og:image:width\" content=\"1440\" \/>\n\t<meta property=\"og:image:height\" content=\"1080\" \/>\n\t<meta property=\"og:image:type\" content=\"image\/jpeg\" \/>\n<meta name=\"author\" content=\"Adriana Rabelo\" \/>\n<meta name=\"twitter:card\" content=\"summary_large_image\" \/>\n<meta name=\"twitter:label1\" content=\"Escrito por\" \/>\n\t<meta name=\"twitter:data1\" content=\"Adriana Rabelo\" \/>\n\t<meta name=\"twitter:label2\" content=\"Est. tempo de leitura\" \/>\n\t<meta name=\"twitter:data2\" content=\"6 minutos\" \/>\n<script type=\"application\/ld+json\" class=\"yoast-schema-graph\">{\"@context\":\"https:\/\/schema.org\",\"@graph\":[{\"@type\":\"WebSite\",\"@id\":\"https:\/\/franciscanos.org.br\/noticias\/#website\",\"url\":\"https:\/\/franciscanos.org.br\/noticias\/\",\"name\":\"Not\u00edcias - Franciscanos\",\"description\":\"Prov\u00edncia Franciscana da Imaculada Concei\u00e7\u00e3o do Brasil - Ordem dos Frades Menores - OFM\",\"potentialAction\":[{\"@type\":\"SearchAction\",\"target\":{\"@type\":\"EntryPoint\",\"urlTemplate\":\"https:\/\/franciscanos.org.br\/noticias\/?s={search_term_string}\"},\"query-input\":\"required name=search_term_string\"}],\"inLanguage\":\"pt-BR\"},{\"@type\":\"ImageObject\",\"inLanguage\":\"pt-BR\",\"@id\":\"https:\/\/franciscanos.org.br\/noticias\/convento-da-penha-acolhe-projeto-de-preservacao-e-conservacao-de-vestes-sacras.html#primaryimage\",\"url\":\"https:\/\/franciscanos.org.br\/noticias\/wp-content\/uploads\/2024\/04\/As-Conservadoras-Carolina-e-Fuviane-realizando-a-medicao-e-a-avaliacao-diagnostica-de-uma-tunica-do-Menino-Jesus..jpg\",\"contentUrl\":\"https:\/\/franciscanos.org.br\/noticias\/wp-content\/uploads\/2024\/04\/As-Conservadoras-Carolina-e-Fuviane-realizando-a-medicao-e-a-avaliacao-diagnostica-de-uma-tunica-do-Menino-Jesus..jpg\",\"width\":1440,\"height\":1080},{\"@type\":\"WebPage\",\"@id\":\"https:\/\/franciscanos.org.br\/noticias\/convento-da-penha-acolhe-projeto-de-preservacao-e-conservacao-de-vestes-sacras.html#webpage\",\"url\":\"https:\/\/franciscanos.org.br\/noticias\/convento-da-penha-acolhe-projeto-de-preservacao-e-conservacao-de-vestes-sacras.html\",\"name\":\"Convento da Penha acolhe projeto de preserva\u00e7\u00e3o e conserva\u00e7\u00e3o de vestes sacras - Not\u00edcias - Franciscanos\",\"isPartOf\":{\"@id\":\"https:\/\/franciscanos.org.br\/noticias\/#website\"},\"primaryImageOfPage\":{\"@id\":\"https:\/\/franciscanos.org.br\/noticias\/convento-da-penha-acolhe-projeto-de-preservacao-e-conservacao-de-vestes-sacras.html#primaryimage\"},\"datePublished\":\"2024-04-26T17:53:09+00:00\",\"dateModified\":\"2024-04-26T17:53:09+00:00\",\"author\":{\"@id\":\"https:\/\/franciscanos.org.br\/noticias\/#\/schema\/person\/d9422e83121c3ad3b0f423d195f5bb25\"},\"breadcrumb\":{\"@id\":\"https:\/\/franciscanos.org.br\/noticias\/convento-da-penha-acolhe-projeto-de-preservacao-e-conservacao-de-vestes-sacras.html#breadcrumb\"},\"inLanguage\":\"pt-BR\",\"potentialAction\":[{\"@type\":\"ReadAction\",\"target\":[\"https:\/\/franciscanos.org.br\/noticias\/convento-da-penha-acolhe-projeto-de-preservacao-e-conservacao-de-vestes-sacras.html\"]}]},{\"@type\":\"BreadcrumbList\",\"@id\":\"https:\/\/franciscanos.org.br\/noticias\/convento-da-penha-acolhe-projeto-de-preservacao-e-conservacao-de-vestes-sacras.html#breadcrumb\",\"itemListElement\":[{\"@type\":\"ListItem\",\"position\":1,\"name\":\"Home\",\"item\":\"https:\/\/franciscanos.org.br\/noticias\"},{\"@type\":\"ListItem\",\"position\":2,\"name\":\"Convento da Penha acolhe projeto de preserva\u00e7\u00e3o e conserva\u00e7\u00e3o de vestes sacras\"}]},{\"@type\":\"Person\",\"@id\":\"https:\/\/franciscanos.org.br\/noticias\/#\/schema\/person\/d9422e83121c3ad3b0f423d195f5bb25\",\"name\":\"Adriana Rabelo\",\"image\":{\"@type\":\"ImageObject\",\"inLanguage\":\"pt-BR\",\"@id\":\"https:\/\/franciscanos.org.br\/noticias\/#\/schema\/person\/image\/\",\"url\":\"https:\/\/secure.gravatar.com\/avatar\/0a937b7500cd7df77540cfb8bede877d?s=96&d=mm&r=g\",\"contentUrl\":\"https:\/\/secure.gravatar.com\/avatar\/0a937b7500cd7df77540cfb8bede877d?s=96&d=mm&r=g\",\"caption\":\"Adriana Rabelo\"},\"url\":\"https:\/\/franciscanos.org.br\/noticias\/author\/adrianarabelo\"}]}<\/script>\n<!-- \/ Yoast SEO plugin. -->","yoast_head_json":{"title":"Convento da Penha acolhe projeto de preserva\u00e7\u00e3o e conserva\u00e7\u00e3o de vestes sacras - Not\u00edcias - Franciscanos","robots":{"index":"index","follow":"follow","max-snippet":"max-snippet:-1","max-image-preview":"max-image-preview:large","max-video-preview":"max-video-preview:-1"},"canonical":"https:\/\/franciscanos.org.br\/noticias\/convento-da-penha-acolhe-projeto-de-preservacao-e-conservacao-de-vestes-sacras.html","og_locale":"pt_BR","og_type":"article","og_title":"Convento da Penha acolhe projeto de preserva\u00e7\u00e3o e conserva\u00e7\u00e3o de vestes sacras - Not\u00edcias - Franciscanos","og_description":"Foi lan\u00e7ado na tarde da \u00faltima quinta-feira (25) o projeto de preserva\u00e7\u00e3o e conserva\u00e7\u00e3o de vestes sacras do acervo do Convento da Penha, em Vila Velha-ES. O evento foi na \u201cCasa Verde\u201d, aos p\u00e9s do Santu\u00e1rio de Nossa Senhora da Penha e contou com a presen\u00e7a de autoridades p\u00fablicas, como Joel Rangel que representou o [&hellip;]","og_url":"https:\/\/franciscanos.org.br\/noticias\/convento-da-penha-acolhe-projeto-de-preservacao-e-conservacao-de-vestes-sacras.html","og_site_name":"Not\u00edcias - Franciscanos","article_published_time":"2024-04-26T17:53:09+00:00","og_image":[{"width":1440,"height":1080,"url":"https:\/\/franciscanos.org.br\/noticias\/wp-content\/uploads\/2024\/04\/As-Conservadoras-Carolina-e-Fuviane-realizando-a-medicao-e-a-avaliacao-diagnostica-de-uma-tunica-do-Menino-Jesus..jpg","type":"image\/jpeg"}],"author":"Adriana Rabelo","twitter_card":"summary_large_image","twitter_misc":{"Escrito por":"Adriana Rabelo","Est. tempo de leitura":"6 minutos"},"schema":{"@context":"https:\/\/schema.org","@graph":[{"@type":"WebSite","@id":"https:\/\/franciscanos.org.br\/noticias\/#website","url":"https:\/\/franciscanos.org.br\/noticias\/","name":"Not\u00edcias - Franciscanos","description":"Prov\u00edncia Franciscana da Imaculada Concei\u00e7\u00e3o do Brasil - Ordem dos Frades Menores - OFM","potentialAction":[{"@type":"SearchAction","target":{"@type":"EntryPoint","urlTemplate":"https:\/\/franciscanos.org.br\/noticias\/?s={search_term_string}"},"query-input":"required name=search_term_string"}],"inLanguage":"pt-BR"},{"@type":"ImageObject","inLanguage":"pt-BR","@id":"https:\/\/franciscanos.org.br\/noticias\/convento-da-penha-acolhe-projeto-de-preservacao-e-conservacao-de-vestes-sacras.html#primaryimage","url":"https:\/\/franciscanos.org.br\/noticias\/wp-content\/uploads\/2024\/04\/As-Conservadoras-Carolina-e-Fuviane-realizando-a-medicao-e-a-avaliacao-diagnostica-de-uma-tunica-do-Menino-Jesus..jpg","contentUrl":"https:\/\/franciscanos.org.br\/noticias\/wp-content\/uploads\/2024\/04\/As-Conservadoras-Carolina-e-Fuviane-realizando-a-medicao-e-a-avaliacao-diagnostica-de-uma-tunica-do-Menino-Jesus..jpg","width":1440,"height":1080},{"@type":"WebPage","@id":"https:\/\/franciscanos.org.br\/noticias\/convento-da-penha-acolhe-projeto-de-preservacao-e-conservacao-de-vestes-sacras.html#webpage","url":"https:\/\/franciscanos.org.br\/noticias\/convento-da-penha-acolhe-projeto-de-preservacao-e-conservacao-de-vestes-sacras.html","name":"Convento da Penha acolhe projeto de preserva\u00e7\u00e3o e conserva\u00e7\u00e3o de vestes sacras - Not\u00edcias - Franciscanos","isPartOf":{"@id":"https:\/\/franciscanos.org.br\/noticias\/#website"},"primaryImageOfPage":{"@id":"https:\/\/franciscanos.org.br\/noticias\/convento-da-penha-acolhe-projeto-de-preservacao-e-conservacao-de-vestes-sacras.html#primaryimage"},"datePublished":"2024-04-26T17:53:09+00:00","dateModified":"2024-04-26T17:53:09+00:00","author":{"@id":"https:\/\/franciscanos.org.br\/noticias\/#\/schema\/person\/d9422e83121c3ad3b0f423d195f5bb25"},"breadcrumb":{"@id":"https:\/\/franciscanos.org.br\/noticias\/convento-da-penha-acolhe-projeto-de-preservacao-e-conservacao-de-vestes-sacras.html#breadcrumb"},"inLanguage":"pt-BR","potentialAction":[{"@type":"ReadAction","target":["https:\/\/franciscanos.org.br\/noticias\/convento-da-penha-acolhe-projeto-de-preservacao-e-conservacao-de-vestes-sacras.html"]}]},{"@type":"BreadcrumbList","@id":"https:\/\/franciscanos.org.br\/noticias\/convento-da-penha-acolhe-projeto-de-preservacao-e-conservacao-de-vestes-sacras.html#breadcrumb","itemListElement":[{"@type":"ListItem","position":1,"name":"Home","item":"https:\/\/franciscanos.org.br\/noticias"},{"@type":"ListItem","position":2,"name":"Convento da Penha acolhe projeto de preserva\u00e7\u00e3o e conserva\u00e7\u00e3o de vestes sacras"}]},{"@type":"Person","@id":"https:\/\/franciscanos.org.br\/noticias\/#\/schema\/person\/d9422e83121c3ad3b0f423d195f5bb25","name":"Adriana Rabelo","image":{"@type":"ImageObject","inLanguage":"pt-BR","@id":"https:\/\/franciscanos.org.br\/noticias\/#\/schema\/person\/image\/","url":"https:\/\/secure.gravatar.com\/avatar\/0a937b7500cd7df77540cfb8bede877d?s=96&d=mm&r=g","contentUrl":"https:\/\/secure.gravatar.com\/avatar\/0a937b7500cd7df77540cfb8bede877d?s=96&d=mm&r=g","caption":"Adriana Rabelo"},"url":"https:\/\/franciscanos.org.br\/noticias\/author\/adrianarabelo"}]}},"_links":{"self":[{"href":"https:\/\/franciscanos.org.br\/noticias\/wp-json\/wp\/v2\/posts\/247360"}],"collection":[{"href":"https:\/\/franciscanos.org.br\/noticias\/wp-json\/wp\/v2\/posts"}],"about":[{"href":"https:\/\/franciscanos.org.br\/noticias\/wp-json\/wp\/v2\/types\/post"}],"author":[{"embeddable":true,"href":"https:\/\/franciscanos.org.br\/noticias\/wp-json\/wp\/v2\/users\/11"}],"replies":[{"embeddable":true,"href":"https:\/\/franciscanos.org.br\/noticias\/wp-json\/wp\/v2\/comments?post=247360"}],"version-history":[{"count":2,"href":"https:\/\/franciscanos.org.br\/noticias\/wp-json\/wp\/v2\/posts\/247360\/revisions"}],"predecessor-version":[{"id":247370,"href":"https:\/\/franciscanos.org.br\/noticias\/wp-json\/wp\/v2\/posts\/247360\/revisions\/247370"}],"wp:featuredmedia":[{"embeddable":true,"href":"https:\/\/franciscanos.org.br\/noticias\/wp-json\/wp\/v2\/media\/247363"}],"wp:attachment":[{"href":"https:\/\/franciscanos.org.br\/noticias\/wp-json\/wp\/v2\/media?parent=247360"}],"wp:term":[{"taxonomy":"category","embeddable":true,"href":"https:\/\/franciscanos.org.br\/noticias\/wp-json\/wp\/v2\/categories?post=247360"},{"taxonomy":"post_tag","embeddable":true,"href":"https:\/\/franciscanos.org.br\/noticias\/wp-json\/wp\/v2\/tags?post=247360"}],"curies":[{"name":"wp","href":"https:\/\/api.w.org\/{rel}","templated":true}]}}