{"id":247348,"date":"2024-04-25T09:58:14","date_gmt":"2024-04-25T12:58:14","guid":{"rendered":"https:\/\/franciscanos.org.br\/noticias\/?p=247348"},"modified":"2024-04-25T10:33:59","modified_gmt":"2024-04-25T13:33:59","slug":"ministro-geral-da-ordem-dos-frades-menores-visita-a-terra-santa-por-favor-permanecam-aqui","status":"publish","type":"post","link":"https:\/\/franciscanos.org.br\/noticias\/ministro-geral-da-ordem-dos-frades-menores-visita-a-terra-santa-por-favor-permanecam-aqui.html","title":{"rendered":"Ministro Geral da Ordem dos Frades Menores visita a Terra Santa: \u201cpor favor, permane\u00e7am aqui\u201d"},"content":{"rendered":"<div><img loading=\"lazy\" class=\"aligncenter wp-image-247349 size-full\" src=\"https:\/\/franciscanos.org.br\/noticias\/wp-content\/uploads\/2024\/04\/cq5dam.thumbnail.cropped.750.422-2.jpeg\" alt=\"\" width=\"750\" height=\"422\" srcset=\"https:\/\/franciscanos.org.br\/noticias\/wp-content\/uploads\/2024\/04\/cq5dam.thumbnail.cropped.750.422-2.jpeg 750w, https:\/\/franciscanos.org.br\/noticias\/wp-content\/uploads\/2024\/04\/cq5dam.thumbnail.cropped.750.422-2-450x253.jpeg 450w, https:\/\/franciscanos.org.br\/noticias\/wp-content\/uploads\/2024\/04\/cq5dam.thumbnail.cropped.750.422-2-150x84.jpeg 150w\" sizes=\"(max-width: 750px) 100vw, 750px\" \/><\/div>\n<div><\/div>\n<div><\/div>\n<div class=\"article__subTitle\" style=\"text-align: center;\"><em>Uma intensa agenda de 15 a 20 de abril, foi cumprida por Fr. Massimo Fusarelli, Ministro Geral da Ordem dos Frades Menores, durante sua visita a Cust\u00f3dia da Terra Santa. Uma visita realizada em um momento de grande tens\u00e3o devido \u00e0 escalada de conflitos no Oriente M\u00e9dio.<\/em><\/div>\n<div class=\"article__text\">\n<p><b>FR. MASSIMO FUSARELLI- Ministro Geral da Ordem dos Frades Menores<\/b><\/p>\n<p>Eu vim justamente para este sinal de proximidade e de escuta. Acredito tamb\u00e9m que no meu servi\u00e7o \u00e9 importante vir \u00e0 Terra Santa n\u00e3o apenas uma vez a cada seis anos, mas estar mais pr\u00f3ximo, para acompanhar esta presen\u00e7a que para n\u00f3s \u00e9 muito importante, muito t\u00edpica. Sou muito grato ao Senhor por poder estar aqui, sou grato pelo avi\u00e3o ter decolado para que eu pudesse estar aqui neste momento.\u00a0<b><i>N\u00e3o posso fazer nada, n\u00e3o posso resolver nada, mas posso estar presente e isso \u00e9 muito importante.<\/i><\/b><\/p>\n<p>Estar presente com a comunidade franciscana, totalmente envolvido na vida do povo e nos v\u00e1rios aspectos da miss\u00e3o. Na manh\u00e3 do dia 16, Fr. Fusarelli, juntamente com Fr. Francesco Patton, Cust\u00f3dio da Terra Santa, o Vig\u00e1rio Geral, Fr. Ignacio Ceja Jim\u00e9nez, o Visitador Geral, Fr. Alojzy Warot e o Visitador Assistente, Frei Marcello Ghirlando, que o acompanharam durante toda a viagem, iniciou sua visita precisamente pelos santu\u00e1rios ao redor do Mar da Galileia: Magdala, Tabga e Cafarnaum; \u00e0 tarde, os franciscanos de todos os conventos da Galileia, reuniram-se para a celebra\u00e7\u00e3o da Missa na Bas\u00edlica da Transfigura\u00e7\u00e3o, no Monte Tabor,por ocasi\u00e3o dos 100 anos de sua constru\u00e7\u00e3o.<\/p>\n<p><i>Foi muito bom recordar a experi\u00eancia de Francisco propriamente aqui nesta Bas\u00edlica \u2013 que \u00e9 invadida pela luz. Descendo deste Monte:\u00a0<b>\u201cConvido-vos a continuar este caminho de luz nas trevas da hist\u00f3ria, sabendo que o Senhor ressuscitado venceu as nossas trevas e a Sua luz se torna estrada entre os homens e no mundo\u201d<\/b>. Fr. Fusarelli tamb\u00e9m inaugurou a exposi\u00e7\u00e3o LuxTenebra, pelos 100 anos da constru\u00e7\u00e3o da Bas\u00edlica projetada por Antonio Barluzzi.<\/i><\/p>\n<p>Depois da viagem \u00e0 Galileia, celebrou no Santo Sepulcro e visitou a se\u00e7\u00e3o arqueol\u00f3gica do Terra Santa Museu, para conhecer os objetos preservados no Museu, um raro patrim\u00f4nio arqueol\u00f3gico e art\u00edstico: um tesouro guardado pelos Franciscanos da Cust\u00f3dia da Terra Santa h\u00e1 mais de 800 anos. No final da visita, juntamente com os professores e alunos do Studium Biblicum Franciscanum, Frei Fusarelli celebrou a missa na Igreja da Flagela\u00e7\u00e3o, durante a qual foi recordado o centen\u00e1rio de sua funda\u00e7\u00e3o. \u00a0\u201cObrigado pela vossa miss\u00e3o \u2013 disse Frei Massimo Fusarelli. Acolher a Palavra do Evangelho, viv\u00ea-la, dar-lhe corpo com a vida e faz\u00ea-la amada \u00e9 a nossa voca\u00e7\u00e3o de Frades Menores\u201d.<\/p>\n<p>\u00c9 o centen\u00e1rio tamb\u00e9m da Bas\u00edlica da Agonia no Gets\u00eamani, onde frei Fusarelli presidiu a missa e tamb\u00e9m inaugurou a exposi\u00e7\u00e3o \u00a0LuxTenebra.<\/p>\n<p><b>FR. MASSIMO FUSARELLI &#8211; Ministro Geral da Ordem dos Frades Menores-<\/b><\/p>\n<p><i>S\u00e3o Francisco usava frequentemente o verbo \u201cguardar\u201d especialmente dirigido aos frades: \u201cGuardar a palavra de Jesus\u201d, \u201cGuardar o dom que recebeste\u201d. Guardar \u00e9 um verbo mariano, Maria \u2013 diz Lucas \u2013 \u201cguardava todas as coisas no cora\u00e7\u00e3o\u201d. Para n\u00f3s, guardar os Lugares Santos significa estar nestes lugares de forma din\u00e2mica, antes de tudo com ora\u00e7\u00e3o cont\u00ednua, com intercess\u00e3o cont\u00ednua. Guardar tamb\u00e9m significa permitir que esses lugares falem hoje, mesmo com a linguagem da arte.<\/i><\/p>\n<p>Na tarde da quarta-feira, 17 de abril, o Ministro Geral, juntamente com o frei Ibrahim Faltas diretor das Escolas Terra Santa e juntamente com autoridades religiosas e civis, participou da inaugura\u00e7\u00e3o do teatro da Escola Terra Santa de Jerusal\u00e9m. \u00a0\u201cCuidar da educa\u00e7\u00e3o \u00e9 cuidar do futuro de um povo. Desejo que ele seja um instrumento de crescimento, de ressurrei\u00e7\u00e3o para uma vida nova, de educa\u00e7\u00e3o cultural e de encontro para muitos nesta Cidade Santa, especialmente neste momento\u201d Disse o Ministro.<\/p>\n<p>Uma etapa especial da visita certamente foi em Bel\u00e9m. A primeira parada foi na \u00a0Casa da Crian\u00e7a, que h\u00e1 17 anos acolhe fam\u00edlias em dificuldade. O grupo visitou o Campo dos Pastores onde \u00e9 recordado o an\u00fancio do nascimento de Jesus feito pelos anjos aos pastores de Bel\u00e9m com a constru\u00e7\u00e3o das capelas de diversas na\u00e7\u00f5es. A visita seguiu at\u00e9 a Escola Terra Santa de Bel\u00e9m, a mais antiga das escolas da Cust\u00f3dia, fundada em 1598. O Ministro Geral pode conhecer mais de perto as dificuldades que os habitantes de Bel\u00e9m enfrentam no momento atual.<\/p>\n<p>Depois todos seguiram para o Centro Michele Piccirillo, que emprega jovens com necessidades especiais, na cria\u00e7\u00e3o art\u00edstica e produ\u00e7\u00e3o de artesanatos, vendidos no pr\u00f3prio Centro. As 12h o grupo participou da prociss\u00e3o di\u00e1ria dos frades at\u00e9 a Gruta da Natividade. \u00a0Entre tantos encontros com os frades e com a comunidade crist\u00e3 da Terra Santa, frei Fusarelli tamb\u00e9m celebrou com a comunidade das Clarissas de Jerusal\u00e9m. E expressou o seu sentimento sobre a comunidade franciscana na Terra Santa.<\/p>\n<p><img loading=\"lazy\" class=\"size-medium wp-image-247350 alignleft\" src=\"https:\/\/franciscanos.org.br\/noticias\/wp-content\/uploads\/2024\/04\/cq5dam.thumbnail.cropped.750.422-1-450x253.jpeg\" alt=\"\" width=\"450\" height=\"253\" srcset=\"https:\/\/franciscanos.org.br\/noticias\/wp-content\/uploads\/2024\/04\/cq5dam.thumbnail.cropped.750.422-1-450x253.jpeg 450w, https:\/\/franciscanos.org.br\/noticias\/wp-content\/uploads\/2024\/04\/cq5dam.thumbnail.cropped.750.422-1-150x84.jpeg 150w, https:\/\/franciscanos.org.br\/noticias\/wp-content\/uploads\/2024\/04\/cq5dam.thumbnail.cropped.750.422-1.jpeg 750w\" sizes=\"(max-width: 450px) 100vw, 450px\" \/><\/p>\n<p><b>FR. MASSIMO FUSARELLI &#8211; Ministro Geral da Ordem dos Frades Menores<\/b><\/p>\n<p><i>Encontrei os frades melhores do que imaginava: feridos com o que est\u00e1 acontecendo, mas tamb\u00e9m determinados a permanecer aqui. Ent\u00e3o a minha primeira palavra \u00e9 \u201cpor favor, irm\u00e3os, permane\u00e7am aqui. N\u00e3o fechados em casa, mas com as pessoas, ao lado das pessoas, tanto quanto for poss\u00edvel. A segunda palavra que quero dizer \u00e9 para que permane\u00e7am como intercessores, do latim interceder, caminhar entre Deus e os homens, em meio ao campo de batalha. Estamos num campo de batalha. Permane\u00e7am como quem caminha entre os dois lados, lembrando em Deus que este \u00e9 o seu povo. A terceira palavra que digo aos frades \u00e9 \u201colhar agora para o futuro\u201d. Pensando nas crian\u00e7as, pensando em como continuar a dar esperan\u00e7a e confian\u00e7a a esta terra. Embora estejamos cercados pela guerra, precisamos olhar para o futuro.\u201d<\/i><\/p>\n<p><b>FR. FRANCESCO PATTON, ofm &#8211; Cust\u00f3dio da Terra Santa<\/b><\/p>\n<p><i>A visita do Ministro Geral foi muito importante para n\u00f3s porque foi verdadeiramente um sinal de proximidade. \u00c9 um momento dif\u00edcil para toda a Terra Santa, para todo o Oriente M\u00e9dio. Muitos n\u00e3o v\u00eam. Muitos t\u00eam medo de vir. Em vez disso, o ministro e o vig\u00e1rio geral escolheram estar perto de n\u00f3s, vir nos visitar para perceber qual \u00e9 a real situa\u00e7\u00e3o e tamb\u00e9m para nos encorajar e eu diria tamb\u00e9m para aquelas duas lindas celebra\u00e7\u00f5es que tivemos, no Tabor e no Gets\u00eamani , uma na luz e outra no lugar das trevas. Estou muito grato por esta visita, porque nos encorajou a caminhar com serenidade. Sabemos que ao longo dos s\u00e9culos viver como frades menores na Terra Santa nunca foi f\u00e1cil e por isso devemos permanecer aqui, com a consci\u00eancia de que tamb\u00e9m neste domingo, o que o Evangelho nos sugere, \u00e9 precisamente a consci\u00eancia de quem n\u00e3o tem medo de dar a pr\u00f3pria vida. Eu diria que foi uma visita muito importante e significativa para mim.<\/i><\/p>\n<div>\n<div class=\"article__embed article__embed--unwrap article__embed--photo\">\n<figure><picture><source srcset=\"\/content\/dam\/vaticannews\/multimedia\/2024\/aprile\/24\/VISITA-FUSARELLI-TERRA-SANTA-2-2.jpg\/_jcr_content\/renditions\/cq5dam.thumbnail.cropped.1500.844.jpeg 2x, \/content\/dam\/vaticannews\/multimedia\/2024\/aprile\/24\/VISITA-FUSARELLI-TERRA-SANTA-2-2.jpg\/_jcr_content\/renditions\/cq5dam.thumbnail.cropped.750.422.jpeg 1x\" media=\"(min-width: 1024px)\" data-original-set=\"\/content\/dam\/vaticannews\/multimedia\/2024\/aprile\/24\/VISITA-FUSARELLI-TERRA-SANTA-2-2.jpg\/_jcr_content\/renditions\/cq5dam.thumbnail.cropped.1500.844.jpeg 2x, \/content\/dam\/vaticannews\/multimedia\/2024\/aprile\/24\/VISITA-FUSARELLI-TERRA-SANTA-2-2.jpg\/_jcr_content\/renditions\/cq5dam.thumbnail.cropped.750.422.jpeg 1x\" \/><source srcset=\"\/content\/dam\/vaticannews\/multimedia\/2024\/aprile\/24\/VISITA-FUSARELLI-TERRA-SANTA-2-2.jpg\/_jcr_content\/renditions\/cq5dam.thumbnail.cropped.1000.563.jpeg 2x, \/content\/dam\/vaticannews\/multimedia\/2024\/aprile\/24\/VISITA-FUSARELLI-TERRA-SANTA-2-2.jpg\/_jcr_content\/renditions\/cq5dam.thumbnail.cropped.500.281.jpeg 1x\" media=\"(min-width: 768px)\" data-original-set=\"\/content\/dam\/vaticannews\/multimedia\/2024\/aprile\/24\/VISITA-FUSARELLI-TERRA-SANTA-2-2.jpg\/_jcr_content\/renditions\/cq5dam.thumbnail.cropped.1000.563.jpeg 2x, \/content\/dam\/vaticannews\/multimedia\/2024\/aprile\/24\/VISITA-FUSARELLI-TERRA-SANTA-2-2.jpg\/_jcr_content\/renditions\/cq5dam.thumbnail.cropped.500.281.jpeg 1x\" \/><source srcset=\"\/content\/dam\/vaticannews\/multimedia\/2024\/aprile\/24\/VISITA-FUSARELLI-TERRA-SANTA-2-2.jpg\/_jcr_content\/renditions\/cq5dam.thumbnail.cropped.500.281.jpeg\" data-original-set=\"\/content\/dam\/vaticannews\/multimedia\/2024\/aprile\/24\/VISITA-FUSARELLI-TERRA-SANTA-2-2.jpg\/_jcr_content\/renditions\/cq5dam.thumbnail.cropped.500.281.jpeg\" \/><\/picture><\/figure>\n<\/div>\n<\/div>\n<hr \/>\n<p><em>Lurdinha Nunes &#8211; Jerusal\u00e9m<\/em><\/p>\n<\/div>\n<p><code><iframe loading=\"lazy\" title=\"YouTube video player\" src=\"https:\/\/www.youtube.com\/embed\/lSeE7lx1R1I?si=vRyWbPDCikfn4I9h\" width=\"560\" height=\"315\" frameborder=\"0\" allowfullscreen=\"allowfullscreen\"><\/iframe><\/code><\/p>\n","protected":false},"excerpt":{"rendered":"<p>Uma intensa agenda de 15 a 20 de abril, foi cumprida por Fr. Massimo Fusarelli, Ministro Geral da Ordem dos Frades Menores, durante sua visita a Cust\u00f3dia da Terra Santa.<\/p>\n","protected":false},"author":10,"featured_media":247349,"comment_status":"open","ping_status":"open","sticky":false,"template":"","format":"standard","meta":[],"categories":[1],"tags":[1429],"acf":[],"yoast_head":"<!-- This site is optimized with the Yoast SEO plugin v19.2 - https:\/\/yoast.com\/wordpress\/plugins\/seo\/ -->\n<title>Ministro Geral da Ordem dos Frades Menores visita a Terra Santa: \u201cpor favor, permane\u00e7am aqui\u201d - Not\u00edcias - Franciscanos<\/title>\n<meta name=\"robots\" content=\"index, follow, max-snippet:-1, max-image-preview:large, max-video-preview:-1\" \/>\n<link rel=\"canonical\" href=\"https:\/\/franciscanos.org.br\/noticias\/ministro-geral-da-ordem-dos-frades-menores-visita-a-terra-santa-por-favor-permanecam-aqui.html\" \/>\n<meta property=\"og:locale\" content=\"pt_BR\" \/>\n<meta property=\"og:type\" content=\"article\" \/>\n<meta property=\"og:title\" content=\"Ministro Geral da Ordem dos Frades Menores visita a Terra Santa: \u201cpor favor, permane\u00e7am aqui\u201d - Not\u00edcias - Franciscanos\" \/>\n<meta property=\"og:description\" content=\"Uma intensa agenda de 15 a 20 de abril, foi cumprida por Fr. Massimo Fusarelli, Ministro Geral da Ordem dos Frades Menores, durante sua visita a Cust\u00f3dia da Terra Santa.\" \/>\n<meta property=\"og:url\" content=\"https:\/\/franciscanos.org.br\/noticias\/ministro-geral-da-ordem-dos-frades-menores-visita-a-terra-santa-por-favor-permanecam-aqui.html\" \/>\n<meta property=\"og:site_name\" content=\"Not\u00edcias - Franciscanos\" \/>\n<meta property=\"article:published_time\" content=\"2024-04-25T12:58:14+00:00\" \/>\n<meta property=\"article:modified_time\" content=\"2024-04-25T13:33:59+00:00\" \/>\n<meta property=\"og:image\" content=\"https:\/\/franciscanos.org.br\/noticias\/wp-content\/uploads\/2024\/04\/cq5dam.thumbnail.cropped.750.422-2.jpeg\" \/>\n\t<meta property=\"og:image:width\" content=\"750\" \/>\n\t<meta property=\"og:image:height\" content=\"422\" \/>\n\t<meta property=\"og:image:type\" content=\"image\/jpeg\" \/>\n<meta name=\"author\" content=\"Jo\u00e3o Vitor\" \/>\n<meta name=\"twitter:card\" content=\"summary_large_image\" \/>\n<meta name=\"twitter:label1\" content=\"Escrito por\" \/>\n\t<meta name=\"twitter:data1\" content=\"Jo\u00e3o Vitor\" \/>\n\t<meta name=\"twitter:label2\" content=\"Est. tempo de leitura\" \/>\n\t<meta name=\"twitter:data2\" content=\"7 minutos\" \/>\n<script type=\"application\/ld+json\" class=\"yoast-schema-graph\">{\"@context\":\"https:\/\/schema.org\",\"@graph\":[{\"@type\":\"WebSite\",\"@id\":\"https:\/\/franciscanos.org.br\/noticias\/#website\",\"url\":\"https:\/\/franciscanos.org.br\/noticias\/\",\"name\":\"Not\u00edcias - Franciscanos\",\"description\":\"Prov\u00edncia Franciscana da Imaculada Concei\u00e7\u00e3o do Brasil - Ordem dos Frades Menores - OFM\",\"potentialAction\":[{\"@type\":\"SearchAction\",\"target\":{\"@type\":\"EntryPoint\",\"urlTemplate\":\"https:\/\/franciscanos.org.br\/noticias\/?s={search_term_string}\"},\"query-input\":\"required name=search_term_string\"}],\"inLanguage\":\"pt-BR\"},{\"@type\":\"ImageObject\",\"inLanguage\":\"pt-BR\",\"@id\":\"https:\/\/franciscanos.org.br\/noticias\/ministro-geral-da-ordem-dos-frades-menores-visita-a-terra-santa-por-favor-permanecam-aqui.html#primaryimage\",\"url\":\"https:\/\/franciscanos.org.br\/noticias\/wp-content\/uploads\/2024\/04\/cq5dam.thumbnail.cropped.750.422-2.jpeg\",\"contentUrl\":\"https:\/\/franciscanos.org.br\/noticias\/wp-content\/uploads\/2024\/04\/cq5dam.thumbnail.cropped.750.422-2.jpeg\",\"width\":750,\"height\":422},{\"@type\":\"WebPage\",\"@id\":\"https:\/\/franciscanos.org.br\/noticias\/ministro-geral-da-ordem-dos-frades-menores-visita-a-terra-santa-por-favor-permanecam-aqui.html#webpage\",\"url\":\"https:\/\/franciscanos.org.br\/noticias\/ministro-geral-da-ordem-dos-frades-menores-visita-a-terra-santa-por-favor-permanecam-aqui.html\",\"name\":\"Ministro Geral da Ordem dos Frades Menores visita a Terra Santa: \u201cpor favor, permane\u00e7am aqui\u201d - Not\u00edcias - Franciscanos\",\"isPartOf\":{\"@id\":\"https:\/\/franciscanos.org.br\/noticias\/#website\"},\"primaryImageOfPage\":{\"@id\":\"https:\/\/franciscanos.org.br\/noticias\/ministro-geral-da-ordem-dos-frades-menores-visita-a-terra-santa-por-favor-permanecam-aqui.html#primaryimage\"},\"datePublished\":\"2024-04-25T12:58:14+00:00\",\"dateModified\":\"2024-04-25T13:33:59+00:00\",\"author\":{\"@id\":\"https:\/\/franciscanos.org.br\/noticias\/#\/schema\/person\/8c11f06a466b856a11dd48d20600055f\"},\"breadcrumb\":{\"@id\":\"https:\/\/franciscanos.org.br\/noticias\/ministro-geral-da-ordem-dos-frades-menores-visita-a-terra-santa-por-favor-permanecam-aqui.html#breadcrumb\"},\"inLanguage\":\"pt-BR\",\"potentialAction\":[{\"@type\":\"ReadAction\",\"target\":[\"https:\/\/franciscanos.org.br\/noticias\/ministro-geral-da-ordem-dos-frades-menores-visita-a-terra-santa-por-favor-permanecam-aqui.html\"]}]},{\"@type\":\"BreadcrumbList\",\"@id\":\"https:\/\/franciscanos.org.br\/noticias\/ministro-geral-da-ordem-dos-frades-menores-visita-a-terra-santa-por-favor-permanecam-aqui.html#breadcrumb\",\"itemListElement\":[{\"@type\":\"ListItem\",\"position\":1,\"name\":\"Home\",\"item\":\"https:\/\/franciscanos.org.br\/noticias\"},{\"@type\":\"ListItem\",\"position\":2,\"name\":\"Ministro Geral da Ordem dos Frades Menores visita a Terra Santa: \u201cpor favor, permane\u00e7am aqui\u201d\"}]},{\"@type\":\"Person\",\"@id\":\"https:\/\/franciscanos.org.br\/noticias\/#\/schema\/person\/8c11f06a466b856a11dd48d20600055f\",\"name\":\"Jo\u00e3o Vitor\",\"image\":{\"@type\":\"ImageObject\",\"inLanguage\":\"pt-BR\",\"@id\":\"https:\/\/franciscanos.org.br\/noticias\/#\/schema\/person\/image\/\",\"url\":\"https:\/\/secure.gravatar.com\/avatar\/10ba5c9713e0c323617b4309a19e3a46?s=96&d=mm&r=g\",\"contentUrl\":\"https:\/\/secure.gravatar.com\/avatar\/10ba5c9713e0c323617b4309a19e3a46?s=96&d=mm&r=g\",\"caption\":\"Jo\u00e3o Vitor\"},\"url\":\"https:\/\/franciscanos.org.br\/noticias\/author\/joaovitor\"}]}<\/script>\n<!-- \/ Yoast SEO plugin. -->","yoast_head_json":{"title":"Ministro Geral da Ordem dos Frades Menores visita a Terra Santa: \u201cpor favor, permane\u00e7am aqui\u201d - Not\u00edcias - Franciscanos","robots":{"index":"index","follow":"follow","max-snippet":"max-snippet:-1","max-image-preview":"max-image-preview:large","max-video-preview":"max-video-preview:-1"},"canonical":"https:\/\/franciscanos.org.br\/noticias\/ministro-geral-da-ordem-dos-frades-menores-visita-a-terra-santa-por-favor-permanecam-aqui.html","og_locale":"pt_BR","og_type":"article","og_title":"Ministro Geral da Ordem dos Frades Menores visita a Terra Santa: \u201cpor favor, permane\u00e7am aqui\u201d - Not\u00edcias - Franciscanos","og_description":"Uma intensa agenda de 15 a 20 de abril, foi cumprida por Fr. Massimo Fusarelli, Ministro Geral da Ordem dos Frades Menores, durante sua visita a Cust\u00f3dia da Terra Santa.","og_url":"https:\/\/franciscanos.org.br\/noticias\/ministro-geral-da-ordem-dos-frades-menores-visita-a-terra-santa-por-favor-permanecam-aqui.html","og_site_name":"Not\u00edcias - Franciscanos","article_published_time":"2024-04-25T12:58:14+00:00","article_modified_time":"2024-04-25T13:33:59+00:00","og_image":[{"width":750,"height":422,"url":"https:\/\/franciscanos.org.br\/noticias\/wp-content\/uploads\/2024\/04\/cq5dam.thumbnail.cropped.750.422-2.jpeg","type":"image\/jpeg"}],"author":"Jo\u00e3o Vitor","twitter_card":"summary_large_image","twitter_misc":{"Escrito por":"Jo\u00e3o Vitor","Est. tempo de leitura":"7 minutos"},"schema":{"@context":"https:\/\/schema.org","@graph":[{"@type":"WebSite","@id":"https:\/\/franciscanos.org.br\/noticias\/#website","url":"https:\/\/franciscanos.org.br\/noticias\/","name":"Not\u00edcias - Franciscanos","description":"Prov\u00edncia Franciscana da Imaculada Concei\u00e7\u00e3o do Brasil - Ordem dos Frades Menores - OFM","potentialAction":[{"@type":"SearchAction","target":{"@type":"EntryPoint","urlTemplate":"https:\/\/franciscanos.org.br\/noticias\/?s={search_term_string}"},"query-input":"required name=search_term_string"}],"inLanguage":"pt-BR"},{"@type":"ImageObject","inLanguage":"pt-BR","@id":"https:\/\/franciscanos.org.br\/noticias\/ministro-geral-da-ordem-dos-frades-menores-visita-a-terra-santa-por-favor-permanecam-aqui.html#primaryimage","url":"https:\/\/franciscanos.org.br\/noticias\/wp-content\/uploads\/2024\/04\/cq5dam.thumbnail.cropped.750.422-2.jpeg","contentUrl":"https:\/\/franciscanos.org.br\/noticias\/wp-content\/uploads\/2024\/04\/cq5dam.thumbnail.cropped.750.422-2.jpeg","width":750,"height":422},{"@type":"WebPage","@id":"https:\/\/franciscanos.org.br\/noticias\/ministro-geral-da-ordem-dos-frades-menores-visita-a-terra-santa-por-favor-permanecam-aqui.html#webpage","url":"https:\/\/franciscanos.org.br\/noticias\/ministro-geral-da-ordem-dos-frades-menores-visita-a-terra-santa-por-favor-permanecam-aqui.html","name":"Ministro Geral da Ordem dos Frades Menores visita a Terra Santa: \u201cpor favor, permane\u00e7am aqui\u201d - Not\u00edcias - Franciscanos","isPartOf":{"@id":"https:\/\/franciscanos.org.br\/noticias\/#website"},"primaryImageOfPage":{"@id":"https:\/\/franciscanos.org.br\/noticias\/ministro-geral-da-ordem-dos-frades-menores-visita-a-terra-santa-por-favor-permanecam-aqui.html#primaryimage"},"datePublished":"2024-04-25T12:58:14+00:00","dateModified":"2024-04-25T13:33:59+00:00","author":{"@id":"https:\/\/franciscanos.org.br\/noticias\/#\/schema\/person\/8c11f06a466b856a11dd48d20600055f"},"breadcrumb":{"@id":"https:\/\/franciscanos.org.br\/noticias\/ministro-geral-da-ordem-dos-frades-menores-visita-a-terra-santa-por-favor-permanecam-aqui.html#breadcrumb"},"inLanguage":"pt-BR","potentialAction":[{"@type":"ReadAction","target":["https:\/\/franciscanos.org.br\/noticias\/ministro-geral-da-ordem-dos-frades-menores-visita-a-terra-santa-por-favor-permanecam-aqui.html"]}]},{"@type":"BreadcrumbList","@id":"https:\/\/franciscanos.org.br\/noticias\/ministro-geral-da-ordem-dos-frades-menores-visita-a-terra-santa-por-favor-permanecam-aqui.html#breadcrumb","itemListElement":[{"@type":"ListItem","position":1,"name":"Home","item":"https:\/\/franciscanos.org.br\/noticias"},{"@type":"ListItem","position":2,"name":"Ministro Geral da Ordem dos Frades Menores visita a Terra Santa: \u201cpor favor, permane\u00e7am aqui\u201d"}]},{"@type":"Person","@id":"https:\/\/franciscanos.org.br\/noticias\/#\/schema\/person\/8c11f06a466b856a11dd48d20600055f","name":"Jo\u00e3o Vitor","image":{"@type":"ImageObject","inLanguage":"pt-BR","@id":"https:\/\/franciscanos.org.br\/noticias\/#\/schema\/person\/image\/","url":"https:\/\/secure.gravatar.com\/avatar\/10ba5c9713e0c323617b4309a19e3a46?s=96&d=mm&r=g","contentUrl":"https:\/\/secure.gravatar.com\/avatar\/10ba5c9713e0c323617b4309a19e3a46?s=96&d=mm&r=g","caption":"Jo\u00e3o Vitor"},"url":"https:\/\/franciscanos.org.br\/noticias\/author\/joaovitor"}]}},"_links":{"self":[{"href":"https:\/\/franciscanos.org.br\/noticias\/wp-json\/wp\/v2\/posts\/247348"}],"collection":[{"href":"https:\/\/franciscanos.org.br\/noticias\/wp-json\/wp\/v2\/posts"}],"about":[{"href":"https:\/\/franciscanos.org.br\/noticias\/wp-json\/wp\/v2\/types\/post"}],"author":[{"embeddable":true,"href":"https:\/\/franciscanos.org.br\/noticias\/wp-json\/wp\/v2\/users\/10"}],"replies":[{"embeddable":true,"href":"https:\/\/franciscanos.org.br\/noticias\/wp-json\/wp\/v2\/comments?post=247348"}],"version-history":[{"count":7,"href":"https:\/\/franciscanos.org.br\/noticias\/wp-json\/wp\/v2\/posts\/247348\/revisions"}],"predecessor-version":[{"id":247357,"href":"https:\/\/franciscanos.org.br\/noticias\/wp-json\/wp\/v2\/posts\/247348\/revisions\/247357"}],"wp:featuredmedia":[{"embeddable":true,"href":"https:\/\/franciscanos.org.br\/noticias\/wp-json\/wp\/v2\/media\/247349"}],"wp:attachment":[{"href":"https:\/\/franciscanos.org.br\/noticias\/wp-json\/wp\/v2\/media?parent=247348"}],"wp:term":[{"taxonomy":"category","embeddable":true,"href":"https:\/\/franciscanos.org.br\/noticias\/wp-json\/wp\/v2\/categories?post=247348"},{"taxonomy":"post_tag","embeddable":true,"href":"https:\/\/franciscanos.org.br\/noticias\/wp-json\/wp\/v2\/tags?post=247348"}],"curies":[{"name":"wp","href":"https:\/\/api.w.org\/{rel}","templated":true}]}}