{"id":247344,"date":"2024-04-24T07:40:54","date_gmt":"2024-04-24T10:40:54","guid":{"rendered":"https:\/\/franciscanos.org.br\/noticias\/?p=247344"},"modified":"2024-04-24T14:06:57","modified_gmt":"2024-04-24T17:06:57","slug":"cnbb-publica-nota-sobre-as-saidas-temporarias-de-pessoas-privadas-de-liberdade","status":"publish","type":"post","link":"https:\/\/franciscanos.org.br\/noticias\/cnbb-publica-nota-sobre-as-saidas-temporarias-de-pessoas-privadas-de-liberdade.html","title":{"rendered":"CNBB publica nota sobre as sa\u00eddas tempor\u00e1rias de pessoas privadas de liberdade"},"content":{"rendered":"<p><img loading=\"lazy\" class=\"aligncenter wp-image-247345 size-full\" src=\"https:\/\/franciscanos.org.br\/noticias\/wp-content\/uploads\/2024\/04\/Nota-CNBB.jpg\" alt=\"\" width=\"1100\" height=\"580\" srcset=\"https:\/\/franciscanos.org.br\/noticias\/wp-content\/uploads\/2024\/04\/Nota-CNBB.jpg 1100w, https:\/\/franciscanos.org.br\/noticias\/wp-content\/uploads\/2024\/04\/Nota-CNBB-450x237.jpg 450w, https:\/\/franciscanos.org.br\/noticias\/wp-content\/uploads\/2024\/04\/Nota-CNBB-1024x540.jpg 1024w, https:\/\/franciscanos.org.br\/noticias\/wp-content\/uploads\/2024\/04\/Nota-CNBB-768x405.jpg 768w, https:\/\/franciscanos.org.br\/noticias\/wp-content\/uploads\/2024\/04\/Nota-CNBB-150x79.jpg 150w\" sizes=\"(max-width: 1100px) 100vw, 1100px\" \/><\/p>\n<p>A Confer\u00eancia Nacional dos Bispos do Brasil (CNBB) publicou nesta ter\u00e7a-feira, 23 de abril, uma nota expressando sua posi\u00e7\u00e3o sobre o Projeto de Lei (PL) n\u00ba 2.253\/2022. O PL prop\u00f5e, dentre outras medidas,\u00a0 o fim das \u201csa\u00eddas tempor\u00e1rias\u201d para as pessoas privadas de liberdade e ap\u00f3s o veto parcial da Presid\u00eancia da Rep\u00fablica, retornou para ser avaliado no Congresso Nacional.<\/p>\n<p>De acordo com o documento, \u201ca Doutrina Social da Igreja (DSI) reconhece a legitimidade do Estado para infligir as penas proporcionais \u00e0 gravidade dos delitos (DSI 402). Ao lado dessa dimens\u00e3o, o sistema estatal deve favorecer a reinser\u00e7\u00e3o das pessoas condenadas e promover uma justi\u00e7a reconciliadora (DSI 403)\u201d, premissas seguidas tamb\u00e9m pela legisla\u00e7\u00e3o brasileira de reinser\u00e7\u00e3o gradual dos presos ap\u00f3s cumprirem pena na sociedade.<\/p>\n<p>Na nota, a CNBB refor\u00e7a que as sa\u00eddas tempor\u00e1rias no decorrer do cumprimento da pena respondem a essas premissas de reinser\u00e7\u00e3o social e manifesta ao Congresso Nacional, em conson\u00e2ncia com a Tradi\u00e7\u00e3o explicitada na Doutrina Social da Igreja e com os objetivos do sistema penal brasileiro, que o veto parcial submetido aos parlamentares para avalia\u00e7\u00e3o seja mantido.<\/p>\n<hr \/>\n<p>CNBB<\/p>\n<p><a href=\"https:\/\/franciscanos.org.br\/banca\/wp-content\/uploads\/2024\/04\/NOTA.pdf\"><strong>Confira a nota na \u00edntegra<\/strong><\/a><\/p>\n","protected":false},"excerpt":{"rendered":"<p>A Confer\u00eancia Nacional dos Bispos do Brasil (CNBB) publicou nesta ter\u00e7a-feira, 23 de abril, uma nota expressando sua posi\u00e7\u00e3o sobre o Projeto de Lei (PL) n\u00ba 2.253\/2022. O PL prop\u00f5e, dentre outras medidas,\u00a0 o fim das \u201csa\u00eddas tempor\u00e1rias\u201d para as pessoas privadas de liberdade e ap\u00f3s o veto parcial da Presid\u00eancia da Rep\u00fablica, retornou para [&hellip;]<\/p>\n","protected":false},"author":11,"featured_media":0,"comment_status":"open","ping_status":"open","sticky":false,"template":"","format":"standard","meta":[],"categories":[1],"tags":[29],"acf":[],"yoast_head":"<!-- This site is optimized with the Yoast SEO plugin v19.2 - https:\/\/yoast.com\/wordpress\/plugins\/seo\/ -->\n<title>CNBB publica nota sobre as sa\u00eddas tempor\u00e1rias de pessoas privadas de liberdade - Not\u00edcias - Franciscanos<\/title>\n<meta name=\"robots\" content=\"index, follow, max-snippet:-1, max-image-preview:large, max-video-preview:-1\" \/>\n<link rel=\"canonical\" href=\"https:\/\/franciscanos.org.br\/noticias\/cnbb-publica-nota-sobre-as-saidas-temporarias-de-pessoas-privadas-de-liberdade.html\" \/>\n<meta property=\"og:locale\" content=\"pt_BR\" \/>\n<meta property=\"og:type\" content=\"article\" \/>\n<meta property=\"og:title\" content=\"CNBB publica nota sobre as sa\u00eddas tempor\u00e1rias de pessoas privadas de liberdade - Not\u00edcias - Franciscanos\" \/>\n<meta property=\"og:description\" content=\"A Confer\u00eancia Nacional dos Bispos do Brasil (CNBB) publicou nesta ter\u00e7a-feira, 23 de abril, uma nota expressando sua posi\u00e7\u00e3o sobre o Projeto de Lei (PL) n\u00ba 2.253\/2022. O PL prop\u00f5e, dentre outras medidas,\u00a0 o fim das \u201csa\u00eddas tempor\u00e1rias\u201d para as pessoas privadas de liberdade e ap\u00f3s o veto parcial da Presid\u00eancia da Rep\u00fablica, retornou para [&hellip;]\" \/>\n<meta property=\"og:url\" content=\"https:\/\/franciscanos.org.br\/noticias\/cnbb-publica-nota-sobre-as-saidas-temporarias-de-pessoas-privadas-de-liberdade.html\" \/>\n<meta property=\"og:site_name\" content=\"Not\u00edcias - Franciscanos\" \/>\n<meta property=\"article:published_time\" content=\"2024-04-24T10:40:54+00:00\" \/>\n<meta property=\"article:modified_time\" content=\"2024-04-24T17:06:57+00:00\" \/>\n<meta property=\"og:image\" content=\"https:\/\/franciscanos.org.br\/noticias\/wp-content\/uploads\/2024\/04\/Nota-CNBB.jpg\" \/>\n<meta name=\"author\" content=\"Adriana Rabelo\" \/>\n<meta name=\"twitter:card\" content=\"summary_large_image\" \/>\n<meta name=\"twitter:label1\" content=\"Escrito por\" \/>\n\t<meta name=\"twitter:data1\" content=\"Adriana Rabelo\" \/>\n\t<meta name=\"twitter:label2\" content=\"Est. tempo de leitura\" \/>\n\t<meta name=\"twitter:data2\" content=\"1 minuto\" \/>\n<script type=\"application\/ld+json\" class=\"yoast-schema-graph\">{\"@context\":\"https:\/\/schema.org\",\"@graph\":[{\"@type\":\"WebSite\",\"@id\":\"https:\/\/franciscanos.org.br\/noticias\/#website\",\"url\":\"https:\/\/franciscanos.org.br\/noticias\/\",\"name\":\"Not\u00edcias - Franciscanos\",\"description\":\"Prov\u00edncia Franciscana da Imaculada Concei\u00e7\u00e3o do Brasil - Ordem dos Frades Menores - OFM\",\"potentialAction\":[{\"@type\":\"SearchAction\",\"target\":{\"@type\":\"EntryPoint\",\"urlTemplate\":\"https:\/\/franciscanos.org.br\/noticias\/?s={search_term_string}\"},\"query-input\":\"required name=search_term_string\"}],\"inLanguage\":\"pt-BR\"},{\"@type\":\"ImageObject\",\"inLanguage\":\"pt-BR\",\"@id\":\"https:\/\/franciscanos.org.br\/noticias\/cnbb-publica-nota-sobre-as-saidas-temporarias-de-pessoas-privadas-de-liberdade.html#primaryimage\",\"url\":\"https:\/\/franciscanos.org.br\/noticias\/wp-content\/uploads\/2024\/04\/Nota-CNBB.jpg\",\"contentUrl\":\"https:\/\/franciscanos.org.br\/noticias\/wp-content\/uploads\/2024\/04\/Nota-CNBB.jpg\",\"width\":1100,\"height\":580},{\"@type\":\"WebPage\",\"@id\":\"https:\/\/franciscanos.org.br\/noticias\/cnbb-publica-nota-sobre-as-saidas-temporarias-de-pessoas-privadas-de-liberdade.html#webpage\",\"url\":\"https:\/\/franciscanos.org.br\/noticias\/cnbb-publica-nota-sobre-as-saidas-temporarias-de-pessoas-privadas-de-liberdade.html\",\"name\":\"CNBB publica nota sobre as sa\u00eddas tempor\u00e1rias de pessoas privadas de liberdade - Not\u00edcias - Franciscanos\",\"isPartOf\":{\"@id\":\"https:\/\/franciscanos.org.br\/noticias\/#website\"},\"primaryImageOfPage\":{\"@id\":\"https:\/\/franciscanos.org.br\/noticias\/cnbb-publica-nota-sobre-as-saidas-temporarias-de-pessoas-privadas-de-liberdade.html#primaryimage\"},\"datePublished\":\"2024-04-24T10:40:54+00:00\",\"dateModified\":\"2024-04-24T17:06:57+00:00\",\"author\":{\"@id\":\"https:\/\/franciscanos.org.br\/noticias\/#\/schema\/person\/d9422e83121c3ad3b0f423d195f5bb25\"},\"breadcrumb\":{\"@id\":\"https:\/\/franciscanos.org.br\/noticias\/cnbb-publica-nota-sobre-as-saidas-temporarias-de-pessoas-privadas-de-liberdade.html#breadcrumb\"},\"inLanguage\":\"pt-BR\",\"potentialAction\":[{\"@type\":\"ReadAction\",\"target\":[\"https:\/\/franciscanos.org.br\/noticias\/cnbb-publica-nota-sobre-as-saidas-temporarias-de-pessoas-privadas-de-liberdade.html\"]}]},{\"@type\":\"BreadcrumbList\",\"@id\":\"https:\/\/franciscanos.org.br\/noticias\/cnbb-publica-nota-sobre-as-saidas-temporarias-de-pessoas-privadas-de-liberdade.html#breadcrumb\",\"itemListElement\":[{\"@type\":\"ListItem\",\"position\":1,\"name\":\"Home\",\"item\":\"https:\/\/franciscanos.org.br\/noticias\"},{\"@type\":\"ListItem\",\"position\":2,\"name\":\"CNBB publica nota sobre as sa\u00eddas tempor\u00e1rias de pessoas privadas de liberdade\"}]},{\"@type\":\"Person\",\"@id\":\"https:\/\/franciscanos.org.br\/noticias\/#\/schema\/person\/d9422e83121c3ad3b0f423d195f5bb25\",\"name\":\"Adriana Rabelo\",\"image\":{\"@type\":\"ImageObject\",\"inLanguage\":\"pt-BR\",\"@id\":\"https:\/\/franciscanos.org.br\/noticias\/#\/schema\/person\/image\/\",\"url\":\"https:\/\/secure.gravatar.com\/avatar\/0a937b7500cd7df77540cfb8bede877d?s=96&d=mm&r=g\",\"contentUrl\":\"https:\/\/secure.gravatar.com\/avatar\/0a937b7500cd7df77540cfb8bede877d?s=96&d=mm&r=g\",\"caption\":\"Adriana Rabelo\"},\"url\":\"https:\/\/franciscanos.org.br\/noticias\/author\/adrianarabelo\"}]}<\/script>\n<!-- \/ Yoast SEO plugin. -->","yoast_head_json":{"title":"CNBB publica nota sobre as sa\u00eddas tempor\u00e1rias de pessoas privadas de liberdade - Not\u00edcias - Franciscanos","robots":{"index":"index","follow":"follow","max-snippet":"max-snippet:-1","max-image-preview":"max-image-preview:large","max-video-preview":"max-video-preview:-1"},"canonical":"https:\/\/franciscanos.org.br\/noticias\/cnbb-publica-nota-sobre-as-saidas-temporarias-de-pessoas-privadas-de-liberdade.html","og_locale":"pt_BR","og_type":"article","og_title":"CNBB publica nota sobre as sa\u00eddas tempor\u00e1rias de pessoas privadas de liberdade - Not\u00edcias - Franciscanos","og_description":"A Confer\u00eancia Nacional dos Bispos do Brasil (CNBB) publicou nesta ter\u00e7a-feira, 23 de abril, uma nota expressando sua posi\u00e7\u00e3o sobre o Projeto de Lei (PL) n\u00ba 2.253\/2022. O PL prop\u00f5e, dentre outras medidas,\u00a0 o fim das \u201csa\u00eddas tempor\u00e1rias\u201d para as pessoas privadas de liberdade e ap\u00f3s o veto parcial da Presid\u00eancia da Rep\u00fablica, retornou para [&hellip;]","og_url":"https:\/\/franciscanos.org.br\/noticias\/cnbb-publica-nota-sobre-as-saidas-temporarias-de-pessoas-privadas-de-liberdade.html","og_site_name":"Not\u00edcias - Franciscanos","article_published_time":"2024-04-24T10:40:54+00:00","article_modified_time":"2024-04-24T17:06:57+00:00","og_image":[{"url":"https:\/\/franciscanos.org.br\/noticias\/wp-content\/uploads\/2024\/04\/Nota-CNBB.jpg"}],"author":"Adriana Rabelo","twitter_card":"summary_large_image","twitter_misc":{"Escrito por":"Adriana Rabelo","Est. tempo de leitura":"1 minuto"},"schema":{"@context":"https:\/\/schema.org","@graph":[{"@type":"WebSite","@id":"https:\/\/franciscanos.org.br\/noticias\/#website","url":"https:\/\/franciscanos.org.br\/noticias\/","name":"Not\u00edcias - Franciscanos","description":"Prov\u00edncia Franciscana da Imaculada Concei\u00e7\u00e3o do Brasil - Ordem dos Frades Menores - OFM","potentialAction":[{"@type":"SearchAction","target":{"@type":"EntryPoint","urlTemplate":"https:\/\/franciscanos.org.br\/noticias\/?s={search_term_string}"},"query-input":"required name=search_term_string"}],"inLanguage":"pt-BR"},{"@type":"ImageObject","inLanguage":"pt-BR","@id":"https:\/\/franciscanos.org.br\/noticias\/cnbb-publica-nota-sobre-as-saidas-temporarias-de-pessoas-privadas-de-liberdade.html#primaryimage","url":"https:\/\/franciscanos.org.br\/noticias\/wp-content\/uploads\/2024\/04\/Nota-CNBB.jpg","contentUrl":"https:\/\/franciscanos.org.br\/noticias\/wp-content\/uploads\/2024\/04\/Nota-CNBB.jpg","width":1100,"height":580},{"@type":"WebPage","@id":"https:\/\/franciscanos.org.br\/noticias\/cnbb-publica-nota-sobre-as-saidas-temporarias-de-pessoas-privadas-de-liberdade.html#webpage","url":"https:\/\/franciscanos.org.br\/noticias\/cnbb-publica-nota-sobre-as-saidas-temporarias-de-pessoas-privadas-de-liberdade.html","name":"CNBB publica nota sobre as sa\u00eddas tempor\u00e1rias de pessoas privadas de liberdade - Not\u00edcias - Franciscanos","isPartOf":{"@id":"https:\/\/franciscanos.org.br\/noticias\/#website"},"primaryImageOfPage":{"@id":"https:\/\/franciscanos.org.br\/noticias\/cnbb-publica-nota-sobre-as-saidas-temporarias-de-pessoas-privadas-de-liberdade.html#primaryimage"},"datePublished":"2024-04-24T10:40:54+00:00","dateModified":"2024-04-24T17:06:57+00:00","author":{"@id":"https:\/\/franciscanos.org.br\/noticias\/#\/schema\/person\/d9422e83121c3ad3b0f423d195f5bb25"},"breadcrumb":{"@id":"https:\/\/franciscanos.org.br\/noticias\/cnbb-publica-nota-sobre-as-saidas-temporarias-de-pessoas-privadas-de-liberdade.html#breadcrumb"},"inLanguage":"pt-BR","potentialAction":[{"@type":"ReadAction","target":["https:\/\/franciscanos.org.br\/noticias\/cnbb-publica-nota-sobre-as-saidas-temporarias-de-pessoas-privadas-de-liberdade.html"]}]},{"@type":"BreadcrumbList","@id":"https:\/\/franciscanos.org.br\/noticias\/cnbb-publica-nota-sobre-as-saidas-temporarias-de-pessoas-privadas-de-liberdade.html#breadcrumb","itemListElement":[{"@type":"ListItem","position":1,"name":"Home","item":"https:\/\/franciscanos.org.br\/noticias"},{"@type":"ListItem","position":2,"name":"CNBB publica nota sobre as sa\u00eddas tempor\u00e1rias de pessoas privadas de liberdade"}]},{"@type":"Person","@id":"https:\/\/franciscanos.org.br\/noticias\/#\/schema\/person\/d9422e83121c3ad3b0f423d195f5bb25","name":"Adriana Rabelo","image":{"@type":"ImageObject","inLanguage":"pt-BR","@id":"https:\/\/franciscanos.org.br\/noticias\/#\/schema\/person\/image\/","url":"https:\/\/secure.gravatar.com\/avatar\/0a937b7500cd7df77540cfb8bede877d?s=96&d=mm&r=g","contentUrl":"https:\/\/secure.gravatar.com\/avatar\/0a937b7500cd7df77540cfb8bede877d?s=96&d=mm&r=g","caption":"Adriana Rabelo"},"url":"https:\/\/franciscanos.org.br\/noticias\/author\/adrianarabelo"}]}},"_links":{"self":[{"href":"https:\/\/franciscanos.org.br\/noticias\/wp-json\/wp\/v2\/posts\/247344"}],"collection":[{"href":"https:\/\/franciscanos.org.br\/noticias\/wp-json\/wp\/v2\/posts"}],"about":[{"href":"https:\/\/franciscanos.org.br\/noticias\/wp-json\/wp\/v2\/types\/post"}],"author":[{"embeddable":true,"href":"https:\/\/franciscanos.org.br\/noticias\/wp-json\/wp\/v2\/users\/11"}],"replies":[{"embeddable":true,"href":"https:\/\/franciscanos.org.br\/noticias\/wp-json\/wp\/v2\/comments?post=247344"}],"version-history":[{"count":1,"href":"https:\/\/franciscanos.org.br\/noticias\/wp-json\/wp\/v2\/posts\/247344\/revisions"}],"predecessor-version":[{"id":247346,"href":"https:\/\/franciscanos.org.br\/noticias\/wp-json\/wp\/v2\/posts\/247344\/revisions\/247346"}],"wp:attachment":[{"href":"https:\/\/franciscanos.org.br\/noticias\/wp-json\/wp\/v2\/media?parent=247344"}],"wp:term":[{"taxonomy":"category","embeddable":true,"href":"https:\/\/franciscanos.org.br\/noticias\/wp-json\/wp\/v2\/categories?post=247344"},{"taxonomy":"post_tag","embeddable":true,"href":"https:\/\/franciscanos.org.br\/noticias\/wp-json\/wp\/v2\/tags?post=247344"}],"curies":[{"name":"wp","href":"https:\/\/api.w.org\/{rel}","templated":true}]}}