{"id":247282,"date":"2024-04-19T11:07:11","date_gmt":"2024-04-19T14:07:11","guid":{"rendered":"https:\/\/franciscanos.org.br\/noticias\/?p=247282"},"modified":"2024-04-19T11:16:33","modified_gmt":"2024-04-19T14:16:33","slug":"bispos-divulgam-carta-aos-cristaos-catolicos-do-brasil-durante-61a-assembleia-da-cnbb","status":"publish","type":"post","link":"https:\/\/franciscanos.org.br\/noticias\/bispos-divulgam-carta-aos-cristaos-catolicos-do-brasil-durante-61a-assembleia-da-cnbb.html","title":{"rendered":"Bispos divulgam carta aos crist\u00e3os cat\u00f3licos do Brasil durante 61\u00aa Assembleia da CNBB"},"content":{"rendered":"<p><img loading=\"lazy\" class=\"aligncenter wp-image-247283 size-full\" src=\"https:\/\/franciscanos.org.br\/noticias\/wp-content\/uploads\/2024\/04\/Coletiva-dia-17-todos.jpeg\" alt=\"\" width=\"1238\" height=\"825\" srcset=\"https:\/\/franciscanos.org.br\/noticias\/wp-content\/uploads\/2024\/04\/Coletiva-dia-17-todos.jpeg 1238w, https:\/\/franciscanos.org.br\/noticias\/wp-content\/uploads\/2024\/04\/Coletiva-dia-17-todos-450x300.jpeg 450w, https:\/\/franciscanos.org.br\/noticias\/wp-content\/uploads\/2024\/04\/Coletiva-dia-17-todos-1024x682.jpeg 1024w, https:\/\/franciscanos.org.br\/noticias\/wp-content\/uploads\/2024\/04\/Coletiva-dia-17-todos-768x512.jpeg 768w, https:\/\/franciscanos.org.br\/noticias\/wp-content\/uploads\/2024\/04\/Coletiva-dia-17-todos-150x100.jpeg 150w\" sizes=\"(max-width: 1238px) 100vw, 1238px\" \/><\/p>\n<p>Seguindo a tradi\u00e7\u00e3o das Assembleias Gerais da Confer\u00eancia Nacional dos Bispos do Brasil, quatro cardeais brasileiros durante a coletiva da quinta-feira, 17 de abril, tornaram conhecidos o processo de constru\u00e7\u00e3o e o conte\u00fado das quatro mensagens aprovadas pelo episcopado brasileiro: ao Papa Francisco, ao prefeito do Dicast\u00e9rio para os Bispos, cardeal Robert Francis Prevost, ao povo brasileiro e aos crist\u00e3os cat\u00f3licos. Esta \u00faltima, uma das novidades desta edi\u00e7\u00e3o da assembleia. A carta ao Santo Padre e ao Dicast\u00e9rio para os bispos foram encamninhadas pela coordena\u00e7\u00e3o da Assembleia.<\/p>\n<p>Segundo o arcebispo de Bras\u00edlia (DF), cardeal Paulo Cezar Costa, na carta ao Papa Francisco o episcopado brasileiro manifesta a comunh\u00e3o com o Santo Padre, apresentou os temas gerais da assembleia e um agradecimento pela riqueza de seu pontificado, aquilo que ele prop\u00f5e \u00e0 Igreja nesse momento: a paz, a justi\u00e7a, as migra\u00e7\u00f5es e das pessoas que morrem no mar.<\/p>\n<p><strong>Mensagem aos Crist\u00e3os Cat\u00f3licos do Brasil<\/strong><\/p>\n<p>Pela primeira vez se faz uma mensagem da Assembleia \u00e0s comunidades cat\u00f3licas, enfatizou o arcebispo de S\u00e3o Paulo, cardeal Pedro Odilo Scherer, que trata da vida das comunidades. A mensagem inicia agradecendo \u201cpor tudo aquilo que de bom e belo existe para a miss\u00e3o\u201d, por tudo o que \u00e9 vivido e realizado nas comunidades. Igualmente o texto ressalta a santidade, com um n\u00famero de \u201cprocessos de beatifica\u00e7\u00e3o e canoniza\u00e7\u00e3o como nunca houve antes\u201d.<\/p>\n<p>A carta dirige uma palavra de encorajamento sobre algumas quest\u00f5es, tendo como pano de fundo a sinodalidade: o di\u00e1logo, o respeito pelos outros, saber divergir sem brigar, insistindo em que \u201cnossa f\u00e9 n\u00e3o deve dividir, mas deve ser um elemento que ajuda a criar comunidade\u201d.<\/p>\n<p>A mensagem ressalta a necess\u00e1ria comunh\u00e3o com o Papa e com os bispos e faz um convite a n\u00e3o desanimar diante das dificuldades presentes e \u00e0 participa\u00e7\u00e3o ativa na vida das comunidades e da sociedade. Finalmente, um chamado \u00e0 prepara\u00e7\u00e3o ao Jubileu 2025. De acordo com dom Odilo, trata-se de uma carta que pretende \u201cencorajar, orientar, apoiar, respaldar a nosso povo cat\u00f3lico\u201d.<\/p>\n<p><strong>Carta ao Dicast\u00e9rio para os Bispos<\/strong><\/p>\n<p>Sobre a carta ao prefeito do Dicast\u00e9rio para os Bispos, o arcebispo de Rio de Janeiro, cardeal Orani Tempesta, disse que \u00e9 reservada ao cardeal Prevost e trata sobre o que est\u00e1 sendo feito na 61\u00aa Assembleia Geral da CNBB. A mensagem \u201ccoloca os problemas que n\u00f3s estamos enfrentando enquanto Igreja no Brasil, coloca as solu\u00e7\u00f5es que a nossa assembleia est\u00e1 propondo e agradece ao prefeito pelas indica\u00e7\u00f5es ao Santo Padre para as 20 nomea\u00e7\u00f5es episcopais para a Igreja do Brasil desde a \u00faltima assembleia\u201d, enfatizou dom Orani.<\/p>\n<p><strong>Mensagem ao povo brasileiro<\/strong><\/p>\n<p>A Mensagem ao Povo Brasileiro, \u201cum texto em certo sentido longo\u201d, segundo o arcebispo de Manaus, cardeal Leonardo Steiner, dada \u201ca necessidade de abordarmos alguns elementos importantes\u201d, pretende ser uma mensagem de esperan\u00e7a, de futuro, da realidade pol\u00edtica e clim\u00e1tica, que aborda as elei\u00e7\u00f5es que se aproximam, lembrando os 60 anos de in\u00edcio da Ditadura e incentivando a cuidar da Democracia e combater a viol\u00eancia no pa\u00eds e as guerras.<\/p>\n<p>Dom Leonardo pediu a ajuda dos meios de comunica\u00e7\u00e3o para que essas mensagem cheguem e ajudem diante da situa\u00e7\u00e3o de tens\u00e3o, de conflitos e de muita viol\u00eancia que a sociedade brasileira vive, provocada pelas drogas, as fac\u00e7\u00f5es e pelas as palavras. Trata, segundo dom Leonardo, de uma mensagem que faz um chamado \u00e0 paz, tamb\u00e9m na floresta, para os povos ind\u00edgenas, amea\u00e7ados pelo Marco Temporal.<\/p>\n<hr \/>\n<p><strong>CNBB<\/strong><\/p>\n<p><em><strong>Confira\u00a0 na \u00edntegra as mensagens aos Crist\u00e3os Cat\u00f3licos do Brasil e ao Povo Brasileiro<\/strong><\/em><\/p>\n<h3><a href=\"https:\/\/franciscanos.org.br\/banca\/wp-content\/uploads\/2024\/04\/Mensagem-aos-Cristaos-Catolicos-do-Brasil-.pdf\"><strong>MENSAGEM AOS CRIST\u00c3OS CAT\u00d3LICOS DO BRASIL<\/strong><\/a><\/h3>\n<h3><a href=\"https:\/\/franciscanos.org.br\/banca\/wp-content\/uploads\/2024\/04\/Mensagem-ao-Povo-Brasileiro.pdf\"><strong>MENSAGEM AO POVO BRASILEIRO<\/strong><\/a><\/h3>\n<p>&nbsp;<\/p>\n","protected":false},"excerpt":{"rendered":"<p>Mensagem da CNBB<\/p>\n","protected":false},"author":11,"featured_media":247283,"comment_status":"open","ping_status":"open","sticky":false,"template":"","format":"standard","meta":[],"categories":[1],"tags":[29,1796],"acf":[],"yoast_head":"<!-- This site is optimized with the Yoast SEO plugin v19.2 - https:\/\/yoast.com\/wordpress\/plugins\/seo\/ -->\n<title>Bispos divulgam carta aos crist\u00e3os cat\u00f3licos do Brasil durante 61\u00aa Assembleia da CNBB - Not\u00edcias - Franciscanos<\/title>\n<meta name=\"robots\" content=\"index, follow, max-snippet:-1, max-image-preview:large, max-video-preview:-1\" \/>\n<link rel=\"canonical\" href=\"https:\/\/franciscanos.org.br\/noticias\/bispos-divulgam-carta-aos-cristaos-catolicos-do-brasil-durante-61a-assembleia-da-cnbb.html\" \/>\n<meta property=\"og:locale\" content=\"pt_BR\" \/>\n<meta property=\"og:type\" content=\"article\" \/>\n<meta property=\"og:title\" content=\"Bispos divulgam carta aos crist\u00e3os cat\u00f3licos do Brasil durante 61\u00aa Assembleia da CNBB - Not\u00edcias - Franciscanos\" \/>\n<meta property=\"og:description\" content=\"Mensagem da CNBB\" \/>\n<meta property=\"og:url\" content=\"https:\/\/franciscanos.org.br\/noticias\/bispos-divulgam-carta-aos-cristaos-catolicos-do-brasil-durante-61a-assembleia-da-cnbb.html\" \/>\n<meta property=\"og:site_name\" content=\"Not\u00edcias - Franciscanos\" \/>\n<meta property=\"article:published_time\" content=\"2024-04-19T14:07:11+00:00\" \/>\n<meta property=\"article:modified_time\" content=\"2024-04-19T14:16:33+00:00\" \/>\n<meta property=\"og:image\" content=\"https:\/\/franciscanos.org.br\/noticias\/wp-content\/uploads\/2024\/04\/Coletiva-dia-17-todos.jpeg\" \/>\n\t<meta property=\"og:image:width\" content=\"1238\" \/>\n\t<meta property=\"og:image:height\" content=\"825\" \/>\n\t<meta property=\"og:image:type\" content=\"image\/jpeg\" \/>\n<meta name=\"author\" content=\"Adriana Rabelo\" \/>\n<meta name=\"twitter:card\" content=\"summary_large_image\" \/>\n<meta name=\"twitter:label1\" content=\"Escrito por\" \/>\n\t<meta name=\"twitter:data1\" content=\"Adriana Rabelo\" \/>\n\t<meta name=\"twitter:label2\" content=\"Est. tempo de leitura\" \/>\n\t<meta name=\"twitter:data2\" content=\"3 minutos\" \/>\n<script type=\"application\/ld+json\" class=\"yoast-schema-graph\">{\"@context\":\"https:\/\/schema.org\",\"@graph\":[{\"@type\":\"WebSite\",\"@id\":\"https:\/\/franciscanos.org.br\/noticias\/#website\",\"url\":\"https:\/\/franciscanos.org.br\/noticias\/\",\"name\":\"Not\u00edcias - Franciscanos\",\"description\":\"Prov\u00edncia Franciscana da Imaculada Concei\u00e7\u00e3o do Brasil - Ordem dos Frades Menores - OFM\",\"potentialAction\":[{\"@type\":\"SearchAction\",\"target\":{\"@type\":\"EntryPoint\",\"urlTemplate\":\"https:\/\/franciscanos.org.br\/noticias\/?s={search_term_string}\"},\"query-input\":\"required name=search_term_string\"}],\"inLanguage\":\"pt-BR\"},{\"@type\":\"ImageObject\",\"inLanguage\":\"pt-BR\",\"@id\":\"https:\/\/franciscanos.org.br\/noticias\/bispos-divulgam-carta-aos-cristaos-catolicos-do-brasil-durante-61a-assembleia-da-cnbb.html#primaryimage\",\"url\":\"https:\/\/franciscanos.org.br\/noticias\/wp-content\/uploads\/2024\/04\/Coletiva-dia-17-todos.jpeg\",\"contentUrl\":\"https:\/\/franciscanos.org.br\/noticias\/wp-content\/uploads\/2024\/04\/Coletiva-dia-17-todos.jpeg\",\"width\":1238,\"height\":825},{\"@type\":\"WebPage\",\"@id\":\"https:\/\/franciscanos.org.br\/noticias\/bispos-divulgam-carta-aos-cristaos-catolicos-do-brasil-durante-61a-assembleia-da-cnbb.html#webpage\",\"url\":\"https:\/\/franciscanos.org.br\/noticias\/bispos-divulgam-carta-aos-cristaos-catolicos-do-brasil-durante-61a-assembleia-da-cnbb.html\",\"name\":\"Bispos divulgam carta aos crist\u00e3os cat\u00f3licos do Brasil durante 61\u00aa Assembleia da CNBB - Not\u00edcias - Franciscanos\",\"isPartOf\":{\"@id\":\"https:\/\/franciscanos.org.br\/noticias\/#website\"},\"primaryImageOfPage\":{\"@id\":\"https:\/\/franciscanos.org.br\/noticias\/bispos-divulgam-carta-aos-cristaos-catolicos-do-brasil-durante-61a-assembleia-da-cnbb.html#primaryimage\"},\"datePublished\":\"2024-04-19T14:07:11+00:00\",\"dateModified\":\"2024-04-19T14:16:33+00:00\",\"author\":{\"@id\":\"https:\/\/franciscanos.org.br\/noticias\/#\/schema\/person\/d9422e83121c3ad3b0f423d195f5bb25\"},\"breadcrumb\":{\"@id\":\"https:\/\/franciscanos.org.br\/noticias\/bispos-divulgam-carta-aos-cristaos-catolicos-do-brasil-durante-61a-assembleia-da-cnbb.html#breadcrumb\"},\"inLanguage\":\"pt-BR\",\"potentialAction\":[{\"@type\":\"ReadAction\",\"target\":[\"https:\/\/franciscanos.org.br\/noticias\/bispos-divulgam-carta-aos-cristaos-catolicos-do-brasil-durante-61a-assembleia-da-cnbb.html\"]}]},{\"@type\":\"BreadcrumbList\",\"@id\":\"https:\/\/franciscanos.org.br\/noticias\/bispos-divulgam-carta-aos-cristaos-catolicos-do-brasil-durante-61a-assembleia-da-cnbb.html#breadcrumb\",\"itemListElement\":[{\"@type\":\"ListItem\",\"position\":1,\"name\":\"Home\",\"item\":\"https:\/\/franciscanos.org.br\/noticias\"},{\"@type\":\"ListItem\",\"position\":2,\"name\":\"Bispos divulgam carta aos crist\u00e3os cat\u00f3licos do Brasil durante 61\u00aa Assembleia da CNBB\"}]},{\"@type\":\"Person\",\"@id\":\"https:\/\/franciscanos.org.br\/noticias\/#\/schema\/person\/d9422e83121c3ad3b0f423d195f5bb25\",\"name\":\"Adriana Rabelo\",\"image\":{\"@type\":\"ImageObject\",\"inLanguage\":\"pt-BR\",\"@id\":\"https:\/\/franciscanos.org.br\/noticias\/#\/schema\/person\/image\/\",\"url\":\"https:\/\/secure.gravatar.com\/avatar\/0a937b7500cd7df77540cfb8bede877d?s=96&d=mm&r=g\",\"contentUrl\":\"https:\/\/secure.gravatar.com\/avatar\/0a937b7500cd7df77540cfb8bede877d?s=96&d=mm&r=g\",\"caption\":\"Adriana Rabelo\"},\"url\":\"https:\/\/franciscanos.org.br\/noticias\/author\/adrianarabelo\"}]}<\/script>\n<!-- \/ Yoast SEO plugin. -->","yoast_head_json":{"title":"Bispos divulgam carta aos crist\u00e3os cat\u00f3licos do Brasil durante 61\u00aa Assembleia da CNBB - Not\u00edcias - Franciscanos","robots":{"index":"index","follow":"follow","max-snippet":"max-snippet:-1","max-image-preview":"max-image-preview:large","max-video-preview":"max-video-preview:-1"},"canonical":"https:\/\/franciscanos.org.br\/noticias\/bispos-divulgam-carta-aos-cristaos-catolicos-do-brasil-durante-61a-assembleia-da-cnbb.html","og_locale":"pt_BR","og_type":"article","og_title":"Bispos divulgam carta aos crist\u00e3os cat\u00f3licos do Brasil durante 61\u00aa Assembleia da CNBB - Not\u00edcias - Franciscanos","og_description":"Mensagem da CNBB","og_url":"https:\/\/franciscanos.org.br\/noticias\/bispos-divulgam-carta-aos-cristaos-catolicos-do-brasil-durante-61a-assembleia-da-cnbb.html","og_site_name":"Not\u00edcias - Franciscanos","article_published_time":"2024-04-19T14:07:11+00:00","article_modified_time":"2024-04-19T14:16:33+00:00","og_image":[{"width":1238,"height":825,"url":"https:\/\/franciscanos.org.br\/noticias\/wp-content\/uploads\/2024\/04\/Coletiva-dia-17-todos.jpeg","type":"image\/jpeg"}],"author":"Adriana Rabelo","twitter_card":"summary_large_image","twitter_misc":{"Escrito por":"Adriana Rabelo","Est. tempo de leitura":"3 minutos"},"schema":{"@context":"https:\/\/schema.org","@graph":[{"@type":"WebSite","@id":"https:\/\/franciscanos.org.br\/noticias\/#website","url":"https:\/\/franciscanos.org.br\/noticias\/","name":"Not\u00edcias - Franciscanos","description":"Prov\u00edncia Franciscana da Imaculada Concei\u00e7\u00e3o do Brasil - Ordem dos Frades Menores - OFM","potentialAction":[{"@type":"SearchAction","target":{"@type":"EntryPoint","urlTemplate":"https:\/\/franciscanos.org.br\/noticias\/?s={search_term_string}"},"query-input":"required name=search_term_string"}],"inLanguage":"pt-BR"},{"@type":"ImageObject","inLanguage":"pt-BR","@id":"https:\/\/franciscanos.org.br\/noticias\/bispos-divulgam-carta-aos-cristaos-catolicos-do-brasil-durante-61a-assembleia-da-cnbb.html#primaryimage","url":"https:\/\/franciscanos.org.br\/noticias\/wp-content\/uploads\/2024\/04\/Coletiva-dia-17-todos.jpeg","contentUrl":"https:\/\/franciscanos.org.br\/noticias\/wp-content\/uploads\/2024\/04\/Coletiva-dia-17-todos.jpeg","width":1238,"height":825},{"@type":"WebPage","@id":"https:\/\/franciscanos.org.br\/noticias\/bispos-divulgam-carta-aos-cristaos-catolicos-do-brasil-durante-61a-assembleia-da-cnbb.html#webpage","url":"https:\/\/franciscanos.org.br\/noticias\/bispos-divulgam-carta-aos-cristaos-catolicos-do-brasil-durante-61a-assembleia-da-cnbb.html","name":"Bispos divulgam carta aos crist\u00e3os cat\u00f3licos do Brasil durante 61\u00aa Assembleia da CNBB - Not\u00edcias - Franciscanos","isPartOf":{"@id":"https:\/\/franciscanos.org.br\/noticias\/#website"},"primaryImageOfPage":{"@id":"https:\/\/franciscanos.org.br\/noticias\/bispos-divulgam-carta-aos-cristaos-catolicos-do-brasil-durante-61a-assembleia-da-cnbb.html#primaryimage"},"datePublished":"2024-04-19T14:07:11+00:00","dateModified":"2024-04-19T14:16:33+00:00","author":{"@id":"https:\/\/franciscanos.org.br\/noticias\/#\/schema\/person\/d9422e83121c3ad3b0f423d195f5bb25"},"breadcrumb":{"@id":"https:\/\/franciscanos.org.br\/noticias\/bispos-divulgam-carta-aos-cristaos-catolicos-do-brasil-durante-61a-assembleia-da-cnbb.html#breadcrumb"},"inLanguage":"pt-BR","potentialAction":[{"@type":"ReadAction","target":["https:\/\/franciscanos.org.br\/noticias\/bispos-divulgam-carta-aos-cristaos-catolicos-do-brasil-durante-61a-assembleia-da-cnbb.html"]}]},{"@type":"BreadcrumbList","@id":"https:\/\/franciscanos.org.br\/noticias\/bispos-divulgam-carta-aos-cristaos-catolicos-do-brasil-durante-61a-assembleia-da-cnbb.html#breadcrumb","itemListElement":[{"@type":"ListItem","position":1,"name":"Home","item":"https:\/\/franciscanos.org.br\/noticias"},{"@type":"ListItem","position":2,"name":"Bispos divulgam carta aos crist\u00e3os cat\u00f3licos do Brasil durante 61\u00aa Assembleia da CNBB"}]},{"@type":"Person","@id":"https:\/\/franciscanos.org.br\/noticias\/#\/schema\/person\/d9422e83121c3ad3b0f423d195f5bb25","name":"Adriana Rabelo","image":{"@type":"ImageObject","inLanguage":"pt-BR","@id":"https:\/\/franciscanos.org.br\/noticias\/#\/schema\/person\/image\/","url":"https:\/\/secure.gravatar.com\/avatar\/0a937b7500cd7df77540cfb8bede877d?s=96&d=mm&r=g","contentUrl":"https:\/\/secure.gravatar.com\/avatar\/0a937b7500cd7df77540cfb8bede877d?s=96&d=mm&r=g","caption":"Adriana Rabelo"},"url":"https:\/\/franciscanos.org.br\/noticias\/author\/adrianarabelo"}]}},"_links":{"self":[{"href":"https:\/\/franciscanos.org.br\/noticias\/wp-json\/wp\/v2\/posts\/247282"}],"collection":[{"href":"https:\/\/franciscanos.org.br\/noticias\/wp-json\/wp\/v2\/posts"}],"about":[{"href":"https:\/\/franciscanos.org.br\/noticias\/wp-json\/wp\/v2\/types\/post"}],"author":[{"embeddable":true,"href":"https:\/\/franciscanos.org.br\/noticias\/wp-json\/wp\/v2\/users\/11"}],"replies":[{"embeddable":true,"href":"https:\/\/franciscanos.org.br\/noticias\/wp-json\/wp\/v2\/comments?post=247282"}],"version-history":[{"count":6,"href":"https:\/\/franciscanos.org.br\/noticias\/wp-json\/wp\/v2\/posts\/247282\/revisions"}],"predecessor-version":[{"id":247290,"href":"https:\/\/franciscanos.org.br\/noticias\/wp-json\/wp\/v2\/posts\/247282\/revisions\/247290"}],"wp:featuredmedia":[{"embeddable":true,"href":"https:\/\/franciscanos.org.br\/noticias\/wp-json\/wp\/v2\/media\/247283"}],"wp:attachment":[{"href":"https:\/\/franciscanos.org.br\/noticias\/wp-json\/wp\/v2\/media?parent=247282"}],"wp:term":[{"taxonomy":"category","embeddable":true,"href":"https:\/\/franciscanos.org.br\/noticias\/wp-json\/wp\/v2\/categories?post=247282"},{"taxonomy":"post_tag","embeddable":true,"href":"https:\/\/franciscanos.org.br\/noticias\/wp-json\/wp\/v2\/tags?post=247282"}],"curies":[{"name":"wp","href":"https:\/\/api.w.org\/{rel}","templated":true}]}}