{"id":247270,"date":"2024-04-17T08:47:01","date_gmt":"2024-04-17T11:47:01","guid":{"rendered":"https:\/\/franciscanos.org.br\/noticias\/?p=247270"},"modified":"2024-04-17T08:47:01","modified_gmt":"2024-04-17T11:47:01","slug":"em-um-mundo-de-excessos-a-temperanca-nos-ajuda-a-por-ordem-no-coracao","status":"publish","type":"post","link":"https:\/\/franciscanos.org.br\/noticias\/em-um-mundo-de-excessos-a-temperanca-nos-ajuda-a-por-ordem-no-coracao.html","title":{"rendered":"Em um mundo de excessos, a temperan\u00e7a nos ajuda a p\u00f4r ordem no cora\u00e7\u00e3o"},"content":{"rendered":"<p data-sider-select-id=\"8713bd9a-48e1-48e1-98a4-b74115512922\"><img loading=\"lazy\" class=\"aligncenter wp-image-247271 size-full\" src=\"https:\/\/franciscanos.org.br\/noticias\/wp-content\/uploads\/2024\/04\/AUDIENCIA-DIA-17-04.jpeg\" alt=\"\" width=\"750\" height=\"422\" srcset=\"https:\/\/franciscanos.org.br\/noticias\/wp-content\/uploads\/2024\/04\/AUDIENCIA-DIA-17-04.jpeg 750w, https:\/\/franciscanos.org.br\/noticias\/wp-content\/uploads\/2024\/04\/AUDIENCIA-DIA-17-04-450x253.jpeg 450w, https:\/\/franciscanos.org.br\/noticias\/wp-content\/uploads\/2024\/04\/AUDIENCIA-DIA-17-04-150x84.jpeg 150w\" sizes=\"(max-width: 750px) 100vw, 750px\" \/><\/p>\n<p data-sider-select-id=\"8713bd9a-48e1-48e1-98a4-b74115512922\">A virtude da temperan\u00e7a foi o tema da catequese do Papa na Audi\u00eancia Geral desta quarta-feira, 17 de abril, realizada na Pra\u00e7a S\u00e3o Pedro, com a participa\u00e7\u00e3o de milhares de fi\u00e9is.<\/p>\n<p>Francisco deu continuidade ao ciclo sobre os v\u00edcios e as virtudes, e recordou que para os antigos estudiosos a pr\u00e1tica desses valores tinha como objetivo a felicidade.<\/p>\n<p><strong>A arte de n\u00e3o se deixar dominar<\/strong><\/p>\n<p>Ao falar sobre a quarta e \u00faltima virtude cardeal, o Pont\u00edfice citou o fil\u00f3sofo Arist\u00f3teles, que ao escrever o seu mais importante tratado de \u00e9tica, abordou o tema das virtudes, entre as quais ocupa um lugar importante a temperan\u00e7a. \u201cEsta virtude \u00e9, portanto, a capacidade de autocontrole, a arte de n\u00e3o se deixar dominar pelas paix\u00f5es rebeldes, de p\u00f4r ordem na confus\u00e3o do cora\u00e7\u00e3o humano.\u201d<\/p>\n<p><strong>Comportar-se com sabedoria<\/strong><\/p>\n<p data-sider-select-id=\"84ec8fd1-be0d-4bb8-88b0-ab4592a08e11\">O Papa recordou tamb\u00e9m da defini\u00e7\u00e3o presente no Catecismo da Igreja Cat\u00f3lica: \u201ca temperan\u00e7a \u00e9 a virtude moral que modera a atra\u00e7\u00e3o dos prazeres e proporciona o equil\u00edbrio no uso dos bens criados\u201d. E enfatizou que a temperan\u00e7a \u00e9 a virtude da justa medida:<\/p>\n<p data-sider-select-id=\"9aad2142-f402-4920-ab0f-133ff2603847\"><i data-sider-select-id=\"66369b94-5b9e-4246-a979-a6d30e60b625\">\u201cEm todas as situa\u00e7\u00f5es, ela se comporta com sabedoria, porque as pessoas que sempre agem por \u00edmpeto ou exuber\u00e2ncia, em \u00faltima an\u00e1lise, n\u00e3o s\u00e3o confi\u00e1veis. Em um mundo onde tantas pessoas se orgulham de dizer o que pensam, a pessoa temperante prefere pensar no que diz. Ela n\u00e3o faz promessas v\u00e3s, mas assume compromissos na medida em que pode satisfaz\u00ea-los.\u201d<\/i><\/p>\n<p data-sider-select-id=\"9aad2142-f402-4920-ab0f-133ff2603847\"><strong>A medida certa<\/strong><\/p>\n<p>Quando confrontados com os prazeres da vida, segundo o Papa Francisco, a temperan\u00e7a nos ensina a agir com discernimento. &#8220;O livre fluxo dos impulsos e a total licen\u00e7a concedida aos prazeres acabam se voltando contra n\u00f3s mesmos, mergulhando-nos num estado de t\u00e9dio&#8221;, alertou o Papa.<\/p>\n<p data-sider-select-id=\"3a1a8602-9806-4afa-9ed1-cb9fd266773f\"><i data-sider-select-id=\"74ac9ca4-0248-48c7-b105-1084470c4229\">\u201cA pessoa temperante sabe pesar e medir bem as palavras. Ela n\u00e3o permite que um momento de raiva arru\u00edne relacionamentos e amizades que depois s\u00f3 podem ser reconstru\u00eddas com dificuldade. (&#8230;) H\u00e1 um tempo para falar e um tempo para calar, mas ambos exigem a medida certa.\u201d<\/i><\/p>\n<p data-sider-select-id=\"bbf255e4-33a8-47e9-92ca-542b691bbeef\"><strong>Compreender com empatia<\/strong><\/p>\n<p data-sider-select-id=\"bbf255e4-33a8-47e9-92ca-542b691bbeef\">Francisco sublinhou que manter o controle interior nem sempre significa ter o rosto tranquilo e sorridente, \u00e0s vezes \u00e9 preciso ficar indignado, mas da maneira certa, pois uma palavra de censura \u00e0s vezes \u00e9 mais saud\u00e1vel do que um sil\u00eancio \u00e1cido e ressentido:<\/p>\n<p data-sider-select-id=\"ec89c814-f399-4ca1-9eb7-89056d1663d3\"><i data-sider-select-id=\"a9374a05-51ed-4d5a-8362-c92c484f483e\">\u201cO temperante sabe que nada \u00e9 mais inconveniente do que corrigir o outro, mas tamb\u00e9m sabe que \u00e9 necess\u00e1rio: caso contr\u00e1rio, daria r\u00e9dea solta ao mal. Em certos casos, a pessoa temperante consegue manter os extremos juntos: afirma os princ\u00edpios absolutos, reivindica os valores inegoci\u00e1veis, mas tamb\u00e9m sabe compreender as pessoas e demonstra empatia por elas.\u201d<\/i><\/p>\n<p data-sider-select-id=\"231aec7e-0b15-4eff-b23f-3458fd6af0af\"><strong>O estilo do Evangelho<\/strong><\/p>\n<p data-sider-select-id=\"231aec7e-0b15-4eff-b23f-3458fd6af0af\">Em um mundo onde tudo leva ao excesso, observou o Papa, a pessoa que p\u00f5e em pr\u00e1tica a temperan\u00e7a representa o equil\u00edbrio e vive valores pr\u00f3ximos ao estilo do Evangelho, como a pequenez, a discri\u00e7\u00e3o e a mansid\u00e3o. E, por fim, o Santo Padre ofereceu alguns exemplos da pessoa temperante:<\/p>\n<p data-sider-select-id=\"9e27253f-3a48-4a70-9ce1-e32ab36935b9\"><i data-sider-select-id=\"f24cdf57-c445-423d-8511-d2ce30bd0f3e\">\u201c\u00c9 sens\u00edvel, sabe chorar e n\u00e3o tem vergonha disso, mas n\u00e3o sente pena de si mesmo. Derrotado, ele se levanta novamente; vitorioso, ele consegue retornar \u00e0 sua vida oculta habitual. N\u00e3o busca aplausos, mas sabe que precisa dos outros. N\u00e3o \u00e9 verdade que a temperan\u00e7a deixa-nos grisalhos e tristes. Antes, faz-nos desfrutar melhor dos bens da vida.\u201d<\/i><\/p>\n<div>\n<div class=\"article__embed article__embed--border embed_style\">\n<blockquote><p>\u201cRezemos ao Senhor para que nos conceda esse dom da maturidade afetiva e social. O dom da temperan\u00e7a.\u201d<\/p>\n<hr \/>\n<p>Vatican News<\/p><\/blockquote>\n<\/div>\n<\/div>\n","protected":false},"excerpt":{"rendered":"<p>Papa Francisco-Audi\u00eancia Geral<\/p>\n","protected":false},"author":11,"featured_media":247271,"comment_status":"open","ping_status":"open","sticky":false,"template":"","format":"standard","meta":[],"categories":[1,1428],"tags":[487,55],"acf":[],"yoast_head":"<!-- This site is optimized with the Yoast SEO plugin v19.2 - https:\/\/yoast.com\/wordpress\/plugins\/seo\/ -->\n<title>Em um mundo de excessos, a temperan\u00e7a nos ajuda a p\u00f4r ordem no cora\u00e7\u00e3o - Not\u00edcias - Franciscanos<\/title>\n<meta name=\"robots\" content=\"index, follow, max-snippet:-1, max-image-preview:large, max-video-preview:-1\" \/>\n<link rel=\"canonical\" href=\"https:\/\/franciscanos.org.br\/noticias\/em-um-mundo-de-excessos-a-temperanca-nos-ajuda-a-por-ordem-no-coracao.html\" \/>\n<meta property=\"og:locale\" content=\"pt_BR\" \/>\n<meta property=\"og:type\" content=\"article\" \/>\n<meta property=\"og:title\" content=\"Em um mundo de excessos, a temperan\u00e7a nos ajuda a p\u00f4r ordem no cora\u00e7\u00e3o - Not\u00edcias - Franciscanos\" \/>\n<meta property=\"og:description\" content=\"Papa Francisco-Audi\u00eancia Geral\" \/>\n<meta property=\"og:url\" content=\"https:\/\/franciscanos.org.br\/noticias\/em-um-mundo-de-excessos-a-temperanca-nos-ajuda-a-por-ordem-no-coracao.html\" \/>\n<meta property=\"og:site_name\" content=\"Not\u00edcias - Franciscanos\" \/>\n<meta property=\"article:published_time\" content=\"2024-04-17T11:47:01+00:00\" \/>\n<meta property=\"og:image\" content=\"https:\/\/franciscanos.org.br\/noticias\/wp-content\/uploads\/2024\/04\/AUDIENCIA-DIA-17-04.jpeg\" \/>\n\t<meta property=\"og:image:width\" content=\"750\" \/>\n\t<meta property=\"og:image:height\" content=\"422\" \/>\n\t<meta property=\"og:image:type\" content=\"image\/jpeg\" \/>\n<meta name=\"author\" content=\"Adriana Rabelo\" \/>\n<meta name=\"twitter:card\" content=\"summary_large_image\" \/>\n<meta name=\"twitter:label1\" content=\"Escrito por\" \/>\n\t<meta name=\"twitter:data1\" content=\"Adriana Rabelo\" \/>\n\t<meta name=\"twitter:label2\" content=\"Est. tempo de leitura\" \/>\n\t<meta name=\"twitter:data2\" content=\"3 minutos\" \/>\n<script type=\"application\/ld+json\" class=\"yoast-schema-graph\">{\"@context\":\"https:\/\/schema.org\",\"@graph\":[{\"@type\":\"WebSite\",\"@id\":\"https:\/\/franciscanos.org.br\/noticias\/#website\",\"url\":\"https:\/\/franciscanos.org.br\/noticias\/\",\"name\":\"Not\u00edcias - Franciscanos\",\"description\":\"Prov\u00edncia Franciscana da Imaculada Concei\u00e7\u00e3o do Brasil - Ordem dos Frades Menores - OFM\",\"potentialAction\":[{\"@type\":\"SearchAction\",\"target\":{\"@type\":\"EntryPoint\",\"urlTemplate\":\"https:\/\/franciscanos.org.br\/noticias\/?s={search_term_string}\"},\"query-input\":\"required name=search_term_string\"}],\"inLanguage\":\"pt-BR\"},{\"@type\":\"ImageObject\",\"inLanguage\":\"pt-BR\",\"@id\":\"https:\/\/franciscanos.org.br\/noticias\/em-um-mundo-de-excessos-a-temperanca-nos-ajuda-a-por-ordem-no-coracao.html#primaryimage\",\"url\":\"https:\/\/franciscanos.org.br\/noticias\/wp-content\/uploads\/2024\/04\/AUDIENCIA-DIA-17-04.jpeg\",\"contentUrl\":\"https:\/\/franciscanos.org.br\/noticias\/wp-content\/uploads\/2024\/04\/AUDIENCIA-DIA-17-04.jpeg\",\"width\":750,\"height\":422},{\"@type\":\"WebPage\",\"@id\":\"https:\/\/franciscanos.org.br\/noticias\/em-um-mundo-de-excessos-a-temperanca-nos-ajuda-a-por-ordem-no-coracao.html#webpage\",\"url\":\"https:\/\/franciscanos.org.br\/noticias\/em-um-mundo-de-excessos-a-temperanca-nos-ajuda-a-por-ordem-no-coracao.html\",\"name\":\"Em um mundo de excessos, a temperan\u00e7a nos ajuda a p\u00f4r ordem no cora\u00e7\u00e3o - Not\u00edcias - Franciscanos\",\"isPartOf\":{\"@id\":\"https:\/\/franciscanos.org.br\/noticias\/#website\"},\"primaryImageOfPage\":{\"@id\":\"https:\/\/franciscanos.org.br\/noticias\/em-um-mundo-de-excessos-a-temperanca-nos-ajuda-a-por-ordem-no-coracao.html#primaryimage\"},\"datePublished\":\"2024-04-17T11:47:01+00:00\",\"dateModified\":\"2024-04-17T11:47:01+00:00\",\"author\":{\"@id\":\"https:\/\/franciscanos.org.br\/noticias\/#\/schema\/person\/d9422e83121c3ad3b0f423d195f5bb25\"},\"breadcrumb\":{\"@id\":\"https:\/\/franciscanos.org.br\/noticias\/em-um-mundo-de-excessos-a-temperanca-nos-ajuda-a-por-ordem-no-coracao.html#breadcrumb\"},\"inLanguage\":\"pt-BR\",\"potentialAction\":[{\"@type\":\"ReadAction\",\"target\":[\"https:\/\/franciscanos.org.br\/noticias\/em-um-mundo-de-excessos-a-temperanca-nos-ajuda-a-por-ordem-no-coracao.html\"]}]},{\"@type\":\"BreadcrumbList\",\"@id\":\"https:\/\/franciscanos.org.br\/noticias\/em-um-mundo-de-excessos-a-temperanca-nos-ajuda-a-por-ordem-no-coracao.html#breadcrumb\",\"itemListElement\":[{\"@type\":\"ListItem\",\"position\":1,\"name\":\"Home\",\"item\":\"https:\/\/franciscanos.org.br\/noticias\"},{\"@type\":\"ListItem\",\"position\":2,\"name\":\"Em um mundo de excessos, a temperan\u00e7a nos ajuda a p\u00f4r ordem no cora\u00e7\u00e3o\"}]},{\"@type\":\"Person\",\"@id\":\"https:\/\/franciscanos.org.br\/noticias\/#\/schema\/person\/d9422e83121c3ad3b0f423d195f5bb25\",\"name\":\"Adriana Rabelo\",\"image\":{\"@type\":\"ImageObject\",\"inLanguage\":\"pt-BR\",\"@id\":\"https:\/\/franciscanos.org.br\/noticias\/#\/schema\/person\/image\/\",\"url\":\"https:\/\/secure.gravatar.com\/avatar\/0a937b7500cd7df77540cfb8bede877d?s=96&d=mm&r=g\",\"contentUrl\":\"https:\/\/secure.gravatar.com\/avatar\/0a937b7500cd7df77540cfb8bede877d?s=96&d=mm&r=g\",\"caption\":\"Adriana Rabelo\"},\"url\":\"https:\/\/franciscanos.org.br\/noticias\/author\/adrianarabelo\"}]}<\/script>\n<!-- \/ Yoast SEO plugin. -->","yoast_head_json":{"title":"Em um mundo de excessos, a temperan\u00e7a nos ajuda a p\u00f4r ordem no cora\u00e7\u00e3o - Not\u00edcias - Franciscanos","robots":{"index":"index","follow":"follow","max-snippet":"max-snippet:-1","max-image-preview":"max-image-preview:large","max-video-preview":"max-video-preview:-1"},"canonical":"https:\/\/franciscanos.org.br\/noticias\/em-um-mundo-de-excessos-a-temperanca-nos-ajuda-a-por-ordem-no-coracao.html","og_locale":"pt_BR","og_type":"article","og_title":"Em um mundo de excessos, a temperan\u00e7a nos ajuda a p\u00f4r ordem no cora\u00e7\u00e3o - Not\u00edcias - Franciscanos","og_description":"Papa Francisco-Audi\u00eancia Geral","og_url":"https:\/\/franciscanos.org.br\/noticias\/em-um-mundo-de-excessos-a-temperanca-nos-ajuda-a-por-ordem-no-coracao.html","og_site_name":"Not\u00edcias - Franciscanos","article_published_time":"2024-04-17T11:47:01+00:00","og_image":[{"width":750,"height":422,"url":"https:\/\/franciscanos.org.br\/noticias\/wp-content\/uploads\/2024\/04\/AUDIENCIA-DIA-17-04.jpeg","type":"image\/jpeg"}],"author":"Adriana Rabelo","twitter_card":"summary_large_image","twitter_misc":{"Escrito por":"Adriana Rabelo","Est. tempo de leitura":"3 minutos"},"schema":{"@context":"https:\/\/schema.org","@graph":[{"@type":"WebSite","@id":"https:\/\/franciscanos.org.br\/noticias\/#website","url":"https:\/\/franciscanos.org.br\/noticias\/","name":"Not\u00edcias - Franciscanos","description":"Prov\u00edncia Franciscana da Imaculada Concei\u00e7\u00e3o do Brasil - Ordem dos Frades Menores - OFM","potentialAction":[{"@type":"SearchAction","target":{"@type":"EntryPoint","urlTemplate":"https:\/\/franciscanos.org.br\/noticias\/?s={search_term_string}"},"query-input":"required name=search_term_string"}],"inLanguage":"pt-BR"},{"@type":"ImageObject","inLanguage":"pt-BR","@id":"https:\/\/franciscanos.org.br\/noticias\/em-um-mundo-de-excessos-a-temperanca-nos-ajuda-a-por-ordem-no-coracao.html#primaryimage","url":"https:\/\/franciscanos.org.br\/noticias\/wp-content\/uploads\/2024\/04\/AUDIENCIA-DIA-17-04.jpeg","contentUrl":"https:\/\/franciscanos.org.br\/noticias\/wp-content\/uploads\/2024\/04\/AUDIENCIA-DIA-17-04.jpeg","width":750,"height":422},{"@type":"WebPage","@id":"https:\/\/franciscanos.org.br\/noticias\/em-um-mundo-de-excessos-a-temperanca-nos-ajuda-a-por-ordem-no-coracao.html#webpage","url":"https:\/\/franciscanos.org.br\/noticias\/em-um-mundo-de-excessos-a-temperanca-nos-ajuda-a-por-ordem-no-coracao.html","name":"Em um mundo de excessos, a temperan\u00e7a nos ajuda a p\u00f4r ordem no cora\u00e7\u00e3o - Not\u00edcias - Franciscanos","isPartOf":{"@id":"https:\/\/franciscanos.org.br\/noticias\/#website"},"primaryImageOfPage":{"@id":"https:\/\/franciscanos.org.br\/noticias\/em-um-mundo-de-excessos-a-temperanca-nos-ajuda-a-por-ordem-no-coracao.html#primaryimage"},"datePublished":"2024-04-17T11:47:01+00:00","dateModified":"2024-04-17T11:47:01+00:00","author":{"@id":"https:\/\/franciscanos.org.br\/noticias\/#\/schema\/person\/d9422e83121c3ad3b0f423d195f5bb25"},"breadcrumb":{"@id":"https:\/\/franciscanos.org.br\/noticias\/em-um-mundo-de-excessos-a-temperanca-nos-ajuda-a-por-ordem-no-coracao.html#breadcrumb"},"inLanguage":"pt-BR","potentialAction":[{"@type":"ReadAction","target":["https:\/\/franciscanos.org.br\/noticias\/em-um-mundo-de-excessos-a-temperanca-nos-ajuda-a-por-ordem-no-coracao.html"]}]},{"@type":"BreadcrumbList","@id":"https:\/\/franciscanos.org.br\/noticias\/em-um-mundo-de-excessos-a-temperanca-nos-ajuda-a-por-ordem-no-coracao.html#breadcrumb","itemListElement":[{"@type":"ListItem","position":1,"name":"Home","item":"https:\/\/franciscanos.org.br\/noticias"},{"@type":"ListItem","position":2,"name":"Em um mundo de excessos, a temperan\u00e7a nos ajuda a p\u00f4r ordem no cora\u00e7\u00e3o"}]},{"@type":"Person","@id":"https:\/\/franciscanos.org.br\/noticias\/#\/schema\/person\/d9422e83121c3ad3b0f423d195f5bb25","name":"Adriana Rabelo","image":{"@type":"ImageObject","inLanguage":"pt-BR","@id":"https:\/\/franciscanos.org.br\/noticias\/#\/schema\/person\/image\/","url":"https:\/\/secure.gravatar.com\/avatar\/0a937b7500cd7df77540cfb8bede877d?s=96&d=mm&r=g","contentUrl":"https:\/\/secure.gravatar.com\/avatar\/0a937b7500cd7df77540cfb8bede877d?s=96&d=mm&r=g","caption":"Adriana Rabelo"},"url":"https:\/\/franciscanos.org.br\/noticias\/author\/adrianarabelo"}]}},"_links":{"self":[{"href":"https:\/\/franciscanos.org.br\/noticias\/wp-json\/wp\/v2\/posts\/247270"}],"collection":[{"href":"https:\/\/franciscanos.org.br\/noticias\/wp-json\/wp\/v2\/posts"}],"about":[{"href":"https:\/\/franciscanos.org.br\/noticias\/wp-json\/wp\/v2\/types\/post"}],"author":[{"embeddable":true,"href":"https:\/\/franciscanos.org.br\/noticias\/wp-json\/wp\/v2\/users\/11"}],"replies":[{"embeddable":true,"href":"https:\/\/franciscanos.org.br\/noticias\/wp-json\/wp\/v2\/comments?post=247270"}],"version-history":[{"count":1,"href":"https:\/\/franciscanos.org.br\/noticias\/wp-json\/wp\/v2\/posts\/247270\/revisions"}],"predecessor-version":[{"id":247272,"href":"https:\/\/franciscanos.org.br\/noticias\/wp-json\/wp\/v2\/posts\/247270\/revisions\/247272"}],"wp:featuredmedia":[{"embeddable":true,"href":"https:\/\/franciscanos.org.br\/noticias\/wp-json\/wp\/v2\/media\/247271"}],"wp:attachment":[{"href":"https:\/\/franciscanos.org.br\/noticias\/wp-json\/wp\/v2\/media?parent=247270"}],"wp:term":[{"taxonomy":"category","embeddable":true,"href":"https:\/\/franciscanos.org.br\/noticias\/wp-json\/wp\/v2\/categories?post=247270"},{"taxonomy":"post_tag","embeddable":true,"href":"https:\/\/franciscanos.org.br\/noticias\/wp-json\/wp\/v2\/tags?post=247270"}],"curies":[{"name":"wp","href":"https:\/\/api.w.org\/{rel}","templated":true}]}}