{"id":247230,"date":"2024-04-12T10:17:27","date_gmt":"2024-04-12T13:17:27","guid":{"rendered":"https:\/\/franciscanos.org.br\/noticias\/?p=247230"},"modified":"2024-04-12T11:41:43","modified_gmt":"2024-04-12T14:41:43","slug":"usf-sedia-vii-congresso-internacional-franciscano","status":"publish","type":"post","link":"https:\/\/franciscanos.org.br\/noticias\/usf-sedia-vii-congresso-internacional-franciscano.html","title":{"rendered":"USF sedia VII Congresso Internacional Franciscano"},"content":{"rendered":"<p><img loading=\"lazy\" class=\"alignnone size-full wp-image-247239\" src=\"https:\/\/franciscanos.org.br\/noticias\/wp-content\/uploads\/2024\/04\/congressso.png\" alt=\"\" width=\"1280\" height=\"720\" srcset=\"https:\/\/franciscanos.org.br\/noticias\/wp-content\/uploads\/2024\/04\/congressso.png 1280w, https:\/\/franciscanos.org.br\/noticias\/wp-content\/uploads\/2024\/04\/congressso-450x253.png 450w, https:\/\/franciscanos.org.br\/noticias\/wp-content\/uploads\/2024\/04\/congressso-1024x576.png 1024w, https:\/\/franciscanos.org.br\/noticias\/wp-content\/uploads\/2024\/04\/congressso-768x432.png 768w, https:\/\/franciscanos.org.br\/noticias\/wp-content\/uploads\/2024\/04\/congressso-150x84.png 150w\" sizes=\"(max-width: 1280px) 100vw, 1280px\" \/><\/p>\n<p>O Instituto Teol\u00f3gico Franciscano (ITF), a FAE &#8211; Centro Universit\u00e1rio e a Universidade S\u00e3o Francisco (USF) promovem nos dias 19 e 20 de junho, o <strong>VII Congresso Internacional Franciscano<\/strong>, no C\u00e2mpus Sagrado Cora\u00e7\u00e3o, em Campinas. Nesta edi\u00e7\u00e3o, a tem\u00e1tica ser\u00e1\u00a0\u201cRegra Bulada, Pres\u00e9pio, Estigma: Luzes para a atualidade do franciscanismo\u201d.<\/p>\n<p>A atividade \u00e9 motivada pelos Centen\u00e1rios Franciscanos, em comemora\u00e7\u00e3o dos 800 anos da Regra Bulada, do Natal de Greccio (2023), dos Estigmas (2024), do C\u00e2ntico das Criaturas (2025) e, no seu auge, da P\u00e1scoa de Francisco (2026). O objetivo \u00e9 promover a consolida\u00e7\u00e3o do di\u00e1logo das pesquisas referentes a tem\u00e1tica<\/p>\n<p>O evento, fruto de uma parceria entre USF, Intituto Teol\u00f3gico Franciscano e FAE, ser\u00e1 <strong>gratuito<\/strong> e contar\u00e1 com diversas atividades como: palestras, mesas redondas, comunica\u00e7\u00f5es orais, lan\u00e7amentos de livros, apresenta\u00e7\u00e3o de pesquisas de inicia\u00e7\u00e3o cient\u00edfica, al\u00e9m de momentos culturais.<\/p>\n<p>Acesse o link e saiba mais: <a href=\"https:\/\/sites.google.com\/usf.edu.br\/congresso-franciscano\/home?authuser=0\">https:\/\/sites.google.com\/usf.edu.br\/congresso-franciscano\/home?authuser=0<\/a><\/p>\n<p>Algumas palestras ser\u00e3o oferecidas no formato h\u00edbrido (presencial e on-line). Os links ser\u00e3o disponibilizados pr\u00f3ximos as datas de realiza\u00e7\u00e3o das atividades.<\/p>\n<p><strong>Programa\u00e7\u00e3o &#8211; <\/strong><strong>19\/06<\/strong><\/p>\n<p style=\"padding-left: 40px;\"><strong>09h\u00a0&#8211; <\/strong>Credenciamento (Presencial)<br \/>\n<strong>10h <\/strong><strong>&#8211;\u00a0\u00a0<\/strong>Abertura Jubileus Franciscanos (Presencial)<br \/>\n<strong>Moderadores<\/strong><strong>:\u00a0\u00a0<\/strong>Prof. Sandro Roberto da Costa, Instituto Teol\u00f3gico Franciscano &#8211; ITF; Prof. Gilberto Gon\u00e7alves Garcia, USF; Prof. Jorge Ap\u00f3stolos Siarcos, FAE Centro Universit\u00e1rio; Profa. Renata Bernardo, USF.<br \/>\n<strong>Modalidade:<\/strong><strong>\u00a0Presencial com transmiss\u00e3o via Youtube.<br \/>\n<\/strong><strong>Link de transmiss\u00e3o:<\/strong> https:\/\/youtube.com\/live\/PkUPIdv6BGo?feature=share<br \/>\n<strong>10h30 &#8211; 11h30 &#8211; <\/strong>Palestra:\u00a0A Regra de Francisco: um texto na hist\u00f3ria (La Regola di Francesco: un testo nella storia)<br \/>\n<strong>Palestrante:\u00a0<\/strong>Daniele Solvi &#8211; professor de Literatura Latina Medieval e Human\u00edstica na Universidade Campania Luigi Vanvitelli (It\u00e1lia), membro da AISSCA (Associazione Italiana per lo Studio della Santit\u00e0, dei Culti e dell&amp;#39;Agiografia, Rome), do SISF (Societ\u00e0 Internazionale di Studi rancescani, Assisi) e do Centro Internacional de Estudos e Pesquisas Franciscanas.<br \/>\n<strong>Moderador:\u00a0<\/strong>Prof. Jo\u00e3o Mannes<br \/>\n<strong>Modalidade:\u00a0<\/strong>Presencial com transmiss\u00e3o via Youtube<br \/>\n<strong>Link de transmiss\u00e3o:<\/strong> https:\/\/youtube.com\/live\/PkUPIdv6BGo?feature=share<\/p>\n<p><strong>_______________________________________________________<\/strong><\/p>\n<p style=\"padding-left: 40px;\"><strong>12h \u2013\u00a0Almo\u00e7o<br \/>\n<\/strong><strong>14h &#8211;\u00a015h\u00a0&#8211;\u00a0<\/strong>Mesa-Redonda: Os desafios do franciscanismo na contemporaneidade<br \/>\n<strong>Palestrantes:\u00a0<\/strong>Profa. Moema Miranda, Profa. Rosangela Pezoti; Prof. Alberto Moreira, Prof. Eduardo Brasileiro, Frei Marcelo Toyansk.<br \/>\nModerador:\u00a0Prof.\u00a0Allan da Silva Coelho.<br \/>\n<strong>Link de transmiss\u00e3o<\/strong>: https:\/\/youtube.com\/live\/0sLyd8Yrq0Q?feature=share<br \/>\n<strong>17h30 &#8211; 19h \u2013<\/strong>\u00a0Intervalo<br \/>\n<strong>19h &#8211;\u00a0<\/strong>Palestra:\u00a0O pres\u00e9pio de Greccio<br \/>\n<strong>Palestrante:\u00a0<\/strong>Leonardo Boff<br \/>\n<strong>Moderador:\u00a0<\/strong>Prof. Vit\u00f3rio Mazzuco<br \/>\n<strong>Link de transmiss\u00e3o:<\/strong> https:\/\/youtube.com\/live\/E3v_pq8r1lA?feature=share<\/p>\n<p><strong>________________________________________________________<\/strong><\/p>\n<p><strong>Programa\u00e7\u00e3o &#8211; 20\/06<br \/>\n<\/strong><strong>09h &#8211; Palestra:\u00a0<\/strong>Apparuit Effigies: os estigmas entre textos, imagens e meoria (Apparuit effigies: le stigmate fra testi, immagini e mem\u00f3ria) Palestrante:\u00a0Adelaide Ricci &#8211; \u00e9 professora na Universidade de Pavia, nas \u00e1reas de investiga\u00e7\u00e3o:\u00a0 hist\u00f3ria dos indigentes e das institui\u00e7\u00f5es de assist\u00eancia social na Idade M\u00e9dia (norte da It\u00e1lia); hist\u00f3ria urbana; Cremona medieval; territ\u00f3rio e topon\u00edmia (\u00e1rea da Lombardia e Emilia Romagna); polissemia e \u201cmaravilhoso\u201d na Idade M\u00e9dia; fontes e textos medievais, especialmente da tradi\u00e7\u00e3o hagiogr\u00e1fica.<\/p>\n<p style=\"padding-left: 40px;\"><strong>Moderador:\u00a0<\/strong>Prof. Gilberto da Silva<br \/>\n<strong>Link de transmiss\u00e3o:<\/strong> https:\/\/youtube.com\/live\/iFVcDdJMnCI?feature=share<\/p>\n<p><strong>_________________________________________________________<\/strong><\/p>\n<p style=\"padding-left: 40px;\"><strong>12h &#8211; <\/strong>Almo\u00e7o<br \/>\n<strong>14h &#8211; 17h30 &#8211;\u00a0<\/strong>Comunica\u00e7\u00f5es: Grupos de Pesquisa (Presencial)<br \/>\n<strong>17h30 &#8211; 19h &#8211; <\/strong>Intervalo<br \/>\n<strong>18h &#8211; 19h30 &#8211; <\/strong>Palestra: Regra bulada, pres\u00e9pio, estigma, luzes para a atualidade do franciscanismo<br \/>\n<strong>Modalidade:\u00a0<\/strong>Presencial com transmiss\u00e3o via Youtube.<br \/>\n<strong>Link de transmiss\u00e3o:<\/strong> https:\/\/youtube.com\/live\/dYv20AfsEOk?feature=share<\/p>\n<hr \/>\n<p>Texto: Ana Paula Moreira, com colabora\u00e7\u00e3o de Adriana Rabelo<\/p>\n","protected":false},"excerpt":{"rendered":"<p>Congresso Internacional Franciscano<\/p>\n","protected":false},"author":11,"featured_media":247241,"comment_status":"open","ping_status":"open","sticky":false,"template":"","format":"standard","meta":[],"categories":[1],"tags":[354],"acf":[],"yoast_head":"<!-- This site is optimized with the Yoast SEO plugin v19.2 - https:\/\/yoast.com\/wordpress\/plugins\/seo\/ -->\n<title>USF sedia VII Congresso Internacional Franciscano - Not\u00edcias - Franciscanos<\/title>\n<meta name=\"robots\" content=\"index, follow, max-snippet:-1, max-image-preview:large, max-video-preview:-1\" \/>\n<link rel=\"canonical\" href=\"https:\/\/franciscanos.org.br\/noticias\/usf-sedia-vii-congresso-internacional-franciscano.html\" \/>\n<meta property=\"og:locale\" content=\"pt_BR\" \/>\n<meta property=\"og:type\" content=\"article\" \/>\n<meta property=\"og:title\" content=\"USF sedia VII Congresso Internacional Franciscano - Not\u00edcias - Franciscanos\" \/>\n<meta property=\"og:description\" content=\"Congresso Internacional Franciscano\" \/>\n<meta property=\"og:url\" content=\"https:\/\/franciscanos.org.br\/noticias\/usf-sedia-vii-congresso-internacional-franciscano.html\" \/>\n<meta property=\"og:site_name\" content=\"Not\u00edcias - Franciscanos\" \/>\n<meta property=\"article:published_time\" content=\"2024-04-12T13:17:27+00:00\" \/>\n<meta property=\"article:modified_time\" content=\"2024-04-12T14:41:43+00:00\" \/>\n<meta property=\"og:image\" content=\"https:\/\/franciscanos.org.br\/noticias\/wp-content\/uploads\/2024\/04\/congressso-800-1.png\" \/>\n\t<meta property=\"og:image:width\" content=\"800\" \/>\n\t<meta property=\"og:image:height\" content=\"550\" \/>\n\t<meta property=\"og:image:type\" content=\"image\/png\" \/>\n<meta name=\"author\" content=\"Adriana Rabelo\" \/>\n<meta name=\"twitter:card\" content=\"summary_large_image\" \/>\n<meta name=\"twitter:label1\" content=\"Escrito por\" \/>\n\t<meta name=\"twitter:data1\" content=\"Adriana Rabelo\" \/>\n\t<meta name=\"twitter:label2\" content=\"Est. tempo de leitura\" \/>\n\t<meta name=\"twitter:data2\" content=\"3 minutos\" \/>\n<script type=\"application\/ld+json\" class=\"yoast-schema-graph\">{\"@context\":\"https:\/\/schema.org\",\"@graph\":[{\"@type\":\"WebSite\",\"@id\":\"https:\/\/franciscanos.org.br\/noticias\/#website\",\"url\":\"https:\/\/franciscanos.org.br\/noticias\/\",\"name\":\"Not\u00edcias - Franciscanos\",\"description\":\"Prov\u00edncia Franciscana da Imaculada Concei\u00e7\u00e3o do Brasil - Ordem dos Frades Menores - OFM\",\"potentialAction\":[{\"@type\":\"SearchAction\",\"target\":{\"@type\":\"EntryPoint\",\"urlTemplate\":\"https:\/\/franciscanos.org.br\/noticias\/?s={search_term_string}\"},\"query-input\":\"required name=search_term_string\"}],\"inLanguage\":\"pt-BR\"},{\"@type\":\"ImageObject\",\"inLanguage\":\"pt-BR\",\"@id\":\"https:\/\/franciscanos.org.br\/noticias\/usf-sedia-vii-congresso-internacional-franciscano.html#primaryimage\",\"url\":\"https:\/\/franciscanos.org.br\/noticias\/wp-content\/uploads\/2024\/04\/congressso-800-1.png\",\"contentUrl\":\"https:\/\/franciscanos.org.br\/noticias\/wp-content\/uploads\/2024\/04\/congressso-800-1.png\",\"width\":800,\"height\":550},{\"@type\":\"WebPage\",\"@id\":\"https:\/\/franciscanos.org.br\/noticias\/usf-sedia-vii-congresso-internacional-franciscano.html#webpage\",\"url\":\"https:\/\/franciscanos.org.br\/noticias\/usf-sedia-vii-congresso-internacional-franciscano.html\",\"name\":\"USF sedia VII Congresso Internacional Franciscano - Not\u00edcias - Franciscanos\",\"isPartOf\":{\"@id\":\"https:\/\/franciscanos.org.br\/noticias\/#website\"},\"primaryImageOfPage\":{\"@id\":\"https:\/\/franciscanos.org.br\/noticias\/usf-sedia-vii-congresso-internacional-franciscano.html#primaryimage\"},\"datePublished\":\"2024-04-12T13:17:27+00:00\",\"dateModified\":\"2024-04-12T14:41:43+00:00\",\"author\":{\"@id\":\"https:\/\/franciscanos.org.br\/noticias\/#\/schema\/person\/d9422e83121c3ad3b0f423d195f5bb25\"},\"breadcrumb\":{\"@id\":\"https:\/\/franciscanos.org.br\/noticias\/usf-sedia-vii-congresso-internacional-franciscano.html#breadcrumb\"},\"inLanguage\":\"pt-BR\",\"potentialAction\":[{\"@type\":\"ReadAction\",\"target\":[\"https:\/\/franciscanos.org.br\/noticias\/usf-sedia-vii-congresso-internacional-franciscano.html\"]}]},{\"@type\":\"BreadcrumbList\",\"@id\":\"https:\/\/franciscanos.org.br\/noticias\/usf-sedia-vii-congresso-internacional-franciscano.html#breadcrumb\",\"itemListElement\":[{\"@type\":\"ListItem\",\"position\":1,\"name\":\"Home\",\"item\":\"https:\/\/franciscanos.org.br\/noticias\"},{\"@type\":\"ListItem\",\"position\":2,\"name\":\"USF sedia VII Congresso Internacional Franciscano\"}]},{\"@type\":\"Person\",\"@id\":\"https:\/\/franciscanos.org.br\/noticias\/#\/schema\/person\/d9422e83121c3ad3b0f423d195f5bb25\",\"name\":\"Adriana Rabelo\",\"image\":{\"@type\":\"ImageObject\",\"inLanguage\":\"pt-BR\",\"@id\":\"https:\/\/franciscanos.org.br\/noticias\/#\/schema\/person\/image\/\",\"url\":\"https:\/\/secure.gravatar.com\/avatar\/0a937b7500cd7df77540cfb8bede877d?s=96&d=mm&r=g\",\"contentUrl\":\"https:\/\/secure.gravatar.com\/avatar\/0a937b7500cd7df77540cfb8bede877d?s=96&d=mm&r=g\",\"caption\":\"Adriana Rabelo\"},\"url\":\"https:\/\/franciscanos.org.br\/noticias\/author\/adrianarabelo\"}]}<\/script>\n<!-- \/ Yoast SEO plugin. -->","yoast_head_json":{"title":"USF sedia VII Congresso Internacional Franciscano - Not\u00edcias - Franciscanos","robots":{"index":"index","follow":"follow","max-snippet":"max-snippet:-1","max-image-preview":"max-image-preview:large","max-video-preview":"max-video-preview:-1"},"canonical":"https:\/\/franciscanos.org.br\/noticias\/usf-sedia-vii-congresso-internacional-franciscano.html","og_locale":"pt_BR","og_type":"article","og_title":"USF sedia VII Congresso Internacional Franciscano - Not\u00edcias - Franciscanos","og_description":"Congresso Internacional Franciscano","og_url":"https:\/\/franciscanos.org.br\/noticias\/usf-sedia-vii-congresso-internacional-franciscano.html","og_site_name":"Not\u00edcias - Franciscanos","article_published_time":"2024-04-12T13:17:27+00:00","article_modified_time":"2024-04-12T14:41:43+00:00","og_image":[{"width":800,"height":550,"url":"https:\/\/franciscanos.org.br\/noticias\/wp-content\/uploads\/2024\/04\/congressso-800-1.png","type":"image\/png"}],"author":"Adriana Rabelo","twitter_card":"summary_large_image","twitter_misc":{"Escrito por":"Adriana Rabelo","Est. tempo de leitura":"3 minutos"},"schema":{"@context":"https:\/\/schema.org","@graph":[{"@type":"WebSite","@id":"https:\/\/franciscanos.org.br\/noticias\/#website","url":"https:\/\/franciscanos.org.br\/noticias\/","name":"Not\u00edcias - Franciscanos","description":"Prov\u00edncia Franciscana da Imaculada Concei\u00e7\u00e3o do Brasil - Ordem dos Frades Menores - OFM","potentialAction":[{"@type":"SearchAction","target":{"@type":"EntryPoint","urlTemplate":"https:\/\/franciscanos.org.br\/noticias\/?s={search_term_string}"},"query-input":"required name=search_term_string"}],"inLanguage":"pt-BR"},{"@type":"ImageObject","inLanguage":"pt-BR","@id":"https:\/\/franciscanos.org.br\/noticias\/usf-sedia-vii-congresso-internacional-franciscano.html#primaryimage","url":"https:\/\/franciscanos.org.br\/noticias\/wp-content\/uploads\/2024\/04\/congressso-800-1.png","contentUrl":"https:\/\/franciscanos.org.br\/noticias\/wp-content\/uploads\/2024\/04\/congressso-800-1.png","width":800,"height":550},{"@type":"WebPage","@id":"https:\/\/franciscanos.org.br\/noticias\/usf-sedia-vii-congresso-internacional-franciscano.html#webpage","url":"https:\/\/franciscanos.org.br\/noticias\/usf-sedia-vii-congresso-internacional-franciscano.html","name":"USF sedia VII Congresso Internacional Franciscano - Not\u00edcias - Franciscanos","isPartOf":{"@id":"https:\/\/franciscanos.org.br\/noticias\/#website"},"primaryImageOfPage":{"@id":"https:\/\/franciscanos.org.br\/noticias\/usf-sedia-vii-congresso-internacional-franciscano.html#primaryimage"},"datePublished":"2024-04-12T13:17:27+00:00","dateModified":"2024-04-12T14:41:43+00:00","author":{"@id":"https:\/\/franciscanos.org.br\/noticias\/#\/schema\/person\/d9422e83121c3ad3b0f423d195f5bb25"},"breadcrumb":{"@id":"https:\/\/franciscanos.org.br\/noticias\/usf-sedia-vii-congresso-internacional-franciscano.html#breadcrumb"},"inLanguage":"pt-BR","potentialAction":[{"@type":"ReadAction","target":["https:\/\/franciscanos.org.br\/noticias\/usf-sedia-vii-congresso-internacional-franciscano.html"]}]},{"@type":"BreadcrumbList","@id":"https:\/\/franciscanos.org.br\/noticias\/usf-sedia-vii-congresso-internacional-franciscano.html#breadcrumb","itemListElement":[{"@type":"ListItem","position":1,"name":"Home","item":"https:\/\/franciscanos.org.br\/noticias"},{"@type":"ListItem","position":2,"name":"USF sedia VII Congresso Internacional Franciscano"}]},{"@type":"Person","@id":"https:\/\/franciscanos.org.br\/noticias\/#\/schema\/person\/d9422e83121c3ad3b0f423d195f5bb25","name":"Adriana Rabelo","image":{"@type":"ImageObject","inLanguage":"pt-BR","@id":"https:\/\/franciscanos.org.br\/noticias\/#\/schema\/person\/image\/","url":"https:\/\/secure.gravatar.com\/avatar\/0a937b7500cd7df77540cfb8bede877d?s=96&d=mm&r=g","contentUrl":"https:\/\/secure.gravatar.com\/avatar\/0a937b7500cd7df77540cfb8bede877d?s=96&d=mm&r=g","caption":"Adriana Rabelo"},"url":"https:\/\/franciscanos.org.br\/noticias\/author\/adrianarabelo"}]}},"_links":{"self":[{"href":"https:\/\/franciscanos.org.br\/noticias\/wp-json\/wp\/v2\/posts\/247230"}],"collection":[{"href":"https:\/\/franciscanos.org.br\/noticias\/wp-json\/wp\/v2\/posts"}],"about":[{"href":"https:\/\/franciscanos.org.br\/noticias\/wp-json\/wp\/v2\/types\/post"}],"author":[{"embeddable":true,"href":"https:\/\/franciscanos.org.br\/noticias\/wp-json\/wp\/v2\/users\/11"}],"replies":[{"embeddable":true,"href":"https:\/\/franciscanos.org.br\/noticias\/wp-json\/wp\/v2\/comments?post=247230"}],"version-history":[{"count":8,"href":"https:\/\/franciscanos.org.br\/noticias\/wp-json\/wp\/v2\/posts\/247230\/revisions"}],"predecessor-version":[{"id":247244,"href":"https:\/\/franciscanos.org.br\/noticias\/wp-json\/wp\/v2\/posts\/247230\/revisions\/247244"}],"wp:featuredmedia":[{"embeddable":true,"href":"https:\/\/franciscanos.org.br\/noticias\/wp-json\/wp\/v2\/media\/247241"}],"wp:attachment":[{"href":"https:\/\/franciscanos.org.br\/noticias\/wp-json\/wp\/v2\/media?parent=247230"}],"wp:term":[{"taxonomy":"category","embeddable":true,"href":"https:\/\/franciscanos.org.br\/noticias\/wp-json\/wp\/v2\/categories?post=247230"},{"taxonomy":"post_tag","embeddable":true,"href":"https:\/\/franciscanos.org.br\/noticias\/wp-json\/wp\/v2\/tags?post=247230"}],"curies":[{"name":"wp","href":"https:\/\/api.w.org\/{rel}","templated":true}]}}