{"id":247223,"date":"2024-04-12T09:51:59","date_gmt":"2024-04-12T12:51:59","guid":{"rendered":"https:\/\/franciscanos.org.br\/noticias\/?p=247223"},"modified":"2024-04-12T10:03:18","modified_gmt":"2024-04-12T13:03:18","slug":"episcopado-brasileiro-iniciou-assembleia-geral-com-a-presenca-do-cardeal-pietro-parolin-secretario-do-estado-do-vaticano","status":"publish","type":"post","link":"https:\/\/franciscanos.org.br\/noticias\/episcopado-brasileiro-iniciou-assembleia-geral-com-a-presenca-do-cardeal-pietro-parolin-secretario-do-estado-do-vaticano.html","title":{"rendered":"Episcopado brasileiro inicia Assembleia Geral com a presen\u00e7a do Cardeal Pietro Parolin, Secret\u00e1rio do Estado do Vaticano"},"content":{"rendered":"<p>&nbsp;<\/p>\n<p><img loading=\"lazy\" class=\"aligncenter wp-image-247227 size-full\" src=\"https:\/\/franciscanos.org.br\/noticias\/wp-content\/uploads\/2024\/04\/Parolin.jpeg\" alt=\"\" width=\"1238\" height=\"825\" srcset=\"https:\/\/franciscanos.org.br\/noticias\/wp-content\/uploads\/2024\/04\/Parolin.jpeg 1238w, https:\/\/franciscanos.org.br\/noticias\/wp-content\/uploads\/2024\/04\/Parolin-450x300.jpeg 450w, https:\/\/franciscanos.org.br\/noticias\/wp-content\/uploads\/2024\/04\/Parolin-1024x682.jpeg 1024w, https:\/\/franciscanos.org.br\/noticias\/wp-content\/uploads\/2024\/04\/Parolin-768x512.jpeg 768w, https:\/\/franciscanos.org.br\/noticias\/wp-content\/uploads\/2024\/04\/Parolin-150x100.jpeg 150w\" sizes=\"(max-width: 1238px) 100vw, 1238px\" \/><\/p>\n<p>Com a acolhida da imagem de Nossa Senhora da Concei\u00e7\u00e3o Aparecida, o episcopado brasileiro iniciou, na quarta-feira, dia 10, a 61\u00aa edi\u00e7\u00e3o da Assembleia Geral (AG) da Confer\u00eancia Nacional dos Bispos do Brasil (CNBB).<\/p>\n<p>\u201cQue n\u00f3s, bispos, escutemos tudo o que Jesus nos disser!\u201d, ressaltou o arcebispo de Goi\u00e2nia (GO) e primeiro vice-presidente da CNBB, dom Jo\u00e3o Justino de Medeiros Silva, ao saudar seus irm\u00e3os no episcopado e a imagem da padroeira do Brasil, pedindo a intercess\u00e3o de Nossa Senhora para os trabalhos da Assembleia.<\/p>\n<p>Reunidos no Centro de Eventos Pe. V\u00edtor Coelho de Almeida, no Santu\u00e1rio Nacional, em Aparecida (SP), ap\u00f3s a celebra\u00e7\u00e3o da Missa, os bispos come\u00e7aram oficialmente a 61\u00aa AG que segue at\u00e9 o dia 19 de abril.<\/p>\n<p><strong>Peregrinos acolhidos na Casa da M\u00e3e<\/strong><\/p>\n<p>Ao indicar que os crit\u00e9rios evang\u00e9licos orientar\u00e3o os bispos na reflex\u00e3o e renova\u00e7\u00e3o das estruturas pastorais no favorecimento da evangeliza\u00e7\u00e3o em todo o pa\u00eds, durante os dias de Assembleia, o arcebispo de Porto Alegre (RS) e presidente da CNBB, dom Jaime Spengler, desejou: \u201ccomo peregrinos da esperan\u00e7a, em esp\u00edrito de comunh\u00e3o e participa\u00e7\u00e3o, queremos tra\u00e7ar indica\u00e7\u00f5es que correspondam os desafios do tempo presente. Bom trabalho! Bem-vindos\u201d, finalizou.<\/p>\n<p>Em fala, o n\u00fancio apost\u00f3lico do Brasil, dom Giambattista Diquattro, relatou que a Assembleia \u00e9 sempre uma \u201cescola privilegiada da a\u00e7\u00e3o do Esp\u00edrito Santo\u201d, e completou: \u201co episcopado brasileiro trabalha com ardor e empenho determinado para que o Evangelho seja conhecido, amado e vivido\u201d no territ\u00f3rio brasileiro.<\/p>\n<p>No per\u00edodo da tarde, os bispos iniciaram o retiro espiritual com o secret\u00e1rio de Estado do Vaticano, cardeal Pietro Parolin, como pregador. Na abertura da AG, o cardeal recordou \u201cos di\u00e1logos proveitosos\u201d com o episcopado brasileiro durante as visitas <em>Ad Limina Apostolorum<\/em> (aos t\u00famulos dos Ap\u00f3stolos) do Brasil \u00e0 Roma, que ocorreram nos \u00faltimos anos. \u201cAgrade\u00e7o com simplicidade e, com simplicidade, queremos escutar a voz do Esp\u00edrito que fala em n\u00f3s\u201d, concluiu. Os bispos brasileiros refletiram \u201cO Caminho Sinodal\u201d por meio de prega\u00e7\u00f5es, momentos de reflex\u00e3o pessoal e tamb\u00e9m de confiss\u00e3o sacramental<\/p>\n<p>O bispo auxiliar de Bras\u00edlia (DF) e secret\u00e1rio-geral da CNBB, dom Ricardo Hoepers,\u00a0 apresentou a din\u00e2mica da Assembleia, parabenizou os bispos aniversariantes, acolheu o episcopado de recente nomea\u00e7\u00e3o e prestou homenagem aos bispos falecidos desde a \u00faltima AG, recordando, de modo especial, dom Geraldo Lyrio Rocha, arcebispo em\u00e9rito de Mariana (MG), que atuou fortemente em prol da comunh\u00e3o eclesial.<\/p>\n<hr \/>\n<p>Colabora\u00e7\u00e3o padre Tiago Barbosa (Sul 1) texto e Vict\u00f3ria Holzbach (Regional Sul) | Comunica\u00e7\u00e3o da 61\u00aa AG CNBB<\/p>\n","protected":false},"excerpt":{"rendered":"<p>Assembleia CNBB<\/p>\n","protected":false},"author":11,"featured_media":247224,"comment_status":"open","ping_status":"open","sticky":false,"template":"","format":"standard","meta":[],"categories":[1],"tags":[29],"acf":[],"yoast_head":"<!-- This site is optimized with the Yoast SEO plugin v19.2 - https:\/\/yoast.com\/wordpress\/plugins\/seo\/ -->\n<title>Episcopado brasileiro inicia Assembleia Geral com a presen\u00e7a do Cardeal Pietro Parolin, Secret\u00e1rio do Estado do Vaticano - Not\u00edcias - Franciscanos<\/title>\n<meta name=\"robots\" content=\"index, follow, max-snippet:-1, max-image-preview:large, max-video-preview:-1\" \/>\n<link rel=\"canonical\" href=\"https:\/\/franciscanos.org.br\/noticias\/episcopado-brasileiro-iniciou-assembleia-geral-com-a-presenca-do-cardeal-pietro-parolin-secretario-do-estado-do-vaticano.html\" \/>\n<meta property=\"og:locale\" content=\"pt_BR\" \/>\n<meta property=\"og:type\" content=\"article\" \/>\n<meta property=\"og:title\" content=\"Episcopado brasileiro inicia Assembleia Geral com a presen\u00e7a do Cardeal Pietro Parolin, Secret\u00e1rio do Estado do Vaticano - Not\u00edcias - Franciscanos\" \/>\n<meta property=\"og:description\" content=\"Assembleia CNBB\" \/>\n<meta property=\"og:url\" content=\"https:\/\/franciscanos.org.br\/noticias\/episcopado-brasileiro-iniciou-assembleia-geral-com-a-presenca-do-cardeal-pietro-parolin-secretario-do-estado-do-vaticano.html\" \/>\n<meta property=\"og:site_name\" content=\"Not\u00edcias - Franciscanos\" \/>\n<meta property=\"article:published_time\" content=\"2024-04-12T12:51:59+00:00\" \/>\n<meta property=\"article:modified_time\" content=\"2024-04-12T13:03:18+00:00\" \/>\n<meta property=\"og:image\" content=\"https:\/\/franciscanos.org.br\/noticias\/wp-content\/uploads\/2024\/04\/Plenaria-1024x682-1.jpeg\" \/>\n\t<meta property=\"og:image:width\" content=\"1024\" \/>\n\t<meta property=\"og:image:height\" content=\"682\" \/>\n\t<meta property=\"og:image:type\" content=\"image\/jpeg\" \/>\n<meta name=\"author\" content=\"Adriana Rabelo\" \/>\n<meta name=\"twitter:card\" content=\"summary_large_image\" \/>\n<meta name=\"twitter:label1\" content=\"Escrito por\" \/>\n\t<meta name=\"twitter:data1\" content=\"Adriana Rabelo\" \/>\n\t<meta name=\"twitter:label2\" content=\"Est. tempo de leitura\" \/>\n\t<meta name=\"twitter:data2\" content=\"2 minutos\" \/>\n<script type=\"application\/ld+json\" class=\"yoast-schema-graph\">{\"@context\":\"https:\/\/schema.org\",\"@graph\":[{\"@type\":\"WebSite\",\"@id\":\"https:\/\/franciscanos.org.br\/noticias\/#website\",\"url\":\"https:\/\/franciscanos.org.br\/noticias\/\",\"name\":\"Not\u00edcias - Franciscanos\",\"description\":\"Prov\u00edncia Franciscana da Imaculada Concei\u00e7\u00e3o do Brasil - Ordem dos Frades Menores - OFM\",\"potentialAction\":[{\"@type\":\"SearchAction\",\"target\":{\"@type\":\"EntryPoint\",\"urlTemplate\":\"https:\/\/franciscanos.org.br\/noticias\/?s={search_term_string}\"},\"query-input\":\"required name=search_term_string\"}],\"inLanguage\":\"pt-BR\"},{\"@type\":\"ImageObject\",\"inLanguage\":\"pt-BR\",\"@id\":\"https:\/\/franciscanos.org.br\/noticias\/episcopado-brasileiro-iniciou-assembleia-geral-com-a-presenca-do-cardeal-pietro-parolin-secretario-do-estado-do-vaticano.html#primaryimage\",\"url\":\"https:\/\/franciscanos.org.br\/noticias\/wp-content\/uploads\/2024\/04\/Plenaria-1024x682-1.jpeg\",\"contentUrl\":\"https:\/\/franciscanos.org.br\/noticias\/wp-content\/uploads\/2024\/04\/Plenaria-1024x682-1.jpeg\",\"width\":1024,\"height\":682},{\"@type\":\"WebPage\",\"@id\":\"https:\/\/franciscanos.org.br\/noticias\/episcopado-brasileiro-iniciou-assembleia-geral-com-a-presenca-do-cardeal-pietro-parolin-secretario-do-estado-do-vaticano.html#webpage\",\"url\":\"https:\/\/franciscanos.org.br\/noticias\/episcopado-brasileiro-iniciou-assembleia-geral-com-a-presenca-do-cardeal-pietro-parolin-secretario-do-estado-do-vaticano.html\",\"name\":\"Episcopado brasileiro inicia Assembleia Geral com a presen\u00e7a do Cardeal Pietro Parolin, Secret\u00e1rio do Estado do Vaticano - Not\u00edcias - Franciscanos\",\"isPartOf\":{\"@id\":\"https:\/\/franciscanos.org.br\/noticias\/#website\"},\"primaryImageOfPage\":{\"@id\":\"https:\/\/franciscanos.org.br\/noticias\/episcopado-brasileiro-iniciou-assembleia-geral-com-a-presenca-do-cardeal-pietro-parolin-secretario-do-estado-do-vaticano.html#primaryimage\"},\"datePublished\":\"2024-04-12T12:51:59+00:00\",\"dateModified\":\"2024-04-12T13:03:18+00:00\",\"author\":{\"@id\":\"https:\/\/franciscanos.org.br\/noticias\/#\/schema\/person\/d9422e83121c3ad3b0f423d195f5bb25\"},\"breadcrumb\":{\"@id\":\"https:\/\/franciscanos.org.br\/noticias\/episcopado-brasileiro-iniciou-assembleia-geral-com-a-presenca-do-cardeal-pietro-parolin-secretario-do-estado-do-vaticano.html#breadcrumb\"},\"inLanguage\":\"pt-BR\",\"potentialAction\":[{\"@type\":\"ReadAction\",\"target\":[\"https:\/\/franciscanos.org.br\/noticias\/episcopado-brasileiro-iniciou-assembleia-geral-com-a-presenca-do-cardeal-pietro-parolin-secretario-do-estado-do-vaticano.html\"]}]},{\"@type\":\"BreadcrumbList\",\"@id\":\"https:\/\/franciscanos.org.br\/noticias\/episcopado-brasileiro-iniciou-assembleia-geral-com-a-presenca-do-cardeal-pietro-parolin-secretario-do-estado-do-vaticano.html#breadcrumb\",\"itemListElement\":[{\"@type\":\"ListItem\",\"position\":1,\"name\":\"Home\",\"item\":\"https:\/\/franciscanos.org.br\/noticias\"},{\"@type\":\"ListItem\",\"position\":2,\"name\":\"Episcopado brasileiro inicia Assembleia Geral com a presen\u00e7a do Cardeal Pietro Parolin, Secret\u00e1rio do Estado do Vaticano\"}]},{\"@type\":\"Person\",\"@id\":\"https:\/\/franciscanos.org.br\/noticias\/#\/schema\/person\/d9422e83121c3ad3b0f423d195f5bb25\",\"name\":\"Adriana Rabelo\",\"image\":{\"@type\":\"ImageObject\",\"inLanguage\":\"pt-BR\",\"@id\":\"https:\/\/franciscanos.org.br\/noticias\/#\/schema\/person\/image\/\",\"url\":\"https:\/\/secure.gravatar.com\/avatar\/0a937b7500cd7df77540cfb8bede877d?s=96&d=mm&r=g\",\"contentUrl\":\"https:\/\/secure.gravatar.com\/avatar\/0a937b7500cd7df77540cfb8bede877d?s=96&d=mm&r=g\",\"caption\":\"Adriana Rabelo\"},\"url\":\"https:\/\/franciscanos.org.br\/noticias\/author\/adrianarabelo\"}]}<\/script>\n<!-- \/ Yoast SEO plugin. -->","yoast_head_json":{"title":"Episcopado brasileiro inicia Assembleia Geral com a presen\u00e7a do Cardeal Pietro Parolin, Secret\u00e1rio do Estado do Vaticano - Not\u00edcias - Franciscanos","robots":{"index":"index","follow":"follow","max-snippet":"max-snippet:-1","max-image-preview":"max-image-preview:large","max-video-preview":"max-video-preview:-1"},"canonical":"https:\/\/franciscanos.org.br\/noticias\/episcopado-brasileiro-iniciou-assembleia-geral-com-a-presenca-do-cardeal-pietro-parolin-secretario-do-estado-do-vaticano.html","og_locale":"pt_BR","og_type":"article","og_title":"Episcopado brasileiro inicia Assembleia Geral com a presen\u00e7a do Cardeal Pietro Parolin, Secret\u00e1rio do Estado do Vaticano - Not\u00edcias - Franciscanos","og_description":"Assembleia CNBB","og_url":"https:\/\/franciscanos.org.br\/noticias\/episcopado-brasileiro-iniciou-assembleia-geral-com-a-presenca-do-cardeal-pietro-parolin-secretario-do-estado-do-vaticano.html","og_site_name":"Not\u00edcias - Franciscanos","article_published_time":"2024-04-12T12:51:59+00:00","article_modified_time":"2024-04-12T13:03:18+00:00","og_image":[{"width":1024,"height":682,"url":"https:\/\/franciscanos.org.br\/noticias\/wp-content\/uploads\/2024\/04\/Plenaria-1024x682-1.jpeg","type":"image\/jpeg"}],"author":"Adriana Rabelo","twitter_card":"summary_large_image","twitter_misc":{"Escrito por":"Adriana Rabelo","Est. tempo de leitura":"2 minutos"},"schema":{"@context":"https:\/\/schema.org","@graph":[{"@type":"WebSite","@id":"https:\/\/franciscanos.org.br\/noticias\/#website","url":"https:\/\/franciscanos.org.br\/noticias\/","name":"Not\u00edcias - Franciscanos","description":"Prov\u00edncia Franciscana da Imaculada Concei\u00e7\u00e3o do Brasil - Ordem dos Frades Menores - OFM","potentialAction":[{"@type":"SearchAction","target":{"@type":"EntryPoint","urlTemplate":"https:\/\/franciscanos.org.br\/noticias\/?s={search_term_string}"},"query-input":"required name=search_term_string"}],"inLanguage":"pt-BR"},{"@type":"ImageObject","inLanguage":"pt-BR","@id":"https:\/\/franciscanos.org.br\/noticias\/episcopado-brasileiro-iniciou-assembleia-geral-com-a-presenca-do-cardeal-pietro-parolin-secretario-do-estado-do-vaticano.html#primaryimage","url":"https:\/\/franciscanos.org.br\/noticias\/wp-content\/uploads\/2024\/04\/Plenaria-1024x682-1.jpeg","contentUrl":"https:\/\/franciscanos.org.br\/noticias\/wp-content\/uploads\/2024\/04\/Plenaria-1024x682-1.jpeg","width":1024,"height":682},{"@type":"WebPage","@id":"https:\/\/franciscanos.org.br\/noticias\/episcopado-brasileiro-iniciou-assembleia-geral-com-a-presenca-do-cardeal-pietro-parolin-secretario-do-estado-do-vaticano.html#webpage","url":"https:\/\/franciscanos.org.br\/noticias\/episcopado-brasileiro-iniciou-assembleia-geral-com-a-presenca-do-cardeal-pietro-parolin-secretario-do-estado-do-vaticano.html","name":"Episcopado brasileiro inicia Assembleia Geral com a presen\u00e7a do Cardeal Pietro Parolin, Secret\u00e1rio do Estado do Vaticano - Not\u00edcias - Franciscanos","isPartOf":{"@id":"https:\/\/franciscanos.org.br\/noticias\/#website"},"primaryImageOfPage":{"@id":"https:\/\/franciscanos.org.br\/noticias\/episcopado-brasileiro-iniciou-assembleia-geral-com-a-presenca-do-cardeal-pietro-parolin-secretario-do-estado-do-vaticano.html#primaryimage"},"datePublished":"2024-04-12T12:51:59+00:00","dateModified":"2024-04-12T13:03:18+00:00","author":{"@id":"https:\/\/franciscanos.org.br\/noticias\/#\/schema\/person\/d9422e83121c3ad3b0f423d195f5bb25"},"breadcrumb":{"@id":"https:\/\/franciscanos.org.br\/noticias\/episcopado-brasileiro-iniciou-assembleia-geral-com-a-presenca-do-cardeal-pietro-parolin-secretario-do-estado-do-vaticano.html#breadcrumb"},"inLanguage":"pt-BR","potentialAction":[{"@type":"ReadAction","target":["https:\/\/franciscanos.org.br\/noticias\/episcopado-brasileiro-iniciou-assembleia-geral-com-a-presenca-do-cardeal-pietro-parolin-secretario-do-estado-do-vaticano.html"]}]},{"@type":"BreadcrumbList","@id":"https:\/\/franciscanos.org.br\/noticias\/episcopado-brasileiro-iniciou-assembleia-geral-com-a-presenca-do-cardeal-pietro-parolin-secretario-do-estado-do-vaticano.html#breadcrumb","itemListElement":[{"@type":"ListItem","position":1,"name":"Home","item":"https:\/\/franciscanos.org.br\/noticias"},{"@type":"ListItem","position":2,"name":"Episcopado brasileiro inicia Assembleia Geral com a presen\u00e7a do Cardeal Pietro Parolin, Secret\u00e1rio do Estado do Vaticano"}]},{"@type":"Person","@id":"https:\/\/franciscanos.org.br\/noticias\/#\/schema\/person\/d9422e83121c3ad3b0f423d195f5bb25","name":"Adriana Rabelo","image":{"@type":"ImageObject","inLanguage":"pt-BR","@id":"https:\/\/franciscanos.org.br\/noticias\/#\/schema\/person\/image\/","url":"https:\/\/secure.gravatar.com\/avatar\/0a937b7500cd7df77540cfb8bede877d?s=96&d=mm&r=g","contentUrl":"https:\/\/secure.gravatar.com\/avatar\/0a937b7500cd7df77540cfb8bede877d?s=96&d=mm&r=g","caption":"Adriana Rabelo"},"url":"https:\/\/franciscanos.org.br\/noticias\/author\/adrianarabelo"}]}},"_links":{"self":[{"href":"https:\/\/franciscanos.org.br\/noticias\/wp-json\/wp\/v2\/posts\/247223"}],"collection":[{"href":"https:\/\/franciscanos.org.br\/noticias\/wp-json\/wp\/v2\/posts"}],"about":[{"href":"https:\/\/franciscanos.org.br\/noticias\/wp-json\/wp\/v2\/types\/post"}],"author":[{"embeddable":true,"href":"https:\/\/franciscanos.org.br\/noticias\/wp-json\/wp\/v2\/users\/11"}],"replies":[{"embeddable":true,"href":"https:\/\/franciscanos.org.br\/noticias\/wp-json\/wp\/v2\/comments?post=247223"}],"version-history":[{"count":4,"href":"https:\/\/franciscanos.org.br\/noticias\/wp-json\/wp\/v2\/posts\/247223\/revisions"}],"predecessor-version":[{"id":247229,"href":"https:\/\/franciscanos.org.br\/noticias\/wp-json\/wp\/v2\/posts\/247223\/revisions\/247229"}],"wp:featuredmedia":[{"embeddable":true,"href":"https:\/\/franciscanos.org.br\/noticias\/wp-json\/wp\/v2\/media\/247224"}],"wp:attachment":[{"href":"https:\/\/franciscanos.org.br\/noticias\/wp-json\/wp\/v2\/media?parent=247223"}],"wp:term":[{"taxonomy":"category","embeddable":true,"href":"https:\/\/franciscanos.org.br\/noticias\/wp-json\/wp\/v2\/categories?post=247223"},{"taxonomy":"post_tag","embeddable":true,"href":"https:\/\/franciscanos.org.br\/noticias\/wp-json\/wp\/v2\/tags?post=247223"}],"curies":[{"name":"wp","href":"https:\/\/api.w.org\/{rel}","templated":true}]}}