{"id":247219,"date":"2024-04-11T09:23:04","date_gmt":"2024-04-11T12:23:04","guid":{"rendered":"https:\/\/franciscanos.org.br\/noticias\/?p=247219"},"modified":"2024-04-11T09:23:04","modified_gmt":"2024-04-11T12:23:04","slug":"as-normas-da-fe-sao-observadas-na-igreja-catolica-entre-os-lancamentos-da-editora-vozes","status":"publish","type":"post","link":"https:\/\/franciscanos.org.br\/noticias\/as-normas-da-fe-sao-observadas-na-igreja-catolica-entre-os-lancamentos-da-editora-vozes.html","title":{"rendered":"&#8220;As normas da f\u00e9 s\u00e3o observadas na Igreja Cat\u00f3lica&#8221; entre os lan\u00e7amentos da Editora Vozes"},"content":{"rendered":"<p><img loading=\"lazy\" class=\"alignnone size-full wp-image-247221\" src=\"https:\/\/franciscanos.org.br\/noticias\/wp-content\/uploads\/2024\/04\/Vozes-1280.jpg\" alt=\"\" width=\"1280\" height=\"720\" srcset=\"https:\/\/franciscanos.org.br\/noticias\/wp-content\/uploads\/2024\/04\/Vozes-1280.jpg 1280w, https:\/\/franciscanos.org.br\/noticias\/wp-content\/uploads\/2024\/04\/Vozes-1280-450x253.jpg 450w, https:\/\/franciscanos.org.br\/noticias\/wp-content\/uploads\/2024\/04\/Vozes-1280-1024x576.jpg 1024w, https:\/\/franciscanos.org.br\/noticias\/wp-content\/uploads\/2024\/04\/Vozes-1280-768x432.jpg 768w, https:\/\/franciscanos.org.br\/noticias\/wp-content\/uploads\/2024\/04\/Vozes-1280-150x84.jpg 150w\" sizes=\"(max-width: 1280px) 100vw, 1280px\" \/><\/p>\n<h3><strong>As normas da f\u00e9 s\u00e3o observadas na Igreja Cat\u00f3lica<\/strong><\/h3>\n<p>Neste livro, o autor lan\u00e7a um apelo \u00e0 consci\u00eancia dos leitores, desmascarando as faltas fundamentais que amea\u00e7am a ess\u00eancia do verdadeiro cristianismo. Ao denunciar a deriva da Igreja e a viola\u00e7\u00e3o das normas crist\u00e3s, ele instiga os leitores a refletirem sobre as consequ\u00eancias de abandonar a f\u00e9 e afastar-se da comunh\u00e3o eclesi\u00e1stica.<\/p>\n<p>O autor desafia as alega\u00e7\u00f5es de uma interpreta\u00e7\u00e3o pura da Palavra de Deus. Em uma defesa eloquente, ele destaca a import\u00e2ncia da uni\u00e3o da Igreja e adverte contra aqueles que buscam separar os fi\u00e9is de suas ra\u00edzes espirituais.<\/p>\n<p>A obra analisa as argumenta\u00e7\u00f5es her\u00e9ticas, revelando como concep\u00e7\u00f5es pessoais s\u00e3o veladamente enfeitadas com as palavras sagradas da Escritura. O autor n\u00e3o s\u00f3 questiona a legitimidade dessas interpreta\u00e7\u00f5es, mas tamb\u00e9m prop\u00f5e uma perspectiva enraizada na tradi\u00e7\u00e3o e na clareza das escrituras.<\/p>\n<p>Com argumentos s\u00f3lidos e uma abordagem fundamentada, este livro se destaca como uma defesa da tradi\u00e7\u00e3o crist\u00e3 e um alerta contra as interpreta\u00e7\u00f5es perigosas que amea\u00e7am obscurecer a verdadeira luz da f\u00e9.<\/p>\n<hr \/>\n<h3><strong>Os mitos chineses<\/strong><\/h3>\n<p>H\u00e1 mais de dois mil anos, os chineses contavam hist\u00f3rias que rivalizavam em complexidade com aquelas contadas quase contemporaneamente na Gr\u00e9cia. Essas lendas expressam as cren\u00e7as e preocupa\u00e7\u00f5es fundamentais de uma sociedade agr\u00e1ria estabelecida nas margens inconstantes do Rio Amarelo. Encontramos her\u00f3is como Gun e Yu, que fortificaram a terra contra inunda\u00e7\u00f5es na escala do dil\u00favio b\u00edblico, e Yi o Arqueiro, que derrubou nove dos dez s\u00f3is que existiam quando o mundo era novo, repelindo inc\u00eandios e secas.<\/p>\n<p>Uma hist\u00f3ria conta como a deusa criadora, Nuwa, moldou a humanidade a partir do barro amarelo da plan\u00edcie aluvial. Essas hist\u00f3rias antigas, transmitidas ao longo dos s\u00e9culos em uma era antes da escrita, encapsulam cren\u00e7as que foram desenvolvidas nas filosofias do taoismo nativo e, mais tarde, do budismo, importado da \u00cdndia. A despeito dessa rica tradi\u00e7\u00e3o, as pessoas no oeste est\u00e3o muito mais familiarizadas com os mitos que chegaram a n\u00f3s a partir dos gregos e romanos, e quase nada sabemos sobre os mitos da China.<\/p>\n<p>Nesta obra, voc\u00ea encontrar\u00e1 uma grande variedade de hist\u00f3rias que revelam os segredos dos deuses, her\u00f3is e criaturas lend\u00e1rias da antiga China. Da cria\u00e7\u00e3o do universo at\u00e9 as aventuras \u00e9picas dos imortais, oferece um olhar fascinante sobre uma das mais ricas tradi\u00e7\u00f5es mitol\u00f3gicas do mundo. Com uma pesquisa aprofundada e uma narrativa envolvente, este livro \u00e9 indispens\u00e1vel para todos os apaixonados por mitologia e pela cultura chinesa.<\/p>\n<hr \/>\n<h3><strong>Os mitos japoneses<\/strong><\/h3>\n<p>O Jap\u00e3o possui uma longa associa\u00e7\u00e3o com o mito. Um dos primeiros falantes do ingl\u00eas a se naturalizar cidad\u00e3o japon\u00eas, Lafcadio Hearn (1850-1904), tornou o objetivo de sua vida conhecer as lendas populares sobreviventes do Jap\u00e3o rural e transmiti-las \u00e0s audi\u00eancias estrangeiras. Sua cole\u00e7\u00e3o de contos, Kwaidan: hist\u00f3rias e estudos de coisas estranhas (1904), se tornou famosa no Ocidente, e tamb\u00e9m suas hist\u00f3rias de mulheres de neve e ogros nas colinas acrescentando ao exotismo das xilogravuras e vestimentas japonesas que recentemente haviam se tornado moda na Europa Ocidental e na Am\u00e9rica do Norte. O trabalho de Hearn iniciou mais de 150 anos de obsess\u00e3o ocidental pelos mitos japoneses. Quantos f\u00e3s modernos do cinema, anime, mang\u00e1, literatura ou m\u00fasica popular japoneses se entusiasmam com as imagens de deuses e monstros nos vales cobertos e picos escarpados das ilhas? Todavia, a despeito de todo seu apelo moderno, a mitologia japonesa tem uma hist\u00f3ria muito mais longa.<\/p>\n<p>A mitologia japonesa \u00e9 um universo vasto e fascinante. Este livro \u00e9 uma introdu\u00e7\u00e3o \u00e0 mitologia japonesa, abrangendo uma ampla gama de t\u00f3picos, incluindo a cria\u00e7\u00e3o do mundo, os deuses, os esp\u00edritos e as hist\u00f3rias de hero\u00ednas e her\u00f3is japoneses. Escrita de forma acess\u00edvel e envolvente, a obra inclui ilustra\u00e7\u00f5es e mapas, al\u00e9m de ressaltar o papel da mitologia na cultura japonesa moderna, e como ela continua a ser uma fonte de inspira\u00e7\u00e3o para artistas, escritores e cineastas.<\/p>\n<hr \/>\n<h3><strong>Transtornos de aprendizagem e coordena\u00e7\u00e3o<\/strong><\/h3>\n<p>Esta obra trata de um tema de grande relev\u00e2ncia: os transtornos de aprendizagem e coordena\u00e7\u00e3o. Seu autor, com experi\u00eancia e paix\u00e3o pela educa\u00e7\u00e3o especial, dirige-se a educadores, profissionais da sa\u00fade e pais que desejam compreender e auxiliar aqueles que enfrentam desafios de aprendizagem e coordena\u00e7\u00e3o.<\/p>\n<p>O livro analisa as dificuldades espec\u00edficas de aprendizagem e de coordena\u00e7\u00e3o, desvenda conceitos e fornece recursos pr\u00e1ticos para interven\u00e7\u00e3o. Igualmente explora as causas das dificuldades e apresenta estrat\u00e9gias de apoio baseadas em evid\u00eancias para uso escolar e dom\u00e9stico.<\/p>\n<p>S\u00e3o temas que v\u00e3o desde a identifica\u00e7\u00e3o precoce e a avalia\u00e7\u00e3o precisa at\u00e9 a implementa\u00e7\u00e3o de abordagens de ensino inclusivas e adapta\u00e7\u00f5es curriculares eficazes. Al\u00e9m disso, enfatiza a import\u00e2ncia do apoio emocional e do envolvimento da fam\u00edlia no processo de aux\u00edlio \u00e0s crian\u00e7as e adolescentes que enfrentam esses desafios.<\/p>\n<p>Reconhecendo a import\u00e2ncia e o desafio do trabalho multiprofissional, o livro relaciona os recursos de apoio aos pap\u00e9is dos pais e cuidadores aos dos especialistas. Apoiado em pesquisas e avalia\u00e7\u00e3o profissional amplamente aceitas, disponibiliza um recurso pr\u00e1tico, f\u00e1cil de ler e inspirador para professores, terapeutas, psic\u00f3logos e estudantes dessas \u00e1reas.<\/p>\n<hr \/>\n<h3><strong>A vontade na natureza<\/strong><\/h3>\n<p>Este livro estabelece um di\u00e1logo com aqueles que antecederam a filosofia de Schopenhauer. Aqui, as confirma\u00e7\u00f5es emp\u00edricas que t\u00eam encontrado seu lugar na metaf\u00edsica s\u00e3o refor\u00e7adas, estabelecendo uma ponte \u00fanica entre a filosofia e as ci\u00eancias f\u00edsicas. N\u00e3o por tor\u00e7\u00f5es ou coa\u00e7\u00f5es, mas por uma converg\u00eancia natural que aproxima a doutrina da realidade e da experi\u00eancia. Este sistema representa uma jornada s\u00f3lida em busca do conhecimento, unindo o metaf\u00edsico ao f\u00edsico, sem flutuar acima da realidade, mas sim aterrissando firmemente no terreno da efetividade, onde a filosofia e as ci\u00eancias f\u00edsicas se encontram.<\/p>\n<hr \/>\n<h3><strong>10 Li\u00e7\u00f5es sobre HEGEL<\/strong><\/h3>\n<p>\u00c9 ineg\u00e1vel que o pensamento de Hegel ocupe um lugar de destaque na hist\u00f3ria da filosofia ocidental, impactando n\u00e3o apenas a pr\u00f3pria filosofia, mas tamb\u00e9m a sociologia, a ci\u00eancia pol\u00edtica, o direito, a psican\u00e1lise, entre outras \u00e1reas do saber. Apesar disso, seu pensamento \u00e9 frequentemente considerado bastante obscuro e de dif\u00edcil compreens\u00e3o. Estas 10 li\u00e7\u00f5es t\u00eam como objetivo explorar caminhos dessa filosofia, dissolvendo algumas das aparentes obscuridades e tornando esse pensamento mais acess\u00edvel. A constru\u00e7\u00e3o \u00e9 feita por meio de diversos temas abordados por Hegel, entre os quais a epistemologia, a \u00e9tica e sua c\u00e9lebre dial\u00e9tica do senhor e do escravo.<\/p>\n<hr \/>\n<h3><strong>Fundamentos da hist\u00f3ria e filosofia da educa\u00e7\u00e3o<\/strong><\/h3>\n<p>A filosofia pode contribuir profundamente para a compreens\u00e3o da educa\u00e7\u00e3o, n\u00e3o se limitando a uma \u00fanica defini\u00e7\u00e3o. Ela unifica as diversas descobertas da ci\u00eancia, supera cren\u00e7as e enfoques emp\u00edricos e inter-relaciona os conceitos fundamentais que essas descobertas pressup\u00f5em. Todos se questionam sobre o conhecimento, o ser, a exist\u00eancia, os valores, e a filosofia tem a miss\u00e3o de encontrar respostas ou mostrar o que \u00e9 poss\u00edvel entender.<\/p>\n<p>Sob a epistemologia das palavras e seu significado, a educa\u00e7\u00e3o trata da natureza do conhecimento e de como este \u00e9 organizado e ensinado. Sua abrang\u00eancia \u00e9 uma concep\u00e7\u00e3o da verdade e da liberdade com aquilo que \u00e9 ensinado.<\/p>\n<p>Este aspecto da filosofia da educa\u00e7\u00e3o, que percebe o mundo em mudan\u00e7a, \u00e9 analisado neste livro, apresentando uma vis\u00e3o cr\u00edtica dos per\u00edodos em que se divide a educa\u00e7\u00e3o brasileira. Li\u00e7\u00f5es do passado e perspectivas para o futuro devem se unir para fornecer as ferramentas necess\u00e1rias ao crescimento e \u00e0 evolu\u00e7\u00e3o da sociedade.<\/p>\n<p>Visando desenvolver a capacidade cr\u00edtica dos educadores mediante o conhecimento hist\u00f3rico e filos\u00f3fico dos processos educacionais, o acad\u00eamico Arnaldo Niskier elaborou este minucioso trabalho de pesquisa, organizado pela jornalista Manoela Ferrari. Ele \u00e9 um mergulho profundo em conceitos b\u00e1sicos no campo cient\u00edfico da educa\u00e7\u00e3o, analisando seus fundamentos filos\u00f3ficos.<\/p>\n<hr \/>\n<p style=\"padding-left: 40px;\">Todos esses produtos podem ser adquiridos pelos sites<br \/>\n<a href=\"http:\/\/www.livrariavozes.com.br\/\">www.livrariavozes.com.br<\/a><br \/>\n<a href=\"http:\/\/vozes.com.br\/\">http:\/\/vozes.com.br<\/a><\/p>\n<p style=\"padding-left: 40px;\">E-mail:\u00a0<a href=\"mailto:contato@vozes.com.br\">contato@vozes.com.br<\/a><\/p>\n<p style=\"padding-left: 40px;\">Tel.\u00a011 3101 8451<\/p>\n<p style=\"padding-left: 40px;\"><em><strong>Editora Vozes<\/strong><\/em><\/p>\n","protected":false},"excerpt":{"rendered":"<p>Editora Vozes<\/p>\n","protected":false},"author":7,"featured_media":247220,"comment_status":"open","ping_status":"open","sticky":false,"template":"","format":"standard","meta":[],"categories":[1],"tags":[238],"acf":[],"yoast_head":"<!-- This site is optimized with the Yoast SEO plugin v19.2 - https:\/\/yoast.com\/wordpress\/plugins\/seo\/ -->\n<title>&quot;As normas da f\u00e9 s\u00e3o observadas na Igreja Cat\u00f3lica&quot; entre os lan\u00e7amentos da Editora Vozes - Not\u00edcias - Franciscanos<\/title>\n<meta name=\"robots\" content=\"index, follow, max-snippet:-1, max-image-preview:large, max-video-preview:-1\" \/>\n<link rel=\"canonical\" href=\"https:\/\/franciscanos.org.br\/noticias\/as-normas-da-fe-sao-observadas-na-igreja-catolica-entre-os-lancamentos-da-editora-vozes.html\" \/>\n<meta property=\"og:locale\" content=\"pt_BR\" \/>\n<meta property=\"og:type\" content=\"article\" \/>\n<meta property=\"og:title\" content=\"&quot;As normas da f\u00e9 s\u00e3o observadas na Igreja Cat\u00f3lica&quot; entre os lan\u00e7amentos da Editora Vozes - Not\u00edcias - Franciscanos\" \/>\n<meta property=\"og:description\" content=\"Editora Vozes\" \/>\n<meta property=\"og:url\" content=\"https:\/\/franciscanos.org.br\/noticias\/as-normas-da-fe-sao-observadas-na-igreja-catolica-entre-os-lancamentos-da-editora-vozes.html\" \/>\n<meta property=\"og:site_name\" content=\"Not\u00edcias - Franciscanos\" \/>\n<meta property=\"article:published_time\" content=\"2024-04-11T12:23:04+00:00\" \/>\n<meta property=\"og:image\" content=\"https:\/\/franciscanos.org.br\/noticias\/wp-content\/uploads\/2024\/04\/Vozes-800.jpg\" \/>\n\t<meta property=\"og:image:width\" content=\"800\" \/>\n\t<meta property=\"og:image:height\" content=\"550\" \/>\n\t<meta property=\"og:image:type\" content=\"image\/jpeg\" \/>\n<meta name=\"author\" content=\"jovenal\" \/>\n<meta name=\"twitter:card\" content=\"summary_large_image\" \/>\n<meta name=\"twitter:label1\" content=\"Escrito por\" \/>\n\t<meta name=\"twitter:data1\" content=\"jovenal\" \/>\n\t<meta name=\"twitter:label2\" content=\"Est. tempo de leitura\" \/>\n\t<meta name=\"twitter:data2\" content=\"7 minutos\" \/>\n<script type=\"application\/ld+json\" class=\"yoast-schema-graph\">{\"@context\":\"https:\/\/schema.org\",\"@graph\":[{\"@type\":\"WebSite\",\"@id\":\"https:\/\/franciscanos.org.br\/noticias\/#website\",\"url\":\"https:\/\/franciscanos.org.br\/noticias\/\",\"name\":\"Not\u00edcias - Franciscanos\",\"description\":\"Prov\u00edncia Franciscana da Imaculada Concei\u00e7\u00e3o do Brasil - Ordem dos Frades Menores - OFM\",\"potentialAction\":[{\"@type\":\"SearchAction\",\"target\":{\"@type\":\"EntryPoint\",\"urlTemplate\":\"https:\/\/franciscanos.org.br\/noticias\/?s={search_term_string}\"},\"query-input\":\"required name=search_term_string\"}],\"inLanguage\":\"pt-BR\"},{\"@type\":\"ImageObject\",\"inLanguage\":\"pt-BR\",\"@id\":\"https:\/\/franciscanos.org.br\/noticias\/as-normas-da-fe-sao-observadas-na-igreja-catolica-entre-os-lancamentos-da-editora-vozes.html#primaryimage\",\"url\":\"https:\/\/franciscanos.org.br\/noticias\/wp-content\/uploads\/2024\/04\/Vozes-800.jpg\",\"contentUrl\":\"https:\/\/franciscanos.org.br\/noticias\/wp-content\/uploads\/2024\/04\/Vozes-800.jpg\",\"width\":800,\"height\":550},{\"@type\":\"WebPage\",\"@id\":\"https:\/\/franciscanos.org.br\/noticias\/as-normas-da-fe-sao-observadas-na-igreja-catolica-entre-os-lancamentos-da-editora-vozes.html#webpage\",\"url\":\"https:\/\/franciscanos.org.br\/noticias\/as-normas-da-fe-sao-observadas-na-igreja-catolica-entre-os-lancamentos-da-editora-vozes.html\",\"name\":\"\\\"As normas da f\u00e9 s\u00e3o observadas na Igreja Cat\u00f3lica\\\" entre os lan\u00e7amentos da Editora Vozes - Not\u00edcias - Franciscanos\",\"isPartOf\":{\"@id\":\"https:\/\/franciscanos.org.br\/noticias\/#website\"},\"primaryImageOfPage\":{\"@id\":\"https:\/\/franciscanos.org.br\/noticias\/as-normas-da-fe-sao-observadas-na-igreja-catolica-entre-os-lancamentos-da-editora-vozes.html#primaryimage\"},\"datePublished\":\"2024-04-11T12:23:04+00:00\",\"dateModified\":\"2024-04-11T12:23:04+00:00\",\"author\":{\"@id\":\"https:\/\/franciscanos.org.br\/noticias\/#\/schema\/person\/c3a26b08313dd1772495ce300ab257cc\"},\"breadcrumb\":{\"@id\":\"https:\/\/franciscanos.org.br\/noticias\/as-normas-da-fe-sao-observadas-na-igreja-catolica-entre-os-lancamentos-da-editora-vozes.html#breadcrumb\"},\"inLanguage\":\"pt-BR\",\"potentialAction\":[{\"@type\":\"ReadAction\",\"target\":[\"https:\/\/franciscanos.org.br\/noticias\/as-normas-da-fe-sao-observadas-na-igreja-catolica-entre-os-lancamentos-da-editora-vozes.html\"]}]},{\"@type\":\"BreadcrumbList\",\"@id\":\"https:\/\/franciscanos.org.br\/noticias\/as-normas-da-fe-sao-observadas-na-igreja-catolica-entre-os-lancamentos-da-editora-vozes.html#breadcrumb\",\"itemListElement\":[{\"@type\":\"ListItem\",\"position\":1,\"name\":\"Home\",\"item\":\"https:\/\/franciscanos.org.br\/noticias\"},{\"@type\":\"ListItem\",\"position\":2,\"name\":\"&#8220;As normas da f\u00e9 s\u00e3o observadas na Igreja Cat\u00f3lica&#8221; entre os lan\u00e7amentos da Editora Vozes\"}]},{\"@type\":\"Person\",\"@id\":\"https:\/\/franciscanos.org.br\/noticias\/#\/schema\/person\/c3a26b08313dd1772495ce300ab257cc\",\"name\":\"jovenal\",\"image\":{\"@type\":\"ImageObject\",\"inLanguage\":\"pt-BR\",\"@id\":\"https:\/\/franciscanos.org.br\/noticias\/#\/schema\/person\/image\/\",\"url\":\"https:\/\/secure.gravatar.com\/avatar\/e94509f531086e2eaf97e72f29ea00f9?s=96&d=mm&r=g\",\"contentUrl\":\"https:\/\/secure.gravatar.com\/avatar\/e94509f531086e2eaf97e72f29ea00f9?s=96&d=mm&r=g\",\"caption\":\"jovenal\"},\"url\":\"https:\/\/franciscanos.org.br\/noticias\/author\/jovenal\"}]}<\/script>\n<!-- \/ Yoast SEO plugin. -->","yoast_head_json":{"title":"\"As normas da f\u00e9 s\u00e3o observadas na Igreja Cat\u00f3lica\" entre os lan\u00e7amentos da Editora Vozes - Not\u00edcias - Franciscanos","robots":{"index":"index","follow":"follow","max-snippet":"max-snippet:-1","max-image-preview":"max-image-preview:large","max-video-preview":"max-video-preview:-1"},"canonical":"https:\/\/franciscanos.org.br\/noticias\/as-normas-da-fe-sao-observadas-na-igreja-catolica-entre-os-lancamentos-da-editora-vozes.html","og_locale":"pt_BR","og_type":"article","og_title":"\"As normas da f\u00e9 s\u00e3o observadas na Igreja Cat\u00f3lica\" entre os lan\u00e7amentos da Editora Vozes - Not\u00edcias - Franciscanos","og_description":"Editora Vozes","og_url":"https:\/\/franciscanos.org.br\/noticias\/as-normas-da-fe-sao-observadas-na-igreja-catolica-entre-os-lancamentos-da-editora-vozes.html","og_site_name":"Not\u00edcias - Franciscanos","article_published_time":"2024-04-11T12:23:04+00:00","og_image":[{"width":800,"height":550,"url":"https:\/\/franciscanos.org.br\/noticias\/wp-content\/uploads\/2024\/04\/Vozes-800.jpg","type":"image\/jpeg"}],"author":"jovenal","twitter_card":"summary_large_image","twitter_misc":{"Escrito por":"jovenal","Est. tempo de leitura":"7 minutos"},"schema":{"@context":"https:\/\/schema.org","@graph":[{"@type":"WebSite","@id":"https:\/\/franciscanos.org.br\/noticias\/#website","url":"https:\/\/franciscanos.org.br\/noticias\/","name":"Not\u00edcias - Franciscanos","description":"Prov\u00edncia Franciscana da Imaculada Concei\u00e7\u00e3o do Brasil - Ordem dos Frades Menores - OFM","potentialAction":[{"@type":"SearchAction","target":{"@type":"EntryPoint","urlTemplate":"https:\/\/franciscanos.org.br\/noticias\/?s={search_term_string}"},"query-input":"required name=search_term_string"}],"inLanguage":"pt-BR"},{"@type":"ImageObject","inLanguage":"pt-BR","@id":"https:\/\/franciscanos.org.br\/noticias\/as-normas-da-fe-sao-observadas-na-igreja-catolica-entre-os-lancamentos-da-editora-vozes.html#primaryimage","url":"https:\/\/franciscanos.org.br\/noticias\/wp-content\/uploads\/2024\/04\/Vozes-800.jpg","contentUrl":"https:\/\/franciscanos.org.br\/noticias\/wp-content\/uploads\/2024\/04\/Vozes-800.jpg","width":800,"height":550},{"@type":"WebPage","@id":"https:\/\/franciscanos.org.br\/noticias\/as-normas-da-fe-sao-observadas-na-igreja-catolica-entre-os-lancamentos-da-editora-vozes.html#webpage","url":"https:\/\/franciscanos.org.br\/noticias\/as-normas-da-fe-sao-observadas-na-igreja-catolica-entre-os-lancamentos-da-editora-vozes.html","name":"\"As normas da f\u00e9 s\u00e3o observadas na Igreja Cat\u00f3lica\" entre os lan\u00e7amentos da Editora Vozes - Not\u00edcias - Franciscanos","isPartOf":{"@id":"https:\/\/franciscanos.org.br\/noticias\/#website"},"primaryImageOfPage":{"@id":"https:\/\/franciscanos.org.br\/noticias\/as-normas-da-fe-sao-observadas-na-igreja-catolica-entre-os-lancamentos-da-editora-vozes.html#primaryimage"},"datePublished":"2024-04-11T12:23:04+00:00","dateModified":"2024-04-11T12:23:04+00:00","author":{"@id":"https:\/\/franciscanos.org.br\/noticias\/#\/schema\/person\/c3a26b08313dd1772495ce300ab257cc"},"breadcrumb":{"@id":"https:\/\/franciscanos.org.br\/noticias\/as-normas-da-fe-sao-observadas-na-igreja-catolica-entre-os-lancamentos-da-editora-vozes.html#breadcrumb"},"inLanguage":"pt-BR","potentialAction":[{"@type":"ReadAction","target":["https:\/\/franciscanos.org.br\/noticias\/as-normas-da-fe-sao-observadas-na-igreja-catolica-entre-os-lancamentos-da-editora-vozes.html"]}]},{"@type":"BreadcrumbList","@id":"https:\/\/franciscanos.org.br\/noticias\/as-normas-da-fe-sao-observadas-na-igreja-catolica-entre-os-lancamentos-da-editora-vozes.html#breadcrumb","itemListElement":[{"@type":"ListItem","position":1,"name":"Home","item":"https:\/\/franciscanos.org.br\/noticias"},{"@type":"ListItem","position":2,"name":"&#8220;As normas da f\u00e9 s\u00e3o observadas na Igreja Cat\u00f3lica&#8221; entre os lan\u00e7amentos da Editora Vozes"}]},{"@type":"Person","@id":"https:\/\/franciscanos.org.br\/noticias\/#\/schema\/person\/c3a26b08313dd1772495ce300ab257cc","name":"jovenal","image":{"@type":"ImageObject","inLanguage":"pt-BR","@id":"https:\/\/franciscanos.org.br\/noticias\/#\/schema\/person\/image\/","url":"https:\/\/secure.gravatar.com\/avatar\/e94509f531086e2eaf97e72f29ea00f9?s=96&d=mm&r=g","contentUrl":"https:\/\/secure.gravatar.com\/avatar\/e94509f531086e2eaf97e72f29ea00f9?s=96&d=mm&r=g","caption":"jovenal"},"url":"https:\/\/franciscanos.org.br\/noticias\/author\/jovenal"}]}},"_links":{"self":[{"href":"https:\/\/franciscanos.org.br\/noticias\/wp-json\/wp\/v2\/posts\/247219"}],"collection":[{"href":"https:\/\/franciscanos.org.br\/noticias\/wp-json\/wp\/v2\/posts"}],"about":[{"href":"https:\/\/franciscanos.org.br\/noticias\/wp-json\/wp\/v2\/types\/post"}],"author":[{"embeddable":true,"href":"https:\/\/franciscanos.org.br\/noticias\/wp-json\/wp\/v2\/users\/7"}],"replies":[{"embeddable":true,"href":"https:\/\/franciscanos.org.br\/noticias\/wp-json\/wp\/v2\/comments?post=247219"}],"version-history":[{"count":1,"href":"https:\/\/franciscanos.org.br\/noticias\/wp-json\/wp\/v2\/posts\/247219\/revisions"}],"predecessor-version":[{"id":247222,"href":"https:\/\/franciscanos.org.br\/noticias\/wp-json\/wp\/v2\/posts\/247219\/revisions\/247222"}],"wp:featuredmedia":[{"embeddable":true,"href":"https:\/\/franciscanos.org.br\/noticias\/wp-json\/wp\/v2\/media\/247220"}],"wp:attachment":[{"href":"https:\/\/franciscanos.org.br\/noticias\/wp-json\/wp\/v2\/media?parent=247219"}],"wp:term":[{"taxonomy":"category","embeddable":true,"href":"https:\/\/franciscanos.org.br\/noticias\/wp-json\/wp\/v2\/categories?post=247219"},{"taxonomy":"post_tag","embeddable":true,"href":"https:\/\/franciscanos.org.br\/noticias\/wp-json\/wp\/v2\/tags?post=247219"}],"curies":[{"name":"wp","href":"https:\/\/api.w.org\/{rel}","templated":true}]}}