{"id":247178,"date":"2024-04-10T09:47:13","date_gmt":"2024-04-10T12:47:13","guid":{"rendered":"https:\/\/franciscanos.org.br\/noticias\/?p=247178"},"modified":"2024-04-10T09:47:13","modified_gmt":"2024-04-10T12:47:13","slug":"a-virtude-da-fortaleza-faz-nos-reagir-ao-mal-e-a-indiferenca","status":"publish","type":"post","link":"https:\/\/franciscanos.org.br\/noticias\/a-virtude-da-fortaleza-faz-nos-reagir-ao-mal-e-a-indiferenca.html","title":{"rendered":"A virtude da fortaleza faz-nos reagir ao mal e \u00e0 indiferen\u00e7a"},"content":{"rendered":"<p data-sider-select-id=\"4c899f84-c44c-4111-b5ca-4a74f1fcf4f9\">\n<p data-sider-select-id=\"4c899f84-c44c-4111-b5ca-4a74f1fcf4f9\">\n<p data-sider-select-id=\"4c899f84-c44c-4111-b5ca-4a74f1fcf4f9\"><img loading=\"lazy\" class=\"aligncenter wp-image-247180 size-full\" src=\"https:\/\/franciscanos.org.br\/noticias\/wp-content\/uploads\/2024\/04\/Audiencia-2.jpeg\" alt=\"\" width=\"750\" height=\"422\" srcset=\"https:\/\/franciscanos.org.br\/noticias\/wp-content\/uploads\/2024\/04\/Audiencia-2.jpeg 750w, https:\/\/franciscanos.org.br\/noticias\/wp-content\/uploads\/2024\/04\/Audiencia-2-450x253.jpeg 450w, https:\/\/franciscanos.org.br\/noticias\/wp-content\/uploads\/2024\/04\/Audiencia-2-150x84.jpeg 150w\" sizes=\"(max-width: 750px) 100vw, 750px\" \/><\/p>\n<p data-sider-select-id=\"4c899f84-c44c-4111-b5ca-4a74f1fcf4f9\">O Papa Francisco, durante a Audi\u00eancia Geral desta quarta-feira, 10 de abril, refletiu sobre a terceira virtude cardeal: a fortaleza. Dirigindo-se aos milhares de fi\u00e9is e peregrinos reunidos na Pra\u00e7a S\u00e3o Pedro, o Pont\u00edfice, ao dar continuidade ao ciclo de catequeses sobre os v\u00edcios e as virtudes, recordou a defini\u00e7\u00e3o presente no Catecismo da Igreja Cat\u00f3lica: \u201cA fortaleza \u00e9 a virtude moral que, no meio das dificuldades, assegura a firmeza e a const\u00e2ncia na prossecu\u00e7\u00e3o do bem. Torna firme a decis\u00e3o de resistir \u00e0s tenta\u00e7\u00f5es e de superar os obst\u00e1culos na vida moral. A virtude da fortaleza d\u00e1 capacidade para vencer o medo, mesmo da morte, e enfrentar a prova\u00e7\u00e3o e as persegui\u00e7\u00f5es\u201d.<\/p>\n<p data-sider-select-id=\"4c899f84-c44c-4111-b5ca-4a74f1fcf4f9\"><strong>Jesus Conhece as emo\u00e7\u00f5es humanas<\/strong><\/p>\n<p>A fortaleza \u00e9 \u201ca mais combatente das virtudes\u201d, introduziu o Papa, \u201cos antigos a chamavam de apetite irasc\u00edvel\u201d. Segundo Francisco, o pensamento antigo n\u00e3o imaginava um homem sem paix\u00f5es, e isso n\u00e3o quer dizer que elas sejam necessariamente o res\u00edduo do pecado, por\u00e9m devem ser educadas e direcionadas para o bem:<\/p>\n<p data-sider-select-id=\"cdada081-4f92-48f4-ba7c-6ed35cc055c7\"><i data-sider-select-id=\"5d8625c4-8203-48b8-8aa5-d5cfedbe20d9\">\u201cUm crist\u00e3o sem coragem, que n\u00e3o dedica as suas for\u00e7as ao bem, que n\u00e3o incomoda ningu\u00e9m, \u00e9 um crist\u00e3o in\u00fatil. Jesus n\u00e3o \u00e9 um Deus di\u00e1fano e ap\u00e1tico, que n\u00e3o conhece as emo\u00e7\u00f5es humanas. Ao contr\u00e1rio. Diante da morte do seu amigo L\u00e1zaro, come\u00e7a a chorar; e a sua alma apaixonada transparece algumas das suas express\u00f5es.\u201d<\/i><\/p>\n<p data-sider-select-id=\"cdada081-4f92-48f4-ba7c-6ed35cc055c7\"><strong>Vit\u00f3ria contra n\u00f3s mesmos<\/strong><\/p>\n<p>Ao descrever a virtude da fortaleza do ponto de vista existencial, o Santo Padre sublinhou que tanto os fil\u00f3sofos gregos como os te\u00f3logos crist\u00e3os reconheciam uma dupla tend\u00eancia nesta virtude. A primeira \u00e9 passiva, ou seja, direcionada para dentro de n\u00f3s mesmos, por existirem\u00a0inimigos internos que temos de derrotar, que atendem pelo nome de ansiedade, ang\u00fastia, medo, culpa, e sendo for\u00e7as que se agitam em n\u00f3s, em algumas situa\u00e7\u00f5es nos paralisam\u201d:<\/p>\n<p data-sider-select-id=\"0ceb9282-9df3-4615-b72b-e26e6e4d99fe\"><i data-sider-select-id=\"ac13f713-467b-4df8-a433-b7cc3ef7d37d\">\u201cA fortaleza \u00e9 uma vit\u00f3ria antes de mais nada contra n\u00f3s mesmos. A maioria dos medos que surgem em n\u00f3s n\u00e3o s\u00e3o realistas e nem se concretizam. Melhor ent\u00e3o invocar o Esp\u00edrito Santo e enfrentar tudo com paciente fortaleza: um problema de cada vez, como somos capazes, mas n\u00e3o sozinhos!\u201d<\/i><\/p>\n<p data-sider-select-id=\"0ceb9282-9df3-4615-b72b-e26e6e4d99fe\"><strong>Resili\u00eancia diante das prova\u00e7\u00f5es da vida<\/strong><\/p>\n<p>J\u00e1 a segunda tend\u00eancia da virtude da fortaleza tem uma natureza mais ativa, pois, continuou Francisco,\u00a0\u201cal\u00e9m das prova\u00e7\u00f5es internas, existem os inimigos externos, ou seja,\u00a0as prova\u00e7\u00f5es da vida, as persegui\u00e7\u00f5es, as dificuldades que n\u00e3o esper\u00e1vamos e que nos surpreendem\u201d:<\/p>\n<p data-sider-select-id=\"05df0e2a-205f-4d73-b2b4-d48adc5a52ee\"><i data-sider-select-id=\"66bf887b-629b-425f-ab93-e727c8c9ad67\">\u201cPodemos tentar prever o que nos vai acontecer, mas a realidade \u00e9 em grande parte constitu\u00edda por acontecimentos imponder\u00e1veis, e neste mar o nosso barco \u00e9 por vezes sacudido pelas ondas. A fortaleza nos torna marinheiros resistentes, que n\u00e3o se assustam nem desanimam.\u201d<\/i><\/p>\n<p data-sider-select-id=\"05df0e2a-205f-4d73-b2b4-d48adc5a52ee\"><strong>N\u00e3o ao mal e \u00e0 indiferen\u00e7a<\/strong><\/p>\n<p data-sider-select-id=\"af00ea58-b2ab-444e-94b0-67ab54052c0f\">Por fim, Francisco enfatizou que a fortaleza \u00e9 uma virtude fundamental porque leva a s\u00e9rio o desafio do mal no mundo: \u201calguns fingem que isso n\u00e3o existe, que est\u00e1 tudo bem\u201d, observou o Papa, por\u00e9m \u201cbasta folhear um livro de hist\u00f3ria, ou infelizmente at\u00e9 os jornais, para descobrir as atrocidades das quais somos em parte v\u00edtimas e em parte protagonistas: guerras, viol\u00eancia, escravid\u00e3o, opress\u00e3o dos pobres, feridas nunca curadas que ainda sangram\u201d:<\/p>\n<p data-sider-select-id=\"d298d5e7-4e6c-4f61-bd17-3cb5c4965765\"><i data-sider-select-id=\"245d2c70-5c5c-4279-af09-c945eeb3ec3a\">\u201cA virtude da fortaleza faz-nos reagir e gritar um firme \u2018n\u00e3o\u2019 a tudo isto (&#8230;) \u00e0s vezes sentimos uma saud\u00e1vel nostalgia dos profetas. Mas as pessoas desconfort\u00e1veis \u200b\u200be vision\u00e1rias s\u00e3o muito raras. Precisamos de algu\u00e9m que nos tire do lugar acomodado em que nos instalamos e nos fa\u00e7a repetir resolutamente : &#8216;n\u00e3o&#8217; ao mal e &#8216;n\u00e3o&#8217; \u00e0 indiferen\u00e7a; &#8216;sim&#8217; ao caminho que nos faz progredir e pelo qual queremos lutar.&#8221;<\/i><\/p>\n<p data-sider-select-id=\"d298d5e7-4e6c-4f61-bd17-3cb5c4965765\">&#8220;Redescubramos ent\u00e3o a fortaleza de Jesus no Evangelho e aprendamo-la com o testemunho dos santos e das santas&#8221;, concluiu o Papa.<\/p>\n<hr \/>\n<p data-sider-select-id=\"d298d5e7-4e6c-4f61-bd17-3cb5c4965765\">Vatican News<\/p>\n<div>\n<div class=\"article__embed article__embed--unwrap article__embed--photo\">\n<figure><picture><source srcset=\"\/content\/dam\/vaticannews\/agenzie\/images\/srv\/2024\/04\/10\/2024-04-10-udienza-generale\/1712737709905.JPG\/_jcr_content\/renditions\/cq5dam.thumbnail.cropped.1500.844.jpeg 2x, \/content\/dam\/vaticannews\/agenzie\/images\/srv\/2024\/04\/10\/2024-04-10-udienza-generale\/1712737709905.JPG\/_jcr_content\/renditions\/cq5dam.thumbnail.cropped.750.422.jpeg 1x\" media=\"(min-width: 1024px)\" data-original-set=\"\/content\/dam\/vaticannews\/agenzie\/images\/srv\/2024\/04\/10\/2024-04-10-udienza-generale\/1712737709905.JPG\/_jcr_content\/renditions\/cq5dam.thumbnail.cropped.1500.844.jpeg 2x, \/content\/dam\/vaticannews\/agenzie\/images\/srv\/2024\/04\/10\/2024-04-10-udienza-generale\/1712737709905.JPG\/_jcr_content\/renditions\/cq5dam.thumbnail.cropped.750.422.jpeg 1x\" \/><source srcset=\"\/content\/dam\/vaticannews\/agenzie\/images\/srv\/2024\/04\/10\/2024-04-10-udienza-generale\/1712737709905.JPG\/_jcr_content\/renditions\/cq5dam.thumbnail.cropped.1000.563.jpeg 2x, \/content\/dam\/vaticannews\/agenzie\/images\/srv\/2024\/04\/10\/2024-04-10-udienza-generale\/1712737709905.JPG\/_jcr_content\/renditions\/cq5dam.thumbnail.cropped.500.281.jpeg 1x\" media=\"(min-width: 768px)\" data-original-set=\"\/content\/dam\/vaticannews\/agenzie\/images\/srv\/2024\/04\/10\/2024-04-10-udienza-generale\/1712737709905.JPG\/_jcr_content\/renditions\/cq5dam.thumbnail.cropped.1000.563.jpeg 2x, \/content\/dam\/vaticannews\/agenzie\/images\/srv\/2024\/04\/10\/2024-04-10-udienza-generale\/1712737709905.JPG\/_jcr_content\/renditions\/cq5dam.thumbnail.cropped.500.281.jpeg 1x\" \/><source srcset=\"\/content\/dam\/vaticannews\/agenzie\/images\/srv\/2024\/04\/10\/2024-04-10-udienza-generale\/1712737709905.JPG\/_jcr_content\/renditions\/cq5dam.thumbnail.cropped.500.281.jpeg\" data-original-set=\"\/content\/dam\/vaticannews\/agenzie\/images\/srv\/2024\/04\/10\/2024-04-10-udienza-generale\/1712737709905.JPG\/_jcr_content\/renditions\/cq5dam.thumbnail.cropped.500.281.jpeg\" \/><\/picture><\/figure>\n<\/div>\n<\/div>\n","protected":false},"excerpt":{"rendered":"<p>Audi\u00eancia Geral &#8211; Papa Francisco<\/p>\n","protected":false},"author":11,"featured_media":247181,"comment_status":"open","ping_status":"open","sticky":false,"template":"","format":"standard","meta":[],"categories":[1,1428],"tags":[55],"acf":[],"yoast_head":"<!-- This site is optimized with the Yoast SEO plugin v19.2 - https:\/\/yoast.com\/wordpress\/plugins\/seo\/ -->\n<title>A virtude da fortaleza faz-nos reagir ao mal e \u00e0 indiferen\u00e7a - Not\u00edcias - Franciscanos<\/title>\n<meta name=\"robots\" content=\"index, follow, max-snippet:-1, max-image-preview:large, max-video-preview:-1\" \/>\n<link rel=\"canonical\" href=\"https:\/\/franciscanos.org.br\/noticias\/a-virtude-da-fortaleza-faz-nos-reagir-ao-mal-e-a-indiferenca.html\" \/>\n<meta property=\"og:locale\" content=\"pt_BR\" \/>\n<meta property=\"og:type\" content=\"article\" \/>\n<meta property=\"og:title\" content=\"A virtude da fortaleza faz-nos reagir ao mal e \u00e0 indiferen\u00e7a - Not\u00edcias - Franciscanos\" \/>\n<meta property=\"og:description\" content=\"Audi\u00eancia Geral - Papa Francisco\" \/>\n<meta property=\"og:url\" content=\"https:\/\/franciscanos.org.br\/noticias\/a-virtude-da-fortaleza-faz-nos-reagir-ao-mal-e-a-indiferenca.html\" \/>\n<meta property=\"og:site_name\" content=\"Not\u00edcias - Franciscanos\" \/>\n<meta property=\"article:published_time\" content=\"2024-04-10T12:47:13+00:00\" \/>\n<meta property=\"og:image\" content=\"https:\/\/franciscanos.org.br\/noticias\/wp-content\/uploads\/2024\/04\/Audiencia-Geral-10-04-1.jpeg\" \/>\n\t<meta property=\"og:image:width\" content=\"750\" \/>\n\t<meta property=\"og:image:height\" content=\"422\" \/>\n\t<meta property=\"og:image:type\" content=\"image\/jpeg\" \/>\n<meta name=\"author\" content=\"Adriana Rabelo\" \/>\n<meta name=\"twitter:card\" content=\"summary_large_image\" \/>\n<meta name=\"twitter:label1\" content=\"Escrito por\" \/>\n\t<meta name=\"twitter:data1\" content=\"Adriana Rabelo\" \/>\n\t<meta name=\"twitter:label2\" content=\"Est. tempo de leitura\" \/>\n\t<meta name=\"twitter:data2\" content=\"3 minutos\" \/>\n<script type=\"application\/ld+json\" class=\"yoast-schema-graph\">{\"@context\":\"https:\/\/schema.org\",\"@graph\":[{\"@type\":\"WebSite\",\"@id\":\"https:\/\/franciscanos.org.br\/noticias\/#website\",\"url\":\"https:\/\/franciscanos.org.br\/noticias\/\",\"name\":\"Not\u00edcias - Franciscanos\",\"description\":\"Prov\u00edncia Franciscana da Imaculada Concei\u00e7\u00e3o do Brasil - Ordem dos Frades Menores - OFM\",\"potentialAction\":[{\"@type\":\"SearchAction\",\"target\":{\"@type\":\"EntryPoint\",\"urlTemplate\":\"https:\/\/franciscanos.org.br\/noticias\/?s={search_term_string}\"},\"query-input\":\"required name=search_term_string\"}],\"inLanguage\":\"pt-BR\"},{\"@type\":\"ImageObject\",\"inLanguage\":\"pt-BR\",\"@id\":\"https:\/\/franciscanos.org.br\/noticias\/a-virtude-da-fortaleza-faz-nos-reagir-ao-mal-e-a-indiferenca.html#primaryimage\",\"url\":\"https:\/\/franciscanos.org.br\/noticias\/wp-content\/uploads\/2024\/04\/Audiencia-Geral-10-04-1.jpeg\",\"contentUrl\":\"https:\/\/franciscanos.org.br\/noticias\/wp-content\/uploads\/2024\/04\/Audiencia-Geral-10-04-1.jpeg\",\"width\":750,\"height\":422},{\"@type\":\"WebPage\",\"@id\":\"https:\/\/franciscanos.org.br\/noticias\/a-virtude-da-fortaleza-faz-nos-reagir-ao-mal-e-a-indiferenca.html#webpage\",\"url\":\"https:\/\/franciscanos.org.br\/noticias\/a-virtude-da-fortaleza-faz-nos-reagir-ao-mal-e-a-indiferenca.html\",\"name\":\"A virtude da fortaleza faz-nos reagir ao mal e \u00e0 indiferen\u00e7a - Not\u00edcias - Franciscanos\",\"isPartOf\":{\"@id\":\"https:\/\/franciscanos.org.br\/noticias\/#website\"},\"primaryImageOfPage\":{\"@id\":\"https:\/\/franciscanos.org.br\/noticias\/a-virtude-da-fortaleza-faz-nos-reagir-ao-mal-e-a-indiferenca.html#primaryimage\"},\"datePublished\":\"2024-04-10T12:47:13+00:00\",\"dateModified\":\"2024-04-10T12:47:13+00:00\",\"author\":{\"@id\":\"https:\/\/franciscanos.org.br\/noticias\/#\/schema\/person\/d9422e83121c3ad3b0f423d195f5bb25\"},\"breadcrumb\":{\"@id\":\"https:\/\/franciscanos.org.br\/noticias\/a-virtude-da-fortaleza-faz-nos-reagir-ao-mal-e-a-indiferenca.html#breadcrumb\"},\"inLanguage\":\"pt-BR\",\"potentialAction\":[{\"@type\":\"ReadAction\",\"target\":[\"https:\/\/franciscanos.org.br\/noticias\/a-virtude-da-fortaleza-faz-nos-reagir-ao-mal-e-a-indiferenca.html\"]}]},{\"@type\":\"BreadcrumbList\",\"@id\":\"https:\/\/franciscanos.org.br\/noticias\/a-virtude-da-fortaleza-faz-nos-reagir-ao-mal-e-a-indiferenca.html#breadcrumb\",\"itemListElement\":[{\"@type\":\"ListItem\",\"position\":1,\"name\":\"Home\",\"item\":\"https:\/\/franciscanos.org.br\/noticias\"},{\"@type\":\"ListItem\",\"position\":2,\"name\":\"A virtude da fortaleza faz-nos reagir ao mal e \u00e0 indiferen\u00e7a\"}]},{\"@type\":\"Person\",\"@id\":\"https:\/\/franciscanos.org.br\/noticias\/#\/schema\/person\/d9422e83121c3ad3b0f423d195f5bb25\",\"name\":\"Adriana Rabelo\",\"image\":{\"@type\":\"ImageObject\",\"inLanguage\":\"pt-BR\",\"@id\":\"https:\/\/franciscanos.org.br\/noticias\/#\/schema\/person\/image\/\",\"url\":\"https:\/\/secure.gravatar.com\/avatar\/0a937b7500cd7df77540cfb8bede877d?s=96&d=mm&r=g\",\"contentUrl\":\"https:\/\/secure.gravatar.com\/avatar\/0a937b7500cd7df77540cfb8bede877d?s=96&d=mm&r=g\",\"caption\":\"Adriana Rabelo\"},\"url\":\"https:\/\/franciscanos.org.br\/noticias\/author\/adrianarabelo\"}]}<\/script>\n<!-- \/ Yoast SEO plugin. -->","yoast_head_json":{"title":"A virtude da fortaleza faz-nos reagir ao mal e \u00e0 indiferen\u00e7a - Not\u00edcias - Franciscanos","robots":{"index":"index","follow":"follow","max-snippet":"max-snippet:-1","max-image-preview":"max-image-preview:large","max-video-preview":"max-video-preview:-1"},"canonical":"https:\/\/franciscanos.org.br\/noticias\/a-virtude-da-fortaleza-faz-nos-reagir-ao-mal-e-a-indiferenca.html","og_locale":"pt_BR","og_type":"article","og_title":"A virtude da fortaleza faz-nos reagir ao mal e \u00e0 indiferen\u00e7a - Not\u00edcias - Franciscanos","og_description":"Audi\u00eancia Geral - Papa Francisco","og_url":"https:\/\/franciscanos.org.br\/noticias\/a-virtude-da-fortaleza-faz-nos-reagir-ao-mal-e-a-indiferenca.html","og_site_name":"Not\u00edcias - Franciscanos","article_published_time":"2024-04-10T12:47:13+00:00","og_image":[{"width":750,"height":422,"url":"https:\/\/franciscanos.org.br\/noticias\/wp-content\/uploads\/2024\/04\/Audiencia-Geral-10-04-1.jpeg","type":"image\/jpeg"}],"author":"Adriana Rabelo","twitter_card":"summary_large_image","twitter_misc":{"Escrito por":"Adriana Rabelo","Est. tempo de leitura":"3 minutos"},"schema":{"@context":"https:\/\/schema.org","@graph":[{"@type":"WebSite","@id":"https:\/\/franciscanos.org.br\/noticias\/#website","url":"https:\/\/franciscanos.org.br\/noticias\/","name":"Not\u00edcias - Franciscanos","description":"Prov\u00edncia Franciscana da Imaculada Concei\u00e7\u00e3o do Brasil - Ordem dos Frades Menores - OFM","potentialAction":[{"@type":"SearchAction","target":{"@type":"EntryPoint","urlTemplate":"https:\/\/franciscanos.org.br\/noticias\/?s={search_term_string}"},"query-input":"required name=search_term_string"}],"inLanguage":"pt-BR"},{"@type":"ImageObject","inLanguage":"pt-BR","@id":"https:\/\/franciscanos.org.br\/noticias\/a-virtude-da-fortaleza-faz-nos-reagir-ao-mal-e-a-indiferenca.html#primaryimage","url":"https:\/\/franciscanos.org.br\/noticias\/wp-content\/uploads\/2024\/04\/Audiencia-Geral-10-04-1.jpeg","contentUrl":"https:\/\/franciscanos.org.br\/noticias\/wp-content\/uploads\/2024\/04\/Audiencia-Geral-10-04-1.jpeg","width":750,"height":422},{"@type":"WebPage","@id":"https:\/\/franciscanos.org.br\/noticias\/a-virtude-da-fortaleza-faz-nos-reagir-ao-mal-e-a-indiferenca.html#webpage","url":"https:\/\/franciscanos.org.br\/noticias\/a-virtude-da-fortaleza-faz-nos-reagir-ao-mal-e-a-indiferenca.html","name":"A virtude da fortaleza faz-nos reagir ao mal e \u00e0 indiferen\u00e7a - Not\u00edcias - Franciscanos","isPartOf":{"@id":"https:\/\/franciscanos.org.br\/noticias\/#website"},"primaryImageOfPage":{"@id":"https:\/\/franciscanos.org.br\/noticias\/a-virtude-da-fortaleza-faz-nos-reagir-ao-mal-e-a-indiferenca.html#primaryimage"},"datePublished":"2024-04-10T12:47:13+00:00","dateModified":"2024-04-10T12:47:13+00:00","author":{"@id":"https:\/\/franciscanos.org.br\/noticias\/#\/schema\/person\/d9422e83121c3ad3b0f423d195f5bb25"},"breadcrumb":{"@id":"https:\/\/franciscanos.org.br\/noticias\/a-virtude-da-fortaleza-faz-nos-reagir-ao-mal-e-a-indiferenca.html#breadcrumb"},"inLanguage":"pt-BR","potentialAction":[{"@type":"ReadAction","target":["https:\/\/franciscanos.org.br\/noticias\/a-virtude-da-fortaleza-faz-nos-reagir-ao-mal-e-a-indiferenca.html"]}]},{"@type":"BreadcrumbList","@id":"https:\/\/franciscanos.org.br\/noticias\/a-virtude-da-fortaleza-faz-nos-reagir-ao-mal-e-a-indiferenca.html#breadcrumb","itemListElement":[{"@type":"ListItem","position":1,"name":"Home","item":"https:\/\/franciscanos.org.br\/noticias"},{"@type":"ListItem","position":2,"name":"A virtude da fortaleza faz-nos reagir ao mal e \u00e0 indiferen\u00e7a"}]},{"@type":"Person","@id":"https:\/\/franciscanos.org.br\/noticias\/#\/schema\/person\/d9422e83121c3ad3b0f423d195f5bb25","name":"Adriana Rabelo","image":{"@type":"ImageObject","inLanguage":"pt-BR","@id":"https:\/\/franciscanos.org.br\/noticias\/#\/schema\/person\/image\/","url":"https:\/\/secure.gravatar.com\/avatar\/0a937b7500cd7df77540cfb8bede877d?s=96&d=mm&r=g","contentUrl":"https:\/\/secure.gravatar.com\/avatar\/0a937b7500cd7df77540cfb8bede877d?s=96&d=mm&r=g","caption":"Adriana Rabelo"},"url":"https:\/\/franciscanos.org.br\/noticias\/author\/adrianarabelo"}]}},"_links":{"self":[{"href":"https:\/\/franciscanos.org.br\/noticias\/wp-json\/wp\/v2\/posts\/247178"}],"collection":[{"href":"https:\/\/franciscanos.org.br\/noticias\/wp-json\/wp\/v2\/posts"}],"about":[{"href":"https:\/\/franciscanos.org.br\/noticias\/wp-json\/wp\/v2\/types\/post"}],"author":[{"embeddable":true,"href":"https:\/\/franciscanos.org.br\/noticias\/wp-json\/wp\/v2\/users\/11"}],"replies":[{"embeddable":true,"href":"https:\/\/franciscanos.org.br\/noticias\/wp-json\/wp\/v2\/comments?post=247178"}],"version-history":[{"count":1,"href":"https:\/\/franciscanos.org.br\/noticias\/wp-json\/wp\/v2\/posts\/247178\/revisions"}],"predecessor-version":[{"id":247182,"href":"https:\/\/franciscanos.org.br\/noticias\/wp-json\/wp\/v2\/posts\/247178\/revisions\/247182"}],"wp:featuredmedia":[{"embeddable":true,"href":"https:\/\/franciscanos.org.br\/noticias\/wp-json\/wp\/v2\/media\/247181"}],"wp:attachment":[{"href":"https:\/\/franciscanos.org.br\/noticias\/wp-json\/wp\/v2\/media?parent=247178"}],"wp:term":[{"taxonomy":"category","embeddable":true,"href":"https:\/\/franciscanos.org.br\/noticias\/wp-json\/wp\/v2\/categories?post=247178"},{"taxonomy":"post_tag","embeddable":true,"href":"https:\/\/franciscanos.org.br\/noticias\/wp-json\/wp\/v2\/tags?post=247178"}],"curies":[{"name":"wp","href":"https:\/\/api.w.org\/{rel}","templated":true}]}}