{"id":247142,"date":"2024-04-09T07:45:41","date_gmt":"2024-04-09T10:45:41","guid":{"rendered":"https:\/\/franciscanos.org.br\/noticias\/?p=247142"},"modified":"2024-04-09T08:57:02","modified_gmt":"2024-04-09T11:57:02","slug":"aos-65-anos-falece-frei-vilmar-alves-da-silva-em-lages-sc","status":"publish","type":"post","link":"https:\/\/franciscanos.org.br\/noticias\/aos-65-anos-falece-frei-vilmar-alves-da-silva-em-lages-sc.html","title":{"rendered":"Aos 65 anos, falece Frei Vilmar Alves da Silva em Lages (SC)"},"content":{"rendered":"<p><img loading=\"lazy\" src=\"https:\/\/franciscanos.org.br\/noticias\/wp-content\/uploads\/2024\/04\/Vilmar-1280.jpg\" alt=\"\" width=\"1280\" height=\"720\" \/><\/p>\n<p>Na noite de ontem, dia 8 de abril, em Lages (SC), Frei Vilmar Alves da Silva faleceu, ap\u00f3s um per\u00edodo de semanas de interna\u00e7\u00e3o hospitalar tratando-se de complica\u00e7\u00f5es renais, que foram se estendendo para outros \u00f3rg\u00e3os. Desde 2020, Frei Vilmar estava fazendo tratamento de hemodi\u00e1lise como sequela da Covid-19, que atingiu gravemente n\u00e3o somente seus pulm\u00f5es, mas tamb\u00e9m os rins.<\/p>\n<p>H\u00e1 tr\u00eas semanas, Frei Vilmar foi entubado e entrou em estado de coma, ap\u00f3s uma parada respirat\u00f3ria, progredindo o problema \u00e0 fal\u00eancia dos \u00f3rg\u00e3os. Ontem, os m\u00e9dicos suspenderam a di\u00e1lise e os antibi\u00f3ticos, administrando somente a morfina e alimenta\u00e7\u00e3o. Ele foi a \u00f3bito por volta da 22h00, tendo sido acompanhado durante todo este tempo por familiares e pelos confrades da Fraternidade Franciscana do Patroc\u00ednio de S\u00e3o Jos\u00e9.<\/p>\n<p>A Fraternidade comunica que o corpo est\u00e1 sendo velado na igreja do Conventinho desde \u00e0s 03h00 at\u00e9 \u00e0s 15h00 de hoje, quando ser\u00e1 celebrada a Missa Exequial de corpo presente, seguida pelo sepultamento no jazigo dos frades no Cemit\u00e9rio Cruz das Almas.<\/p>\n<p>Confiemos a alma deste irm\u00e3o, assim como o consolo de seus familiares, \u00e0 miseric\u00f3rdia de Deus!<\/p>\n<h3>DADOS PESSOAIS, FORMA\u00c7\u00c3O E ATIVIDADES<\/h3>\n<p style=\"padding-left: 20px;\"><strong>Nascimento:<\/strong> 09\/06\/1958 (65 anos de idade)<br \/>\n<strong>Naturalidade:<\/strong> Lages (SC)<br \/>\n<strong>Admiss\u00e3o no Noviciado:<\/strong> 20\/01\/1982<br \/>\n<strong>Primeira Profiss\u00e3o:<\/strong> 10\/01\/1983 (41 anos de Vida Religiosa)<br \/>\n<strong>Profiss\u00e3o Solene:<\/strong>\u00a003\/08\/1987<br \/>\n<strong>Ordena\u00e7\u00e3o Presbiteral:<\/strong> 08\/07\/1989 (34 anos de Minist\u00e9rio Presbiteral)<br \/>\n<strong>1983-1985 \u2013<\/strong> Fraternidade S\u00e3o Boaventura (Campo Largo, PR), para estudos filos\u00f3ficos;<br \/>\n<strong>1986-1989 \u2013<\/strong> Fraternidade Sagrado Cora\u00e7\u00e3o de Jesus (Petr\u00f3polis, RJ), para estudos teol\u00f3gicos;<br \/>\n<strong>30\/11\/1989 \u2013<\/strong> Fraternidade do Semin\u00e1rio Santo Ant\u00f4nio (Agudos, SP), como Orientador e estudante;<br \/>\n<strong>17\/01\/1992 \u2013<\/strong> Fraternidade S\u00e3o Francisco Solano (Curitibanos, SC), como Vig\u00e1rio paroquial e Vig\u00e1rio da casa;<br \/>\n<strong>05\/12\/1995 \u2013<\/strong> Fraternidade do Patroc\u00ednio de S\u00e3o Jos\u00e9 (Lages, SC), como Auxiliar do Col\u00e9gio e estudante;<br \/>\n<strong>27\/05\/1996 \u2013<\/strong> Fraternidade Santo Ant\u00f4nio (Bauru, SP), como Vig\u00e1rio paroquial e estudante;<br \/>\n<strong>07\/11\/2003 \u2013<\/strong> Fraternidade Bom Jesus dos Aflitos (Sorocaba, SP), como Guardi\u00e3o e P\u00e1roco;<br \/>\n<strong>17\/12\/2009 \u2013<\/strong> Fraternidade Porci\u00fancula de Santana (Niter\u00f3i, RJ), como Guardi\u00e3o e P\u00e1roco;<br \/>\n<strong>12\/12\/2012 \u2013<\/strong> Fraternidade do Patroc\u00ednio de S\u00e3o Jos\u00e9 (Lages, SC), como P\u00e1roco e Vice-presidente da Funda\u00e7\u00e3o Frei Rog\u00e9rio;<br \/>\n<strong>12\/12\/2018 \u2013<\/strong> Fraternidade do Patroc\u00ednio de S\u00e3o Jos\u00e9 (Lages, SC), como Vig\u00e1rio paroquial;<br \/>\n<strong>17\/12\/2021 \u2013<\/strong> Fraternidade Bom Jesus dos Perd\u00f5es (Curitiba, PR), como Vig\u00e1rio paroquial;<br \/>\n<strong>08\/02\/2023 \u2013<\/strong> Fraternidade do Patroc\u00ednio de S\u00e3o Jos\u00e9 (Lages, SC), para tratamento de sa\u00fade.<\/p>\n<h3><strong>O FRADE MENOR<\/strong><\/h3>\n<p>Frei Vilmar Alves da Silva \u00e9 filho de Cicero e Oldete da Silva. O primeiro filho de uma fam\u00edlia de 7 irm\u00e3os. Nascido em Lages (SC), Frei Vilmar lembrava que havia nascido numa fam\u00edlia simples, com a m\u00e3e do lar e o pai formado em eletricidade industrial e comercial. A forma\u00e7\u00e3o cat\u00f3lica e o testemunho da m\u00e3e influenciaram muito sua voca\u00e7\u00e3o. Foi coroinha quando pequeno na Capela S\u00e3o Jos\u00e9, cuidada pelos Redentoristas no Bairro Coral, em Lages. Com o tempo descobriu S\u00e3o Francisco e decidiu ser franciscano. Sua comunidade local sempre o ajudou nas despesas do tempo de semin\u00e1rio; come\u00e7ou sua caminhada formativa em 1979.<\/p>\n<p>No ano de 1996, embora transferido para Lages onde trabalhou um tempo no Col\u00e9gio, tamb\u00e9m prestou servi\u00e7os no Noviciado de Rodeio (SC), em Ituporanga (SC) e Florian\u00f3polis (SC). No segundo semestre do mesmo ano iniciou a gradua\u00e7\u00e3o em Psicologia em Bauru (SP). O curso durou quatro anos. Era um grande desejo que p\u00f4de ser realizado. Destacava que em Curitibanos (SC) conseguiu fazer um trabalho junto \u00e0 prefeitura com o estatuto da crian\u00e7a e do adolescente que foi de suma importante para a comunidade.<\/p>\n<p>Em 2003, por ocasi\u00e3o de sua transfer\u00eancia para Sorocaba (SP), a coordena\u00e7\u00e3o da Par\u00f3quia de Bauru fez o seguinte depoimento: \u201cPrecisamos ter dentro da Igreja padres com Frei Vilmar, fortalecendo sempre a f\u00e9 dos fi\u00e9is, tendo pulso forte nas horas certas, zelando pelo bem-estar de todos e acompanhando a evolu\u00e7\u00e3o dos s\u00e9culos. Pessoas como ele trazem unidade para o rebanho e ajudam a seguir o Evangelho de Jesus Cristo\u201d.<\/p>\n<p>H\u00e1 alguns anos, no seu autorretrato, Frei Vilmar assim se descreveu: \u00a0\u201cme considero uma pessoa tranquila (antigamente ing\u00eanuo). Aprendi durante os meus anos de caminhada a ter pulso firme e brigar pelo que desejo. Hoje me sinto mais seguro, e muito apaixonado pela vida de S\u00e3o Francisco de Assis\u201d.<\/p>\n<p>Sobre a vida religiosa dizia que todo aquele que ama Jesus, procura uma identifica\u00e7\u00e3o com as coisas de Deus; para isso acontecer \u00e9 necess\u00e1ria muita ora\u00e7\u00e3o. Precisa deixar as influ\u00eancias do mundo e coragem para ser fraterno.<\/p>\n<p>Frei Vilmar foi p\u00e1roco da Par\u00f3quia Nossa Senhora Aparecida, em Lages, por seis anos. Compunha o Conselho Nacional Lareira (Movimento de casais), como Diretor Espiritual.<\/p>\n<p>Foi transferido para a Fraternidade Bom Jesus dos Perd\u00f5es, em Curitiba (PR), no final de 2021, para atuar como Vig\u00e1rio paroquial na par\u00f3quia de mesmo nome, enquanto podia seguir com tratamento de hemodi\u00e1lise, sequela da Covid-19. Devido \u00e0s complica\u00e7\u00f5es de seu estado de sa\u00fade, em 2023, foi transferido de volta para Lages para continuar tratamento e poder ser acompanhado mais proximamente de seus familiares, que estiveram com ele, assim como os irm\u00e3os da fraternidade at\u00e9 o fim.<\/p>\n","protected":false},"excerpt":{"rendered":"<p>Falecimento<\/p>\n","protected":false},"author":7,"featured_media":247144,"comment_status":"open","ping_status":"open","sticky":false,"template":"","format":"standard","meta":[],"categories":[1],"tags":[1160],"acf":[],"yoast_head":"<!-- This site is optimized with the Yoast SEO plugin v19.2 - https:\/\/yoast.com\/wordpress\/plugins\/seo\/ -->\n<title>Aos 65 anos, falece Frei Vilmar Alves da Silva em Lages (SC) - Not\u00edcias - Franciscanos<\/title>\n<meta name=\"robots\" content=\"index, follow, max-snippet:-1, max-image-preview:large, max-video-preview:-1\" \/>\n<link rel=\"canonical\" href=\"https:\/\/franciscanos.org.br\/noticias\/aos-65-anos-falece-frei-vilmar-alves-da-silva-em-lages-sc.html\" \/>\n<meta property=\"og:locale\" content=\"pt_BR\" \/>\n<meta property=\"og:type\" content=\"article\" \/>\n<meta property=\"og:title\" content=\"Aos 65 anos, falece Frei Vilmar Alves da Silva em Lages (SC) - Not\u00edcias - Franciscanos\" \/>\n<meta property=\"og:description\" content=\"Falecimento\" \/>\n<meta property=\"og:url\" content=\"https:\/\/franciscanos.org.br\/noticias\/aos-65-anos-falece-frei-vilmar-alves-da-silva-em-lages-sc.html\" \/>\n<meta property=\"og:site_name\" content=\"Not\u00edcias - Franciscanos\" \/>\n<meta property=\"article:published_time\" content=\"2024-04-09T10:45:41+00:00\" \/>\n<meta property=\"article:modified_time\" content=\"2024-04-09T11:57:02+00:00\" \/>\n<meta property=\"og:image\" content=\"https:\/\/franciscanos.org.br\/noticias\/wp-content\/uploads\/2024\/04\/Vilmar-800.jpg\" \/>\n\t<meta property=\"og:image:width\" content=\"800\" \/>\n\t<meta property=\"og:image:height\" content=\"550\" \/>\n\t<meta property=\"og:image:type\" content=\"image\/jpeg\" \/>\n<meta name=\"author\" content=\"jovenal\" \/>\n<meta name=\"twitter:card\" content=\"summary_large_image\" \/>\n<meta name=\"twitter:label1\" content=\"Escrito por\" \/>\n\t<meta name=\"twitter:data1\" content=\"jovenal\" \/>\n\t<meta name=\"twitter:label2\" content=\"Est. tempo de leitura\" \/>\n\t<meta name=\"twitter:data2\" content=\"4 minutos\" \/>\n<script type=\"application\/ld+json\" class=\"yoast-schema-graph\">{\"@context\":\"https:\/\/schema.org\",\"@graph\":[{\"@type\":\"WebSite\",\"@id\":\"https:\/\/franciscanos.org.br\/noticias\/#website\",\"url\":\"https:\/\/franciscanos.org.br\/noticias\/\",\"name\":\"Not\u00edcias - Franciscanos\",\"description\":\"Prov\u00edncia Franciscana da Imaculada Concei\u00e7\u00e3o do Brasil - Ordem dos Frades Menores - OFM\",\"potentialAction\":[{\"@type\":\"SearchAction\",\"target\":{\"@type\":\"EntryPoint\",\"urlTemplate\":\"https:\/\/franciscanos.org.br\/noticias\/?s={search_term_string}\"},\"query-input\":\"required name=search_term_string\"}],\"inLanguage\":\"pt-BR\"},{\"@type\":\"ImageObject\",\"inLanguage\":\"pt-BR\",\"@id\":\"https:\/\/franciscanos.org.br\/noticias\/aos-65-anos-falece-frei-vilmar-alves-da-silva-em-lages-sc.html#primaryimage\",\"url\":\"https:\/\/franciscanos.org.br\/noticias\/wp-content\/uploads\/2024\/04\/Vilmar-800.jpg\",\"contentUrl\":\"https:\/\/franciscanos.org.br\/noticias\/wp-content\/uploads\/2024\/04\/Vilmar-800.jpg\",\"width\":800,\"height\":550},{\"@type\":\"WebPage\",\"@id\":\"https:\/\/franciscanos.org.br\/noticias\/aos-65-anos-falece-frei-vilmar-alves-da-silva-em-lages-sc.html#webpage\",\"url\":\"https:\/\/franciscanos.org.br\/noticias\/aos-65-anos-falece-frei-vilmar-alves-da-silva-em-lages-sc.html\",\"name\":\"Aos 65 anos, falece Frei Vilmar Alves da Silva em Lages (SC) - Not\u00edcias - Franciscanos\",\"isPartOf\":{\"@id\":\"https:\/\/franciscanos.org.br\/noticias\/#website\"},\"primaryImageOfPage\":{\"@id\":\"https:\/\/franciscanos.org.br\/noticias\/aos-65-anos-falece-frei-vilmar-alves-da-silva-em-lages-sc.html#primaryimage\"},\"datePublished\":\"2024-04-09T10:45:41+00:00\",\"dateModified\":\"2024-04-09T11:57:02+00:00\",\"author\":{\"@id\":\"https:\/\/franciscanos.org.br\/noticias\/#\/schema\/person\/c3a26b08313dd1772495ce300ab257cc\"},\"breadcrumb\":{\"@id\":\"https:\/\/franciscanos.org.br\/noticias\/aos-65-anos-falece-frei-vilmar-alves-da-silva-em-lages-sc.html#breadcrumb\"},\"inLanguage\":\"pt-BR\",\"potentialAction\":[{\"@type\":\"ReadAction\",\"target\":[\"https:\/\/franciscanos.org.br\/noticias\/aos-65-anos-falece-frei-vilmar-alves-da-silva-em-lages-sc.html\"]}]},{\"@type\":\"BreadcrumbList\",\"@id\":\"https:\/\/franciscanos.org.br\/noticias\/aos-65-anos-falece-frei-vilmar-alves-da-silva-em-lages-sc.html#breadcrumb\",\"itemListElement\":[{\"@type\":\"ListItem\",\"position\":1,\"name\":\"Home\",\"item\":\"https:\/\/franciscanos.org.br\/noticias\"},{\"@type\":\"ListItem\",\"position\":2,\"name\":\"Aos 65 anos, falece Frei Vilmar Alves da Silva em Lages (SC)\"}]},{\"@type\":\"Person\",\"@id\":\"https:\/\/franciscanos.org.br\/noticias\/#\/schema\/person\/c3a26b08313dd1772495ce300ab257cc\",\"name\":\"jovenal\",\"image\":{\"@type\":\"ImageObject\",\"inLanguage\":\"pt-BR\",\"@id\":\"https:\/\/franciscanos.org.br\/noticias\/#\/schema\/person\/image\/\",\"url\":\"https:\/\/secure.gravatar.com\/avatar\/e94509f531086e2eaf97e72f29ea00f9?s=96&d=mm&r=g\",\"contentUrl\":\"https:\/\/secure.gravatar.com\/avatar\/e94509f531086e2eaf97e72f29ea00f9?s=96&d=mm&r=g\",\"caption\":\"jovenal\"},\"url\":\"https:\/\/franciscanos.org.br\/noticias\/author\/jovenal\"}]}<\/script>\n<!-- \/ Yoast SEO plugin. -->","yoast_head_json":{"title":"Aos 65 anos, falece Frei Vilmar Alves da Silva em Lages (SC) - Not\u00edcias - Franciscanos","robots":{"index":"index","follow":"follow","max-snippet":"max-snippet:-1","max-image-preview":"max-image-preview:large","max-video-preview":"max-video-preview:-1"},"canonical":"https:\/\/franciscanos.org.br\/noticias\/aos-65-anos-falece-frei-vilmar-alves-da-silva-em-lages-sc.html","og_locale":"pt_BR","og_type":"article","og_title":"Aos 65 anos, falece Frei Vilmar Alves da Silva em Lages (SC) - Not\u00edcias - Franciscanos","og_description":"Falecimento","og_url":"https:\/\/franciscanos.org.br\/noticias\/aos-65-anos-falece-frei-vilmar-alves-da-silva-em-lages-sc.html","og_site_name":"Not\u00edcias - Franciscanos","article_published_time":"2024-04-09T10:45:41+00:00","article_modified_time":"2024-04-09T11:57:02+00:00","og_image":[{"width":800,"height":550,"url":"https:\/\/franciscanos.org.br\/noticias\/wp-content\/uploads\/2024\/04\/Vilmar-800.jpg","type":"image\/jpeg"}],"author":"jovenal","twitter_card":"summary_large_image","twitter_misc":{"Escrito por":"jovenal","Est. tempo de leitura":"4 minutos"},"schema":{"@context":"https:\/\/schema.org","@graph":[{"@type":"WebSite","@id":"https:\/\/franciscanos.org.br\/noticias\/#website","url":"https:\/\/franciscanos.org.br\/noticias\/","name":"Not\u00edcias - Franciscanos","description":"Prov\u00edncia Franciscana da Imaculada Concei\u00e7\u00e3o do Brasil - Ordem dos Frades Menores - OFM","potentialAction":[{"@type":"SearchAction","target":{"@type":"EntryPoint","urlTemplate":"https:\/\/franciscanos.org.br\/noticias\/?s={search_term_string}"},"query-input":"required name=search_term_string"}],"inLanguage":"pt-BR"},{"@type":"ImageObject","inLanguage":"pt-BR","@id":"https:\/\/franciscanos.org.br\/noticias\/aos-65-anos-falece-frei-vilmar-alves-da-silva-em-lages-sc.html#primaryimage","url":"https:\/\/franciscanos.org.br\/noticias\/wp-content\/uploads\/2024\/04\/Vilmar-800.jpg","contentUrl":"https:\/\/franciscanos.org.br\/noticias\/wp-content\/uploads\/2024\/04\/Vilmar-800.jpg","width":800,"height":550},{"@type":"WebPage","@id":"https:\/\/franciscanos.org.br\/noticias\/aos-65-anos-falece-frei-vilmar-alves-da-silva-em-lages-sc.html#webpage","url":"https:\/\/franciscanos.org.br\/noticias\/aos-65-anos-falece-frei-vilmar-alves-da-silva-em-lages-sc.html","name":"Aos 65 anos, falece Frei Vilmar Alves da Silva em Lages (SC) - Not\u00edcias - Franciscanos","isPartOf":{"@id":"https:\/\/franciscanos.org.br\/noticias\/#website"},"primaryImageOfPage":{"@id":"https:\/\/franciscanos.org.br\/noticias\/aos-65-anos-falece-frei-vilmar-alves-da-silva-em-lages-sc.html#primaryimage"},"datePublished":"2024-04-09T10:45:41+00:00","dateModified":"2024-04-09T11:57:02+00:00","author":{"@id":"https:\/\/franciscanos.org.br\/noticias\/#\/schema\/person\/c3a26b08313dd1772495ce300ab257cc"},"breadcrumb":{"@id":"https:\/\/franciscanos.org.br\/noticias\/aos-65-anos-falece-frei-vilmar-alves-da-silva-em-lages-sc.html#breadcrumb"},"inLanguage":"pt-BR","potentialAction":[{"@type":"ReadAction","target":["https:\/\/franciscanos.org.br\/noticias\/aos-65-anos-falece-frei-vilmar-alves-da-silva-em-lages-sc.html"]}]},{"@type":"BreadcrumbList","@id":"https:\/\/franciscanos.org.br\/noticias\/aos-65-anos-falece-frei-vilmar-alves-da-silva-em-lages-sc.html#breadcrumb","itemListElement":[{"@type":"ListItem","position":1,"name":"Home","item":"https:\/\/franciscanos.org.br\/noticias"},{"@type":"ListItem","position":2,"name":"Aos 65 anos, falece Frei Vilmar Alves da Silva em Lages (SC)"}]},{"@type":"Person","@id":"https:\/\/franciscanos.org.br\/noticias\/#\/schema\/person\/c3a26b08313dd1772495ce300ab257cc","name":"jovenal","image":{"@type":"ImageObject","inLanguage":"pt-BR","@id":"https:\/\/franciscanos.org.br\/noticias\/#\/schema\/person\/image\/","url":"https:\/\/secure.gravatar.com\/avatar\/e94509f531086e2eaf97e72f29ea00f9?s=96&d=mm&r=g","contentUrl":"https:\/\/secure.gravatar.com\/avatar\/e94509f531086e2eaf97e72f29ea00f9?s=96&d=mm&r=g","caption":"jovenal"},"url":"https:\/\/franciscanos.org.br\/noticias\/author\/jovenal"}]}},"_links":{"self":[{"href":"https:\/\/franciscanos.org.br\/noticias\/wp-json\/wp\/v2\/posts\/247142"}],"collection":[{"href":"https:\/\/franciscanos.org.br\/noticias\/wp-json\/wp\/v2\/posts"}],"about":[{"href":"https:\/\/franciscanos.org.br\/noticias\/wp-json\/wp\/v2\/types\/post"}],"author":[{"embeddable":true,"href":"https:\/\/franciscanos.org.br\/noticias\/wp-json\/wp\/v2\/users\/7"}],"replies":[{"embeddable":true,"href":"https:\/\/franciscanos.org.br\/noticias\/wp-json\/wp\/v2\/comments?post=247142"}],"version-history":[{"count":4,"href":"https:\/\/franciscanos.org.br\/noticias\/wp-json\/wp\/v2\/posts\/247142\/revisions"}],"predecessor-version":[{"id":247148,"href":"https:\/\/franciscanos.org.br\/noticias\/wp-json\/wp\/v2\/posts\/247142\/revisions\/247148"}],"wp:featuredmedia":[{"embeddable":true,"href":"https:\/\/franciscanos.org.br\/noticias\/wp-json\/wp\/v2\/media\/247144"}],"wp:attachment":[{"href":"https:\/\/franciscanos.org.br\/noticias\/wp-json\/wp\/v2\/media?parent=247142"}],"wp:term":[{"taxonomy":"category","embeddable":true,"href":"https:\/\/franciscanos.org.br\/noticias\/wp-json\/wp\/v2\/categories?post=247142"},{"taxonomy":"post_tag","embeddable":true,"href":"https:\/\/franciscanos.org.br\/noticias\/wp-json\/wp\/v2\/tags?post=247142"}],"curies":[{"name":"wp","href":"https:\/\/api.w.org\/{rel}","templated":true}]}}