{"id":247060,"date":"2024-04-07T21:27:56","date_gmt":"2024-04-08T00:27:56","guid":{"rendered":"https:\/\/franciscanos.org.br\/noticias\/?p=247060"},"modified":"2024-04-07T23:22:25","modified_gmt":"2024-04-08T02:22:25","slug":"romaria-dos-homens-e-das-familias-encontro-com-deus-e-maria","status":"publish","type":"post","link":"https:\/\/franciscanos.org.br\/noticias\/romaria-dos-homens-e-das-familias-encontro-com-deus-e-maria.html","title":{"rendered":"Romaria dos homens e das fam\u00edlias: encontro com Deus e Maria"},"content":{"rendered":"<p><img loading=\"lazy\" class=\"alignnone wp-image-247079 size-full\" src=\"https:\/\/franciscanos.org.br\/noticias\/wp-content\/uploads\/2024\/04\/IMG_9049-1-scaled.jpg\" alt=\"\" width=\"1620\" height=\"1080\" srcset=\"https:\/\/franciscanos.org.br\/noticias\/wp-content\/uploads\/2024\/04\/IMG_9049-1-scaled.jpg 1620w, https:\/\/franciscanos.org.br\/noticias\/wp-content\/uploads\/2024\/04\/IMG_9049-1-450x300.jpg 450w, https:\/\/franciscanos.org.br\/noticias\/wp-content\/uploads\/2024\/04\/IMG_9049-1-1024x683.jpg 1024w, https:\/\/franciscanos.org.br\/noticias\/wp-content\/uploads\/2024\/04\/IMG_9049-1-768x512.jpg 768w, https:\/\/franciscanos.org.br\/noticias\/wp-content\/uploads\/2024\/04\/IMG_9049-1-1536x1024.jpg 1536w, https:\/\/franciscanos.org.br\/noticias\/wp-content\/uploads\/2024\/04\/IMG_9049-1-2048x1365.jpg 2048w, https:\/\/franciscanos.org.br\/noticias\/wp-content\/uploads\/2024\/04\/IMG_9049-1-150x100.jpg 150w\" sizes=\"(max-width: 1620px) 100vw, 1620px\" \/><\/p>\n<p>Tem algu\u00e9m cansado aqui? N\u00e3ooo! Tem algu\u00e9m cansado aqui? N\u00e3ooo! Tudo com Jesus, sempre com Maria!\u00a0 Como um coro incans\u00e1vel de Nossa Senhora da Penha os devotos percorreram os 14 quil\u00f4metros da Romaria dos Homens, considerado um dos momentos marcantes dos festejos.\u00a0 S\u00e3o homens, mulheres, idosos, jovens e crian\u00e7as, cantando e festejando a santa padroeira. O mais impressionante de observar \u00e9 o quanto a for\u00e7a da f\u00e9 do povo \u00e9 capaz de superar os obst\u00e1culos do cansa\u00e7o, dos p\u00e9s doloridos devido as passadas muitas vezes aceleradas. Assim como a cera das velas acesas derretidas que escorriam pelas m\u00e3os de muitos, nada impediu, nem comprometeu o trajeto.<\/p>\n<p>A concentra\u00e7\u00e3o dos caminhantes foi na Catedral de Vit\u00f3ria, neste s\u00e1bado, \u00e0s 19h, com uma missa de envio celebrada pelo bispo auxiliar Dom Andherson Franklin Lustoza. \u201cN\u00e3o se calem, anunciem Jesus\u201d, pediu o celebrante. Naquele momento j\u00e1 era poss\u00edvel observar a vontade do povo de seguir em frente. Era comum perceber os olhos lacrimejados e aquele sorriso ansioso de quem quer andar, quer caminhar para fortalecer o encontro com Deus.<\/p>\n<p>Antes da romaria sair foram feitos os \u00faltimos ajustes da equipe organizadora da atividade. Era uma mistura de satisfa\u00e7\u00e3o e, ao mesmo tempo preocupa\u00e7\u00e3o, pois era poss\u00edvel observar o tamanho da responsabilidade diante de uma multid\u00e3o que no trajeto s\u00f3 crescia, chegando a quase uma milh\u00e3o de pessoas, de acordo com dados extraoficiais.<\/p>\n<p><strong>Volunt\u00e1rio em a\u00e7\u00e3o<\/strong><\/p>\n<p>H\u00e1 16 anos, Ant\u00f4nio C\u00e9sar de Andrade organiza, como volunt\u00e1rio, a Romaria dos Homens, e a\u00ed de quem falar que \u00e9 a Romaria da Fam\u00edlias.\u00a0 Ele \u00e9 taxativo quando diz que o nome \u00e9 uma tradi\u00e7\u00e3o de 66 anos, que n\u00e3o deveria ser mudada. No entanto, apesar do nome a caminhada re\u00fane muitas fam\u00edlias. \u201cS\u00e3o 12 pessoas envolvidas na organiza\u00e7\u00e3o da romaria. Desde de menino sempre participei dessa romaria. Lembro que eu fazia a Romaria dos Homens dentro de uma Kombi, com alto falantes, e ainda n\u00e3o conhecia o meu prop\u00f3sito com esse movimento e com Nossa Senhora da Penha. Comecei com essa romaria com um pux\u00e3o de orelha de Nossa Senhora, quando ela me chamou e eu comecei. Isso aconteceu dentro do meu cora\u00e7\u00e3o, \u00e9 algo muito particular\u201d, comentou.<\/p>\n<p>E por falar no trabalho volunt\u00e1rio, de acordo com o Frei Djalmo Fuck, guardi\u00e3o do convento, s\u00e3o aproximadamente mil pessoas que doam tempo e trabalho para Nossa Senhora da Penha. S\u00e3o diferentes grupos que atuam desde o projeto dos festejos de cada ano, liturgia, camisetas, comunica\u00e7\u00e3o, decora\u00e7\u00e3o, at\u00e9 a responsabilidade com a imagem da santa protetora. Um deles \u00e9 o senhor Jo\u00e3o Pinto Barreto, 64 anos, respons\u00e1vel pelo \u201cPenham\u00f3vel\u201d, como \u00e9 carinhosamente chamado o carro que carrega a imagem de Nossa Senhora da Penha durante as grandes romarias, como a dos Homens. \u201c Eu acompanho a romaria h\u00e1 44 anos, e tinha 19 anos quando comecei. Para mim \u00e9 uma grande alegria cuidar do carro que carrega a Santa da Penha. Ano que vem, vou deixar o \u201cPenham\u00f3vel\u201d ainda mais bonito. Tudo come\u00e7ou quando sofri dois acidentes graves, pedi cem por cento de sa\u00fade para a nossa M\u00e3e da Penha e ela me deu. Por isso estou aqui\u201d.<\/p>\n\n\t\t<style type=\"text\/css\">\n\t\t\t#gallery-1 {\n\t\t\t\tmargin: auto;\n\t\t\t}\n\t\t\t#gallery-1 .gallery-item {\n\t\t\t\tfloat: left;\n\t\t\t\tmargin-top: 10px;\n\t\t\t\ttext-align: center;\n\t\t\t\twidth: 50%;\n\t\t\t}\n\t\t\t#gallery-1 img {\n\t\t\t\tborder: 2px solid #cfcfcf;\n\t\t\t}\n\t\t\t#gallery-1 .gallery-caption {\n\t\t\t\tmargin-left: 0;\n\t\t\t}\n\t\t\t\/* see gallery_shortcode() in wp-includes\/media.php *\/\n\t\t<\/style>\n\t\t<div id='gallery-1' class='gallery galleryid-247060 gallery-columns-2 gallery-size-thumbnail'><dl class='gallery-item'>\n\t\t\t<dt class='gallery-icon portrait'>\n\t\t\t\t<a href='https:\/\/franciscanos.org.br\/noticias\/wp-content\/uploads\/2024\/04\/veronica-scaled.jpg'><img width=\"300\" height=\"300\" src=\"https:\/\/franciscanos.org.br\/noticias\/wp-content\/uploads\/2024\/04\/veronica-300x300.jpg\" class=\"attachment-thumbnail size-thumbnail\" alt=\"\" loading=\"lazy\" aria-describedby=\"gallery-1-247088\" srcset=\"https:\/\/franciscanos.org.br\/noticias\/wp-content\/uploads\/2024\/04\/veronica-300x300.jpg 300w, https:\/\/franciscanos.org.br\/noticias\/wp-content\/uploads\/2024\/04\/veronica-100x100.jpg 100w\" sizes=\"(max-width: 300px) 100vw, 300px\" \/><\/a>\n\t\t\t<\/dt>\n\t\t\t\t<dd class='wp-caption-text gallery-caption' id='gallery-1-247088'>\n\t\t\t\tVer\u00f4nica da Silva Laranja\n\t\t\t\t<\/dd><\/dl><dl class='gallery-item'>\n\t\t\t<dt class='gallery-icon landscape'>\n\t\t\t\t<a href='https:\/\/franciscanos.org.br\/noticias\/wp-content\/uploads\/2024\/04\/PAULO-scaled.jpg'><img width=\"300\" height=\"300\" src=\"https:\/\/franciscanos.org.br\/noticias\/wp-content\/uploads\/2024\/04\/PAULO-300x300.jpg\" class=\"attachment-thumbnail size-thumbnail\" alt=\"\" loading=\"lazy\" aria-describedby=\"gallery-1-247071\" srcset=\"https:\/\/franciscanos.org.br\/noticias\/wp-content\/uploads\/2024\/04\/PAULO-300x300.jpg 300w, https:\/\/franciscanos.org.br\/noticias\/wp-content\/uploads\/2024\/04\/PAULO-100x100.jpg 100w\" sizes=\"(max-width: 300px) 100vw, 300px\" \/><\/a>\n\t\t\t<\/dt>\n\t\t\t\t<dd class='wp-caption-text gallery-caption' id='gallery-1-247071'>\n\t\t\t\tJo\u00e3o Pinto Barreto\n\t\t\t\t<\/dd><\/dl><br style=\"clear: both\" \/>\n\t\t<\/div>\n\n<p>Com os olhos brilhando Ver\u00f4nica da Silva Laranja, de 45 anos, diz que \u00e9 volunt\u00e1ria h\u00e1 3 anos, e come\u00e7ou motivada pelo marido Douglas, que tamb\u00e9m se dedica voluntariamente cuidando da ilumina\u00e7\u00e3o do andor e de espa\u00e7os da festa. \u201c No convento estamos perto da M\u00e3e da Penha e isso \u00e9 maravilhoso\u201d.<\/p>\n<p>Leonides Maria Miguel Alvea \u00e9 volunt\u00e1ria h\u00e1 16 anos. Aos 61 anos, a devota afirma que \u00e9 \u201c grandioso estar a servi\u00e7o de Deus e do Pai. \u201c Vinha na festa com meu pai, e foi com ele que aprendi a ser devota de Nossa Senhora da Penha. Ele faleceu ano passado, aos 104 anos, e vou continuar fazendo essa caminhada e trabalhando para a M\u00e3e das Alegrias\u201d, afirmou.<\/p>\n<p>Durante a caminhada \u00e9 n\u00edtido o quanto a devo\u00e7\u00e3o a M\u00e3e das Alegrias est\u00e1 presente nas fam\u00edlias. \u00c9 f\u00e1cil encontrar tr\u00eas gera\u00e7\u00f5es juntas caminhando. Av\u00f3s, filhos e netos unidos na miss\u00e3o de cumprir o trajeto da caminhada e no prop\u00f3sito de agradecer as gra\u00e7as alcan\u00e7adas por intercess\u00e3o da m\u00e3e de Deus.<\/p>\n<p>Com o filho nos ombros, alegria estampada no rosto e amor no cora\u00e7\u00e3o, Zeliana Ferroreti Feu, disse que participa na Romaria dos Homens h\u00e1 12 anos. \u201cEste ano est\u00e1 sendo ainda mais especial porque foi nos p\u00e9s de Nossa Senhora da Penha que eu pedi a vinda do meu filho e ela me mandou. Ele acabou de fazer 1 ano de vida e estou aqui para agradecer por essa gra\u00e7a alcan\u00e7ada\u201d, contou emocionada.<\/p>\n\n\t\t<style type=\"text\/css\">\n\t\t\t#gallery-2 {\n\t\t\t\tmargin: auto;\n\t\t\t}\n\t\t\t#gallery-2 .gallery-item {\n\t\t\t\tfloat: left;\n\t\t\t\tmargin-top: 10px;\n\t\t\t\ttext-align: center;\n\t\t\t\twidth: 50%;\n\t\t\t}\n\t\t\t#gallery-2 img {\n\t\t\t\tborder: 2px solid #cfcfcf;\n\t\t\t}\n\t\t\t#gallery-2 .gallery-caption {\n\t\t\t\tmargin-left: 0;\n\t\t\t}\n\t\t\t\/* see gallery_shortcode() in wp-includes\/media.php *\/\n\t\t<\/style>\n\t\t<div id='gallery-2' class='gallery galleryid-247060 gallery-columns-2 gallery-size-thumbnail'><dl class='gallery-item'>\n\t\t\t<dt class='gallery-icon portrait'>\n\t\t\t\t<a href='https:\/\/franciscanos.org.br\/noticias\/wp-content\/uploads\/2024\/04\/ZELIANA-scaled.jpg'><img width=\"300\" height=\"300\" src=\"https:\/\/franciscanos.org.br\/noticias\/wp-content\/uploads\/2024\/04\/ZELIANA-300x300.jpg\" class=\"attachment-thumbnail size-thumbnail\" alt=\"\" loading=\"lazy\" aria-describedby=\"gallery-2-247074\" srcset=\"https:\/\/franciscanos.org.br\/noticias\/wp-content\/uploads\/2024\/04\/ZELIANA-300x300.jpg 300w, https:\/\/franciscanos.org.br\/noticias\/wp-content\/uploads\/2024\/04\/ZELIANA-100x100.jpg 100w\" sizes=\"(max-width: 300px) 100vw, 300px\" \/><\/a>\n\t\t\t<\/dt>\n\t\t\t\t<dd class='wp-caption-text gallery-caption' id='gallery-2-247074'>\n\t\t\t\tZeliana Ferroreti Feu\n\t\t\t\t<\/dd><\/dl><dl class='gallery-item'>\n\t\t\t<dt class='gallery-icon landscape'>\n\t\t\t\t<a href='https:\/\/franciscanos.org.br\/noticias\/wp-content\/uploads\/2024\/04\/CASAL-scaled.jpg'><img width=\"300\" height=\"300\" src=\"https:\/\/franciscanos.org.br\/noticias\/wp-content\/uploads\/2024\/04\/CASAL-300x300.jpg\" class=\"attachment-thumbnail size-thumbnail\" alt=\"\" loading=\"lazy\" aria-describedby=\"gallery-2-247062\" srcset=\"https:\/\/franciscanos.org.br\/noticias\/wp-content\/uploads\/2024\/04\/CASAL-300x300.jpg 300w, https:\/\/franciscanos.org.br\/noticias\/wp-content\/uploads\/2024\/04\/CASAL-100x100.jpg 100w\" sizes=\"(max-width: 300px) 100vw, 300px\" \/><\/a>\n\t\t\t<\/dt>\n\t\t\t\t<dd class='wp-caption-text gallery-caption' id='gallery-2-247062'>\n\t\t\t\tHudson Borza Moreira e  esposa\n\t\t\t\t<\/dd><\/dl><br style=\"clear: both\" \/>\n\t\t<\/div>\n\n<p>Hudson Borza Moreira Cruz participou da romaria pela primeira vez junto com a esposa Katiane Martins, e disse que daqui para frente n\u00e3o vai mais parar. \u201c Est\u00e1 sendo uma experi\u00eancia surreal. Quando era pequeno assistia passar, e agora estou vivendo isso\u201d, afirmou.<\/p>\n<p>\u201cEsse momento \u00e9 muito especial para mim, tanto que dif\u00edcil para eu descrever. Sinto Deus em meu cora\u00e7\u00e3o, pois sempre pedi a Deus para me manter assim. S\u00f3 tenho a agradecer pelas minhas conquistas\u201d, disse Jos\u00e9 Reis, que h\u00e1 3 anos participa da Romaria dos Homens.<\/p>\n<p>O trajeto tinha trechos mais amplos nos quais os devotos conseguiam ficar mais livres para caminhar. Em outros momentos era como se as ruas formassem um funil, mas, tudo flu\u00eda com tranquilidade e harmonia, pois havia uma comunh\u00e3o, um encontro, uma amizade social.<\/p>\n\n\t\t<style type=\"text\/css\">\n\t\t\t#gallery-3 {\n\t\t\t\tmargin: auto;\n\t\t\t}\n\t\t\t#gallery-3 .gallery-item {\n\t\t\t\tfloat: left;\n\t\t\t\tmargin-top: 10px;\n\t\t\t\ttext-align: center;\n\t\t\t\twidth: 50%;\n\t\t\t}\n\t\t\t#gallery-3 img {\n\t\t\t\tborder: 2px solid #cfcfcf;\n\t\t\t}\n\t\t\t#gallery-3 .gallery-caption {\n\t\t\t\tmargin-left: 0;\n\t\t\t}\n\t\t\t\/* see gallery_shortcode() in wp-includes\/media.php *\/\n\t\t<\/style>\n\t\t<div id='gallery-3' class='gallery galleryid-247060 gallery-columns-2 gallery-size-thumbnail'><dl class='gallery-item'>\n\t\t\t<dt class='gallery-icon portrait'>\n\t\t\t\t<a href='https:\/\/franciscanos.org.br\/noticias\/wp-content\/uploads\/2024\/04\/BLISA-AZUL-scaled.jpg'><img width=\"300\" height=\"300\" src=\"https:\/\/franciscanos.org.br\/noticias\/wp-content\/uploads\/2024\/04\/BLISA-AZUL-300x300.jpg\" class=\"attachment-thumbnail size-thumbnail\" alt=\"\" loading=\"lazy\" aria-describedby=\"gallery-3-247061\" srcset=\"https:\/\/franciscanos.org.br\/noticias\/wp-content\/uploads\/2024\/04\/BLISA-AZUL-300x300.jpg 300w, https:\/\/franciscanos.org.br\/noticias\/wp-content\/uploads\/2024\/04\/BLISA-AZUL-100x100.jpg 100w\" sizes=\"(max-width: 300px) 100vw, 300px\" \/><\/a>\n\t\t\t<\/dt>\n\t\t\t\t<dd class='wp-caption-text gallery-caption' id='gallery-3-247061'>\n\t\t\t\tJos\u00e9 Reis e esposa\n\t\t\t\t<\/dd><\/dl><dl class='gallery-item'>\n\t\t\t<dt class='gallery-icon landscape'>\n\t\t\t\t<a href='https:\/\/franciscanos.org.br\/noticias\/wp-content\/uploads\/2024\/04\/DEVOTO-16-scaled.jpg'><img width=\"300\" height=\"300\" src=\"https:\/\/franciscanos.org.br\/noticias\/wp-content\/uploads\/2024\/04\/DEVOTO-16-300x300.jpg\" class=\"attachment-thumbnail size-thumbnail\" alt=\"\" loading=\"lazy\" srcset=\"https:\/\/franciscanos.org.br\/noticias\/wp-content\/uploads\/2024\/04\/DEVOTO-16-300x300.jpg 300w, https:\/\/franciscanos.org.br\/noticias\/wp-content\/uploads\/2024\/04\/DEVOTO-16-100x100.jpg 100w\" sizes=\"(max-width: 300px) 100vw, 300px\" \/><\/a>\n\t\t\t<\/dt><\/dl><br style=\"clear: both\" \/>\n\t\t<\/div>\n\n<p><strong>Santa Missa<\/strong><\/p>\n<p>Depois de 4 horas e meia, e j\u00e1 perto da meia noite, os caminhantes da Romaria dos Homens foram acolhidos no Parque da Prainha, em Vila Velha (ES), para uma Santa Missa celebrada por Dom Frei Dario Campos (OFM), Arcebispo de Vit\u00f3ria. Ele destacou em sua homilia a import\u00e2ncia de todos se unirem para propagar o Evangelho e anunciar a Boa Nova.<\/p>\n<p>\u201cEm um mundo ainda t\u00e3o marcado pela viol\u00eancia, pela fome e pela exclus\u00e3o, aqueles que assumem com alegria sua miss\u00e3o como batizados s\u00e3o como sinais claros do Reino de Deus no cora\u00e7\u00e3o da sociedade. Nesta semana em que celebramos a oitava da P\u00e1scoa, e nela as grandes alegrias de Nossa Senhora, todos nos tornamos peregrinos, romeiros rumo \u00e0 Casa da M\u00e3e, na qual nos encontramos com o filho amado do pai\u201d, disse o Arcebispo.<\/p>\n<p><img loading=\"lazy\" class=\"size-medium wp-image-247083 alignleft\" src=\"https:\/\/franciscanos.org.br\/noticias\/wp-content\/uploads\/2024\/04\/IMG_9267-450x300.jpg\" alt=\"\" width=\"450\" height=\"300\" srcset=\"https:\/\/franciscanos.org.br\/noticias\/wp-content\/uploads\/2024\/04\/IMG_9267-450x300.jpg 450w, https:\/\/franciscanos.org.br\/noticias\/wp-content\/uploads\/2024\/04\/IMG_9267-1024x683.jpg 1024w, https:\/\/franciscanos.org.br\/noticias\/wp-content\/uploads\/2024\/04\/IMG_9267-768x512.jpg 768w, https:\/\/franciscanos.org.br\/noticias\/wp-content\/uploads\/2024\/04\/IMG_9267-1536x1024.jpg 1536w, https:\/\/franciscanos.org.br\/noticias\/wp-content\/uploads\/2024\/04\/IMG_9267-2048x1365.jpg 2048w, https:\/\/franciscanos.org.br\/noticias\/wp-content\/uploads\/2024\/04\/IMG_9267-150x100.jpg 150w, https:\/\/franciscanos.org.br\/noticias\/wp-content\/uploads\/2024\/04\/IMG_9267-scaled.jpg 1620w\" sizes=\"(max-width: 450px) 100vw, 450px\" \/><\/p>\n<p>Ele destacou tamb\u00e9m o tema dessa edi\u00e7\u00e3o da Festa da Penha \u00e9 \u201c\u00d3, vem conosco, vem caminhar\u201d. \u201cCom este tema, n\u00f3s compreendemos, nos sentimos parte dessa igreja peregrina. N\u00e3o estamos sozinhos, estamos com Maria, que nos ensina a fazer a vontade de seu filho, Jesus de Nazar\u00e9.<\/p>\n<p>Dom Dario ressaltou que no Evangelho Jesus apresenta a sua vontade e pede aos disc\u00edpulos que anunciem esse Evangelho, essa vontade, para todo o mundo. Ao voltar para o Pai, Jesus confiou a toda a Igreja a miss\u00e3o de anunciar o Evangelho. \u201cCabe a cada um de n\u00f3s hoje, em 2024, como seguidores de Jesus de Nazar\u00e9, sermos testemunhas\u201d, ressaltou<\/p>\n<p>O arcebispo acrescentou que \u201cfoi o pr\u00f3prio Senhor quem nos convidou a fazer o caminho da Romaria dos Homens, por interm\u00e9dio de nosso amor e devo\u00e7\u00e3o a sua querida m\u00e3e, Nossa Senhora da Penha\u201d. Tamb\u00e9m recordou que muitas hist\u00f3rias de intercess\u00e3o, de s\u00faplicas e pedidos atendidos acompanham a Romaria dos Homens. Muitos s\u00e3o os relatos de momentos em que Maria socorre seus filhos.<\/p>\n<p>\u201cA romaria, os passos dados, as ora\u00e7\u00f5es, os c\u00e2nticos, as preces, n\u00e3o foram em v\u00e3o. Chegaram at\u00e9 o cora\u00e7\u00e3o de Jesus, chegaram pelas m\u00e3os amorosas de sua M\u00e3e, a Virgem Maria\u201d. Dom Dario rezou para que essa intercess\u00e3o da Virgem Maria acompanhe sempre a todos, para que possamos assumir com alegria a miss\u00e3o que o Senhor nos confiou no batismo.<\/p>\n<p><img loading=\"lazy\" class=\"alignright wp-image-247085 size-medium\" src=\"https:\/\/franciscanos.org.br\/noticias\/wp-content\/uploads\/2024\/04\/IMG_9220-450x300.jpg\" alt=\"\" width=\"450\" height=\"300\" srcset=\"https:\/\/franciscanos.org.br\/noticias\/wp-content\/uploads\/2024\/04\/IMG_9220-450x300.jpg 450w, https:\/\/franciscanos.org.br\/noticias\/wp-content\/uploads\/2024\/04\/IMG_9220-1024x683.jpg 1024w, https:\/\/franciscanos.org.br\/noticias\/wp-content\/uploads\/2024\/04\/IMG_9220-768x512.jpg 768w, https:\/\/franciscanos.org.br\/noticias\/wp-content\/uploads\/2024\/04\/IMG_9220-1536x1024.jpg 1536w, https:\/\/franciscanos.org.br\/noticias\/wp-content\/uploads\/2024\/04\/IMG_9220-2048x1365.jpg 2048w, https:\/\/franciscanos.org.br\/noticias\/wp-content\/uploads\/2024\/04\/IMG_9220-150x100.jpg 150w, https:\/\/franciscanos.org.br\/noticias\/wp-content\/uploads\/2024\/04\/IMG_9220-scaled.jpg 1620w\" sizes=\"(max-width: 450px) 100vw, 450px\" \/><\/p>\n<p>Ao final Dom Dario colocou no Altar os \u201cnossos irm\u00e3os do sul do estado\u201d, recordando a enchente ocorrida no final de mar\u00e7o, que devastou as cidades de Mimoso do Sul e Apiac\u00e1. \u201cQueremos prestar nossa solidariedade, e oferecer a nossa ora\u00e7\u00e3o. Que a Virgem da Penha acolha os irm\u00e3os\u201d. \u00a0Ap\u00f3s o pedido presidente da celebra\u00e7\u00e3o, os devotos acenderam a lanterna dos celulares e cantaram um trecho da m\u00fasica \u201cCom minha m\u00e3e estarei\u201d.<\/p>\n<p><strong>Romaria dos Homens:<\/strong><\/p>\n<p>A primeira edi\u00e7\u00e3o da Romaria dos Homens foi em 1955, por decis\u00e3o do ent\u00e3o Bispo do Esp\u00edrito Santo, Dom Jos\u00e9 Joaquim Gon\u00e7alves. A inten\u00e7\u00e3o era incentivar os homens a participar dos festejos. Tr\u00eas anos depois, o ent\u00e3o arcebispo de Vit\u00f3ria, Dom Jo\u00e3o Batista da Mota e Albuquerque, mudou o trajeto da romaria, que passou a ter 14 km, e transferiu para a noite.<\/p>\n<p>Nos primeiros anos, o andor era carregado pelos fi\u00e9is. Nos anos 1970 foi criado o \u201cPenham\u00f3vel\u201d. At\u00e9 2002, os romeiros subiam at\u00e9 o Convento da Penha, e a imagem de Nossa Senhora era levada at\u00e9 o altar. A partir de 2002, a missa de encerramento passou a acontecer na Prainha de Vila Velha, como \u00e9 at\u00e9 hoje.<\/p>\n<p>Houve um tempo em que as mulheres podiam acompanhar a prociss\u00e3o, mas somente os homens podiam subir at\u00e9 o convento para participar da missa. O costume entrou em desuso a partir da interven\u00e7\u00e3o de Dom Jo\u00e3o Batista da Mota e Albuquerque, que pedia mais respeito \u00e0s mulheres. Em 69 anos, a romaria deixou de ser realizada tr\u00eas vezes. A pandemia impediu a realiza\u00e7\u00e3o da Romaria dos Homens em 2020 e 2021.<\/p>\n<p><strong>Sobre a Festa da Penha<\/strong><\/p>\n<p>A Festa da Penha A Festa da Penha \u00e9 a principal festa religiosa do Esp\u00edrito Santo e a 3\u00aa maior festa mariana do Brasil. O evento tem 454 anos de tradi\u00e7\u00e3o, e na edi\u00e7\u00e3o de 2024 traz como tema: \u201c\u00d3, vem conosco, vem caminhar\u201d. Est\u00e1 entre os maiores e mais antigos eventos religiosos do Brasil, de grande relev\u00e2ncia na identidade e na cultura do povo capixaba.<\/p>\n<p>\u00c9 uma realiza\u00e7\u00e3o da Mitra Arquidiocesana de Vit\u00f3ria, Convento da Penha e Associa\u00e7\u00e3o dos Amigos do Convento da Penha, e correaliza\u00e7\u00e3o da Prefeitura de Vila Velha. O evento \u00e9 viabilizado por meio da Lei de Incentivo \u00e0 Cultura Capixaba (LICC), da Secretaria de Estado da Cultura.<\/p>\n<p><img loading=\"lazy\" class=\"alignnone wp-image-247084 size-full\" src=\"https:\/\/franciscanos.org.br\/noticias\/wp-content\/uploads\/2024\/04\/IMG_9208-scaled.jpg\" alt=\"\" width=\"1920\" height=\"1280\" srcset=\"https:\/\/franciscanos.org.br\/noticias\/wp-content\/uploads\/2024\/04\/IMG_9208-scaled.jpg 1620w, https:\/\/franciscanos.org.br\/noticias\/wp-content\/uploads\/2024\/04\/IMG_9208-450x300.jpg 450w, https:\/\/franciscanos.org.br\/noticias\/wp-content\/uploads\/2024\/04\/IMG_9208-1024x683.jpg 1024w, https:\/\/franciscanos.org.br\/noticias\/wp-content\/uploads\/2024\/04\/IMG_9208-768x512.jpg 768w, https:\/\/franciscanos.org.br\/noticias\/wp-content\/uploads\/2024\/04\/IMG_9208-1536x1024.jpg 1536w, https:\/\/franciscanos.org.br\/noticias\/wp-content\/uploads\/2024\/04\/IMG_9208-2048x1365.jpg 2048w, https:\/\/franciscanos.org.br\/noticias\/wp-content\/uploads\/2024\/04\/IMG_9208-150x100.jpg 150w\" sizes=\"(max-width: 1920px) 100vw, 1920px\" \/><\/p>\n<hr \/>\n<p><em>Adriana Rabelo e Frei Augusto Luiz Gabriel (fotos &#8211; destaque e missa)<\/em><\/p>\n\n\t\t<style type=\"text\/css\">\n\t\t\t#gallery-4 {\n\t\t\t\tmargin: auto;\n\t\t\t}\n\t\t\t#gallery-4 .gallery-item {\n\t\t\t\tfloat: left;\n\t\t\t\tmargin-top: 10px;\n\t\t\t\ttext-align: center;\n\t\t\t\twidth: 33%;\n\t\t\t}\n\t\t\t#gallery-4 img {\n\t\t\t\tborder: 2px solid #cfcfcf;\n\t\t\t}\n\t\t\t#gallery-4 .gallery-caption {\n\t\t\t\tmargin-left: 0;\n\t\t\t}\n\t\t\t\/* see gallery_shortcode() in wp-includes\/media.php *\/\n\t\t<\/style>\n\t\t<div id='gallery-4' class='gallery galleryid-247060 gallery-columns-3 gallery-size-thumbnail'><dl class='gallery-item'>\n\t\t\t<dt class='gallery-icon landscape'>\n\t\t\t\t<a href='https:\/\/franciscanos.org.br\/noticias\/wp-content\/uploads\/2024\/04\/POVO2-scaled.jpg'><img width=\"300\" height=\"300\" src=\"https:\/\/franciscanos.org.br\/noticias\/wp-content\/uploads\/2024\/04\/POVO2-300x300.jpg\" class=\"attachment-thumbnail size-thumbnail\" alt=\"\" loading=\"lazy\" srcset=\"https:\/\/franciscanos.org.br\/noticias\/wp-content\/uploads\/2024\/04\/POVO2-300x300.jpg 300w, https:\/\/franciscanos.org.br\/noticias\/wp-content\/uploads\/2024\/04\/POVO2-100x100.jpg 100w\" sizes=\"(max-width: 300px) 100vw, 300px\" \/><\/a>\n\t\t\t<\/dt><\/dl><dl class='gallery-item'>\n\t\t\t<dt class='gallery-icon portrait'>\n\t\t\t\t<a href='https:\/\/franciscanos.org.br\/noticias\/wp-content\/uploads\/2024\/04\/MULTIDAO-scaled.jpg'><img width=\"300\" height=\"300\" src=\"https:\/\/franciscanos.org.br\/noticias\/wp-content\/uploads\/2024\/04\/MULTIDAO-300x300.jpg\" class=\"attachment-thumbnail size-thumbnail\" alt=\"\" loading=\"lazy\" srcset=\"https:\/\/franciscanos.org.br\/noticias\/wp-content\/uploads\/2024\/04\/MULTIDAO-300x300.jpg 300w, https:\/\/franciscanos.org.br\/noticias\/wp-content\/uploads\/2024\/04\/MULTIDAO-100x100.jpg 100w\" sizes=\"(max-width: 300px) 100vw, 300px\" \/><\/a>\n\t\t\t<\/dt><\/dl><dl class='gallery-item'>\n\t\t\t<dt class='gallery-icon landscape'>\n\t\t\t\t<a href='https:\/\/franciscanos.org.br\/noticias\/wp-content\/uploads\/2024\/04\/DEVOTOS12-scaled.jpg'><img width=\"300\" height=\"300\" src=\"https:\/\/franciscanos.org.br\/noticias\/wp-content\/uploads\/2024\/04\/DEVOTOS12-300x300.jpg\" class=\"attachment-thumbnail size-thumbnail\" alt=\"\" loading=\"lazy\" srcset=\"https:\/\/franciscanos.org.br\/noticias\/wp-content\/uploads\/2024\/04\/DEVOTOS12-300x300.jpg 300w, https:\/\/franciscanos.org.br\/noticias\/wp-content\/uploads\/2024\/04\/DEVOTOS12-100x100.jpg 100w\" sizes=\"(max-width: 300px) 100vw, 300px\" \/><\/a>\n\t\t\t<\/dt><\/dl><br style=\"clear: both\" \/><dl class='gallery-item'>\n\t\t\t<dt class='gallery-icon landscape'>\n\t\t\t\t<a href='https:\/\/franciscanos.org.br\/noticias\/wp-content\/uploads\/2024\/04\/DEVOTOS8-scaled.jpg'><img width=\"300\" height=\"300\" src=\"https:\/\/franciscanos.org.br\/noticias\/wp-content\/uploads\/2024\/04\/DEVOTOS8-300x300.jpg\" class=\"attachment-thumbnail size-thumbnail\" alt=\"\" loading=\"lazy\" srcset=\"https:\/\/franciscanos.org.br\/noticias\/wp-content\/uploads\/2024\/04\/DEVOTOS8-300x300.jpg 300w, https:\/\/franciscanos.org.br\/noticias\/wp-content\/uploads\/2024\/04\/DEVOTOS8-100x100.jpg 100w\" sizes=\"(max-width: 300px) 100vw, 300px\" \/><\/a>\n\t\t\t<\/dt><\/dl><dl class='gallery-item'>\n\t\t\t<dt class='gallery-icon portrait'>\n\t\t\t\t<a href='https:\/\/franciscanos.org.br\/noticias\/wp-content\/uploads\/2024\/04\/DEVOTOS-5-scaled.jpg'><img width=\"300\" height=\"300\" src=\"https:\/\/franciscanos.org.br\/noticias\/wp-content\/uploads\/2024\/04\/DEVOTOS-5-300x300.jpg\" class=\"attachment-thumbnail size-thumbnail\" alt=\"\" loading=\"lazy\" srcset=\"https:\/\/franciscanos.org.br\/noticias\/wp-content\/uploads\/2024\/04\/DEVOTOS-5-300x300.jpg 300w, https:\/\/franciscanos.org.br\/noticias\/wp-content\/uploads\/2024\/04\/DEVOTOS-5-100x100.jpg 100w\" sizes=\"(max-width: 300px) 100vw, 300px\" \/><\/a>\n\t\t\t<\/dt><\/dl><dl class='gallery-item'>\n\t\t\t<dt class='gallery-icon portrait'>\n\t\t\t\t<a href='https:\/\/franciscanos.org.br\/noticias\/wp-content\/uploads\/2024\/04\/DEVOTO-13-scaled.jpg'><img width=\"300\" height=\"300\" src=\"https:\/\/franciscanos.org.br\/noticias\/wp-content\/uploads\/2024\/04\/DEVOTO-13-300x300.jpg\" class=\"attachment-thumbnail size-thumbnail\" alt=\"\" loading=\"lazy\" srcset=\"https:\/\/franciscanos.org.br\/noticias\/wp-content\/uploads\/2024\/04\/DEVOTO-13-300x300.jpg 300w, https:\/\/franciscanos.org.br\/noticias\/wp-content\/uploads\/2024\/04\/DEVOTO-13-100x100.jpg 100w\" sizes=\"(max-width: 300px) 100vw, 300px\" \/><\/a>\n\t\t\t<\/dt><\/dl><br style=\"clear: both\" \/><dl class='gallery-item'>\n\t\t\t<dt class='gallery-icon portrait'>\n\t\t\t\t<a href='https:\/\/franciscanos.org.br\/noticias\/wp-content\/uploads\/2024\/04\/DEVOTO-7-scaled.jpg'><img width=\"300\" height=\"300\" src=\"https:\/\/franciscanos.org.br\/noticias\/wp-content\/uploads\/2024\/04\/DEVOTO-7-300x300.jpg\" class=\"attachment-thumbnail size-thumbnail\" alt=\"\" loading=\"lazy\" srcset=\"https:\/\/franciscanos.org.br\/noticias\/wp-content\/uploads\/2024\/04\/DEVOTO-7-300x300.jpg 300w, https:\/\/franciscanos.org.br\/noticias\/wp-content\/uploads\/2024\/04\/DEVOTO-7-100x100.jpg 100w\" sizes=\"(max-width: 300px) 100vw, 300px\" \/><\/a>\n\t\t\t<\/dt><\/dl>\n\t\t\t<br style='clear: both' \/>\n\t\t<\/div>\n\n","protected":false},"excerpt":{"rendered":"<p>Festa da Penha 2024<\/p>\n","protected":false},"author":10,"featured_media":247068,"comment_status":"open","ping_status":"open","sticky":false,"template":"","format":"standard","meta":[],"categories":[1],"tags":[245,2195],"acf":[],"yoast_head":"<!-- This site is optimized with the Yoast SEO plugin v19.2 - https:\/\/yoast.com\/wordpress\/plugins\/seo\/ -->\n<title>Romaria dos homens e das fam\u00edlias: encontro com Deus e Maria - Not\u00edcias - Franciscanos<\/title>\n<meta name=\"robots\" content=\"index, follow, max-snippet:-1, max-image-preview:large, max-video-preview:-1\" \/>\n<link rel=\"canonical\" href=\"https:\/\/franciscanos.org.br\/noticias\/romaria-dos-homens-e-das-familias-encontro-com-deus-e-maria.html\" \/>\n<meta property=\"og:locale\" content=\"pt_BR\" \/>\n<meta property=\"og:type\" content=\"article\" \/>\n<meta property=\"og:title\" content=\"Romaria dos homens e das fam\u00edlias: encontro com Deus e Maria - Not\u00edcias - Franciscanos\" \/>\n<meta property=\"og:description\" content=\"Festa da Penha 2024\" \/>\n<meta property=\"og:url\" content=\"https:\/\/franciscanos.org.br\/noticias\/romaria-dos-homens-e-das-familias-encontro-com-deus-e-maria.html\" \/>\n<meta property=\"og:site_name\" content=\"Not\u00edcias - Franciscanos\" \/>\n<meta property=\"article:published_time\" content=\"2024-04-08T00:27:56+00:00\" \/>\n<meta property=\"article:modified_time\" content=\"2024-04-08T02:22:25+00:00\" \/>\n<meta property=\"og:image\" content=\"https:\/\/franciscanos.org.br\/noticias\/wp-content\/uploads\/2024\/04\/DEVOTOS12-scaled.jpg\" \/>\n\t<meta property=\"og:image:width\" content=\"1620\" \/>\n\t<meta property=\"og:image:height\" content=\"1080\" \/>\n\t<meta property=\"og:image:type\" content=\"image\/jpeg\" \/>\n<meta name=\"author\" content=\"Jo\u00e3o Vitor\" \/>\n<meta name=\"twitter:card\" content=\"summary_large_image\" \/>\n<meta name=\"twitter:label1\" content=\"Escrito por\" \/>\n\t<meta name=\"twitter:data1\" content=\"Jo\u00e3o Vitor\" \/>\n\t<meta name=\"twitter:label2\" content=\"Est. tempo de leitura\" \/>\n\t<meta name=\"twitter:data2\" content=\"11 minutos\" \/>\n<script type=\"application\/ld+json\" class=\"yoast-schema-graph\">{\"@context\":\"https:\/\/schema.org\",\"@graph\":[{\"@type\":\"WebSite\",\"@id\":\"https:\/\/franciscanos.org.br\/noticias\/#website\",\"url\":\"https:\/\/franciscanos.org.br\/noticias\/\",\"name\":\"Not\u00edcias - Franciscanos\",\"description\":\"Prov\u00edncia Franciscana da Imaculada Concei\u00e7\u00e3o do Brasil - Ordem dos Frades Menores - OFM\",\"potentialAction\":[{\"@type\":\"SearchAction\",\"target\":{\"@type\":\"EntryPoint\",\"urlTemplate\":\"https:\/\/franciscanos.org.br\/noticias\/?s={search_term_string}\"},\"query-input\":\"required name=search_term_string\"}],\"inLanguage\":\"pt-BR\"},{\"@type\":\"ImageObject\",\"inLanguage\":\"pt-BR\",\"@id\":\"https:\/\/franciscanos.org.br\/noticias\/romaria-dos-homens-e-das-familias-encontro-com-deus-e-maria.html#primaryimage\",\"url\":\"https:\/\/franciscanos.org.br\/noticias\/wp-content\/uploads\/2024\/04\/DEVOTOS12-scaled.jpg\",\"contentUrl\":\"https:\/\/franciscanos.org.br\/noticias\/wp-content\/uploads\/2024\/04\/DEVOTOS12-scaled.jpg\",\"width\":1620,\"height\":1080},{\"@type\":\"WebPage\",\"@id\":\"https:\/\/franciscanos.org.br\/noticias\/romaria-dos-homens-e-das-familias-encontro-com-deus-e-maria.html#webpage\",\"url\":\"https:\/\/franciscanos.org.br\/noticias\/romaria-dos-homens-e-das-familias-encontro-com-deus-e-maria.html\",\"name\":\"Romaria dos homens e das fam\u00edlias: encontro com Deus e Maria - Not\u00edcias - Franciscanos\",\"isPartOf\":{\"@id\":\"https:\/\/franciscanos.org.br\/noticias\/#website\"},\"primaryImageOfPage\":{\"@id\":\"https:\/\/franciscanos.org.br\/noticias\/romaria-dos-homens-e-das-familias-encontro-com-deus-e-maria.html#primaryimage\"},\"datePublished\":\"2024-04-08T00:27:56+00:00\",\"dateModified\":\"2024-04-08T02:22:25+00:00\",\"author\":{\"@id\":\"https:\/\/franciscanos.org.br\/noticias\/#\/schema\/person\/8c11f06a466b856a11dd48d20600055f\"},\"breadcrumb\":{\"@id\":\"https:\/\/franciscanos.org.br\/noticias\/romaria-dos-homens-e-das-familias-encontro-com-deus-e-maria.html#breadcrumb\"},\"inLanguage\":\"pt-BR\",\"potentialAction\":[{\"@type\":\"ReadAction\",\"target\":[\"https:\/\/franciscanos.org.br\/noticias\/romaria-dos-homens-e-das-familias-encontro-com-deus-e-maria.html\"]}]},{\"@type\":\"BreadcrumbList\",\"@id\":\"https:\/\/franciscanos.org.br\/noticias\/romaria-dos-homens-e-das-familias-encontro-com-deus-e-maria.html#breadcrumb\",\"itemListElement\":[{\"@type\":\"ListItem\",\"position\":1,\"name\":\"Home\",\"item\":\"https:\/\/franciscanos.org.br\/noticias\"},{\"@type\":\"ListItem\",\"position\":2,\"name\":\"Romaria dos homens e das fam\u00edlias: encontro com Deus e Maria\"}]},{\"@type\":\"Person\",\"@id\":\"https:\/\/franciscanos.org.br\/noticias\/#\/schema\/person\/8c11f06a466b856a11dd48d20600055f\",\"name\":\"Jo\u00e3o Vitor\",\"image\":{\"@type\":\"ImageObject\",\"inLanguage\":\"pt-BR\",\"@id\":\"https:\/\/franciscanos.org.br\/noticias\/#\/schema\/person\/image\/\",\"url\":\"https:\/\/secure.gravatar.com\/avatar\/10ba5c9713e0c323617b4309a19e3a46?s=96&d=mm&r=g\",\"contentUrl\":\"https:\/\/secure.gravatar.com\/avatar\/10ba5c9713e0c323617b4309a19e3a46?s=96&d=mm&r=g\",\"caption\":\"Jo\u00e3o Vitor\"},\"url\":\"https:\/\/franciscanos.org.br\/noticias\/author\/joaovitor\"}]}<\/script>\n<!-- \/ Yoast SEO plugin. -->","yoast_head_json":{"title":"Romaria dos homens e das fam\u00edlias: encontro com Deus e Maria - Not\u00edcias - Franciscanos","robots":{"index":"index","follow":"follow","max-snippet":"max-snippet:-1","max-image-preview":"max-image-preview:large","max-video-preview":"max-video-preview:-1"},"canonical":"https:\/\/franciscanos.org.br\/noticias\/romaria-dos-homens-e-das-familias-encontro-com-deus-e-maria.html","og_locale":"pt_BR","og_type":"article","og_title":"Romaria dos homens e das fam\u00edlias: encontro com Deus e Maria - Not\u00edcias - Franciscanos","og_description":"Festa da Penha 2024","og_url":"https:\/\/franciscanos.org.br\/noticias\/romaria-dos-homens-e-das-familias-encontro-com-deus-e-maria.html","og_site_name":"Not\u00edcias - Franciscanos","article_published_time":"2024-04-08T00:27:56+00:00","article_modified_time":"2024-04-08T02:22:25+00:00","og_image":[{"width":1620,"height":1080,"url":"https:\/\/franciscanos.org.br\/noticias\/wp-content\/uploads\/2024\/04\/DEVOTOS12-scaled.jpg","type":"image\/jpeg"}],"author":"Jo\u00e3o Vitor","twitter_card":"summary_large_image","twitter_misc":{"Escrito por":"Jo\u00e3o Vitor","Est. tempo de leitura":"11 minutos"},"schema":{"@context":"https:\/\/schema.org","@graph":[{"@type":"WebSite","@id":"https:\/\/franciscanos.org.br\/noticias\/#website","url":"https:\/\/franciscanos.org.br\/noticias\/","name":"Not\u00edcias - Franciscanos","description":"Prov\u00edncia Franciscana da Imaculada Concei\u00e7\u00e3o do Brasil - Ordem dos Frades Menores - OFM","potentialAction":[{"@type":"SearchAction","target":{"@type":"EntryPoint","urlTemplate":"https:\/\/franciscanos.org.br\/noticias\/?s={search_term_string}"},"query-input":"required name=search_term_string"}],"inLanguage":"pt-BR"},{"@type":"ImageObject","inLanguage":"pt-BR","@id":"https:\/\/franciscanos.org.br\/noticias\/romaria-dos-homens-e-das-familias-encontro-com-deus-e-maria.html#primaryimage","url":"https:\/\/franciscanos.org.br\/noticias\/wp-content\/uploads\/2024\/04\/DEVOTOS12-scaled.jpg","contentUrl":"https:\/\/franciscanos.org.br\/noticias\/wp-content\/uploads\/2024\/04\/DEVOTOS12-scaled.jpg","width":1620,"height":1080},{"@type":"WebPage","@id":"https:\/\/franciscanos.org.br\/noticias\/romaria-dos-homens-e-das-familias-encontro-com-deus-e-maria.html#webpage","url":"https:\/\/franciscanos.org.br\/noticias\/romaria-dos-homens-e-das-familias-encontro-com-deus-e-maria.html","name":"Romaria dos homens e das fam\u00edlias: encontro com Deus e Maria - Not\u00edcias - Franciscanos","isPartOf":{"@id":"https:\/\/franciscanos.org.br\/noticias\/#website"},"primaryImageOfPage":{"@id":"https:\/\/franciscanos.org.br\/noticias\/romaria-dos-homens-e-das-familias-encontro-com-deus-e-maria.html#primaryimage"},"datePublished":"2024-04-08T00:27:56+00:00","dateModified":"2024-04-08T02:22:25+00:00","author":{"@id":"https:\/\/franciscanos.org.br\/noticias\/#\/schema\/person\/8c11f06a466b856a11dd48d20600055f"},"breadcrumb":{"@id":"https:\/\/franciscanos.org.br\/noticias\/romaria-dos-homens-e-das-familias-encontro-com-deus-e-maria.html#breadcrumb"},"inLanguage":"pt-BR","potentialAction":[{"@type":"ReadAction","target":["https:\/\/franciscanos.org.br\/noticias\/romaria-dos-homens-e-das-familias-encontro-com-deus-e-maria.html"]}]},{"@type":"BreadcrumbList","@id":"https:\/\/franciscanos.org.br\/noticias\/romaria-dos-homens-e-das-familias-encontro-com-deus-e-maria.html#breadcrumb","itemListElement":[{"@type":"ListItem","position":1,"name":"Home","item":"https:\/\/franciscanos.org.br\/noticias"},{"@type":"ListItem","position":2,"name":"Romaria dos homens e das fam\u00edlias: encontro com Deus e Maria"}]},{"@type":"Person","@id":"https:\/\/franciscanos.org.br\/noticias\/#\/schema\/person\/8c11f06a466b856a11dd48d20600055f","name":"Jo\u00e3o Vitor","image":{"@type":"ImageObject","inLanguage":"pt-BR","@id":"https:\/\/franciscanos.org.br\/noticias\/#\/schema\/person\/image\/","url":"https:\/\/secure.gravatar.com\/avatar\/10ba5c9713e0c323617b4309a19e3a46?s=96&d=mm&r=g","contentUrl":"https:\/\/secure.gravatar.com\/avatar\/10ba5c9713e0c323617b4309a19e3a46?s=96&d=mm&r=g","caption":"Jo\u00e3o Vitor"},"url":"https:\/\/franciscanos.org.br\/noticias\/author\/joaovitor"}]}},"_links":{"self":[{"href":"https:\/\/franciscanos.org.br\/noticias\/wp-json\/wp\/v2\/posts\/247060"}],"collection":[{"href":"https:\/\/franciscanos.org.br\/noticias\/wp-json\/wp\/v2\/posts"}],"about":[{"href":"https:\/\/franciscanos.org.br\/noticias\/wp-json\/wp\/v2\/types\/post"}],"author":[{"embeddable":true,"href":"https:\/\/franciscanos.org.br\/noticias\/wp-json\/wp\/v2\/users\/10"}],"replies":[{"embeddable":true,"href":"https:\/\/franciscanos.org.br\/noticias\/wp-json\/wp\/v2\/comments?post=247060"}],"version-history":[{"count":13,"href":"https:\/\/franciscanos.org.br\/noticias\/wp-json\/wp\/v2\/posts\/247060\/revisions"}],"predecessor-version":[{"id":247094,"href":"https:\/\/franciscanos.org.br\/noticias\/wp-json\/wp\/v2\/posts\/247060\/revisions\/247094"}],"wp:featuredmedia":[{"embeddable":true,"href":"https:\/\/franciscanos.org.br\/noticias\/wp-json\/wp\/v2\/media\/247068"}],"wp:attachment":[{"href":"https:\/\/franciscanos.org.br\/noticias\/wp-json\/wp\/v2\/media?parent=247060"}],"wp:term":[{"taxonomy":"category","embeddable":true,"href":"https:\/\/franciscanos.org.br\/noticias\/wp-json\/wp\/v2\/categories?post=247060"},{"taxonomy":"post_tag","embeddable":true,"href":"https:\/\/franciscanos.org.br\/noticias\/wp-json\/wp\/v2\/tags?post=247060"}],"curies":[{"name":"wp","href":"https:\/\/api.w.org\/{rel}","templated":true}]}}