{"id":247028,"date":"2024-04-07T04:34:56","date_gmt":"2024-04-07T07:34:56","guid":{"rendered":"https:\/\/franciscanos.org.br\/noticias\/?p=247028"},"modified":"2024-04-25T15:51:44","modified_gmt":"2024-04-25T18:51:44","slug":"sociedade-do-cuidado-da-atencao-e-da-proximidade","status":"publish","type":"post","link":"https:\/\/franciscanos.org.br\/noticias\/sociedade-do-cuidado-da-atencao-e-da-proximidade.html","title":{"rendered":"Sociedade do cuidado, da aten\u00e7\u00e3o e da proximidade"},"content":{"rendered":"<p><img loading=\"lazy\" class=\"alignnone wp-image-247034 size-full\" src=\"https:\/\/franciscanos.org.br\/noticias\/wp-content\/uploads\/2024\/04\/MG_6503-Grande-Grande.jpeg\" alt=\"\" width=\"1280\" height=\"853\" srcset=\"https:\/\/franciscanos.org.br\/noticias\/wp-content\/uploads\/2024\/04\/MG_6503-Grande-Grande.jpeg 1280w, https:\/\/franciscanos.org.br\/noticias\/wp-content\/uploads\/2024\/04\/MG_6503-Grande-Grande-450x300.jpeg 450w, https:\/\/franciscanos.org.br\/noticias\/wp-content\/uploads\/2024\/04\/MG_6503-Grande-Grande-1024x682.jpeg 1024w, https:\/\/franciscanos.org.br\/noticias\/wp-content\/uploads\/2024\/04\/MG_6503-Grande-Grande-768x512.jpeg 768w, https:\/\/franciscanos.org.br\/noticias\/wp-content\/uploads\/2024\/04\/MG_6503-Grande-Grande-150x100.jpeg 150w\" sizes=\"(max-width: 1280px) 100vw, 1280px\" \/><\/p>\n<p>A 17\u00aa Romaria das Pessoas com Defici\u00eancia movimentou a manh\u00e3 de s\u00e1bado da Festa de Nossa Senhora da Penha. Foi uma caminhada inclusiva e colorida com muitos bal\u00f5es e cartazes. Al\u00e9m de um momento de encontro e ora\u00e7\u00e3o, essa atividade tamb\u00e9m tornou-se um espa\u00e7o de reivindica\u00e7\u00f5es daqueles que precisam de cuidados especiais e de seus familiares.<br \/>\nDepois de percorrerem o trajeto com sa\u00edda na Pra\u00e7a Duque de Caxias, at\u00e9 a Igreja do Ros\u00e1rio, o grupo com cerca de mil pessoas participou de uma celebra\u00e7\u00e3o em frente \u00e0 Igreja do Ros\u00e1rio, presidida pelo padre Carlos Pinto Barbosa e concelebrada pelo Vig\u00e1rio Provincial, Frei Gustavo Medella e o padre Gilberto Roberto, de Cachoeiro de Itapemirim. Ele, que \u00e9 cadeirante, participou pela primeira vez da Romaria e disse que pretende voltar no pr\u00f3ximo ano.<\/p>\n<p>Logo no in\u00edcio da celebra\u00e7\u00e3o, a cadeirante M\u00f4nica Martins leu uma carta que pedia o fim do capacitismo e do preconceito. De acordo com o documento\u201d capacitismo \u00e9 o preconceito contra pessoas com defici\u00eancia, em que se julga que elas n\u00e3o s\u00e3o capazes ou s\u00e3o inferiores. Em sociedades capacitistas, a aus\u00eancia de qualquer defici\u00eancia \u00e9 visto como o normal, e pessoas com alguma defici\u00eancia s\u00e3o entendidas como exce\u00e7\u00f5es; a defici\u00eancia \u00e9 vista como algo a ser superado ou corrigido, se poss\u00edvel por interven\u00e7\u00e3o m\u00e9dica (&#8230;) Ent\u00e3o, nesse momento que estamos reunidos em Romaria, pedimos: Chega de r\u00f3tulos! Chega de discrimina\u00e7\u00e3o&#8221;, reivindicava a carta.<\/p>\n<p><img loading=\"lazy\" class=\"alignnone wp-image-247031 size-full\" src=\"https:\/\/franciscanos.org.br\/noticias\/wp-content\/uploads\/2024\/04\/penha_060424_3.jpg\" alt=\"\" width=\"1280\" height=\"720\" srcset=\"https:\/\/franciscanos.org.br\/noticias\/wp-content\/uploads\/2024\/04\/penha_060424_3.jpg 1280w, https:\/\/franciscanos.org.br\/noticias\/wp-content\/uploads\/2024\/04\/penha_060424_3-450x253.jpg 450w, https:\/\/franciscanos.org.br\/noticias\/wp-content\/uploads\/2024\/04\/penha_060424_3-1024x576.jpg 1024w, https:\/\/franciscanos.org.br\/noticias\/wp-content\/uploads\/2024\/04\/penha_060424_3-768x432.jpg 768w, https:\/\/franciscanos.org.br\/noticias\/wp-content\/uploads\/2024\/04\/penha_060424_3-150x84.jpg 150w\" sizes=\"(max-width: 1280px) 100vw, 1280px\" \/><\/p>\n<p>O documento ainda trouxe a reflex\u00e3o sobre a Campanha da Fraternidade de 2024 e da abordagem feita pelo Papa Francisco, na Enc\u00edclica Fratelli Tutti, sobre amizade social. \u201c O Papa diz que \u201camizade social\u201d \u00e9 amor: amor que ultrapassar as barreiras da geografia e do espa\u00e7o\u201d. M\u00f4nica finalizou a leitura da carta falando sobre a import\u00e2ncia do cuidado.<\/p>\n<p>Ao final da celebra\u00e7\u00e3o, Frei Gustavo deixou uma mensagem de \u00e2nimo para as pessoas com defici\u00eancia e seus familiares. \u201cNunca pensem que s\u00e3o um peso, pois s\u00e3o a melhor parte, que todos juntos temos a obriga\u00e7\u00e3o de cuidar bem. Quando todos n\u00f3s, comunidade humana, tivermos um olhar especial para cada um dentro da sua fragilidade, o mundo ser\u00e1 melhor. Se quisermos ser uma humanidade melhor, temos que aprender com as nossas fragilidades e com as fragilidades dos nossos irm\u00e3os. A nossa parte fr\u00e1gil \u00e9 a melhor, pois \u00e9 a parte que Deus mais ama, salientou.<\/p>\n<p><strong>Romaria da Diocese de S\u00e3o Mateus e dos adolescentes<\/strong><\/p>\n<p>\u00c0s 9h deste s\u00e1bado, os fi\u00e9is da Diocese de S\u00e3o Mateus marcaram presen\u00e7a no Campinho do Convento da Penha. Mais de 35 \u00f4nibus e tr\u00eas vans chegaram na caravana vinda do munic\u00edpio e regi\u00e3o. A celebra\u00e7\u00e3o foi presidida pelo bispo diocesano Dom Paulo Bosi Dal\u2019B\u00f3.<\/p>\n<p>Refletindo sobre o Evangelho do dia (Mc 16,9-15), Dom Paulo fez um apelo: \u201cN\u00e3o podemos de deixar de lan\u00e7ar as redes em \u00e1guas mais profundas. N\u00e3o podemos desistir. Olha a atitude de Pedro e de Jo\u00e3o: eles fazem a experi\u00eancia de Jesus e partem para a miss\u00e3o fazendo milagres e anunciando o Ressuscitado\u201d, ensinou.<\/p>\n<p><img loading=\"lazy\" class=\"alignnone wp-image-247032 size-full\" src=\"https:\/\/franciscanos.org.br\/noticias\/wp-content\/uploads\/2024\/04\/penha_060424_4.jpg\" alt=\"\" width=\"1280\" height=\"720\" srcset=\"https:\/\/franciscanos.org.br\/noticias\/wp-content\/uploads\/2024\/04\/penha_060424_4.jpg 1280w, https:\/\/franciscanos.org.br\/noticias\/wp-content\/uploads\/2024\/04\/penha_060424_4-450x253.jpg 450w, https:\/\/franciscanos.org.br\/noticias\/wp-content\/uploads\/2024\/04\/penha_060424_4-1024x576.jpg 1024w, https:\/\/franciscanos.org.br\/noticias\/wp-content\/uploads\/2024\/04\/penha_060424_4-768x432.jpg 768w, https:\/\/franciscanos.org.br\/noticias\/wp-content\/uploads\/2024\/04\/penha_060424_4-150x84.jpg 150w\" sizes=\"(max-width: 1280px) 100vw, 1280px\" \/><\/p>\n<p>Ainda na manh\u00e3 do s\u00e1bado, o Parque da Prainha j\u00e1 come\u00e7ava a ganhar a alegria dos grupos que chegavam aos poucos para a Romaria dos Adolescentes. \u00c0s 10h eles subiram em prociss\u00e3o o \u201cMorro da Penha\u201d e chegando ao Campinho participaram da Celebra\u00e7\u00e3o Eucar\u00edstica presidida pelo Bispo Auxiliar da Arquidiocese de Vit\u00f3ria, Dom Anderson Franklin Lustoza de Souza.<\/p>\n<p><img loading=\"lazy\" class=\"alignnone wp-image-247057 size-full\" src=\"https:\/\/franciscanos.org.br\/noticias\/wp-content\/uploads\/2024\/04\/IMG_20240406_110157076_BURST001-scaled.jpg\" alt=\"\" width=\"1440\" height=\"1080\" srcset=\"https:\/\/franciscanos.org.br\/noticias\/wp-content\/uploads\/2024\/04\/IMG_20240406_110157076_BURST001-scaled.jpg 1440w, https:\/\/franciscanos.org.br\/noticias\/wp-content\/uploads\/2024\/04\/IMG_20240406_110157076_BURST001-450x338.jpg 450w, https:\/\/franciscanos.org.br\/noticias\/wp-content\/uploads\/2024\/04\/IMG_20240406_110157076_BURST001-1024x768.jpg 1024w, https:\/\/franciscanos.org.br\/noticias\/wp-content\/uploads\/2024\/04\/IMG_20240406_110157076_BURST001-768x576.jpg 768w, https:\/\/franciscanos.org.br\/noticias\/wp-content\/uploads\/2024\/04\/IMG_20240406_110157076_BURST001-1536x1152.jpg 1536w, https:\/\/franciscanos.org.br\/noticias\/wp-content\/uploads\/2024\/04\/IMG_20240406_110157076_BURST001-2048x1536.jpg 2048w, https:\/\/franciscanos.org.br\/noticias\/wp-content\/uploads\/2024\/04\/IMG_20240406_110157076_BURST001-150x113.jpg 150w, https:\/\/franciscanos.org.br\/noticias\/wp-content\/uploads\/2024\/04\/IMG_20240406_110157076_BURST001-600x450.jpg 600w\" sizes=\"(max-width: 1440px) 100vw, 1440px\" \/><\/p>\n<p>\u201cEstamos hoje aqui pois o Senhor tocou nossos cora\u00e7\u00f5es e nos chamou a segui-Lo. A sua m\u00e3o amorosa nos tocou manifestando o seu infinito amor por cada um de n\u00f3s. Maria uma jovem foi alcan\u00e7ada pela gra\u00e7a e a M\u00e3o do Senhor a alcan\u00e7ou. Por isso, nossa presen\u00e7a aqui \u00e9 sinal de que reconhecemos que \u00e9 o Senhor a nossa for\u00e7a, a raz\u00e3o de nossa vida. Como Maria, reconhecemos que o Senhor olhou para n\u00f3s com amor e miseric\u00f3rdia e, por isso, nos alegramos em sua presen\u00e7a\u201d, disse o bispo na homilia.<\/p>\n<p>\u201cNossa romaria nos trouxe aos p\u00e9s do Convento, para rendermos gra\u00e7as ao Senhor e cantarmos o seu infinito amor. Que ao descermos daqui possamos levar a todos as b\u00ean\u00e7\u00e3os que do Senhor recebemos\u201d, completou Dom Anderson.<\/p>\n<p><strong>\u00a0<\/strong><strong>Maria, caminha conosco em romaria- 7\u00ba Dia do Oitav\u00e1rio<\/strong><\/p>\n<p><img loading=\"lazy\" class=\"wp-image-247037 size-large aligncenter\" src=\"https:\/\/franciscanos.org.br\/noticias\/wp-content\/uploads\/2024\/04\/MG_6990-Grande-Grande-1024x682.jpeg\" alt=\"\" width=\"1024\" height=\"682\" srcset=\"https:\/\/franciscanos.org.br\/noticias\/wp-content\/uploads\/2024\/04\/MG_6990-Grande-Grande-1024x682.jpeg 1024w, https:\/\/franciscanos.org.br\/noticias\/wp-content\/uploads\/2024\/04\/MG_6990-Grande-Grande-450x300.jpeg 450w, https:\/\/franciscanos.org.br\/noticias\/wp-content\/uploads\/2024\/04\/MG_6990-Grande-Grande-768x512.jpeg 768w, https:\/\/franciscanos.org.br\/noticias\/wp-content\/uploads\/2024\/04\/MG_6990-Grande-Grande-150x100.jpeg 150w, https:\/\/franciscanos.org.br\/noticias\/wp-content\/uploads\/2024\/04\/MG_6990-Grande-Grande.jpeg 1280w\" sizes=\"(max-width: 1024px) 100vw, 1024px\" \/><\/p>\n<p>Seguindo o movimento do dia, que marcou a intensifica\u00e7\u00e3o das romarias da Festa de Nossa Senhora das Alegrias, a Santa da Penha, neste s\u00e1bado, os devotos participaram do 7\u00ba Oitav\u00e1rio em prepara\u00e7\u00e3o dos ao dia da padroeira do Esp\u00edrito Santo, que ser\u00e1 no dia 8 de abril, pr\u00f3xima segunda-feira.<\/p>\n<p>O momento marcou a realiza\u00e7\u00e3o do \u00faltimo devocional no Campinho do Convento, pois neste domingo, 8\u00ba dia do Oitav\u00e1rio, ser\u00e1 no Parque da Prainha, \u00e0s 16h30.<\/p>\n<p>Logo no in\u00edcio das atividades religiosas programadas, Frei Gabriel Dellandrea recebeu Dom Luiz Fernando Lisboa, Bispo Diocesano de Cachoeiro do Itapemirim (ES) e Padre F\u00e1bio Eduardo de Lima Santos, para conversar sobre trag\u00e9dias provocadas pelas fortes chuvas na regi\u00e3o sul do estado, que provocou a morte de 20 pessoas, no m\u00eas de mar\u00e7o.<\/p>\n<p>Dom Luiz falou sobre o sofrimento do povo da regi\u00e3o e pediu ora\u00e7\u00f5es para as fam\u00edlias e as pessoas que morreram. O bispo e o padre F\u00e1bio tamb\u00e9m falaram sobre as campanhas de arrecada\u00e7\u00e3o e elogiaram a capacidade de mobiliza\u00e7\u00e3o e solidariedade do povo capixaba e de outros estados.<\/p>\n<p>O s\u00e9timo dia de ora\u00e7\u00f5es contou com a participa\u00e7\u00e3o das romarias presentes e dos moradores da regi\u00e3o sul do estado. A reflex\u00e3o do dia foi feita pelo Frei Augusto Luiz Gabriel, Vig\u00e1rio Paroquial da Par\u00f3quia Santa Clara, em Colatina (ES). Ele destacou as manifesta\u00e7\u00f5es culturais e religiosas da Festa da Penha, salientando que em todas elas \u201c Maria vai \u00e0 frente e caminha conosco em Romaria.Hoje recebemos a imagem em nosso meio conduzida por representantes das diversas romarias que nossa festa tem\u201d, lembrou o frade.<\/p>\n<p>Segundo ele, at\u00e9 o Dia da Padroeira dos capixabas o convite que \u00e9 o tema da Festa da Penha 2024: \u201c\u00d3 Vem Conosco, Vem Caminhar\u201d seja levado ao p\u00e9 da letra pelos fi\u00e9is que desejam homenagear Nossa Senhora das Alegrias\u201d.<\/p>\n<p>Com base no Evangelho de Lucas, Frei Augusto falou da caminhada de Maria e Jos\u00e9 a Jerusal\u00e9m \u00e0 Festa da P\u00e1scoa Judaica. \u201cBonito exemplo dos pais de Jesus, especialmente de Maria que em Romaria caminhou com eles e hoje caminha conosco, sob inspira\u00e7\u00e3o de Nossa Senhora da Penha\u201d.<\/p>\n<p>O frade associou os diferentes momentos do caminhar dos pais de Jesus Cristo a Romaria e disse: \u201cNem sempre estamos animados para caminhar, nem sempre temos disposi\u00e7\u00e3o, mas o importante \u00e9 caminhar, importante \u00e9 n\u00e3o parar. Mesmo diante das dificuldades, desafios e ang\u00fastias \u00e9 necess\u00e1rio caminhar sempre\u201d.<\/p>\n<p>Ao final, ele rogou a Maria dizendo: Hoje, mais uma vez, te suplicamos Maria. Caminha com teus filhos, entrega ao Senhor nossas preces e s\u00faplicas e nos ensine sempre a servir melhor, a sermos mais generosos, mostra-nos sempre o caminho para chegar ao teu filho ressuscitado\u201d, finalizou.<\/p>\n<p>Para encerrar o devocional desse s\u00e1bado, os frades aben\u00e7oaram as velas levadas pelos devotos da Penha, com muita alegria e aspers\u00e3o de \u00e1gua benta.<\/p>\n<p><img loading=\"lazy\" class=\"alignnone wp-image-247053 size-full\" src=\"https:\/\/franciscanos.org.br\/noticias\/wp-content\/uploads\/2024\/04\/penha_060424_6.jpg\" alt=\"\" width=\"1280\" height=\"720\" srcset=\"https:\/\/franciscanos.org.br\/noticias\/wp-content\/uploads\/2024\/04\/penha_060424_6.jpg 1280w, https:\/\/franciscanos.org.br\/noticias\/wp-content\/uploads\/2024\/04\/penha_060424_6-450x253.jpg 450w, https:\/\/franciscanos.org.br\/noticias\/wp-content\/uploads\/2024\/04\/penha_060424_6-1024x576.jpg 1024w, https:\/\/franciscanos.org.br\/noticias\/wp-content\/uploads\/2024\/04\/penha_060424_6-768x432.jpg 768w, https:\/\/franciscanos.org.br\/noticias\/wp-content\/uploads\/2024\/04\/penha_060424_6-150x84.jpg 150w\" sizes=\"(max-width: 1280px) 100vw, 1280px\" \/><\/p>\n<p><iframe loading=\"lazy\" title=\"YouTube video player\" src=\"https:\/\/www.youtube.com\/embed\/kwplUdY7MjE?si=3Jxw7Qqqolzi3ysS\" width=\"100%\" height=\"480\" frameborder=\"0\" allowfullscreen=\"allowfullscreen\"><span data-mce-type=\"bookmark\" style=\"display: inline-block; width: 0px; overflow: hidden; line-height: 0;\" class=\"mce_SELRES_start\">\ufeff<\/span><\/iframe><\/p>\n\n\t\t<style type=\"text\/css\">\n\t\t\t#gallery-1 {\n\t\t\t\tmargin: auto;\n\t\t\t}\n\t\t\t#gallery-1 .gallery-item {\n\t\t\t\tfloat: left;\n\t\t\t\tmargin-top: 10px;\n\t\t\t\ttext-align: center;\n\t\t\t\twidth: 20%;\n\t\t\t}\n\t\t\t#gallery-1 img {\n\t\t\t\tborder: 2px solid #cfcfcf;\n\t\t\t}\n\t\t\t#gallery-1 .gallery-caption {\n\t\t\t\tmargin-left: 0;\n\t\t\t}\n\t\t\t\/* see gallery_shortcode() in wp-includes\/media.php *\/\n\t\t<\/style>\n\t\t<div id='gallery-1' class='gallery galleryid-247028 gallery-columns-5 gallery-size-thumbnail'><dl class='gallery-item'>\n\t\t\t<dt class='gallery-icon landscape'>\n\t\t\t\t<a href='https:\/\/franciscanos.org.br\/noticias\/wp-content\/uploads\/2024\/04\/MG_6503-Grande-Grande.jpeg'><img width=\"300\" height=\"300\" src=\"https:\/\/franciscanos.org.br\/noticias\/wp-content\/uploads\/2024\/04\/MG_6503-Grande-Grande-300x300.jpeg\" class=\"attachment-thumbnail size-thumbnail\" alt=\"\" loading=\"lazy\" srcset=\"https:\/\/franciscanos.org.br\/noticias\/wp-content\/uploads\/2024\/04\/MG_6503-Grande-Grande-300x300.jpeg 300w, https:\/\/franciscanos.org.br\/noticias\/wp-content\/uploads\/2024\/04\/MG_6503-Grande-Grande-100x100.jpeg 100w\" sizes=\"(max-width: 300px) 100vw, 300px\" \/><\/a>\n\t\t\t<\/dt><\/dl><dl class='gallery-item'>\n\t\t\t<dt class='gallery-icon landscape'>\n\t\t\t\t<a href='https:\/\/franciscanos.org.br\/noticias\/wp-content\/uploads\/2024\/04\/penha_060424_3.jpg'><img width=\"300\" height=\"300\" src=\"https:\/\/franciscanos.org.br\/noticias\/wp-content\/uploads\/2024\/04\/penha_060424_3-300x300.jpg\" class=\"attachment-thumbnail size-thumbnail\" alt=\"\" loading=\"lazy\" srcset=\"https:\/\/franciscanos.org.br\/noticias\/wp-content\/uploads\/2024\/04\/penha_060424_3-300x300.jpg 300w, https:\/\/franciscanos.org.br\/noticias\/wp-content\/uploads\/2024\/04\/penha_060424_3-100x100.jpg 100w\" sizes=\"(max-width: 300px) 100vw, 300px\" \/><\/a>\n\t\t\t<\/dt><\/dl><dl class='gallery-item'>\n\t\t\t<dt class='gallery-icon landscape'>\n\t\t\t\t<a href='https:\/\/franciscanos.org.br\/noticias\/wp-content\/uploads\/2024\/04\/penha_06042024_8658-Grande-Grande.jpeg'><img width=\"300\" height=\"300\" src=\"https:\/\/franciscanos.org.br\/noticias\/wp-content\/uploads\/2024\/04\/penha_06042024_8658-Grande-Grande-300x300.jpeg\" class=\"attachment-thumbnail size-thumbnail\" alt=\"\" loading=\"lazy\" srcset=\"https:\/\/franciscanos.org.br\/noticias\/wp-content\/uploads\/2024\/04\/penha_06042024_8658-Grande-Grande-300x300.jpeg 300w, https:\/\/franciscanos.org.br\/noticias\/wp-content\/uploads\/2024\/04\/penha_06042024_8658-Grande-Grande-100x100.jpeg 100w\" sizes=\"(max-width: 300px) 100vw, 300px\" \/><\/a>\n\t\t\t<\/dt><\/dl><dl class='gallery-item'>\n\t\t\t<dt class='gallery-icon landscape'>\n\t\t\t\t<a href='https:\/\/franciscanos.org.br\/noticias\/wp-content\/uploads\/2024\/04\/penha_060424_4.jpg'><img width=\"300\" height=\"300\" src=\"https:\/\/franciscanos.org.br\/noticias\/wp-content\/uploads\/2024\/04\/penha_060424_4-300x300.jpg\" class=\"attachment-thumbnail size-thumbnail\" alt=\"\" loading=\"lazy\" srcset=\"https:\/\/franciscanos.org.br\/noticias\/wp-content\/uploads\/2024\/04\/penha_060424_4-300x300.jpg 300w, https:\/\/franciscanos.org.br\/noticias\/wp-content\/uploads\/2024\/04\/penha_060424_4-100x100.jpg 100w\" sizes=\"(max-width: 300px) 100vw, 300px\" \/><\/a>\n\t\t\t<\/dt><\/dl><dl class='gallery-item'>\n\t\t\t<dt class='gallery-icon landscape'>\n\t\t\t\t<a href='https:\/\/franciscanos.org.br\/noticias\/wp-content\/uploads\/2024\/04\/MG_6928-Grande-Grande.jpeg'><img width=\"300\" height=\"300\" src=\"https:\/\/franciscanos.org.br\/noticias\/wp-content\/uploads\/2024\/04\/MG_6928-Grande-Grande-300x300.jpeg\" class=\"attachment-thumbnail size-thumbnail\" alt=\"\" loading=\"lazy\" srcset=\"https:\/\/franciscanos.org.br\/noticias\/wp-content\/uploads\/2024\/04\/MG_6928-Grande-Grande-300x300.jpeg 300w, https:\/\/franciscanos.org.br\/noticias\/wp-content\/uploads\/2024\/04\/MG_6928-Grande-Grande-100x100.jpeg 100w\" sizes=\"(max-width: 300px) 100vw, 300px\" \/><\/a>\n\t\t\t<\/dt><\/dl><br style=\"clear: both\" \/><dl class='gallery-item'>\n\t\t\t<dt class='gallery-icon landscape'>\n\t\t\t\t<a href='https:\/\/franciscanos.org.br\/noticias\/wp-content\/uploads\/2024\/04\/penha_06042024_8766-Grande-Grande.jpeg'><img width=\"300\" height=\"300\" src=\"https:\/\/franciscanos.org.br\/noticias\/wp-content\/uploads\/2024\/04\/penha_06042024_8766-Grande-Grande-300x300.jpeg\" class=\"attachment-thumbnail size-thumbnail\" alt=\"\" loading=\"lazy\" srcset=\"https:\/\/franciscanos.org.br\/noticias\/wp-content\/uploads\/2024\/04\/penha_06042024_8766-Grande-Grande-300x300.jpeg 300w, https:\/\/franciscanos.org.br\/noticias\/wp-content\/uploads\/2024\/04\/penha_06042024_8766-Grande-Grande-100x100.jpeg 100w\" sizes=\"(max-width: 300px) 100vw, 300px\" \/><\/a>\n\t\t\t<\/dt><\/dl><dl class='gallery-item'>\n\t\t\t<dt class='gallery-icon landscape'>\n\t\t\t\t<a href='https:\/\/franciscanos.org.br\/noticias\/wp-content\/uploads\/2024\/04\/penha_06042024_8780-Grande-Grande.jpeg'><img width=\"300\" height=\"300\" src=\"https:\/\/franciscanos.org.br\/noticias\/wp-content\/uploads\/2024\/04\/penha_06042024_8780-Grande-Grande-300x300.jpeg\" class=\"attachment-thumbnail size-thumbnail\" alt=\"\" loading=\"lazy\" srcset=\"https:\/\/franciscanos.org.br\/noticias\/wp-content\/uploads\/2024\/04\/penha_06042024_8780-Grande-Grande-300x300.jpeg 300w, https:\/\/franciscanos.org.br\/noticias\/wp-content\/uploads\/2024\/04\/penha_06042024_8780-Grande-Grande-100x100.jpeg 100w\" sizes=\"(max-width: 300px) 100vw, 300px\" \/><\/a>\n\t\t\t<\/dt><\/dl><dl class='gallery-item'>\n\t\t\t<dt class='gallery-icon landscape'>\n\t\t\t\t<a href='https:\/\/franciscanos.org.br\/noticias\/wp-content\/uploads\/2024\/04\/penha_060424_1.jpg'><img width=\"300\" height=\"300\" src=\"https:\/\/franciscanos.org.br\/noticias\/wp-content\/uploads\/2024\/04\/penha_060424_1-300x300.jpg\" class=\"attachment-thumbnail size-thumbnail\" alt=\"\" loading=\"lazy\" srcset=\"https:\/\/franciscanos.org.br\/noticias\/wp-content\/uploads\/2024\/04\/penha_060424_1-300x300.jpg 300w, https:\/\/franciscanos.org.br\/noticias\/wp-content\/uploads\/2024\/04\/penha_060424_1-100x100.jpg 100w\" sizes=\"(max-width: 300px) 100vw, 300px\" \/><\/a>\n\t\t\t<\/dt><\/dl><dl class='gallery-item'>\n\t\t\t<dt class='gallery-icon portrait'>\n\t\t\t\t<a href='https:\/\/franciscanos.org.br\/noticias\/wp-content\/uploads\/2024\/04\/MG_6953-Grande-Grande.jpeg'><img width=\"300\" height=\"300\" src=\"https:\/\/franciscanos.org.br\/noticias\/wp-content\/uploads\/2024\/04\/MG_6953-Grande-Grande-300x300.jpeg\" class=\"attachment-thumbnail size-thumbnail\" alt=\"\" loading=\"lazy\" srcset=\"https:\/\/franciscanos.org.br\/noticias\/wp-content\/uploads\/2024\/04\/MG_6953-Grande-Grande-300x300.jpeg 300w, https:\/\/franciscanos.org.br\/noticias\/wp-content\/uploads\/2024\/04\/MG_6953-Grande-Grande-100x100.jpeg 100w\" sizes=\"(max-width: 300px) 100vw, 300px\" \/><\/a>\n\t\t\t<\/dt><\/dl><dl class='gallery-item'>\n\t\t\t<dt class='gallery-icon landscape'>\n\t\t\t\t<a href='https:\/\/franciscanos.org.br\/noticias\/wp-content\/uploads\/2024\/04\/penha_060424_2.jpg'><img width=\"300\" height=\"300\" src=\"https:\/\/franciscanos.org.br\/noticias\/wp-content\/uploads\/2024\/04\/penha_060424_2-300x300.jpg\" class=\"attachment-thumbnail size-thumbnail\" alt=\"\" loading=\"lazy\" srcset=\"https:\/\/franciscanos.org.br\/noticias\/wp-content\/uploads\/2024\/04\/penha_060424_2-300x300.jpg 300w, https:\/\/franciscanos.org.br\/noticias\/wp-content\/uploads\/2024\/04\/penha_060424_2-100x100.jpg 100w\" sizes=\"(max-width: 300px) 100vw, 300px\" \/><\/a>\n\t\t\t<\/dt><\/dl><br style=\"clear: both\" \/><dl class='gallery-item'>\n\t\t\t<dt class='gallery-icon landscape'>\n\t\t\t\t<a href='https:\/\/franciscanos.org.br\/noticias\/wp-content\/uploads\/2024\/04\/MG_6990-Grande-Grande.jpeg'><img width=\"300\" height=\"300\" src=\"https:\/\/franciscanos.org.br\/noticias\/wp-content\/uploads\/2024\/04\/MG_6990-Grande-Grande-300x300.jpeg\" class=\"attachment-thumbnail size-thumbnail\" alt=\"\" loading=\"lazy\" srcset=\"https:\/\/franciscanos.org.br\/noticias\/wp-content\/uploads\/2024\/04\/MG_6990-Grande-Grande-300x300.jpeg 300w, https:\/\/franciscanos.org.br\/noticias\/wp-content\/uploads\/2024\/04\/MG_6990-Grande-Grande-100x100.jpeg 100w\" sizes=\"(max-width: 300px) 100vw, 300px\" \/><\/a>\n\t\t\t<\/dt><\/dl><dl class='gallery-item'>\n\t\t\t<dt class='gallery-icon landscape'>\n\t\t\t\t<a href='https:\/\/franciscanos.org.br\/noticias\/wp-content\/uploads\/2024\/04\/MG_7000-Grande-Grande.jpeg'><img width=\"300\" height=\"300\" src=\"https:\/\/franciscanos.org.br\/noticias\/wp-content\/uploads\/2024\/04\/MG_7000-Grande-Grande-300x300.jpeg\" class=\"attachment-thumbnail size-thumbnail\" alt=\"\" loading=\"lazy\" srcset=\"https:\/\/franciscanos.org.br\/noticias\/wp-content\/uploads\/2024\/04\/MG_7000-Grande-Grande-300x300.jpeg 300w, https:\/\/franciscanos.org.br\/noticias\/wp-content\/uploads\/2024\/04\/MG_7000-Grande-Grande-100x100.jpeg 100w\" sizes=\"(max-width: 300px) 100vw, 300px\" \/><\/a>\n\t\t\t<\/dt><\/dl><dl class='gallery-item'>\n\t\t\t<dt class='gallery-icon landscape'>\n\t\t\t\t<a href='https:\/\/franciscanos.org.br\/noticias\/wp-content\/uploads\/2024\/04\/penha_06042024_8684-Grande-Grande.jpeg'><img width=\"300\" height=\"300\" src=\"https:\/\/franciscanos.org.br\/noticias\/wp-content\/uploads\/2024\/04\/penha_06042024_8684-Grande-Grande-300x300.jpeg\" class=\"attachment-thumbnail size-thumbnail\" alt=\"\" loading=\"lazy\" srcset=\"https:\/\/franciscanos.org.br\/noticias\/wp-content\/uploads\/2024\/04\/penha_06042024_8684-Grande-Grande-300x300.jpeg 300w, https:\/\/franciscanos.org.br\/noticias\/wp-content\/uploads\/2024\/04\/penha_06042024_8684-Grande-Grande-100x100.jpeg 100w\" sizes=\"(max-width: 300px) 100vw, 300px\" \/><\/a>\n\t\t\t<\/dt><\/dl><dl class='gallery-item'>\n\t\t\t<dt class='gallery-icon landscape'>\n\t\t\t\t<a href='https:\/\/franciscanos.org.br\/noticias\/wp-content\/uploads\/2024\/04\/penha_06042024_8689-Grande-Grande.jpeg'><img width=\"300\" height=\"300\" src=\"https:\/\/franciscanos.org.br\/noticias\/wp-content\/uploads\/2024\/04\/penha_06042024_8689-Grande-Grande-300x300.jpeg\" class=\"attachment-thumbnail size-thumbnail\" alt=\"\" loading=\"lazy\" srcset=\"https:\/\/franciscanos.org.br\/noticias\/wp-content\/uploads\/2024\/04\/penha_06042024_8689-Grande-Grande-300x300.jpeg 300w, https:\/\/franciscanos.org.br\/noticias\/wp-content\/uploads\/2024\/04\/penha_06042024_8689-Grande-Grande-100x100.jpeg 100w\" sizes=\"(max-width: 300px) 100vw, 300px\" \/><\/a>\n\t\t\t<\/dt><\/dl><dl class='gallery-item'>\n\t\t\t<dt class='gallery-icon landscape'>\n\t\t\t\t<a href='https:\/\/franciscanos.org.br\/noticias\/wp-content\/uploads\/2024\/04\/penha_06042024_8771-Grande-Grande.jpeg'><img width=\"300\" height=\"300\" src=\"https:\/\/franciscanos.org.br\/noticias\/wp-content\/uploads\/2024\/04\/penha_06042024_8771-Grande-Grande-300x300.jpeg\" class=\"attachment-thumbnail size-thumbnail\" alt=\"\" loading=\"lazy\" srcset=\"https:\/\/franciscanos.org.br\/noticias\/wp-content\/uploads\/2024\/04\/penha_06042024_8771-Grande-Grande-300x300.jpeg 300w, https:\/\/franciscanos.org.br\/noticias\/wp-content\/uploads\/2024\/04\/penha_06042024_8771-Grande-Grande-100x100.jpeg 100w\" sizes=\"(max-width: 300px) 100vw, 300px\" \/><\/a>\n\t\t\t<\/dt><\/dl><br style=\"clear: both\" \/><dl class='gallery-item'>\n\t\t\t<dt class='gallery-icon landscape'>\n\t\t\t\t<a href='https:\/\/franciscanos.org.br\/noticias\/wp-content\/uploads\/2024\/04\/penha_06042024_8789-Grande-Grande.jpeg'><img width=\"300\" height=\"300\" src=\"https:\/\/franciscanos.org.br\/noticias\/wp-content\/uploads\/2024\/04\/penha_06042024_8789-Grande-Grande-300x300.jpeg\" class=\"attachment-thumbnail size-thumbnail\" alt=\"\" loading=\"lazy\" srcset=\"https:\/\/franciscanos.org.br\/noticias\/wp-content\/uploads\/2024\/04\/penha_06042024_8789-Grande-Grande-300x300.jpeg 300w, https:\/\/franciscanos.org.br\/noticias\/wp-content\/uploads\/2024\/04\/penha_06042024_8789-Grande-Grande-100x100.jpeg 100w\" sizes=\"(max-width: 300px) 100vw, 300px\" \/><\/a>\n\t\t\t<\/dt><\/dl><dl class='gallery-item'>\n\t\t\t<dt class='gallery-icon landscape'>\n\t\t\t\t<a href='https:\/\/franciscanos.org.br\/noticias\/wp-content\/uploads\/2024\/04\/penha_06042024_8799-Grande-Grande.jpeg'><img width=\"300\" height=\"300\" src=\"https:\/\/franciscanos.org.br\/noticias\/wp-content\/uploads\/2024\/04\/penha_06042024_8799-Grande-Grande-300x300.jpeg\" class=\"attachment-thumbnail size-thumbnail\" alt=\"\" loading=\"lazy\" srcset=\"https:\/\/franciscanos.org.br\/noticias\/wp-content\/uploads\/2024\/04\/penha_06042024_8799-Grande-Grande-300x300.jpeg 300w, https:\/\/franciscanos.org.br\/noticias\/wp-content\/uploads\/2024\/04\/penha_06042024_8799-Grande-Grande-100x100.jpeg 100w\" sizes=\"(max-width: 300px) 100vw, 300px\" \/><\/a>\n\t\t\t<\/dt><\/dl><dl class='gallery-item'>\n\t\t\t<dt class='gallery-icon landscape'>\n\t\t\t\t<a href='https:\/\/franciscanos.org.br\/noticias\/wp-content\/uploads\/2024\/04\/penha_06042024_8811-Grande-Grande.jpeg'><img width=\"300\" height=\"300\" src=\"https:\/\/franciscanos.org.br\/noticias\/wp-content\/uploads\/2024\/04\/penha_06042024_8811-Grande-Grande-300x300.jpeg\" class=\"attachment-thumbnail size-thumbnail\" alt=\"\" loading=\"lazy\" srcset=\"https:\/\/franciscanos.org.br\/noticias\/wp-content\/uploads\/2024\/04\/penha_06042024_8811-Grande-Grande-300x300.jpeg 300w, https:\/\/franciscanos.org.br\/noticias\/wp-content\/uploads\/2024\/04\/penha_06042024_8811-Grande-Grande-100x100.jpeg 100w\" sizes=\"(max-width: 300px) 100vw, 300px\" \/><\/a>\n\t\t\t<\/dt><\/dl><dl class='gallery-item'>\n\t\t\t<dt class='gallery-icon landscape'>\n\t\t\t\t<a href='https:\/\/franciscanos.org.br\/noticias\/wp-content\/uploads\/2024\/04\/penha_06042024_8829-Grande-Grande.jpeg'><img width=\"300\" height=\"300\" src=\"https:\/\/franciscanos.org.br\/noticias\/wp-content\/uploads\/2024\/04\/penha_06042024_8829-Grande-Grande-300x300.jpeg\" class=\"attachment-thumbnail size-thumbnail\" alt=\"\" loading=\"lazy\" srcset=\"https:\/\/franciscanos.org.br\/noticias\/wp-content\/uploads\/2024\/04\/penha_06042024_8829-Grande-Grande-300x300.jpeg 300w, https:\/\/franciscanos.org.br\/noticias\/wp-content\/uploads\/2024\/04\/penha_06042024_8829-Grande-Grande-100x100.jpeg 100w\" sizes=\"(max-width: 300px) 100vw, 300px\" \/><\/a>\n\t\t\t<\/dt><\/dl>\n\t\t\t<br style='clear: both' \/>\n\t\t<\/div>\n\n<hr \/>\n<p><em>Adriana Rabelo e Frei Augusto Luiz Gabriel<\/em><\/p>\n","protected":false},"excerpt":{"rendered":"<p>Festa da Penha 2024<\/p>\n","protected":false},"author":5,"featured_media":247034,"comment_status":"open","ping_status":"open","sticky":false,"template":"","format":"standard","meta":[],"categories":[1],"tags":[2195],"acf":[],"yoast_head":"<!-- This site is optimized with the Yoast SEO plugin v19.2 - https:\/\/yoast.com\/wordpress\/plugins\/seo\/ -->\n<title>Sociedade do cuidado, da aten\u00e7\u00e3o e da proximidade - Not\u00edcias - Franciscanos<\/title>\n<meta name=\"robots\" content=\"index, follow, max-snippet:-1, max-image-preview:large, max-video-preview:-1\" \/>\n<link rel=\"canonical\" href=\"https:\/\/franciscanos.org.br\/noticias\/sociedade-do-cuidado-da-atencao-e-da-proximidade.html\" \/>\n<meta property=\"og:locale\" content=\"pt_BR\" \/>\n<meta property=\"og:type\" content=\"article\" \/>\n<meta property=\"og:title\" content=\"Sociedade do cuidado, da aten\u00e7\u00e3o e da proximidade - Not\u00edcias - Franciscanos\" \/>\n<meta property=\"og:description\" content=\"Festa da Penha 2024\" \/>\n<meta property=\"og:url\" content=\"https:\/\/franciscanos.org.br\/noticias\/sociedade-do-cuidado-da-atencao-e-da-proximidade.html\" \/>\n<meta property=\"og:site_name\" content=\"Not\u00edcias - Franciscanos\" \/>\n<meta property=\"article:published_time\" content=\"2024-04-07T07:34:56+00:00\" \/>\n<meta property=\"article:modified_time\" content=\"2024-04-25T18:51:44+00:00\" \/>\n<meta property=\"og:image\" content=\"https:\/\/franciscanos.org.br\/noticias\/wp-content\/uploads\/2024\/04\/MG_6503-Grande-Grande.jpeg\" \/>\n\t<meta property=\"og:image:width\" content=\"1280\" \/>\n\t<meta property=\"og:image:height\" content=\"853\" \/>\n\t<meta property=\"og:image:type\" content=\"image\/jpeg\" \/>\n<meta name=\"author\" content=\"freiaugusto\" \/>\n<meta name=\"twitter:card\" content=\"summary_large_image\" \/>\n<meta name=\"twitter:label1\" content=\"Escrito por\" \/>\n\t<meta name=\"twitter:data1\" content=\"freiaugusto\" \/>\n\t<meta name=\"twitter:label2\" content=\"Est. tempo de leitura\" \/>\n\t<meta name=\"twitter:data2\" content=\"6 minutos\" \/>\n<script type=\"application\/ld+json\" class=\"yoast-schema-graph\">{\"@context\":\"https:\/\/schema.org\",\"@graph\":[{\"@type\":\"WebSite\",\"@id\":\"https:\/\/franciscanos.org.br\/noticias\/#website\",\"url\":\"https:\/\/franciscanos.org.br\/noticias\/\",\"name\":\"Not\u00edcias - Franciscanos\",\"description\":\"Prov\u00edncia Franciscana da Imaculada Concei\u00e7\u00e3o do Brasil - Ordem dos Frades Menores - OFM\",\"potentialAction\":[{\"@type\":\"SearchAction\",\"target\":{\"@type\":\"EntryPoint\",\"urlTemplate\":\"https:\/\/franciscanos.org.br\/noticias\/?s={search_term_string}\"},\"query-input\":\"required name=search_term_string\"}],\"inLanguage\":\"pt-BR\"},{\"@type\":\"ImageObject\",\"inLanguage\":\"pt-BR\",\"@id\":\"https:\/\/franciscanos.org.br\/noticias\/sociedade-do-cuidado-da-atencao-e-da-proximidade.html#primaryimage\",\"url\":\"https:\/\/franciscanos.org.br\/noticias\/wp-content\/uploads\/2024\/04\/MG_6503-Grande-Grande.jpeg\",\"contentUrl\":\"https:\/\/franciscanos.org.br\/noticias\/wp-content\/uploads\/2024\/04\/MG_6503-Grande-Grande.jpeg\",\"width\":1280,\"height\":853},{\"@type\":\"WebPage\",\"@id\":\"https:\/\/franciscanos.org.br\/noticias\/sociedade-do-cuidado-da-atencao-e-da-proximidade.html#webpage\",\"url\":\"https:\/\/franciscanos.org.br\/noticias\/sociedade-do-cuidado-da-atencao-e-da-proximidade.html\",\"name\":\"Sociedade do cuidado, da aten\u00e7\u00e3o e da proximidade - Not\u00edcias - Franciscanos\",\"isPartOf\":{\"@id\":\"https:\/\/franciscanos.org.br\/noticias\/#website\"},\"primaryImageOfPage\":{\"@id\":\"https:\/\/franciscanos.org.br\/noticias\/sociedade-do-cuidado-da-atencao-e-da-proximidade.html#primaryimage\"},\"datePublished\":\"2024-04-07T07:34:56+00:00\",\"dateModified\":\"2024-04-25T18:51:44+00:00\",\"author\":{\"@id\":\"https:\/\/franciscanos.org.br\/noticias\/#\/schema\/person\/37f88f0d111cd5358b12a6556a99eb91\"},\"breadcrumb\":{\"@id\":\"https:\/\/franciscanos.org.br\/noticias\/sociedade-do-cuidado-da-atencao-e-da-proximidade.html#breadcrumb\"},\"inLanguage\":\"pt-BR\",\"potentialAction\":[{\"@type\":\"ReadAction\",\"target\":[\"https:\/\/franciscanos.org.br\/noticias\/sociedade-do-cuidado-da-atencao-e-da-proximidade.html\"]}]},{\"@type\":\"BreadcrumbList\",\"@id\":\"https:\/\/franciscanos.org.br\/noticias\/sociedade-do-cuidado-da-atencao-e-da-proximidade.html#breadcrumb\",\"itemListElement\":[{\"@type\":\"ListItem\",\"position\":1,\"name\":\"Home\",\"item\":\"https:\/\/franciscanos.org.br\/noticias\"},{\"@type\":\"ListItem\",\"position\":2,\"name\":\"Sociedade do cuidado, da aten\u00e7\u00e3o e da proximidade\"}]},{\"@type\":\"Person\",\"@id\":\"https:\/\/franciscanos.org.br\/noticias\/#\/schema\/person\/37f88f0d111cd5358b12a6556a99eb91\",\"name\":\"freiaugusto\",\"image\":{\"@type\":\"ImageObject\",\"inLanguage\":\"pt-BR\",\"@id\":\"https:\/\/franciscanos.org.br\/noticias\/#\/schema\/person\/image\/\",\"url\":\"https:\/\/secure.gravatar.com\/avatar\/9840b940e621801b24f3e6b059efb4b7?s=96&d=mm&r=g\",\"contentUrl\":\"https:\/\/secure.gravatar.com\/avatar\/9840b940e621801b24f3e6b059efb4b7?s=96&d=mm&r=g\",\"caption\":\"freiaugusto\"},\"url\":\"https:\/\/franciscanos.org.br\/noticias\/author\/freiaugusto\"}]}<\/script>\n<!-- \/ Yoast SEO plugin. -->","yoast_head_json":{"title":"Sociedade do cuidado, da aten\u00e7\u00e3o e da proximidade - Not\u00edcias - Franciscanos","robots":{"index":"index","follow":"follow","max-snippet":"max-snippet:-1","max-image-preview":"max-image-preview:large","max-video-preview":"max-video-preview:-1"},"canonical":"https:\/\/franciscanos.org.br\/noticias\/sociedade-do-cuidado-da-atencao-e-da-proximidade.html","og_locale":"pt_BR","og_type":"article","og_title":"Sociedade do cuidado, da aten\u00e7\u00e3o e da proximidade - Not\u00edcias - Franciscanos","og_description":"Festa da Penha 2024","og_url":"https:\/\/franciscanos.org.br\/noticias\/sociedade-do-cuidado-da-atencao-e-da-proximidade.html","og_site_name":"Not\u00edcias - Franciscanos","article_published_time":"2024-04-07T07:34:56+00:00","article_modified_time":"2024-04-25T18:51:44+00:00","og_image":[{"width":1280,"height":853,"url":"https:\/\/franciscanos.org.br\/noticias\/wp-content\/uploads\/2024\/04\/MG_6503-Grande-Grande.jpeg","type":"image\/jpeg"}],"author":"freiaugusto","twitter_card":"summary_large_image","twitter_misc":{"Escrito por":"freiaugusto","Est. tempo de leitura":"6 minutos"},"schema":{"@context":"https:\/\/schema.org","@graph":[{"@type":"WebSite","@id":"https:\/\/franciscanos.org.br\/noticias\/#website","url":"https:\/\/franciscanos.org.br\/noticias\/","name":"Not\u00edcias - Franciscanos","description":"Prov\u00edncia Franciscana da Imaculada Concei\u00e7\u00e3o do Brasil - Ordem dos Frades Menores - OFM","potentialAction":[{"@type":"SearchAction","target":{"@type":"EntryPoint","urlTemplate":"https:\/\/franciscanos.org.br\/noticias\/?s={search_term_string}"},"query-input":"required name=search_term_string"}],"inLanguage":"pt-BR"},{"@type":"ImageObject","inLanguage":"pt-BR","@id":"https:\/\/franciscanos.org.br\/noticias\/sociedade-do-cuidado-da-atencao-e-da-proximidade.html#primaryimage","url":"https:\/\/franciscanos.org.br\/noticias\/wp-content\/uploads\/2024\/04\/MG_6503-Grande-Grande.jpeg","contentUrl":"https:\/\/franciscanos.org.br\/noticias\/wp-content\/uploads\/2024\/04\/MG_6503-Grande-Grande.jpeg","width":1280,"height":853},{"@type":"WebPage","@id":"https:\/\/franciscanos.org.br\/noticias\/sociedade-do-cuidado-da-atencao-e-da-proximidade.html#webpage","url":"https:\/\/franciscanos.org.br\/noticias\/sociedade-do-cuidado-da-atencao-e-da-proximidade.html","name":"Sociedade do cuidado, da aten\u00e7\u00e3o e da proximidade - Not\u00edcias - Franciscanos","isPartOf":{"@id":"https:\/\/franciscanos.org.br\/noticias\/#website"},"primaryImageOfPage":{"@id":"https:\/\/franciscanos.org.br\/noticias\/sociedade-do-cuidado-da-atencao-e-da-proximidade.html#primaryimage"},"datePublished":"2024-04-07T07:34:56+00:00","dateModified":"2024-04-25T18:51:44+00:00","author":{"@id":"https:\/\/franciscanos.org.br\/noticias\/#\/schema\/person\/37f88f0d111cd5358b12a6556a99eb91"},"breadcrumb":{"@id":"https:\/\/franciscanos.org.br\/noticias\/sociedade-do-cuidado-da-atencao-e-da-proximidade.html#breadcrumb"},"inLanguage":"pt-BR","potentialAction":[{"@type":"ReadAction","target":["https:\/\/franciscanos.org.br\/noticias\/sociedade-do-cuidado-da-atencao-e-da-proximidade.html"]}]},{"@type":"BreadcrumbList","@id":"https:\/\/franciscanos.org.br\/noticias\/sociedade-do-cuidado-da-atencao-e-da-proximidade.html#breadcrumb","itemListElement":[{"@type":"ListItem","position":1,"name":"Home","item":"https:\/\/franciscanos.org.br\/noticias"},{"@type":"ListItem","position":2,"name":"Sociedade do cuidado, da aten\u00e7\u00e3o e da proximidade"}]},{"@type":"Person","@id":"https:\/\/franciscanos.org.br\/noticias\/#\/schema\/person\/37f88f0d111cd5358b12a6556a99eb91","name":"freiaugusto","image":{"@type":"ImageObject","inLanguage":"pt-BR","@id":"https:\/\/franciscanos.org.br\/noticias\/#\/schema\/person\/image\/","url":"https:\/\/secure.gravatar.com\/avatar\/9840b940e621801b24f3e6b059efb4b7?s=96&d=mm&r=g","contentUrl":"https:\/\/secure.gravatar.com\/avatar\/9840b940e621801b24f3e6b059efb4b7?s=96&d=mm&r=g","caption":"freiaugusto"},"url":"https:\/\/franciscanos.org.br\/noticias\/author\/freiaugusto"}]}},"_links":{"self":[{"href":"https:\/\/franciscanos.org.br\/noticias\/wp-json\/wp\/v2\/posts\/247028"}],"collection":[{"href":"https:\/\/franciscanos.org.br\/noticias\/wp-json\/wp\/v2\/posts"}],"about":[{"href":"https:\/\/franciscanos.org.br\/noticias\/wp-json\/wp\/v2\/types\/post"}],"author":[{"embeddable":true,"href":"https:\/\/franciscanos.org.br\/noticias\/wp-json\/wp\/v2\/users\/5"}],"replies":[{"embeddable":true,"href":"https:\/\/franciscanos.org.br\/noticias\/wp-json\/wp\/v2\/comments?post=247028"}],"version-history":[{"count":10,"href":"https:\/\/franciscanos.org.br\/noticias\/wp-json\/wp\/v2\/posts\/247028\/revisions"}],"predecessor-version":[{"id":247358,"href":"https:\/\/franciscanos.org.br\/noticias\/wp-json\/wp\/v2\/posts\/247028\/revisions\/247358"}],"wp:featuredmedia":[{"embeddable":true,"href":"https:\/\/franciscanos.org.br\/noticias\/wp-json\/wp\/v2\/media\/247034"}],"wp:attachment":[{"href":"https:\/\/franciscanos.org.br\/noticias\/wp-json\/wp\/v2\/media?parent=247028"}],"wp:term":[{"taxonomy":"category","embeddable":true,"href":"https:\/\/franciscanos.org.br\/noticias\/wp-json\/wp\/v2\/categories?post=247028"},{"taxonomy":"post_tag","embeddable":true,"href":"https:\/\/franciscanos.org.br\/noticias\/wp-json\/wp\/v2\/tags?post=247028"}],"curies":[{"name":"wp","href":"https:\/\/api.w.org\/{rel}","templated":true}]}}