{"id":246979,"date":"2024-04-05T17:06:35","date_gmt":"2024-04-05T20:06:35","guid":{"rendered":"https:\/\/franciscanos.org.br\/noticias\/?p=246979"},"modified":"2024-04-05T20:02:51","modified_gmt":"2024-04-05T23:02:51","slug":"formacao-em-partilha-e-comunhao-com-o-proximo-na-festa-da-penha","status":"publish","type":"post","link":"https:\/\/franciscanos.org.br\/noticias\/formacao-em-partilha-e-comunhao-com-o-proximo-na-festa-da-penha.html","title":{"rendered":"Forma\u00e7\u00e3o em partilha e comunh\u00e3o com o pr\u00f3ximo na Festa da Penha"},"content":{"rendered":"<p><img loading=\"lazy\" class=\"aligncenter wp-image-246981 size-full\" src=\"https:\/\/franciscanos.org.br\/noticias\/wp-content\/uploads\/2024\/04\/FESTA-DA-PENHA-1-scaled.jpg\" alt=\"\" width=\"1620\" height=\"1080\" srcset=\"https:\/\/franciscanos.org.br\/noticias\/wp-content\/uploads\/2024\/04\/FESTA-DA-PENHA-1-scaled.jpg 1620w, https:\/\/franciscanos.org.br\/noticias\/wp-content\/uploads\/2024\/04\/FESTA-DA-PENHA-1-450x300.jpg 450w, https:\/\/franciscanos.org.br\/noticias\/wp-content\/uploads\/2024\/04\/FESTA-DA-PENHA-1-1024x683.jpg 1024w, https:\/\/franciscanos.org.br\/noticias\/wp-content\/uploads\/2024\/04\/FESTA-DA-PENHA-1-768x512.jpg 768w, https:\/\/franciscanos.org.br\/noticias\/wp-content\/uploads\/2024\/04\/FESTA-DA-PENHA-1-1536x1024.jpg 1536w, https:\/\/franciscanos.org.br\/noticias\/wp-content\/uploads\/2024\/04\/FESTA-DA-PENHA-1-2048x1365.jpg 2048w, https:\/\/franciscanos.org.br\/noticias\/wp-content\/uploads\/2024\/04\/FESTA-DA-PENHA-1-150x100.jpg 150w\" sizes=\"(max-width: 1620px) 100vw, 1620px\" \/><\/p>\n<p><span style=\"font-weight: 400;\">Assim como os degraus da ladeira da penit\u00eancia de Nossa Senhora da Penha exigem f\u00e9, determina\u00e7\u00e3o e for\u00e7a de vontade dos devotos, a caminhada religiosa de um jovem que ingressa na Ordem dos Frades Menores tamb\u00e9m \u00e9 exigente. \u00c9 preciso percorrer etapas como a fase do acolhimento, do aspirantado, do postulantado, do noviciado e da teologia, at\u00e9 chegar \u00e0 profiss\u00e3o solene. O objetivo \u00e9 permitir aos vocacionados o encontro com Deus, com eles mesmos e com o pr\u00f3ximo, a partir dos ensinamentos de S\u00e3o Francisco de Assis.\u00a0<\/span><\/p>\n<p><span style=\"font-weight: 400;\">No percurso, \u00e9 necess\u00e1rio o desprendimento de tudo o que aprisiona e impede o ser humano de viver em profunda comunh\u00e3o com Deus. Por outro lado, \u00e9 importante o ac\u00famulo de sabedoria por meio dos estudos e das experi\u00eancias de vida. Justamente por isso, a Prov\u00edncia Franciscana da Imaculada Concei\u00e7\u00e3o do Brasil favorece aos vocacionados a diversidade de experi\u00eancias para os frades em forma\u00e7\u00e3o. Nesse contexto, a vida em comunidade e o contato com a f\u00e9 do povo s\u00e3o fundamentais.<\/span><\/p>\n<p><img loading=\"lazy\" class=\"size-medium wp-image-246989 alignleft\" src=\"https:\/\/franciscanos.org.br\/noticias\/wp-content\/uploads\/2024\/04\/FESTA-DA-PENHA-9-450x300.jpg\" alt=\"\" width=\"450\" height=\"300\" srcset=\"https:\/\/franciscanos.org.br\/noticias\/wp-content\/uploads\/2024\/04\/FESTA-DA-PENHA-9-450x300.jpg 450w, https:\/\/franciscanos.org.br\/noticias\/wp-content\/uploads\/2024\/04\/FESTA-DA-PENHA-9-1024x683.jpg 1024w, https:\/\/franciscanos.org.br\/noticias\/wp-content\/uploads\/2024\/04\/FESTA-DA-PENHA-9-768x512.jpg 768w, https:\/\/franciscanos.org.br\/noticias\/wp-content\/uploads\/2024\/04\/FESTA-DA-PENHA-9-1536x1024.jpg 1536w, https:\/\/franciscanos.org.br\/noticias\/wp-content\/uploads\/2024\/04\/FESTA-DA-PENHA-9-2048x1365.jpg 2048w, https:\/\/franciscanos.org.br\/noticias\/wp-content\/uploads\/2024\/04\/FESTA-DA-PENHA-9-150x100.jpg 150w, https:\/\/franciscanos.org.br\/noticias\/wp-content\/uploads\/2024\/04\/FESTA-DA-PENHA-9-scaled.jpg 1620w\" sizes=\"(max-width: 450px) 100vw, 450px\" \/><\/p>\n<p><span style=\"font-weight: 400;\">Neste ano, tr\u00eas p\u00f3s-novi\u00e7os est\u00e3o na Festa de Nossa Senhora da Penha para viver uma experi\u00eancia e sentir de perto o quanto a religiosidade popular traduz a ess\u00eancia da verdadeira humildade e entrega a devo\u00e7\u00e3o \u00e0 m\u00e3e de Jesus Cristo. S\u00e3o eles: Frei Felipe Fernando de Noronha, Frei Cristian dos Santos Lopes, residentes no Convento S\u00e3o Boa Ventura, em Campo Largo (PR); e Frei Vin\u00edcius de Oliveira Betim, que atualmente cumpre seu ano mission\u00e1rio, em Colatina (ES). Esta \u00e9 a primeira vez que vocacionados, nessa fase de forma\u00e7\u00e3o, deixam\u00a0 a resid\u00eancia de\u00a0 saem para a viv\u00eancia externa.<\/span><\/p>\n<p><span style=\"font-weight: 400;\">\u201cNos \u00faltimos anos, a Prov\u00edncia vem discutindo o seu processo formativo como um todo. No F\u00f3rum de Forma\u00e7\u00e3o constatamos que \u00e9 necess\u00e1rio rever o processo formativo inicial e tamb\u00e9m o permanente. Com o fechamento do curso de Filosofia na FAE, os freis Cristian e Frei Felipe iniciaram uma caminhada diferente no p\u00f3s-noviciado. H\u00e1 um anseio que vai al\u00e9m da forma\u00e7\u00e3o intelectual, \u00e9 necess\u00e1rio um contato mais pr\u00f3ximo \u00e0s realidades das nossas frentes de evangeliza\u00e7\u00e3o\u201d, explicou o mestre, Frei\u00a0 Roger Strapazzon.<\/span><\/p>\n<p><span style=\"font-weight: 400;\">Segundo ele, a presen\u00e7a dos frades jovens em um evento t\u00e3o significativo da Prov\u00edncia Franciscana da Imaculada Concei\u00e7\u00e3o do Brasil, como \u00e9 o caso da Festa da Penha, refor\u00e7a que o processo formativo \u00e9 cont\u00ednuo. \u201cA conviv\u00eancia mais pr\u00f3xima da realidade do povo, permite sensibilizar o formando de que o Evangelho \u00e9 vida, com suas lutas e conquistas, dores e alegrias, ang\u00fastias e esperan\u00e7as. Rompe com as estruturas e permite que sejamos criativos para anunciar a paz e o bem\u201d, salientou.<\/span><\/p>\n<p><span style=\"font-weight: 400;\">Frei Cristian,de 28 anos, acredita que \u00e9 importante para a sua forma\u00e7\u00e3o estar num espa\u00e7o sagrado que carrega fortemente o carisma franciscano, em momentos fortes que envolvem a Prov\u00edncia. \u201cAqui \u00e9 um local onde os frades est\u00e3o presentes h\u00e1 muitos anos, e conviver com os outros confrades que moram e vivem essa experi\u00eancia no seu cotidiano \u00e9 muito importante. Al\u00e9m disso, aqui podemos experimentar a religiosidade popular do povo. Creio que isso enriquece muito a nossa caminhada vocacional. O contato com o outro faz toda a diferen\u00e7a em nossa caminhada\u201d.<\/span><\/p>\n<p><span style=\"font-weight: 400;\">De acordo com ele, a viv\u00eancia da f\u00e9, porque a forma\u00e7\u00e3o te\u00f3rica, por si s\u00f3, n\u00e3o se sustenta. A nossa vida franciscana, conforme disse S\u00e3o Francisco, deve usar a ci\u00eancia para o bem comum e \u00fatil. Por isso, n\u00e3o h\u00e1 nada mais \u00fatil que conhecer o outro. Acabamos de sair do noviciado, ent\u00e3o esse contato enriquece muito tudo o que aprendemos na sala de aula\u201d, afirmou.<\/span><\/p>\n<p><img loading=\"lazy\" class=\"size-medium wp-image-246995 alignright\" src=\"https:\/\/franciscanos.org.br\/noticias\/wp-content\/uploads\/2024\/04\/IMG-20240405-WA0066-337x450.jpg\" alt=\"\" width=\"337\" height=\"450\" srcset=\"https:\/\/franciscanos.org.br\/noticias\/wp-content\/uploads\/2024\/04\/IMG-20240405-WA0066-337x450.jpg 337w, https:\/\/franciscanos.org.br\/noticias\/wp-content\/uploads\/2024\/04\/IMG-20240405-WA0066-767x1024.jpg 767w, https:\/\/franciscanos.org.br\/noticias\/wp-content\/uploads\/2024\/04\/IMG-20240405-WA0066-768x1026.jpg 768w, https:\/\/franciscanos.org.br\/noticias\/wp-content\/uploads\/2024\/04\/IMG-20240405-WA0066-150x200.jpg 150w, https:\/\/franciscanos.org.br\/noticias\/wp-content\/uploads\/2024\/04\/IMG-20240405-WA0066.jpg 809w\" sizes=\"(max-width: 337px) 100vw, 337px\" \/><\/p>\n<p><span style=\"font-weight: 400;\">O frade comentou que este ano, os frades do p\u00f3s-noviciado est\u00e3o passando por uma nova experi\u00eancia de caminhada formativa. \u201cEstamos morando em Campo Largo (PR), e estudando tamb\u00e9m virtualmente. Fazemos o curso de espanhol, oferecido pelo Col\u00e9gio Bom Jesus, temos tamb\u00e9m as atividades de estudo internas sobre os documentos da Ordem, introdu\u00e7\u00e3o ao pensar, e tamb\u00e9m estamos cursando aulas sobre a geografia franciscana no formato online. Tudo isso possibilita ter a gra\u00e7a de estar aqui na Penha e, ao mesmo tempo, n\u00e3o parar com nossa forma\u00e7\u00e3o te\u00f3rica\u201d, explicou.<\/span><\/p>\n<p><span style=\"font-weight: 400;\">Para Frei Felipe, de 23 anos, estar na Festa da Penha significa uma oportunidade marcante no processo da sua forma\u00e7\u00e3o de poder desfrutar da realidade da Prov\u00edncia. \u201cSabemos das festas em nossas casas, mas, uma coisa \u00e9 conhecer e a outra \u00e9 viver. Por isso, essa \u00e9 uma oportunidade grandiosa de podermos viver a realidade, conviver, trabalhar e ver de perto o trabalho da Prov\u00edncia e a grandeza desses momentos de poder estar com o povo de Deus\u201d.<\/span><\/p>\n<p><span style=\"font-weight: 400;\">Segundo ele, o fato de estar na Festa da Penha representa uma confian\u00e7a da prov\u00edncia e tamb\u00e9m um carinho dos mestres e demais lideran\u00e7as de saber da import\u00e2ncia dos eventos e permitir\u00a0 que os novos frades participem desses grandes momentos. \u201cEssa \u00e9 uma nova modalidade de forma\u00e7\u00e3o, onde trabalhamos e vemos como as coisas funcionam. O jeito de formar muda um pouco para fortalecer ainda mais a nossa caminhada\u201d.<\/span><\/p>\n<p><span style=\"font-weight: 400;\">J\u00e1 Frei Vin\u00edcius de Oliveira Betim, de 24 anos, que vive as adapta\u00e7\u00f5es da etapa formativa que atualmente est\u00e1 em seu ano mission\u00e1rio, tamb\u00e9m considerada p\u00f3s-noviciado, acredita que a Festa de Nossa Senhora da Penha \u00e9 muito importante no processo de forma\u00e7\u00e3o religiosa dos frades porque \u00e9 algo vivenciado. \u201cPodemos muitas vezes ler o livro sobre a hist\u00f3ria, ouvir e ver pelas redes sociais como \u00e9, mas, estar ali junto e partilhar da f\u00e9 do povo capixaba \u00e9 bem importante para a forma\u00e7\u00e3o, pois agrega em nossa caminhada. Muito mais que dar assist\u00eancia, n\u00f3s vivenciamos a festa com os devotos da Senhora da Penha\u201d, explicou.<\/span><\/p>\n<p><img loading=\"lazy\" class=\"aligncenter wp-image-246988 size-full\" src=\"https:\/\/franciscanos.org.br\/noticias\/wp-content\/uploads\/2024\/04\/FESTA-DA-PENHA-8-scaled.jpg\" alt=\"\" width=\"1620\" height=\"1080\" srcset=\"https:\/\/franciscanos.org.br\/noticias\/wp-content\/uploads\/2024\/04\/FESTA-DA-PENHA-8-scaled.jpg 1620w, https:\/\/franciscanos.org.br\/noticias\/wp-content\/uploads\/2024\/04\/FESTA-DA-PENHA-8-450x300.jpg 450w, https:\/\/franciscanos.org.br\/noticias\/wp-content\/uploads\/2024\/04\/FESTA-DA-PENHA-8-1024x683.jpg 1024w, https:\/\/franciscanos.org.br\/noticias\/wp-content\/uploads\/2024\/04\/FESTA-DA-PENHA-8-768x512.jpg 768w, https:\/\/franciscanos.org.br\/noticias\/wp-content\/uploads\/2024\/04\/FESTA-DA-PENHA-8-1536x1024.jpg 1536w, https:\/\/franciscanos.org.br\/noticias\/wp-content\/uploads\/2024\/04\/FESTA-DA-PENHA-8-2048x1365.jpg 2048w, https:\/\/franciscanos.org.br\/noticias\/wp-content\/uploads\/2024\/04\/FESTA-DA-PENHA-8-150x100.jpg 150w\" sizes=\"(max-width: 1620px) 100vw, 1620px\" \/><\/p>\n<p><b>Servi\u00e7o de Anima\u00e7\u00e3o Vocacional<\/b><\/p>\n<p><span style=\"font-weight: 400;\">Al\u00e9m da viv\u00eancia com os devotos de Nossa Senhora da Penha, os frades tamb\u00e9m est\u00e3o atendendo interessados em ingressar na vida religiosa e devotos que desejam contribuir com as a\u00e7\u00f5es vocacionais, no Campinho do Convento da Penha..<\/span><\/p>\n<p><span style=\"font-weight: 400;\">De acordo com Frei Je\u00e3 Paulo Andrade, do Servi\u00e7o de Anima\u00e7\u00e3o Vocacional (SAV), a festa da Penha tem um alcance enorme em todo o estado do Esp\u00edrito Santo. Tamb\u00e9m entre os mais jovens. \u201cQuando esses jovens chegam aqui no Convento e encontram frades jovens pode haver uma identifica\u00e7\u00e3o maior. Talvez os jovens consigam se imaginar tamb\u00e9m como frades franciscanos\u201d.<\/span><\/p>\n<p><img loading=\"lazy\" class=\"size-medium wp-image-246992 alignleft\" src=\"https:\/\/franciscanos.org.br\/noticias\/wp-content\/uploads\/2024\/04\/IMG_20240402_152848399_BURST002-338x450.jpg\" alt=\"\" width=\"338\" height=\"450\" srcset=\"https:\/\/franciscanos.org.br\/noticias\/wp-content\/uploads\/2024\/04\/IMG_20240402_152848399_BURST002-338x450.jpg 338w, https:\/\/franciscanos.org.br\/noticias\/wp-content\/uploads\/2024\/04\/IMG_20240402_152848399_BURST002-768x1024.jpg 768w, https:\/\/franciscanos.org.br\/noticias\/wp-content\/uploads\/2024\/04\/IMG_20240402_152848399_BURST002-1152x1536.jpg 1152w, https:\/\/franciscanos.org.br\/noticias\/wp-content\/uploads\/2024\/04\/IMG_20240402_152848399_BURST002-1536x2048.jpg 1536w, https:\/\/franciscanos.org.br\/noticias\/wp-content\/uploads\/2024\/04\/IMG_20240402_152848399_BURST002-150x200.jpg 150w, https:\/\/franciscanos.org.br\/noticias\/wp-content\/uploads\/2024\/04\/IMG_20240402_152848399_BURST002-scaled.jpg 810w\" sizes=\"(max-width: 338px) 100vw, 338px\" \/><\/p>\n<p><span style=\"font-weight: 400;\">O frade explicou que este \u00e9 o terceiro ano que o Servi\u00e7o de Anima\u00e7\u00e3o Vocacional tem um espa\u00e7o franciscano durante a festa. \u201c\u00c9 uma oportunidade para conversar com mais calma com os devotos de Nossa Senhora Penha e tamb\u00e9m para acolher alguns jovens que tenham d\u00favidas sobre sua voca\u00e7\u00e3o, sobre S\u00e3o Francisco ou mesmo do que \u00e9 ser frade menor. Al\u00e9m disso, nesse espa\u00e7o podemos conversar, acolher os nossos benfeitores do Pr\u00f3-Voca\u00e7\u00f5es e Miss\u00f5es Franciscanas e fazer novos cadastros de pessoas que s\u00e3o simpatizantes do carisma e querem ajudar na forma\u00e7\u00e3o dos futuros frades\u201d, salienta.<\/span><\/p>\n<p><span style=\"font-weight: 400;\">\u201cOs frades que rec\u00e9m sa\u00edram do noviciado est\u00e3o cheios do vigor do carisma franciscano e imagino que podem transmitir aos jovens de forma ainda mais contundente a alegria e beleza de ser consagrado. \u00c9 uma alegria poder contar com a presen\u00e7a de alguns dos jovens frades de nossa prov\u00edncia na festa desse ano\u201d, disse o frade do SAV<\/span><\/p>\n<p><span style=\"font-weight: 400;\">Dentre as experi\u00eancias vividas pelos frades, durante a Festa da Penha, est\u00e1 tamb\u00e9m a b\u00ean\u00e7\u00e3o de objetos, ato constantemente solicitado pelos devotos. Homens e mulheres, idosos e jovens, assim como as crian\u00e7as sentem-se felizes e acolhidos com a presen\u00e7a dos vocacionados. Nesse ambiente\u00a0 de f\u00e9 e devo\u00e7\u00e3o\u00a0 os jovens frades\u00a0 vivem suas experi\u00eancias inspirados por S\u00e3o Francisco de Assis, assim como fez Frei Pedro Pal\u00e1cios, desde que chegou a Vila Velha (ES), em 1558, trazendo a devo\u00e7\u00e3o a Nossa Senhora das Alegrias, a Santa da Penha.<\/span><\/p>\n<hr \/>\n<p><em>Adriana Rodrigues<\/em><\/p>\n<p>&nbsp;<\/p>\n\n\t\t<style type=\"text\/css\">\n\t\t\t#gallery-1 {\n\t\t\t\tmargin: auto;\n\t\t\t}\n\t\t\t#gallery-1 .gallery-item {\n\t\t\t\tfloat: left;\n\t\t\t\tmargin-top: 10px;\n\t\t\t\ttext-align: center;\n\t\t\t\twidth: 33%;\n\t\t\t}\n\t\t\t#gallery-1 img {\n\t\t\t\tborder: 2px solid #cfcfcf;\n\t\t\t}\n\t\t\t#gallery-1 .gallery-caption {\n\t\t\t\tmargin-left: 0;\n\t\t\t}\n\t\t\t\/* see gallery_shortcode() in wp-includes\/media.php *\/\n\t\t<\/style>\n\t\t<div id='gallery-1' class='gallery galleryid-246979 gallery-columns-3 gallery-size-thumbnail'><dl class='gallery-item'>\n\t\t\t<dt class='gallery-icon landscape'>\n\t\t\t\t<a href='https:\/\/franciscanos.org.br\/noticias\/wp-content\/uploads\/2024\/04\/FESTA-DA-PENHA-9-scaled.jpg'><img width=\"300\" height=\"300\" src=\"https:\/\/franciscanos.org.br\/noticias\/wp-content\/uploads\/2024\/04\/FESTA-DA-PENHA-9-300x300.jpg\" class=\"attachment-thumbnail size-thumbnail\" alt=\"\" loading=\"lazy\" srcset=\"https:\/\/franciscanos.org.br\/noticias\/wp-content\/uploads\/2024\/04\/FESTA-DA-PENHA-9-300x300.jpg 300w, https:\/\/franciscanos.org.br\/noticias\/wp-content\/uploads\/2024\/04\/FESTA-DA-PENHA-9-100x100.jpg 100w\" sizes=\"(max-width: 300px) 100vw, 300px\" \/><\/a>\n\t\t\t<\/dt><\/dl><dl class='gallery-item'>\n\t\t\t<dt class='gallery-icon landscape'>\n\t\t\t\t<a href='https:\/\/franciscanos.org.br\/noticias\/wp-content\/uploads\/2024\/04\/FESTA-DA-PENHA-8-scaled.jpg'><img width=\"300\" height=\"300\" src=\"https:\/\/franciscanos.org.br\/noticias\/wp-content\/uploads\/2024\/04\/FESTA-DA-PENHA-8-300x300.jpg\" class=\"attachment-thumbnail size-thumbnail\" alt=\"\" loading=\"lazy\" srcset=\"https:\/\/franciscanos.org.br\/noticias\/wp-content\/uploads\/2024\/04\/FESTA-DA-PENHA-8-300x300.jpg 300w, https:\/\/franciscanos.org.br\/noticias\/wp-content\/uploads\/2024\/04\/FESTA-DA-PENHA-8-100x100.jpg 100w\" sizes=\"(max-width: 300px) 100vw, 300px\" \/><\/a>\n\t\t\t<\/dt><\/dl><dl class='gallery-item'>\n\t\t\t<dt class='gallery-icon portrait'>\n\t\t\t\t<a href='https:\/\/franciscanos.org.br\/noticias\/wp-content\/uploads\/2024\/04\/FESTA-DA-PENHA-7-scaled.jpg'><img width=\"300\" height=\"300\" src=\"https:\/\/franciscanos.org.br\/noticias\/wp-content\/uploads\/2024\/04\/FESTA-DA-PENHA-7-300x300.jpg\" class=\"attachment-thumbnail size-thumbnail\" alt=\"\" loading=\"lazy\" srcset=\"https:\/\/franciscanos.org.br\/noticias\/wp-content\/uploads\/2024\/04\/FESTA-DA-PENHA-7-300x300.jpg 300w, https:\/\/franciscanos.org.br\/noticias\/wp-content\/uploads\/2024\/04\/FESTA-DA-PENHA-7-100x100.jpg 100w\" sizes=\"(max-width: 300px) 100vw, 300px\" \/><\/a>\n\t\t\t<\/dt><\/dl><br style=\"clear: both\" \/><dl class='gallery-item'>\n\t\t\t<dt class='gallery-icon landscape'>\n\t\t\t\t<a href='https:\/\/franciscanos.org.br\/noticias\/wp-content\/uploads\/2024\/04\/FESTA-DA-PENHA-1-scaled.jpg'><img width=\"300\" height=\"300\" src=\"https:\/\/franciscanos.org.br\/noticias\/wp-content\/uploads\/2024\/04\/FESTA-DA-PENHA-1-300x300.jpg\" class=\"attachment-thumbnail size-thumbnail\" alt=\"\" loading=\"lazy\" srcset=\"https:\/\/franciscanos.org.br\/noticias\/wp-content\/uploads\/2024\/04\/FESTA-DA-PENHA-1-300x300.jpg 300w, https:\/\/franciscanos.org.br\/noticias\/wp-content\/uploads\/2024\/04\/FESTA-DA-PENHA-1-100x100.jpg 100w\" sizes=\"(max-width: 300px) 100vw, 300px\" \/><\/a>\n\t\t\t<\/dt><\/dl><dl class='gallery-item'>\n\t\t\t<dt class='gallery-icon portrait'>\n\t\t\t\t<a href='https:\/\/franciscanos.org.br\/noticias\/wp-content\/uploads\/2024\/04\/IMG_20240402_150706572_HDR-scaled.jpg'><img width=\"300\" height=\"300\" src=\"https:\/\/franciscanos.org.br\/noticias\/wp-content\/uploads\/2024\/04\/IMG_20240402_150706572_HDR-300x300.jpg\" class=\"attachment-thumbnail size-thumbnail\" alt=\"\" loading=\"lazy\" srcset=\"https:\/\/franciscanos.org.br\/noticias\/wp-content\/uploads\/2024\/04\/IMG_20240402_150706572_HDR-300x300.jpg 300w, https:\/\/franciscanos.org.br\/noticias\/wp-content\/uploads\/2024\/04\/IMG_20240402_150706572_HDR-100x100.jpg 100w\" sizes=\"(max-width: 300px) 100vw, 300px\" \/><\/a>\n\t\t\t<\/dt><\/dl><dl class='gallery-item'>\n\t\t\t<dt class='gallery-icon portrait'>\n\t\t\t\t<a href='https:\/\/franciscanos.org.br\/noticias\/wp-content\/uploads\/2024\/04\/IMG_20240402_152848399_BURST002-1-scaled.jpg'><img width=\"300\" height=\"300\" src=\"https:\/\/franciscanos.org.br\/noticias\/wp-content\/uploads\/2024\/04\/IMG_20240402_152848399_BURST002-1-300x300.jpg\" class=\"attachment-thumbnail size-thumbnail\" alt=\"\" loading=\"lazy\" srcset=\"https:\/\/franciscanos.org.br\/noticias\/wp-content\/uploads\/2024\/04\/IMG_20240402_152848399_BURST002-1-300x300.jpg 300w, https:\/\/franciscanos.org.br\/noticias\/wp-content\/uploads\/2024\/04\/IMG_20240402_152848399_BURST002-1-100x100.jpg 100w\" sizes=\"(max-width: 300px) 100vw, 300px\" \/><\/a>\n\t\t\t<\/dt><\/dl><br style=\"clear: both\" \/><dl class='gallery-item'>\n\t\t\t<dt class='gallery-icon portrait'>\n\t\t\t\t<a href='https:\/\/franciscanos.org.br\/noticias\/wp-content\/uploads\/2024\/04\/IMG-20240405-WA0066.jpg'><img width=\"300\" height=\"300\" src=\"https:\/\/franciscanos.org.br\/noticias\/wp-content\/uploads\/2024\/04\/IMG-20240405-WA0066-300x300.jpg\" class=\"attachment-thumbnail size-thumbnail\" alt=\"\" loading=\"lazy\" srcset=\"https:\/\/franciscanos.org.br\/noticias\/wp-content\/uploads\/2024\/04\/IMG-20240405-WA0066-300x300.jpg 300w, https:\/\/franciscanos.org.br\/noticias\/wp-content\/uploads\/2024\/04\/IMG-20240405-WA0066-100x100.jpg 100w\" sizes=\"(max-width: 300px) 100vw, 300px\" \/><\/a>\n\t\t\t<\/dt><\/dl>\n\t\t\t<br style='clear: both' \/>\n\t\t<\/div>\n\n","protected":false},"excerpt":{"rendered":"<p>Festa da Penha 2024<\/p>\n","protected":false},"author":10,"featured_media":246981,"comment_status":"open","ping_status":"open","sticky":false,"template":"","format":"standard","meta":[],"categories":[1],"tags":[245,2195],"acf":[],"yoast_head":"<!-- This site is optimized with the Yoast SEO plugin v19.2 - https:\/\/yoast.com\/wordpress\/plugins\/seo\/ -->\n<title>Forma\u00e7\u00e3o em partilha e comunh\u00e3o com o pr\u00f3ximo na Festa da Penha - Not\u00edcias - Franciscanos<\/title>\n<meta name=\"robots\" content=\"index, follow, max-snippet:-1, max-image-preview:large, max-video-preview:-1\" \/>\n<link rel=\"canonical\" href=\"https:\/\/franciscanos.org.br\/noticias\/formacao-em-partilha-e-comunhao-com-o-proximo-na-festa-da-penha.html\" \/>\n<meta property=\"og:locale\" content=\"pt_BR\" \/>\n<meta property=\"og:type\" content=\"article\" \/>\n<meta property=\"og:title\" content=\"Forma\u00e7\u00e3o em partilha e comunh\u00e3o com o pr\u00f3ximo na Festa da Penha - Not\u00edcias - Franciscanos\" \/>\n<meta property=\"og:description\" content=\"Festa da Penha 2024\" \/>\n<meta property=\"og:url\" content=\"https:\/\/franciscanos.org.br\/noticias\/formacao-em-partilha-e-comunhao-com-o-proximo-na-festa-da-penha.html\" \/>\n<meta property=\"og:site_name\" content=\"Not\u00edcias - Franciscanos\" \/>\n<meta property=\"article:published_time\" content=\"2024-04-05T20:06:35+00:00\" \/>\n<meta property=\"article:modified_time\" content=\"2024-04-05T23:02:51+00:00\" \/>\n<meta property=\"og:image\" content=\"https:\/\/franciscanos.org.br\/noticias\/wp-content\/uploads\/2024\/04\/FESTA-DA-PENHA-1-scaled.jpg\" \/>\n\t<meta property=\"og:image:width\" content=\"1620\" \/>\n\t<meta property=\"og:image:height\" content=\"1080\" \/>\n\t<meta property=\"og:image:type\" content=\"image\/jpeg\" \/>\n<meta name=\"author\" content=\"Jo\u00e3o Vitor\" \/>\n<meta name=\"twitter:card\" content=\"summary_large_image\" \/>\n<meta name=\"twitter:label1\" content=\"Escrito por\" \/>\n\t<meta name=\"twitter:data1\" content=\"Jo\u00e3o Vitor\" \/>\n\t<meta name=\"twitter:label2\" content=\"Est. tempo de leitura\" \/>\n\t<meta name=\"twitter:data2\" content=\"7 minutos\" \/>\n<script type=\"application\/ld+json\" class=\"yoast-schema-graph\">{\"@context\":\"https:\/\/schema.org\",\"@graph\":[{\"@type\":\"WebSite\",\"@id\":\"https:\/\/franciscanos.org.br\/noticias\/#website\",\"url\":\"https:\/\/franciscanos.org.br\/noticias\/\",\"name\":\"Not\u00edcias - Franciscanos\",\"description\":\"Prov\u00edncia Franciscana da Imaculada Concei\u00e7\u00e3o do Brasil - Ordem dos Frades Menores - OFM\",\"potentialAction\":[{\"@type\":\"SearchAction\",\"target\":{\"@type\":\"EntryPoint\",\"urlTemplate\":\"https:\/\/franciscanos.org.br\/noticias\/?s={search_term_string}\"},\"query-input\":\"required name=search_term_string\"}],\"inLanguage\":\"pt-BR\"},{\"@type\":\"ImageObject\",\"inLanguage\":\"pt-BR\",\"@id\":\"https:\/\/franciscanos.org.br\/noticias\/formacao-em-partilha-e-comunhao-com-o-proximo-na-festa-da-penha.html#primaryimage\",\"url\":\"https:\/\/franciscanos.org.br\/noticias\/wp-content\/uploads\/2024\/04\/FESTA-DA-PENHA-1-scaled.jpg\",\"contentUrl\":\"https:\/\/franciscanos.org.br\/noticias\/wp-content\/uploads\/2024\/04\/FESTA-DA-PENHA-1-scaled.jpg\",\"width\":1620,\"height\":1080},{\"@type\":\"WebPage\",\"@id\":\"https:\/\/franciscanos.org.br\/noticias\/formacao-em-partilha-e-comunhao-com-o-proximo-na-festa-da-penha.html#webpage\",\"url\":\"https:\/\/franciscanos.org.br\/noticias\/formacao-em-partilha-e-comunhao-com-o-proximo-na-festa-da-penha.html\",\"name\":\"Forma\u00e7\u00e3o em partilha e comunh\u00e3o com o pr\u00f3ximo na Festa da Penha - Not\u00edcias - Franciscanos\",\"isPartOf\":{\"@id\":\"https:\/\/franciscanos.org.br\/noticias\/#website\"},\"primaryImageOfPage\":{\"@id\":\"https:\/\/franciscanos.org.br\/noticias\/formacao-em-partilha-e-comunhao-com-o-proximo-na-festa-da-penha.html#primaryimage\"},\"datePublished\":\"2024-04-05T20:06:35+00:00\",\"dateModified\":\"2024-04-05T23:02:51+00:00\",\"author\":{\"@id\":\"https:\/\/franciscanos.org.br\/noticias\/#\/schema\/person\/8c11f06a466b856a11dd48d20600055f\"},\"breadcrumb\":{\"@id\":\"https:\/\/franciscanos.org.br\/noticias\/formacao-em-partilha-e-comunhao-com-o-proximo-na-festa-da-penha.html#breadcrumb\"},\"inLanguage\":\"pt-BR\",\"potentialAction\":[{\"@type\":\"ReadAction\",\"target\":[\"https:\/\/franciscanos.org.br\/noticias\/formacao-em-partilha-e-comunhao-com-o-proximo-na-festa-da-penha.html\"]}]},{\"@type\":\"BreadcrumbList\",\"@id\":\"https:\/\/franciscanos.org.br\/noticias\/formacao-em-partilha-e-comunhao-com-o-proximo-na-festa-da-penha.html#breadcrumb\",\"itemListElement\":[{\"@type\":\"ListItem\",\"position\":1,\"name\":\"Home\",\"item\":\"https:\/\/franciscanos.org.br\/noticias\"},{\"@type\":\"ListItem\",\"position\":2,\"name\":\"Forma\u00e7\u00e3o em partilha e comunh\u00e3o com o pr\u00f3ximo na Festa da Penha\"}]},{\"@type\":\"Person\",\"@id\":\"https:\/\/franciscanos.org.br\/noticias\/#\/schema\/person\/8c11f06a466b856a11dd48d20600055f\",\"name\":\"Jo\u00e3o Vitor\",\"image\":{\"@type\":\"ImageObject\",\"inLanguage\":\"pt-BR\",\"@id\":\"https:\/\/franciscanos.org.br\/noticias\/#\/schema\/person\/image\/\",\"url\":\"https:\/\/secure.gravatar.com\/avatar\/10ba5c9713e0c323617b4309a19e3a46?s=96&d=mm&r=g\",\"contentUrl\":\"https:\/\/secure.gravatar.com\/avatar\/10ba5c9713e0c323617b4309a19e3a46?s=96&d=mm&r=g\",\"caption\":\"Jo\u00e3o Vitor\"},\"url\":\"https:\/\/franciscanos.org.br\/noticias\/author\/joaovitor\"}]}<\/script>\n<!-- \/ Yoast SEO plugin. -->","yoast_head_json":{"title":"Forma\u00e7\u00e3o em partilha e comunh\u00e3o com o pr\u00f3ximo na Festa da Penha - Not\u00edcias - Franciscanos","robots":{"index":"index","follow":"follow","max-snippet":"max-snippet:-1","max-image-preview":"max-image-preview:large","max-video-preview":"max-video-preview:-1"},"canonical":"https:\/\/franciscanos.org.br\/noticias\/formacao-em-partilha-e-comunhao-com-o-proximo-na-festa-da-penha.html","og_locale":"pt_BR","og_type":"article","og_title":"Forma\u00e7\u00e3o em partilha e comunh\u00e3o com o pr\u00f3ximo na Festa da Penha - Not\u00edcias - Franciscanos","og_description":"Festa da Penha 2024","og_url":"https:\/\/franciscanos.org.br\/noticias\/formacao-em-partilha-e-comunhao-com-o-proximo-na-festa-da-penha.html","og_site_name":"Not\u00edcias - Franciscanos","article_published_time":"2024-04-05T20:06:35+00:00","article_modified_time":"2024-04-05T23:02:51+00:00","og_image":[{"width":1620,"height":1080,"url":"https:\/\/franciscanos.org.br\/noticias\/wp-content\/uploads\/2024\/04\/FESTA-DA-PENHA-1-scaled.jpg","type":"image\/jpeg"}],"author":"Jo\u00e3o Vitor","twitter_card":"summary_large_image","twitter_misc":{"Escrito por":"Jo\u00e3o Vitor","Est. tempo de leitura":"7 minutos"},"schema":{"@context":"https:\/\/schema.org","@graph":[{"@type":"WebSite","@id":"https:\/\/franciscanos.org.br\/noticias\/#website","url":"https:\/\/franciscanos.org.br\/noticias\/","name":"Not\u00edcias - Franciscanos","description":"Prov\u00edncia Franciscana da Imaculada Concei\u00e7\u00e3o do Brasil - Ordem dos Frades Menores - OFM","potentialAction":[{"@type":"SearchAction","target":{"@type":"EntryPoint","urlTemplate":"https:\/\/franciscanos.org.br\/noticias\/?s={search_term_string}"},"query-input":"required name=search_term_string"}],"inLanguage":"pt-BR"},{"@type":"ImageObject","inLanguage":"pt-BR","@id":"https:\/\/franciscanos.org.br\/noticias\/formacao-em-partilha-e-comunhao-com-o-proximo-na-festa-da-penha.html#primaryimage","url":"https:\/\/franciscanos.org.br\/noticias\/wp-content\/uploads\/2024\/04\/FESTA-DA-PENHA-1-scaled.jpg","contentUrl":"https:\/\/franciscanos.org.br\/noticias\/wp-content\/uploads\/2024\/04\/FESTA-DA-PENHA-1-scaled.jpg","width":1620,"height":1080},{"@type":"WebPage","@id":"https:\/\/franciscanos.org.br\/noticias\/formacao-em-partilha-e-comunhao-com-o-proximo-na-festa-da-penha.html#webpage","url":"https:\/\/franciscanos.org.br\/noticias\/formacao-em-partilha-e-comunhao-com-o-proximo-na-festa-da-penha.html","name":"Forma\u00e7\u00e3o em partilha e comunh\u00e3o com o pr\u00f3ximo na Festa da Penha - Not\u00edcias - Franciscanos","isPartOf":{"@id":"https:\/\/franciscanos.org.br\/noticias\/#website"},"primaryImageOfPage":{"@id":"https:\/\/franciscanos.org.br\/noticias\/formacao-em-partilha-e-comunhao-com-o-proximo-na-festa-da-penha.html#primaryimage"},"datePublished":"2024-04-05T20:06:35+00:00","dateModified":"2024-04-05T23:02:51+00:00","author":{"@id":"https:\/\/franciscanos.org.br\/noticias\/#\/schema\/person\/8c11f06a466b856a11dd48d20600055f"},"breadcrumb":{"@id":"https:\/\/franciscanos.org.br\/noticias\/formacao-em-partilha-e-comunhao-com-o-proximo-na-festa-da-penha.html#breadcrumb"},"inLanguage":"pt-BR","potentialAction":[{"@type":"ReadAction","target":["https:\/\/franciscanos.org.br\/noticias\/formacao-em-partilha-e-comunhao-com-o-proximo-na-festa-da-penha.html"]}]},{"@type":"BreadcrumbList","@id":"https:\/\/franciscanos.org.br\/noticias\/formacao-em-partilha-e-comunhao-com-o-proximo-na-festa-da-penha.html#breadcrumb","itemListElement":[{"@type":"ListItem","position":1,"name":"Home","item":"https:\/\/franciscanos.org.br\/noticias"},{"@type":"ListItem","position":2,"name":"Forma\u00e7\u00e3o em partilha e comunh\u00e3o com o pr\u00f3ximo na Festa da Penha"}]},{"@type":"Person","@id":"https:\/\/franciscanos.org.br\/noticias\/#\/schema\/person\/8c11f06a466b856a11dd48d20600055f","name":"Jo\u00e3o Vitor","image":{"@type":"ImageObject","inLanguage":"pt-BR","@id":"https:\/\/franciscanos.org.br\/noticias\/#\/schema\/person\/image\/","url":"https:\/\/secure.gravatar.com\/avatar\/10ba5c9713e0c323617b4309a19e3a46?s=96&d=mm&r=g","contentUrl":"https:\/\/secure.gravatar.com\/avatar\/10ba5c9713e0c323617b4309a19e3a46?s=96&d=mm&r=g","caption":"Jo\u00e3o Vitor"},"url":"https:\/\/franciscanos.org.br\/noticias\/author\/joaovitor"}]}},"_links":{"self":[{"href":"https:\/\/franciscanos.org.br\/noticias\/wp-json\/wp\/v2\/posts\/246979"}],"collection":[{"href":"https:\/\/franciscanos.org.br\/noticias\/wp-json\/wp\/v2\/posts"}],"about":[{"href":"https:\/\/franciscanos.org.br\/noticias\/wp-json\/wp\/v2\/types\/post"}],"author":[{"embeddable":true,"href":"https:\/\/franciscanos.org.br\/noticias\/wp-json\/wp\/v2\/users\/10"}],"replies":[{"embeddable":true,"href":"https:\/\/franciscanos.org.br\/noticias\/wp-json\/wp\/v2\/comments?post=246979"}],"version-history":[{"count":9,"href":"https:\/\/franciscanos.org.br\/noticias\/wp-json\/wp\/v2\/posts\/246979\/revisions"}],"predecessor-version":[{"id":247002,"href":"https:\/\/franciscanos.org.br\/noticias\/wp-json\/wp\/v2\/posts\/246979\/revisions\/247002"}],"wp:featuredmedia":[{"embeddable":true,"href":"https:\/\/franciscanos.org.br\/noticias\/wp-json\/wp\/v2\/media\/246981"}],"wp:attachment":[{"href":"https:\/\/franciscanos.org.br\/noticias\/wp-json\/wp\/v2\/media?parent=246979"}],"wp:term":[{"taxonomy":"category","embeddable":true,"href":"https:\/\/franciscanos.org.br\/noticias\/wp-json\/wp\/v2\/categories?post=246979"},{"taxonomy":"post_tag","embeddable":true,"href":"https:\/\/franciscanos.org.br\/noticias\/wp-json\/wp\/v2\/tags?post=246979"}],"curies":[{"name":"wp","href":"https:\/\/api.w.org\/{rel}","templated":true}]}}