{"id":246909,"date":"2024-04-03T19:03:03","date_gmt":"2024-04-03T22:03:03","guid":{"rendered":"https:\/\/franciscanos.org.br\/noticias\/?p=246909"},"modified":"2024-04-03T21:24:11","modified_gmt":"2024-04-04T00:24:11","slug":"marias-da-penha-unidas-pela-fe","status":"publish","type":"post","link":"https:\/\/franciscanos.org.br\/noticias\/marias-da-penha-unidas-pela-fe.html","title":{"rendered":"Marias da Penha: Unidas pela f\u00e9"},"content":{"rendered":"<p><img loading=\"lazy\" class=\"aligncenter wp-image-246922 size-full\" src=\"https:\/\/franciscanos.org.br\/noticias\/wp-content\/uploads\/2024\/04\/MG_6185-1.jpg\" alt=\"\" width=\"1280\" height=\"853\" srcset=\"https:\/\/franciscanos.org.br\/noticias\/wp-content\/uploads\/2024\/04\/MG_6185-1.jpg 1280w, https:\/\/franciscanos.org.br\/noticias\/wp-content\/uploads\/2024\/04\/MG_6185-1-450x300.jpg 450w, https:\/\/franciscanos.org.br\/noticias\/wp-content\/uploads\/2024\/04\/MG_6185-1-1024x682.jpg 1024w, https:\/\/franciscanos.org.br\/noticias\/wp-content\/uploads\/2024\/04\/MG_6185-1-768x512.jpg 768w, https:\/\/franciscanos.org.br\/noticias\/wp-content\/uploads\/2024\/04\/MG_6185-1-150x100.jpg 150w\" sizes=\"(max-width: 1280px) 100vw, 1280px\" \/><\/p>\n<p>Como flores elas chegam ao Campinho do Convento de Nossa Senhora da Penha para ecoar, em comunh\u00e3o, a for\u00e7a da f\u00e9. \u00a0Cantando, cheias de emo\u00e7\u00e3o, sorrindo e rezando s\u00e3o muitas as Marias que deixam suas casas e suas fam\u00edlias para louvar a M\u00e3e de Deus.\u00a0 Dentre tantas da Lourdes, \u00a0do Ros\u00e1rio, da Concei\u00e7\u00e3o e da Gl\u00f3ria est\u00e3o tamb\u00e9m as da Penha, aquelas que foram batizadas com o mesmo nome da\u00a0 santa de devo\u00e7\u00e3o.<\/p>\n<p>Assim como a m\u00e3e de Jesus Cristo, as Marias da Penha carregam tamb\u00e9m suas dores ang\u00fastias e preocupa\u00e7\u00f5es. Mas, quando chegam diante do altar os olhos brilham e o cora\u00e7\u00e3o fica cheio de alegria, pois sentem-se acolhidas nos bra\u00e7os da M\u00e3e. Al\u00e9m do nome, elas tamb\u00e9m carregam em comum a certeza de que Nossa Senhora da Penha \u00e9 ref\u00fagio, amor e for\u00e7a.<\/p>\n<div id=\"attachment_246918\" style=\"width: 347px\" class=\"wp-caption alignright\"><img aria-describedby=\"caption-attachment-246918\" loading=\"lazy\" class=\"wp-image-246918 size-medium\" src=\"https:\/\/franciscanos.org.br\/noticias\/wp-content\/uploads\/2024\/04\/MARIA-DA-PENHA-DE-OLIVEIRA-GONCALVEZ-337x450.jpg\" alt=\"\" width=\"337\" height=\"450\" srcset=\"https:\/\/franciscanos.org.br\/noticias\/wp-content\/uploads\/2024\/04\/MARIA-DA-PENHA-DE-OLIVEIRA-GONCALVEZ-337x450.jpg 337w, https:\/\/franciscanos.org.br\/noticias\/wp-content\/uploads\/2024\/04\/MARIA-DA-PENHA-DE-OLIVEIRA-GONCALVEZ-768x1024.jpg 768w, https:\/\/franciscanos.org.br\/noticias\/wp-content\/uploads\/2024\/04\/MARIA-DA-PENHA-DE-OLIVEIRA-GONCALVEZ-1152x1536.jpg 1152w, https:\/\/franciscanos.org.br\/noticias\/wp-content\/uploads\/2024\/04\/MARIA-DA-PENHA-DE-OLIVEIRA-GONCALVEZ-150x200.jpg 150w, https:\/\/franciscanos.org.br\/noticias\/wp-content\/uploads\/2024\/04\/MARIA-DA-PENHA-DE-OLIVEIRA-GONCALVEZ.jpg 810w\" sizes=\"(max-width: 337px) 100vw, 337px\" \/><p id=\"caption-attachment-246918\" class=\"wp-caption-text\">Maria da Penha de Oliveira Gon\u00e7alves<\/p><\/div>\n<p>\u201c\u00c0s vezes vou \u00e0 Capela do Convento. Chego e falo: \u2018Olha, eu n\u00e3o sei rezar, mas eu sei conversar. \u00d3 M\u00e3e, olha por mim, olha por minha fam\u00edlia, olha pelos desprezados, olha pelas crian\u00e7as, coloque fim nessas guerras porque o mundo precisa de paz\u201d. Maria da Penha de Oliveira Gon\u00e7alves, de 66 anos, moradora da Ilha das Flores (ES), carrega em seu nome a for\u00e7a da devo\u00e7\u00e3o de seus pais. Penha, como \u00e9 mais conhecida, \u00e9 presen\u00e7a constante na Festa da Senhora das Alegrias desde muito jovem. Para ela, Nossa Senhora \u00e9 uma m\u00e3e que oferece carinho e acolhimento em todos os momentos. \u201c Desde 1975, quando vim para c\u00e1, eu participo direto, fa\u00e7a chuva ou fa\u00e7a sol. Como participante do congo tamb\u00e9m j\u00e1 participei com meu grupo, e aprendi isso com minha m\u00e3e, que hoje tem 92 anos, e era Rainha do Congo do bairro Jo\u00e3o Neiva. Nossa Senhora da Penha \u00e9 tudo para mim, pois nunca me desamparou\u201d, afirmou.<\/p>\n<p>Com os olhos marejados, Maria da Penha Marchesi Huber, falou sobre sua devo\u00e7\u00e3o. A moradora da \u00c1rea Serrana do Esp\u00edrito Santo, de 62 anos, nascida em Guarapari, no dia 31 de outubro, recebeu o nome da santa de devo\u00e7\u00e3o da sua m\u00e3e. \u201c Pedimos a b\u00ean\u00e7\u00e3o da M\u00e3e da Penha e ela nunca deixa de atender a gente. Tenho uma neta e agora ganhei um neto que considero um milagre de Nossa Senhora da Penha\u201d. Com a voz embargada e ao lado de seu esposo, C\u00e9sar Pedro Huber, tamb\u00e9m muito emocionado, ela contou que ap\u00f3s muita ora\u00e7\u00e3o sua nora conseguia engravidar. \u201cNossa Senhora da Penha nos ouviu e meu neto nasceu em fevereiro deste ano. No s\u00e1bado, meu filho estar\u00e1 na Romaria das Fam\u00edlias para agradecer a Nossa Senhora da Penha\u201d, disse emocionada.<\/p>\n<div id=\"attachment_246920\" style=\"width: 1290px\" class=\"wp-caption alignnone\"><img aria-describedby=\"caption-attachment-246920\" loading=\"lazy\" class=\"wp-image-246920 size-full\" src=\"https:\/\/franciscanos.org.br\/noticias\/wp-content\/uploads\/2024\/04\/MARIA-DA-PENHA-MARCHESI.jpg\" alt=\"Maria da Penha Marchesi Huber\" width=\"1280\" height=\"853\" srcset=\"https:\/\/franciscanos.org.br\/noticias\/wp-content\/uploads\/2024\/04\/MARIA-DA-PENHA-MARCHESI.jpg 1280w, https:\/\/franciscanos.org.br\/noticias\/wp-content\/uploads\/2024\/04\/MARIA-DA-PENHA-MARCHESI-450x300.jpg 450w, https:\/\/franciscanos.org.br\/noticias\/wp-content\/uploads\/2024\/04\/MARIA-DA-PENHA-MARCHESI-1024x682.jpg 1024w, https:\/\/franciscanos.org.br\/noticias\/wp-content\/uploads\/2024\/04\/MARIA-DA-PENHA-MARCHESI-768x512.jpg 768w, https:\/\/franciscanos.org.br\/noticias\/wp-content\/uploads\/2024\/04\/MARIA-DA-PENHA-MARCHESI-150x100.jpg 150w\" sizes=\"(max-width: 1280px) 100vw, 1280px\" \/><p id=\"caption-attachment-246920\" class=\"wp-caption-text\">Maria da Penha Marchesi Huber<\/p><\/div>\n<p>O sorriso largo e ao mesmo tempo os olhos cheios de l\u00e1grimas de Maria da Penha Edmundo Tavares, revelam o quanto ela ama Nossa Senhora das Alegrias, a Santa da Penha. \u201c Quando minha m\u00e3e era jovem, trabalhava como empregada dom\u00e9stica, em Vit\u00f3ria, para um m\u00e9dico. A esposa dele era muito devota de Nossa Senhora da Penha. E a\u00ed eles vinham para o convento pelos caminhos das pedras. Minha m\u00e3e foi acompanhando e aprendendo a gostar de Nossa Senhora. E a\u00ed ela disse que se um dia ela tivesse uma filha seria Maria, e a minha dinda disse que seria Maria da Penha, porque ela achava muito bonito o nome Penha\u201d.<\/p>\n<p>Como a maioria das crian\u00e7as, Penha era muito ativa e levada. Ela contou que antigamente o convento n\u00e3o tinha as muretas em seu entorno. Certo dia, quando brincava na beira do penhasco, em uma das visitas ao espa\u00e7o de sagrado com sua m\u00e3e, quase despencou l\u00e1 de cima. \u201cE a\u00ed eu virei. Nisso que eu ia cair realmente, ela conseguiu me pegar pelas pernas e na hora que ela me viu caindo, chamou por Nossa Senhora, e a\u00ed minha m\u00e3e disse que sentiu uma for\u00e7a muito, muito grande que n\u00e3o me deixou morrer, porque eu ia morrer se ca\u00edsse, sabe?<\/p>\n<p>Ela conta que o tempo foi passando e sua f\u00e9 em Nossa Senhora da Penha foi sendo fortalecida. \u201cEu aprendi que eu n\u00e3o tinha coisa melhor do que ser devota de Nossa Senhora. Fiquei 40 dias sem andar, e fui conversando com a M\u00e3e da Penha dizendo a ela que queria minha cura, que precisava andar, e ela me atendeu. Depois eu com 26 anos eu voltei para igreja e a\u00ed eu comecei a fazer um caminho, e esse caminho me trouxe para a coordena\u00e7\u00e3o da liturgia da Festa da Penha, junto com meus amigos\u201d.<\/p>\n<p>Maria da Penha Zampieri, de 68 anos, cresceu no Convento da Penha. \u201cNasci e fui criada no convento, onde tamb\u00e9m me casei, pois, meu pai era o zelador desse lugar\u201d. Aos 28 anos, Penha foi morar em Vila Velha, mas, nunca deixou de voltar para a casa da M\u00e3e. \u201c Nossa Senhora da Penha \u00e9 minha companheira. Na hora das dificuldades \u00e9 ela que recebe os irm\u00e3os, irm\u00e3s. Ela \u00e9 tudo para mim, \u00e9 meu porto seguro\u201d.<\/p>\n\n\t\t<style type=\"text\/css\">\n\t\t\t#gallery-1 {\n\t\t\t\tmargin: auto;\n\t\t\t}\n\t\t\t#gallery-1 .gallery-item {\n\t\t\t\tfloat: left;\n\t\t\t\tmargin-top: 10px;\n\t\t\t\ttext-align: center;\n\t\t\t\twidth: 50%;\n\t\t\t}\n\t\t\t#gallery-1 img {\n\t\t\t\tborder: 2px solid #cfcfcf;\n\t\t\t}\n\t\t\t#gallery-1 .gallery-caption {\n\t\t\t\tmargin-left: 0;\n\t\t\t}\n\t\t\t\/* see gallery_shortcode() in wp-includes\/media.php *\/\n\t\t<\/style>\n\t\t<div id='gallery-1' class='gallery galleryid-246909 gallery-columns-2 gallery-size-large'><dl class='gallery-item'>\n\t\t\t<dt class='gallery-icon portrait'>\n\t\t\t\t<a href='https:\/\/franciscanos.org.br\/noticias\/wp-content\/uploads\/2024\/04\/MARIA-DA-PENHA-EDMUNDO-TAVARES.jpg'><img width=\"683\" height=\"1024\" src=\"https:\/\/franciscanos.org.br\/noticias\/wp-content\/uploads\/2024\/04\/MARIA-DA-PENHA-EDMUNDO-TAVARES-683x1024.jpg\" class=\"attachment-large size-large\" alt=\"\" loading=\"lazy\" aria-describedby=\"gallery-1-246919\" srcset=\"https:\/\/franciscanos.org.br\/noticias\/wp-content\/uploads\/2024\/04\/MARIA-DA-PENHA-EDMUNDO-TAVARES-683x1024.jpg 683w, https:\/\/franciscanos.org.br\/noticias\/wp-content\/uploads\/2024\/04\/MARIA-DA-PENHA-EDMUNDO-TAVARES-300x450.jpg 300w, https:\/\/franciscanos.org.br\/noticias\/wp-content\/uploads\/2024\/04\/MARIA-DA-PENHA-EDMUNDO-TAVARES-768x1152.jpg 768w, https:\/\/franciscanos.org.br\/noticias\/wp-content\/uploads\/2024\/04\/MARIA-DA-PENHA-EDMUNDO-TAVARES-1024x1536.jpg 1024w, https:\/\/franciscanos.org.br\/noticias\/wp-content\/uploads\/2024\/04\/MARIA-DA-PENHA-EDMUNDO-TAVARES-150x225.jpg 150w, https:\/\/franciscanos.org.br\/noticias\/wp-content\/uploads\/2024\/04\/MARIA-DA-PENHA-EDMUNDO-TAVARES.jpg 720w\" sizes=\"(max-width: 683px) 100vw, 683px\" \/><\/a>\n\t\t\t<\/dt>\n\t\t\t\t<dd class='wp-caption-text gallery-caption' id='gallery-1-246919'>\n\t\t\t\tMaria da Penha Edmundo\n\t\t\t\t<\/dd><\/dl><dl class='gallery-item'>\n\t\t\t<dt class='gallery-icon portrait'>\n\t\t\t\t<a href='https:\/\/franciscanos.org.br\/noticias\/wp-content\/uploads\/2024\/04\/MARIA-DA-PENHA-ZAMPIERI.jpg'><img width=\"683\" height=\"1024\" src=\"https:\/\/franciscanos.org.br\/noticias\/wp-content\/uploads\/2024\/04\/MARIA-DA-PENHA-ZAMPIERI-683x1024.jpg\" class=\"attachment-large size-large\" alt=\"\" loading=\"lazy\" aria-describedby=\"gallery-1-246921\" srcset=\"https:\/\/franciscanos.org.br\/noticias\/wp-content\/uploads\/2024\/04\/MARIA-DA-PENHA-ZAMPIERI-683x1024.jpg 683w, https:\/\/franciscanos.org.br\/noticias\/wp-content\/uploads\/2024\/04\/MARIA-DA-PENHA-ZAMPIERI-300x450.jpg 300w, https:\/\/franciscanos.org.br\/noticias\/wp-content\/uploads\/2024\/04\/MARIA-DA-PENHA-ZAMPIERI-768x1152.jpg 768w, https:\/\/franciscanos.org.br\/noticias\/wp-content\/uploads\/2024\/04\/MARIA-DA-PENHA-ZAMPIERI-1024x1536.jpg 1024w, https:\/\/franciscanos.org.br\/noticias\/wp-content\/uploads\/2024\/04\/MARIA-DA-PENHA-ZAMPIERI-150x225.jpg 150w, https:\/\/franciscanos.org.br\/noticias\/wp-content\/uploads\/2024\/04\/MARIA-DA-PENHA-ZAMPIERI.jpg 720w\" sizes=\"(max-width: 683px) 100vw, 683px\" \/><\/a>\n\t\t\t<\/dt>\n\t\t\t\t<dd class='wp-caption-text gallery-caption' id='gallery-1-246921'>\n\t\t\t\tMaria da Penha Zampieri\n\t\t\t\t<\/dd><\/dl><br style=\"clear: both\" \/>\n\t\t<\/div>\n\n<p>&nbsp;<\/p>\n<p>Aos 87 anos, Maria da Penha Brand\u00e3o Amorim, moradora de Vit\u00f3ria, relatou que desde muito crian\u00e7a ia ao convento com sua m\u00e3e, e assim aprendeu a ser devota de Nossa Senhora da Penha. \u201cEu vinha com ela e, depois que minha m\u00e3e morreu, continuei vindo todos os dias durante o Oitav\u00e1rio. A gente pede a ela e Deus manda\u201d, disse com f\u00e9.<\/p>\n<div id=\"attachment_246917\" style=\"width: 730px\" class=\"wp-caption alignnone\"><img aria-describedby=\"caption-attachment-246917\" loading=\"lazy\" class=\"wp-image-246917 size-full\" src=\"https:\/\/franciscanos.org.br\/noticias\/wp-content\/uploads\/2024\/04\/MARIA-DA-PENHA-BRANDAO-AMORIM.jpg\" alt=\"Maria da Penha Brand\u00e3o Amorim\" width=\"720\" height=\"1080\" srcset=\"https:\/\/franciscanos.org.br\/noticias\/wp-content\/uploads\/2024\/04\/MARIA-DA-PENHA-BRANDAO-AMORIM.jpg 720w, https:\/\/franciscanos.org.br\/noticias\/wp-content\/uploads\/2024\/04\/MARIA-DA-PENHA-BRANDAO-AMORIM-300x450.jpg 300w, https:\/\/franciscanos.org.br\/noticias\/wp-content\/uploads\/2024\/04\/MARIA-DA-PENHA-BRANDAO-AMORIM-683x1024.jpg 683w, https:\/\/franciscanos.org.br\/noticias\/wp-content\/uploads\/2024\/04\/MARIA-DA-PENHA-BRANDAO-AMORIM-768x1152.jpg 768w, https:\/\/franciscanos.org.br\/noticias\/wp-content\/uploads\/2024\/04\/MARIA-DA-PENHA-BRANDAO-AMORIM-1024x1536.jpg 1024w, https:\/\/franciscanos.org.br\/noticias\/wp-content\/uploads\/2024\/04\/MARIA-DA-PENHA-BRANDAO-AMORIM-150x225.jpg 150w\" sizes=\"(max-width: 720px) 100vw, 720px\" \/><p id=\"caption-attachment-246917\" class=\"wp-caption-text\">Maria da Penha Brand\u00e3o Amorim<\/p><\/div>\n<p>Al\u00e9m das Marias da Penha, durante os momentos devocionais em prepara\u00e7\u00e3o a festa, s\u00e3o muitas mulheres que ecoam a devo\u00e7\u00e3o a M\u00e3e das Alegrias. Como um campo florido, elas s\u00e3o propagadoras da f\u00e9 a M\u00e3e de Deus.<\/p>\n<hr \/>\n<p>Texto: Adriana Rabelo<\/p>\n\n\t\t<style type=\"text\/css\">\n\t\t\t#gallery-2 {\n\t\t\t\tmargin: auto;\n\t\t\t}\n\t\t\t#gallery-2 .gallery-item {\n\t\t\t\tfloat: left;\n\t\t\t\tmargin-top: 10px;\n\t\t\t\ttext-align: center;\n\t\t\t\twidth: 25%;\n\t\t\t}\n\t\t\t#gallery-2 img {\n\t\t\t\tborder: 2px solid #cfcfcf;\n\t\t\t}\n\t\t\t#gallery-2 .gallery-caption {\n\t\t\t\tmargin-left: 0;\n\t\t\t}\n\t\t\t\/* see gallery_shortcode() in wp-includes\/media.php *\/\n\t\t<\/style>\n\t\t<div id='gallery-2' class='gallery galleryid-246909 gallery-columns-4 gallery-size-thumbnail'><dl class='gallery-item'>\n\t\t\t<dt class='gallery-icon landscape'>\n\t\t\t\t<a href='https:\/\/franciscanos.org.br\/noticias\/wp-content\/uploads\/2024\/04\/MG_6192.jpg'><img width=\"300\" height=\"300\" src=\"https:\/\/franciscanos.org.br\/noticias\/wp-content\/uploads\/2024\/04\/MG_6192-300x300.jpg\" class=\"attachment-thumbnail size-thumbnail\" alt=\"\" loading=\"lazy\" srcset=\"https:\/\/franciscanos.org.br\/noticias\/wp-content\/uploads\/2024\/04\/MG_6192-300x300.jpg 300w, https:\/\/franciscanos.org.br\/noticias\/wp-content\/uploads\/2024\/04\/MG_6192-100x100.jpg 100w\" sizes=\"(max-width: 300px) 100vw, 300px\" \/><\/a>\n\t\t\t<\/dt><\/dl><dl class='gallery-item'>\n\t\t\t<dt class='gallery-icon landscape'>\n\t\t\t\t<a href='https:\/\/franciscanos.org.br\/noticias\/wp-content\/uploads\/2024\/04\/MG_6189.jpg'><img width=\"300\" height=\"300\" src=\"https:\/\/franciscanos.org.br\/noticias\/wp-content\/uploads\/2024\/04\/MG_6189-300x300.jpg\" class=\"attachment-thumbnail size-thumbnail\" alt=\"\" loading=\"lazy\" srcset=\"https:\/\/franciscanos.org.br\/noticias\/wp-content\/uploads\/2024\/04\/MG_6189-300x300.jpg 300w, https:\/\/franciscanos.org.br\/noticias\/wp-content\/uploads\/2024\/04\/MG_6189-100x100.jpg 100w\" sizes=\"(max-width: 300px) 100vw, 300px\" \/><\/a>\n\t\t\t<\/dt><\/dl><dl class='gallery-item'>\n\t\t\t<dt class='gallery-icon portrait'>\n\t\t\t\t<a href='https:\/\/franciscanos.org.br\/noticias\/wp-content\/uploads\/2024\/04\/MG_6166.jpg'><img width=\"300\" height=\"300\" src=\"https:\/\/franciscanos.org.br\/noticias\/wp-content\/uploads\/2024\/04\/MG_6166-300x300.jpg\" class=\"attachment-thumbnail size-thumbnail\" alt=\"\" loading=\"lazy\" srcset=\"https:\/\/franciscanos.org.br\/noticias\/wp-content\/uploads\/2024\/04\/MG_6166-300x300.jpg 300w, https:\/\/franciscanos.org.br\/noticias\/wp-content\/uploads\/2024\/04\/MG_6166-100x100.jpg 100w\" sizes=\"(max-width: 300px) 100vw, 300px\" \/><\/a>\n\t\t\t<\/dt><\/dl><dl class='gallery-item'>\n\t\t\t<dt class='gallery-icon landscape'>\n\t\t\t\t<a href='https:\/\/franciscanos.org.br\/noticias\/wp-content\/uploads\/2024\/04\/MG_6134.jpg'><img width=\"300\" height=\"300\" src=\"https:\/\/franciscanos.org.br\/noticias\/wp-content\/uploads\/2024\/04\/MG_6134-300x300.jpg\" class=\"attachment-thumbnail size-thumbnail\" alt=\"\" loading=\"lazy\" srcset=\"https:\/\/franciscanos.org.br\/noticias\/wp-content\/uploads\/2024\/04\/MG_6134-300x300.jpg 300w, https:\/\/franciscanos.org.br\/noticias\/wp-content\/uploads\/2024\/04\/MG_6134-100x100.jpg 100w\" sizes=\"(max-width: 300px) 100vw, 300px\" \/><\/a>\n\t\t\t<\/dt><\/dl><br style=\"clear: both\" \/>\n\t\t<\/div>\n\n","protected":false},"excerpt":{"rendered":"<p>Festa da Penha 2024<\/p>\n","protected":false},"author":11,"featured_media":246922,"comment_status":"open","ping_status":"open","sticky":false,"template":"","format":"standard","meta":[],"categories":[1],"tags":[2195],"acf":[],"yoast_head":"<!-- This site is optimized with the Yoast SEO plugin v19.2 - https:\/\/yoast.com\/wordpress\/plugins\/seo\/ -->\n<title>Marias da Penha: Unidas pela f\u00e9 - Not\u00edcias - Franciscanos<\/title>\n<meta name=\"robots\" content=\"index, follow, max-snippet:-1, max-image-preview:large, max-video-preview:-1\" \/>\n<link rel=\"canonical\" href=\"https:\/\/franciscanos.org.br\/noticias\/marias-da-penha-unidas-pela-fe.html\" \/>\n<meta property=\"og:locale\" content=\"pt_BR\" \/>\n<meta property=\"og:type\" content=\"article\" \/>\n<meta property=\"og:title\" content=\"Marias da Penha: Unidas pela f\u00e9 - Not\u00edcias - Franciscanos\" \/>\n<meta property=\"og:description\" content=\"Festa da Penha 2024\" \/>\n<meta property=\"og:url\" content=\"https:\/\/franciscanos.org.br\/noticias\/marias-da-penha-unidas-pela-fe.html\" \/>\n<meta property=\"og:site_name\" content=\"Not\u00edcias - Franciscanos\" \/>\n<meta property=\"article:published_time\" content=\"2024-04-03T22:03:03+00:00\" \/>\n<meta property=\"article:modified_time\" content=\"2024-04-04T00:24:11+00:00\" \/>\n<meta property=\"og:image\" content=\"https:\/\/franciscanos.org.br\/noticias\/wp-content\/uploads\/2024\/04\/MG_6185-1.jpg\" \/>\n\t<meta property=\"og:image:width\" content=\"1280\" \/>\n\t<meta property=\"og:image:height\" content=\"853\" \/>\n\t<meta property=\"og:image:type\" content=\"image\/jpeg\" \/>\n<meta name=\"author\" content=\"Adriana Rabelo\" \/>\n<meta name=\"twitter:card\" content=\"summary_large_image\" \/>\n<meta name=\"twitter:label1\" content=\"Escrito por\" \/>\n\t<meta name=\"twitter:data1\" content=\"Adriana Rabelo\" \/>\n\t<meta name=\"twitter:label2\" content=\"Est. tempo de leitura\" \/>\n\t<meta name=\"twitter:data2\" content=\"5 minutos\" \/>\n<script type=\"application\/ld+json\" class=\"yoast-schema-graph\">{\"@context\":\"https:\/\/schema.org\",\"@graph\":[{\"@type\":\"WebSite\",\"@id\":\"https:\/\/franciscanos.org.br\/noticias\/#website\",\"url\":\"https:\/\/franciscanos.org.br\/noticias\/\",\"name\":\"Not\u00edcias - Franciscanos\",\"description\":\"Prov\u00edncia Franciscana da Imaculada Concei\u00e7\u00e3o do Brasil - Ordem dos Frades Menores - OFM\",\"potentialAction\":[{\"@type\":\"SearchAction\",\"target\":{\"@type\":\"EntryPoint\",\"urlTemplate\":\"https:\/\/franciscanos.org.br\/noticias\/?s={search_term_string}\"},\"query-input\":\"required name=search_term_string\"}],\"inLanguage\":\"pt-BR\"},{\"@type\":\"ImageObject\",\"inLanguage\":\"pt-BR\",\"@id\":\"https:\/\/franciscanos.org.br\/noticias\/marias-da-penha-unidas-pela-fe.html#primaryimage\",\"url\":\"https:\/\/franciscanos.org.br\/noticias\/wp-content\/uploads\/2024\/04\/MG_6185-1.jpg\",\"contentUrl\":\"https:\/\/franciscanos.org.br\/noticias\/wp-content\/uploads\/2024\/04\/MG_6185-1.jpg\",\"width\":1280,\"height\":853},{\"@type\":\"WebPage\",\"@id\":\"https:\/\/franciscanos.org.br\/noticias\/marias-da-penha-unidas-pela-fe.html#webpage\",\"url\":\"https:\/\/franciscanos.org.br\/noticias\/marias-da-penha-unidas-pela-fe.html\",\"name\":\"Marias da Penha: Unidas pela f\u00e9 - Not\u00edcias - Franciscanos\",\"isPartOf\":{\"@id\":\"https:\/\/franciscanos.org.br\/noticias\/#website\"},\"primaryImageOfPage\":{\"@id\":\"https:\/\/franciscanos.org.br\/noticias\/marias-da-penha-unidas-pela-fe.html#primaryimage\"},\"datePublished\":\"2024-04-03T22:03:03+00:00\",\"dateModified\":\"2024-04-04T00:24:11+00:00\",\"author\":{\"@id\":\"https:\/\/franciscanos.org.br\/noticias\/#\/schema\/person\/d9422e83121c3ad3b0f423d195f5bb25\"},\"breadcrumb\":{\"@id\":\"https:\/\/franciscanos.org.br\/noticias\/marias-da-penha-unidas-pela-fe.html#breadcrumb\"},\"inLanguage\":\"pt-BR\",\"potentialAction\":[{\"@type\":\"ReadAction\",\"target\":[\"https:\/\/franciscanos.org.br\/noticias\/marias-da-penha-unidas-pela-fe.html\"]}]},{\"@type\":\"BreadcrumbList\",\"@id\":\"https:\/\/franciscanos.org.br\/noticias\/marias-da-penha-unidas-pela-fe.html#breadcrumb\",\"itemListElement\":[{\"@type\":\"ListItem\",\"position\":1,\"name\":\"Home\",\"item\":\"https:\/\/franciscanos.org.br\/noticias\"},{\"@type\":\"ListItem\",\"position\":2,\"name\":\"Marias da Penha: Unidas pela f\u00e9\"}]},{\"@type\":\"Person\",\"@id\":\"https:\/\/franciscanos.org.br\/noticias\/#\/schema\/person\/d9422e83121c3ad3b0f423d195f5bb25\",\"name\":\"Adriana Rabelo\",\"image\":{\"@type\":\"ImageObject\",\"inLanguage\":\"pt-BR\",\"@id\":\"https:\/\/franciscanos.org.br\/noticias\/#\/schema\/person\/image\/\",\"url\":\"https:\/\/secure.gravatar.com\/avatar\/0a937b7500cd7df77540cfb8bede877d?s=96&d=mm&r=g\",\"contentUrl\":\"https:\/\/secure.gravatar.com\/avatar\/0a937b7500cd7df77540cfb8bede877d?s=96&d=mm&r=g\",\"caption\":\"Adriana Rabelo\"},\"url\":\"https:\/\/franciscanos.org.br\/noticias\/author\/adrianarabelo\"}]}<\/script>\n<!-- \/ Yoast SEO plugin. -->","yoast_head_json":{"title":"Marias da Penha: Unidas pela f\u00e9 - Not\u00edcias - Franciscanos","robots":{"index":"index","follow":"follow","max-snippet":"max-snippet:-1","max-image-preview":"max-image-preview:large","max-video-preview":"max-video-preview:-1"},"canonical":"https:\/\/franciscanos.org.br\/noticias\/marias-da-penha-unidas-pela-fe.html","og_locale":"pt_BR","og_type":"article","og_title":"Marias da Penha: Unidas pela f\u00e9 - Not\u00edcias - Franciscanos","og_description":"Festa da Penha 2024","og_url":"https:\/\/franciscanos.org.br\/noticias\/marias-da-penha-unidas-pela-fe.html","og_site_name":"Not\u00edcias - Franciscanos","article_published_time":"2024-04-03T22:03:03+00:00","article_modified_time":"2024-04-04T00:24:11+00:00","og_image":[{"width":1280,"height":853,"url":"https:\/\/franciscanos.org.br\/noticias\/wp-content\/uploads\/2024\/04\/MG_6185-1.jpg","type":"image\/jpeg"}],"author":"Adriana Rabelo","twitter_card":"summary_large_image","twitter_misc":{"Escrito por":"Adriana Rabelo","Est. tempo de leitura":"5 minutos"},"schema":{"@context":"https:\/\/schema.org","@graph":[{"@type":"WebSite","@id":"https:\/\/franciscanos.org.br\/noticias\/#website","url":"https:\/\/franciscanos.org.br\/noticias\/","name":"Not\u00edcias - Franciscanos","description":"Prov\u00edncia Franciscana da Imaculada Concei\u00e7\u00e3o do Brasil - Ordem dos Frades Menores - OFM","potentialAction":[{"@type":"SearchAction","target":{"@type":"EntryPoint","urlTemplate":"https:\/\/franciscanos.org.br\/noticias\/?s={search_term_string}"},"query-input":"required name=search_term_string"}],"inLanguage":"pt-BR"},{"@type":"ImageObject","inLanguage":"pt-BR","@id":"https:\/\/franciscanos.org.br\/noticias\/marias-da-penha-unidas-pela-fe.html#primaryimage","url":"https:\/\/franciscanos.org.br\/noticias\/wp-content\/uploads\/2024\/04\/MG_6185-1.jpg","contentUrl":"https:\/\/franciscanos.org.br\/noticias\/wp-content\/uploads\/2024\/04\/MG_6185-1.jpg","width":1280,"height":853},{"@type":"WebPage","@id":"https:\/\/franciscanos.org.br\/noticias\/marias-da-penha-unidas-pela-fe.html#webpage","url":"https:\/\/franciscanos.org.br\/noticias\/marias-da-penha-unidas-pela-fe.html","name":"Marias da Penha: Unidas pela f\u00e9 - Not\u00edcias - Franciscanos","isPartOf":{"@id":"https:\/\/franciscanos.org.br\/noticias\/#website"},"primaryImageOfPage":{"@id":"https:\/\/franciscanos.org.br\/noticias\/marias-da-penha-unidas-pela-fe.html#primaryimage"},"datePublished":"2024-04-03T22:03:03+00:00","dateModified":"2024-04-04T00:24:11+00:00","author":{"@id":"https:\/\/franciscanos.org.br\/noticias\/#\/schema\/person\/d9422e83121c3ad3b0f423d195f5bb25"},"breadcrumb":{"@id":"https:\/\/franciscanos.org.br\/noticias\/marias-da-penha-unidas-pela-fe.html#breadcrumb"},"inLanguage":"pt-BR","potentialAction":[{"@type":"ReadAction","target":["https:\/\/franciscanos.org.br\/noticias\/marias-da-penha-unidas-pela-fe.html"]}]},{"@type":"BreadcrumbList","@id":"https:\/\/franciscanos.org.br\/noticias\/marias-da-penha-unidas-pela-fe.html#breadcrumb","itemListElement":[{"@type":"ListItem","position":1,"name":"Home","item":"https:\/\/franciscanos.org.br\/noticias"},{"@type":"ListItem","position":2,"name":"Marias da Penha: Unidas pela f\u00e9"}]},{"@type":"Person","@id":"https:\/\/franciscanos.org.br\/noticias\/#\/schema\/person\/d9422e83121c3ad3b0f423d195f5bb25","name":"Adriana Rabelo","image":{"@type":"ImageObject","inLanguage":"pt-BR","@id":"https:\/\/franciscanos.org.br\/noticias\/#\/schema\/person\/image\/","url":"https:\/\/secure.gravatar.com\/avatar\/0a937b7500cd7df77540cfb8bede877d?s=96&d=mm&r=g","contentUrl":"https:\/\/secure.gravatar.com\/avatar\/0a937b7500cd7df77540cfb8bede877d?s=96&d=mm&r=g","caption":"Adriana Rabelo"},"url":"https:\/\/franciscanos.org.br\/noticias\/author\/adrianarabelo"}]}},"_links":{"self":[{"href":"https:\/\/franciscanos.org.br\/noticias\/wp-json\/wp\/v2\/posts\/246909"}],"collection":[{"href":"https:\/\/franciscanos.org.br\/noticias\/wp-json\/wp\/v2\/posts"}],"about":[{"href":"https:\/\/franciscanos.org.br\/noticias\/wp-json\/wp\/v2\/types\/post"}],"author":[{"embeddable":true,"href":"https:\/\/franciscanos.org.br\/noticias\/wp-json\/wp\/v2\/users\/11"}],"replies":[{"embeddable":true,"href":"https:\/\/franciscanos.org.br\/noticias\/wp-json\/wp\/v2\/comments?post=246909"}],"version-history":[{"count":5,"href":"https:\/\/franciscanos.org.br\/noticias\/wp-json\/wp\/v2\/posts\/246909\/revisions"}],"predecessor-version":[{"id":246927,"href":"https:\/\/franciscanos.org.br\/noticias\/wp-json\/wp\/v2\/posts\/246909\/revisions\/246927"}],"wp:featuredmedia":[{"embeddable":true,"href":"https:\/\/franciscanos.org.br\/noticias\/wp-json\/wp\/v2\/media\/246922"}],"wp:attachment":[{"href":"https:\/\/franciscanos.org.br\/noticias\/wp-json\/wp\/v2\/media?parent=246909"}],"wp:term":[{"taxonomy":"category","embeddable":true,"href":"https:\/\/franciscanos.org.br\/noticias\/wp-json\/wp\/v2\/categories?post=246909"},{"taxonomy":"post_tag","embeddable":true,"href":"https:\/\/franciscanos.org.br\/noticias\/wp-json\/wp\/v2\/tags?post=246909"}],"curies":[{"name":"wp","href":"https:\/\/api.w.org\/{rel}","templated":true}]}}