{"id":246902,"date":"2024-04-03T09:58:18","date_gmt":"2024-04-03T12:58:18","guid":{"rendered":"https:\/\/franciscanos.org.br\/noticias\/?p=246902"},"modified":"2024-04-03T09:59:52","modified_gmt":"2024-04-03T12:59:52","slug":"tristeza-do-papa-pelos-jovens-que-perdem-suas-vidas-na-loucura-da-guerra","status":"publish","type":"post","link":"https:\/\/franciscanos.org.br\/noticias\/tristeza-do-papa-pelos-jovens-que-perdem-suas-vidas-na-loucura-da-guerra.html","title":{"rendered":"Tristeza do Papa pelos jovens que perdem suas vidas na loucura da guerra"},"content":{"rendered":"<div><img loading=\"lazy\" class=\"aligncenter wp-image-246903 size-full\" src=\"https:\/\/franciscanos.org.br\/noticias\/wp-content\/uploads\/2024\/04\/cq5dam.thumbnail.cropped.750.422.jpeg\" alt=\"\" width=\"750\" height=\"422\" srcset=\"https:\/\/franciscanos.org.br\/noticias\/wp-content\/uploads\/2024\/04\/cq5dam.thumbnail.cropped.750.422.jpeg 750w, https:\/\/franciscanos.org.br\/noticias\/wp-content\/uploads\/2024\/04\/cq5dam.thumbnail.cropped.750.422-450x253.jpeg 450w, https:\/\/franciscanos.org.br\/noticias\/wp-content\/uploads\/2024\/04\/cq5dam.thumbnail.cropped.750.422-150x84.jpeg 150w\" sizes=\"(max-width: 750px) 100vw, 750px\" \/><\/div>\n<div class=\"article__subTitle\" style=\"text-align: center;\"><em>Ao final da Audi\u00eancia Geral, Francisco renovou o apelo por um cessar-fogo na Faixa de Gaza: &#8220;Que se evite toda tentativa irrespons\u00e1vel de ampliar o conflito na regi\u00e3o e que cessem estas e outras guerras que trazem morte e sofrimento a tantas partes do mundo&#8221;. Em seguida, segurando um ros\u00e1rio e um Novo Testamento que pertenciam a um jovem soldado ucraniano falecido aos 23 anos de idade, pediu: &#8220;Fa\u00e7amos sil\u00eancio pensando neste rapaz e em tantos outros. A guerra sempre destr\u00f3i&#8221;.<\/em><\/div>\n<div style=\"text-align: left;\">\n<p>&#8220;Infelizmente, continuam a chegar not\u00edcias tristes do Oriente M\u00e9dio&#8221;, recordou o Papa, com a voz embargada, ao final da Audi\u00eancia Geral desta quarta-feira, 3 de abril. Francisco reiterou seu forte apelo por um cessar-fogo imediato na Faixa de Gaza:<\/p>\n<p><i>&#8220;Expresso meu profundo pesar pelos volunt\u00e1rios mortos durante a distribui\u00e7\u00e3o de ajuda humanit\u00e1ria em Gaza. Rezo por eles e por suas fam\u00edlias. Renovo meu apelo para que a popula\u00e7\u00e3o civil, exausta e sofrida, tenha acesso \u00e0 ajuda humanit\u00e1ria e para que os ref\u00e9ns sejam libertados imediatamente.&#8221;<br \/>\n<\/i><\/p>\n<p>O Santo Padre pediu com veem\u00eancia que &#8220;sejam evitadas todas as tentativas irrespons\u00e1veis de ampliar o conflito na regi\u00e3o&#8221;:<\/p>\n<div>\n<div class=\"article__embed article__embed--border embed_style\">\n<p>\u201cFa\u00e7amos o poss\u00edvel para que essa e outras guerras que continuam a levar morte e sofrimento a tantas partes do mundo terminem o mais r\u00e1pido poss\u00edvel. Rezemos e nos esforcemos incansavelmente para que as armas silenciem e a paz volte a reinar.\u201d<\/p>\n<\/div>\n<\/div>\n<h2>A guerra destr\u00f3i sempre<\/h2>\n<p>O Papa voltou seu pensamento, como tem feito h\u00e1 mais de dois anos ininterruptamente, ao povo ucraniano: &#8220;N\u00e3o nos esque\u00e7amos da martirizada Ucr\u00e2nia: tantos mortos&#8230;&#8221;, e emocionado continuou:<\/p>\n<p><i>&#8220;Tenho em minhas m\u00e3os um ros\u00e1rio e um livro do Novo Testamento deixado por um soldado que morreu na guerra. O nome desse rapaz era Oleksandr &#8211; Alexander: 23 anos de idade. Alexander lia o Novo Testamento e os Salmos e havia sublinhado no Livro dos Salmos o Salmo 129: &#8216;Das profundezas, Senhor, clamo a ti; Senhor, escuta a minha voz!&#8217;. Esse rapaz de 23 anos morreu em Avdi\u00efvka, na guerra. Ele deixou uma vida pela frente. E este \u00e9 seu ros\u00e1rio e seu Novo Testamento, que ele lia e rezava.&#8221;<br \/>\n<\/i><\/p>\n<p>Segurando os objetos religiosos do jovem soldado, Francisco fez um convite aos fi\u00e9is presentes na Pra\u00e7a S\u00e3o Pedro:<\/p>\n<div>\n<div class=\"article__embed article__embed--border embed_style\">\n<p>\u201cGostaria que todos n\u00f3s fic\u00e1ssemos em sil\u00eancio neste momento, pensando nesse jovem e em tantos outros como ele, que morreram nessa loucura de guerra. A guerra destr\u00f3i sempre. Pensemos neles e rezemos.\u201d<\/p>\n<\/div>\n<\/div>\n<h2>Esperan\u00e7a em Cristo ressuscitado<\/h2>\n<p>Ao saudar os peregrinos poloneses, o Papa recordou o Domingo da Divina Miseric\u00f3rdia, que ser\u00e1 celebrado nos pr\u00f3ximos dias, e que nos recorda a mensagem transmitida por Santa Faustina Kowalska: &#8220;Nunca duvidemos do amor de Deus, mas confiemos com firmeza e confian\u00e7a nossas vidas e o mundo ao Senhor, pedindo a Ele, em particular, uma paz justa para as na\u00e7\u00f5es devastadas pela guerra.&#8221;<\/p>\n<p>Ao se dirigir aos fi\u00e9is de l\u00edngua portuguesa, o Santo Padre invocou &#8220;para todos as consola\u00e7\u00f5es e luzes do Esp\u00edrito de Deus, a fim de que, vencidos pessimismos e desilus\u00f5es da vida, possam cruzar, juntamente com os seus entes queridos, o limiar da esperan\u00e7a que temos em Cristo ressuscitado&#8221;.<\/p>\n<hr \/>\n<h5><em><b>Thulio Fonseca &#8211; Vatican News<\/b><\/em><\/h5>\n<\/div>\n","protected":false},"excerpt":{"rendered":"<p>O Santo Padre pediu com veem\u00eancia que &#8220;sejam evitadas todas as tentativas irrespons\u00e1veis de ampliar o conflito na regi\u00e3o&#8221;:<\/p>\n","protected":false},"author":10,"featured_media":246903,"comment_status":"open","ping_status":"open","sticky":false,"template":"","format":"standard","meta":[],"categories":[1,1428],"tags":[487,55],"acf":[],"yoast_head":"<!-- This site is optimized with the Yoast SEO plugin v19.2 - https:\/\/yoast.com\/wordpress\/plugins\/seo\/ -->\n<title>Tristeza do Papa pelos jovens que perdem suas vidas na loucura da guerra - Not\u00edcias - Franciscanos<\/title>\n<meta name=\"robots\" content=\"index, follow, max-snippet:-1, max-image-preview:large, max-video-preview:-1\" \/>\n<link rel=\"canonical\" href=\"https:\/\/franciscanos.org.br\/noticias\/tristeza-do-papa-pelos-jovens-que-perdem-suas-vidas-na-loucura-da-guerra.html\" \/>\n<meta property=\"og:locale\" content=\"pt_BR\" \/>\n<meta property=\"og:type\" content=\"article\" \/>\n<meta property=\"og:title\" content=\"Tristeza do Papa pelos jovens que perdem suas vidas na loucura da guerra - Not\u00edcias - Franciscanos\" \/>\n<meta property=\"og:description\" content=\"O Santo Padre pediu com veem\u00eancia que &quot;sejam evitadas todas as tentativas irrespons\u00e1veis de ampliar o conflito na regi\u00e3o&quot;:\" \/>\n<meta property=\"og:url\" content=\"https:\/\/franciscanos.org.br\/noticias\/tristeza-do-papa-pelos-jovens-que-perdem-suas-vidas-na-loucura-da-guerra.html\" \/>\n<meta property=\"og:site_name\" content=\"Not\u00edcias - Franciscanos\" \/>\n<meta property=\"article:published_time\" content=\"2024-04-03T12:58:18+00:00\" \/>\n<meta property=\"article:modified_time\" content=\"2024-04-03T12:59:52+00:00\" \/>\n<meta property=\"og:image\" content=\"https:\/\/franciscanos.org.br\/noticias\/wp-content\/uploads\/2024\/04\/cq5dam.thumbnail.cropped.750.422.jpeg\" \/>\n\t<meta property=\"og:image:width\" content=\"750\" \/>\n\t<meta property=\"og:image:height\" content=\"422\" \/>\n\t<meta property=\"og:image:type\" content=\"image\/jpeg\" \/>\n<meta name=\"author\" content=\"Jo\u00e3o Vitor\" \/>\n<meta name=\"twitter:card\" content=\"summary_large_image\" \/>\n<meta name=\"twitter:label1\" content=\"Escrito por\" \/>\n\t<meta name=\"twitter:data1\" content=\"Jo\u00e3o Vitor\" \/>\n\t<meta name=\"twitter:label2\" content=\"Est. tempo de leitura\" \/>\n\t<meta name=\"twitter:data2\" content=\"3 minutos\" \/>\n<script type=\"application\/ld+json\" class=\"yoast-schema-graph\">{\"@context\":\"https:\/\/schema.org\",\"@graph\":[{\"@type\":\"WebSite\",\"@id\":\"https:\/\/franciscanos.org.br\/noticias\/#website\",\"url\":\"https:\/\/franciscanos.org.br\/noticias\/\",\"name\":\"Not\u00edcias - Franciscanos\",\"description\":\"Prov\u00edncia Franciscana da Imaculada Concei\u00e7\u00e3o do Brasil - Ordem dos Frades Menores - OFM\",\"potentialAction\":[{\"@type\":\"SearchAction\",\"target\":{\"@type\":\"EntryPoint\",\"urlTemplate\":\"https:\/\/franciscanos.org.br\/noticias\/?s={search_term_string}\"},\"query-input\":\"required name=search_term_string\"}],\"inLanguage\":\"pt-BR\"},{\"@type\":\"ImageObject\",\"inLanguage\":\"pt-BR\",\"@id\":\"https:\/\/franciscanos.org.br\/noticias\/tristeza-do-papa-pelos-jovens-que-perdem-suas-vidas-na-loucura-da-guerra.html#primaryimage\",\"url\":\"https:\/\/franciscanos.org.br\/noticias\/wp-content\/uploads\/2024\/04\/cq5dam.thumbnail.cropped.750.422.jpeg\",\"contentUrl\":\"https:\/\/franciscanos.org.br\/noticias\/wp-content\/uploads\/2024\/04\/cq5dam.thumbnail.cropped.750.422.jpeg\",\"width\":750,\"height\":422},{\"@type\":\"WebPage\",\"@id\":\"https:\/\/franciscanos.org.br\/noticias\/tristeza-do-papa-pelos-jovens-que-perdem-suas-vidas-na-loucura-da-guerra.html#webpage\",\"url\":\"https:\/\/franciscanos.org.br\/noticias\/tristeza-do-papa-pelos-jovens-que-perdem-suas-vidas-na-loucura-da-guerra.html\",\"name\":\"Tristeza do Papa pelos jovens que perdem suas vidas na loucura da guerra - Not\u00edcias - Franciscanos\",\"isPartOf\":{\"@id\":\"https:\/\/franciscanos.org.br\/noticias\/#website\"},\"primaryImageOfPage\":{\"@id\":\"https:\/\/franciscanos.org.br\/noticias\/tristeza-do-papa-pelos-jovens-que-perdem-suas-vidas-na-loucura-da-guerra.html#primaryimage\"},\"datePublished\":\"2024-04-03T12:58:18+00:00\",\"dateModified\":\"2024-04-03T12:59:52+00:00\",\"author\":{\"@id\":\"https:\/\/franciscanos.org.br\/noticias\/#\/schema\/person\/8c11f06a466b856a11dd48d20600055f\"},\"breadcrumb\":{\"@id\":\"https:\/\/franciscanos.org.br\/noticias\/tristeza-do-papa-pelos-jovens-que-perdem-suas-vidas-na-loucura-da-guerra.html#breadcrumb\"},\"inLanguage\":\"pt-BR\",\"potentialAction\":[{\"@type\":\"ReadAction\",\"target\":[\"https:\/\/franciscanos.org.br\/noticias\/tristeza-do-papa-pelos-jovens-que-perdem-suas-vidas-na-loucura-da-guerra.html\"]}]},{\"@type\":\"BreadcrumbList\",\"@id\":\"https:\/\/franciscanos.org.br\/noticias\/tristeza-do-papa-pelos-jovens-que-perdem-suas-vidas-na-loucura-da-guerra.html#breadcrumb\",\"itemListElement\":[{\"@type\":\"ListItem\",\"position\":1,\"name\":\"Home\",\"item\":\"https:\/\/franciscanos.org.br\/noticias\"},{\"@type\":\"ListItem\",\"position\":2,\"name\":\"Tristeza do Papa pelos jovens que perdem suas vidas na loucura da guerra\"}]},{\"@type\":\"Person\",\"@id\":\"https:\/\/franciscanos.org.br\/noticias\/#\/schema\/person\/8c11f06a466b856a11dd48d20600055f\",\"name\":\"Jo\u00e3o Vitor\",\"image\":{\"@type\":\"ImageObject\",\"inLanguage\":\"pt-BR\",\"@id\":\"https:\/\/franciscanos.org.br\/noticias\/#\/schema\/person\/image\/\",\"url\":\"https:\/\/secure.gravatar.com\/avatar\/10ba5c9713e0c323617b4309a19e3a46?s=96&d=mm&r=g\",\"contentUrl\":\"https:\/\/secure.gravatar.com\/avatar\/10ba5c9713e0c323617b4309a19e3a46?s=96&d=mm&r=g\",\"caption\":\"Jo\u00e3o Vitor\"},\"url\":\"https:\/\/franciscanos.org.br\/noticias\/author\/joaovitor\"}]}<\/script>\n<!-- \/ Yoast SEO plugin. -->","yoast_head_json":{"title":"Tristeza do Papa pelos jovens que perdem suas vidas na loucura da guerra - Not\u00edcias - Franciscanos","robots":{"index":"index","follow":"follow","max-snippet":"max-snippet:-1","max-image-preview":"max-image-preview:large","max-video-preview":"max-video-preview:-1"},"canonical":"https:\/\/franciscanos.org.br\/noticias\/tristeza-do-papa-pelos-jovens-que-perdem-suas-vidas-na-loucura-da-guerra.html","og_locale":"pt_BR","og_type":"article","og_title":"Tristeza do Papa pelos jovens que perdem suas vidas na loucura da guerra - Not\u00edcias - Franciscanos","og_description":"O Santo Padre pediu com veem\u00eancia que \"sejam evitadas todas as tentativas irrespons\u00e1veis de ampliar o conflito na regi\u00e3o\":","og_url":"https:\/\/franciscanos.org.br\/noticias\/tristeza-do-papa-pelos-jovens-que-perdem-suas-vidas-na-loucura-da-guerra.html","og_site_name":"Not\u00edcias - Franciscanos","article_published_time":"2024-04-03T12:58:18+00:00","article_modified_time":"2024-04-03T12:59:52+00:00","og_image":[{"width":750,"height":422,"url":"https:\/\/franciscanos.org.br\/noticias\/wp-content\/uploads\/2024\/04\/cq5dam.thumbnail.cropped.750.422.jpeg","type":"image\/jpeg"}],"author":"Jo\u00e3o Vitor","twitter_card":"summary_large_image","twitter_misc":{"Escrito por":"Jo\u00e3o Vitor","Est. tempo de leitura":"3 minutos"},"schema":{"@context":"https:\/\/schema.org","@graph":[{"@type":"WebSite","@id":"https:\/\/franciscanos.org.br\/noticias\/#website","url":"https:\/\/franciscanos.org.br\/noticias\/","name":"Not\u00edcias - Franciscanos","description":"Prov\u00edncia Franciscana da Imaculada Concei\u00e7\u00e3o do Brasil - Ordem dos Frades Menores - OFM","potentialAction":[{"@type":"SearchAction","target":{"@type":"EntryPoint","urlTemplate":"https:\/\/franciscanos.org.br\/noticias\/?s={search_term_string}"},"query-input":"required name=search_term_string"}],"inLanguage":"pt-BR"},{"@type":"ImageObject","inLanguage":"pt-BR","@id":"https:\/\/franciscanos.org.br\/noticias\/tristeza-do-papa-pelos-jovens-que-perdem-suas-vidas-na-loucura-da-guerra.html#primaryimage","url":"https:\/\/franciscanos.org.br\/noticias\/wp-content\/uploads\/2024\/04\/cq5dam.thumbnail.cropped.750.422.jpeg","contentUrl":"https:\/\/franciscanos.org.br\/noticias\/wp-content\/uploads\/2024\/04\/cq5dam.thumbnail.cropped.750.422.jpeg","width":750,"height":422},{"@type":"WebPage","@id":"https:\/\/franciscanos.org.br\/noticias\/tristeza-do-papa-pelos-jovens-que-perdem-suas-vidas-na-loucura-da-guerra.html#webpage","url":"https:\/\/franciscanos.org.br\/noticias\/tristeza-do-papa-pelos-jovens-que-perdem-suas-vidas-na-loucura-da-guerra.html","name":"Tristeza do Papa pelos jovens que perdem suas vidas na loucura da guerra - Not\u00edcias - Franciscanos","isPartOf":{"@id":"https:\/\/franciscanos.org.br\/noticias\/#website"},"primaryImageOfPage":{"@id":"https:\/\/franciscanos.org.br\/noticias\/tristeza-do-papa-pelos-jovens-que-perdem-suas-vidas-na-loucura-da-guerra.html#primaryimage"},"datePublished":"2024-04-03T12:58:18+00:00","dateModified":"2024-04-03T12:59:52+00:00","author":{"@id":"https:\/\/franciscanos.org.br\/noticias\/#\/schema\/person\/8c11f06a466b856a11dd48d20600055f"},"breadcrumb":{"@id":"https:\/\/franciscanos.org.br\/noticias\/tristeza-do-papa-pelos-jovens-que-perdem-suas-vidas-na-loucura-da-guerra.html#breadcrumb"},"inLanguage":"pt-BR","potentialAction":[{"@type":"ReadAction","target":["https:\/\/franciscanos.org.br\/noticias\/tristeza-do-papa-pelos-jovens-que-perdem-suas-vidas-na-loucura-da-guerra.html"]}]},{"@type":"BreadcrumbList","@id":"https:\/\/franciscanos.org.br\/noticias\/tristeza-do-papa-pelos-jovens-que-perdem-suas-vidas-na-loucura-da-guerra.html#breadcrumb","itemListElement":[{"@type":"ListItem","position":1,"name":"Home","item":"https:\/\/franciscanos.org.br\/noticias"},{"@type":"ListItem","position":2,"name":"Tristeza do Papa pelos jovens que perdem suas vidas na loucura da guerra"}]},{"@type":"Person","@id":"https:\/\/franciscanos.org.br\/noticias\/#\/schema\/person\/8c11f06a466b856a11dd48d20600055f","name":"Jo\u00e3o Vitor","image":{"@type":"ImageObject","inLanguage":"pt-BR","@id":"https:\/\/franciscanos.org.br\/noticias\/#\/schema\/person\/image\/","url":"https:\/\/secure.gravatar.com\/avatar\/10ba5c9713e0c323617b4309a19e3a46?s=96&d=mm&r=g","contentUrl":"https:\/\/secure.gravatar.com\/avatar\/10ba5c9713e0c323617b4309a19e3a46?s=96&d=mm&r=g","caption":"Jo\u00e3o Vitor"},"url":"https:\/\/franciscanos.org.br\/noticias\/author\/joaovitor"}]}},"_links":{"self":[{"href":"https:\/\/franciscanos.org.br\/noticias\/wp-json\/wp\/v2\/posts\/246902"}],"collection":[{"href":"https:\/\/franciscanos.org.br\/noticias\/wp-json\/wp\/v2\/posts"}],"about":[{"href":"https:\/\/franciscanos.org.br\/noticias\/wp-json\/wp\/v2\/types\/post"}],"author":[{"embeddable":true,"href":"https:\/\/franciscanos.org.br\/noticias\/wp-json\/wp\/v2\/users\/10"}],"replies":[{"embeddable":true,"href":"https:\/\/franciscanos.org.br\/noticias\/wp-json\/wp\/v2\/comments?post=246902"}],"version-history":[{"count":2,"href":"https:\/\/franciscanos.org.br\/noticias\/wp-json\/wp\/v2\/posts\/246902\/revisions"}],"predecessor-version":[{"id":246905,"href":"https:\/\/franciscanos.org.br\/noticias\/wp-json\/wp\/v2\/posts\/246902\/revisions\/246905"}],"wp:featuredmedia":[{"embeddable":true,"href":"https:\/\/franciscanos.org.br\/noticias\/wp-json\/wp\/v2\/media\/246903"}],"wp:attachment":[{"href":"https:\/\/franciscanos.org.br\/noticias\/wp-json\/wp\/v2\/media?parent=246902"}],"wp:term":[{"taxonomy":"category","embeddable":true,"href":"https:\/\/franciscanos.org.br\/noticias\/wp-json\/wp\/v2\/categories?post=246902"},{"taxonomy":"post_tag","embeddable":true,"href":"https:\/\/franciscanos.org.br\/noticias\/wp-json\/wp\/v2\/tags?post=246902"}],"curies":[{"name":"wp","href":"https:\/\/api.w.org\/{rel}","templated":true}]}}