{"id":246873,"date":"2024-04-02T23:24:54","date_gmt":"2024-04-03T02:24:54","guid":{"rendered":"https:\/\/franciscanos.org.br\/noticias\/?p=246873"},"modified":"2024-04-02T23:33:01","modified_gmt":"2024-04-03T02:33:01","slug":"maria-e-mae-e-mestra-da-solidariedade-3o-dia-do-oitavario-da-penha","status":"publish","type":"post","link":"https:\/\/franciscanos.org.br\/noticias\/maria-e-mae-e-mestra-da-solidariedade-3o-dia-do-oitavario-da-penha.html","title":{"rendered":"\u201cMaria \u00e9 m\u00e3e e mestra da solidariedade\u201d \u2013 3\u00ba dia do Oitav\u00e1rio da Penha"},"content":{"rendered":"<p><img loading=\"lazy\" class=\"aligncenter wp-image-246874 size-full\" src=\"https:\/\/franciscanos.org.br\/noticias\/wp-content\/uploads\/2024\/04\/oitavario_20424_1.jpg\" alt=\"\" width=\"1280\" height=\"720\" srcset=\"https:\/\/franciscanos.org.br\/noticias\/wp-content\/uploads\/2024\/04\/oitavario_20424_1.jpg 1280w, https:\/\/franciscanos.org.br\/noticias\/wp-content\/uploads\/2024\/04\/oitavario_20424_1-450x253.jpg 450w, https:\/\/franciscanos.org.br\/noticias\/wp-content\/uploads\/2024\/04\/oitavario_20424_1-1024x576.jpg 1024w, https:\/\/franciscanos.org.br\/noticias\/wp-content\/uploads\/2024\/04\/oitavario_20424_1-768x432.jpg 768w, https:\/\/franciscanos.org.br\/noticias\/wp-content\/uploads\/2024\/04\/oitavario_20424_1-150x84.jpg 150w\" sizes=\"(max-width: 1280px) 100vw, 1280px\" \/><\/p>\n<p><span style=\"font-weight: 400;\">O terceiro dia do Oitav\u00e1rio de Nossa Senhora da Penha contou com a presen\u00e7a da \u00c1rea Pastoral de Cariacica- Viana, compostas por 18 par\u00f3quias que lotaram o Campinho do Convento, em Vila Velha (ES), nesta ter\u00e7a-feira (02).<\/span><\/p>\n<p><span style=\"font-weight: 400;\">Como muita alegria caracter\u00edstica do carisma franciscano, o momento devocional dedicado \u00e0 Virgem da Penha teve como tema: \u201cN\u00e3o negues nunca a tua m\u00e3o a quem te encontrar\u201d, mais uma refer\u00eancia \u00e0 m\u00fasica \u201c Pelas estradas da vida\u201d, base dos oito dias de ora\u00e7\u00f5es dedicados a padroeira do Esp\u00edrito Santo.<\/span><\/p>\n<p><span style=\"font-weight: 400;\">Frei Gabriel Dellandrea, animador da programa\u00e7\u00e3o religiosa da Festa da Penha, abriu a reflex\u00e3o do Oitav\u00e1rio afirmando que: \u201cMaria \u00e9 m\u00e3e e mestra da solidariedade, e ela \u00e9 quem nos inspira a n\u00e3o negarmos nunca a nossa m\u00e3o a quem necessitar da nossa ajuda.\u00a0 Com certeza ela, como disc\u00edpula e m\u00e3e, ao longo de sua caminhada, realizou esse gesto de ajudar, de apoiar, de servir\u201d.<\/span><\/p>\n<p><img loading=\"lazy\" class=\"aligncenter wp-image-246897 size-full\" src=\"https:\/\/franciscanos.org.br\/noticias\/wp-content\/uploads\/2024\/04\/oitavario_20424_6.jpg\" alt=\"\" width=\"1280\" height=\"720\" srcset=\"https:\/\/franciscanos.org.br\/noticias\/wp-content\/uploads\/2024\/04\/oitavario_20424_6.jpg 1280w, https:\/\/franciscanos.org.br\/noticias\/wp-content\/uploads\/2024\/04\/oitavario_20424_6-450x253.jpg 450w, https:\/\/franciscanos.org.br\/noticias\/wp-content\/uploads\/2024\/04\/oitavario_20424_6-1024x576.jpg 1024w, https:\/\/franciscanos.org.br\/noticias\/wp-content\/uploads\/2024\/04\/oitavario_20424_6-768x432.jpg 768w, https:\/\/franciscanos.org.br\/noticias\/wp-content\/uploads\/2024\/04\/oitavario_20424_6-150x84.jpg 150w\" sizes=\"(max-width: 1280px) 100vw, 1280px\" \/><\/p>\n<p><span style=\"font-weight: 400;\">O frade ainda ressaltou que, por meio do exemplo de Maria, nos inspiramos na solidariedade que ela revelou por meio de seus atos; n\u00e3o de quem ajuda para ser visto, mas de quem sabe que seu aux\u00edlio vai ao encontro de Jesus, que tamb\u00e9m nos mostrou o caminho da acolhida, da compaix\u00e3o e do amor ao pr\u00f3ximo. \u201cDevemos nos embrenhar no mundo da solidariedade, fazendo a nossa parte, para que mais irm\u00e3os e irm\u00e3s tenham a sua dor amenizada por meio do nosso carinho e do nosso apoio\u201d, afirmou.<\/span><\/p>\n<p><span style=\"font-weight: 400;\">Segundo Frei Gabriel, muitas vezes devemos olhar para dentro e perceber que quem precisa da m\u00e3o estendida somos n\u00f3s, quando estamos cansados e necessitamos de descanso. \u201cNegar a m\u00e3o para nos ajudar \u00e9 tamb\u00e9m n\u00e3o ajudar de forma adequada os outros. \u00c9 necess\u00e1rio cuidar de si para ter condi\u00e7\u00f5es de cuidar bem do outro\u201d.\u00a0<\/span><\/p>\n<p><span style=\"font-weight: 400;\">Ao final, a partir do Evangelho e Mateus, o frade referiu-se \u00e0 visita da imagem peregrina de Nossa Senhora da Penha ao pres\u00eddio feminino, nesta ter\u00e7a-feira. \u201cNossa Senhora da Penha foi visitar aquelas mulheres que mais precisam de acolhida, de apoio, de um novo norte para suas vidas. Tenho certeza que a visita da santa transformou muitos cora\u00e7\u00f5es. Nossa Senhora n\u00e3o negou a m\u00e3o, pois foi buscar, foi encontrar aquelas que precisavam da sua presen\u00e7a. Que o exemplo de Nossa Senhora da Penha, que esse ato prof\u00e9tico da nossa festa inspire o nosso cora\u00e7\u00e3o para que possamos ir ao encontro daqueles que mais necessitam. Que tamb\u00e9m possamos cuidar da nossa sa\u00fade mental para bem cuidarmos dos outros. Que nessa troca possamos encontrar o Reino de Deus, que se faz na caridade e na solidariedade\u201d, finalizou.<\/span><\/p>\n<p><img loading=\"lazy\" class=\"aligncenter wp-image-246885 size-full\" src=\"https:\/\/franciscanos.org.br\/noticias\/wp-content\/uploads\/2024\/04\/penha_02042024_7506-Grande.jpeg\" alt=\"\" width=\"1280\" height=\"853\" srcset=\"https:\/\/franciscanos.org.br\/noticias\/wp-content\/uploads\/2024\/04\/penha_02042024_7506-Grande.jpeg 1280w, https:\/\/franciscanos.org.br\/noticias\/wp-content\/uploads\/2024\/04\/penha_02042024_7506-Grande-450x300.jpeg 450w, https:\/\/franciscanos.org.br\/noticias\/wp-content\/uploads\/2024\/04\/penha_02042024_7506-Grande-1024x682.jpeg 1024w, https:\/\/franciscanos.org.br\/noticias\/wp-content\/uploads\/2024\/04\/penha_02042024_7506-Grande-768x512.jpeg 768w, https:\/\/franciscanos.org.br\/noticias\/wp-content\/uploads\/2024\/04\/penha_02042024_7506-Grande-150x100.jpeg 150w\" sizes=\"(max-width: 1280px) 100vw, 1280px\" \/><\/p>\n<p><b>Santa Missa<\/b><\/p>\n<p><span style=\"font-weight: 400;\">Com grande presen\u00e7a de fi\u00e9is e sacerdotes, a Santa Missa desta ter\u00e7a-feira, foi presidida pelo Padre Paulo Henrique Ribeiro In\u00e1cio, p\u00e1roco da Par\u00f3quia Sagrada Fam\u00edlia Jesus, Maria e Jos\u00e9, de Cariacica.\u00a0<\/span><\/p>\n<p><span style=\"font-weight: 400;\">Em sua homilia, Padre Jonatan Rocha Nascimento, vig\u00e1rio paroquial da Par\u00f3quia Bom Pastor, tamb\u00e9m de Cariacica, relacionou a subida do Convento ao encontro com Nossa Senhora da Penha, a exemplo de Frei Pedro Pal\u00e1cios, propagador da devo\u00e7\u00e3o a Santa das Alegrias e precursor da Festa dedicada a santa h\u00e1 454 anos.\u00a0<\/span><\/p>\n<p><span style=\"font-weight: 400;\">\u201cCome\u00e7o a reflex\u00e3o no in\u00edcio de tudo, sobre como tudo isso come\u00e7ou. Frei Pedro Pal\u00e1cios, que nasceu na Espanha, chegou na Bahia e veio para o Esp\u00edrito Santo, onde fundou, em 1558, o que hoje chamamos de Convento da Penha. Ele que era frade, consagrado, pregador, catequista, veio anunciar a Boa Nova\u201d, recordou.<\/span><\/p>\n<p><img loading=\"lazy\" class=\"wp-image-246877 size-full aligncenter\" src=\"https:\/\/franciscanos.org.br\/noticias\/wp-content\/uploads\/2024\/04\/oitavario_20424_4.jpg\" alt=\"\" width=\"1280\" height=\"720\" srcset=\"https:\/\/franciscanos.org.br\/noticias\/wp-content\/uploads\/2024\/04\/oitavario_20424_4.jpg 1280w, https:\/\/franciscanos.org.br\/noticias\/wp-content\/uploads\/2024\/04\/oitavario_20424_4-450x253.jpg 450w, https:\/\/franciscanos.org.br\/noticias\/wp-content\/uploads\/2024\/04\/oitavario_20424_4-1024x576.jpg 1024w, https:\/\/franciscanos.org.br\/noticias\/wp-content\/uploads\/2024\/04\/oitavario_20424_4-768x432.jpg 768w, https:\/\/franciscanos.org.br\/noticias\/wp-content\/uploads\/2024\/04\/oitavario_20424_4-150x84.jpg 150w\" sizes=\"(max-width: 1280px) 100vw, 1280px\" \/><\/p>\n<p><span style=\"font-weight: 400;\">O p\u00e1roco destacou a import\u00e2ncia hist\u00f3rica desse fato e como, para al\u00e9m de um local de reza, o Convento da Penha \u00e9 um local da hist\u00f3ria do Esp\u00edrito Santo, constru\u00eddo numa pequena montanha que derrama a gra\u00e7a de Deus por todo o Estado. \u201cE, em 1570, uma capelinha constru\u00edda l\u00e1 do alto, tamb\u00e9m d\u00e1 in\u00edcio \u00e0 Festa da Penha que, naquele ano, foi realizada no dia 30 de abril. Frei Pedro Pal\u00e1cios, que pediu a gra\u00e7a de estar vivo para a primeira Festa da Penha, foi encontrado morto dia 2 de maio, em frente \u00e0 capelinha de S\u00e3o Francisco, ajoelhado no altar\u201d, contou o padre.<\/span><\/p>\n<p><span style=\"font-weight: 400;\">Envolvendo os fi\u00e9is com a hist\u00f3ria do Convento da Penha, Padre Jonatan perguntou ao povo: \u201cO que fez Frei Pedro Pal\u00e1cios sair da Espanha e vir morrer numa capelinha do Esp\u00edrito Santo? O que te traz aqui hoje? \u00c0s vezes o que nos traz ao Convento \u00e9 a tristeza, o sofrimento, uma dor, um pedido. Quantas vezes viemos chorar diante do Senhor como Maria chorou por seu filho? Subimos as ladeiras, as escadarias e vamos sendo consolados aos poucos. Por que? \u201d<\/span><\/p>\n<p><span style=\"font-weight: 400;\">Ele falou da ladeira da penit\u00eancia e o outro nome dado a ela: Ladeira das sete voltas ou das sete alegrias. O sacerdote explicou que S\u00e3o Jo\u00e3o Cris\u00f3stomo disse que Maria viu os anjos vestidos com trajes de festa para que ela fosse consolada da dor da Paix\u00e3o de Cristo. \u201cQuando subimos a ladeira vamos sendo consolados aos poucos. A cada curva tem uma placa com a devo\u00e7\u00e3o franciscana das sete alegrias:\u00a0 anuncia\u00e7\u00e3o, visita a Isabel, o nascimento de Jesus, adora\u00e7\u00e3o aos magos, o encontro de Jesus no Templo, a ressurrei\u00e7\u00e3o e Assun\u00e7\u00e3o de Nossa Senhora\u201d.<\/span><\/p>\n<p><img loading=\"lazy\" class=\"alignnone wp-image-246879 size-full\" src=\"https:\/\/franciscanos.org.br\/noticias\/wp-content\/uploads\/2024\/04\/oitavario_20424-scaled.jpg\" alt=\"\" width=\"1920\" height=\"1078\" srcset=\"https:\/\/franciscanos.org.br\/noticias\/wp-content\/uploads\/2024\/04\/oitavario_20424-scaled.jpg 1920w, https:\/\/franciscanos.org.br\/noticias\/wp-content\/uploads\/2024\/04\/oitavario_20424-450x253.jpg 450w, https:\/\/franciscanos.org.br\/noticias\/wp-content\/uploads\/2024\/04\/oitavario_20424-1024x575.jpg 1024w, https:\/\/franciscanos.org.br\/noticias\/wp-content\/uploads\/2024\/04\/oitavario_20424-768x431.jpg 768w, https:\/\/franciscanos.org.br\/noticias\/wp-content\/uploads\/2024\/04\/oitavario_20424-1536x862.jpg 1536w, https:\/\/franciscanos.org.br\/noticias\/wp-content\/uploads\/2024\/04\/oitavario_20424-2048x1149.jpg 2048w, https:\/\/franciscanos.org.br\/noticias\/wp-content\/uploads\/2024\/04\/oitavario_20424-150x84.jpg 150w\" sizes=\"(max-width: 1920px) 100vw, 1920px\" \/><\/p>\n<p><span style=\"font-weight: 400;\">\u201cSomos empurrados ladeira acima e vamos nos transformando, e o cansa\u00e7o quando o fiel chega ao convento \u00e9 transformado em al\u00edvio. Ao contemplar esse espa\u00e7o, as l\u00e1grimas de dor e sofrimento, se convertem em l\u00e1grimas de alegria porque n\u00f3s sabemos que vamos encontrar a m\u00e3e, e nos bra\u00e7os da m\u00e3e h\u00e1 um filho\u201d, salientou o Padre.\u00a0<\/span><\/p>\n<p><span style=\"font-weight: 400;\">Segundo ele, citando a primeira leitura que abordou a convers\u00e3o (Atos 2,36-41), as ladeiras do convento tamb\u00e9m favorecem a convers\u00e3o. \u201c A cada curva nossa tristeza, nossa ang\u00fastia e nossa l\u00e1grima, se convertem de alguma forma, e recebemos como filhos amados o Esp\u00edrito Santo, o esp\u00edrito de alegria, o esp\u00edrito que ressuscita a nossa f\u00e9, que as vezes deixamos esfriar pelos sofrimentos que v\u00e3o nos acometendo.\u00a0 Ao olharmos para cima sabemos que ali encontramos uma m\u00e3e que traz nos bra\u00e7os um Filho que \u00e9 capaz de nos transfigurar, de mudar nosso cora\u00e7\u00e3o. E esse filho vai nos chamar pelo nome, como chamou Maria\u201d.<\/span><\/p>\n<p><span style=\"font-weight: 400;\">\u201cO que nos traz ao Convento pode ser a dor, mas o que nos puxa aqui para cima \u00e9 saber que nos bra\u00e7os dessa M\u00e3e est\u00e1 nossa alegria, a alegria do Ressuscitado. \u00c9 certamente isso que trouxe Frei Pedro Pal\u00e1cios at\u00e9 aqui, e \u00e9 isso que nos faz subir a Penha, \u00e9 na Casa da M\u00e3e que encontramos repouso e descanso\u201d, completou.<\/span><\/p>\n<p><span style=\"font-weight: 400;\">Ap\u00f3s a celebra\u00e7\u00e3o, o Campinho do Convento ficou repleto de fi\u00e9is novamente. Eles acompanharam a \u201cB\u00ean\u00e7\u00e3o dos Casais&#8221;, com o Padre Diego Carvalho e Suely Fa\u00e7anha.<\/span><\/p>\n<p><iframe loading=\"lazy\" title=\"YouTube video player\" src=\"https:\/\/www.youtube.com\/embed\/0i4DpIoq7NI?si=k-W4mHQsKwiQSDoq\" width=\"100%\" height=\"480\" frameborder=\"0\" allowfullscreen=\"allowfullscreen\"><span data-mce-type=\"bookmark\" style=\"display: inline-block; width: 0px; overflow: hidden; line-height: 0;\" class=\"mce_SELRES_start\">\ufeff<\/span><\/iframe><\/p>\n\n\t\t<style type=\"text\/css\">\n\t\t\t#gallery-1 {\n\t\t\t\tmargin: auto;\n\t\t\t}\n\t\t\t#gallery-1 .gallery-item {\n\t\t\t\tfloat: left;\n\t\t\t\tmargin-top: 10px;\n\t\t\t\ttext-align: center;\n\t\t\t\twidth: 33%;\n\t\t\t}\n\t\t\t#gallery-1 img {\n\t\t\t\tborder: 2px solid #cfcfcf;\n\t\t\t}\n\t\t\t#gallery-1 .gallery-caption {\n\t\t\t\tmargin-left: 0;\n\t\t\t}\n\t\t\t\/* see gallery_shortcode() in wp-includes\/media.php *\/\n\t\t<\/style>\n\t\t<div id='gallery-1' class='gallery galleryid-246873 gallery-columns-3 gallery-size-thumbnail'><dl class='gallery-item'>\n\t\t\t<dt class='gallery-icon landscape'>\n\t\t\t\t<a href='https:\/\/franciscanos.org.br\/noticias\/wp-content\/uploads\/2024\/04\/penha_020424_2.jpeg'><img width=\"300\" height=\"300\" src=\"https:\/\/franciscanos.org.br\/noticias\/wp-content\/uploads\/2024\/04\/penha_020424_2-300x300.jpeg\" class=\"attachment-thumbnail size-thumbnail\" alt=\"\" loading=\"lazy\" aria-describedby=\"gallery-1-246894\" srcset=\"https:\/\/franciscanos.org.br\/noticias\/wp-content\/uploads\/2024\/04\/penha_020424_2-300x300.jpeg 300w, https:\/\/franciscanos.org.br\/noticias\/wp-content\/uploads\/2024\/04\/penha_020424_2-100x100.jpeg 100w\" sizes=\"(max-width: 300px) 100vw, 300px\" \/><\/a>\n\t\t\t<\/dt>\n\t\t\t\t<dd class='wp-caption-text gallery-caption' id='gallery-1-246894'>\n\t\t\t\tCr\u00e9dito: Fernando Madeira\n\t\t\t\t<\/dd><\/dl><dl class='gallery-item'>\n\t\t\t<dt class='gallery-icon landscape'>\n\t\t\t\t<a href='https:\/\/franciscanos.org.br\/noticias\/wp-content\/uploads\/2024\/04\/penha_02042024_7588-Grande.jpeg'><img width=\"300\" height=\"300\" src=\"https:\/\/franciscanos.org.br\/noticias\/wp-content\/uploads\/2024\/04\/penha_02042024_7588-Grande-300x300.jpeg\" class=\"attachment-thumbnail size-thumbnail\" alt=\"\" loading=\"lazy\" srcset=\"https:\/\/franciscanos.org.br\/noticias\/wp-content\/uploads\/2024\/04\/penha_02042024_7588-Grande-300x300.jpeg 300w, https:\/\/franciscanos.org.br\/noticias\/wp-content\/uploads\/2024\/04\/penha_02042024_7588-Grande-100x100.jpeg 100w\" sizes=\"(max-width: 300px) 100vw, 300px\" \/><\/a>\n\t\t\t<\/dt><\/dl><dl class='gallery-item'>\n\t\t\t<dt class='gallery-icon landscape'>\n\t\t\t\t<a href='https:\/\/franciscanos.org.br\/noticias\/wp-content\/uploads\/2024\/04\/penha_020424_1.jpeg'><img width=\"300\" height=\"300\" src=\"https:\/\/franciscanos.org.br\/noticias\/wp-content\/uploads\/2024\/04\/penha_020424_1-300x300.jpeg\" class=\"attachment-thumbnail size-thumbnail\" alt=\"\" loading=\"lazy\" aria-describedby=\"gallery-1-246893\" srcset=\"https:\/\/franciscanos.org.br\/noticias\/wp-content\/uploads\/2024\/04\/penha_020424_1-300x300.jpeg 300w, https:\/\/franciscanos.org.br\/noticias\/wp-content\/uploads\/2024\/04\/penha_020424_1-100x100.jpeg 100w\" sizes=\"(max-width: 300px) 100vw, 300px\" \/><\/a>\n\t\t\t<\/dt>\n\t\t\t\t<dd class='wp-caption-text gallery-caption' id='gallery-1-246893'>\n\t\t\t\tCr\u00e9dito: Fernando Madeira\n\t\t\t\t<\/dd><\/dl><br style=\"clear: both\" \/><dl class='gallery-item'>\n\t\t\t<dt class='gallery-icon landscape'>\n\t\t\t\t<a href='https:\/\/franciscanos.org.br\/noticias\/wp-content\/uploads\/2024\/04\/penha_02042024_7402-Grande.jpeg'><img width=\"300\" height=\"300\" src=\"https:\/\/franciscanos.org.br\/noticias\/wp-content\/uploads\/2024\/04\/penha_02042024_7402-Grande-300x300.jpeg\" class=\"attachment-thumbnail size-thumbnail\" alt=\"\" loading=\"lazy\" srcset=\"https:\/\/franciscanos.org.br\/noticias\/wp-content\/uploads\/2024\/04\/penha_02042024_7402-Grande-300x300.jpeg 300w, https:\/\/franciscanos.org.br\/noticias\/wp-content\/uploads\/2024\/04\/penha_02042024_7402-Grande-100x100.jpeg 100w\" sizes=\"(max-width: 300px) 100vw, 300px\" \/><\/a>\n\t\t\t<\/dt><\/dl><dl class='gallery-item'>\n\t\t\t<dt class='gallery-icon landscape'>\n\t\t\t\t<a href='https:\/\/franciscanos.org.br\/noticias\/wp-content\/uploads\/2024\/04\/penha_02042024_7486-Grande.jpeg'><img width=\"300\" height=\"300\" src=\"https:\/\/franciscanos.org.br\/noticias\/wp-content\/uploads\/2024\/04\/penha_02042024_7486-Grande-300x300.jpeg\" class=\"attachment-thumbnail size-thumbnail\" alt=\"\" loading=\"lazy\" srcset=\"https:\/\/franciscanos.org.br\/noticias\/wp-content\/uploads\/2024\/04\/penha_02042024_7486-Grande-300x300.jpeg 300w, https:\/\/franciscanos.org.br\/noticias\/wp-content\/uploads\/2024\/04\/penha_02042024_7486-Grande-100x100.jpeg 100w\" sizes=\"(max-width: 300px) 100vw, 300px\" \/><\/a>\n\t\t\t<\/dt><\/dl><dl class='gallery-item'>\n\t\t\t<dt class='gallery-icon landscape'>\n\t\t\t\t<a href='https:\/\/franciscanos.org.br\/noticias\/wp-content\/uploads\/2024\/04\/penha_02042024_7439-Grande.jpeg'><img width=\"300\" height=\"300\" src=\"https:\/\/franciscanos.org.br\/noticias\/wp-content\/uploads\/2024\/04\/penha_02042024_7439-Grande-300x300.jpeg\" class=\"attachment-thumbnail size-thumbnail\" alt=\"\" loading=\"lazy\" srcset=\"https:\/\/franciscanos.org.br\/noticias\/wp-content\/uploads\/2024\/04\/penha_02042024_7439-Grande-300x300.jpeg 300w, https:\/\/franciscanos.org.br\/noticias\/wp-content\/uploads\/2024\/04\/penha_02042024_7439-Grande-100x100.jpeg 100w\" sizes=\"(max-width: 300px) 100vw, 300px\" \/><\/a>\n\t\t\t<\/dt><\/dl><br style=\"clear: both\" \/><dl class='gallery-item'>\n\t\t\t<dt class='gallery-icon landscape'>\n\t\t\t\t<a href='https:\/\/franciscanos.org.br\/noticias\/wp-content\/uploads\/2024\/04\/penha_020424.jpeg'><img width=\"300\" height=\"300\" src=\"https:\/\/franciscanos.org.br\/noticias\/wp-content\/uploads\/2024\/04\/penha_020424-300x300.jpeg\" class=\"attachment-thumbnail size-thumbnail\" alt=\"\" loading=\"lazy\" aria-describedby=\"gallery-1-246892\" srcset=\"https:\/\/franciscanos.org.br\/noticias\/wp-content\/uploads\/2024\/04\/penha_020424-300x300.jpeg 300w, https:\/\/franciscanos.org.br\/noticias\/wp-content\/uploads\/2024\/04\/penha_020424-100x100.jpeg 100w\" sizes=\"(max-width: 300px) 100vw, 300px\" \/><\/a>\n\t\t\t<\/dt>\n\t\t\t\t<dd class='wp-caption-text gallery-caption' id='gallery-1-246892'>\n\t\t\t\tCr\u00e9dito: Fernando Madeira\n\t\t\t\t<\/dd><\/dl><dl class='gallery-item'>\n\t\t\t<dt class='gallery-icon landscape'>\n\t\t\t\t<a href='https:\/\/franciscanos.org.br\/noticias\/wp-content\/uploads\/2024\/04\/penha_02042024_7492-Grande.jpeg'><img width=\"300\" height=\"300\" src=\"https:\/\/franciscanos.org.br\/noticias\/wp-content\/uploads\/2024\/04\/penha_02042024_7492-Grande-300x300.jpeg\" class=\"attachment-thumbnail size-thumbnail\" alt=\"\" loading=\"lazy\" srcset=\"https:\/\/franciscanos.org.br\/noticias\/wp-content\/uploads\/2024\/04\/penha_02042024_7492-Grande-300x300.jpeg 300w, https:\/\/franciscanos.org.br\/noticias\/wp-content\/uploads\/2024\/04\/penha_02042024_7492-Grande-100x100.jpeg 100w\" sizes=\"(max-width: 300px) 100vw, 300px\" \/><\/a>\n\t\t\t<\/dt><\/dl><dl class='gallery-item'>\n\t\t\t<dt class='gallery-icon landscape'>\n\t\t\t\t<a href='https:\/\/franciscanos.org.br\/noticias\/wp-content\/uploads\/2024\/04\/penha_02042024_7498-Grande.jpeg'><img width=\"300\" height=\"300\" src=\"https:\/\/franciscanos.org.br\/noticias\/wp-content\/uploads\/2024\/04\/penha_02042024_7498-Grande-300x300.jpeg\" class=\"attachment-thumbnail size-thumbnail\" alt=\"\" loading=\"lazy\" srcset=\"https:\/\/franciscanos.org.br\/noticias\/wp-content\/uploads\/2024\/04\/penha_02042024_7498-Grande-300x300.jpeg 300w, https:\/\/franciscanos.org.br\/noticias\/wp-content\/uploads\/2024\/04\/penha_02042024_7498-Grande-100x100.jpeg 100w\" sizes=\"(max-width: 300px) 100vw, 300px\" \/><\/a>\n\t\t\t<\/dt><\/dl><br style=\"clear: both\" \/><dl class='gallery-item'>\n\t\t\t<dt class='gallery-icon landscape'>\n\t\t\t\t<a href='https:\/\/franciscanos.org.br\/noticias\/wp-content\/uploads\/2024\/04\/penha_02042024_7523-Grande.jpeg'><img width=\"300\" height=\"300\" src=\"https:\/\/franciscanos.org.br\/noticias\/wp-content\/uploads\/2024\/04\/penha_02042024_7523-Grande-300x300.jpeg\" class=\"attachment-thumbnail size-thumbnail\" alt=\"\" loading=\"lazy\" srcset=\"https:\/\/franciscanos.org.br\/noticias\/wp-content\/uploads\/2024\/04\/penha_02042024_7523-Grande-300x300.jpeg 300w, https:\/\/franciscanos.org.br\/noticias\/wp-content\/uploads\/2024\/04\/penha_02042024_7523-Grande-100x100.jpeg 100w\" sizes=\"(max-width: 300px) 100vw, 300px\" \/><\/a>\n\t\t\t<\/dt><\/dl><dl class='gallery-item'>\n\t\t\t<dt class='gallery-icon landscape'>\n\t\t\t\t<a href='https:\/\/franciscanos.org.br\/noticias\/wp-content\/uploads\/2024\/04\/penha_02042024_7506-Grande.jpeg'><img width=\"300\" height=\"300\" src=\"https:\/\/franciscanos.org.br\/noticias\/wp-content\/uploads\/2024\/04\/penha_02042024_7506-Grande-300x300.jpeg\" class=\"attachment-thumbnail size-thumbnail\" alt=\"\" loading=\"lazy\" srcset=\"https:\/\/franciscanos.org.br\/noticias\/wp-content\/uploads\/2024\/04\/penha_02042024_7506-Grande-300x300.jpeg 300w, https:\/\/franciscanos.org.br\/noticias\/wp-content\/uploads\/2024\/04\/penha_02042024_7506-Grande-100x100.jpeg 100w\" sizes=\"(max-width: 300px) 100vw, 300px\" \/><\/a>\n\t\t\t<\/dt><\/dl><dl class='gallery-item'>\n\t\t\t<dt class='gallery-icon landscape'>\n\t\t\t\t<a href='https:\/\/franciscanos.org.br\/noticias\/wp-content\/uploads\/2024\/04\/penha_02042024_7528-Grande.jpeg'><img width=\"300\" height=\"300\" src=\"https:\/\/franciscanos.org.br\/noticias\/wp-content\/uploads\/2024\/04\/penha_02042024_7528-Grande-300x300.jpeg\" class=\"attachment-thumbnail size-thumbnail\" alt=\"\" loading=\"lazy\" srcset=\"https:\/\/franciscanos.org.br\/noticias\/wp-content\/uploads\/2024\/04\/penha_02042024_7528-Grande-300x300.jpeg 300w, https:\/\/franciscanos.org.br\/noticias\/wp-content\/uploads\/2024\/04\/penha_02042024_7528-Grande-100x100.jpeg 100w\" sizes=\"(max-width: 300px) 100vw, 300px\" \/><\/a>\n\t\t\t<\/dt><\/dl><br style=\"clear: both\" \/><dl class='gallery-item'>\n\t\t\t<dt class='gallery-icon landscape'>\n\t\t\t\t<a href='https:\/\/franciscanos.org.br\/noticias\/wp-content\/uploads\/2024\/04\/penha_02042024_7550-Grande.jpeg'><img width=\"300\" height=\"300\" src=\"https:\/\/franciscanos.org.br\/noticias\/wp-content\/uploads\/2024\/04\/penha_02042024_7550-Grande-300x300.jpeg\" class=\"attachment-thumbnail size-thumbnail\" alt=\"\" loading=\"lazy\" srcset=\"https:\/\/franciscanos.org.br\/noticias\/wp-content\/uploads\/2024\/04\/penha_02042024_7550-Grande-300x300.jpeg 300w, https:\/\/franciscanos.org.br\/noticias\/wp-content\/uploads\/2024\/04\/penha_02042024_7550-Grande-100x100.jpeg 100w\" sizes=\"(max-width: 300px) 100vw, 300px\" \/><\/a>\n\t\t\t<\/dt><\/dl><dl class='gallery-item'>\n\t\t\t<dt class='gallery-icon landscape'>\n\t\t\t\t<a href='https:\/\/franciscanos.org.br\/noticias\/wp-content\/uploads\/2024\/04\/penha_02042024_7580-Grande.jpeg'><img width=\"300\" height=\"300\" src=\"https:\/\/franciscanos.org.br\/noticias\/wp-content\/uploads\/2024\/04\/penha_02042024_7580-Grande-300x300.jpeg\" class=\"attachment-thumbnail size-thumbnail\" alt=\"\" loading=\"lazy\" srcset=\"https:\/\/franciscanos.org.br\/noticias\/wp-content\/uploads\/2024\/04\/penha_02042024_7580-Grande-300x300.jpeg 300w, https:\/\/franciscanos.org.br\/noticias\/wp-content\/uploads\/2024\/04\/penha_02042024_7580-Grande-100x100.jpeg 100w\" sizes=\"(max-width: 300px) 100vw, 300px\" \/><\/a>\n\t\t\t<\/dt><\/dl><dl class='gallery-item'>\n\t\t\t<dt class='gallery-icon landscape'>\n\t\t\t\t<a href='https:\/\/franciscanos.org.br\/noticias\/wp-content\/uploads\/2024\/04\/penha_02042024_7602-Grande.jpeg'><img width=\"300\" height=\"300\" src=\"https:\/\/franciscanos.org.br\/noticias\/wp-content\/uploads\/2024\/04\/penha_02042024_7602-Grande-300x300.jpeg\" class=\"attachment-thumbnail size-thumbnail\" alt=\"\" loading=\"lazy\" srcset=\"https:\/\/franciscanos.org.br\/noticias\/wp-content\/uploads\/2024\/04\/penha_02042024_7602-Grande-300x300.jpeg 300w, https:\/\/franciscanos.org.br\/noticias\/wp-content\/uploads\/2024\/04\/penha_02042024_7602-Grande-100x100.jpeg 100w\" sizes=\"(max-width: 300px) 100vw, 300px\" \/><\/a>\n\t\t\t<\/dt><\/dl><br style=\"clear: both\" \/>\n\t\t<\/div>\n\n<hr \/>\n<p><em>Adriana Rabelo (texto) e Frei Augusto Luiz Gabriel (fotos e v\u00eddeo)<\/em><\/p>\n","protected":false},"excerpt":{"rendered":"<p>Festa da Penha 2024<\/p>\n","protected":false},"author":5,"featured_media":246874,"comment_status":"open","ping_status":"open","sticky":false,"template":"","format":"standard","meta":[],"categories":[1],"tags":[2195],"acf":[],"yoast_head":"<!-- This site is optimized with the Yoast SEO plugin v19.2 - https:\/\/yoast.com\/wordpress\/plugins\/seo\/ -->\n<title>\u201cMaria \u00e9 m\u00e3e e mestra da solidariedade\u201d \u2013 3\u00ba dia do Oitav\u00e1rio da Penha - Not\u00edcias - Franciscanos<\/title>\n<meta name=\"robots\" content=\"index, follow, max-snippet:-1, max-image-preview:large, max-video-preview:-1\" \/>\n<link rel=\"canonical\" href=\"https:\/\/franciscanos.org.br\/noticias\/maria-e-mae-e-mestra-da-solidariedade-3o-dia-do-oitavario-da-penha.html\" \/>\n<meta property=\"og:locale\" content=\"pt_BR\" \/>\n<meta property=\"og:type\" content=\"article\" \/>\n<meta property=\"og:title\" content=\"\u201cMaria \u00e9 m\u00e3e e mestra da solidariedade\u201d \u2013 3\u00ba dia do Oitav\u00e1rio da Penha - Not\u00edcias - Franciscanos\" \/>\n<meta property=\"og:description\" content=\"Festa da Penha 2024\" \/>\n<meta property=\"og:url\" content=\"https:\/\/franciscanos.org.br\/noticias\/maria-e-mae-e-mestra-da-solidariedade-3o-dia-do-oitavario-da-penha.html\" \/>\n<meta property=\"og:site_name\" content=\"Not\u00edcias - Franciscanos\" \/>\n<meta property=\"article:published_time\" content=\"2024-04-03T02:24:54+00:00\" \/>\n<meta property=\"article:modified_time\" content=\"2024-04-03T02:33:01+00:00\" \/>\n<meta property=\"og:image\" content=\"https:\/\/franciscanos.org.br\/noticias\/wp-content\/uploads\/2024\/04\/oitavario_20424_1.jpg\" \/>\n\t<meta property=\"og:image:width\" content=\"1280\" \/>\n\t<meta property=\"og:image:height\" content=\"720\" \/>\n\t<meta property=\"og:image:type\" content=\"image\/jpeg\" \/>\n<meta name=\"author\" content=\"freiaugusto\" \/>\n<meta name=\"twitter:card\" content=\"summary_large_image\" \/>\n<meta name=\"twitter:label1\" content=\"Escrito por\" \/>\n\t<meta name=\"twitter:data1\" content=\"freiaugusto\" \/>\n\t<meta name=\"twitter:label2\" content=\"Est. tempo de leitura\" \/>\n\t<meta name=\"twitter:data2\" content=\"6 minutos\" \/>\n<script type=\"application\/ld+json\" class=\"yoast-schema-graph\">{\"@context\":\"https:\/\/schema.org\",\"@graph\":[{\"@type\":\"WebSite\",\"@id\":\"https:\/\/franciscanos.org.br\/noticias\/#website\",\"url\":\"https:\/\/franciscanos.org.br\/noticias\/\",\"name\":\"Not\u00edcias - Franciscanos\",\"description\":\"Prov\u00edncia Franciscana da Imaculada Concei\u00e7\u00e3o do Brasil - Ordem dos Frades Menores - OFM\",\"potentialAction\":[{\"@type\":\"SearchAction\",\"target\":{\"@type\":\"EntryPoint\",\"urlTemplate\":\"https:\/\/franciscanos.org.br\/noticias\/?s={search_term_string}\"},\"query-input\":\"required name=search_term_string\"}],\"inLanguage\":\"pt-BR\"},{\"@type\":\"ImageObject\",\"inLanguage\":\"pt-BR\",\"@id\":\"https:\/\/franciscanos.org.br\/noticias\/maria-e-mae-e-mestra-da-solidariedade-3o-dia-do-oitavario-da-penha.html#primaryimage\",\"url\":\"https:\/\/franciscanos.org.br\/noticias\/wp-content\/uploads\/2024\/04\/oitavario_20424_1.jpg\",\"contentUrl\":\"https:\/\/franciscanos.org.br\/noticias\/wp-content\/uploads\/2024\/04\/oitavario_20424_1.jpg\",\"width\":1280,\"height\":720},{\"@type\":\"WebPage\",\"@id\":\"https:\/\/franciscanos.org.br\/noticias\/maria-e-mae-e-mestra-da-solidariedade-3o-dia-do-oitavario-da-penha.html#webpage\",\"url\":\"https:\/\/franciscanos.org.br\/noticias\/maria-e-mae-e-mestra-da-solidariedade-3o-dia-do-oitavario-da-penha.html\",\"name\":\"\u201cMaria \u00e9 m\u00e3e e mestra da solidariedade\u201d \u2013 3\u00ba dia do Oitav\u00e1rio da Penha - Not\u00edcias - Franciscanos\",\"isPartOf\":{\"@id\":\"https:\/\/franciscanos.org.br\/noticias\/#website\"},\"primaryImageOfPage\":{\"@id\":\"https:\/\/franciscanos.org.br\/noticias\/maria-e-mae-e-mestra-da-solidariedade-3o-dia-do-oitavario-da-penha.html#primaryimage\"},\"datePublished\":\"2024-04-03T02:24:54+00:00\",\"dateModified\":\"2024-04-03T02:33:01+00:00\",\"author\":{\"@id\":\"https:\/\/franciscanos.org.br\/noticias\/#\/schema\/person\/37f88f0d111cd5358b12a6556a99eb91\"},\"breadcrumb\":{\"@id\":\"https:\/\/franciscanos.org.br\/noticias\/maria-e-mae-e-mestra-da-solidariedade-3o-dia-do-oitavario-da-penha.html#breadcrumb\"},\"inLanguage\":\"pt-BR\",\"potentialAction\":[{\"@type\":\"ReadAction\",\"target\":[\"https:\/\/franciscanos.org.br\/noticias\/maria-e-mae-e-mestra-da-solidariedade-3o-dia-do-oitavario-da-penha.html\"]}]},{\"@type\":\"BreadcrumbList\",\"@id\":\"https:\/\/franciscanos.org.br\/noticias\/maria-e-mae-e-mestra-da-solidariedade-3o-dia-do-oitavario-da-penha.html#breadcrumb\",\"itemListElement\":[{\"@type\":\"ListItem\",\"position\":1,\"name\":\"Home\",\"item\":\"https:\/\/franciscanos.org.br\/noticias\"},{\"@type\":\"ListItem\",\"position\":2,\"name\":\"\u201cMaria \u00e9 m\u00e3e e mestra da solidariedade\u201d \u2013 3\u00ba dia do Oitav\u00e1rio da Penha\"}]},{\"@type\":\"Person\",\"@id\":\"https:\/\/franciscanos.org.br\/noticias\/#\/schema\/person\/37f88f0d111cd5358b12a6556a99eb91\",\"name\":\"freiaugusto\",\"image\":{\"@type\":\"ImageObject\",\"inLanguage\":\"pt-BR\",\"@id\":\"https:\/\/franciscanos.org.br\/noticias\/#\/schema\/person\/image\/\",\"url\":\"https:\/\/secure.gravatar.com\/avatar\/9840b940e621801b24f3e6b059efb4b7?s=96&d=mm&r=g\",\"contentUrl\":\"https:\/\/secure.gravatar.com\/avatar\/9840b940e621801b24f3e6b059efb4b7?s=96&d=mm&r=g\",\"caption\":\"freiaugusto\"},\"url\":\"https:\/\/franciscanos.org.br\/noticias\/author\/freiaugusto\"}]}<\/script>\n<!-- \/ Yoast SEO plugin. -->","yoast_head_json":{"title":"\u201cMaria \u00e9 m\u00e3e e mestra da solidariedade\u201d \u2013 3\u00ba dia do Oitav\u00e1rio da Penha - Not\u00edcias - Franciscanos","robots":{"index":"index","follow":"follow","max-snippet":"max-snippet:-1","max-image-preview":"max-image-preview:large","max-video-preview":"max-video-preview:-1"},"canonical":"https:\/\/franciscanos.org.br\/noticias\/maria-e-mae-e-mestra-da-solidariedade-3o-dia-do-oitavario-da-penha.html","og_locale":"pt_BR","og_type":"article","og_title":"\u201cMaria \u00e9 m\u00e3e e mestra da solidariedade\u201d \u2013 3\u00ba dia do Oitav\u00e1rio da Penha - Not\u00edcias - Franciscanos","og_description":"Festa da Penha 2024","og_url":"https:\/\/franciscanos.org.br\/noticias\/maria-e-mae-e-mestra-da-solidariedade-3o-dia-do-oitavario-da-penha.html","og_site_name":"Not\u00edcias - Franciscanos","article_published_time":"2024-04-03T02:24:54+00:00","article_modified_time":"2024-04-03T02:33:01+00:00","og_image":[{"width":1280,"height":720,"url":"https:\/\/franciscanos.org.br\/noticias\/wp-content\/uploads\/2024\/04\/oitavario_20424_1.jpg","type":"image\/jpeg"}],"author":"freiaugusto","twitter_card":"summary_large_image","twitter_misc":{"Escrito por":"freiaugusto","Est. tempo de leitura":"6 minutos"},"schema":{"@context":"https:\/\/schema.org","@graph":[{"@type":"WebSite","@id":"https:\/\/franciscanos.org.br\/noticias\/#website","url":"https:\/\/franciscanos.org.br\/noticias\/","name":"Not\u00edcias - Franciscanos","description":"Prov\u00edncia Franciscana da Imaculada Concei\u00e7\u00e3o do Brasil - Ordem dos Frades Menores - OFM","potentialAction":[{"@type":"SearchAction","target":{"@type":"EntryPoint","urlTemplate":"https:\/\/franciscanos.org.br\/noticias\/?s={search_term_string}"},"query-input":"required name=search_term_string"}],"inLanguage":"pt-BR"},{"@type":"ImageObject","inLanguage":"pt-BR","@id":"https:\/\/franciscanos.org.br\/noticias\/maria-e-mae-e-mestra-da-solidariedade-3o-dia-do-oitavario-da-penha.html#primaryimage","url":"https:\/\/franciscanos.org.br\/noticias\/wp-content\/uploads\/2024\/04\/oitavario_20424_1.jpg","contentUrl":"https:\/\/franciscanos.org.br\/noticias\/wp-content\/uploads\/2024\/04\/oitavario_20424_1.jpg","width":1280,"height":720},{"@type":"WebPage","@id":"https:\/\/franciscanos.org.br\/noticias\/maria-e-mae-e-mestra-da-solidariedade-3o-dia-do-oitavario-da-penha.html#webpage","url":"https:\/\/franciscanos.org.br\/noticias\/maria-e-mae-e-mestra-da-solidariedade-3o-dia-do-oitavario-da-penha.html","name":"\u201cMaria \u00e9 m\u00e3e e mestra da solidariedade\u201d \u2013 3\u00ba dia do Oitav\u00e1rio da Penha - Not\u00edcias - Franciscanos","isPartOf":{"@id":"https:\/\/franciscanos.org.br\/noticias\/#website"},"primaryImageOfPage":{"@id":"https:\/\/franciscanos.org.br\/noticias\/maria-e-mae-e-mestra-da-solidariedade-3o-dia-do-oitavario-da-penha.html#primaryimage"},"datePublished":"2024-04-03T02:24:54+00:00","dateModified":"2024-04-03T02:33:01+00:00","author":{"@id":"https:\/\/franciscanos.org.br\/noticias\/#\/schema\/person\/37f88f0d111cd5358b12a6556a99eb91"},"breadcrumb":{"@id":"https:\/\/franciscanos.org.br\/noticias\/maria-e-mae-e-mestra-da-solidariedade-3o-dia-do-oitavario-da-penha.html#breadcrumb"},"inLanguage":"pt-BR","potentialAction":[{"@type":"ReadAction","target":["https:\/\/franciscanos.org.br\/noticias\/maria-e-mae-e-mestra-da-solidariedade-3o-dia-do-oitavario-da-penha.html"]}]},{"@type":"BreadcrumbList","@id":"https:\/\/franciscanos.org.br\/noticias\/maria-e-mae-e-mestra-da-solidariedade-3o-dia-do-oitavario-da-penha.html#breadcrumb","itemListElement":[{"@type":"ListItem","position":1,"name":"Home","item":"https:\/\/franciscanos.org.br\/noticias"},{"@type":"ListItem","position":2,"name":"\u201cMaria \u00e9 m\u00e3e e mestra da solidariedade\u201d \u2013 3\u00ba dia do Oitav\u00e1rio da Penha"}]},{"@type":"Person","@id":"https:\/\/franciscanos.org.br\/noticias\/#\/schema\/person\/37f88f0d111cd5358b12a6556a99eb91","name":"freiaugusto","image":{"@type":"ImageObject","inLanguage":"pt-BR","@id":"https:\/\/franciscanos.org.br\/noticias\/#\/schema\/person\/image\/","url":"https:\/\/secure.gravatar.com\/avatar\/9840b940e621801b24f3e6b059efb4b7?s=96&d=mm&r=g","contentUrl":"https:\/\/secure.gravatar.com\/avatar\/9840b940e621801b24f3e6b059efb4b7?s=96&d=mm&r=g","caption":"freiaugusto"},"url":"https:\/\/franciscanos.org.br\/noticias\/author\/freiaugusto"}]}},"_links":{"self":[{"href":"https:\/\/franciscanos.org.br\/noticias\/wp-json\/wp\/v2\/posts\/246873"}],"collection":[{"href":"https:\/\/franciscanos.org.br\/noticias\/wp-json\/wp\/v2\/posts"}],"about":[{"href":"https:\/\/franciscanos.org.br\/noticias\/wp-json\/wp\/v2\/types\/post"}],"author":[{"embeddable":true,"href":"https:\/\/franciscanos.org.br\/noticias\/wp-json\/wp\/v2\/users\/5"}],"replies":[{"embeddable":true,"href":"https:\/\/franciscanos.org.br\/noticias\/wp-json\/wp\/v2\/comments?post=246873"}],"version-history":[{"count":4,"href":"https:\/\/franciscanos.org.br\/noticias\/wp-json\/wp\/v2\/posts\/246873\/revisions"}],"predecessor-version":[{"id":246901,"href":"https:\/\/franciscanos.org.br\/noticias\/wp-json\/wp\/v2\/posts\/246873\/revisions\/246901"}],"wp:featuredmedia":[{"embeddable":true,"href":"https:\/\/franciscanos.org.br\/noticias\/wp-json\/wp\/v2\/media\/246874"}],"wp:attachment":[{"href":"https:\/\/franciscanos.org.br\/noticias\/wp-json\/wp\/v2\/media?parent=246873"}],"wp:term":[{"taxonomy":"category","embeddable":true,"href":"https:\/\/franciscanos.org.br\/noticias\/wp-json\/wp\/v2\/categories?post=246873"},{"taxonomy":"post_tag","embeddable":true,"href":"https:\/\/franciscanos.org.br\/noticias\/wp-json\/wp\/v2\/tags?post=246873"}],"curies":[{"name":"wp","href":"https:\/\/api.w.org\/{rel}","templated":true}]}}