{"id":246862,"date":"2024-04-02T10:56:54","date_gmt":"2024-04-02T13:56:54","guid":{"rendered":"https:\/\/franciscanos.org.br\/noticias\/?p=246862"},"modified":"2024-04-02T15:44:34","modified_gmt":"2024-04-02T18:44:34","slug":"imagem-de-nossa-senhora-da-penha-percorre-unidade-prisional","status":"publish","type":"post","link":"https:\/\/franciscanos.org.br\/noticias\/imagem-de-nossa-senhora-da-penha-percorre-unidade-prisional.html","title":{"rendered":"Imagem de Nossa Senhora da Penha percorre unidade prisional"},"content":{"rendered":"<p>&nbsp;<\/p>\n<p><img loading=\"lazy\" class=\"size-medium wp-image-246869 alignleft\" src=\"https:\/\/franciscanos.org.br\/noticias\/wp-content\/uploads\/2024\/04\/Imagem-do-WhatsApp-de-2024-04-02-as-12.06.50_4cf74de1-338x450.jpg\" alt=\"\" width=\"338\" height=\"450\" srcset=\"https:\/\/franciscanos.org.br\/noticias\/wp-content\/uploads\/2024\/04\/Imagem-do-WhatsApp-de-2024-04-02-as-12.06.50_4cf74de1-338x450.jpg 338w, https:\/\/franciscanos.org.br\/noticias\/wp-content\/uploads\/2024\/04\/Imagem-do-WhatsApp-de-2024-04-02-as-12.06.50_4cf74de1-768x1024.jpg 768w, https:\/\/franciscanos.org.br\/noticias\/wp-content\/uploads\/2024\/04\/Imagem-do-WhatsApp-de-2024-04-02-as-12.06.50_4cf74de1-150x200.jpg 150w, https:\/\/franciscanos.org.br\/noticias\/wp-content\/uploads\/2024\/04\/Imagem-do-WhatsApp-de-2024-04-02-as-12.06.50_4cf74de1.jpg 810w\" sizes=\"(max-width: 338px) 100vw, 338px\" \/><\/p>\n<p style=\"text-align: center;\"><i>Detentas devotas da Padroeira do Esp\u00edrito Santo poder\u00e3o acompanhar a peregrina\u00e7\u00e3o da imagem no Centro Prisional Feminino de Cariacica (CPFC)<\/i><\/p>\n<p style=\"text-align: left;\">Pela primeira vez na hist\u00f3ria, a imagem de Nossa Senhora da Penha ser\u00e1 levada para uma unidade prisional do Estado. Detentas devotas da padroeira do Esp\u00edrito Santo acompanharam a peregrina\u00e7\u00e3o da imagem no Centro Prisional Feminino de Cariacica (CPFC), na manh\u00e3 desta ter\u00e7a-feira (02).<br \/>\n\u201cEstive preso, e voc\u00eas me visitaram, \u00e9 o que nos pede Jesus no an\u00fancio do Evangelho. Por isso, a visita \u00e0s nossas irm\u00e3s que est\u00e3o reclusas, para levar a mensagem do Evangelho junto \u00e0 imagem de Nossa Senhora. \u00c9 para que elas tamb\u00e9m se sintam participantes desta grande festa de Nossa Senhora da Penha. Elas n\u00e3o podem vir aos p\u00e9s de Nossa Senhora, ent\u00e3o Ela, Nossa Senhora, vai at\u00e9 elas na imagem que a representa. Ser\u00e1 um momento de encontro de Deus atrav\u00e9s de Nossa Senhora, \u00e9 Ela quem nos conduz ao filho, Cristo, vivo e ressuscitado. Ele veio para perdoar e acolher a todas aquelas e todos aqueles que se colocam num caminho de convers\u00e3o com o prop\u00f3sito de uma nova vida. O Pai n\u00e3o rejeita nem exclui ningu\u00e9m que o procura de cora\u00e7\u00e3o sincero. Ent\u00e3o levar a imagem de Nossa Senhora \u00e9 levar a M\u00e3e que n\u00e3o abandona seus filhos e ao mesmo tempo mostrar \u00e0s mulheres reclusas que Jesus est\u00e1 sempre recebendo a todas de bra\u00e7os \u00a0misericordiosos, para aquelas que o buscam de cora\u00e7\u00e3o sincero\u201d, disse Frei Jorge L\u00e1zaro, que acompanhou a visita da imagem.<br \/>\nEsta \u00e9 a 454\u00aa edi\u00e7\u00e3o da Festa da Penha. Na ocasi\u00e3o, a imagem percorreu as galerias, o alojamento materno-infantil e as oficinas de trabalho, com cantos marianos e ora\u00e7\u00f5es.<br \/>\nA celebra\u00e7\u00e3o no local faz parte das a\u00e7\u00f5es de assist\u00eancia espiritual desenvolvidas nas unidades prisionais do Estado. Atualmente, 2.712 volunt\u00e1rios religiosos atuam em todas as 37 unidades prisionais do Estado. S\u00e3o 27 denomina\u00e7\u00f5es, divididas em 154 grupos.<br \/>\n\u201cNeste ano, a Pastoral Carcer\u00e1ria recebeu com muita alegria a proposta da organiza\u00e7\u00e3o da Festa da Penha de visitar um pres\u00eddio e levar a imagem de Nossa Senhora da Penha at\u00e9 l\u00e1. Prontamente topamos a miss\u00e3o e escolhemos sem titubear o pres\u00eddio feminino, que tem as marcas de tantas mulheres de f\u00e9 e de luta. Desejamos que a passagem de Nossa Senhora da Sa\u00fade e das Alegrias possa reanimar nossas vidas e cora\u00e7\u00f5es\u201d, destacou Kamila Moura, coordenadora Arquidiocesana da Pastoral Carcer\u00e1ria.<br \/>\nA Assessoria de Assist\u00eancia Religiosa (ASRE) da Secretaria da Justi\u00e7a (Sejus) coordena os trabalhos desenvolvidos nas unidades prisionais do Estado, em conjunto com o Grupo de Trabalho Interconfessional do Sistema Prisional (Ginter).<br \/>\n\u201c\u00c9 a primeira vez que o sistema prisional recebe a peregrina\u00e7\u00e3o da Nossa Senhora da Penha. A atividade d\u00e1 in\u00edcio \u00e0s comemora\u00e7\u00f5es da Festa da Penha, com a possibilidade de as fi\u00e9is do pres\u00eddio feminino exercitarem a sua f\u00e9\u201d, explica a coordenadora da Assist\u00eancia Religiosa (ASRE), Maria Jovelina Debona.<\/p>\n<p style=\"text-align: left;\"><img loading=\"lazy\" class=\"aligncenter wp-image-246870 size-full\" src=\"https:\/\/franciscanos.org.br\/noticias\/wp-content\/uploads\/2024\/04\/Imagem-do-WhatsApp-de-2024-04-02-as-12.06.49_2010a53a.jpg\" alt=\"\" width=\"960\" height=\"1280\" srcset=\"https:\/\/franciscanos.org.br\/noticias\/wp-content\/uploads\/2024\/04\/Imagem-do-WhatsApp-de-2024-04-02-as-12.06.49_2010a53a.jpg 810w, https:\/\/franciscanos.org.br\/noticias\/wp-content\/uploads\/2024\/04\/Imagem-do-WhatsApp-de-2024-04-02-as-12.06.49_2010a53a-338x450.jpg 338w, https:\/\/franciscanos.org.br\/noticias\/wp-content\/uploads\/2024\/04\/Imagem-do-WhatsApp-de-2024-04-02-as-12.06.49_2010a53a-768x1024.jpg 768w, https:\/\/franciscanos.org.br\/noticias\/wp-content\/uploads\/2024\/04\/Imagem-do-WhatsApp-de-2024-04-02-as-12.06.49_2010a53a-150x200.jpg 150w\" sizes=\"(max-width: 960px) 100vw, 960px\" \/><br \/>\n\u201cAl\u00e9m de ser um direito previsto na Lei de Execu\u00e7\u00e3o Penal (LEP), procuramos promover a\u00e7\u00f5es de espiritualidade nas unidades prisionais como forma de ressocializa\u00e7\u00e3o. O respeito \u00e0s diversas cren\u00e7as e cultos \u00e9 garantido para as pessoas privadas de liberdade e conseguimos, dessa forma, reunir diversos segmentos religiosos para atender \u00e0s necessidades da popula\u00e7\u00e3o carcer\u00e1ria que deseja proferir sua f\u00e9, de acordo com sua cren\u00e7a\u201d, pontua Maria Jovelina Debona.<\/p>\n<p style=\"text-align: left;\"><strong>Sobre o Ginter<\/strong><br \/>\nO Ginter \u00e9 composto por assessores teol\u00f3gicos que contribuem de forma volunt\u00e1ria com a Sejus para a assist\u00eancia religiosa no sistema prisional. Al\u00e9m de qualificar os volunt\u00e1rios que atuam nas unidades prisionais, o grupo tamb\u00e9m atua na amplia\u00e7\u00e3o da assist\u00eancia espiritual oferecida nos pres\u00eddios.<\/p>\n<hr \/>\n<p style=\"text-align: left;\"><em>Texto: Sandra Dalton (Sejus), com colabora\u00e7\u00e3o de Jaqueline Vianna (Festa da Penha)<\/em><\/p>\n","protected":false},"excerpt":{"rendered":"<p>Pela primeira vez, a imagem de Nossa Senhora da Penha ser\u00e1 levada para uma unidade prisional do Estado.<\/p>\n","protected":false},"author":10,"featured_media":246864,"comment_status":"open","ping_status":"open","sticky":false,"template":"","format":"standard","meta":[],"categories":[1],"tags":[245,2195],"acf":[],"yoast_head":"<!-- This site is optimized with the Yoast SEO plugin v19.2 - https:\/\/yoast.com\/wordpress\/plugins\/seo\/ -->\n<title>Imagem de Nossa Senhora da Penha percorre unidade prisional - Not\u00edcias - Franciscanos<\/title>\n<meta name=\"robots\" content=\"index, follow, max-snippet:-1, max-image-preview:large, max-video-preview:-1\" \/>\n<link rel=\"canonical\" href=\"https:\/\/franciscanos.org.br\/noticias\/imagem-de-nossa-senhora-da-penha-percorre-unidade-prisional.html\" \/>\n<meta property=\"og:locale\" content=\"pt_BR\" \/>\n<meta property=\"og:type\" content=\"article\" \/>\n<meta property=\"og:title\" content=\"Imagem de Nossa Senhora da Penha percorre unidade prisional - Not\u00edcias - Franciscanos\" \/>\n<meta property=\"og:description\" content=\"Pela primeira vez, a imagem de Nossa Senhora da Penha ser\u00e1 levada para uma unidade prisional do Estado.\" \/>\n<meta property=\"og:url\" content=\"https:\/\/franciscanos.org.br\/noticias\/imagem-de-nossa-senhora-da-penha-percorre-unidade-prisional.html\" \/>\n<meta property=\"og:site_name\" content=\"Not\u00edcias - Franciscanos\" \/>\n<meta property=\"article:published_time\" content=\"2024-04-02T13:56:54+00:00\" \/>\n<meta property=\"article:modified_time\" content=\"2024-04-02T18:44:34+00:00\" \/>\n<meta property=\"og:image\" content=\"https:\/\/franciscanos.org.br\/noticias\/wp-content\/uploads\/2024\/04\/Sem-Titulo-1.jpg\" \/>\n\t<meta property=\"og:image:width\" content=\"1280\" \/>\n\t<meta property=\"og:image:height\" content=\"720\" \/>\n\t<meta property=\"og:image:type\" content=\"image\/jpeg\" \/>\n<meta name=\"author\" content=\"Jo\u00e3o Vitor\" \/>\n<meta name=\"twitter:card\" content=\"summary_large_image\" \/>\n<meta name=\"twitter:label1\" content=\"Escrito por\" \/>\n\t<meta name=\"twitter:data1\" content=\"Jo\u00e3o Vitor\" \/>\n\t<meta name=\"twitter:label2\" content=\"Est. tempo de leitura\" \/>\n\t<meta name=\"twitter:data2\" content=\"3 minutos\" \/>\n<script type=\"application\/ld+json\" class=\"yoast-schema-graph\">{\"@context\":\"https:\/\/schema.org\",\"@graph\":[{\"@type\":\"WebSite\",\"@id\":\"https:\/\/franciscanos.org.br\/noticias\/#website\",\"url\":\"https:\/\/franciscanos.org.br\/noticias\/\",\"name\":\"Not\u00edcias - Franciscanos\",\"description\":\"Prov\u00edncia Franciscana da Imaculada Concei\u00e7\u00e3o do Brasil - Ordem dos Frades Menores - OFM\",\"potentialAction\":[{\"@type\":\"SearchAction\",\"target\":{\"@type\":\"EntryPoint\",\"urlTemplate\":\"https:\/\/franciscanos.org.br\/noticias\/?s={search_term_string}\"},\"query-input\":\"required name=search_term_string\"}],\"inLanguage\":\"pt-BR\"},{\"@type\":\"ImageObject\",\"inLanguage\":\"pt-BR\",\"@id\":\"https:\/\/franciscanos.org.br\/noticias\/imagem-de-nossa-senhora-da-penha-percorre-unidade-prisional.html#primaryimage\",\"url\":\"https:\/\/franciscanos.org.br\/noticias\/wp-content\/uploads\/2024\/04\/Sem-Titulo-1.jpg\",\"contentUrl\":\"https:\/\/franciscanos.org.br\/noticias\/wp-content\/uploads\/2024\/04\/Sem-Titulo-1.jpg\",\"width\":1280,\"height\":720},{\"@type\":\"WebPage\",\"@id\":\"https:\/\/franciscanos.org.br\/noticias\/imagem-de-nossa-senhora-da-penha-percorre-unidade-prisional.html#webpage\",\"url\":\"https:\/\/franciscanos.org.br\/noticias\/imagem-de-nossa-senhora-da-penha-percorre-unidade-prisional.html\",\"name\":\"Imagem de Nossa Senhora da Penha percorre unidade prisional - Not\u00edcias - Franciscanos\",\"isPartOf\":{\"@id\":\"https:\/\/franciscanos.org.br\/noticias\/#website\"},\"primaryImageOfPage\":{\"@id\":\"https:\/\/franciscanos.org.br\/noticias\/imagem-de-nossa-senhora-da-penha-percorre-unidade-prisional.html#primaryimage\"},\"datePublished\":\"2024-04-02T13:56:54+00:00\",\"dateModified\":\"2024-04-02T18:44:34+00:00\",\"author\":{\"@id\":\"https:\/\/franciscanos.org.br\/noticias\/#\/schema\/person\/8c11f06a466b856a11dd48d20600055f\"},\"breadcrumb\":{\"@id\":\"https:\/\/franciscanos.org.br\/noticias\/imagem-de-nossa-senhora-da-penha-percorre-unidade-prisional.html#breadcrumb\"},\"inLanguage\":\"pt-BR\",\"potentialAction\":[{\"@type\":\"ReadAction\",\"target\":[\"https:\/\/franciscanos.org.br\/noticias\/imagem-de-nossa-senhora-da-penha-percorre-unidade-prisional.html\"]}]},{\"@type\":\"BreadcrumbList\",\"@id\":\"https:\/\/franciscanos.org.br\/noticias\/imagem-de-nossa-senhora-da-penha-percorre-unidade-prisional.html#breadcrumb\",\"itemListElement\":[{\"@type\":\"ListItem\",\"position\":1,\"name\":\"Home\",\"item\":\"https:\/\/franciscanos.org.br\/noticias\"},{\"@type\":\"ListItem\",\"position\":2,\"name\":\"Imagem de Nossa Senhora da Penha percorre unidade prisional\"}]},{\"@type\":\"Person\",\"@id\":\"https:\/\/franciscanos.org.br\/noticias\/#\/schema\/person\/8c11f06a466b856a11dd48d20600055f\",\"name\":\"Jo\u00e3o Vitor\",\"image\":{\"@type\":\"ImageObject\",\"inLanguage\":\"pt-BR\",\"@id\":\"https:\/\/franciscanos.org.br\/noticias\/#\/schema\/person\/image\/\",\"url\":\"https:\/\/secure.gravatar.com\/avatar\/10ba5c9713e0c323617b4309a19e3a46?s=96&d=mm&r=g\",\"contentUrl\":\"https:\/\/secure.gravatar.com\/avatar\/10ba5c9713e0c323617b4309a19e3a46?s=96&d=mm&r=g\",\"caption\":\"Jo\u00e3o Vitor\"},\"url\":\"https:\/\/franciscanos.org.br\/noticias\/author\/joaovitor\"}]}<\/script>\n<!-- \/ Yoast SEO plugin. -->","yoast_head_json":{"title":"Imagem de Nossa Senhora da Penha percorre unidade prisional - Not\u00edcias - Franciscanos","robots":{"index":"index","follow":"follow","max-snippet":"max-snippet:-1","max-image-preview":"max-image-preview:large","max-video-preview":"max-video-preview:-1"},"canonical":"https:\/\/franciscanos.org.br\/noticias\/imagem-de-nossa-senhora-da-penha-percorre-unidade-prisional.html","og_locale":"pt_BR","og_type":"article","og_title":"Imagem de Nossa Senhora da Penha percorre unidade prisional - Not\u00edcias - Franciscanos","og_description":"Pela primeira vez, a imagem de Nossa Senhora da Penha ser\u00e1 levada para uma unidade prisional do Estado.","og_url":"https:\/\/franciscanos.org.br\/noticias\/imagem-de-nossa-senhora-da-penha-percorre-unidade-prisional.html","og_site_name":"Not\u00edcias - Franciscanos","article_published_time":"2024-04-02T13:56:54+00:00","article_modified_time":"2024-04-02T18:44:34+00:00","og_image":[{"width":1280,"height":720,"url":"https:\/\/franciscanos.org.br\/noticias\/wp-content\/uploads\/2024\/04\/Sem-Titulo-1.jpg","type":"image\/jpeg"}],"author":"Jo\u00e3o Vitor","twitter_card":"summary_large_image","twitter_misc":{"Escrito por":"Jo\u00e3o Vitor","Est. tempo de leitura":"3 minutos"},"schema":{"@context":"https:\/\/schema.org","@graph":[{"@type":"WebSite","@id":"https:\/\/franciscanos.org.br\/noticias\/#website","url":"https:\/\/franciscanos.org.br\/noticias\/","name":"Not\u00edcias - Franciscanos","description":"Prov\u00edncia Franciscana da Imaculada Concei\u00e7\u00e3o do Brasil - Ordem dos Frades Menores - OFM","potentialAction":[{"@type":"SearchAction","target":{"@type":"EntryPoint","urlTemplate":"https:\/\/franciscanos.org.br\/noticias\/?s={search_term_string}"},"query-input":"required name=search_term_string"}],"inLanguage":"pt-BR"},{"@type":"ImageObject","inLanguage":"pt-BR","@id":"https:\/\/franciscanos.org.br\/noticias\/imagem-de-nossa-senhora-da-penha-percorre-unidade-prisional.html#primaryimage","url":"https:\/\/franciscanos.org.br\/noticias\/wp-content\/uploads\/2024\/04\/Sem-Titulo-1.jpg","contentUrl":"https:\/\/franciscanos.org.br\/noticias\/wp-content\/uploads\/2024\/04\/Sem-Titulo-1.jpg","width":1280,"height":720},{"@type":"WebPage","@id":"https:\/\/franciscanos.org.br\/noticias\/imagem-de-nossa-senhora-da-penha-percorre-unidade-prisional.html#webpage","url":"https:\/\/franciscanos.org.br\/noticias\/imagem-de-nossa-senhora-da-penha-percorre-unidade-prisional.html","name":"Imagem de Nossa Senhora da Penha percorre unidade prisional - Not\u00edcias - Franciscanos","isPartOf":{"@id":"https:\/\/franciscanos.org.br\/noticias\/#website"},"primaryImageOfPage":{"@id":"https:\/\/franciscanos.org.br\/noticias\/imagem-de-nossa-senhora-da-penha-percorre-unidade-prisional.html#primaryimage"},"datePublished":"2024-04-02T13:56:54+00:00","dateModified":"2024-04-02T18:44:34+00:00","author":{"@id":"https:\/\/franciscanos.org.br\/noticias\/#\/schema\/person\/8c11f06a466b856a11dd48d20600055f"},"breadcrumb":{"@id":"https:\/\/franciscanos.org.br\/noticias\/imagem-de-nossa-senhora-da-penha-percorre-unidade-prisional.html#breadcrumb"},"inLanguage":"pt-BR","potentialAction":[{"@type":"ReadAction","target":["https:\/\/franciscanos.org.br\/noticias\/imagem-de-nossa-senhora-da-penha-percorre-unidade-prisional.html"]}]},{"@type":"BreadcrumbList","@id":"https:\/\/franciscanos.org.br\/noticias\/imagem-de-nossa-senhora-da-penha-percorre-unidade-prisional.html#breadcrumb","itemListElement":[{"@type":"ListItem","position":1,"name":"Home","item":"https:\/\/franciscanos.org.br\/noticias"},{"@type":"ListItem","position":2,"name":"Imagem de Nossa Senhora da Penha percorre unidade prisional"}]},{"@type":"Person","@id":"https:\/\/franciscanos.org.br\/noticias\/#\/schema\/person\/8c11f06a466b856a11dd48d20600055f","name":"Jo\u00e3o Vitor","image":{"@type":"ImageObject","inLanguage":"pt-BR","@id":"https:\/\/franciscanos.org.br\/noticias\/#\/schema\/person\/image\/","url":"https:\/\/secure.gravatar.com\/avatar\/10ba5c9713e0c323617b4309a19e3a46?s=96&d=mm&r=g","contentUrl":"https:\/\/secure.gravatar.com\/avatar\/10ba5c9713e0c323617b4309a19e3a46?s=96&d=mm&r=g","caption":"Jo\u00e3o Vitor"},"url":"https:\/\/franciscanos.org.br\/noticias\/author\/joaovitor"}]}},"_links":{"self":[{"href":"https:\/\/franciscanos.org.br\/noticias\/wp-json\/wp\/v2\/posts\/246862"}],"collection":[{"href":"https:\/\/franciscanos.org.br\/noticias\/wp-json\/wp\/v2\/posts"}],"about":[{"href":"https:\/\/franciscanos.org.br\/noticias\/wp-json\/wp\/v2\/types\/post"}],"author":[{"embeddable":true,"href":"https:\/\/franciscanos.org.br\/noticias\/wp-json\/wp\/v2\/users\/10"}],"replies":[{"embeddable":true,"href":"https:\/\/franciscanos.org.br\/noticias\/wp-json\/wp\/v2\/comments?post=246862"}],"version-history":[{"count":6,"href":"https:\/\/franciscanos.org.br\/noticias\/wp-json\/wp\/v2\/posts\/246862\/revisions"}],"predecessor-version":[{"id":246872,"href":"https:\/\/franciscanos.org.br\/noticias\/wp-json\/wp\/v2\/posts\/246862\/revisions\/246872"}],"wp:featuredmedia":[{"embeddable":true,"href":"https:\/\/franciscanos.org.br\/noticias\/wp-json\/wp\/v2\/media\/246864"}],"wp:attachment":[{"href":"https:\/\/franciscanos.org.br\/noticias\/wp-json\/wp\/v2\/media?parent=246862"}],"wp:term":[{"taxonomy":"category","embeddable":true,"href":"https:\/\/franciscanos.org.br\/noticias\/wp-json\/wp\/v2\/categories?post=246862"},{"taxonomy":"post_tag","embeddable":true,"href":"https:\/\/franciscanos.org.br\/noticias\/wp-json\/wp\/v2\/tags?post=246862"}],"curies":[{"name":"wp","href":"https:\/\/api.w.org\/{rel}","templated":true}]}}