{"id":246767,"date":"2024-03-27T11:24:14","date_gmt":"2024-03-27T14:24:14","guid":{"rendered":"https:\/\/franciscanos.org.br\/noticias\/?p=246767"},"modified":"2024-03-27T11:26:25","modified_gmt":"2024-03-27T14:26:25","slug":"francisco-a-paciencia-e-a-vitamina-essencial-do-cristao","status":"publish","type":"post","link":"https:\/\/franciscanos.org.br\/noticias\/francisco-a-paciencia-e-a-vitamina-essencial-do-cristao.html","title":{"rendered":"Francisco: a paci\u00eancia \u00e9 a \u201cvitamina essencial\u201d do crist\u00e3o"},"content":{"rendered":"<p><img loading=\"lazy\" class=\"aligncenter wp-image-246768 size-full\" src=\"https:\/\/franciscanos.org.br\/noticias\/wp-content\/uploads\/2024\/03\/AUDIENCIA-PLENARIA-27-03.jpeg\" alt=\"\" width=\"750\" height=\"422\" srcset=\"https:\/\/franciscanos.org.br\/noticias\/wp-content\/uploads\/2024\/03\/AUDIENCIA-PLENARIA-27-03.jpeg 750w, https:\/\/franciscanos.org.br\/noticias\/wp-content\/uploads\/2024\/03\/AUDIENCIA-PLENARIA-27-03-450x253.jpeg 450w, https:\/\/franciscanos.org.br\/noticias\/wp-content\/uploads\/2024\/03\/AUDIENCIA-PLENARIA-27-03-150x84.jpeg 150w\" sizes=\"(max-width: 750px) 100vw, 750px\" \/><\/p>\n<p>&#8220;A paci\u00eancia&#8221; foi o tema da catequese do Papa Francisco na Audi\u00eancia Geral, desta quarta-feira (27\/03), realizada na Sala Paulo VI. Este encontro semanal do Pont\u00edfice com os fi\u00e9is deveria se realizar na Pra\u00e7a S\u00e3o Pedro, mas por causa da chuva foi transferido para a Sala Nervi.<\/p>\n<p>Francisco recordou que no Domingo de Ramos ouvimos a hist\u00f3ria da Paix\u00e3o do Senhor. Jesus responde ao sofrimento &#8220;com uma virtude que, embora n\u00e3o inclu\u00edda entre as tradicionais, \u00e9 muito importante: a virtude da paci\u00eancia. Trata-se da resist\u00eancia daquilo que se sofre: n\u00e3o \u00e9 por acaso que paci\u00eancia tem a mesma raiz que paix\u00e3o&#8221;.<\/p>\n<p><strong>A paci\u00eancia de Jesus<\/strong><\/p>\n<p>Segundo o Papa, &#8220;na Paix\u00e3o emerge a paci\u00eancia de Cristo, que com mansid\u00e3o aceita ser preso, esbofeteado e condenado injustamente; diante de Pilatos ele n\u00e3o recrimina; suporta os insultos, cuspidas e flagela\u00e7\u00f5es dos soldados; carrega o peso da cruz; perdoa quem o prega na madeira e na cruz n\u00e3o responde \u00e0s provoca\u00e7\u00f5es, mas oferece miseric\u00f3rdia&#8221;. &#8220;Esta \u00e9 a paci\u00eancia de Jesus&#8221;, sublinhou o Pont\u00edfice, ressaltando que &#8220;tudo isto nos diz que a paci\u00eancia de Jesus n\u00e3o consiste numa resist\u00eancia estoica ao sofrimento, mas \u00e9 o fruto de um amor maior&#8221;.<\/p>\n<p>No &#8220;Hino \u00e0 Caridade&#8221;, o Ap\u00f3stolo Paulo descreve a primeira qualidade da caridade, usando uma palavra que se traduz como \u201cmagn\u00e2nima\u201d ou \u201cpaciente\u201d. &#8220;A caridade \u00e9 magn\u00e2nima, \u00e9 paciente&#8221;, observou Francisco. A paci\u00eancia &#8220;expressa um conceito surpreendente, que muitas vezes retorna na B\u00edblia: Deus, diante da nossa infidelidade, mostra-se \u201clento na ira\u201d. Em vez de dar vaz\u00e3o ao seu desgosto pelo mal e pelo pecado do homem, revela ser maior, sempre pronto a recome\u00e7ar com paci\u00eancia infinita. Este \u00e9 o primeiro tra\u00e7o de todo grande amor, que sabe responder ao mal com o bem, que n\u00e3o se fecha na raiva e no des\u00e2nimo, mas persevera e se relan\u00e7a. A paci\u00eancia que recome\u00e7a&#8221;.<\/p>\n<p><strong>Muitas vezes nos falta paci\u00eancia<\/strong><\/p>\n<div>\n<div class=\"article__embed article__embed--border embed_style\">\n<blockquote><p>\u201cPoder\u00edamos ent\u00e3o dizer que n\u00e3o h\u00e1 melhor testemunho do amor de Cristo do que encontrar um crist\u00e3o paciente. Mas, pensemos tamb\u00e9m em quantas m\u00e3es e pais, trabalhadores, m\u00e9dicos e enfermeiros, doentes que todos os dias, escondidos, embelezam o mundo com uma santa paci\u00eancia! No entanto, devemos ser honestos: muitas vezes nos falta paci\u00eancia. Normalmente somos todos impacientes.\u201d<\/p><\/blockquote>\n<\/div>\n<\/div>\n<p>Segundo o Papa, precisamos da paci\u00eancia &#8220;como uma \u201cvitamina essencial\u201d para seguir em frente, mas instintivamente ficamos impacientes e respondemos ao mal com o mal: \u00e9 dif\u00edcil manter a calma, controlar os nossos instintos, conter as m\u00e1s respostas, neutralizar discuss\u00f5es e conflitos em fam\u00edlia, no trabalho, na comunidade crist\u00e3&#8221;.<\/p>\n<p><strong>O crist\u00e3o \u00e9 chamado as ser paciente<\/strong><\/p>\n<p>De acordo com Francisco, &#8220;<b>a paci\u00eancia n\u00e3o \u00e9 apenas uma necessidade, \u00e9 um chamado: se Cristo \u00e9 paciente, o crist\u00e3o \u00e9 chamado a ser paciente<\/b>&#8220;.<\/p>\n<p><i>E isto nos obriga a ir contra a corrente da mentalidade hoje difundida, na qual dominam a pressa e o \u201ctudo e agora\u201d; na qual, em vez de esperar que as situa\u00e7\u00f5es amadure\u00e7am, as pessoas ficam espremidas, esperando que elas mudem instantaneamente.<\/i><\/p>\n<div>\n<div class=\"article__embed article__embed--border embed_style\">\n<blockquote><p>\u201cN\u00e3o esque\u00e7amos que a pressa e a impaci\u00eancia s\u00e3o inimigas da vida espiritual: Deus \u00e9 amor, e quem ama n\u00e3o se cansa, n\u00e3o se irrita, n\u00e3o d\u00e1 ultimatos, mas sabe esperar.\u201d<\/p><\/blockquote>\n<p><strong>Ter paci\u00eancia com as pessoas chatas<\/strong><\/p>\n<\/div>\n<\/div>\n<p>Francisco convidou, especialmente nestes dias da Semana Santa, a &#8220;contemplar o Crucifixo para assimilar a sua paci\u00eancia.\u00a0<b>Um bom exerc\u00edcio \u00e9 tamb\u00e9m levar a Ele as pessoas mais chatas, pedindo-lhe a gra\u00e7a de p\u00f4r em pr\u00e1tica para com elas aquela obra de miseric\u00f3rdia que \u00e9 ao mesmo tempo conhecida e ignorada: suportar pacientemente as pessoas chatas. N\u00e3o \u00e9 f\u00e1cil.<\/b>\u00a0<b>Come\u00e7a-se pedindo para v\u00ea-las com compaix\u00e3o, com o olhar de Deus, sabendo distinguir os seus rostos dos seus erros.<\/b>\u00a0Temos o h\u00e1bito de catalogar as pessoas com os erros que cometem. N\u00e3o, isso n\u00e3o \u00e9 bom. Devemos procurar as pessoas pelo seu rosto, pelo seu cora\u00e7\u00e3o e n\u00e3o pelos erros&#8221;.<\/p>\n<p>&#8220;Por fim, para cultivar a paci\u00eancia, virtude que d\u00e1 f\u00f4lego \u00e0 vida, \u00e9 bom ampliar o olhar. Por exemplo, n\u00e3o estreitando o \u00e2mbito do mundo \u00e0s nossas ang\u00fastias. \u00c9 bom abrir-nos com esperan\u00e7a \u00e0 novidade de Deus, na firme confian\u00e7a de que Ele n\u00e3o deixar\u00e1 frustradas as nossas expectativas. Paci\u00eancia \u00e9 saber suportar os males&#8221;, concluiu o Papa.<\/p>\n<hr \/>\n<p style=\"text-align: right;\">Mariangela Jaguraba- Vatican News<\/p>\n<p>&nbsp;<\/p>\n","protected":false},"excerpt":{"rendered":"<p>A virtude da paci\u00eancia <\/p>\n","protected":false},"author":11,"featured_media":246768,"comment_status":"open","ping_status":"open","sticky":false,"template":"","format":"standard","meta":[],"categories":[1,1428],"tags":[2196,170],"acf":[],"yoast_head":"<!-- This site is optimized with the Yoast SEO plugin v19.2 - https:\/\/yoast.com\/wordpress\/plugins\/seo\/ -->\n<title>Francisco: a paci\u00eancia \u00e9 a \u201cvitamina essencial\u201d do crist\u00e3o - Not\u00edcias - Franciscanos<\/title>\n<meta name=\"robots\" content=\"index, follow, max-snippet:-1, max-image-preview:large, max-video-preview:-1\" \/>\n<link rel=\"canonical\" href=\"https:\/\/franciscanos.org.br\/noticias\/francisco-a-paciencia-e-a-vitamina-essencial-do-cristao.html\" \/>\n<meta property=\"og:locale\" content=\"pt_BR\" \/>\n<meta property=\"og:type\" content=\"article\" \/>\n<meta property=\"og:title\" content=\"Francisco: a paci\u00eancia \u00e9 a \u201cvitamina essencial\u201d do crist\u00e3o - Not\u00edcias - Franciscanos\" \/>\n<meta property=\"og:description\" content=\"A virtude da paci\u00eancia\" \/>\n<meta property=\"og:url\" content=\"https:\/\/franciscanos.org.br\/noticias\/francisco-a-paciencia-e-a-vitamina-essencial-do-cristao.html\" \/>\n<meta property=\"og:site_name\" content=\"Not\u00edcias - Franciscanos\" \/>\n<meta property=\"article:published_time\" content=\"2024-03-27T14:24:14+00:00\" \/>\n<meta property=\"article:modified_time\" content=\"2024-03-27T14:26:25+00:00\" \/>\n<meta property=\"og:image\" content=\"https:\/\/franciscanos.org.br\/noticias\/wp-content\/uploads\/2024\/03\/AUDIENCIA-PLENARIA-27-03.jpeg\" \/>\n\t<meta property=\"og:image:width\" content=\"750\" \/>\n\t<meta property=\"og:image:height\" content=\"422\" \/>\n\t<meta property=\"og:image:type\" content=\"image\/jpeg\" \/>\n<meta name=\"author\" content=\"Adriana Rabelo\" \/>\n<meta name=\"twitter:card\" content=\"summary_large_image\" \/>\n<meta name=\"twitter:label1\" content=\"Escrito por\" \/>\n\t<meta name=\"twitter:data1\" content=\"Adriana Rabelo\" \/>\n\t<meta name=\"twitter:label2\" content=\"Est. tempo de leitura\" \/>\n\t<meta name=\"twitter:data2\" content=\"4 minutos\" \/>\n<script type=\"application\/ld+json\" class=\"yoast-schema-graph\">{\"@context\":\"https:\/\/schema.org\",\"@graph\":[{\"@type\":\"WebSite\",\"@id\":\"https:\/\/franciscanos.org.br\/noticias\/#website\",\"url\":\"https:\/\/franciscanos.org.br\/noticias\/\",\"name\":\"Not\u00edcias - Franciscanos\",\"description\":\"Prov\u00edncia Franciscana da Imaculada Concei\u00e7\u00e3o do Brasil - Ordem dos Frades Menores - OFM\",\"potentialAction\":[{\"@type\":\"SearchAction\",\"target\":{\"@type\":\"EntryPoint\",\"urlTemplate\":\"https:\/\/franciscanos.org.br\/noticias\/?s={search_term_string}\"},\"query-input\":\"required name=search_term_string\"}],\"inLanguage\":\"pt-BR\"},{\"@type\":\"ImageObject\",\"inLanguage\":\"pt-BR\",\"@id\":\"https:\/\/franciscanos.org.br\/noticias\/francisco-a-paciencia-e-a-vitamina-essencial-do-cristao.html#primaryimage\",\"url\":\"https:\/\/franciscanos.org.br\/noticias\/wp-content\/uploads\/2024\/03\/AUDIENCIA-PLENARIA-27-03.jpeg\",\"contentUrl\":\"https:\/\/franciscanos.org.br\/noticias\/wp-content\/uploads\/2024\/03\/AUDIENCIA-PLENARIA-27-03.jpeg\",\"width\":750,\"height\":422},{\"@type\":\"WebPage\",\"@id\":\"https:\/\/franciscanos.org.br\/noticias\/francisco-a-paciencia-e-a-vitamina-essencial-do-cristao.html#webpage\",\"url\":\"https:\/\/franciscanos.org.br\/noticias\/francisco-a-paciencia-e-a-vitamina-essencial-do-cristao.html\",\"name\":\"Francisco: a paci\u00eancia \u00e9 a \u201cvitamina essencial\u201d do crist\u00e3o - Not\u00edcias - Franciscanos\",\"isPartOf\":{\"@id\":\"https:\/\/franciscanos.org.br\/noticias\/#website\"},\"primaryImageOfPage\":{\"@id\":\"https:\/\/franciscanos.org.br\/noticias\/francisco-a-paciencia-e-a-vitamina-essencial-do-cristao.html#primaryimage\"},\"datePublished\":\"2024-03-27T14:24:14+00:00\",\"dateModified\":\"2024-03-27T14:26:25+00:00\",\"author\":{\"@id\":\"https:\/\/franciscanos.org.br\/noticias\/#\/schema\/person\/d9422e83121c3ad3b0f423d195f5bb25\"},\"breadcrumb\":{\"@id\":\"https:\/\/franciscanos.org.br\/noticias\/francisco-a-paciencia-e-a-vitamina-essencial-do-cristao.html#breadcrumb\"},\"inLanguage\":\"pt-BR\",\"potentialAction\":[{\"@type\":\"ReadAction\",\"target\":[\"https:\/\/franciscanos.org.br\/noticias\/francisco-a-paciencia-e-a-vitamina-essencial-do-cristao.html\"]}]},{\"@type\":\"BreadcrumbList\",\"@id\":\"https:\/\/franciscanos.org.br\/noticias\/francisco-a-paciencia-e-a-vitamina-essencial-do-cristao.html#breadcrumb\",\"itemListElement\":[{\"@type\":\"ListItem\",\"position\":1,\"name\":\"Home\",\"item\":\"https:\/\/franciscanos.org.br\/noticias\"},{\"@type\":\"ListItem\",\"position\":2,\"name\":\"Francisco: a paci\u00eancia \u00e9 a \u201cvitamina essencial\u201d do crist\u00e3o\"}]},{\"@type\":\"Person\",\"@id\":\"https:\/\/franciscanos.org.br\/noticias\/#\/schema\/person\/d9422e83121c3ad3b0f423d195f5bb25\",\"name\":\"Adriana Rabelo\",\"image\":{\"@type\":\"ImageObject\",\"inLanguage\":\"pt-BR\",\"@id\":\"https:\/\/franciscanos.org.br\/noticias\/#\/schema\/person\/image\/\",\"url\":\"https:\/\/secure.gravatar.com\/avatar\/0a937b7500cd7df77540cfb8bede877d?s=96&d=mm&r=g\",\"contentUrl\":\"https:\/\/secure.gravatar.com\/avatar\/0a937b7500cd7df77540cfb8bede877d?s=96&d=mm&r=g\",\"caption\":\"Adriana Rabelo\"},\"url\":\"https:\/\/franciscanos.org.br\/noticias\/author\/adrianarabelo\"}]}<\/script>\n<!-- \/ Yoast SEO plugin. -->","yoast_head_json":{"title":"Francisco: a paci\u00eancia \u00e9 a \u201cvitamina essencial\u201d do crist\u00e3o - Not\u00edcias - Franciscanos","robots":{"index":"index","follow":"follow","max-snippet":"max-snippet:-1","max-image-preview":"max-image-preview:large","max-video-preview":"max-video-preview:-1"},"canonical":"https:\/\/franciscanos.org.br\/noticias\/francisco-a-paciencia-e-a-vitamina-essencial-do-cristao.html","og_locale":"pt_BR","og_type":"article","og_title":"Francisco: a paci\u00eancia \u00e9 a \u201cvitamina essencial\u201d do crist\u00e3o - Not\u00edcias - Franciscanos","og_description":"A virtude da paci\u00eancia","og_url":"https:\/\/franciscanos.org.br\/noticias\/francisco-a-paciencia-e-a-vitamina-essencial-do-cristao.html","og_site_name":"Not\u00edcias - Franciscanos","article_published_time":"2024-03-27T14:24:14+00:00","article_modified_time":"2024-03-27T14:26:25+00:00","og_image":[{"width":750,"height":422,"url":"https:\/\/franciscanos.org.br\/noticias\/wp-content\/uploads\/2024\/03\/AUDIENCIA-PLENARIA-27-03.jpeg","type":"image\/jpeg"}],"author":"Adriana Rabelo","twitter_card":"summary_large_image","twitter_misc":{"Escrito por":"Adriana Rabelo","Est. tempo de leitura":"4 minutos"},"schema":{"@context":"https:\/\/schema.org","@graph":[{"@type":"WebSite","@id":"https:\/\/franciscanos.org.br\/noticias\/#website","url":"https:\/\/franciscanos.org.br\/noticias\/","name":"Not\u00edcias - Franciscanos","description":"Prov\u00edncia Franciscana da Imaculada Concei\u00e7\u00e3o do Brasil - Ordem dos Frades Menores - OFM","potentialAction":[{"@type":"SearchAction","target":{"@type":"EntryPoint","urlTemplate":"https:\/\/franciscanos.org.br\/noticias\/?s={search_term_string}"},"query-input":"required name=search_term_string"}],"inLanguage":"pt-BR"},{"@type":"ImageObject","inLanguage":"pt-BR","@id":"https:\/\/franciscanos.org.br\/noticias\/francisco-a-paciencia-e-a-vitamina-essencial-do-cristao.html#primaryimage","url":"https:\/\/franciscanos.org.br\/noticias\/wp-content\/uploads\/2024\/03\/AUDIENCIA-PLENARIA-27-03.jpeg","contentUrl":"https:\/\/franciscanos.org.br\/noticias\/wp-content\/uploads\/2024\/03\/AUDIENCIA-PLENARIA-27-03.jpeg","width":750,"height":422},{"@type":"WebPage","@id":"https:\/\/franciscanos.org.br\/noticias\/francisco-a-paciencia-e-a-vitamina-essencial-do-cristao.html#webpage","url":"https:\/\/franciscanos.org.br\/noticias\/francisco-a-paciencia-e-a-vitamina-essencial-do-cristao.html","name":"Francisco: a paci\u00eancia \u00e9 a \u201cvitamina essencial\u201d do crist\u00e3o - Not\u00edcias - Franciscanos","isPartOf":{"@id":"https:\/\/franciscanos.org.br\/noticias\/#website"},"primaryImageOfPage":{"@id":"https:\/\/franciscanos.org.br\/noticias\/francisco-a-paciencia-e-a-vitamina-essencial-do-cristao.html#primaryimage"},"datePublished":"2024-03-27T14:24:14+00:00","dateModified":"2024-03-27T14:26:25+00:00","author":{"@id":"https:\/\/franciscanos.org.br\/noticias\/#\/schema\/person\/d9422e83121c3ad3b0f423d195f5bb25"},"breadcrumb":{"@id":"https:\/\/franciscanos.org.br\/noticias\/francisco-a-paciencia-e-a-vitamina-essencial-do-cristao.html#breadcrumb"},"inLanguage":"pt-BR","potentialAction":[{"@type":"ReadAction","target":["https:\/\/franciscanos.org.br\/noticias\/francisco-a-paciencia-e-a-vitamina-essencial-do-cristao.html"]}]},{"@type":"BreadcrumbList","@id":"https:\/\/franciscanos.org.br\/noticias\/francisco-a-paciencia-e-a-vitamina-essencial-do-cristao.html#breadcrumb","itemListElement":[{"@type":"ListItem","position":1,"name":"Home","item":"https:\/\/franciscanos.org.br\/noticias"},{"@type":"ListItem","position":2,"name":"Francisco: a paci\u00eancia \u00e9 a \u201cvitamina essencial\u201d do crist\u00e3o"}]},{"@type":"Person","@id":"https:\/\/franciscanos.org.br\/noticias\/#\/schema\/person\/d9422e83121c3ad3b0f423d195f5bb25","name":"Adriana Rabelo","image":{"@type":"ImageObject","inLanguage":"pt-BR","@id":"https:\/\/franciscanos.org.br\/noticias\/#\/schema\/person\/image\/","url":"https:\/\/secure.gravatar.com\/avatar\/0a937b7500cd7df77540cfb8bede877d?s=96&d=mm&r=g","contentUrl":"https:\/\/secure.gravatar.com\/avatar\/0a937b7500cd7df77540cfb8bede877d?s=96&d=mm&r=g","caption":"Adriana Rabelo"},"url":"https:\/\/franciscanos.org.br\/noticias\/author\/adrianarabelo"}]}},"_links":{"self":[{"href":"https:\/\/franciscanos.org.br\/noticias\/wp-json\/wp\/v2\/posts\/246767"}],"collection":[{"href":"https:\/\/franciscanos.org.br\/noticias\/wp-json\/wp\/v2\/posts"}],"about":[{"href":"https:\/\/franciscanos.org.br\/noticias\/wp-json\/wp\/v2\/types\/post"}],"author":[{"embeddable":true,"href":"https:\/\/franciscanos.org.br\/noticias\/wp-json\/wp\/v2\/users\/11"}],"replies":[{"embeddable":true,"href":"https:\/\/franciscanos.org.br\/noticias\/wp-json\/wp\/v2\/comments?post=246767"}],"version-history":[{"count":1,"href":"https:\/\/franciscanos.org.br\/noticias\/wp-json\/wp\/v2\/posts\/246767\/revisions"}],"predecessor-version":[{"id":246769,"href":"https:\/\/franciscanos.org.br\/noticias\/wp-json\/wp\/v2\/posts\/246767\/revisions\/246769"}],"wp:featuredmedia":[{"embeddable":true,"href":"https:\/\/franciscanos.org.br\/noticias\/wp-json\/wp\/v2\/media\/246768"}],"wp:attachment":[{"href":"https:\/\/franciscanos.org.br\/noticias\/wp-json\/wp\/v2\/media?parent=246767"}],"wp:term":[{"taxonomy":"category","embeddable":true,"href":"https:\/\/franciscanos.org.br\/noticias\/wp-json\/wp\/v2\/categories?post=246767"},{"taxonomy":"post_tag","embeddable":true,"href":"https:\/\/franciscanos.org.br\/noticias\/wp-json\/wp\/v2\/tags?post=246767"}],"curies":[{"name":"wp","href":"https:\/\/api.w.org\/{rel}","templated":true}]}}