{"id":246757,"date":"2024-03-26T16:38:43","date_gmt":"2024-03-26T19:38:43","guid":{"rendered":"https:\/\/franciscanos.org.br\/noticias\/?p=246757"},"modified":"2024-03-26T16:52:17","modified_gmt":"2024-03-26T19:52:17","slug":"projetos-franciscanos-recebem-visita-de-presidente-da-mzf","status":"publish","type":"post","link":"https:\/\/franciscanos.org.br\/noticias\/projetos-franciscanos-recebem-visita-de-presidente-da-mzf.html","title":{"rendered":"Projetos franciscanos recebem visita do presidente da MZF"},"content":{"rendered":"<p><em><img loading=\"lazy\" class=\"aligncenter wp-image-246758 size-full\" src=\"https:\/\/franciscanos.org.br\/noticias\/wp-content\/uploads\/2024\/03\/frei-mathias-2-scaled.jpg\" alt=\"\" width=\"1920\" height=\"1280\" srcset=\"https:\/\/franciscanos.org.br\/noticias\/wp-content\/uploads\/2024\/03\/frei-mathias-2-scaled.jpg 1620w, https:\/\/franciscanos.org.br\/noticias\/wp-content\/uploads\/2024\/03\/frei-mathias-2-450x300.jpg 450w, https:\/\/franciscanos.org.br\/noticias\/wp-content\/uploads\/2024\/03\/frei-mathias-2-1024x683.jpg 1024w, https:\/\/franciscanos.org.br\/noticias\/wp-content\/uploads\/2024\/03\/frei-mathias-2-768x512.jpg 768w, https:\/\/franciscanos.org.br\/noticias\/wp-content\/uploads\/2024\/03\/frei-mathias-2-1536x1024.jpg 1536w, https:\/\/franciscanos.org.br\/noticias\/wp-content\/uploads\/2024\/03\/frei-mathias-2-2048x1365.jpg 2048w, https:\/\/franciscanos.org.br\/noticias\/wp-content\/uploads\/2024\/03\/frei-mathias-2-150x100.jpg 150w\" sizes=\"(max-width: 1920px) 100vw, 1920px\" \/><\/em><\/p>\n<p><span style=\"font-weight: 400;\">\u201c O centro da espiritualidade franciscana \u00e9 o encontro das pessoas, o caminhar juntos\u201d.\u00a0 Desta forma, Frei Matthias Maier (OFM), presidente da <em>Missionszentrale der Franziskaner (MZF)<\/em>, evidenciou seu entusiasmo diante das experi\u00eancias vividas no Brasil, durante sua visita entre os meses de fevereiro e mar\u00e7o deste ano.\u00a0<\/span><\/p>\n<p><span style=\"font-weight: 400;\">Durante 24 dias, o principal representante da entidade internacional que financia e apoia mais de oitocentas a\u00e7\u00f5es espalhadas pelo mundo, esteve em diferentes projetos sociais e conheceu as duras realidades vividas por popula\u00e7\u00f5es em situa\u00e7\u00e3o de vulnerabilidade social. \u201c A MZF foi criada na Alemanha para atender o Brasil, mas depois expandiu para o mundo. Como presidente n\u00e3o conhecia a realidade<\/span> <span style=\"font-weight: 400;\">brasileira, por isso, acredito que foi uma boa hora para estar aqui\u201d, justificou o frade.<\/span><\/p>\n<p><span style=\"font-weight: 400;\">Frei Matthias chegou ao pa\u00eds no dia 12 de fevereiro e, desde ent\u00e3o, sua caminhada foi acompanhada pelo Frei Est\u00eav\u00e3o Ottenbreit, atualmente capel\u00e3o do Mosteiro da Luz, em S\u00e3o Paulo, al\u00e9m respons\u00e1vel por outras fun\u00e7\u00f5es assumidas na Prov\u00edncia Franciscana da Imaculada Concei\u00e7\u00e3o do Brasil. Segundo ele, no Brasil s\u00e3o atendidos pela entidade, cerca de 100 projetos ao ano.<\/span><\/p>\n<p><span style=\"font-weight: 400;\">No Amazonas, o frade acompanhou as atividades do Barco Hospital Papa Francisco e de outras embarca\u00e7\u00f5es que tamb\u00e9m prestam atendimento de sa\u00fade \u00e0 comunidade. Ele explicou que a <em>MZF<\/em> est\u00e1 empenhada na conclus\u00e3o dos barcos e no financiamento dos rem\u00e9dios. \u201c N\u00e3o adianta diagnosticar a doen\u00e7a, n\u00e3o adianta iniciar um tratamento se o povo n\u00e3o consegue levar rem\u00e9dio para casa\u201d, afirmou.\u00a0\u00a0<\/span><\/p>\n<p><span style=\"font-weight: 400;\">As mudan\u00e7as clim\u00e1ticas tamb\u00e9m chamaram a aten\u00e7\u00e3o de Frei Matthias. \u201c Vimos no Amazonas, o terceiro Barco Hospital parado no estaleiro. A \u00e1gua ainda n\u00e3o atingiu o n\u00edvel suficiente para que a embarca\u00e7\u00e3o consiga flutuar. H\u00e1 uma grande responsabilidade de todos diante desse cen\u00e1rio, pois, conforme disse Papa Francisco, \u2018 a casa comum \u00e9 de todos\u2019 \u201d.<\/span><\/p>\n<p><span style=\"font-weight: 400;\">\u00a0Na regi\u00e3o sudeste visitou outros espa\u00e7os que recebem recursos internacionais. Foi \u00e0 Casa do Cirineu na Provid\u00eancia de Deus, em S\u00e3o Jos\u00e9 do Rio Preto (SP). Na cidade do Rio de Janeiro e na capital paulista, passou pelo Servi\u00e7o Franciscano de Solidariedade (Sefras). \u201c Agrade\u00e7o muito o empenho e tudo que \u00e9 realizado. O que chamou minha aten\u00e7\u00e3o foi a proximidade com as pessoas, a simplicidade das estruturas e a preocupa\u00e7\u00e3o que vai ao encontro de outras necessidades, al\u00e9m do prato de comida\u201d, observou. O frade ainda acrescentou que o trabalho do Sefras colabora para que \u201ccertas estruturas que oprimem o homem sejam modificadas\u201d.\u00a0<\/span><\/p>\n<p><span style=\"font-weight: 400;\">O presidente da <em>Missionszentrale der Franziskaner<\/em>, destacou a grande vontade e dedica\u00e7\u00e3o da fam\u00edlia franciscana nos projetos visitados, e mencionou como desafio do grupo a capacidade de ter vis\u00f5es dos contextos que precisam da caridade e, assim, caminhar juntos para realizar suas a\u00e7\u00f5es.\u00a0 Frei Matthias retornou \u00e0 Alemanha no dia 6 de mar\u00e7o.<\/span><\/p>\n<p><span style=\"font-weight: 400;\"><img loading=\"lazy\" class=\"aligncenter wp-image-246759 size-large\" src=\"https:\/\/franciscanos.org.br\/noticias\/wp-content\/uploads\/2024\/03\/WhatsApp-Image-2024-03-01-at-15.29.47-1024x461.jpeg\" alt=\"\" width=\"1024\" height=\"461\" srcset=\"https:\/\/franciscanos.org.br\/noticias\/wp-content\/uploads\/2024\/03\/WhatsApp-Image-2024-03-01-at-15.29.47-1024x461.jpeg 1024w, https:\/\/franciscanos.org.br\/noticias\/wp-content\/uploads\/2024\/03\/WhatsApp-Image-2024-03-01-at-15.29.47-450x203.jpeg 450w, https:\/\/franciscanos.org.br\/noticias\/wp-content\/uploads\/2024\/03\/WhatsApp-Image-2024-03-01-at-15.29.47-768x346.jpeg 768w, https:\/\/franciscanos.org.br\/noticias\/wp-content\/uploads\/2024\/03\/WhatsApp-Image-2024-03-01-at-15.29.47-1536x692.jpeg 1536w, https:\/\/franciscanos.org.br\/noticias\/wp-content\/uploads\/2024\/03\/WhatsApp-Image-2024-03-01-at-15.29.47-150x68.jpeg 150w, https:\/\/franciscanos.org.br\/noticias\/wp-content\/uploads\/2024\/03\/WhatsApp-Image-2024-03-01-at-15.29.47.jpeg 1772w\" sizes=\"(max-width: 1024px) 100vw, 1024px\" \/><\/span><\/p>\n<p><span style=\"color: #000000;\"><b>O que \u00e9 a\u00a0 <em>Missionszentrale der Franziskaner (MZF)<\/em>?<\/b><\/span><\/p>\n<p><span style=\"font-weight: 400; color: #000000;\">Uma associa\u00e7\u00e3o com sede em Bonn-Bad Godesberg, na Alemanha, criada em 1969. A entidade abrange todos os pa\u00edses centro-europeus: Alemanha, Fran\u00e7a, Pa\u00edses Baixos, B\u00e9lgica, Su\u00ed\u00e7a, \u00c1ustria, Hungria e Rom\u00eania, que formam uma Confer\u00eancia franciscana (OFM), conhecida na Ordem como COTAF (Confer\u00eancia Franciscana Transalpina). O objetivo \u00e9 promover a caridade, a partir do desenvolvimento de projetos humanit\u00e1rios, sociais, pastorais. Atua tamb\u00e9m na \u00e1rea da educa\u00e7\u00e3o, informa\u00e7\u00e3o e direitos humanos.<\/span><\/p>\n<p><span style=\"color: #000000;\"><span style=\"font-weight: 400;\">A <em>Missionszentrale der Franziskaner<\/em> est\u00e1 presente com a\u00e7\u00f5es na \u00c1frica, \u00c1sia, Oceania, Am\u00e9rica Latina, Europa, Brasil e outros pa\u00edses da Am\u00e9rica Latina. <\/span><span style=\"font-weight: 400;\">Os princ\u00edpios da MZF s\u00e3o fundamentados em S\u00e3o Francisco de Assis, com op\u00e7\u00e3o pelos pobres e pela prote\u00e7\u00e3o do meio ambiente.<\/span><\/span><\/p>\n<hr \/>\n<p style=\"text-align: right;\"><em>Adriana Rabelo Rodrigues<\/em><\/p>\n","protected":false},"excerpt":{"rendered":"<p>Frei Matthias Maier (OFM), presidente da entidade alem\u00e3, esteve no Brasil entre 12\/02 e 06\/03.<\/p>\n","protected":false},"author":11,"featured_media":246758,"comment_status":"open","ping_status":"open","sticky":false,"template":"","format":"standard","meta":[],"categories":[1],"tags":[1636,128],"acf":[],"yoast_head":"<!-- This site is optimized with the Yoast SEO plugin v19.2 - https:\/\/yoast.com\/wordpress\/plugins\/seo\/ -->\n<title>Projetos franciscanos recebem visita do presidente da MZF - Not\u00edcias - Franciscanos<\/title>\n<meta name=\"robots\" content=\"index, follow, max-snippet:-1, max-image-preview:large, max-video-preview:-1\" \/>\n<link rel=\"canonical\" href=\"https:\/\/franciscanos.org.br\/noticias\/projetos-franciscanos-recebem-visita-de-presidente-da-mzf.html\" \/>\n<meta property=\"og:locale\" content=\"pt_BR\" \/>\n<meta property=\"og:type\" content=\"article\" \/>\n<meta property=\"og:title\" content=\"Projetos franciscanos recebem visita do presidente da MZF - Not\u00edcias - Franciscanos\" \/>\n<meta property=\"og:description\" content=\"Frei Matthias Maier (OFM), presidente da entidade alem\u00e3, esteve no Brasil entre 12\/02 e 06\/03.\" \/>\n<meta property=\"og:url\" content=\"https:\/\/franciscanos.org.br\/noticias\/projetos-franciscanos-recebem-visita-de-presidente-da-mzf.html\" \/>\n<meta property=\"og:site_name\" content=\"Not\u00edcias - Franciscanos\" \/>\n<meta property=\"article:published_time\" content=\"2024-03-26T19:38:43+00:00\" \/>\n<meta property=\"article:modified_time\" content=\"2024-03-26T19:52:17+00:00\" \/>\n<meta property=\"og:image\" content=\"https:\/\/franciscanos.org.br\/noticias\/wp-content\/uploads\/2024\/03\/frei-mathias-2-scaled.jpg\" \/>\n\t<meta property=\"og:image:width\" content=\"1620\" \/>\n\t<meta property=\"og:image:height\" content=\"1080\" \/>\n\t<meta property=\"og:image:type\" content=\"image\/jpeg\" \/>\n<meta name=\"author\" content=\"Adriana Rabelo\" \/>\n<meta name=\"twitter:card\" content=\"summary_large_image\" \/>\n<meta name=\"twitter:label1\" content=\"Escrito por\" \/>\n\t<meta name=\"twitter:data1\" content=\"Adriana Rabelo\" \/>\n\t<meta name=\"twitter:label2\" content=\"Est. tempo de leitura\" \/>\n\t<meta name=\"twitter:data2\" content=\"3 minutos\" \/>\n<script type=\"application\/ld+json\" class=\"yoast-schema-graph\">{\"@context\":\"https:\/\/schema.org\",\"@graph\":[{\"@type\":\"WebSite\",\"@id\":\"https:\/\/franciscanos.org.br\/noticias\/#website\",\"url\":\"https:\/\/franciscanos.org.br\/noticias\/\",\"name\":\"Not\u00edcias - Franciscanos\",\"description\":\"Prov\u00edncia Franciscana da Imaculada Concei\u00e7\u00e3o do Brasil - Ordem dos Frades Menores - OFM\",\"potentialAction\":[{\"@type\":\"SearchAction\",\"target\":{\"@type\":\"EntryPoint\",\"urlTemplate\":\"https:\/\/franciscanos.org.br\/noticias\/?s={search_term_string}\"},\"query-input\":\"required name=search_term_string\"}],\"inLanguage\":\"pt-BR\"},{\"@type\":\"ImageObject\",\"inLanguage\":\"pt-BR\",\"@id\":\"https:\/\/franciscanos.org.br\/noticias\/projetos-franciscanos-recebem-visita-de-presidente-da-mzf.html#primaryimage\",\"url\":\"https:\/\/franciscanos.org.br\/noticias\/wp-content\/uploads\/2024\/03\/frei-mathias-2-scaled.jpg\",\"contentUrl\":\"https:\/\/franciscanos.org.br\/noticias\/wp-content\/uploads\/2024\/03\/frei-mathias-2-scaled.jpg\",\"width\":1620,\"height\":1080},{\"@type\":\"WebPage\",\"@id\":\"https:\/\/franciscanos.org.br\/noticias\/projetos-franciscanos-recebem-visita-de-presidente-da-mzf.html#webpage\",\"url\":\"https:\/\/franciscanos.org.br\/noticias\/projetos-franciscanos-recebem-visita-de-presidente-da-mzf.html\",\"name\":\"Projetos franciscanos recebem visita do presidente da MZF - Not\u00edcias - Franciscanos\",\"isPartOf\":{\"@id\":\"https:\/\/franciscanos.org.br\/noticias\/#website\"},\"primaryImageOfPage\":{\"@id\":\"https:\/\/franciscanos.org.br\/noticias\/projetos-franciscanos-recebem-visita-de-presidente-da-mzf.html#primaryimage\"},\"datePublished\":\"2024-03-26T19:38:43+00:00\",\"dateModified\":\"2024-03-26T19:52:17+00:00\",\"author\":{\"@id\":\"https:\/\/franciscanos.org.br\/noticias\/#\/schema\/person\/d9422e83121c3ad3b0f423d195f5bb25\"},\"breadcrumb\":{\"@id\":\"https:\/\/franciscanos.org.br\/noticias\/projetos-franciscanos-recebem-visita-de-presidente-da-mzf.html#breadcrumb\"},\"inLanguage\":\"pt-BR\",\"potentialAction\":[{\"@type\":\"ReadAction\",\"target\":[\"https:\/\/franciscanos.org.br\/noticias\/projetos-franciscanos-recebem-visita-de-presidente-da-mzf.html\"]}]},{\"@type\":\"BreadcrumbList\",\"@id\":\"https:\/\/franciscanos.org.br\/noticias\/projetos-franciscanos-recebem-visita-de-presidente-da-mzf.html#breadcrumb\",\"itemListElement\":[{\"@type\":\"ListItem\",\"position\":1,\"name\":\"Home\",\"item\":\"https:\/\/franciscanos.org.br\/noticias\"},{\"@type\":\"ListItem\",\"position\":2,\"name\":\"Projetos franciscanos recebem visita do presidente da MZF\"}]},{\"@type\":\"Person\",\"@id\":\"https:\/\/franciscanos.org.br\/noticias\/#\/schema\/person\/d9422e83121c3ad3b0f423d195f5bb25\",\"name\":\"Adriana Rabelo\",\"image\":{\"@type\":\"ImageObject\",\"inLanguage\":\"pt-BR\",\"@id\":\"https:\/\/franciscanos.org.br\/noticias\/#\/schema\/person\/image\/\",\"url\":\"https:\/\/secure.gravatar.com\/avatar\/0a937b7500cd7df77540cfb8bede877d?s=96&d=mm&r=g\",\"contentUrl\":\"https:\/\/secure.gravatar.com\/avatar\/0a937b7500cd7df77540cfb8bede877d?s=96&d=mm&r=g\",\"caption\":\"Adriana Rabelo\"},\"url\":\"https:\/\/franciscanos.org.br\/noticias\/author\/adrianarabelo\"}]}<\/script>\n<!-- \/ Yoast SEO plugin. -->","yoast_head_json":{"title":"Projetos franciscanos recebem visita do presidente da MZF - Not\u00edcias - Franciscanos","robots":{"index":"index","follow":"follow","max-snippet":"max-snippet:-1","max-image-preview":"max-image-preview:large","max-video-preview":"max-video-preview:-1"},"canonical":"https:\/\/franciscanos.org.br\/noticias\/projetos-franciscanos-recebem-visita-de-presidente-da-mzf.html","og_locale":"pt_BR","og_type":"article","og_title":"Projetos franciscanos recebem visita do presidente da MZF - Not\u00edcias - Franciscanos","og_description":"Frei Matthias Maier (OFM), presidente da entidade alem\u00e3, esteve no Brasil entre 12\/02 e 06\/03.","og_url":"https:\/\/franciscanos.org.br\/noticias\/projetos-franciscanos-recebem-visita-de-presidente-da-mzf.html","og_site_name":"Not\u00edcias - Franciscanos","article_published_time":"2024-03-26T19:38:43+00:00","article_modified_time":"2024-03-26T19:52:17+00:00","og_image":[{"width":1620,"height":1080,"url":"https:\/\/franciscanos.org.br\/noticias\/wp-content\/uploads\/2024\/03\/frei-mathias-2-scaled.jpg","type":"image\/jpeg"}],"author":"Adriana Rabelo","twitter_card":"summary_large_image","twitter_misc":{"Escrito por":"Adriana Rabelo","Est. tempo de leitura":"3 minutos"},"schema":{"@context":"https:\/\/schema.org","@graph":[{"@type":"WebSite","@id":"https:\/\/franciscanos.org.br\/noticias\/#website","url":"https:\/\/franciscanos.org.br\/noticias\/","name":"Not\u00edcias - Franciscanos","description":"Prov\u00edncia Franciscana da Imaculada Concei\u00e7\u00e3o do Brasil - Ordem dos Frades Menores - OFM","potentialAction":[{"@type":"SearchAction","target":{"@type":"EntryPoint","urlTemplate":"https:\/\/franciscanos.org.br\/noticias\/?s={search_term_string}"},"query-input":"required name=search_term_string"}],"inLanguage":"pt-BR"},{"@type":"ImageObject","inLanguage":"pt-BR","@id":"https:\/\/franciscanos.org.br\/noticias\/projetos-franciscanos-recebem-visita-de-presidente-da-mzf.html#primaryimage","url":"https:\/\/franciscanos.org.br\/noticias\/wp-content\/uploads\/2024\/03\/frei-mathias-2-scaled.jpg","contentUrl":"https:\/\/franciscanos.org.br\/noticias\/wp-content\/uploads\/2024\/03\/frei-mathias-2-scaled.jpg","width":1620,"height":1080},{"@type":"WebPage","@id":"https:\/\/franciscanos.org.br\/noticias\/projetos-franciscanos-recebem-visita-de-presidente-da-mzf.html#webpage","url":"https:\/\/franciscanos.org.br\/noticias\/projetos-franciscanos-recebem-visita-de-presidente-da-mzf.html","name":"Projetos franciscanos recebem visita do presidente da MZF - Not\u00edcias - Franciscanos","isPartOf":{"@id":"https:\/\/franciscanos.org.br\/noticias\/#website"},"primaryImageOfPage":{"@id":"https:\/\/franciscanos.org.br\/noticias\/projetos-franciscanos-recebem-visita-de-presidente-da-mzf.html#primaryimage"},"datePublished":"2024-03-26T19:38:43+00:00","dateModified":"2024-03-26T19:52:17+00:00","author":{"@id":"https:\/\/franciscanos.org.br\/noticias\/#\/schema\/person\/d9422e83121c3ad3b0f423d195f5bb25"},"breadcrumb":{"@id":"https:\/\/franciscanos.org.br\/noticias\/projetos-franciscanos-recebem-visita-de-presidente-da-mzf.html#breadcrumb"},"inLanguage":"pt-BR","potentialAction":[{"@type":"ReadAction","target":["https:\/\/franciscanos.org.br\/noticias\/projetos-franciscanos-recebem-visita-de-presidente-da-mzf.html"]}]},{"@type":"BreadcrumbList","@id":"https:\/\/franciscanos.org.br\/noticias\/projetos-franciscanos-recebem-visita-de-presidente-da-mzf.html#breadcrumb","itemListElement":[{"@type":"ListItem","position":1,"name":"Home","item":"https:\/\/franciscanos.org.br\/noticias"},{"@type":"ListItem","position":2,"name":"Projetos franciscanos recebem visita do presidente da MZF"}]},{"@type":"Person","@id":"https:\/\/franciscanos.org.br\/noticias\/#\/schema\/person\/d9422e83121c3ad3b0f423d195f5bb25","name":"Adriana Rabelo","image":{"@type":"ImageObject","inLanguage":"pt-BR","@id":"https:\/\/franciscanos.org.br\/noticias\/#\/schema\/person\/image\/","url":"https:\/\/secure.gravatar.com\/avatar\/0a937b7500cd7df77540cfb8bede877d?s=96&d=mm&r=g","contentUrl":"https:\/\/secure.gravatar.com\/avatar\/0a937b7500cd7df77540cfb8bede877d?s=96&d=mm&r=g","caption":"Adriana Rabelo"},"url":"https:\/\/franciscanos.org.br\/noticias\/author\/adrianarabelo"}]}},"_links":{"self":[{"href":"https:\/\/franciscanos.org.br\/noticias\/wp-json\/wp\/v2\/posts\/246757"}],"collection":[{"href":"https:\/\/franciscanos.org.br\/noticias\/wp-json\/wp\/v2\/posts"}],"about":[{"href":"https:\/\/franciscanos.org.br\/noticias\/wp-json\/wp\/v2\/types\/post"}],"author":[{"embeddable":true,"href":"https:\/\/franciscanos.org.br\/noticias\/wp-json\/wp\/v2\/users\/11"}],"replies":[{"embeddable":true,"href":"https:\/\/franciscanos.org.br\/noticias\/wp-json\/wp\/v2\/comments?post=246757"}],"version-history":[{"count":5,"href":"https:\/\/franciscanos.org.br\/noticias\/wp-json\/wp\/v2\/posts\/246757\/revisions"}],"predecessor-version":[{"id":246766,"href":"https:\/\/franciscanos.org.br\/noticias\/wp-json\/wp\/v2\/posts\/246757\/revisions\/246766"}],"wp:featuredmedia":[{"embeddable":true,"href":"https:\/\/franciscanos.org.br\/noticias\/wp-json\/wp\/v2\/media\/246758"}],"wp:attachment":[{"href":"https:\/\/franciscanos.org.br\/noticias\/wp-json\/wp\/v2\/media?parent=246757"}],"wp:term":[{"taxonomy":"category","embeddable":true,"href":"https:\/\/franciscanos.org.br\/noticias\/wp-json\/wp\/v2\/categories?post=246757"},{"taxonomy":"post_tag","embeddable":true,"href":"https:\/\/franciscanos.org.br\/noticias\/wp-json\/wp\/v2\/tags?post=246757"}],"curies":[{"name":"wp","href":"https:\/\/api.w.org\/{rel}","templated":true}]}}