{"id":246752,"date":"2024-03-26T15:45:45","date_gmt":"2024-03-26T18:45:45","guid":{"rendered":"https:\/\/franciscanos.org.br\/noticias\/?p=246752"},"modified":"2025-03-10T16:03:07","modified_gmt":"2025-03-10T19:03:07","slug":"fimda-promove-encontro-do-conselho-da-juventude-franciscana-de-luanda","status":"publish","type":"post","link":"https:\/\/franciscanos.org.br\/noticias\/fimda-promove-encontro-do-conselho-da-juventude-franciscana-de-luanda.html","title":{"rendered":"FIMDA promove encontro do Conselho da Juventude Franciscana de Luanda"},"content":{"rendered":"<p><img loading=\"lazy\" class=\"wp-image-246753 size-full alignnone\" src=\"https:\/\/franciscanos.org.br\/noticias\/wp-content\/uploads\/2024\/03\/FOTO-1x.jpg\" alt=\"\" width=\"1280\" height=\"853\" srcset=\"https:\/\/franciscanos.org.br\/noticias\/wp-content\/uploads\/2024\/03\/FOTO-1x.jpg 1280w, https:\/\/franciscanos.org.br\/noticias\/wp-content\/uploads\/2024\/03\/FOTO-1x-450x300.jpg 450w, https:\/\/franciscanos.org.br\/noticias\/wp-content\/uploads\/2024\/03\/FOTO-1x-1024x682.jpg 1024w, https:\/\/franciscanos.org.br\/noticias\/wp-content\/uploads\/2024\/03\/FOTO-1x-768x512.jpg 768w, https:\/\/franciscanos.org.br\/noticias\/wp-content\/uploads\/2024\/03\/FOTO-1x-150x100.jpg 150w\" sizes=\"(max-width: 1280px) 100vw, 1280px\" \/><\/p>\n<p><span style=\"font-weight: 400;\">Entre os dias 8 e 10 de mar\u00e7o, a Funda\u00e7\u00e3o Franciscana Imaculada M\u00e3e de Deus de Angola (FIMDA), organiza\u00e7\u00e3o vinculada \u00e0 Prov\u00edncia Franciscana da Imaculada Concei\u00e7\u00e3o do Brasil, realizou o primeiro encontro deste ano do Conselho Regional da Juventude Franciscana (Jufra) de Luanda l.\u00a0<\/span><\/p>\n<p><span style=\"font-weight: 400;\">A atividade realizada no Centro Franciscano Kimbo S\u00e3o Francisco reuniu\u00a0 os vice-presidentes e formadores, com o objetivo de trabalhar quest\u00f5es relacionadas \u00e0 forma\u00e7\u00e3o dos 29 participantes, com foco na dimens\u00e3o das\u00a0 atividades desenvolvidas nas fraternidades locais.<\/span><\/p>\n<p><span style=\"font-weight: 400;\">Segundo o Frei Domingos Macuva,\u00a0 o encontro foi importante para integrar os formadores e manter a unidade das a\u00e7\u00f5es desenvolvidas pela Funda\u00e7\u00e3o. \u201cAprendemos que os l\u00edderes normalmente n\u00e3o tomam decis\u00f5es sem antes sentar com a sua equipe. Vimos que a Jufra n\u00e3o pertence s\u00f3 aos l\u00edderes, e sim a todos\u201d, salientou.<\/span><\/p>\n<p><span style=\"font-weight: 400;\">O encontro contou com a participa\u00e7\u00e3o de representantes das fraternidades de S\u00e3o Pedro de Alc\u00e2ntara, Perfeita Alegria, Santo Ant\u00f4nio, S\u00e3o Luquesio, S\u00e3o Jos\u00e9 de Cupertino, S\u00e3o Dami\u00e3o, S\u00e3o Jo\u00e3o Jones, S\u00e3o Louren\u00e7o de Brindes, Santa Maria dos Anjos, S\u00e3o Pio de Pietrelcina e Santa Clara de Assis.<\/span><\/p>\n<hr \/>\n<p style=\"text-align: right;\"><em>Frei Domingos Macuva e Adriana Rabelo Rodrigues<\/em><\/p>\n","protected":false},"excerpt":{"rendered":"<p>1\u00ba Encontro 2024 do Conselho Regional da Juventude Franciscana (Jufra) de Luanda<\/p>\n","protected":false},"author":11,"featured_media":246753,"comment_status":"open","ping_status":"open","sticky":false,"template":"","format":"standard","meta":[],"categories":[1],"tags":[109,195,2056],"acf":[],"yoast_head":"<!-- This site is optimized with the Yoast SEO plugin v19.2 - https:\/\/yoast.com\/wordpress\/plugins\/seo\/ -->\n<title>FIMDA promove encontro do Conselho da Juventude Franciscana de Luanda - Not\u00edcias - Franciscanos<\/title>\n<meta name=\"robots\" content=\"index, follow, max-snippet:-1, max-image-preview:large, max-video-preview:-1\" \/>\n<link rel=\"canonical\" href=\"https:\/\/franciscanos.org.br\/noticias\/fimda-promove-encontro-do-conselho-da-juventude-franciscana-de-luanda.html\" \/>\n<meta property=\"og:locale\" content=\"pt_BR\" \/>\n<meta property=\"og:type\" content=\"article\" \/>\n<meta property=\"og:title\" content=\"FIMDA promove encontro do Conselho da Juventude Franciscana de Luanda - Not\u00edcias - Franciscanos\" \/>\n<meta property=\"og:description\" content=\"1\u00ba Encontro 2024 do Conselho Regional da Juventude Franciscana (Jufra) de Luanda\" \/>\n<meta property=\"og:url\" content=\"https:\/\/franciscanos.org.br\/noticias\/fimda-promove-encontro-do-conselho-da-juventude-franciscana-de-luanda.html\" \/>\n<meta property=\"og:site_name\" content=\"Not\u00edcias - Franciscanos\" \/>\n<meta property=\"article:published_time\" content=\"2024-03-26T18:45:45+00:00\" \/>\n<meta property=\"article:modified_time\" content=\"2025-03-10T19:03:07+00:00\" \/>\n<meta property=\"og:image\" content=\"https:\/\/franciscanos.org.br\/noticias\/wp-content\/uploads\/2024\/03\/FOTO-1x.jpg\" \/>\n\t<meta property=\"og:image:width\" content=\"1280\" \/>\n\t<meta property=\"og:image:height\" content=\"853\" \/>\n\t<meta property=\"og:image:type\" content=\"image\/jpeg\" \/>\n<meta name=\"author\" content=\"Adriana Rabelo\" \/>\n<meta name=\"twitter:card\" content=\"summary_large_image\" \/>\n<meta name=\"twitter:label1\" content=\"Escrito por\" \/>\n\t<meta name=\"twitter:data1\" content=\"Adriana Rabelo\" \/>\n\t<meta name=\"twitter:label2\" content=\"Est. tempo de leitura\" \/>\n\t<meta name=\"twitter:data2\" content=\"1 minuto\" \/>\n<script type=\"application\/ld+json\" class=\"yoast-schema-graph\">{\"@context\":\"https:\/\/schema.org\",\"@graph\":[{\"@type\":\"WebSite\",\"@id\":\"https:\/\/franciscanos.org.br\/noticias\/#website\",\"url\":\"https:\/\/franciscanos.org.br\/noticias\/\",\"name\":\"Not\u00edcias - Franciscanos\",\"description\":\"Prov\u00edncia Franciscana da Imaculada Concei\u00e7\u00e3o do Brasil - Ordem dos Frades Menores - OFM\",\"potentialAction\":[{\"@type\":\"SearchAction\",\"target\":{\"@type\":\"EntryPoint\",\"urlTemplate\":\"https:\/\/franciscanos.org.br\/noticias\/?s={search_term_string}\"},\"query-input\":\"required name=search_term_string\"}],\"inLanguage\":\"pt-BR\"},{\"@type\":\"ImageObject\",\"inLanguage\":\"pt-BR\",\"@id\":\"https:\/\/franciscanos.org.br\/noticias\/fimda-promove-encontro-do-conselho-da-juventude-franciscana-de-luanda.html#primaryimage\",\"url\":\"https:\/\/franciscanos.org.br\/noticias\/wp-content\/uploads\/2024\/03\/FOTO-1x.jpg\",\"contentUrl\":\"https:\/\/franciscanos.org.br\/noticias\/wp-content\/uploads\/2024\/03\/FOTO-1x.jpg\",\"width\":1280,\"height\":853},{\"@type\":\"WebPage\",\"@id\":\"https:\/\/franciscanos.org.br\/noticias\/fimda-promove-encontro-do-conselho-da-juventude-franciscana-de-luanda.html#webpage\",\"url\":\"https:\/\/franciscanos.org.br\/noticias\/fimda-promove-encontro-do-conselho-da-juventude-franciscana-de-luanda.html\",\"name\":\"FIMDA promove encontro do Conselho da Juventude Franciscana de Luanda - Not\u00edcias - Franciscanos\",\"isPartOf\":{\"@id\":\"https:\/\/franciscanos.org.br\/noticias\/#website\"},\"primaryImageOfPage\":{\"@id\":\"https:\/\/franciscanos.org.br\/noticias\/fimda-promove-encontro-do-conselho-da-juventude-franciscana-de-luanda.html#primaryimage\"},\"datePublished\":\"2024-03-26T18:45:45+00:00\",\"dateModified\":\"2025-03-10T19:03:07+00:00\",\"author\":{\"@id\":\"https:\/\/franciscanos.org.br\/noticias\/#\/schema\/person\/d9422e83121c3ad3b0f423d195f5bb25\"},\"breadcrumb\":{\"@id\":\"https:\/\/franciscanos.org.br\/noticias\/fimda-promove-encontro-do-conselho-da-juventude-franciscana-de-luanda.html#breadcrumb\"},\"inLanguage\":\"pt-BR\",\"potentialAction\":[{\"@type\":\"ReadAction\",\"target\":[\"https:\/\/franciscanos.org.br\/noticias\/fimda-promove-encontro-do-conselho-da-juventude-franciscana-de-luanda.html\"]}]},{\"@type\":\"BreadcrumbList\",\"@id\":\"https:\/\/franciscanos.org.br\/noticias\/fimda-promove-encontro-do-conselho-da-juventude-franciscana-de-luanda.html#breadcrumb\",\"itemListElement\":[{\"@type\":\"ListItem\",\"position\":1,\"name\":\"Home\",\"item\":\"https:\/\/franciscanos.org.br\/noticias\"},{\"@type\":\"ListItem\",\"position\":2,\"name\":\"FIMDA promove encontro do Conselho da Juventude Franciscana de Luanda\"}]},{\"@type\":\"Person\",\"@id\":\"https:\/\/franciscanos.org.br\/noticias\/#\/schema\/person\/d9422e83121c3ad3b0f423d195f5bb25\",\"name\":\"Adriana Rabelo\",\"image\":{\"@type\":\"ImageObject\",\"inLanguage\":\"pt-BR\",\"@id\":\"https:\/\/franciscanos.org.br\/noticias\/#\/schema\/person\/image\/\",\"url\":\"https:\/\/secure.gravatar.com\/avatar\/0a937b7500cd7df77540cfb8bede877d?s=96&d=mm&r=g\",\"contentUrl\":\"https:\/\/secure.gravatar.com\/avatar\/0a937b7500cd7df77540cfb8bede877d?s=96&d=mm&r=g\",\"caption\":\"Adriana Rabelo\"},\"url\":\"https:\/\/franciscanos.org.br\/noticias\/author\/adrianarabelo\"}]}<\/script>\n<!-- \/ Yoast SEO plugin. -->","yoast_head_json":{"title":"FIMDA promove encontro do Conselho da Juventude Franciscana de Luanda - Not\u00edcias - Franciscanos","robots":{"index":"index","follow":"follow","max-snippet":"max-snippet:-1","max-image-preview":"max-image-preview:large","max-video-preview":"max-video-preview:-1"},"canonical":"https:\/\/franciscanos.org.br\/noticias\/fimda-promove-encontro-do-conselho-da-juventude-franciscana-de-luanda.html","og_locale":"pt_BR","og_type":"article","og_title":"FIMDA promove encontro do Conselho da Juventude Franciscana de Luanda - Not\u00edcias - Franciscanos","og_description":"1\u00ba Encontro 2024 do Conselho Regional da Juventude Franciscana (Jufra) de Luanda","og_url":"https:\/\/franciscanos.org.br\/noticias\/fimda-promove-encontro-do-conselho-da-juventude-franciscana-de-luanda.html","og_site_name":"Not\u00edcias - Franciscanos","article_published_time":"2024-03-26T18:45:45+00:00","article_modified_time":"2025-03-10T19:03:07+00:00","og_image":[{"width":1280,"height":853,"url":"https:\/\/franciscanos.org.br\/noticias\/wp-content\/uploads\/2024\/03\/FOTO-1x.jpg","type":"image\/jpeg"}],"author":"Adriana Rabelo","twitter_card":"summary_large_image","twitter_misc":{"Escrito por":"Adriana Rabelo","Est. tempo de leitura":"1 minuto"},"schema":{"@context":"https:\/\/schema.org","@graph":[{"@type":"WebSite","@id":"https:\/\/franciscanos.org.br\/noticias\/#website","url":"https:\/\/franciscanos.org.br\/noticias\/","name":"Not\u00edcias - Franciscanos","description":"Prov\u00edncia Franciscana da Imaculada Concei\u00e7\u00e3o do Brasil - Ordem dos Frades Menores - OFM","potentialAction":[{"@type":"SearchAction","target":{"@type":"EntryPoint","urlTemplate":"https:\/\/franciscanos.org.br\/noticias\/?s={search_term_string}"},"query-input":"required name=search_term_string"}],"inLanguage":"pt-BR"},{"@type":"ImageObject","inLanguage":"pt-BR","@id":"https:\/\/franciscanos.org.br\/noticias\/fimda-promove-encontro-do-conselho-da-juventude-franciscana-de-luanda.html#primaryimage","url":"https:\/\/franciscanos.org.br\/noticias\/wp-content\/uploads\/2024\/03\/FOTO-1x.jpg","contentUrl":"https:\/\/franciscanos.org.br\/noticias\/wp-content\/uploads\/2024\/03\/FOTO-1x.jpg","width":1280,"height":853},{"@type":"WebPage","@id":"https:\/\/franciscanos.org.br\/noticias\/fimda-promove-encontro-do-conselho-da-juventude-franciscana-de-luanda.html#webpage","url":"https:\/\/franciscanos.org.br\/noticias\/fimda-promove-encontro-do-conselho-da-juventude-franciscana-de-luanda.html","name":"FIMDA promove encontro do Conselho da Juventude Franciscana de Luanda - Not\u00edcias - Franciscanos","isPartOf":{"@id":"https:\/\/franciscanos.org.br\/noticias\/#website"},"primaryImageOfPage":{"@id":"https:\/\/franciscanos.org.br\/noticias\/fimda-promove-encontro-do-conselho-da-juventude-franciscana-de-luanda.html#primaryimage"},"datePublished":"2024-03-26T18:45:45+00:00","dateModified":"2025-03-10T19:03:07+00:00","author":{"@id":"https:\/\/franciscanos.org.br\/noticias\/#\/schema\/person\/d9422e83121c3ad3b0f423d195f5bb25"},"breadcrumb":{"@id":"https:\/\/franciscanos.org.br\/noticias\/fimda-promove-encontro-do-conselho-da-juventude-franciscana-de-luanda.html#breadcrumb"},"inLanguage":"pt-BR","potentialAction":[{"@type":"ReadAction","target":["https:\/\/franciscanos.org.br\/noticias\/fimda-promove-encontro-do-conselho-da-juventude-franciscana-de-luanda.html"]}]},{"@type":"BreadcrumbList","@id":"https:\/\/franciscanos.org.br\/noticias\/fimda-promove-encontro-do-conselho-da-juventude-franciscana-de-luanda.html#breadcrumb","itemListElement":[{"@type":"ListItem","position":1,"name":"Home","item":"https:\/\/franciscanos.org.br\/noticias"},{"@type":"ListItem","position":2,"name":"FIMDA promove encontro do Conselho da Juventude Franciscana de Luanda"}]},{"@type":"Person","@id":"https:\/\/franciscanos.org.br\/noticias\/#\/schema\/person\/d9422e83121c3ad3b0f423d195f5bb25","name":"Adriana Rabelo","image":{"@type":"ImageObject","inLanguage":"pt-BR","@id":"https:\/\/franciscanos.org.br\/noticias\/#\/schema\/person\/image\/","url":"https:\/\/secure.gravatar.com\/avatar\/0a937b7500cd7df77540cfb8bede877d?s=96&d=mm&r=g","contentUrl":"https:\/\/secure.gravatar.com\/avatar\/0a937b7500cd7df77540cfb8bede877d?s=96&d=mm&r=g","caption":"Adriana Rabelo"},"url":"https:\/\/franciscanos.org.br\/noticias\/author\/adrianarabelo"}]}},"_links":{"self":[{"href":"https:\/\/franciscanos.org.br\/noticias\/wp-json\/wp\/v2\/posts\/246752"}],"collection":[{"href":"https:\/\/franciscanos.org.br\/noticias\/wp-json\/wp\/v2\/posts"}],"about":[{"href":"https:\/\/franciscanos.org.br\/noticias\/wp-json\/wp\/v2\/types\/post"}],"author":[{"embeddable":true,"href":"https:\/\/franciscanos.org.br\/noticias\/wp-json\/wp\/v2\/users\/11"}],"replies":[{"embeddable":true,"href":"https:\/\/franciscanos.org.br\/noticias\/wp-json\/wp\/v2\/comments?post=246752"}],"version-history":[{"count":3,"href":"https:\/\/franciscanos.org.br\/noticias\/wp-json\/wp\/v2\/posts\/246752\/revisions"}],"predecessor-version":[{"id":246764,"href":"https:\/\/franciscanos.org.br\/noticias\/wp-json\/wp\/v2\/posts\/246752\/revisions\/246764"}],"wp:featuredmedia":[{"embeddable":true,"href":"https:\/\/franciscanos.org.br\/noticias\/wp-json\/wp\/v2\/media\/246753"}],"wp:attachment":[{"href":"https:\/\/franciscanos.org.br\/noticias\/wp-json\/wp\/v2\/media?parent=246752"}],"wp:term":[{"taxonomy":"category","embeddable":true,"href":"https:\/\/franciscanos.org.br\/noticias\/wp-json\/wp\/v2\/categories?post=246752"},{"taxonomy":"post_tag","embeddable":true,"href":"https:\/\/franciscanos.org.br\/noticias\/wp-json\/wp\/v2\/tags?post=246752"}],"curies":[{"name":"wp","href":"https:\/\/api.w.org\/{rel}","templated":true}]}}