{"id":246738,"date":"2024-03-21T15:25:46","date_gmt":"2024-03-21T18:25:46","guid":{"rendered":"https:\/\/franciscanos.org.br\/noticias\/?p=246738"},"modified":"2025-03-10T16:02:40","modified_gmt":"2025-03-10T19:02:40","slug":"encontro-dos-frades-animadores-da-evangelizacao-com-as-juventudes","status":"publish","type":"post","link":"https:\/\/franciscanos.org.br\/noticias\/encontro-dos-frades-animadores-da-evangelizacao-com-as-juventudes.html","title":{"rendered":"Encontro dos Frades Animadores da Evangeliza\u00e7\u00e3o com as Juventudes"},"content":{"rendered":"<p><img loading=\"lazy\" class=\"aligncenter wp-image-246740 size-full\" src=\"https:\/\/franciscanos.org.br\/noticias\/wp-content\/uploads\/2024\/03\/corrigida.jpg\" alt=\"\" width=\"1920\" height=\"1080\" srcset=\"https:\/\/franciscanos.org.br\/noticias\/wp-content\/uploads\/2024\/03\/corrigida.jpg 1920w, https:\/\/franciscanos.org.br\/noticias\/wp-content\/uploads\/2024\/03\/corrigida-450x253.jpg 450w, https:\/\/franciscanos.org.br\/noticias\/wp-content\/uploads\/2024\/03\/corrigida-1024x576.jpg 1024w, https:\/\/franciscanos.org.br\/noticias\/wp-content\/uploads\/2024\/03\/corrigida-768x432.jpg 768w, https:\/\/franciscanos.org.br\/noticias\/wp-content\/uploads\/2024\/03\/corrigida-1536x864.jpg 1536w, https:\/\/franciscanos.org.br\/noticias\/wp-content\/uploads\/2024\/03\/corrigida-150x84.jpg 150w\" sizes=\"(max-width: 1920px) 100vw, 1920px\" \/><\/p>\n<p><span style=\"font-weight: 400;\">Entre os dias 9 a 11 de mar\u00e7o, os frades Animadores da Evangeliza\u00e7\u00e3o com as Juventudes, da Prov\u00edncia da Imaculada Concei\u00e7\u00e3o do Brasil, estiveram reunidos, em Caiob\u00e1 (PR), para a primeira reuni\u00e3o presencial do ano. O objetivo foi partilhar, organizar e programar as pr\u00f3ximas atividades com os jovens franciscanos.<\/span><\/p>\n<p><span style=\"font-weight: 400;\">Desde o Cap\u00edtulo Provincial, realizado em novembro de 2021, estabeleceu-se como uma das prioridades para o sex\u00eanio 2022-2027 a proposta de consolidar a Anima\u00e7\u00e3o Vocacional como responsabilidade de cada frade, Fraternidade e Frentes de Evangeliza\u00e7\u00e3o. Com isso, segundo o Plano de Evangeliza\u00e7\u00e3o da Prov\u00edncia, surgiu o mandato de \u201cliberar frades para o SAV distintos dos que trabalhem com as Juventudes, embora possam atuar em conson\u00e2ncia\u201d. Desde ent\u00e3o, o trabalho provincial com as juventudes, antes ligado diretamente aos coordenadores do SAV, passou a ser um servi\u00e7o dentro do Secretariado para a Evangeliza\u00e7\u00e3o, com a composi\u00e7\u00e3o e nomea\u00e7\u00e3o de uma nova equipe, que contar\u00e1 com: Frei Gustavo Medella, Frei Roger Strapazzon, Frei Gabriel Dellandrea e Frei Augusto Luiz Gabriel.<\/span><\/p>\n<p><span style=\"font-weight: 400;\">Al\u00e9m dos frades da equipe, o Ministro Provincial, Frei Paulo Roberto Pereira, tamb\u00e9m participou em um dos momentos do encontro\u00a0de forma h\u00edbrida. \u201cExiste um desejo muito grande e uma capilaridade interessante com o trabalho com as juventudes da Prov\u00edncia\u201d, disse Frei Paulo. \u201cPoder\u00edamos tentar mais proximidade ainda com a JUFRA e a OFS. Eles s\u00e3o nossos parceiros na anima\u00e7\u00e3o vocacional franciscana. \u00c9 preciso trabalharmos juntos e somarmos for\u00e7as\u201d, partilhou.<\/span><\/p>\n<p><span style=\"font-weight: 400;\">\u201cTemos cada vez mais a impress\u00e3o de que o trabalho com a juventude cresce na ideia de transversalidade, tendo em vista a pr\u00f3pria composi\u00e7\u00e3o da equipe. Penso ainda que uma tarefa da nossa equipe \u00e9 ajudar a Prov\u00edncia a refletir sobre a import\u00e2ncia deste trabalho com os jovens. Chamar a aten\u00e7\u00e3o dos frades da Prov\u00edncia para a relev\u00e2ncia e import\u00e2ncia deste servi\u00e7o\u201d, frisou Frei Gustavo Medella.<\/span><\/p>\n<p><span style=\"font-weight: 400;\">Entre outros assuntos, tamb\u00e9m foram abordadas as quest\u00f5es relacionadas \u00e0 organiza\u00e7\u00e3o e articula\u00e7\u00e3o dos pr\u00f3ximos eventos, do futuro do Conselho das Juventudes e do sustento deste servi\u00e7o provincial.<\/span><\/p>\n<hr \/>\n<p><i><span style=\"font-weight: 400;\">Frei Augusto Luiz Gabriel<\/span><\/i><\/p>\n","protected":false},"excerpt":{"rendered":"<p>Equipe prepara atividades com os jovens franciscanos<\/p>\n","protected":false},"author":11,"featured_media":0,"comment_status":"open","ping_status":"open","sticky":false,"template":"","format":"standard","meta":[],"categories":[1],"tags":[478,2056],"acf":[],"yoast_head":"<!-- This site is optimized with the Yoast SEO plugin v19.2 - https:\/\/yoast.com\/wordpress\/plugins\/seo\/ -->\n<title>Encontro dos Frades Animadores da Evangeliza\u00e7\u00e3o com as Juventudes - Not\u00edcias - Franciscanos<\/title>\n<meta name=\"robots\" content=\"index, follow, max-snippet:-1, max-image-preview:large, max-video-preview:-1\" \/>\n<link rel=\"canonical\" href=\"https:\/\/franciscanos.org.br\/noticias\/encontro-dos-frades-animadores-da-evangelizacao-com-as-juventudes.html\" \/>\n<meta property=\"og:locale\" content=\"pt_BR\" \/>\n<meta property=\"og:type\" content=\"article\" \/>\n<meta property=\"og:title\" content=\"Encontro dos Frades Animadores da Evangeliza\u00e7\u00e3o com as Juventudes - Not\u00edcias - Franciscanos\" \/>\n<meta property=\"og:description\" content=\"Equipe prepara atividades com os jovens franciscanos\" \/>\n<meta property=\"og:url\" content=\"https:\/\/franciscanos.org.br\/noticias\/encontro-dos-frades-animadores-da-evangelizacao-com-as-juventudes.html\" \/>\n<meta property=\"og:site_name\" content=\"Not\u00edcias - Franciscanos\" \/>\n<meta property=\"article:published_time\" content=\"2024-03-21T18:25:46+00:00\" \/>\n<meta property=\"article:modified_time\" content=\"2025-03-10T19:02:40+00:00\" \/>\n<meta property=\"og:image\" content=\"https:\/\/franciscanos.org.br\/noticias\/wp-content\/uploads\/2024\/03\/corrigida.jpg\" \/>\n<meta name=\"author\" content=\"Adriana Rabelo\" \/>\n<meta name=\"twitter:card\" content=\"summary_large_image\" \/>\n<meta name=\"twitter:label1\" content=\"Escrito por\" \/>\n\t<meta name=\"twitter:data1\" content=\"Adriana Rabelo\" \/>\n\t<meta name=\"twitter:label2\" content=\"Est. tempo de leitura\" \/>\n\t<meta name=\"twitter:data2\" content=\"2 minutos\" \/>\n<script type=\"application\/ld+json\" class=\"yoast-schema-graph\">{\"@context\":\"https:\/\/schema.org\",\"@graph\":[{\"@type\":\"WebSite\",\"@id\":\"https:\/\/franciscanos.org.br\/noticias\/#website\",\"url\":\"https:\/\/franciscanos.org.br\/noticias\/\",\"name\":\"Not\u00edcias - Franciscanos\",\"description\":\"Prov\u00edncia Franciscana da Imaculada Concei\u00e7\u00e3o do Brasil - Ordem dos Frades Menores - OFM\",\"potentialAction\":[{\"@type\":\"SearchAction\",\"target\":{\"@type\":\"EntryPoint\",\"urlTemplate\":\"https:\/\/franciscanos.org.br\/noticias\/?s={search_term_string}\"},\"query-input\":\"required name=search_term_string\"}],\"inLanguage\":\"pt-BR\"},{\"@type\":\"ImageObject\",\"inLanguage\":\"pt-BR\",\"@id\":\"https:\/\/franciscanos.org.br\/noticias\/encontro-dos-frades-animadores-da-evangelizacao-com-as-juventudes.html#primaryimage\",\"url\":\"https:\/\/franciscanos.org.br\/noticias\/wp-content\/uploads\/2024\/03\/corrigida.jpg\",\"contentUrl\":\"https:\/\/franciscanos.org.br\/noticias\/wp-content\/uploads\/2024\/03\/corrigida.jpg\",\"width\":1920,\"height\":1080},{\"@type\":\"WebPage\",\"@id\":\"https:\/\/franciscanos.org.br\/noticias\/encontro-dos-frades-animadores-da-evangelizacao-com-as-juventudes.html#webpage\",\"url\":\"https:\/\/franciscanos.org.br\/noticias\/encontro-dos-frades-animadores-da-evangelizacao-com-as-juventudes.html\",\"name\":\"Encontro dos Frades Animadores da Evangeliza\u00e7\u00e3o com as Juventudes - Not\u00edcias - Franciscanos\",\"isPartOf\":{\"@id\":\"https:\/\/franciscanos.org.br\/noticias\/#website\"},\"primaryImageOfPage\":{\"@id\":\"https:\/\/franciscanos.org.br\/noticias\/encontro-dos-frades-animadores-da-evangelizacao-com-as-juventudes.html#primaryimage\"},\"datePublished\":\"2024-03-21T18:25:46+00:00\",\"dateModified\":\"2025-03-10T19:02:40+00:00\",\"author\":{\"@id\":\"https:\/\/franciscanos.org.br\/noticias\/#\/schema\/person\/d9422e83121c3ad3b0f423d195f5bb25\"},\"breadcrumb\":{\"@id\":\"https:\/\/franciscanos.org.br\/noticias\/encontro-dos-frades-animadores-da-evangelizacao-com-as-juventudes.html#breadcrumb\"},\"inLanguage\":\"pt-BR\",\"potentialAction\":[{\"@type\":\"ReadAction\",\"target\":[\"https:\/\/franciscanos.org.br\/noticias\/encontro-dos-frades-animadores-da-evangelizacao-com-as-juventudes.html\"]}]},{\"@type\":\"BreadcrumbList\",\"@id\":\"https:\/\/franciscanos.org.br\/noticias\/encontro-dos-frades-animadores-da-evangelizacao-com-as-juventudes.html#breadcrumb\",\"itemListElement\":[{\"@type\":\"ListItem\",\"position\":1,\"name\":\"Home\",\"item\":\"https:\/\/franciscanos.org.br\/noticias\"},{\"@type\":\"ListItem\",\"position\":2,\"name\":\"Encontro dos Frades Animadores da Evangeliza\u00e7\u00e3o com as Juventudes\"}]},{\"@type\":\"Person\",\"@id\":\"https:\/\/franciscanos.org.br\/noticias\/#\/schema\/person\/d9422e83121c3ad3b0f423d195f5bb25\",\"name\":\"Adriana Rabelo\",\"image\":{\"@type\":\"ImageObject\",\"inLanguage\":\"pt-BR\",\"@id\":\"https:\/\/franciscanos.org.br\/noticias\/#\/schema\/person\/image\/\",\"url\":\"https:\/\/secure.gravatar.com\/avatar\/0a937b7500cd7df77540cfb8bede877d?s=96&d=mm&r=g\",\"contentUrl\":\"https:\/\/secure.gravatar.com\/avatar\/0a937b7500cd7df77540cfb8bede877d?s=96&d=mm&r=g\",\"caption\":\"Adriana Rabelo\"},\"url\":\"https:\/\/franciscanos.org.br\/noticias\/author\/adrianarabelo\"}]}<\/script>\n<!-- \/ Yoast SEO plugin. -->","yoast_head_json":{"title":"Encontro dos Frades Animadores da Evangeliza\u00e7\u00e3o com as Juventudes - Not\u00edcias - Franciscanos","robots":{"index":"index","follow":"follow","max-snippet":"max-snippet:-1","max-image-preview":"max-image-preview:large","max-video-preview":"max-video-preview:-1"},"canonical":"https:\/\/franciscanos.org.br\/noticias\/encontro-dos-frades-animadores-da-evangelizacao-com-as-juventudes.html","og_locale":"pt_BR","og_type":"article","og_title":"Encontro dos Frades Animadores da Evangeliza\u00e7\u00e3o com as Juventudes - Not\u00edcias - Franciscanos","og_description":"Equipe prepara atividades com os jovens franciscanos","og_url":"https:\/\/franciscanos.org.br\/noticias\/encontro-dos-frades-animadores-da-evangelizacao-com-as-juventudes.html","og_site_name":"Not\u00edcias - Franciscanos","article_published_time":"2024-03-21T18:25:46+00:00","article_modified_time":"2025-03-10T19:02:40+00:00","og_image":[{"url":"https:\/\/franciscanos.org.br\/noticias\/wp-content\/uploads\/2024\/03\/corrigida.jpg"}],"author":"Adriana Rabelo","twitter_card":"summary_large_image","twitter_misc":{"Escrito por":"Adriana Rabelo","Est. tempo de leitura":"2 minutos"},"schema":{"@context":"https:\/\/schema.org","@graph":[{"@type":"WebSite","@id":"https:\/\/franciscanos.org.br\/noticias\/#website","url":"https:\/\/franciscanos.org.br\/noticias\/","name":"Not\u00edcias - Franciscanos","description":"Prov\u00edncia Franciscana da Imaculada Concei\u00e7\u00e3o do Brasil - Ordem dos Frades Menores - OFM","potentialAction":[{"@type":"SearchAction","target":{"@type":"EntryPoint","urlTemplate":"https:\/\/franciscanos.org.br\/noticias\/?s={search_term_string}"},"query-input":"required name=search_term_string"}],"inLanguage":"pt-BR"},{"@type":"ImageObject","inLanguage":"pt-BR","@id":"https:\/\/franciscanos.org.br\/noticias\/encontro-dos-frades-animadores-da-evangelizacao-com-as-juventudes.html#primaryimage","url":"https:\/\/franciscanos.org.br\/noticias\/wp-content\/uploads\/2024\/03\/corrigida.jpg","contentUrl":"https:\/\/franciscanos.org.br\/noticias\/wp-content\/uploads\/2024\/03\/corrigida.jpg","width":1920,"height":1080},{"@type":"WebPage","@id":"https:\/\/franciscanos.org.br\/noticias\/encontro-dos-frades-animadores-da-evangelizacao-com-as-juventudes.html#webpage","url":"https:\/\/franciscanos.org.br\/noticias\/encontro-dos-frades-animadores-da-evangelizacao-com-as-juventudes.html","name":"Encontro dos Frades Animadores da Evangeliza\u00e7\u00e3o com as Juventudes - Not\u00edcias - Franciscanos","isPartOf":{"@id":"https:\/\/franciscanos.org.br\/noticias\/#website"},"primaryImageOfPage":{"@id":"https:\/\/franciscanos.org.br\/noticias\/encontro-dos-frades-animadores-da-evangelizacao-com-as-juventudes.html#primaryimage"},"datePublished":"2024-03-21T18:25:46+00:00","dateModified":"2025-03-10T19:02:40+00:00","author":{"@id":"https:\/\/franciscanos.org.br\/noticias\/#\/schema\/person\/d9422e83121c3ad3b0f423d195f5bb25"},"breadcrumb":{"@id":"https:\/\/franciscanos.org.br\/noticias\/encontro-dos-frades-animadores-da-evangelizacao-com-as-juventudes.html#breadcrumb"},"inLanguage":"pt-BR","potentialAction":[{"@type":"ReadAction","target":["https:\/\/franciscanos.org.br\/noticias\/encontro-dos-frades-animadores-da-evangelizacao-com-as-juventudes.html"]}]},{"@type":"BreadcrumbList","@id":"https:\/\/franciscanos.org.br\/noticias\/encontro-dos-frades-animadores-da-evangelizacao-com-as-juventudes.html#breadcrumb","itemListElement":[{"@type":"ListItem","position":1,"name":"Home","item":"https:\/\/franciscanos.org.br\/noticias"},{"@type":"ListItem","position":2,"name":"Encontro dos Frades Animadores da Evangeliza\u00e7\u00e3o com as Juventudes"}]},{"@type":"Person","@id":"https:\/\/franciscanos.org.br\/noticias\/#\/schema\/person\/d9422e83121c3ad3b0f423d195f5bb25","name":"Adriana Rabelo","image":{"@type":"ImageObject","inLanguage":"pt-BR","@id":"https:\/\/franciscanos.org.br\/noticias\/#\/schema\/person\/image\/","url":"https:\/\/secure.gravatar.com\/avatar\/0a937b7500cd7df77540cfb8bede877d?s=96&d=mm&r=g","contentUrl":"https:\/\/secure.gravatar.com\/avatar\/0a937b7500cd7df77540cfb8bede877d?s=96&d=mm&r=g","caption":"Adriana Rabelo"},"url":"https:\/\/franciscanos.org.br\/noticias\/author\/adrianarabelo"}]}},"_links":{"self":[{"href":"https:\/\/franciscanos.org.br\/noticias\/wp-json\/wp\/v2\/posts\/246738"}],"collection":[{"href":"https:\/\/franciscanos.org.br\/noticias\/wp-json\/wp\/v2\/posts"}],"about":[{"href":"https:\/\/franciscanos.org.br\/noticias\/wp-json\/wp\/v2\/types\/post"}],"author":[{"embeddable":true,"href":"https:\/\/franciscanos.org.br\/noticias\/wp-json\/wp\/v2\/users\/11"}],"replies":[{"embeddable":true,"href":"https:\/\/franciscanos.org.br\/noticias\/wp-json\/wp\/v2\/comments?post=246738"}],"version-history":[{"count":1,"href":"https:\/\/franciscanos.org.br\/noticias\/wp-json\/wp\/v2\/posts\/246738\/revisions"}],"predecessor-version":[{"id":246741,"href":"https:\/\/franciscanos.org.br\/noticias\/wp-json\/wp\/v2\/posts\/246738\/revisions\/246741"}],"wp:attachment":[{"href":"https:\/\/franciscanos.org.br\/noticias\/wp-json\/wp\/v2\/media?parent=246738"}],"wp:term":[{"taxonomy":"category","embeddable":true,"href":"https:\/\/franciscanos.org.br\/noticias\/wp-json\/wp\/v2\/categories?post=246738"},{"taxonomy":"post_tag","embeddable":true,"href":"https:\/\/franciscanos.org.br\/noticias\/wp-json\/wp\/v2\/tags?post=246738"}],"curies":[{"name":"wp","href":"https:\/\/api.w.org\/{rel}","templated":true}]}}