{"id":246732,"date":"2024-03-21T11:13:15","date_gmt":"2024-03-21T14:13:15","guid":{"rendered":"https:\/\/franciscanos.org.br\/noticias\/?p=246732"},"modified":"2024-03-25T08:46:27","modified_gmt":"2024-03-25T11:46:27","slug":"12a-edicao-da-caminhada-franciscana-da-juventude-sera-em-sorocaba","status":"publish","type":"post","link":"https:\/\/franciscanos.org.br\/noticias\/12a-edicao-da-caminhada-franciscana-da-juventude-sera-em-sorocaba.html","title":{"rendered":"12\u00aa edi\u00e7\u00e3o da Caminhada Franciscana a Juventude ser\u00e1 em Sorocaba"},"content":{"rendered":"<p><a href=\"https:\/\/franciscanos.org.br\/noticias\/wp-content\/uploads\/2024\/03\/FOTO-1.heic\"><img class=\"alignnone size-full wp-image-246733\" src=\"https:\/\/franciscanos.org.br\/noticias\/wp-content\/uploads\/2024\/03\/FOTO-1.heic\" alt=\"\" \/><img loading=\"lazy\" class=\"alignnone wp-image-246742 size-full\" src=\"https:\/\/franciscanos.org.br\/noticias\/wp-content\/uploads\/2024\/03\/FOTO3-scaled.jpg\" alt=\"\" width=\"1920\" height=\"1440\" srcset=\"https:\/\/franciscanos.org.br\/noticias\/wp-content\/uploads\/2024\/03\/FOTO3-scaled.jpg 1440w, https:\/\/franciscanos.org.br\/noticias\/wp-content\/uploads\/2024\/03\/FOTO3-450x338.jpg 450w, https:\/\/franciscanos.org.br\/noticias\/wp-content\/uploads\/2024\/03\/FOTO3-1024x768.jpg 1024w, https:\/\/franciscanos.org.br\/noticias\/wp-content\/uploads\/2024\/03\/FOTO3-768x576.jpg 768w, https:\/\/franciscanos.org.br\/noticias\/wp-content\/uploads\/2024\/03\/FOTO3-1536x1152.jpg 1536w, https:\/\/franciscanos.org.br\/noticias\/wp-content\/uploads\/2024\/03\/FOTO3-2048x1536.jpg 2048w, https:\/\/franciscanos.org.br\/noticias\/wp-content\/uploads\/2024\/03\/FOTO3-150x113.jpg 150w, https:\/\/franciscanos.org.br\/noticias\/wp-content\/uploads\/2024\/03\/FOTO3-600x450.jpg 600w\" sizes=\"(max-width: 1920px) 100vw, 1920px\" \/><\/a><\/p>\n<p><span style=\"font-weight: 400;\">No \u00faltimo dia 7 de mar\u00e7o,\u00a0 Frei Augusto Luiz Gabriel, Frei Gabriel Dellandrea e\u00a0 Frei Roger Strapazzon,\u00a0 da Equipe de Evangeliza\u00e7\u00e3o com as Juventudes estiveram em Sorocaba (SP), para a 2\u00aa reuni\u00e3o de prepara\u00e7\u00e3o para a 12\u00aa Caminhada Franciscana da Juventude (CFJ), que ser\u00e1 entre os dias 20 e 21 de julho de 2024.\u00a0<\/span><\/p>\n<p><span style=\"font-weight: 400;\">Lideran\u00e7as da Par\u00f3quia Bom Jesus dos Aflitos, anfitri\u00e3 do evento, marcaram presen\u00e7a na reuni\u00e3o que definiu o trajeto desta edi\u00e7\u00e3o. Ficou definido que o tema da caminhada ser\u00e1:&#8221;Como S\u00e3o Francisco, marcados pelo amor do Bom Jesus&#8221;, e o lema: \u201cChagados pelo amor, peregrinos da esperan\u00e7a\u201d, ambos em sintonia com as celebra\u00e7\u00f5es dos 100 anos de par\u00f3quia e dos 800 anos dos Estigmas de S\u00e3o Francisco.<\/span><\/p>\n<p><span style=\"font-weight: 400;\">O primeiro encontro com as lideran\u00e7as organizadoras de Sorocaba foi no dia 4 de fevereiro. \u00c9 a primeira vez que a cidade recebe o evento, que j\u00e1 \u00e9 esperado com muita expectativa e alegria. Na ocasi\u00e3o Frei Gabriel e Frei Roger apresentaram a hist\u00f3ria da CFJ, sua estrutura, bem como os passos a seguir para a realiza\u00e7\u00e3o da caminhada.\u00a0<\/span><\/p>\n<p><span style=\"font-weight: 400;\">No dia 16 de abril, ser\u00e1 realizada a terceira reuni\u00e3o entre os frades e as lideran\u00e7as da 12\u00aa Caminhada Franciscana da Juventude para afinar um pouco mais os detalhes da organiza\u00e7\u00e3o da atividade.<\/span><\/p>\n<p><span style=\"font-weight: 400;\">O prazo de inscri\u00e7\u00f5es para a CFJ ser\u00e1 de\u00a017 de maio a 17 de junho de 2024. Desde j\u00e1 contamos com a sintonia e a ora\u00e7\u00e3o de todos para o bom \u00eaxito de mais um evento provincial com as Juventudes da Prov\u00edncia.<\/span><\/p>\n<hr \/>\n<p><i><span style=\"font-weight: 400;\">Frei Augusto Luiz Gabriel<\/span><\/i><\/p>\n","protected":false},"excerpt":{"rendered":"<p>As inscri\u00e7\u00f5es ser\u00e3o de 17 de maio a 17 de junho.<\/p>\n","protected":false},"author":11,"featured_media":246735,"comment_status":"open","ping_status":"open","sticky":false,"template":"","format":"standard","meta":[],"categories":[1],"tags":[699,1525],"acf":[],"yoast_head":"<!-- This site is optimized with the Yoast SEO plugin v19.2 - https:\/\/yoast.com\/wordpress\/plugins\/seo\/ -->\n<title>12\u00aa edi\u00e7\u00e3o da Caminhada Franciscana a Juventude ser\u00e1 em Sorocaba - Not\u00edcias - Franciscanos<\/title>\n<meta name=\"robots\" content=\"index, follow, max-snippet:-1, max-image-preview:large, max-video-preview:-1\" \/>\n<link rel=\"canonical\" href=\"https:\/\/franciscanos.org.br\/noticias\/12a-edicao-da-caminhada-franciscana-da-juventude-sera-em-sorocaba.html\" \/>\n<meta property=\"og:locale\" content=\"pt_BR\" \/>\n<meta property=\"og:type\" content=\"article\" \/>\n<meta property=\"og:title\" content=\"12\u00aa edi\u00e7\u00e3o da Caminhada Franciscana a Juventude ser\u00e1 em Sorocaba - Not\u00edcias - Franciscanos\" \/>\n<meta property=\"og:description\" content=\"As inscri\u00e7\u00f5es ser\u00e3o de 17 de maio a 17 de junho.\" \/>\n<meta property=\"og:url\" content=\"https:\/\/franciscanos.org.br\/noticias\/12a-edicao-da-caminhada-franciscana-da-juventude-sera-em-sorocaba.html\" \/>\n<meta property=\"og:site_name\" content=\"Not\u00edcias - Franciscanos\" \/>\n<meta property=\"article:published_time\" content=\"2024-03-21T14:13:15+00:00\" \/>\n<meta property=\"article:modified_time\" content=\"2024-03-25T11:46:27+00:00\" \/>\n<meta property=\"og:image\" content=\"https:\/\/franciscanos.org.br\/noticias\/wp-content\/uploads\/2024\/03\/FOTO-1-scaled.jpg\" \/>\n\t<meta property=\"og:image:width\" content=\"1440\" \/>\n\t<meta property=\"og:image:height\" content=\"1080\" \/>\n\t<meta property=\"og:image:type\" content=\"image\/jpeg\" \/>\n<meta name=\"author\" content=\"Adriana Rabelo\" \/>\n<meta name=\"twitter:card\" content=\"summary_large_image\" \/>\n<meta name=\"twitter:label1\" content=\"Escrito por\" \/>\n\t<meta name=\"twitter:data1\" content=\"Adriana Rabelo\" \/>\n\t<meta name=\"twitter:label2\" content=\"Est. tempo de leitura\" \/>\n\t<meta name=\"twitter:data2\" content=\"1 minuto\" \/>\n<script type=\"application\/ld+json\" class=\"yoast-schema-graph\">{\"@context\":\"https:\/\/schema.org\",\"@graph\":[{\"@type\":\"WebSite\",\"@id\":\"https:\/\/franciscanos.org.br\/noticias\/#website\",\"url\":\"https:\/\/franciscanos.org.br\/noticias\/\",\"name\":\"Not\u00edcias - Franciscanos\",\"description\":\"Prov\u00edncia Franciscana da Imaculada Concei\u00e7\u00e3o do Brasil - Ordem dos Frades Menores - OFM\",\"potentialAction\":[{\"@type\":\"SearchAction\",\"target\":{\"@type\":\"EntryPoint\",\"urlTemplate\":\"https:\/\/franciscanos.org.br\/noticias\/?s={search_term_string}\"},\"query-input\":\"required name=search_term_string\"}],\"inLanguage\":\"pt-BR\"},{\"@type\":\"ImageObject\",\"inLanguage\":\"pt-BR\",\"@id\":\"https:\/\/franciscanos.org.br\/noticias\/12a-edicao-da-caminhada-franciscana-da-juventude-sera-em-sorocaba.html#primaryimage\",\"url\":\"https:\/\/franciscanos.org.br\/noticias\/wp-content\/uploads\/2024\/03\/FOTO-1-scaled.jpg\",\"contentUrl\":\"https:\/\/franciscanos.org.br\/noticias\/wp-content\/uploads\/2024\/03\/FOTO-1-scaled.jpg\",\"width\":1440,\"height\":1080},{\"@type\":\"WebPage\",\"@id\":\"https:\/\/franciscanos.org.br\/noticias\/12a-edicao-da-caminhada-franciscana-da-juventude-sera-em-sorocaba.html#webpage\",\"url\":\"https:\/\/franciscanos.org.br\/noticias\/12a-edicao-da-caminhada-franciscana-da-juventude-sera-em-sorocaba.html\",\"name\":\"12\u00aa edi\u00e7\u00e3o da Caminhada Franciscana a Juventude ser\u00e1 em Sorocaba - Not\u00edcias - Franciscanos\",\"isPartOf\":{\"@id\":\"https:\/\/franciscanos.org.br\/noticias\/#website\"},\"primaryImageOfPage\":{\"@id\":\"https:\/\/franciscanos.org.br\/noticias\/12a-edicao-da-caminhada-franciscana-da-juventude-sera-em-sorocaba.html#primaryimage\"},\"datePublished\":\"2024-03-21T14:13:15+00:00\",\"dateModified\":\"2024-03-25T11:46:27+00:00\",\"author\":{\"@id\":\"https:\/\/franciscanos.org.br\/noticias\/#\/schema\/person\/d9422e83121c3ad3b0f423d195f5bb25\"},\"breadcrumb\":{\"@id\":\"https:\/\/franciscanos.org.br\/noticias\/12a-edicao-da-caminhada-franciscana-da-juventude-sera-em-sorocaba.html#breadcrumb\"},\"inLanguage\":\"pt-BR\",\"potentialAction\":[{\"@type\":\"ReadAction\",\"target\":[\"https:\/\/franciscanos.org.br\/noticias\/12a-edicao-da-caminhada-franciscana-da-juventude-sera-em-sorocaba.html\"]}]},{\"@type\":\"BreadcrumbList\",\"@id\":\"https:\/\/franciscanos.org.br\/noticias\/12a-edicao-da-caminhada-franciscana-da-juventude-sera-em-sorocaba.html#breadcrumb\",\"itemListElement\":[{\"@type\":\"ListItem\",\"position\":1,\"name\":\"Home\",\"item\":\"https:\/\/franciscanos.org.br\/noticias\"},{\"@type\":\"ListItem\",\"position\":2,\"name\":\"12\u00aa edi\u00e7\u00e3o da Caminhada Franciscana a Juventude ser\u00e1 em Sorocaba\"}]},{\"@type\":\"Person\",\"@id\":\"https:\/\/franciscanos.org.br\/noticias\/#\/schema\/person\/d9422e83121c3ad3b0f423d195f5bb25\",\"name\":\"Adriana Rabelo\",\"image\":{\"@type\":\"ImageObject\",\"inLanguage\":\"pt-BR\",\"@id\":\"https:\/\/franciscanos.org.br\/noticias\/#\/schema\/person\/image\/\",\"url\":\"https:\/\/secure.gravatar.com\/avatar\/0a937b7500cd7df77540cfb8bede877d?s=96&d=mm&r=g\",\"contentUrl\":\"https:\/\/secure.gravatar.com\/avatar\/0a937b7500cd7df77540cfb8bede877d?s=96&d=mm&r=g\",\"caption\":\"Adriana Rabelo\"},\"url\":\"https:\/\/franciscanos.org.br\/noticias\/author\/adrianarabelo\"}]}<\/script>\n<!-- \/ Yoast SEO plugin. -->","yoast_head_json":{"title":"12\u00aa edi\u00e7\u00e3o da Caminhada Franciscana a Juventude ser\u00e1 em Sorocaba - Not\u00edcias - Franciscanos","robots":{"index":"index","follow":"follow","max-snippet":"max-snippet:-1","max-image-preview":"max-image-preview:large","max-video-preview":"max-video-preview:-1"},"canonical":"https:\/\/franciscanos.org.br\/noticias\/12a-edicao-da-caminhada-franciscana-da-juventude-sera-em-sorocaba.html","og_locale":"pt_BR","og_type":"article","og_title":"12\u00aa edi\u00e7\u00e3o da Caminhada Franciscana a Juventude ser\u00e1 em Sorocaba - Not\u00edcias - Franciscanos","og_description":"As inscri\u00e7\u00f5es ser\u00e3o de 17 de maio a 17 de junho.","og_url":"https:\/\/franciscanos.org.br\/noticias\/12a-edicao-da-caminhada-franciscana-da-juventude-sera-em-sorocaba.html","og_site_name":"Not\u00edcias - Franciscanos","article_published_time":"2024-03-21T14:13:15+00:00","article_modified_time":"2024-03-25T11:46:27+00:00","og_image":[{"width":1440,"height":1080,"url":"https:\/\/franciscanos.org.br\/noticias\/wp-content\/uploads\/2024\/03\/FOTO-1-scaled.jpg","type":"image\/jpeg"}],"author":"Adriana Rabelo","twitter_card":"summary_large_image","twitter_misc":{"Escrito por":"Adriana Rabelo","Est. tempo de leitura":"1 minuto"},"schema":{"@context":"https:\/\/schema.org","@graph":[{"@type":"WebSite","@id":"https:\/\/franciscanos.org.br\/noticias\/#website","url":"https:\/\/franciscanos.org.br\/noticias\/","name":"Not\u00edcias - Franciscanos","description":"Prov\u00edncia Franciscana da Imaculada Concei\u00e7\u00e3o do Brasil - Ordem dos Frades Menores - OFM","potentialAction":[{"@type":"SearchAction","target":{"@type":"EntryPoint","urlTemplate":"https:\/\/franciscanos.org.br\/noticias\/?s={search_term_string}"},"query-input":"required name=search_term_string"}],"inLanguage":"pt-BR"},{"@type":"ImageObject","inLanguage":"pt-BR","@id":"https:\/\/franciscanos.org.br\/noticias\/12a-edicao-da-caminhada-franciscana-da-juventude-sera-em-sorocaba.html#primaryimage","url":"https:\/\/franciscanos.org.br\/noticias\/wp-content\/uploads\/2024\/03\/FOTO-1-scaled.jpg","contentUrl":"https:\/\/franciscanos.org.br\/noticias\/wp-content\/uploads\/2024\/03\/FOTO-1-scaled.jpg","width":1440,"height":1080},{"@type":"WebPage","@id":"https:\/\/franciscanos.org.br\/noticias\/12a-edicao-da-caminhada-franciscana-da-juventude-sera-em-sorocaba.html#webpage","url":"https:\/\/franciscanos.org.br\/noticias\/12a-edicao-da-caminhada-franciscana-da-juventude-sera-em-sorocaba.html","name":"12\u00aa edi\u00e7\u00e3o da Caminhada Franciscana a Juventude ser\u00e1 em Sorocaba - Not\u00edcias - Franciscanos","isPartOf":{"@id":"https:\/\/franciscanos.org.br\/noticias\/#website"},"primaryImageOfPage":{"@id":"https:\/\/franciscanos.org.br\/noticias\/12a-edicao-da-caminhada-franciscana-da-juventude-sera-em-sorocaba.html#primaryimage"},"datePublished":"2024-03-21T14:13:15+00:00","dateModified":"2024-03-25T11:46:27+00:00","author":{"@id":"https:\/\/franciscanos.org.br\/noticias\/#\/schema\/person\/d9422e83121c3ad3b0f423d195f5bb25"},"breadcrumb":{"@id":"https:\/\/franciscanos.org.br\/noticias\/12a-edicao-da-caminhada-franciscana-da-juventude-sera-em-sorocaba.html#breadcrumb"},"inLanguage":"pt-BR","potentialAction":[{"@type":"ReadAction","target":["https:\/\/franciscanos.org.br\/noticias\/12a-edicao-da-caminhada-franciscana-da-juventude-sera-em-sorocaba.html"]}]},{"@type":"BreadcrumbList","@id":"https:\/\/franciscanos.org.br\/noticias\/12a-edicao-da-caminhada-franciscana-da-juventude-sera-em-sorocaba.html#breadcrumb","itemListElement":[{"@type":"ListItem","position":1,"name":"Home","item":"https:\/\/franciscanos.org.br\/noticias"},{"@type":"ListItem","position":2,"name":"12\u00aa edi\u00e7\u00e3o da Caminhada Franciscana a Juventude ser\u00e1 em Sorocaba"}]},{"@type":"Person","@id":"https:\/\/franciscanos.org.br\/noticias\/#\/schema\/person\/d9422e83121c3ad3b0f423d195f5bb25","name":"Adriana Rabelo","image":{"@type":"ImageObject","inLanguage":"pt-BR","@id":"https:\/\/franciscanos.org.br\/noticias\/#\/schema\/person\/image\/","url":"https:\/\/secure.gravatar.com\/avatar\/0a937b7500cd7df77540cfb8bede877d?s=96&d=mm&r=g","contentUrl":"https:\/\/secure.gravatar.com\/avatar\/0a937b7500cd7df77540cfb8bede877d?s=96&d=mm&r=g","caption":"Adriana Rabelo"},"url":"https:\/\/franciscanos.org.br\/noticias\/author\/adrianarabelo"}]}},"_links":{"self":[{"href":"https:\/\/franciscanos.org.br\/noticias\/wp-json\/wp\/v2\/posts\/246732"}],"collection":[{"href":"https:\/\/franciscanos.org.br\/noticias\/wp-json\/wp\/v2\/posts"}],"about":[{"href":"https:\/\/franciscanos.org.br\/noticias\/wp-json\/wp\/v2\/types\/post"}],"author":[{"embeddable":true,"href":"https:\/\/franciscanos.org.br\/noticias\/wp-json\/wp\/v2\/users\/11"}],"replies":[{"embeddable":true,"href":"https:\/\/franciscanos.org.br\/noticias\/wp-json\/wp\/v2\/comments?post=246732"}],"version-history":[{"count":4,"href":"https:\/\/franciscanos.org.br\/noticias\/wp-json\/wp\/v2\/posts\/246732\/revisions"}],"predecessor-version":[{"id":246751,"href":"https:\/\/franciscanos.org.br\/noticias\/wp-json\/wp\/v2\/posts\/246732\/revisions\/246751"}],"wp:featuredmedia":[{"embeddable":true,"href":"https:\/\/franciscanos.org.br\/noticias\/wp-json\/wp\/v2\/media\/246735"}],"wp:attachment":[{"href":"https:\/\/franciscanos.org.br\/noticias\/wp-json\/wp\/v2\/media?parent=246732"}],"wp:term":[{"taxonomy":"category","embeddable":true,"href":"https:\/\/franciscanos.org.br\/noticias\/wp-json\/wp\/v2\/categories?post=246732"},{"taxonomy":"post_tag","embeddable":true,"href":"https:\/\/franciscanos.org.br\/noticias\/wp-json\/wp\/v2\/tags?post=246732"}],"curies":[{"name":"wp","href":"https:\/\/api.w.org\/{rel}","templated":true}]}}