{"id":246728,"date":"2024-03-20T09:36:37","date_gmt":"2024-03-20T12:36:37","guid":{"rendered":"https:\/\/franciscanos.org.br\/noticias\/?p=246728"},"modified":"2024-03-27T11:26:05","modified_gmt":"2024-03-27T14:26:05","slug":"o-papa-prudencia-capacidade-de-direcionar-as-acoes-para-o-bem","status":"publish","type":"post","link":"https:\/\/franciscanos.org.br\/noticias\/o-papa-prudencia-capacidade-de-direcionar-as-acoes-para-o-bem.html","title":{"rendered":"O Papa: prud\u00eancia, capacidade de direcionar as a\u00e7\u00f5es para o bem"},"content":{"rendered":"<div><img loading=\"lazy\" class=\"aligncenter wp-image-246729 size-full\" src=\"https:\/\/franciscanos.org.br\/noticias\/wp-content\/uploads\/2024\/03\/cq5dam.thumbnail.cropped.750.422-2.jpeg\" alt=\"\" width=\"750\" height=\"422\" srcset=\"https:\/\/franciscanos.org.br\/noticias\/wp-content\/uploads\/2024\/03\/cq5dam.thumbnail.cropped.750.422-2.jpeg 750w, https:\/\/franciscanos.org.br\/noticias\/wp-content\/uploads\/2024\/03\/cq5dam.thumbnail.cropped.750.422-2-450x253.jpeg 450w, https:\/\/franciscanos.org.br\/noticias\/wp-content\/uploads\/2024\/03\/cq5dam.thumbnail.cropped.750.422-2-150x84.jpeg 150w\" sizes=\"(max-width: 750px) 100vw, 750px\" \/><\/div>\n<div class=\"article__subTitle\">&#8220;Num mundo dominado pelas apar\u00eancias, pelos pensamentos superficiais, pela banalidade tanto do bem quanto do mal, a antiga li\u00e7\u00e3o da prud\u00eancia merece ser recuperada.&#8221; Este \u00e9 um trecho da catequese do Papa Francisco que na Audi\u00eancia Geral refletiu sobre a prud\u00eancia, dando continuidade ao ciclo de catequeses sobre &#8220;V\u00edcios e virtudes&#8221;.<\/div>\n<div class=\"article__text\">\n<p>A catequese do Papa Francisco na Audi\u00eancia Geral, desta quarta-feira (20\/03), realizada na Pra\u00e7a S\u00e3o Pedro, foi dedicada \u00e0 virtude da prud\u00eancia. O Papa saudou os fi\u00e9is e peregrinos e disse que tamb\u00e9m desta vez, devido \u00e0 sua dificuldade com a voz, o monsenhor rosminiano Pierluigi Giroli, da Secretaria de Estado, iria ler o texto preparado.<\/p>\n<p>&#8220;Junto com a justi\u00e7a, a fortaleza e a temperan\u00e7a&#8221;, a prud\u00eancia &#8220;forma as chamadas virtudes cardeais, que n\u00e3o s\u00e3o prerrogativa exclusiva dos crist\u00e3os, mas pertencem \u00e0 heran\u00e7a da sabedoria antiga, em particular dos fil\u00f3sofos gregos. Portanto, um dos temas mais interessantes no esfor\u00e7o de encontro e incultura\u00e7\u00e3o foi precisamente o das virtudes&#8221;.<\/p>\n<p>Segundo Francisco, &#8220;nos escritos medievais, a apresenta\u00e7\u00e3o das virtudes n\u00e3o \u00e9 uma simples lista de qualidades positivas da alma. Voltando aos autores cl\u00e1ssicos \u00e0 luz da revela\u00e7\u00e3o crist\u00e3, os te\u00f3logos imaginaram o seten\u00e1rio das virtudes \u2013 as tr\u00eas teologais e as quatro cardeais \u2013 como uma esp\u00e9cie de organismo vivo, onde cada virtude tem um espa\u00e7o harmonioso a ocupar. Existem virtudes essenciais e virtudes acess\u00f3rias, como pilares, colunas e capit\u00e9is&#8221;.<\/p>\n<h2>A pessoa prudente \u00e9 criativa<\/h2>\n<p><i>N\u00e3o \u00e9 a virtude da pessoa temorosa, sempre hesitante quanto \u00e0 a\u00e7\u00e3o a tomar. N\u00e3o, esta \u00e9 uma interpreta\u00e7\u00e3o errada. N\u00e3o \u00e9 tampouco apenas cautela.<\/i><\/p>\n<div>\n<div class=\"article__embed article__embed--border embed_style\">\n<p>\u201cDar primazia \u00e0 prud\u00eancia significa que a a\u00e7\u00e3o do homem est\u00e1 nas m\u00e3os da sua intelig\u00eancia e da sua liberdade. A pessoa prudente \u00e9 criativa: raciocina, avalia, tenta compreender a complexidade do real e n\u00e3o se deixa dominar pelas emo\u00e7\u00f5es, pela pregui\u00e7a, pelas press\u00f5es das ilus\u00f5es.\u201d<\/p>\n<\/div>\n<\/div>\n<p>De acordo com Francisco, &#8220;num mundo dominado pelas apar\u00eancias, pelos pensamentos superficiais, pela banalidade tanto do bem quanto do mal, a antiga li\u00e7\u00e3o da prud\u00eancia merece ser recuperada&#8221;.<\/p>\n<p>Santo Tom\u00e1s, seguindo Arist\u00f3teles, chamou-a de \u201crecta ratio agibilium\u201d.\u00a0<b>&#8220;\u00c9 a capacidade de governar as a\u00e7\u00f5es para direcion\u00e1-las para o bem; por isso \u00e9 apelidada de o \u201ccocheiro das virtudes\u201d. Prudente \u00e9 aquele que \u00e9 capaz de escolher.\u00a0<\/b>Quem \u00e9 prudente n\u00e3o escolhe ao acaso: primeiro sabe o que quer, considera as situa\u00e7\u00f5es, procura conselhos e, com vis\u00e3o ampla e liberdade interior, escolhe qual o caminho a seguir. Isso n\u00e3o quer dizer que n\u00e3o possa cometer erros, afinal continuamos sempre humanos; mas pelo menos evitar\u00e1 grandes derrapagens.&#8221;<\/p>\n<h2>A pessoa prudente \u00e9 clarividente<\/h2>\n<p><i>Infelizmente, em todos os ambientes h\u00e1 quem tende a descartar os problemas com piadas superficiais ou a sempre levantar pol\u00eamicas. A prud\u00eancia, por outro lado, \u00e9 a qualidade de quem \u00e9 chamado a governar: sabe que administrar \u00e9 dif\u00edcil, que h\u00e1 muitos pontos de vista e que \u00e9 preciso tentar harmoniz\u00e1-los, que se deve fazer o bem n\u00e3o a alguns, mas a todos.<\/i><\/p>\n<p>Segundo o Papa, &#8220;a prud\u00eancia tamb\u00e9m ensina que, como se costuma dizer, \u201co \u00f3timo \u00e9 inimigo do bem\u201d. O zelo em demasia, de fato, pode causar desastres em algumas situa\u00e7\u00f5es: pode destruir uma constru\u00e7\u00e3o que precisava de gradualidade; pode gerar conflitos e incompreens\u00f5es; pode at\u00e9 mesmo desencadear a viol\u00eancia&#8221;.<\/p>\n<p><i>O prudente sabe preservar a mem\u00f3ria do passado, n\u00e3o porque tenha medo do futuro, mas porque sabe que a tradi\u00e7\u00e3o \u00e9 um patrim\u00f4nio de sabedoria. A vida \u00e9 feita de uma sobreposi\u00e7\u00e3o cont\u00ednua de coisas velhas e coisas novas, e n\u00e3o \u00e9 bom pensar sempre que o mundo come\u00e7a a partir de n\u00f3s, que temos de enfrentar os problemas come\u00e7ando do zero. A pessoa prudente tamb\u00e9m \u00e9 clarividente. Depois de decidir o objetivo a atingir, \u00e9 preciso buscar todos os meios para alcan\u00e7\u00e1-lo.<\/i><\/p>\n<h2>Santos inteligentes<\/h2>\n<p>O Papa recordou algumas passagens do Evangelho que nos ajudam a educar a prud\u00eancia, como por exemplo: &#8220;Quem constr\u00f3i a sua casa sobre a rocha \u00e9 prudente e quem a constr\u00f3i sobre a areia \u00e9 imprudente&#8221; ou &#8220;s\u00e1bias s\u00e3o as damas de honra que trazem \u00f3leo para as suas l\u00e2mpadas e tolas s\u00e3o aquelas que n\u00e3o o fazem&#8221;. &#8220;A vida crist\u00e3 \u00e9 uma combina\u00e7\u00e3o de simplicidade e ast\u00facia. Preparando os seus disc\u00edpulos para a miss\u00e3o, Jesus recomenda: \u201cEis que Eu vos envio como ovelhas no meio de lobos; sede, portanto, prudentes como as serpentes e simples como as pombas\u201d.<\/p>\n<div>\n<div class=\"article__embed article__embed--border embed_style\">\n<p>\u201cComo se dissesse que Deus n\u00e3o quer apenas que sejamos santos, ele quer que sejamos santos inteligentes, porque sem a prud\u00eancia \u00e9 f\u00e1cil seguir o caminho errado.\u201d<\/p>\n<hr \/>\n<p><b>Mariangela Jaguraba \u2013 Vatican News<\/b><\/p>\n<\/div>\n<\/div>\n<\/div>\n<p><iframe loading=\"lazy\" title=\"YouTube video player\" src=\"https:\/\/www.youtube.com\/embed\/K8fc7dB4efE?si=OEaXQECN5cRUvJVO\" width=\"560\" height=\"315\" frameborder=\"0\" allowfullscreen=\"allowfullscreen\"><\/iframe><\/p>\n","protected":false},"excerpt":{"rendered":"<p>Prud\u00eancia: capacidade de direcionar as a\u00e7\u00f5es para o bem<\/p>\n","protected":false},"author":10,"featured_media":246729,"comment_status":"open","ping_status":"open","sticky":false,"template":"","format":"standard","meta":[],"categories":[1,1428],"tags":[487,55,106],"acf":[],"yoast_head":"<!-- This site is optimized with the Yoast SEO plugin v19.2 - https:\/\/yoast.com\/wordpress\/plugins\/seo\/ -->\n<title>O Papa: prud\u00eancia, capacidade de direcionar as a\u00e7\u00f5es para o bem - Not\u00edcias - Franciscanos<\/title>\n<meta name=\"robots\" content=\"index, follow, max-snippet:-1, max-image-preview:large, max-video-preview:-1\" \/>\n<link rel=\"canonical\" href=\"https:\/\/franciscanos.org.br\/noticias\/o-papa-prudencia-capacidade-de-direcionar-as-acoes-para-o-bem.html\" \/>\n<meta property=\"og:locale\" content=\"pt_BR\" \/>\n<meta property=\"og:type\" content=\"article\" \/>\n<meta property=\"og:title\" content=\"O Papa: prud\u00eancia, capacidade de direcionar as a\u00e7\u00f5es para o bem - Not\u00edcias - Franciscanos\" \/>\n<meta property=\"og:description\" content=\"Prud\u00eancia: capacidade de direcionar as a\u00e7\u00f5es para o bem\" \/>\n<meta property=\"og:url\" content=\"https:\/\/franciscanos.org.br\/noticias\/o-papa-prudencia-capacidade-de-direcionar-as-acoes-para-o-bem.html\" \/>\n<meta property=\"og:site_name\" content=\"Not\u00edcias - Franciscanos\" \/>\n<meta property=\"article:published_time\" content=\"2024-03-20T12:36:37+00:00\" \/>\n<meta property=\"article:modified_time\" content=\"2024-03-27T14:26:05+00:00\" \/>\n<meta property=\"og:image\" content=\"https:\/\/franciscanos.org.br\/noticias\/wp-content\/uploads\/2024\/03\/cq5dam.thumbnail.cropped.750.422-2.jpeg\" \/>\n\t<meta property=\"og:image:width\" content=\"750\" \/>\n\t<meta property=\"og:image:height\" content=\"422\" \/>\n\t<meta property=\"og:image:type\" content=\"image\/jpeg\" \/>\n<meta name=\"author\" content=\"Jo\u00e3o Vitor\" \/>\n<meta name=\"twitter:card\" content=\"summary_large_image\" \/>\n<meta name=\"twitter:label1\" content=\"Escrito por\" \/>\n\t<meta name=\"twitter:data1\" content=\"Jo\u00e3o Vitor\" \/>\n\t<meta name=\"twitter:label2\" content=\"Est. tempo de leitura\" \/>\n\t<meta name=\"twitter:data2\" content=\"4 minutos\" \/>\n<script type=\"application\/ld+json\" class=\"yoast-schema-graph\">{\"@context\":\"https:\/\/schema.org\",\"@graph\":[{\"@type\":\"WebSite\",\"@id\":\"https:\/\/franciscanos.org.br\/noticias\/#website\",\"url\":\"https:\/\/franciscanos.org.br\/noticias\/\",\"name\":\"Not\u00edcias - Franciscanos\",\"description\":\"Prov\u00edncia Franciscana da Imaculada Concei\u00e7\u00e3o do Brasil - Ordem dos Frades Menores - OFM\",\"potentialAction\":[{\"@type\":\"SearchAction\",\"target\":{\"@type\":\"EntryPoint\",\"urlTemplate\":\"https:\/\/franciscanos.org.br\/noticias\/?s={search_term_string}\"},\"query-input\":\"required name=search_term_string\"}],\"inLanguage\":\"pt-BR\"},{\"@type\":\"ImageObject\",\"inLanguage\":\"pt-BR\",\"@id\":\"https:\/\/franciscanos.org.br\/noticias\/o-papa-prudencia-capacidade-de-direcionar-as-acoes-para-o-bem.html#primaryimage\",\"url\":\"https:\/\/franciscanos.org.br\/noticias\/wp-content\/uploads\/2024\/03\/cq5dam.thumbnail.cropped.750.422-2.jpeg\",\"contentUrl\":\"https:\/\/franciscanos.org.br\/noticias\/wp-content\/uploads\/2024\/03\/cq5dam.thumbnail.cropped.750.422-2.jpeg\",\"width\":750,\"height\":422},{\"@type\":\"WebPage\",\"@id\":\"https:\/\/franciscanos.org.br\/noticias\/o-papa-prudencia-capacidade-de-direcionar-as-acoes-para-o-bem.html#webpage\",\"url\":\"https:\/\/franciscanos.org.br\/noticias\/o-papa-prudencia-capacidade-de-direcionar-as-acoes-para-o-bem.html\",\"name\":\"O Papa: prud\u00eancia, capacidade de direcionar as a\u00e7\u00f5es para o bem - Not\u00edcias - Franciscanos\",\"isPartOf\":{\"@id\":\"https:\/\/franciscanos.org.br\/noticias\/#website\"},\"primaryImageOfPage\":{\"@id\":\"https:\/\/franciscanos.org.br\/noticias\/o-papa-prudencia-capacidade-de-direcionar-as-acoes-para-o-bem.html#primaryimage\"},\"datePublished\":\"2024-03-20T12:36:37+00:00\",\"dateModified\":\"2024-03-27T14:26:05+00:00\",\"author\":{\"@id\":\"https:\/\/franciscanos.org.br\/noticias\/#\/schema\/person\/8c11f06a466b856a11dd48d20600055f\"},\"breadcrumb\":{\"@id\":\"https:\/\/franciscanos.org.br\/noticias\/o-papa-prudencia-capacidade-de-direcionar-as-acoes-para-o-bem.html#breadcrumb\"},\"inLanguage\":\"pt-BR\",\"potentialAction\":[{\"@type\":\"ReadAction\",\"target\":[\"https:\/\/franciscanos.org.br\/noticias\/o-papa-prudencia-capacidade-de-direcionar-as-acoes-para-o-bem.html\"]}]},{\"@type\":\"BreadcrumbList\",\"@id\":\"https:\/\/franciscanos.org.br\/noticias\/o-papa-prudencia-capacidade-de-direcionar-as-acoes-para-o-bem.html#breadcrumb\",\"itemListElement\":[{\"@type\":\"ListItem\",\"position\":1,\"name\":\"Home\",\"item\":\"https:\/\/franciscanos.org.br\/noticias\"},{\"@type\":\"ListItem\",\"position\":2,\"name\":\"O Papa: prud\u00eancia, capacidade de direcionar as a\u00e7\u00f5es para o bem\"}]},{\"@type\":\"Person\",\"@id\":\"https:\/\/franciscanos.org.br\/noticias\/#\/schema\/person\/8c11f06a466b856a11dd48d20600055f\",\"name\":\"Jo\u00e3o Vitor\",\"image\":{\"@type\":\"ImageObject\",\"inLanguage\":\"pt-BR\",\"@id\":\"https:\/\/franciscanos.org.br\/noticias\/#\/schema\/person\/image\/\",\"url\":\"https:\/\/secure.gravatar.com\/avatar\/10ba5c9713e0c323617b4309a19e3a46?s=96&d=mm&r=g\",\"contentUrl\":\"https:\/\/secure.gravatar.com\/avatar\/10ba5c9713e0c323617b4309a19e3a46?s=96&d=mm&r=g\",\"caption\":\"Jo\u00e3o Vitor\"},\"url\":\"https:\/\/franciscanos.org.br\/noticias\/author\/joaovitor\"}]}<\/script>\n<!-- \/ Yoast SEO plugin. -->","yoast_head_json":{"title":"O Papa: prud\u00eancia, capacidade de direcionar as a\u00e7\u00f5es para o bem - Not\u00edcias - Franciscanos","robots":{"index":"index","follow":"follow","max-snippet":"max-snippet:-1","max-image-preview":"max-image-preview:large","max-video-preview":"max-video-preview:-1"},"canonical":"https:\/\/franciscanos.org.br\/noticias\/o-papa-prudencia-capacidade-de-direcionar-as-acoes-para-o-bem.html","og_locale":"pt_BR","og_type":"article","og_title":"O Papa: prud\u00eancia, capacidade de direcionar as a\u00e7\u00f5es para o bem - Not\u00edcias - Franciscanos","og_description":"Prud\u00eancia: capacidade de direcionar as a\u00e7\u00f5es para o bem","og_url":"https:\/\/franciscanos.org.br\/noticias\/o-papa-prudencia-capacidade-de-direcionar-as-acoes-para-o-bem.html","og_site_name":"Not\u00edcias - Franciscanos","article_published_time":"2024-03-20T12:36:37+00:00","article_modified_time":"2024-03-27T14:26:05+00:00","og_image":[{"width":750,"height":422,"url":"https:\/\/franciscanos.org.br\/noticias\/wp-content\/uploads\/2024\/03\/cq5dam.thumbnail.cropped.750.422-2.jpeg","type":"image\/jpeg"}],"author":"Jo\u00e3o Vitor","twitter_card":"summary_large_image","twitter_misc":{"Escrito por":"Jo\u00e3o Vitor","Est. tempo de leitura":"4 minutos"},"schema":{"@context":"https:\/\/schema.org","@graph":[{"@type":"WebSite","@id":"https:\/\/franciscanos.org.br\/noticias\/#website","url":"https:\/\/franciscanos.org.br\/noticias\/","name":"Not\u00edcias - Franciscanos","description":"Prov\u00edncia Franciscana da Imaculada Concei\u00e7\u00e3o do Brasil - Ordem dos Frades Menores - OFM","potentialAction":[{"@type":"SearchAction","target":{"@type":"EntryPoint","urlTemplate":"https:\/\/franciscanos.org.br\/noticias\/?s={search_term_string}"},"query-input":"required name=search_term_string"}],"inLanguage":"pt-BR"},{"@type":"ImageObject","inLanguage":"pt-BR","@id":"https:\/\/franciscanos.org.br\/noticias\/o-papa-prudencia-capacidade-de-direcionar-as-acoes-para-o-bem.html#primaryimage","url":"https:\/\/franciscanos.org.br\/noticias\/wp-content\/uploads\/2024\/03\/cq5dam.thumbnail.cropped.750.422-2.jpeg","contentUrl":"https:\/\/franciscanos.org.br\/noticias\/wp-content\/uploads\/2024\/03\/cq5dam.thumbnail.cropped.750.422-2.jpeg","width":750,"height":422},{"@type":"WebPage","@id":"https:\/\/franciscanos.org.br\/noticias\/o-papa-prudencia-capacidade-de-direcionar-as-acoes-para-o-bem.html#webpage","url":"https:\/\/franciscanos.org.br\/noticias\/o-papa-prudencia-capacidade-de-direcionar-as-acoes-para-o-bem.html","name":"O Papa: prud\u00eancia, capacidade de direcionar as a\u00e7\u00f5es para o bem - Not\u00edcias - Franciscanos","isPartOf":{"@id":"https:\/\/franciscanos.org.br\/noticias\/#website"},"primaryImageOfPage":{"@id":"https:\/\/franciscanos.org.br\/noticias\/o-papa-prudencia-capacidade-de-direcionar-as-acoes-para-o-bem.html#primaryimage"},"datePublished":"2024-03-20T12:36:37+00:00","dateModified":"2024-03-27T14:26:05+00:00","author":{"@id":"https:\/\/franciscanos.org.br\/noticias\/#\/schema\/person\/8c11f06a466b856a11dd48d20600055f"},"breadcrumb":{"@id":"https:\/\/franciscanos.org.br\/noticias\/o-papa-prudencia-capacidade-de-direcionar-as-acoes-para-o-bem.html#breadcrumb"},"inLanguage":"pt-BR","potentialAction":[{"@type":"ReadAction","target":["https:\/\/franciscanos.org.br\/noticias\/o-papa-prudencia-capacidade-de-direcionar-as-acoes-para-o-bem.html"]}]},{"@type":"BreadcrumbList","@id":"https:\/\/franciscanos.org.br\/noticias\/o-papa-prudencia-capacidade-de-direcionar-as-acoes-para-o-bem.html#breadcrumb","itemListElement":[{"@type":"ListItem","position":1,"name":"Home","item":"https:\/\/franciscanos.org.br\/noticias"},{"@type":"ListItem","position":2,"name":"O Papa: prud\u00eancia, capacidade de direcionar as a\u00e7\u00f5es para o bem"}]},{"@type":"Person","@id":"https:\/\/franciscanos.org.br\/noticias\/#\/schema\/person\/8c11f06a466b856a11dd48d20600055f","name":"Jo\u00e3o Vitor","image":{"@type":"ImageObject","inLanguage":"pt-BR","@id":"https:\/\/franciscanos.org.br\/noticias\/#\/schema\/person\/image\/","url":"https:\/\/secure.gravatar.com\/avatar\/10ba5c9713e0c323617b4309a19e3a46?s=96&d=mm&r=g","contentUrl":"https:\/\/secure.gravatar.com\/avatar\/10ba5c9713e0c323617b4309a19e3a46?s=96&d=mm&r=g","caption":"Jo\u00e3o Vitor"},"url":"https:\/\/franciscanos.org.br\/noticias\/author\/joaovitor"}]}},"_links":{"self":[{"href":"https:\/\/franciscanos.org.br\/noticias\/wp-json\/wp\/v2\/posts\/246728"}],"collection":[{"href":"https:\/\/franciscanos.org.br\/noticias\/wp-json\/wp\/v2\/posts"}],"about":[{"href":"https:\/\/franciscanos.org.br\/noticias\/wp-json\/wp\/v2\/types\/post"}],"author":[{"embeddable":true,"href":"https:\/\/franciscanos.org.br\/noticias\/wp-json\/wp\/v2\/users\/10"}],"replies":[{"embeddable":true,"href":"https:\/\/franciscanos.org.br\/noticias\/wp-json\/wp\/v2\/comments?post=246728"}],"version-history":[{"count":3,"href":"https:\/\/franciscanos.org.br\/noticias\/wp-json\/wp\/v2\/posts\/246728\/revisions"}],"predecessor-version":[{"id":246770,"href":"https:\/\/franciscanos.org.br\/noticias\/wp-json\/wp\/v2\/posts\/246728\/revisions\/246770"}],"wp:featuredmedia":[{"embeddable":true,"href":"https:\/\/franciscanos.org.br\/noticias\/wp-json\/wp\/v2\/media\/246729"}],"wp:attachment":[{"href":"https:\/\/franciscanos.org.br\/noticias\/wp-json\/wp\/v2\/media?parent=246728"}],"wp:term":[{"taxonomy":"category","embeddable":true,"href":"https:\/\/franciscanos.org.br\/noticias\/wp-json\/wp\/v2\/categories?post=246728"},{"taxonomy":"post_tag","embeddable":true,"href":"https:\/\/franciscanos.org.br\/noticias\/wp-json\/wp\/v2\/tags?post=246728"}],"curies":[{"name":"wp","href":"https:\/\/api.w.org\/{rel}","templated":true}]}}