{"id":246715,"date":"2024-03-19T11:11:51","date_gmt":"2024-03-19T14:11:51","guid":{"rendered":"https:\/\/franciscanos.org.br\/noticias\/?p=246715"},"modified":"2024-03-22T11:41:20","modified_gmt":"2024-03-22T14:41:20","slug":"mensagem-do-ministro-provincial-para-a-pascoa-2024","status":"publish","type":"post","link":"https:\/\/franciscanos.org.br\/noticias\/mensagem-do-ministro-provincial-para-a-pascoa-2024.html","title":{"rendered":"Mensagem do Ministro provincial para a P\u00e1scoa 2024"},"content":{"rendered":"<p><img loading=\"lazy\" class=\"alignnone size-full wp-image-246724\" src=\"https:\/\/franciscanos.org.br\/noticias\/wp-content\/uploads\/2024\/03\/pascoa-1280.jpg\" alt=\"\" width=\"1280\" height=\"720\" srcset=\"https:\/\/franciscanos.org.br\/noticias\/wp-content\/uploads\/2024\/03\/pascoa-1280.jpg 1280w, https:\/\/franciscanos.org.br\/noticias\/wp-content\/uploads\/2024\/03\/pascoa-1280-450x253.jpg 450w, https:\/\/franciscanos.org.br\/noticias\/wp-content\/uploads\/2024\/03\/pascoa-1280-1024x576.jpg 1024w, https:\/\/franciscanos.org.br\/noticias\/wp-content\/uploads\/2024\/03\/pascoa-1280-768x432.jpg 768w, https:\/\/franciscanos.org.br\/noticias\/wp-content\/uploads\/2024\/03\/pascoa-1280-150x84.jpg 150w\" sizes=\"(max-width: 1280px) 100vw, 1280px\" \/><\/p>\n<p><strong>O Senhor vos d\u00ea a Paz.<\/strong><\/p>\n<h3 style=\"padding-left: 40px;\"><em>O primeiro entre todos os Domingos \u00e9 revestido de luz, de alegria e de sonho.<\/em><\/h3>\n<h3 style=\"padding-left: 40px;\"><em>\u00c9 P\u00e1scoa.<\/em><\/h3>\n<h3><\/h3>\n<h3 style=\"padding-left: 40px;\"><em>A ressurrei\u00e7\u00e3o do Senhor inaugura tempo novo, a morte foi vencida.<\/em><\/h3>\n<h3 style=\"padding-left: 40px;\"><em>\u00c9 P\u00e1scoa.<\/em><\/h3>\n<h3><\/h3>\n<h3 style=\"padding-left: 40px;\"><em>N\u00e3o h\u00e1 mais espa\u00e7o para a l\u00e1grima e a dor, para a d\u00favida e o medo.<\/em><\/h3>\n<h3 style=\"padding-left: 40px;\"><em>\u00c9 P\u00e1scoa.<\/em><\/h3>\n<h3><\/h3>\n<h3 style=\"padding-left: 40px;\"><em>Entre n\u00f3s amizade e reconcilia\u00e7\u00e3o, justi\u00e7a e verdade, saciedade e partilha.<\/em><\/h3>\n<h3 style=\"padding-left: 40px;\"><em>\u00c9 P\u00e1scoa.<\/em><\/h3>\n<p>Minha irm\u00e3, meu irm\u00e3o, quero tornar minhas as palavras dos anjos quando as mulheres foram, ainda de madrugada, ao sepulcro onde havia sido depositado o corpo injustamente condenado, cruelmente flagelado e crucificado, o corpo sem vida de Jesus: \u00a0\u201cPor que voc\u00eas est\u00e3o procurando entre os mortos aquele que vive? N\u00e3o est\u00e1 aqui. Ressuscitou\u201d (Lc 24,5-6).<\/p>\n<p>O relato de Lucas \u00e9 um convite para que cada um possa refletir acerca da urg\u00eancia de purificar o olhar a fim de que possamos saber onde procurar o sentido da nossa vida e assim ir \u00e0 fonte que aplaca a sede de sentido da nossa fr\u00e1gil exist\u00eancia.<\/p>\n<p>A realidade que nos circunda nos assombra com muitos sinais de morte. A desesperan\u00e7a vai corroendo as bases da nossa f\u00e9 em Deus e da nossa confian\u00e7a nos semelhantes. Muitos passam a achar normal e justific\u00e1vel a mentira, o desrespeito, a intoler\u00e2ncia, a gan\u00e2ncia, a viol\u00eancia, o abandono, a fome e a guerra&#8230; \u00a0H\u00e1 tamb\u00e9m os que sabem que todas essas escolhas s\u00e3o escolhas ruins, sabem que elas nos afastam do c\u00e9u, impedem a amizade e a fraternidade, ofendem as criaturas, destroem nossa Casa Comum&#8230;, entretanto, apesar de enxergarem tanta maldade, n\u00e3o t\u00eam \u00e2nimo suficiente para viver de forma diferente, e assumem um jeito ora abatido, ora conformado de estar no mundo.<\/p>\n<p>Por isso, quero convidar voc\u00ea a viver a experi\u00eancia dos tr\u00eas personagens apresentados por S\u00e3o Jo\u00e3o no trecho do seu Evangelho que registra a experi\u00eancia da Ressurrei\u00e7\u00e3o: Maria Madalena, Sim\u00e3o Pedro e o disc\u00edpulo que Ele amava.<\/p>\n<p>Maria Madalena, bem de madrugada, foi ao t\u00famulo de Jesus. Para ela, que tinha sido acolhida pelo amor que cura, era demasiado dolorida a experi\u00eancia da despedida. Estar com seu Senhor era o seu maior desejo, mesmo que por apenas um pouco mais de tempo.<\/p>\n<p>Sim\u00e3o Pedro e o outro disc\u00edpulo ouviram o que a mulher havia relatado e correram at\u00e9 o t\u00famulo.<\/p>\n<p>Os dois disc\u00edpulos haviam percorrido os caminhos na companhia do mestre; tinham privado da sua intimidade; tinham sido instru\u00eddos com mais clareza que o restante da multid\u00e3o&#8230; Embora sem ainda compreender tudo, eles aprenderam a confiar em Jesus, embora sem entender tudo, eles largaram o que possu\u00edam e assumiram o seguimento do Mestre&#8230; Por isso, correram at\u00e9 o t\u00famulo porque sabiam, de alguma forma, que o caminho haveria de ter continuidade.<\/p>\n<p>O disc\u00edpulo que Ele amava chegou ao t\u00famulo, viu as faixas de linho no ch\u00e3o e, inicialmente, n\u00e3o entrou. Depois, ent\u00e3o, entrou, viu e acreditou. \u00a0O amor que o elegeu, o amor que o instruiu, o amor que o acolheu, o amor que o fez disc\u00edpulo&#8230; O amor&#8230; O amor o faz ver de um jeito novo, o amor o faz enxergar al\u00e9m&#8230; \u00a0O amor nos revela a Ressurrei\u00e7\u00e3o.<\/p>\n<p>Ao apresentar meus votos de Feliz P\u00e1scoa, convido a cada um e a cada uma a procurar o Senhor onde Ele, vivo est\u00e1 e se deixa encontrar. Na fraternidade e na amizade, na solidariedade e no cuidado com os mais fr\u00e1geis, na afei\u00e7\u00e3o pelos pobres e no relacionamento respeitoso e cort\u00eas com as pessoas e as demais criaturas, nas escolhas com gosto de justi\u00e7a e paz e em todos os sinais que exalam a bondade e o bem querer poderemos experimentar a certeza transformadora: Ele ressuscitou.<\/p>\n<p>Feliz P\u00e1scoa.<\/p>\n<hr \/>\n<p style=\"text-align: right;\"><em><strong>Frei Paulo Pereira<\/strong><\/em><\/p>\n<p style=\"text-align: right;\"><em><strong>Ministro Provincial<\/strong><\/em><\/p>\n<p>&nbsp;<\/p>\n<p>&nbsp;<\/p>\n<p><iframe loading=\"lazy\" title=\"YouTube video player\" src=\"https:\/\/www.youtube.com\/embed\/3O-gCjwhw5Y?si=KZQPxkm7mnnjGW9s\" width=\"560\" height=\"315\" frameborder=\"0\" allowfullscreen=\"allowfullscreen\"><\/iframe><\/p>\n","protected":false},"excerpt":{"rendered":"<p>MENSAGEM DE P\u00c1SCOA &#8211; 2024<\/p>\n","protected":false},"author":7,"featured_media":246727,"comment_status":"open","ping_status":"open","sticky":false,"template":"","format":"standard","meta":[],"categories":[1],"tags":[1179,523],"acf":[],"yoast_head":"<!-- This site is optimized with the Yoast SEO plugin v19.2 - https:\/\/yoast.com\/wordpress\/plugins\/seo\/ -->\n<title>Mensagem do Ministro provincial para a P\u00e1scoa 2024 - Not\u00edcias - Franciscanos<\/title>\n<meta name=\"robots\" content=\"index, follow, max-snippet:-1, max-image-preview:large, max-video-preview:-1\" \/>\n<link rel=\"canonical\" href=\"https:\/\/franciscanos.org.br\/noticias\/mensagem-do-ministro-provincial-para-a-pascoa-2024.html\" \/>\n<meta property=\"og:locale\" content=\"pt_BR\" \/>\n<meta property=\"og:type\" content=\"article\" \/>\n<meta property=\"og:title\" content=\"Mensagem do Ministro provincial para a P\u00e1scoa 2024 - Not\u00edcias - Franciscanos\" \/>\n<meta property=\"og:description\" content=\"MENSAGEM DE P\u00c1SCOA - 2024\" \/>\n<meta property=\"og:url\" content=\"https:\/\/franciscanos.org.br\/noticias\/mensagem-do-ministro-provincial-para-a-pascoa-2024.html\" \/>\n<meta property=\"og:site_name\" content=\"Not\u00edcias - Franciscanos\" \/>\n<meta property=\"article:published_time\" content=\"2024-03-19T14:11:51+00:00\" \/>\n<meta property=\"article:modified_time\" content=\"2024-03-22T14:41:20+00:00\" \/>\n<meta property=\"og:image\" content=\"https:\/\/franciscanos.org.br\/noticias\/wp-content\/uploads\/2024\/03\/pascoa-800.jpg\" \/>\n\t<meta property=\"og:image:width\" content=\"800\" \/>\n\t<meta property=\"og:image:height\" content=\"550\" \/>\n\t<meta property=\"og:image:type\" content=\"image\/jpeg\" \/>\n<meta name=\"author\" content=\"jovenal\" \/>\n<meta name=\"twitter:card\" content=\"summary_large_image\" \/>\n<meta name=\"twitter:label1\" content=\"Escrito por\" \/>\n\t<meta name=\"twitter:data1\" content=\"jovenal\" \/>\n\t<meta name=\"twitter:label2\" content=\"Est. tempo de leitura\" \/>\n\t<meta name=\"twitter:data2\" content=\"4 minutos\" \/>\n<script type=\"application\/ld+json\" class=\"yoast-schema-graph\">{\"@context\":\"https:\/\/schema.org\",\"@graph\":[{\"@type\":\"WebSite\",\"@id\":\"https:\/\/franciscanos.org.br\/noticias\/#website\",\"url\":\"https:\/\/franciscanos.org.br\/noticias\/\",\"name\":\"Not\u00edcias - Franciscanos\",\"description\":\"Prov\u00edncia Franciscana da Imaculada Concei\u00e7\u00e3o do Brasil - Ordem dos Frades Menores - OFM\",\"potentialAction\":[{\"@type\":\"SearchAction\",\"target\":{\"@type\":\"EntryPoint\",\"urlTemplate\":\"https:\/\/franciscanos.org.br\/noticias\/?s={search_term_string}\"},\"query-input\":\"required name=search_term_string\"}],\"inLanguage\":\"pt-BR\"},{\"@type\":\"ImageObject\",\"inLanguage\":\"pt-BR\",\"@id\":\"https:\/\/franciscanos.org.br\/noticias\/mensagem-do-ministro-provincial-para-a-pascoa-2024.html#primaryimage\",\"url\":\"https:\/\/franciscanos.org.br\/noticias\/wp-content\/uploads\/2024\/03\/pascoa-800.jpg\",\"contentUrl\":\"https:\/\/franciscanos.org.br\/noticias\/wp-content\/uploads\/2024\/03\/pascoa-800.jpg\",\"width\":800,\"height\":550},{\"@type\":\"WebPage\",\"@id\":\"https:\/\/franciscanos.org.br\/noticias\/mensagem-do-ministro-provincial-para-a-pascoa-2024.html#webpage\",\"url\":\"https:\/\/franciscanos.org.br\/noticias\/mensagem-do-ministro-provincial-para-a-pascoa-2024.html\",\"name\":\"Mensagem do Ministro provincial para a P\u00e1scoa 2024 - Not\u00edcias - Franciscanos\",\"isPartOf\":{\"@id\":\"https:\/\/franciscanos.org.br\/noticias\/#website\"},\"primaryImageOfPage\":{\"@id\":\"https:\/\/franciscanos.org.br\/noticias\/mensagem-do-ministro-provincial-para-a-pascoa-2024.html#primaryimage\"},\"datePublished\":\"2024-03-19T14:11:51+00:00\",\"dateModified\":\"2024-03-22T14:41:20+00:00\",\"author\":{\"@id\":\"https:\/\/franciscanos.org.br\/noticias\/#\/schema\/person\/c3a26b08313dd1772495ce300ab257cc\"},\"breadcrumb\":{\"@id\":\"https:\/\/franciscanos.org.br\/noticias\/mensagem-do-ministro-provincial-para-a-pascoa-2024.html#breadcrumb\"},\"inLanguage\":\"pt-BR\",\"potentialAction\":[{\"@type\":\"ReadAction\",\"target\":[\"https:\/\/franciscanos.org.br\/noticias\/mensagem-do-ministro-provincial-para-a-pascoa-2024.html\"]}]},{\"@type\":\"BreadcrumbList\",\"@id\":\"https:\/\/franciscanos.org.br\/noticias\/mensagem-do-ministro-provincial-para-a-pascoa-2024.html#breadcrumb\",\"itemListElement\":[{\"@type\":\"ListItem\",\"position\":1,\"name\":\"Home\",\"item\":\"https:\/\/franciscanos.org.br\/noticias\"},{\"@type\":\"ListItem\",\"position\":2,\"name\":\"Mensagem do Ministro provincial para a P\u00e1scoa 2024\"}]},{\"@type\":\"Person\",\"@id\":\"https:\/\/franciscanos.org.br\/noticias\/#\/schema\/person\/c3a26b08313dd1772495ce300ab257cc\",\"name\":\"jovenal\",\"image\":{\"@type\":\"ImageObject\",\"inLanguage\":\"pt-BR\",\"@id\":\"https:\/\/franciscanos.org.br\/noticias\/#\/schema\/person\/image\/\",\"url\":\"https:\/\/secure.gravatar.com\/avatar\/e94509f531086e2eaf97e72f29ea00f9?s=96&d=mm&r=g\",\"contentUrl\":\"https:\/\/secure.gravatar.com\/avatar\/e94509f531086e2eaf97e72f29ea00f9?s=96&d=mm&r=g\",\"caption\":\"jovenal\"},\"url\":\"https:\/\/franciscanos.org.br\/noticias\/author\/jovenal\"}]}<\/script>\n<!-- \/ Yoast SEO plugin. -->","yoast_head_json":{"title":"Mensagem do Ministro provincial para a P\u00e1scoa 2024 - Not\u00edcias - Franciscanos","robots":{"index":"index","follow":"follow","max-snippet":"max-snippet:-1","max-image-preview":"max-image-preview:large","max-video-preview":"max-video-preview:-1"},"canonical":"https:\/\/franciscanos.org.br\/noticias\/mensagem-do-ministro-provincial-para-a-pascoa-2024.html","og_locale":"pt_BR","og_type":"article","og_title":"Mensagem do Ministro provincial para a P\u00e1scoa 2024 - Not\u00edcias - Franciscanos","og_description":"MENSAGEM DE P\u00c1SCOA - 2024","og_url":"https:\/\/franciscanos.org.br\/noticias\/mensagem-do-ministro-provincial-para-a-pascoa-2024.html","og_site_name":"Not\u00edcias - Franciscanos","article_published_time":"2024-03-19T14:11:51+00:00","article_modified_time":"2024-03-22T14:41:20+00:00","og_image":[{"width":800,"height":550,"url":"https:\/\/franciscanos.org.br\/noticias\/wp-content\/uploads\/2024\/03\/pascoa-800.jpg","type":"image\/jpeg"}],"author":"jovenal","twitter_card":"summary_large_image","twitter_misc":{"Escrito por":"jovenal","Est. tempo de leitura":"4 minutos"},"schema":{"@context":"https:\/\/schema.org","@graph":[{"@type":"WebSite","@id":"https:\/\/franciscanos.org.br\/noticias\/#website","url":"https:\/\/franciscanos.org.br\/noticias\/","name":"Not\u00edcias - Franciscanos","description":"Prov\u00edncia Franciscana da Imaculada Concei\u00e7\u00e3o do Brasil - Ordem dos Frades Menores - OFM","potentialAction":[{"@type":"SearchAction","target":{"@type":"EntryPoint","urlTemplate":"https:\/\/franciscanos.org.br\/noticias\/?s={search_term_string}"},"query-input":"required name=search_term_string"}],"inLanguage":"pt-BR"},{"@type":"ImageObject","inLanguage":"pt-BR","@id":"https:\/\/franciscanos.org.br\/noticias\/mensagem-do-ministro-provincial-para-a-pascoa-2024.html#primaryimage","url":"https:\/\/franciscanos.org.br\/noticias\/wp-content\/uploads\/2024\/03\/pascoa-800.jpg","contentUrl":"https:\/\/franciscanos.org.br\/noticias\/wp-content\/uploads\/2024\/03\/pascoa-800.jpg","width":800,"height":550},{"@type":"WebPage","@id":"https:\/\/franciscanos.org.br\/noticias\/mensagem-do-ministro-provincial-para-a-pascoa-2024.html#webpage","url":"https:\/\/franciscanos.org.br\/noticias\/mensagem-do-ministro-provincial-para-a-pascoa-2024.html","name":"Mensagem do Ministro provincial para a P\u00e1scoa 2024 - Not\u00edcias - Franciscanos","isPartOf":{"@id":"https:\/\/franciscanos.org.br\/noticias\/#website"},"primaryImageOfPage":{"@id":"https:\/\/franciscanos.org.br\/noticias\/mensagem-do-ministro-provincial-para-a-pascoa-2024.html#primaryimage"},"datePublished":"2024-03-19T14:11:51+00:00","dateModified":"2024-03-22T14:41:20+00:00","author":{"@id":"https:\/\/franciscanos.org.br\/noticias\/#\/schema\/person\/c3a26b08313dd1772495ce300ab257cc"},"breadcrumb":{"@id":"https:\/\/franciscanos.org.br\/noticias\/mensagem-do-ministro-provincial-para-a-pascoa-2024.html#breadcrumb"},"inLanguage":"pt-BR","potentialAction":[{"@type":"ReadAction","target":["https:\/\/franciscanos.org.br\/noticias\/mensagem-do-ministro-provincial-para-a-pascoa-2024.html"]}]},{"@type":"BreadcrumbList","@id":"https:\/\/franciscanos.org.br\/noticias\/mensagem-do-ministro-provincial-para-a-pascoa-2024.html#breadcrumb","itemListElement":[{"@type":"ListItem","position":1,"name":"Home","item":"https:\/\/franciscanos.org.br\/noticias"},{"@type":"ListItem","position":2,"name":"Mensagem do Ministro provincial para a P\u00e1scoa 2024"}]},{"@type":"Person","@id":"https:\/\/franciscanos.org.br\/noticias\/#\/schema\/person\/c3a26b08313dd1772495ce300ab257cc","name":"jovenal","image":{"@type":"ImageObject","inLanguage":"pt-BR","@id":"https:\/\/franciscanos.org.br\/noticias\/#\/schema\/person\/image\/","url":"https:\/\/secure.gravatar.com\/avatar\/e94509f531086e2eaf97e72f29ea00f9?s=96&d=mm&r=g","contentUrl":"https:\/\/secure.gravatar.com\/avatar\/e94509f531086e2eaf97e72f29ea00f9?s=96&d=mm&r=g","caption":"jovenal"},"url":"https:\/\/franciscanos.org.br\/noticias\/author\/jovenal"}]}},"_links":{"self":[{"href":"https:\/\/franciscanos.org.br\/noticias\/wp-json\/wp\/v2\/posts\/246715"}],"collection":[{"href":"https:\/\/franciscanos.org.br\/noticias\/wp-json\/wp\/v2\/posts"}],"about":[{"href":"https:\/\/franciscanos.org.br\/noticias\/wp-json\/wp\/v2\/types\/post"}],"author":[{"embeddable":true,"href":"https:\/\/franciscanos.org.br\/noticias\/wp-json\/wp\/v2\/users\/7"}],"replies":[{"embeddable":true,"href":"https:\/\/franciscanos.org.br\/noticias\/wp-json\/wp\/v2\/comments?post=246715"}],"version-history":[{"count":15,"href":"https:\/\/franciscanos.org.br\/noticias\/wp-json\/wp\/v2\/posts\/246715\/revisions"}],"predecessor-version":[{"id":246750,"href":"https:\/\/franciscanos.org.br\/noticias\/wp-json\/wp\/v2\/posts\/246715\/revisions\/246750"}],"wp:featuredmedia":[{"embeddable":true,"href":"https:\/\/franciscanos.org.br\/noticias\/wp-json\/wp\/v2\/media\/246727"}],"wp:attachment":[{"href":"https:\/\/franciscanos.org.br\/noticias\/wp-json\/wp\/v2\/media?parent=246715"}],"wp:term":[{"taxonomy":"category","embeddable":true,"href":"https:\/\/franciscanos.org.br\/noticias\/wp-json\/wp\/v2\/categories?post=246715"},{"taxonomy":"post_tag","embeddable":true,"href":"https:\/\/franciscanos.org.br\/noticias\/wp-json\/wp\/v2\/tags?post=246715"}],"curies":[{"name":"wp","href":"https:\/\/api.w.org\/{rel}","templated":true}]}}