{"id":246702,"date":"2024-03-18T11:53:28","date_gmt":"2024-03-18T14:53:28","guid":{"rendered":"https:\/\/franciscanos.org.br\/noticias\/?p=246702"},"modified":"2024-03-18T12:38:34","modified_gmt":"2024-03-18T15:38:34","slug":"juventudes-de-colatina-participam-de-luau-franciscano","status":"publish","type":"post","link":"https:\/\/franciscanos.org.br\/noticias\/juventudes-de-colatina-participam-de-luau-franciscano.html","title":{"rendered":"Juventudes de Colatina participam de &#8220;Luau Franciscano&#8221;"},"content":{"rendered":"<p><img loading=\"lazy\" class=\"aligncenter wp-image-246703 size-full\" src=\"https:\/\/franciscanos.org.br\/noticias\/wp-content\/uploads\/2024\/03\/373ddf73-857a-4783-a4ed-c37079b229dc.jpg\" alt=\"\" width=\"810\" height=\"1080\" srcset=\"https:\/\/franciscanos.org.br\/noticias\/wp-content\/uploads\/2024\/03\/373ddf73-857a-4783-a4ed-c37079b229dc.jpg 810w, https:\/\/franciscanos.org.br\/noticias\/wp-content\/uploads\/2024\/03\/373ddf73-857a-4783-a4ed-c37079b229dc-338x450.jpg 338w, https:\/\/franciscanos.org.br\/noticias\/wp-content\/uploads\/2024\/03\/373ddf73-857a-4783-a4ed-c37079b229dc-768x1024.jpg 768w, https:\/\/franciscanos.org.br\/noticias\/wp-content\/uploads\/2024\/03\/373ddf73-857a-4783-a4ed-c37079b229dc-1152x1536.jpg 1152w, https:\/\/franciscanos.org.br\/noticias\/wp-content\/uploads\/2024\/03\/373ddf73-857a-4783-a4ed-c37079b229dc-150x200.jpg 150w\" sizes=\"(max-width: 810px) 100vw, 810px\" \/><\/p>\n<p><span style=\"font-weight: 400;\">No \u00faltimo dia 16 de mar\u00e7o, as Juventudes da Par\u00f3quia Santa Clara de Colatina (ES) participaram do \u201cLuau Franciscano\u201d, na Comunidade Santo Ant\u00f4nio, localizada na Povoa\u00e7\u00e3o de Baunilha, zona rural do munic\u00edpio.<\/span><\/p>\n<p><span style=\"font-weight: 400;\">O encontro recebeu aproximadamente 50 jovens das comunidades vizinhas e tamb\u00e9m da cidade. As atividades come\u00e7aram, \u00e0s 18h, do lado de fora da igreja, com uma din\u00e2mica de apresenta\u00e7\u00e3o para que todos pudessem se conhecer. Depois, em prociss\u00e3o, todos seguiram para o interior do espa\u00e7o sagrado, onde foi realizada a Adora\u00e7\u00e3o ao Sant\u00edssimo Sacramento, momento conduzido pelo Frei Augusto Luiz Gabriel, vig\u00e1rio paroquial e animador das Juventudes da Prov\u00edncia da Imaculada Concei\u00e7\u00e3o do Brasil e da Par\u00f3quia.<\/span><\/p>\n<p><span style=\"font-weight: 400;\">Em sua reflex\u00e3o, a partir do Evangelho do 5\u00ba Domingo da Quaresma, Frei Augusto meditou sobre o anseio de ver Jesus. \u201cPor isso, hoje queremos tamb\u00e9m dizer a Filipe, de Betsaida da Galileia: \u2018Queremos ver Jesus\u2019. N\u00e3o apenas com nossos olhos f\u00edsicos, n\u00e3o a partir de segundos interesses, mas com nossos olhos da f\u00e9, da espiritualidade.\u00a0 Queremos ver Jesus!\u201d, disse.<\/span><\/p>\n<p><span style=\"font-weight: 400;\">\u201cE assim, como juventude que deseja ver e seguir a Jesus, podemos nos perguntar: Como temos nos preparado para acolher Jesus que veio para nos dar vida plena e em abund\u00e2ncia?\u201d, perguntou o religioso. \u201cO caminho quaresmal \u00e9 constitu\u00eddo pela busca de conhecer melhor a Jesus, e viver a radicalidade do seguimento\u201d, completou.<\/span><\/p>\n<p><span style=\"font-weight: 400;\">Al\u00e9m da reflex\u00e3o, durante a adora\u00e7\u00e3o os jovens puderam meditar, contemplar e cantar mantras cat\u00f3licos.<\/span> <span style=\"font-weight: 400;\">Ap\u00f3s a b\u00ean\u00e7\u00e3o do Sant\u00edssimo Frei Augusto falou dos pr\u00f3ximos encontros com as juventudes da Par\u00f3quia e Prov\u00edncia. Na programa\u00e7\u00e3o dos encontros est\u00e3o previsto: \u201cIde e Anunciai\u201d, de 27 a 28 de abril; \u201cAlverne\u201d ,de 29 a 30 de junho e \u201cCaminhada Franciscana da Juventude\u201d, de 20 a 21 de julho, em Sorocaba (SP). No final convidou a todos para uma confraterniza\u00e7\u00e3o.<\/span><\/p>\n<p>&nbsp;<\/p>\n<hr \/>\n<p><i><span style=\"font-weight: 400;\">PASCOM da Par\u00f3quia Santa Clara\u00a0\u00a0<\/span><\/i><\/p>\n<p>&nbsp;<\/p>\n\n\t\t<style type=\"text\/css\">\n\t\t\t#gallery-1 {\n\t\t\t\tmargin: auto;\n\t\t\t}\n\t\t\t#gallery-1 .gallery-item {\n\t\t\t\tfloat: left;\n\t\t\t\tmargin-top: 10px;\n\t\t\t\ttext-align: center;\n\t\t\t\twidth: 33%;\n\t\t\t}\n\t\t\t#gallery-1 img {\n\t\t\t\tborder: 2px solid #cfcfcf;\n\t\t\t}\n\t\t\t#gallery-1 .gallery-caption {\n\t\t\t\tmargin-left: 0;\n\t\t\t}\n\t\t\t\/* see gallery_shortcode() in wp-includes\/media.php *\/\n\t\t<\/style>\n\t\t<div id='gallery-1' class='gallery galleryid-246702 gallery-columns-3 gallery-size-thumbnail'><dl class='gallery-item'>\n\t\t\t<dt class='gallery-icon portrait'>\n\t\t\t\t<a href='https:\/\/franciscanos.org.br\/noticias\/wp-content\/uploads\/2024\/03\/7b23dd81-88b3-4a5b-a50d-59517f8a4789-scaled.jpg'><img width=\"300\" height=\"300\" src=\"https:\/\/franciscanos.org.br\/noticias\/wp-content\/uploads\/2024\/03\/7b23dd81-88b3-4a5b-a50d-59517f8a4789-300x300.jpg\" class=\"attachment-thumbnail size-thumbnail\" alt=\"\" loading=\"lazy\" srcset=\"https:\/\/franciscanos.org.br\/noticias\/wp-content\/uploads\/2024\/03\/7b23dd81-88b3-4a5b-a50d-59517f8a4789-300x300.jpg 300w, https:\/\/franciscanos.org.br\/noticias\/wp-content\/uploads\/2024\/03\/7b23dd81-88b3-4a5b-a50d-59517f8a4789-100x100.jpg 100w\" sizes=\"(max-width: 300px) 100vw, 300px\" \/><\/a>\n\t\t\t<\/dt><\/dl><dl class='gallery-item'>\n\t\t\t<dt class='gallery-icon portrait'>\n\t\t\t\t<a href='https:\/\/franciscanos.org.br\/noticias\/wp-content\/uploads\/2024\/03\/9ca3373e-d7fe-4efb-98a1-b3439f55e711-1-scaled.jpg'><img width=\"300\" height=\"300\" src=\"https:\/\/franciscanos.org.br\/noticias\/wp-content\/uploads\/2024\/03\/9ca3373e-d7fe-4efb-98a1-b3439f55e711-1-300x300.jpg\" class=\"attachment-thumbnail size-thumbnail\" alt=\"\" loading=\"lazy\" srcset=\"https:\/\/franciscanos.org.br\/noticias\/wp-content\/uploads\/2024\/03\/9ca3373e-d7fe-4efb-98a1-b3439f55e711-1-300x300.jpg 300w, https:\/\/franciscanos.org.br\/noticias\/wp-content\/uploads\/2024\/03\/9ca3373e-d7fe-4efb-98a1-b3439f55e711-1-100x100.jpg 100w\" sizes=\"(max-width: 300px) 100vw, 300px\" \/><\/a>\n\t\t\t<\/dt><\/dl><dl class='gallery-item'>\n\t\t\t<dt class='gallery-icon portrait'>\n\t\t\t\t<a href='https:\/\/franciscanos.org.br\/noticias\/wp-content\/uploads\/2024\/03\/36e7eb49-67e0-4510-be77-1513aa31085b-scaled.jpg'><img width=\"300\" height=\"300\" src=\"https:\/\/franciscanos.org.br\/noticias\/wp-content\/uploads\/2024\/03\/36e7eb49-67e0-4510-be77-1513aa31085b-300x300.jpg\" class=\"attachment-thumbnail size-thumbnail\" alt=\"\" loading=\"lazy\" srcset=\"https:\/\/franciscanos.org.br\/noticias\/wp-content\/uploads\/2024\/03\/36e7eb49-67e0-4510-be77-1513aa31085b-300x300.jpg 300w, https:\/\/franciscanos.org.br\/noticias\/wp-content\/uploads\/2024\/03\/36e7eb49-67e0-4510-be77-1513aa31085b-100x100.jpg 100w\" sizes=\"(max-width: 300px) 100vw, 300px\" \/><\/a>\n\t\t\t<\/dt><\/dl><br style=\"clear: both\" \/><dl class='gallery-item'>\n\t\t\t<dt class='gallery-icon portrait'>\n\t\t\t\t<a href='https:\/\/franciscanos.org.br\/noticias\/wp-content\/uploads\/2024\/03\/690f627d-06b5-4948-a8c1-314fec176f2f.jpg'><img width=\"300\" height=\"300\" src=\"https:\/\/franciscanos.org.br\/noticias\/wp-content\/uploads\/2024\/03\/690f627d-06b5-4948-a8c1-314fec176f2f-300x300.jpg\" class=\"attachment-thumbnail size-thumbnail\" alt=\"\" loading=\"lazy\" srcset=\"https:\/\/franciscanos.org.br\/noticias\/wp-content\/uploads\/2024\/03\/690f627d-06b5-4948-a8c1-314fec176f2f-300x300.jpg 300w, https:\/\/franciscanos.org.br\/noticias\/wp-content\/uploads\/2024\/03\/690f627d-06b5-4948-a8c1-314fec176f2f-100x100.jpg 100w\" sizes=\"(max-width: 300px) 100vw, 300px\" \/><\/a>\n\t\t\t<\/dt><\/dl><dl class='gallery-item'>\n\t\t\t<dt class='gallery-icon portrait'>\n\t\t\t\t<a href='https:\/\/franciscanos.org.br\/noticias\/wp-content\/uploads\/2024\/03\/2387055b-7ed4-4cee-8595-561c72b78a83-scaled.jpg'><img width=\"300\" height=\"300\" src=\"https:\/\/franciscanos.org.br\/noticias\/wp-content\/uploads\/2024\/03\/2387055b-7ed4-4cee-8595-561c72b78a83-300x300.jpg\" class=\"attachment-thumbnail size-thumbnail\" alt=\"\" loading=\"lazy\" srcset=\"https:\/\/franciscanos.org.br\/noticias\/wp-content\/uploads\/2024\/03\/2387055b-7ed4-4cee-8595-561c72b78a83-300x300.jpg 300w, https:\/\/franciscanos.org.br\/noticias\/wp-content\/uploads\/2024\/03\/2387055b-7ed4-4cee-8595-561c72b78a83-100x100.jpg 100w\" sizes=\"(max-width: 300px) 100vw, 300px\" \/><\/a>\n\t\t\t<\/dt><\/dl>\n\t\t\t<br style='clear: both' \/>\n\t\t<\/div>\n\n","protected":false},"excerpt":{"rendered":"<p>&#8220;Luau Franciscano&#8221;<\/p>\n","protected":false},"author":11,"featured_media":246703,"comment_status":"open","ping_status":"open","sticky":false,"template":"","format":"standard","meta":[],"categories":[1],"tags":[478,552],"acf":[],"yoast_head":"<!-- This site is optimized with the Yoast SEO plugin v19.2 - https:\/\/yoast.com\/wordpress\/plugins\/seo\/ -->\n<title>Juventudes de Colatina participam de &quot;Luau Franciscano&quot; - Not\u00edcias - Franciscanos<\/title>\n<meta name=\"robots\" content=\"index, follow, max-snippet:-1, max-image-preview:large, max-video-preview:-1\" \/>\n<link rel=\"canonical\" href=\"https:\/\/franciscanos.org.br\/noticias\/juventudes-de-colatina-participam-de-luau-franciscano.html\" \/>\n<meta property=\"og:locale\" content=\"pt_BR\" \/>\n<meta property=\"og:type\" content=\"article\" \/>\n<meta property=\"og:title\" content=\"Juventudes de Colatina participam de &quot;Luau Franciscano&quot; - Not\u00edcias - Franciscanos\" \/>\n<meta property=\"og:description\" content=\"&quot;Luau Franciscano&quot;\" \/>\n<meta property=\"og:url\" content=\"https:\/\/franciscanos.org.br\/noticias\/juventudes-de-colatina-participam-de-luau-franciscano.html\" \/>\n<meta property=\"og:site_name\" content=\"Not\u00edcias - Franciscanos\" \/>\n<meta property=\"article:published_time\" content=\"2024-03-18T14:53:28+00:00\" \/>\n<meta property=\"article:modified_time\" content=\"2024-03-18T15:38:34+00:00\" \/>\n<meta property=\"og:image\" content=\"https:\/\/franciscanos.org.br\/noticias\/wp-content\/uploads\/2024\/03\/373ddf73-857a-4783-a4ed-c37079b229dc.jpg\" \/>\n\t<meta property=\"og:image:width\" content=\"810\" \/>\n\t<meta property=\"og:image:height\" content=\"1080\" \/>\n\t<meta property=\"og:image:type\" content=\"image\/jpeg\" \/>\n<meta name=\"author\" content=\"Adriana Rabelo\" \/>\n<meta name=\"twitter:card\" content=\"summary_large_image\" \/>\n<meta name=\"twitter:label1\" content=\"Escrito por\" \/>\n\t<meta name=\"twitter:data1\" content=\"Adriana Rabelo\" \/>\n\t<meta name=\"twitter:label2\" content=\"Est. tempo de leitura\" \/>\n\t<meta name=\"twitter:data2\" content=\"2 minutos\" \/>\n<script type=\"application\/ld+json\" class=\"yoast-schema-graph\">{\"@context\":\"https:\/\/schema.org\",\"@graph\":[{\"@type\":\"WebSite\",\"@id\":\"https:\/\/franciscanos.org.br\/noticias\/#website\",\"url\":\"https:\/\/franciscanos.org.br\/noticias\/\",\"name\":\"Not\u00edcias - Franciscanos\",\"description\":\"Prov\u00edncia Franciscana da Imaculada Concei\u00e7\u00e3o do Brasil - Ordem dos Frades Menores - OFM\",\"potentialAction\":[{\"@type\":\"SearchAction\",\"target\":{\"@type\":\"EntryPoint\",\"urlTemplate\":\"https:\/\/franciscanos.org.br\/noticias\/?s={search_term_string}\"},\"query-input\":\"required name=search_term_string\"}],\"inLanguage\":\"pt-BR\"},{\"@type\":\"ImageObject\",\"inLanguage\":\"pt-BR\",\"@id\":\"https:\/\/franciscanos.org.br\/noticias\/juventudes-de-colatina-participam-de-luau-franciscano.html#primaryimage\",\"url\":\"https:\/\/franciscanos.org.br\/noticias\/wp-content\/uploads\/2024\/03\/373ddf73-857a-4783-a4ed-c37079b229dc.jpg\",\"contentUrl\":\"https:\/\/franciscanos.org.br\/noticias\/wp-content\/uploads\/2024\/03\/373ddf73-857a-4783-a4ed-c37079b229dc.jpg\",\"width\":810,\"height\":1080},{\"@type\":\"WebPage\",\"@id\":\"https:\/\/franciscanos.org.br\/noticias\/juventudes-de-colatina-participam-de-luau-franciscano.html#webpage\",\"url\":\"https:\/\/franciscanos.org.br\/noticias\/juventudes-de-colatina-participam-de-luau-franciscano.html\",\"name\":\"Juventudes de Colatina participam de \\\"Luau Franciscano\\\" - Not\u00edcias - Franciscanos\",\"isPartOf\":{\"@id\":\"https:\/\/franciscanos.org.br\/noticias\/#website\"},\"primaryImageOfPage\":{\"@id\":\"https:\/\/franciscanos.org.br\/noticias\/juventudes-de-colatina-participam-de-luau-franciscano.html#primaryimage\"},\"datePublished\":\"2024-03-18T14:53:28+00:00\",\"dateModified\":\"2024-03-18T15:38:34+00:00\",\"author\":{\"@id\":\"https:\/\/franciscanos.org.br\/noticias\/#\/schema\/person\/d9422e83121c3ad3b0f423d195f5bb25\"},\"breadcrumb\":{\"@id\":\"https:\/\/franciscanos.org.br\/noticias\/juventudes-de-colatina-participam-de-luau-franciscano.html#breadcrumb\"},\"inLanguage\":\"pt-BR\",\"potentialAction\":[{\"@type\":\"ReadAction\",\"target\":[\"https:\/\/franciscanos.org.br\/noticias\/juventudes-de-colatina-participam-de-luau-franciscano.html\"]}]},{\"@type\":\"BreadcrumbList\",\"@id\":\"https:\/\/franciscanos.org.br\/noticias\/juventudes-de-colatina-participam-de-luau-franciscano.html#breadcrumb\",\"itemListElement\":[{\"@type\":\"ListItem\",\"position\":1,\"name\":\"Home\",\"item\":\"https:\/\/franciscanos.org.br\/noticias\"},{\"@type\":\"ListItem\",\"position\":2,\"name\":\"Juventudes de Colatina participam de &#8220;Luau Franciscano&#8221;\"}]},{\"@type\":\"Person\",\"@id\":\"https:\/\/franciscanos.org.br\/noticias\/#\/schema\/person\/d9422e83121c3ad3b0f423d195f5bb25\",\"name\":\"Adriana Rabelo\",\"image\":{\"@type\":\"ImageObject\",\"inLanguage\":\"pt-BR\",\"@id\":\"https:\/\/franciscanos.org.br\/noticias\/#\/schema\/person\/image\/\",\"url\":\"https:\/\/secure.gravatar.com\/avatar\/0a937b7500cd7df77540cfb8bede877d?s=96&d=mm&r=g\",\"contentUrl\":\"https:\/\/secure.gravatar.com\/avatar\/0a937b7500cd7df77540cfb8bede877d?s=96&d=mm&r=g\",\"caption\":\"Adriana Rabelo\"},\"url\":\"https:\/\/franciscanos.org.br\/noticias\/author\/adrianarabelo\"}]}<\/script>\n<!-- \/ Yoast SEO plugin. -->","yoast_head_json":{"title":"Juventudes de Colatina participam de \"Luau Franciscano\" - Not\u00edcias - Franciscanos","robots":{"index":"index","follow":"follow","max-snippet":"max-snippet:-1","max-image-preview":"max-image-preview:large","max-video-preview":"max-video-preview:-1"},"canonical":"https:\/\/franciscanos.org.br\/noticias\/juventudes-de-colatina-participam-de-luau-franciscano.html","og_locale":"pt_BR","og_type":"article","og_title":"Juventudes de Colatina participam de \"Luau Franciscano\" - Not\u00edcias - Franciscanos","og_description":"\"Luau Franciscano\"","og_url":"https:\/\/franciscanos.org.br\/noticias\/juventudes-de-colatina-participam-de-luau-franciscano.html","og_site_name":"Not\u00edcias - Franciscanos","article_published_time":"2024-03-18T14:53:28+00:00","article_modified_time":"2024-03-18T15:38:34+00:00","og_image":[{"width":810,"height":1080,"url":"https:\/\/franciscanos.org.br\/noticias\/wp-content\/uploads\/2024\/03\/373ddf73-857a-4783-a4ed-c37079b229dc.jpg","type":"image\/jpeg"}],"author":"Adriana Rabelo","twitter_card":"summary_large_image","twitter_misc":{"Escrito por":"Adriana Rabelo","Est. tempo de leitura":"2 minutos"},"schema":{"@context":"https:\/\/schema.org","@graph":[{"@type":"WebSite","@id":"https:\/\/franciscanos.org.br\/noticias\/#website","url":"https:\/\/franciscanos.org.br\/noticias\/","name":"Not\u00edcias - Franciscanos","description":"Prov\u00edncia Franciscana da Imaculada Concei\u00e7\u00e3o do Brasil - Ordem dos Frades Menores - OFM","potentialAction":[{"@type":"SearchAction","target":{"@type":"EntryPoint","urlTemplate":"https:\/\/franciscanos.org.br\/noticias\/?s={search_term_string}"},"query-input":"required name=search_term_string"}],"inLanguage":"pt-BR"},{"@type":"ImageObject","inLanguage":"pt-BR","@id":"https:\/\/franciscanos.org.br\/noticias\/juventudes-de-colatina-participam-de-luau-franciscano.html#primaryimage","url":"https:\/\/franciscanos.org.br\/noticias\/wp-content\/uploads\/2024\/03\/373ddf73-857a-4783-a4ed-c37079b229dc.jpg","contentUrl":"https:\/\/franciscanos.org.br\/noticias\/wp-content\/uploads\/2024\/03\/373ddf73-857a-4783-a4ed-c37079b229dc.jpg","width":810,"height":1080},{"@type":"WebPage","@id":"https:\/\/franciscanos.org.br\/noticias\/juventudes-de-colatina-participam-de-luau-franciscano.html#webpage","url":"https:\/\/franciscanos.org.br\/noticias\/juventudes-de-colatina-participam-de-luau-franciscano.html","name":"Juventudes de Colatina participam de \"Luau Franciscano\" - Not\u00edcias - Franciscanos","isPartOf":{"@id":"https:\/\/franciscanos.org.br\/noticias\/#website"},"primaryImageOfPage":{"@id":"https:\/\/franciscanos.org.br\/noticias\/juventudes-de-colatina-participam-de-luau-franciscano.html#primaryimage"},"datePublished":"2024-03-18T14:53:28+00:00","dateModified":"2024-03-18T15:38:34+00:00","author":{"@id":"https:\/\/franciscanos.org.br\/noticias\/#\/schema\/person\/d9422e83121c3ad3b0f423d195f5bb25"},"breadcrumb":{"@id":"https:\/\/franciscanos.org.br\/noticias\/juventudes-de-colatina-participam-de-luau-franciscano.html#breadcrumb"},"inLanguage":"pt-BR","potentialAction":[{"@type":"ReadAction","target":["https:\/\/franciscanos.org.br\/noticias\/juventudes-de-colatina-participam-de-luau-franciscano.html"]}]},{"@type":"BreadcrumbList","@id":"https:\/\/franciscanos.org.br\/noticias\/juventudes-de-colatina-participam-de-luau-franciscano.html#breadcrumb","itemListElement":[{"@type":"ListItem","position":1,"name":"Home","item":"https:\/\/franciscanos.org.br\/noticias"},{"@type":"ListItem","position":2,"name":"Juventudes de Colatina participam de &#8220;Luau Franciscano&#8221;"}]},{"@type":"Person","@id":"https:\/\/franciscanos.org.br\/noticias\/#\/schema\/person\/d9422e83121c3ad3b0f423d195f5bb25","name":"Adriana Rabelo","image":{"@type":"ImageObject","inLanguage":"pt-BR","@id":"https:\/\/franciscanos.org.br\/noticias\/#\/schema\/person\/image\/","url":"https:\/\/secure.gravatar.com\/avatar\/0a937b7500cd7df77540cfb8bede877d?s=96&d=mm&r=g","contentUrl":"https:\/\/secure.gravatar.com\/avatar\/0a937b7500cd7df77540cfb8bede877d?s=96&d=mm&r=g","caption":"Adriana Rabelo"},"url":"https:\/\/franciscanos.org.br\/noticias\/author\/adrianarabelo"}]}},"_links":{"self":[{"href":"https:\/\/franciscanos.org.br\/noticias\/wp-json\/wp\/v2\/posts\/246702"}],"collection":[{"href":"https:\/\/franciscanos.org.br\/noticias\/wp-json\/wp\/v2\/posts"}],"about":[{"href":"https:\/\/franciscanos.org.br\/noticias\/wp-json\/wp\/v2\/types\/post"}],"author":[{"embeddable":true,"href":"https:\/\/franciscanos.org.br\/noticias\/wp-json\/wp\/v2\/users\/11"}],"replies":[{"embeddable":true,"href":"https:\/\/franciscanos.org.br\/noticias\/wp-json\/wp\/v2\/comments?post=246702"}],"version-history":[{"count":4,"href":"https:\/\/franciscanos.org.br\/noticias\/wp-json\/wp\/v2\/posts\/246702\/revisions"}],"predecessor-version":[{"id":246714,"href":"https:\/\/franciscanos.org.br\/noticias\/wp-json\/wp\/v2\/posts\/246702\/revisions\/246714"}],"wp:featuredmedia":[{"embeddable":true,"href":"https:\/\/franciscanos.org.br\/noticias\/wp-json\/wp\/v2\/media\/246703"}],"wp:attachment":[{"href":"https:\/\/franciscanos.org.br\/noticias\/wp-json\/wp\/v2\/media?parent=246702"}],"wp:term":[{"taxonomy":"category","embeddable":true,"href":"https:\/\/franciscanos.org.br\/noticias\/wp-json\/wp\/v2\/categories?post=246702"},{"taxonomy":"post_tag","embeddable":true,"href":"https:\/\/franciscanos.org.br\/noticias\/wp-json\/wp\/v2\/tags?post=246702"}],"curies":[{"name":"wp","href":"https:\/\/api.w.org\/{rel}","templated":true}]}}