{"id":246686,"date":"2024-03-15T17:20:35","date_gmt":"2024-03-15T20:20:35","guid":{"rendered":"https:\/\/franciscanos.org.br\/noticias\/?p=246686"},"modified":"2024-03-18T07:27:20","modified_gmt":"2024-03-18T10:27:20","slug":"frades-do-tempo-do-under-ten-se-reunem-no-parana","status":"publish","type":"post","link":"https:\/\/franciscanos.org.br\/noticias\/frades-do-tempo-do-under-ten-se-reunem-no-parana.html","title":{"rendered":"Encontro \u201cTempo do Under Ten\u201d re\u00fane frades no Paran\u00e1"},"content":{"rendered":"<p><img loading=\"lazy\" class=\"aligncenter wp-image-246691 size-full\" src=\"https:\/\/franciscanos.org.br\/noticias\/wp-content\/uploads\/2024\/03\/IMG_8185.FOTO-1-scaled.jpg\" alt=\"\" width=\"1440\" height=\"1080\" srcset=\"https:\/\/franciscanos.org.br\/noticias\/wp-content\/uploads\/2024\/03\/IMG_8185.FOTO-1-scaled.jpg 1440w, https:\/\/franciscanos.org.br\/noticias\/wp-content\/uploads\/2024\/03\/IMG_8185.FOTO-1-450x338.jpg 450w, https:\/\/franciscanos.org.br\/noticias\/wp-content\/uploads\/2024\/03\/IMG_8185.FOTO-1-1024x768.jpg 1024w, https:\/\/franciscanos.org.br\/noticias\/wp-content\/uploads\/2024\/03\/IMG_8185.FOTO-1-768x576.jpg 768w, https:\/\/franciscanos.org.br\/noticias\/wp-content\/uploads\/2024\/03\/IMG_8185.FOTO-1-1536x1152.jpg 1536w, https:\/\/franciscanos.org.br\/noticias\/wp-content\/uploads\/2024\/03\/IMG_8185.FOTO-1-2048x1536.jpg 2048w, https:\/\/franciscanos.org.br\/noticias\/wp-content\/uploads\/2024\/03\/IMG_8185.FOTO-1-150x113.jpg 150w, https:\/\/franciscanos.org.br\/noticias\/wp-content\/uploads\/2024\/03\/IMG_8185.FOTO-1-600x450.jpg 600w\" sizes=\"(max-width: 1440px) 100vw, 1440px\" \/><\/p>\n<p><span style=\"font-weight: 400;\">\u201cN\u00e3o deixe os sonhos morrerem. N\u00e3o deixem este espa\u00e7o de forma\u00e7\u00e3o permanente acabar. Iniciativas de retiro, deste encontro, s\u00e3o muito bem-vindas, e que bom que est\u00e3o acontecendo. Estes s\u00e3o espa\u00e7os vivos. Que a gente converse sobre nossas dores, nossas ang\u00fastias, nossas esperan\u00e7as\u201d.\u00a0 Foi a partir dessa fala que o Ministro da Prov\u00edncia Franciscana da Imaculada Concei\u00e7\u00e3o do Brasil, Frei Paulo Roberto Pereira, motivou os frades participantes do encontro Tempo do Under Ten, destinado \u00e0queles com at\u00e9 10 anos de profiss\u00e3o dos votos religiosos na Ordem. A atividade foi realizada no Convento S\u00e3o Boaventura, na cidade de Campo Largo (PR), nos dias 14 e 15 de mar\u00e7o.\u00a0<\/span><\/p>\n<p><span style=\"font-weight: 400;\">A atividade foi destinada aos frades com at\u00e9 10 anos de profiss\u00e3o dos votos religiosos na Ordem. S\u00e3o aqueles que rec\u00e9m terminaram sua Forma\u00e7\u00e3o Inicial e j\u00e1 est\u00e3o atuando nas frentes evangelizadoras da Prov\u00edncia.<\/span><\/p>\n<p><span style=\"font-weight: 400;\">Esta foi a terceira vez que os frades desse per\u00edodo estiveram reunidos no tri\u00eanio. A mais recente deu-se em novembro de 2023, em Agudos (SP), por ocasi\u00e3o do retiro provincial. Nesta circunst\u00e2ncia surgiu a ideia de os frades encontrarem-se para compartilhar os anseios, desafios e experi\u00eancias, a fim de indicar uma contribui\u00e7\u00e3o para as reflex\u00f5es em prepara\u00e7\u00e3o ao Cap\u00edtulo Provincial de 2024.<\/span><\/p>\n<p><span style=\"font-weight: 400;\">\u201cQueremos elaborar um texto baseado em nossa experi\u00eancia de viv\u00eancia fraterna e de servi\u00e7o nas Frentes de Evangeliza\u00e7\u00e3o, com o intuito\u00a0 de contribuirmos com as reflex\u00f5es de nossa Prov\u00edncia\u201d, disse Frei Junior Mendes, coordenador dos frades do Under Ten. \u201c\u00c9 preciso compartilhar nossas ang\u00fastias, desafios, sonhos, alegrias, esperan\u00e7as, enfim, partilhar sobre aquilo que nos toca como frades menores\u201d, completou.<\/span><\/p>\n<p><span style=\"font-weight: 400;\">\u201c\u00c9 normal que os jovens provoquem mais as institui\u00e7\u00f5es, especialmente porque trazem vigor e criatividade. Muitos esperam dos frades jovens, ao chegarem nas fraternidades, que os mesmos se somem aos trabalhos. Logo recebem as incumb\u00eancias de atividades fazendo, inclusive, aquelas que ningu\u00e9m quer. Mas um frade jovem, ao chegar em uma fraternidade, n\u00e3o \u00e9 s\u00f3 mais um para o trabalho, mas um irm\u00e3o necess\u00e1rio\u201d, ressaltou Frei Paulo.<\/span><\/p>\n<p><span style=\"font-weight: 400;\">\u201cChagados pelo amor, peregrinos da esperan\u00e7a\u201d \u00e9 o lema do Cap\u00edtulo Provincial deste ano. Motivados com esta perspectiva, os frades na presen\u00e7a do Ministro Provincial puderam oferecer contribui\u00e7\u00f5es para a Comiss\u00e3o Preparat\u00f3ria do Cap\u00edtulo Provincial, que ser\u00e1 realizado em novembro deste ano.<\/span><\/p>\n<p><span style=\"font-weight: 400;\">Na capela interna do Convento, os frades celebraram a Eucaristia. Frei Leandro Costa Santos, da Fraternidade Frei Galv\u00e3o de Guaratinguet\u00e1 (SP), presidiu a Santa Missa e Frei Danilo Oliveira, da Fraternidade S\u00e3o Luiz Gonzaga de Xaxim (SC), serviu como di\u00e1cono.<\/span><\/p>\n<p><span style=\"font-weight: 400;\">Na homilia, Frei Leandro refletiu sobre o convite que Jesus faz a cada um. \u201cSomos convidados a rever nossos projetos, nossa caminhada. Que haja clareza em nossas vidas, que haja convic\u00e7\u00e3o\u00a0 em nossos dias para fazer com que a vontade de Deus se cumpra em nosso meio, e a partir da voca\u00e7\u00e3o que n\u00f3s pretendemos viver\u201d, destacou.<\/span><\/p>\n<p><span style=\"font-weight: 400;\">Marcaram presen\u00e7a no encontro: Frei Jos\u00e9 Raimundo de Souza, Fraternidade Bom Jesus dos Aflitos de Sorocaba (SP);\u00a0 Frei Jonas Ribeiro da Silva e Frei Leandro Costa Santos, Fraternidade Frei Galv\u00e3o de Guaratinguet\u00e1 (SP); Frei Roger Strapazzon e Frei Leandro Ferreira Silva, Fraternidade S\u00e3o Boaventura de Rondinha (PR); Frei Douglas Paulo Machado, Fraternidade S\u00e3o Jo\u00e3o Batista de S\u00e3o Jo\u00e3o do Meriti (RJ); Frei Marx Rodrigues dos Reis e Frei Thiago Gomes Elias, Fraternidade Santo Ant\u00f4nio do Pari (SP); Frei Junior Mendes, Fraternidade S\u00e3o Francisco de Chopinzinho (PR); Frei Gabriel Dellandrea, Fraternidade S\u00e3o Francisco de S\u00e3o Paulo (SP); Frei Danilo Santos Oliveira, Fraternidade S\u00e3o Luiz Gonzaga de Xaxim (SC); Frei Jhones Lucas Martins, Fraternidade S\u00e3o Jos\u00e9 de Gaspar (SC); Frei Alan Leal de Matos, Fraternidade S\u00e3o Francisco Solano de Curitibanos (SC) e Frei Augusto Luiz Gabriel, Fraternidade Frei Galv\u00e3o de Colatina (ES).<\/span><\/p>\n<hr \/>\n<p><i><span style=\"font-weight: 400;\">Frei Augusto Luiz Gabriel<\/span><\/i><\/p>\n<p>&nbsp;<\/p>\n\n\t\t<style type=\"text\/css\">\n\t\t\t#gallery-1 {\n\t\t\t\tmargin: auto;\n\t\t\t}\n\t\t\t#gallery-1 .gallery-item {\n\t\t\t\tfloat: left;\n\t\t\t\tmargin-top: 10px;\n\t\t\t\ttext-align: center;\n\t\t\t\twidth: 33%;\n\t\t\t}\n\t\t\t#gallery-1 img {\n\t\t\t\tborder: 2px solid #cfcfcf;\n\t\t\t}\n\t\t\t#gallery-1 .gallery-caption {\n\t\t\t\tmargin-left: 0;\n\t\t\t}\n\t\t\t\/* see gallery_shortcode() in wp-includes\/media.php *\/\n\t\t<\/style>\n\t\t<div id='gallery-1' class='gallery galleryid-246686 gallery-columns-3 gallery-size-thumbnail'><dl class='gallery-item'>\n\t\t\t<dt class='gallery-icon landscape'>\n\t\t\t\t<a href='https:\/\/franciscanos.org.br\/noticias\/wp-content\/uploads\/2024\/03\/IMG_9357-scaled.jpg'><img width=\"300\" height=\"300\" src=\"https:\/\/franciscanos.org.br\/noticias\/wp-content\/uploads\/2024\/03\/IMG_9357-300x300.jpg\" class=\"attachment-thumbnail size-thumbnail\" alt=\"\" loading=\"lazy\" srcset=\"https:\/\/franciscanos.org.br\/noticias\/wp-content\/uploads\/2024\/03\/IMG_9357-300x300.jpg 300w, https:\/\/franciscanos.org.br\/noticias\/wp-content\/uploads\/2024\/03\/IMG_9357-100x100.jpg 100w\" sizes=\"(max-width: 300px) 100vw, 300px\" \/><\/a>\n\t\t\t<\/dt><\/dl><dl class='gallery-item'>\n\t\t\t<dt class='gallery-icon landscape'>\n\t\t\t\t<a href='https:\/\/franciscanos.org.br\/noticias\/wp-content\/uploads\/2024\/03\/IMG_9354-scaled.jpg'><img width=\"300\" height=\"300\" src=\"https:\/\/franciscanos.org.br\/noticias\/wp-content\/uploads\/2024\/03\/IMG_9354-300x300.jpg\" class=\"attachment-thumbnail size-thumbnail\" alt=\"\" loading=\"lazy\" srcset=\"https:\/\/franciscanos.org.br\/noticias\/wp-content\/uploads\/2024\/03\/IMG_9354-300x300.jpg 300w, https:\/\/franciscanos.org.br\/noticias\/wp-content\/uploads\/2024\/03\/IMG_9354-100x100.jpg 100w\" sizes=\"(max-width: 300px) 100vw, 300px\" \/><\/a>\n\t\t\t<\/dt><\/dl><dl class='gallery-item'>\n\t\t\t<dt class='gallery-icon landscape'>\n\t\t\t\t<a href='https:\/\/franciscanos.org.br\/noticias\/wp-content\/uploads\/2024\/03\/IMG_9353-scaled.jpg'><img width=\"300\" height=\"300\" src=\"https:\/\/franciscanos.org.br\/noticias\/wp-content\/uploads\/2024\/03\/IMG_9353-300x300.jpg\" class=\"attachment-thumbnail size-thumbnail\" alt=\"\" loading=\"lazy\" srcset=\"https:\/\/franciscanos.org.br\/noticias\/wp-content\/uploads\/2024\/03\/IMG_9353-300x300.jpg 300w, https:\/\/franciscanos.org.br\/noticias\/wp-content\/uploads\/2024\/03\/IMG_9353-100x100.jpg 100w\" sizes=\"(max-width: 300px) 100vw, 300px\" \/><\/a>\n\t\t\t<\/dt><\/dl><br style=\"clear: both\" \/><dl class='gallery-item'>\n\t\t\t<dt class='gallery-icon landscape'>\n\t\t\t\t<a href='https:\/\/franciscanos.org.br\/noticias\/wp-content\/uploads\/2024\/03\/IMG_9308-1-scaled.jpg'><img width=\"300\" height=\"300\" src=\"https:\/\/franciscanos.org.br\/noticias\/wp-content\/uploads\/2024\/03\/IMG_9308-1-300x300.jpg\" class=\"attachment-thumbnail size-thumbnail\" alt=\"\" loading=\"lazy\" srcset=\"https:\/\/franciscanos.org.br\/noticias\/wp-content\/uploads\/2024\/03\/IMG_9308-1-300x300.jpg 300w, https:\/\/franciscanos.org.br\/noticias\/wp-content\/uploads\/2024\/03\/IMG_9308-1-100x100.jpg 100w\" sizes=\"(max-width: 300px) 100vw, 300px\" \/><\/a>\n\t\t\t<\/dt><\/dl><dl class='gallery-item'>\n\t\t\t<dt class='gallery-icon landscape'>\n\t\t\t\t<a href='https:\/\/franciscanos.org.br\/noticias\/wp-content\/uploads\/2024\/03\/IMG_8185.FOTO-1-scaled.jpg'><img width=\"300\" height=\"300\" src=\"https:\/\/franciscanos.org.br\/noticias\/wp-content\/uploads\/2024\/03\/IMG_8185.FOTO-1-300x300.jpg\" class=\"attachment-thumbnail size-thumbnail\" alt=\"\" loading=\"lazy\" srcset=\"https:\/\/franciscanos.org.br\/noticias\/wp-content\/uploads\/2024\/03\/IMG_8185.FOTO-1-300x300.jpg 300w, https:\/\/franciscanos.org.br\/noticias\/wp-content\/uploads\/2024\/03\/IMG_8185.FOTO-1-100x100.jpg 100w\" sizes=\"(max-width: 300px) 100vw, 300px\" \/><\/a>\n\t\t\t<\/dt><\/dl><dl class='gallery-item'>\n\t\t\t<dt class='gallery-icon landscape'>\n\t\t\t\t<a href='https:\/\/franciscanos.org.br\/noticias\/wp-content\/uploads\/2024\/03\/FOTO-5-scaled.jpg'><img width=\"300\" height=\"300\" src=\"https:\/\/franciscanos.org.br\/noticias\/wp-content\/uploads\/2024\/03\/FOTO-5-300x300.jpg\" class=\"attachment-thumbnail size-thumbnail\" alt=\"\" loading=\"lazy\" srcset=\"https:\/\/franciscanos.org.br\/noticias\/wp-content\/uploads\/2024\/03\/FOTO-5-300x300.jpg 300w, https:\/\/franciscanos.org.br\/noticias\/wp-content\/uploads\/2024\/03\/FOTO-5-100x100.jpg 100w\" sizes=\"(max-width: 300px) 100vw, 300px\" \/><\/a>\n\t\t\t<\/dt><\/dl><br style=\"clear: both\" \/><dl class='gallery-item'>\n\t\t\t<dt class='gallery-icon landscape'>\n\t\t\t\t<a href='https:\/\/franciscanos.org.br\/noticias\/wp-content\/uploads\/2024\/03\/FOTO-4-scaled.jpg'><img width=\"300\" height=\"300\" src=\"https:\/\/franciscanos.org.br\/noticias\/wp-content\/uploads\/2024\/03\/FOTO-4-300x300.jpg\" class=\"attachment-thumbnail size-thumbnail\" alt=\"\" loading=\"lazy\" srcset=\"https:\/\/franciscanos.org.br\/noticias\/wp-content\/uploads\/2024\/03\/FOTO-4-300x300.jpg 300w, https:\/\/franciscanos.org.br\/noticias\/wp-content\/uploads\/2024\/03\/FOTO-4-100x100.jpg 100w\" sizes=\"(max-width: 300px) 100vw, 300px\" \/><\/a>\n\t\t\t<\/dt><\/dl>\n\t\t\t<br style='clear: both' \/>\n\t\t<\/div>\n\n","protected":false},"excerpt":{"rendered":"<p>Encontro \u201cTempo do Under Ten\u201d<\/p>\n","protected":false},"author":10,"featured_media":246691,"comment_status":"open","ping_status":"open","sticky":false,"template":"","format":"standard","meta":[],"categories":[1],"tags":[591,1422],"acf":[],"yoast_head":"<!-- This site is optimized with the Yoast SEO plugin v19.2 - https:\/\/yoast.com\/wordpress\/plugins\/seo\/ -->\n<title>Encontro \u201cTempo do Under Ten\u201d re\u00fane frades no Paran\u00e1 - Not\u00edcias - Franciscanos<\/title>\n<meta name=\"robots\" content=\"index, follow, max-snippet:-1, max-image-preview:large, max-video-preview:-1\" \/>\n<link rel=\"canonical\" href=\"https:\/\/franciscanos.org.br\/noticias\/frades-do-tempo-do-under-ten-se-reunem-no-parana.html\" \/>\n<meta property=\"og:locale\" content=\"pt_BR\" \/>\n<meta property=\"og:type\" content=\"article\" \/>\n<meta property=\"og:title\" content=\"Encontro \u201cTempo do Under Ten\u201d re\u00fane frades no Paran\u00e1 - Not\u00edcias - Franciscanos\" \/>\n<meta property=\"og:description\" content=\"Encontro \u201cTempo do Under Ten\u201d\" \/>\n<meta property=\"og:url\" content=\"https:\/\/franciscanos.org.br\/noticias\/frades-do-tempo-do-under-ten-se-reunem-no-parana.html\" \/>\n<meta property=\"og:site_name\" content=\"Not\u00edcias - Franciscanos\" \/>\n<meta property=\"article:published_time\" content=\"2024-03-15T20:20:35+00:00\" \/>\n<meta property=\"article:modified_time\" content=\"2024-03-18T10:27:20+00:00\" \/>\n<meta property=\"og:image\" content=\"https:\/\/franciscanos.org.br\/noticias\/wp-content\/uploads\/2024\/03\/IMG_8185.FOTO-1-scaled.jpg\" \/>\n\t<meta property=\"og:image:width\" content=\"1440\" \/>\n\t<meta property=\"og:image:height\" content=\"1080\" \/>\n\t<meta property=\"og:image:type\" content=\"image\/jpeg\" \/>\n<meta name=\"author\" content=\"Jo\u00e3o Vitor\" \/>\n<meta name=\"twitter:card\" content=\"summary_large_image\" \/>\n<meta name=\"twitter:label1\" content=\"Escrito por\" \/>\n\t<meta name=\"twitter:data1\" content=\"Jo\u00e3o Vitor\" \/>\n\t<meta name=\"twitter:label2\" content=\"Est. tempo de leitura\" \/>\n\t<meta name=\"twitter:data2\" content=\"3 minutos\" \/>\n<script type=\"application\/ld+json\" class=\"yoast-schema-graph\">{\"@context\":\"https:\/\/schema.org\",\"@graph\":[{\"@type\":\"WebSite\",\"@id\":\"https:\/\/franciscanos.org.br\/noticias\/#website\",\"url\":\"https:\/\/franciscanos.org.br\/noticias\/\",\"name\":\"Not\u00edcias - Franciscanos\",\"description\":\"Prov\u00edncia Franciscana da Imaculada Concei\u00e7\u00e3o do Brasil - Ordem dos Frades Menores - OFM\",\"potentialAction\":[{\"@type\":\"SearchAction\",\"target\":{\"@type\":\"EntryPoint\",\"urlTemplate\":\"https:\/\/franciscanos.org.br\/noticias\/?s={search_term_string}\"},\"query-input\":\"required name=search_term_string\"}],\"inLanguage\":\"pt-BR\"},{\"@type\":\"ImageObject\",\"inLanguage\":\"pt-BR\",\"@id\":\"https:\/\/franciscanos.org.br\/noticias\/frades-do-tempo-do-under-ten-se-reunem-no-parana.html#primaryimage\",\"url\":\"https:\/\/franciscanos.org.br\/noticias\/wp-content\/uploads\/2024\/03\/IMG_8185.FOTO-1-scaled.jpg\",\"contentUrl\":\"https:\/\/franciscanos.org.br\/noticias\/wp-content\/uploads\/2024\/03\/IMG_8185.FOTO-1-scaled.jpg\",\"width\":1440,\"height\":1080},{\"@type\":\"WebPage\",\"@id\":\"https:\/\/franciscanos.org.br\/noticias\/frades-do-tempo-do-under-ten-se-reunem-no-parana.html#webpage\",\"url\":\"https:\/\/franciscanos.org.br\/noticias\/frades-do-tempo-do-under-ten-se-reunem-no-parana.html\",\"name\":\"Encontro \u201cTempo do Under Ten\u201d re\u00fane frades no Paran\u00e1 - Not\u00edcias - Franciscanos\",\"isPartOf\":{\"@id\":\"https:\/\/franciscanos.org.br\/noticias\/#website\"},\"primaryImageOfPage\":{\"@id\":\"https:\/\/franciscanos.org.br\/noticias\/frades-do-tempo-do-under-ten-se-reunem-no-parana.html#primaryimage\"},\"datePublished\":\"2024-03-15T20:20:35+00:00\",\"dateModified\":\"2024-03-18T10:27:20+00:00\",\"author\":{\"@id\":\"https:\/\/franciscanos.org.br\/noticias\/#\/schema\/person\/8c11f06a466b856a11dd48d20600055f\"},\"breadcrumb\":{\"@id\":\"https:\/\/franciscanos.org.br\/noticias\/frades-do-tempo-do-under-ten-se-reunem-no-parana.html#breadcrumb\"},\"inLanguage\":\"pt-BR\",\"potentialAction\":[{\"@type\":\"ReadAction\",\"target\":[\"https:\/\/franciscanos.org.br\/noticias\/frades-do-tempo-do-under-ten-se-reunem-no-parana.html\"]}]},{\"@type\":\"BreadcrumbList\",\"@id\":\"https:\/\/franciscanos.org.br\/noticias\/frades-do-tempo-do-under-ten-se-reunem-no-parana.html#breadcrumb\",\"itemListElement\":[{\"@type\":\"ListItem\",\"position\":1,\"name\":\"Home\",\"item\":\"https:\/\/franciscanos.org.br\/noticias\"},{\"@type\":\"ListItem\",\"position\":2,\"name\":\"Encontro \u201cTempo do Under Ten\u201d re\u00fane frades no Paran\u00e1\"}]},{\"@type\":\"Person\",\"@id\":\"https:\/\/franciscanos.org.br\/noticias\/#\/schema\/person\/8c11f06a466b856a11dd48d20600055f\",\"name\":\"Jo\u00e3o Vitor\",\"image\":{\"@type\":\"ImageObject\",\"inLanguage\":\"pt-BR\",\"@id\":\"https:\/\/franciscanos.org.br\/noticias\/#\/schema\/person\/image\/\",\"url\":\"https:\/\/secure.gravatar.com\/avatar\/10ba5c9713e0c323617b4309a19e3a46?s=96&d=mm&r=g\",\"contentUrl\":\"https:\/\/secure.gravatar.com\/avatar\/10ba5c9713e0c323617b4309a19e3a46?s=96&d=mm&r=g\",\"caption\":\"Jo\u00e3o Vitor\"},\"url\":\"https:\/\/franciscanos.org.br\/noticias\/author\/joaovitor\"}]}<\/script>\n<!-- \/ Yoast SEO plugin. -->","yoast_head_json":{"title":"Encontro \u201cTempo do Under Ten\u201d re\u00fane frades no Paran\u00e1 - Not\u00edcias - Franciscanos","robots":{"index":"index","follow":"follow","max-snippet":"max-snippet:-1","max-image-preview":"max-image-preview:large","max-video-preview":"max-video-preview:-1"},"canonical":"https:\/\/franciscanos.org.br\/noticias\/frades-do-tempo-do-under-ten-se-reunem-no-parana.html","og_locale":"pt_BR","og_type":"article","og_title":"Encontro \u201cTempo do Under Ten\u201d re\u00fane frades no Paran\u00e1 - Not\u00edcias - Franciscanos","og_description":"Encontro \u201cTempo do Under Ten\u201d","og_url":"https:\/\/franciscanos.org.br\/noticias\/frades-do-tempo-do-under-ten-se-reunem-no-parana.html","og_site_name":"Not\u00edcias - Franciscanos","article_published_time":"2024-03-15T20:20:35+00:00","article_modified_time":"2024-03-18T10:27:20+00:00","og_image":[{"width":1440,"height":1080,"url":"https:\/\/franciscanos.org.br\/noticias\/wp-content\/uploads\/2024\/03\/IMG_8185.FOTO-1-scaled.jpg","type":"image\/jpeg"}],"author":"Jo\u00e3o Vitor","twitter_card":"summary_large_image","twitter_misc":{"Escrito por":"Jo\u00e3o Vitor","Est. tempo de leitura":"3 minutos"},"schema":{"@context":"https:\/\/schema.org","@graph":[{"@type":"WebSite","@id":"https:\/\/franciscanos.org.br\/noticias\/#website","url":"https:\/\/franciscanos.org.br\/noticias\/","name":"Not\u00edcias - Franciscanos","description":"Prov\u00edncia Franciscana da Imaculada Concei\u00e7\u00e3o do Brasil - Ordem dos Frades Menores - OFM","potentialAction":[{"@type":"SearchAction","target":{"@type":"EntryPoint","urlTemplate":"https:\/\/franciscanos.org.br\/noticias\/?s={search_term_string}"},"query-input":"required name=search_term_string"}],"inLanguage":"pt-BR"},{"@type":"ImageObject","inLanguage":"pt-BR","@id":"https:\/\/franciscanos.org.br\/noticias\/frades-do-tempo-do-under-ten-se-reunem-no-parana.html#primaryimage","url":"https:\/\/franciscanos.org.br\/noticias\/wp-content\/uploads\/2024\/03\/IMG_8185.FOTO-1-scaled.jpg","contentUrl":"https:\/\/franciscanos.org.br\/noticias\/wp-content\/uploads\/2024\/03\/IMG_8185.FOTO-1-scaled.jpg","width":1440,"height":1080},{"@type":"WebPage","@id":"https:\/\/franciscanos.org.br\/noticias\/frades-do-tempo-do-under-ten-se-reunem-no-parana.html#webpage","url":"https:\/\/franciscanos.org.br\/noticias\/frades-do-tempo-do-under-ten-se-reunem-no-parana.html","name":"Encontro \u201cTempo do Under Ten\u201d re\u00fane frades no Paran\u00e1 - Not\u00edcias - Franciscanos","isPartOf":{"@id":"https:\/\/franciscanos.org.br\/noticias\/#website"},"primaryImageOfPage":{"@id":"https:\/\/franciscanos.org.br\/noticias\/frades-do-tempo-do-under-ten-se-reunem-no-parana.html#primaryimage"},"datePublished":"2024-03-15T20:20:35+00:00","dateModified":"2024-03-18T10:27:20+00:00","author":{"@id":"https:\/\/franciscanos.org.br\/noticias\/#\/schema\/person\/8c11f06a466b856a11dd48d20600055f"},"breadcrumb":{"@id":"https:\/\/franciscanos.org.br\/noticias\/frades-do-tempo-do-under-ten-se-reunem-no-parana.html#breadcrumb"},"inLanguage":"pt-BR","potentialAction":[{"@type":"ReadAction","target":["https:\/\/franciscanos.org.br\/noticias\/frades-do-tempo-do-under-ten-se-reunem-no-parana.html"]}]},{"@type":"BreadcrumbList","@id":"https:\/\/franciscanos.org.br\/noticias\/frades-do-tempo-do-under-ten-se-reunem-no-parana.html#breadcrumb","itemListElement":[{"@type":"ListItem","position":1,"name":"Home","item":"https:\/\/franciscanos.org.br\/noticias"},{"@type":"ListItem","position":2,"name":"Encontro \u201cTempo do Under Ten\u201d re\u00fane frades no Paran\u00e1"}]},{"@type":"Person","@id":"https:\/\/franciscanos.org.br\/noticias\/#\/schema\/person\/8c11f06a466b856a11dd48d20600055f","name":"Jo\u00e3o Vitor","image":{"@type":"ImageObject","inLanguage":"pt-BR","@id":"https:\/\/franciscanos.org.br\/noticias\/#\/schema\/person\/image\/","url":"https:\/\/secure.gravatar.com\/avatar\/10ba5c9713e0c323617b4309a19e3a46?s=96&d=mm&r=g","contentUrl":"https:\/\/secure.gravatar.com\/avatar\/10ba5c9713e0c323617b4309a19e3a46?s=96&d=mm&r=g","caption":"Jo\u00e3o Vitor"},"url":"https:\/\/franciscanos.org.br\/noticias\/author\/joaovitor"}]}},"_links":{"self":[{"href":"https:\/\/franciscanos.org.br\/noticias\/wp-json\/wp\/v2\/posts\/246686"}],"collection":[{"href":"https:\/\/franciscanos.org.br\/noticias\/wp-json\/wp\/v2\/posts"}],"about":[{"href":"https:\/\/franciscanos.org.br\/noticias\/wp-json\/wp\/v2\/types\/post"}],"author":[{"embeddable":true,"href":"https:\/\/franciscanos.org.br\/noticias\/wp-json\/wp\/v2\/users\/10"}],"replies":[{"embeddable":true,"href":"https:\/\/franciscanos.org.br\/noticias\/wp-json\/wp\/v2\/comments?post=246686"}],"version-history":[{"count":3,"href":"https:\/\/franciscanos.org.br\/noticias\/wp-json\/wp\/v2\/posts\/246686\/revisions"}],"predecessor-version":[{"id":246701,"href":"https:\/\/franciscanos.org.br\/noticias\/wp-json\/wp\/v2\/posts\/246686\/revisions\/246701"}],"wp:featuredmedia":[{"embeddable":true,"href":"https:\/\/franciscanos.org.br\/noticias\/wp-json\/wp\/v2\/media\/246691"}],"wp:attachment":[{"href":"https:\/\/franciscanos.org.br\/noticias\/wp-json\/wp\/v2\/media?parent=246686"}],"wp:term":[{"taxonomy":"category","embeddable":true,"href":"https:\/\/franciscanos.org.br\/noticias\/wp-json\/wp\/v2\/categories?post=246686"},{"taxonomy":"post_tag","embeddable":true,"href":"https:\/\/franciscanos.org.br\/noticias\/wp-json\/wp\/v2\/tags?post=246686"}],"curies":[{"name":"wp","href":"https:\/\/api.w.org\/{rel}","templated":true}]}}