{"id":246680,"date":"2024-03-15T10:02:12","date_gmt":"2024-03-15T13:02:12","guid":{"rendered":"https:\/\/franciscanos.org.br\/noticias\/?p=246680"},"modified":"2024-03-18T07:26:16","modified_gmt":"2024-03-18T10:26:16","slug":"veneravel-elisabetta-jacobucci-aprovacao-do-decreto-de-virtude","status":"publish","type":"post","link":"https:\/\/franciscanos.org.br\/noticias\/veneravel-elisabetta-jacobucci-aprovacao-do-decreto-de-virtude.html","title":{"rendered":"Vener\u00e1vel Elisabetta Jacobucci &#8211; Aprova\u00e7\u00e3o do Decreto de Virtude"},"content":{"rendered":"<p><img loading=\"lazy\" class=\"aligncenter wp-image-246681 size-full\" src=\"https:\/\/franciscanos.org.br\/noticias\/wp-content\/uploads\/2024\/03\/Elisabetta-Jacobucci.jpeg\" alt=\"\" width=\"924\" height=\"1080\" \/><\/p>\n<p>Em 14 de mar\u00e7o de 2024, o Santo Padre Francisco recebeu em audi\u00eancia o Cardeal Marcello Semeraro, Prefeito do Dicast\u00e9rio das Causas dos Santos, e autorizou a promulga\u00e7\u00e3o do Decreto referente \u00e0s virtudes her\u00f3icas da Serva de Deus Elisabetta Jacobucci, religiosa professa das Irm\u00e3s Franciscanas Alcantarinas, nascida em Trevi, no L\u00e1cio, diocese de Anagni, em 23 de julho de 1858, e falecida em Meta di Sorrento, diocese de Sorrento, em 10 de fevereiro de 1939.<\/p>\n<p>A Vener\u00e1vel Elisabetta Jacobucci, generosamente fiel \u00e0 voca\u00e7\u00e3o franciscana entre as Irm\u00e3s Franciscanas Alcantarinas, dedicou toda a sua vida ao delicado of\u00edcio de mendic\u00e2ncia. Dessa forma, ela contribuiu ativamente para o sustento das \u00f3rf\u00e3s e dos idosos confiados aos cuidados do Instituto. Por cerca de cinquenta anos, percorrendo as estradas da Pen\u00ednsula Sorrentina, transformou seu humilde servi\u00e7o em uma aut\u00eantica miss\u00e3o. Possu\u00eda o dom de ouvir e sentir compaix\u00e3o por cada situa\u00e7\u00e3o de necessidade. Sua palavra, simples mas s\u00e1bia, trazia frutos de consola\u00e7\u00e3o e paz. A Eucaristia era o centro de seu dia, e a vida entre as irm\u00e3s, o conforto de seus esfor\u00e7os. Seu estilo de vida tecido com sil\u00eancio, ocultamento e humildade a caracterizou at\u00e9 o fim de seus dias.<\/p>\n<p>Ap\u00f3s sua morte, sua mem\u00f3ria permaneceu aben\u00e7oada para aqueles que a haviam conhecido, de modo que em 1965 o processo de beatifica\u00e7\u00e3o foi iniciado.<\/p>\n","protected":false},"excerpt":{"rendered":"<p>Vener\u00e1vel Elisabetta Jacobucci<\/p>\n","protected":false},"author":10,"featured_media":246684,"comment_status":"open","ping_status":"open","sticky":false,"template":"","format":"standard","meta":[],"categories":[1],"tags":[2209,55],"acf":[],"yoast_head":"<!-- This site is optimized with the Yoast SEO plugin v19.2 - https:\/\/yoast.com\/wordpress\/plugins\/seo\/ -->\n<title>Vener\u00e1vel Elisabetta Jacobucci - Aprova\u00e7\u00e3o do Decreto de Virtude - Not\u00edcias - Franciscanos<\/title>\n<meta name=\"robots\" content=\"index, follow, max-snippet:-1, max-image-preview:large, max-video-preview:-1\" \/>\n<link rel=\"canonical\" href=\"https:\/\/franciscanos.org.br\/noticias\/veneravel-elisabetta-jacobucci-aprovacao-do-decreto-de-virtude.html\" \/>\n<meta property=\"og:locale\" content=\"pt_BR\" \/>\n<meta property=\"og:type\" content=\"article\" \/>\n<meta property=\"og:title\" content=\"Vener\u00e1vel Elisabetta Jacobucci - Aprova\u00e7\u00e3o do Decreto de Virtude - Not\u00edcias - Franciscanos\" \/>\n<meta property=\"og:description\" content=\"Vener\u00e1vel Elisabetta Jacobucci\" \/>\n<meta property=\"og:url\" content=\"https:\/\/franciscanos.org.br\/noticias\/veneravel-elisabetta-jacobucci-aprovacao-do-decreto-de-virtude.html\" \/>\n<meta property=\"og:site_name\" content=\"Not\u00edcias - Franciscanos\" \/>\n<meta property=\"article:published_time\" content=\"2024-03-15T13:02:12+00:00\" \/>\n<meta property=\"article:modified_time\" content=\"2024-03-18T10:26:16+00:00\" \/>\n<meta property=\"og:image\" content=\"https:\/\/franciscanos.org.br\/noticias\/wp-content\/uploads\/2024\/03\/Elisabetta-Jacobucci-e1710508103374.jpeg\" \/>\n\t<meta property=\"og:image:width\" content=\"815\" \/>\n\t<meta property=\"og:image:height\" content=\"815\" \/>\n\t<meta property=\"og:image:type\" content=\"image\/jpeg\" \/>\n<meta name=\"author\" content=\"Jo\u00e3o Vitor\" \/>\n<meta name=\"twitter:card\" content=\"summary_large_image\" \/>\n<meta name=\"twitter:label1\" content=\"Escrito por\" \/>\n\t<meta name=\"twitter:data1\" content=\"Jo\u00e3o Vitor\" \/>\n\t<meta name=\"twitter:label2\" content=\"Est. tempo de leitura\" \/>\n\t<meta name=\"twitter:data2\" content=\"1 minuto\" \/>\n<script type=\"application\/ld+json\" class=\"yoast-schema-graph\">{\"@context\":\"https:\/\/schema.org\",\"@graph\":[{\"@type\":\"WebSite\",\"@id\":\"https:\/\/franciscanos.org.br\/noticias\/#website\",\"url\":\"https:\/\/franciscanos.org.br\/noticias\/\",\"name\":\"Not\u00edcias - Franciscanos\",\"description\":\"Prov\u00edncia Franciscana da Imaculada Concei\u00e7\u00e3o do Brasil - Ordem dos Frades Menores - OFM\",\"potentialAction\":[{\"@type\":\"SearchAction\",\"target\":{\"@type\":\"EntryPoint\",\"urlTemplate\":\"https:\/\/franciscanos.org.br\/noticias\/?s={search_term_string}\"},\"query-input\":\"required name=search_term_string\"}],\"inLanguage\":\"pt-BR\"},{\"@type\":\"ImageObject\",\"inLanguage\":\"pt-BR\",\"@id\":\"https:\/\/franciscanos.org.br\/noticias\/veneravel-elisabetta-jacobucci-aprovacao-do-decreto-de-virtude.html#primaryimage\",\"url\":\"https:\/\/franciscanos.org.br\/noticias\/wp-content\/uploads\/2024\/03\/Elisabetta-Jacobucci-e1710508103374.jpeg\",\"contentUrl\":\"https:\/\/franciscanos.org.br\/noticias\/wp-content\/uploads\/2024\/03\/Elisabetta-Jacobucci-e1710508103374.jpeg\",\"width\":815,\"height\":815},{\"@type\":\"WebPage\",\"@id\":\"https:\/\/franciscanos.org.br\/noticias\/veneravel-elisabetta-jacobucci-aprovacao-do-decreto-de-virtude.html#webpage\",\"url\":\"https:\/\/franciscanos.org.br\/noticias\/veneravel-elisabetta-jacobucci-aprovacao-do-decreto-de-virtude.html\",\"name\":\"Vener\u00e1vel Elisabetta Jacobucci - Aprova\u00e7\u00e3o do Decreto de Virtude - Not\u00edcias - Franciscanos\",\"isPartOf\":{\"@id\":\"https:\/\/franciscanos.org.br\/noticias\/#website\"},\"primaryImageOfPage\":{\"@id\":\"https:\/\/franciscanos.org.br\/noticias\/veneravel-elisabetta-jacobucci-aprovacao-do-decreto-de-virtude.html#primaryimage\"},\"datePublished\":\"2024-03-15T13:02:12+00:00\",\"dateModified\":\"2024-03-18T10:26:16+00:00\",\"author\":{\"@id\":\"https:\/\/franciscanos.org.br\/noticias\/#\/schema\/person\/8c11f06a466b856a11dd48d20600055f\"},\"breadcrumb\":{\"@id\":\"https:\/\/franciscanos.org.br\/noticias\/veneravel-elisabetta-jacobucci-aprovacao-do-decreto-de-virtude.html#breadcrumb\"},\"inLanguage\":\"pt-BR\",\"potentialAction\":[{\"@type\":\"ReadAction\",\"target\":[\"https:\/\/franciscanos.org.br\/noticias\/veneravel-elisabetta-jacobucci-aprovacao-do-decreto-de-virtude.html\"]}]},{\"@type\":\"BreadcrumbList\",\"@id\":\"https:\/\/franciscanos.org.br\/noticias\/veneravel-elisabetta-jacobucci-aprovacao-do-decreto-de-virtude.html#breadcrumb\",\"itemListElement\":[{\"@type\":\"ListItem\",\"position\":1,\"name\":\"Home\",\"item\":\"https:\/\/franciscanos.org.br\/noticias\"},{\"@type\":\"ListItem\",\"position\":2,\"name\":\"Vener\u00e1vel Elisabetta Jacobucci &#8211; Aprova\u00e7\u00e3o do Decreto de Virtude\"}]},{\"@type\":\"Person\",\"@id\":\"https:\/\/franciscanos.org.br\/noticias\/#\/schema\/person\/8c11f06a466b856a11dd48d20600055f\",\"name\":\"Jo\u00e3o Vitor\",\"image\":{\"@type\":\"ImageObject\",\"inLanguage\":\"pt-BR\",\"@id\":\"https:\/\/franciscanos.org.br\/noticias\/#\/schema\/person\/image\/\",\"url\":\"https:\/\/secure.gravatar.com\/avatar\/10ba5c9713e0c323617b4309a19e3a46?s=96&d=mm&r=g\",\"contentUrl\":\"https:\/\/secure.gravatar.com\/avatar\/10ba5c9713e0c323617b4309a19e3a46?s=96&d=mm&r=g\",\"caption\":\"Jo\u00e3o Vitor\"},\"url\":\"https:\/\/franciscanos.org.br\/noticias\/author\/joaovitor\"}]}<\/script>\n<!-- \/ Yoast SEO plugin. -->","yoast_head_json":{"title":"Vener\u00e1vel Elisabetta Jacobucci - Aprova\u00e7\u00e3o do Decreto de Virtude - Not\u00edcias - Franciscanos","robots":{"index":"index","follow":"follow","max-snippet":"max-snippet:-1","max-image-preview":"max-image-preview:large","max-video-preview":"max-video-preview:-1"},"canonical":"https:\/\/franciscanos.org.br\/noticias\/veneravel-elisabetta-jacobucci-aprovacao-do-decreto-de-virtude.html","og_locale":"pt_BR","og_type":"article","og_title":"Vener\u00e1vel Elisabetta Jacobucci - Aprova\u00e7\u00e3o do Decreto de Virtude - Not\u00edcias - Franciscanos","og_description":"Vener\u00e1vel Elisabetta Jacobucci","og_url":"https:\/\/franciscanos.org.br\/noticias\/veneravel-elisabetta-jacobucci-aprovacao-do-decreto-de-virtude.html","og_site_name":"Not\u00edcias - Franciscanos","article_published_time":"2024-03-15T13:02:12+00:00","article_modified_time":"2024-03-18T10:26:16+00:00","og_image":[{"width":815,"height":815,"url":"https:\/\/franciscanos.org.br\/noticias\/wp-content\/uploads\/2024\/03\/Elisabetta-Jacobucci-e1710508103374.jpeg","type":"image\/jpeg"}],"author":"Jo\u00e3o Vitor","twitter_card":"summary_large_image","twitter_misc":{"Escrito por":"Jo\u00e3o Vitor","Est. tempo de leitura":"1 minuto"},"schema":{"@context":"https:\/\/schema.org","@graph":[{"@type":"WebSite","@id":"https:\/\/franciscanos.org.br\/noticias\/#website","url":"https:\/\/franciscanos.org.br\/noticias\/","name":"Not\u00edcias - Franciscanos","description":"Prov\u00edncia Franciscana da Imaculada Concei\u00e7\u00e3o do Brasil - Ordem dos Frades Menores - OFM","potentialAction":[{"@type":"SearchAction","target":{"@type":"EntryPoint","urlTemplate":"https:\/\/franciscanos.org.br\/noticias\/?s={search_term_string}"},"query-input":"required name=search_term_string"}],"inLanguage":"pt-BR"},{"@type":"ImageObject","inLanguage":"pt-BR","@id":"https:\/\/franciscanos.org.br\/noticias\/veneravel-elisabetta-jacobucci-aprovacao-do-decreto-de-virtude.html#primaryimage","url":"https:\/\/franciscanos.org.br\/noticias\/wp-content\/uploads\/2024\/03\/Elisabetta-Jacobucci-e1710508103374.jpeg","contentUrl":"https:\/\/franciscanos.org.br\/noticias\/wp-content\/uploads\/2024\/03\/Elisabetta-Jacobucci-e1710508103374.jpeg","width":815,"height":815},{"@type":"WebPage","@id":"https:\/\/franciscanos.org.br\/noticias\/veneravel-elisabetta-jacobucci-aprovacao-do-decreto-de-virtude.html#webpage","url":"https:\/\/franciscanos.org.br\/noticias\/veneravel-elisabetta-jacobucci-aprovacao-do-decreto-de-virtude.html","name":"Vener\u00e1vel Elisabetta Jacobucci - Aprova\u00e7\u00e3o do Decreto de Virtude - Not\u00edcias - Franciscanos","isPartOf":{"@id":"https:\/\/franciscanos.org.br\/noticias\/#website"},"primaryImageOfPage":{"@id":"https:\/\/franciscanos.org.br\/noticias\/veneravel-elisabetta-jacobucci-aprovacao-do-decreto-de-virtude.html#primaryimage"},"datePublished":"2024-03-15T13:02:12+00:00","dateModified":"2024-03-18T10:26:16+00:00","author":{"@id":"https:\/\/franciscanos.org.br\/noticias\/#\/schema\/person\/8c11f06a466b856a11dd48d20600055f"},"breadcrumb":{"@id":"https:\/\/franciscanos.org.br\/noticias\/veneravel-elisabetta-jacobucci-aprovacao-do-decreto-de-virtude.html#breadcrumb"},"inLanguage":"pt-BR","potentialAction":[{"@type":"ReadAction","target":["https:\/\/franciscanos.org.br\/noticias\/veneravel-elisabetta-jacobucci-aprovacao-do-decreto-de-virtude.html"]}]},{"@type":"BreadcrumbList","@id":"https:\/\/franciscanos.org.br\/noticias\/veneravel-elisabetta-jacobucci-aprovacao-do-decreto-de-virtude.html#breadcrumb","itemListElement":[{"@type":"ListItem","position":1,"name":"Home","item":"https:\/\/franciscanos.org.br\/noticias"},{"@type":"ListItem","position":2,"name":"Vener\u00e1vel Elisabetta Jacobucci &#8211; Aprova\u00e7\u00e3o do Decreto de Virtude"}]},{"@type":"Person","@id":"https:\/\/franciscanos.org.br\/noticias\/#\/schema\/person\/8c11f06a466b856a11dd48d20600055f","name":"Jo\u00e3o Vitor","image":{"@type":"ImageObject","inLanguage":"pt-BR","@id":"https:\/\/franciscanos.org.br\/noticias\/#\/schema\/person\/image\/","url":"https:\/\/secure.gravatar.com\/avatar\/10ba5c9713e0c323617b4309a19e3a46?s=96&d=mm&r=g","contentUrl":"https:\/\/secure.gravatar.com\/avatar\/10ba5c9713e0c323617b4309a19e3a46?s=96&d=mm&r=g","caption":"Jo\u00e3o Vitor"},"url":"https:\/\/franciscanos.org.br\/noticias\/author\/joaovitor"}]}},"_links":{"self":[{"href":"https:\/\/franciscanos.org.br\/noticias\/wp-json\/wp\/v2\/posts\/246680"}],"collection":[{"href":"https:\/\/franciscanos.org.br\/noticias\/wp-json\/wp\/v2\/posts"}],"about":[{"href":"https:\/\/franciscanos.org.br\/noticias\/wp-json\/wp\/v2\/types\/post"}],"author":[{"embeddable":true,"href":"https:\/\/franciscanos.org.br\/noticias\/wp-json\/wp\/v2\/users\/10"}],"replies":[{"embeddable":true,"href":"https:\/\/franciscanos.org.br\/noticias\/wp-json\/wp\/v2\/comments?post=246680"}],"version-history":[{"count":3,"href":"https:\/\/franciscanos.org.br\/noticias\/wp-json\/wp\/v2\/posts\/246680\/revisions"}],"predecessor-version":[{"id":246700,"href":"https:\/\/franciscanos.org.br\/noticias\/wp-json\/wp\/v2\/posts\/246680\/revisions\/246700"}],"wp:featuredmedia":[{"embeddable":true,"href":"https:\/\/franciscanos.org.br\/noticias\/wp-json\/wp\/v2\/media\/246684"}],"wp:attachment":[{"href":"https:\/\/franciscanos.org.br\/noticias\/wp-json\/wp\/v2\/media?parent=246680"}],"wp:term":[{"taxonomy":"category","embeddable":true,"href":"https:\/\/franciscanos.org.br\/noticias\/wp-json\/wp\/v2\/categories?post=246680"},{"taxonomy":"post_tag","embeddable":true,"href":"https:\/\/franciscanos.org.br\/noticias\/wp-json\/wp\/v2\/tags?post=246680"}],"curies":[{"name":"wp","href":"https:\/\/api.w.org\/{rel}","templated":true}]}}